{"id":77508,"date":"2025-12-09T13:12:55","date_gmt":"2025-12-09T12:12:55","guid":{"rendered":"https:\/\/lasentinelle.dz\/?p=77508"},"modified":"2025-12-09T13:12:56","modified_gmt":"2025-12-09T12:12:56","slug":"le-president-tebboune-dirige-une-reunion-sur-le-film-consacre-a-lemir-abdelkader","status":"publish","type":"post","link":"https:\/\/lasentinelle.dz\/index.php\/2025\/12\/09\/le-president-tebboune-dirige-une-reunion-sur-le-film-consacre-a-lemir-abdelkader\/","title":{"rendered":"Le Pr\u00e9sident Tebboune dirige une r\u00e9union sur le film consacr\u00e9 \u00e0 l&rsquo;\u00c9mir Abdelkader"},"content":{"rendered":"\n<p>Le pr\u00e9sident de la R\u00e9publique, Abdelmadjid Tebboune, a pr\u00e9sid\u00e9 dimanche une r\u00e9union consacr\u00e9e au projet de film sur l&rsquo;\u00c9mir Abdelkader et \u00e0 la relance de l&rsquo;industrie cin\u00e9matographique en Alg\u00e9rie. Cette rencontre, qui s&rsquo;inscrit dans la volont\u00e9 de redynamiser le secteur du cin\u00e9ma national, a r\u00e9uni plusieurs hauts responsables dont Boualem Boualem, directeur de cabinet de la pr\u00e9sidence de la R\u00e9publique, Kamel Sidi Sa\u00efd, conseiller charg\u00e9 de la direction g\u00e9n\u00e9rale de la communication, Malika Bendouda, ministre de la Culture et des Arts, ainsi que Fay\u00e7al Metaoui, charg\u00e9 de mission \u00e0 la pr\u00e9sidence pour le secteur du cin\u00e9ma. \u00c9taient \u00e9galement pr\u00e9sents Abdelkader Djemaa, conseiller aupr\u00e8s de la ministre de la Culture, Salim Aggar, directeur de la Fondation \u00c9mir Abdelkader, et Anouar Hadj Sma\u00efl, producteur et r\u00e9alisateur. Ce projet de film sur la figure historique de l&rsquo;\u00c9mir Abdelkader s&rsquo;inscrit dans une d\u00e9marche plus large visant \u00e0 redonner un souffle \u00e0 l&rsquo;industrie cin\u00e9matographique alg\u00e9rienne.<\/p>\n\n\n\n<p>R.N.<\/p>\n","protected":false},"excerpt":{"rendered":"<p>Le pr\u00e9sident de la R\u00e9publique, Abdelmadjid Tebboune, a pr\u00e9sid\u00e9 dimanche une r\u00e9union consacr\u00e9e au projet de film sur l&rsquo;\u00c9mir Abdelkader<\/p>\n","protected":false},"author":6,"featured_media":77510,"comment_status":"open","ping_status":"closed","sticky":false,"template":"","format":"standard","meta":{"colormag_page_container_layout":"default_layout","colormag_page_sidebar_layout":"default_layout","om_disable_all_campaigns":false,"_monsterinsights_skip_tracking":false,"_monsterinsights_sitenote_active":false,"_monsterinsights_sitenote_note":"","_monsterinsights_sitenote_category":0,"footnotes":"","_wpscppro_dont_share_socialmedia":false,"_wpscppro_custom_social_share_image":0,"_facebook_share_type":"default","_twitter_share_type":"default","_linkedin_share_type":"default","_pinterest_share_type":"default","_linkedin_share_type_page":"","_instagram_share_type":"default","_medium_share_type":"default","_threads_share_type":"default","_google_business_share_type":"default","_selected_social_profile":[],"_wpsp_enable_custom_social_template":false,"_wpsp_social_scheduling":{"enabled":false,"datetime":null,"platforms":[],"status":"template_only","dateOption":"today","timeOption":"now","customDays":"","customHours":"","customDate":"","customTime":"","schedulingType":"absolute"},"_wpsp_active_default_template":true},"categories":[36],"tags":[],"class_list":["post-77508","post","type-post","status-publish","format-standard","has-post-thumbnail","hentry","category-culture"],"aioseo_notices":[],"yoast_head":"<!-- This site is optimized with the Yoast SEO plugin v27.5 - https:\/\/yoast.com\/product\/yoast-seo-wordpress\/ -->\n<title>Le Pr\u00e9sident Tebboune dirige une r\u00e9union sur le film consacr\u00e9 \u00e0 l&rsquo;\u00c9mir Abdelkader - La Sentinelle<\/title>\n<meta name=\"robots\" content=\"index, follow, max-snippet:-1, max-image-preview:large, max-video-preview:-1\" \/>\n<link rel=\"canonical\" href=\"https:\/\/lasentinelle.dz\/index.php\/2025\/12\/09\/le-president-tebboune-dirige-une-reunion-sur-le-film-consacre-a-lemir-abdelkader\/\" \/>\n<meta property=\"og:locale\" content=\"fr_FR\" \/>\n<meta property=\"og:type\" content=\"article\" \/>\n<meta property=\"og:title\" content=\"Le Pr\u00e9sident Tebboune dirige une r\u00e9union sur le film consacr\u00e9 \u00e0 l&rsquo;\u00c9mir Abdelkader - La Sentinelle\" \/>\n<meta property=\"og:description\" content=\"Le pr\u00e9sident de la R\u00e9publique, Abdelmadjid Tebboune, a pr\u00e9sid\u00e9 dimanche une r\u00e9union consacr\u00e9e au projet de film sur l&rsquo;\u00c9mir Abdelkader\" \/>\n<meta property=\"og:url\" content=\"https:\/\/lasentinelle.dz\/index.php\/2025\/12\/09\/le-president-tebboune-dirige-une-reunion-sur-le-film-consacre-a-lemir-abdelkader\/\" \/>\n<meta property=\"og:site_name\" content=\"La Sentinelle\" \/>\n<meta property=\"article:publisher\" content=\"https:\/\/www.facebook.com\/La-Sentinelle-104059864394773\" \/>\n<meta property=\"article:published_time\" content=\"2025-12-09T12:12:55+00:00\" \/>\n<meta property=\"article:modified_time\" content=\"2025-12-09T12:12:56+00:00\" \/>\n<meta property=\"og:image\" content=\"https:\/\/lasentinelle.dz\/wp-content\/uploads\/2025\/12\/597290196_1287201696774888_5416823430072270865_n.jpeg\" \/>\n\t<meta property=\"og:image:width\" content=\"2048\" \/>\n\t<meta property=\"og:image:height\" content=\"1366\" \/>\n\t<meta property=\"og:image:type\" content=\"image\/jpeg\" \/>\n<meta name=\"author\" content=\"admin\" \/>\n<meta name=\"twitter:card\" content=\"summary_large_image\" \/>\n<meta name=\"twitter:label1\" content=\"\u00c9crit par\" \/>\n\t<meta name=\"twitter:data1\" content=\"admin\" \/>\n\t<meta name=\"twitter:label2\" content=\"Dur\u00e9e de lecture estim\u00e9e\" \/>\n\t<meta name=\"twitter:data2\" content=\"1 minute\" \/>\n<script type=\"application\/ld+json\" class=\"yoast-schema-graph\">{\"@context\":\"https:\\\/\\\/schema.org\",\"@graph\":[{\"@type\":\"Article\",\"@id\":\"https:\\\/\\\/lasentinelle.dz\\\/index.php\\\/2025\\\/12\\\/09\\\/le-president-tebboune-dirige-une-reunion-sur-le-film-consacre-a-lemir-abdelkader\\\/#article\",\"isPartOf\":{\"@id\":\"https:\\\/\\\/lasentinelle.dz\\\/index.php\\\/2025\\\/12\\\/09\\\/le-president-tebboune-dirige-une-reunion-sur-le-film-consacre-a-lemir-abdelkader\\\/\"},\"author\":{\"name\":\"admin\",\"@id\":\"https:\\\/\\\/lasentinelle.dz\\\/#\\\/schema\\\/person\\\/729ee0024f24e0b8c5ec17232f8e8b41\"},\"headline\":\"Le Pr\u00e9sident Tebboune dirige une r\u00e9union sur le film consacr\u00e9 \u00e0 l&rsquo;\u00c9mir Abdelkader\",\"datePublished\":\"2025-12-09T12:12:55+00:00\",\"dateModified\":\"2025-12-09T12:12:56+00:00\",\"mainEntityOfPage\":{\"@id\":\"https:\\\/\\\/lasentinelle.dz\\\/index.php\\\/2025\\\/12\\\/09\\\/le-president-tebboune-dirige-une-reunion-sur-le-film-consacre-a-lemir-abdelkader\\\/\"},\"wordCount\":194,\"commentCount\":0,\"publisher\":{\"@id\":\"https:\\\/\\\/lasentinelle.dz\\\/#organization\"},\"image\":{\"@id\":\"https:\\\/\\\/lasentinelle.dz\\\/index.php\\\/2025\\\/12\\\/09\\\/le-president-tebboune-dirige-une-reunion-sur-le-film-consacre-a-lemir-abdelkader\\\/#primaryimage\"},\"thumbnailUrl\":\"https:\\\/\\\/lasentinelle.dz\\\/wp-content\\\/uploads\\\/2025\\\/12\\\/597290196_1287201696774888_5416823430072270865_n.jpeg\",\"articleSection\":[\"Culture\"],\"inLanguage\":\"fr-FR\",\"potentialAction\":[{\"@type\":\"CommentAction\",\"name\":\"Comment\",\"target\":[\"https:\\\/\\\/lasentinelle.dz\\\/index.php\\\/2025\\\/12\\\/09\\\/le-president-tebboune-dirige-une-reunion-sur-le-film-consacre-a-lemir-abdelkader\\\/#respond\"]}]},{\"@type\":\"WebPage\",\"@id\":\"https:\\\/\\\/lasentinelle.dz\\\/index.php\\\/2025\\\/12\\\/09\\\/le-president-tebboune-dirige-une-reunion-sur-le-film-consacre-a-lemir-abdelkader\\\/\",\"url\":\"https:\\\/\\\/lasentinelle.dz\\\/index.php\\\/2025\\\/12\\\/09\\\/le-president-tebboune-dirige-une-reunion-sur-le-film-consacre-a-lemir-abdelkader\\\/\",\"name\":\"Le Pr\u00e9sident Tebboune dirige une r\u00e9union sur le film consacr\u00e9 \u00e0 l&rsquo;\u00c9mir Abdelkader - La Sentinelle\",\"isPartOf\":{\"@id\":\"https:\\\/\\\/lasentinelle.dz\\\/#website\"},\"primaryImageOfPage\":{\"@id\":\"https:\\\/\\\/lasentinelle.dz\\\/index.php\\\/2025\\\/12\\\/09\\\/le-president-tebboune-dirige-une-reunion-sur-le-film-consacre-a-lemir-abdelkader\\\/#primaryimage\"},\"image\":{\"@id\":\"https:\\\/\\\/lasentinelle.dz\\\/index.php\\\/2025\\\/12\\\/09\\\/le-president-tebboune-dirige-une-reunion-sur-le-film-consacre-a-lemir-abdelkader\\\/#primaryimage\"},\"thumbnailUrl\":\"https:\\\/\\\/lasentinelle.dz\\\/wp-content\\\/uploads\\\/2025\\\/12\\\/597290196_1287201696774888_5416823430072270865_n.jpeg\",\"datePublished\":\"2025-12-09T12:12:55+00:00\",\"dateModified\":\"2025-12-09T12:12:56+00:00\",\"breadcrumb\":{\"@id\":\"https:\\\/\\\/lasentinelle.dz\\\/index.php\\\/2025\\\/12\\\/09\\\/le-president-tebboune-dirige-une-reunion-sur-le-film-consacre-a-lemir-abdelkader\\\/#breadcrumb\"},\"inLanguage\":\"fr-FR\",\"potentialAction\":[{\"@type\":\"ReadAction\",\"target\":[\"https:\\\/\\\/lasentinelle.dz\\\/index.php\\\/2025\\\/12\\\/09\\\/le-president-tebboune-dirige-une-reunion-sur-le-film-consacre-a-lemir-abdelkader\\\/\"]}]},{\"@type\":\"ImageObject\",\"inLanguage\":\"fr-FR\",\"@id\":\"https:\\\/\\\/lasentinelle.dz\\\/index.php\\\/2025\\\/12\\\/09\\\/le-president-tebboune-dirige-une-reunion-sur-le-film-consacre-a-lemir-abdelkader\\\/#primaryimage\",\"url\":\"https:\\\/\\\/lasentinelle.dz\\\/wp-content\\\/uploads\\\/2025\\\/12\\\/597290196_1287201696774888_5416823430072270865_n.jpeg\",\"contentUrl\":\"https:\\\/\\\/lasentinelle.dz\\\/wp-content\\\/uploads\\\/2025\\\/12\\\/597290196_1287201696774888_5416823430072270865_n.jpeg\",\"width\":2048,\"height\":1366},{\"@type\":\"BreadcrumbList\",\"@id\":\"https:\\\/\\\/lasentinelle.dz\\\/index.php\\\/2025\\\/12\\\/09\\\/le-president-tebboune-dirige-une-reunion-sur-le-film-consacre-a-lemir-abdelkader\\\/#breadcrumb\",\"itemListElement\":[{\"@type\":\"ListItem\",\"position\":1,\"name\":\"Accueil\",\"item\":\"https:\\\/\\\/lasentinelle.dz\\\/\"},{\"@type\":\"ListItem\",\"position\":2,\"name\":\"Le Pr\u00e9sident Tebboune dirige une r\u00e9union sur le film consacr\u00e9 \u00e0 l&rsquo;\u00c9mir Abdelkader\"}]},{\"@type\":\"WebSite\",\"@id\":\"https:\\\/\\\/lasentinelle.dz\\\/#website\",\"url\":\"https:\\\/\\\/lasentinelle.dz\\\/\",\"name\":\"La Sentinelle\",\"description\":\"Quotidien national d&#039;information\",\"publisher\":{\"@id\":\"https:\\\/\\\/lasentinelle.dz\\\/#organization\"},\"potentialAction\":[{\"@type\":\"SearchAction\",\"target\":{\"@type\":\"EntryPoint\",\"urlTemplate\":\"https:\\\/\\\/lasentinelle.dz\\\/?s={search_term_string}\"},\"query-input\":{\"@type\":\"PropertyValueSpecification\",\"valueRequired\":true,\"valueName\":\"search_term_string\"}}],\"inLanguage\":\"fr-FR\"},{\"@type\":\"Organization\",\"@id\":\"https:\\\/\\\/lasentinelle.dz\\\/#organization\",\"name\":\"Quotidien La Sentinelle\",\"url\":\"https:\\\/\\\/lasentinelle.dz\\\/\",\"logo\":{\"@type\":\"ImageObject\",\"inLanguage\":\"fr-FR\",\"@id\":\"https:\\\/\\\/lasentinelle.dz\\\/#\\\/schema\\\/logo\\\/image\\\/\",\"url\":\"https:\\\/\\\/lasentinelle.dz\\\/wp-content\\\/uploads\\\/2021\\\/09\\\/logo-sentinelleSLOGAN-1.png\",\"contentUrl\":\"https:\\\/\\\/lasentinelle.dz\\\/wp-content\\\/uploads\\\/2021\\\/09\\\/logo-sentinelleSLOGAN-1.png\",\"width\":615,\"height\":142,\"caption\":\"Quotidien La Sentinelle\"},\"image\":{\"@id\":\"https:\\\/\\\/lasentinelle.dz\\\/#\\\/schema\\\/logo\\\/image\\\/\"},\"sameAs\":[\"https:\\\/\\\/www.facebook.com\\\/La-Sentinelle-104059864394773\"]},{\"@type\":\"Person\",\"@id\":\"https:\\\/\\\/lasentinelle.dz\\\/#\\\/schema\\\/person\\\/729ee0024f24e0b8c5ec17232f8e8b41\",\"name\":\"admin\",\"image\":{\"@type\":\"ImageObject\",\"inLanguage\":\"fr-FR\",\"@id\":\"https:\\\/\\\/secure.gravatar.com\\\/avatar\\\/4c81fed838786e9b53f540bf46533e750f5d292099ae3b66cfc6fb1982e29df7?s=96&d=mm&r=g\",\"url\":\"https:\\\/\\\/secure.gravatar.com\\\/avatar\\\/4c81fed838786e9b53f540bf46533e750f5d292099ae3b66cfc6fb1982e29df7?s=96&d=mm&r=g\",\"contentUrl\":\"https:\\\/\\\/secure.gravatar.com\\\/avatar\\\/4c81fed838786e9b53f540bf46533e750f5d292099ae3b66cfc6fb1982e29df7?s=96&d=mm&r=g\",\"caption\":\"admin\"},\"description\":\"admin\",\"url\":\"https:\\\/\\\/lasentinelle.dz\\\/author\\\/admin\\\/\"}]}<\/script>\n<!-- \/ Yoast SEO plugin. -->","yoast_head_json":{"title":"Le Pr\u00e9sident Tebboune dirige une r\u00e9union sur le film consacr\u00e9 \u00e0 l&rsquo;\u00c9mir Abdelkader - La Sentinelle","robots":{"index":"index","follow":"follow","max-snippet":"max-snippet:-1","max-image-preview":"max-image-preview:large","max-video-preview":"max-video-preview:-1"},"canonical":"https:\/\/lasentinelle.dz\/index.php\/2025\/12\/09\/le-president-tebboune-dirige-une-reunion-sur-le-film-consacre-a-lemir-abdelkader\/","og_locale":"fr_FR","og_type":"article","og_title":"Le Pr\u00e9sident Tebboune dirige une r\u00e9union sur le film consacr\u00e9 \u00e0 l&rsquo;\u00c9mir Abdelkader - La Sentinelle","og_description":"Le pr\u00e9sident de la R\u00e9publique, Abdelmadjid Tebboune, a pr\u00e9sid\u00e9 dimanche une r\u00e9union consacr\u00e9e au projet de film sur l&rsquo;\u00c9mir Abdelkader","og_url":"https:\/\/lasentinelle.dz\/index.php\/2025\/12\/09\/le-president-tebboune-dirige-une-reunion-sur-le-film-consacre-a-lemir-abdelkader\/","og_site_name":"La Sentinelle","article_publisher":"https:\/\/www.facebook.com\/La-Sentinelle-104059864394773","article_published_time":"2025-12-09T12:12:55+00:00","article_modified_time":"2025-12-09T12:12:56+00:00","og_image":[{"width":2048,"height":1366,"url":"https:\/\/lasentinelle.dz\/wp-content\/uploads\/2025\/12\/597290196_1287201696774888_5416823430072270865_n.jpeg","type":"image\/jpeg"}],"author":"admin","twitter_card":"summary_large_image","twitter_misc":{"\u00c9crit par":"admin","Dur\u00e9e de lecture estim\u00e9e":"1 minute"},"schema":{"@context":"https:\/\/schema.org","@graph":[{"@type":"Article","@id":"https:\/\/lasentinelle.dz\/index.php\/2025\/12\/09\/le-president-tebboune-dirige-une-reunion-sur-le-film-consacre-a-lemir-abdelkader\/#article","isPartOf":{"@id":"https:\/\/lasentinelle.dz\/index.php\/2025\/12\/09\/le-president-tebboune-dirige-une-reunion-sur-le-film-consacre-a-lemir-abdelkader\/"},"author":{"name":"admin","@id":"https:\/\/lasentinelle.dz\/#\/schema\/person\/729ee0024f24e0b8c5ec17232f8e8b41"},"headline":"Le Pr\u00e9sident Tebboune dirige une r\u00e9union sur le film consacr\u00e9 \u00e0 l&rsquo;\u00c9mir Abdelkader","datePublished":"2025-12-09T12:12:55+00:00","dateModified":"2025-12-09T12:12:56+00:00","mainEntityOfPage":{"@id":"https:\/\/lasentinelle.dz\/index.php\/2025\/12\/09\/le-president-tebboune-dirige-une-reunion-sur-le-film-consacre-a-lemir-abdelkader\/"},"wordCount":194,"commentCount":0,"publisher":{"@id":"https:\/\/lasentinelle.dz\/#organization"},"image":{"@id":"https:\/\/lasentinelle.dz\/index.php\/2025\/12\/09\/le-president-tebboune-dirige-une-reunion-sur-le-film-consacre-a-lemir-abdelkader\/#primaryimage"},"thumbnailUrl":"https:\/\/lasentinelle.dz\/wp-content\/uploads\/2025\/12\/597290196_1287201696774888_5416823430072270865_n.jpeg","articleSection":["Culture"],"inLanguage":"fr-FR","potentialAction":[{"@type":"CommentAction","name":"Comment","target":["https:\/\/lasentinelle.dz\/index.php\/2025\/12\/09\/le-president-tebboune-dirige-une-reunion-sur-le-film-consacre-a-lemir-abdelkader\/#respond"]}]},{"@type":"WebPage","@id":"https:\/\/lasentinelle.dz\/index.php\/2025\/12\/09\/le-president-tebboune-dirige-une-reunion-sur-le-film-consacre-a-lemir-abdelkader\/","url":"https:\/\/lasentinelle.dz\/index.php\/2025\/12\/09\/le-president-tebboune-dirige-une-reunion-sur-le-film-consacre-a-lemir-abdelkader\/","name":"Le Pr\u00e9sident Tebboune dirige une r\u00e9union sur le film consacr\u00e9 \u00e0 l&rsquo;\u00c9mir Abdelkader - La Sentinelle","isPartOf":{"@id":"https:\/\/lasentinelle.dz\/#website"},"primaryImageOfPage":{"@id":"https:\/\/lasentinelle.dz\/index.php\/2025\/12\/09\/le-president-tebboune-dirige-une-reunion-sur-le-film-consacre-a-lemir-abdelkader\/#primaryimage"},"image":{"@id":"https:\/\/lasentinelle.dz\/index.php\/2025\/12\/09\/le-president-tebboune-dirige-une-reunion-sur-le-film-consacre-a-lemir-abdelkader\/#primaryimage"},"thumbnailUrl":"https:\/\/lasentinelle.dz\/wp-content\/uploads\/2025\/12\/597290196_1287201696774888_5416823430072270865_n.jpeg","datePublished":"2025-12-09T12:12:55+00:00","dateModified":"2025-12-09T12:12:56+00:00","breadcrumb":{"@id":"https:\/\/lasentinelle.dz\/index.php\/2025\/12\/09\/le-president-tebboune-dirige-une-reunion-sur-le-film-consacre-a-lemir-abdelkader\/#breadcrumb"},"inLanguage":"fr-FR","potentialAction":[{"@type":"ReadAction","target":["https:\/\/lasentinelle.dz\/index.php\/2025\/12\/09\/le-president-tebboune-dirige-une-reunion-sur-le-film-consacre-a-lemir-abdelkader\/"]}]},{"@type":"ImageObject","inLanguage":"fr-FR","@id":"https:\/\/lasentinelle.dz\/index.php\/2025\/12\/09\/le-president-tebboune-dirige-une-reunion-sur-le-film-consacre-a-lemir-abdelkader\/#primaryimage","url":"https:\/\/lasentinelle.dz\/wp-content\/uploads\/2025\/12\/597290196_1287201696774888_5416823430072270865_n.jpeg","contentUrl":"https:\/\/lasentinelle.dz\/wp-content\/uploads\/2025\/12\/597290196_1287201696774888_5416823430072270865_n.jpeg","width":2048,"height":1366},{"@type":"BreadcrumbList","@id":"https:\/\/lasentinelle.dz\/index.php\/2025\/12\/09\/le-president-tebboune-dirige-une-reunion-sur-le-film-consacre-a-lemir-abdelkader\/#breadcrumb","itemListElement":[{"@type":"ListItem","position":1,"name":"Accueil","item":"https:\/\/lasentinelle.dz\/"},{"@type":"ListItem","position":2,"name":"Le Pr\u00e9sident Tebboune dirige une r\u00e9union sur le film consacr\u00e9 \u00e0 l&rsquo;\u00c9mir Abdelkader"}]},{"@type":"WebSite","@id":"https:\/\/lasentinelle.dz\/#website","url":"https:\/\/lasentinelle.dz\/","name":"La Sentinelle","description":"Quotidien national d&#039;information","publisher":{"@id":"https:\/\/lasentinelle.dz\/#organization"},"potentialAction":[{"@type":"SearchAction","target":{"@type":"EntryPoint","urlTemplate":"https:\/\/lasentinelle.dz\/?s={search_term_string}"},"query-input":{"@type":"PropertyValueSpecification","valueRequired":true,"valueName":"search_term_string"}}],"inLanguage":"fr-FR"},{"@type":"Organization","@id":"https:\/\/lasentinelle.dz\/#organization","name":"Quotidien La Sentinelle","url":"https:\/\/lasentinelle.dz\/","logo":{"@type":"ImageObject","inLanguage":"fr-FR","@id":"https:\/\/lasentinelle.dz\/#\/schema\/logo\/image\/","url":"https:\/\/lasentinelle.dz\/wp-content\/uploads\/2021\/09\/logo-sentinelleSLOGAN-1.png","contentUrl":"https:\/\/lasentinelle.dz\/wp-content\/uploads\/2021\/09\/logo-sentinelleSLOGAN-1.png","width":615,"height":142,"caption":"Quotidien La Sentinelle"},"image":{"@id":"https:\/\/lasentinelle.dz\/#\/schema\/logo\/image\/"},"sameAs":["https:\/\/www.facebook.com\/La-Sentinelle-104059864394773"]},{"@type":"Person","@id":"https:\/\/lasentinelle.dz\/#\/schema\/person\/729ee0024f24e0b8c5ec17232f8e8b41","name":"admin","image":{"@type":"ImageObject","inLanguage":"fr-FR","@id":"https:\/\/secure.gravatar.com\/avatar\/4c81fed838786e9b53f540bf46533e750f5d292099ae3b66cfc6fb1982e29df7?s=96&d=mm&r=g","url":"https:\/\/secure.gravatar.com\/avatar\/4c81fed838786e9b53f540bf46533e750f5d292099ae3b66cfc6fb1982e29df7?s=96&d=mm&r=g","contentUrl":"https:\/\/secure.gravatar.com\/avatar\/4c81fed838786e9b53f540bf46533e750f5d292099ae3b66cfc6fb1982e29df7?s=96&d=mm&r=g","caption":"admin"},"description":"admin","url":"https:\/\/lasentinelle.dz\/author\/admin\/"}]}},"_links":{"self":[{"href":"https:\/\/lasentinelle.dz\/index.php\/wp-json\/wp\/v2\/posts\/77508","targetHints":{"allow":["GET"]}}],"collection":[{"href":"https:\/\/lasentinelle.dz\/index.php\/wp-json\/wp\/v2\/posts"}],"about":[{"href":"https:\/\/lasentinelle.dz\/index.php\/wp-json\/wp\/v2\/types\/post"}],"author":[{"embeddable":true,"href":"https:\/\/lasentinelle.dz\/index.php\/wp-json\/wp\/v2\/users\/6"}],"replies":[{"embeddable":true,"href":"https:\/\/lasentinelle.dz\/index.php\/wp-json\/wp\/v2\/comments?post=77508"}],"version-history":[{"count":2,"href":"https:\/\/lasentinelle.dz\/index.php\/wp-json\/wp\/v2\/posts\/77508\/revisions"}],"predecessor-version":[{"id":77512,"href":"https:\/\/lasentinelle.dz\/index.php\/wp-json\/wp\/v2\/posts\/77508\/revisions\/77512"}],"wp:featuredmedia":[{"embeddable":true,"href":"https:\/\/lasentinelle.dz\/index.php\/wp-json\/wp\/v2\/media\/77510"}],"wp:attachment":[{"href":"https:\/\/lasentinelle.dz\/index.php\/wp-json\/wp\/v2\/media?parent=77508"}],"wp:term":[{"taxonomy":"category","embeddable":true,"href":"https:\/\/lasentinelle.dz\/index.php\/wp-json\/wp\/v2\/categories?post=77508"},{"taxonomy":"post_tag","embeddable":true,"href":"https:\/\/lasentinelle.dz\/index.php\/wp-json\/wp\/v2\/tags?post=77508"}],"curies":[{"name":"wp","href":"https:\/\/api.w.org\/{rel}","templated":true}]}}