{"id":77513,"date":"2025-12-09T13:14:37","date_gmt":"2025-12-09T12:14:37","guid":{"rendered":"https:\/\/lasentinelle.dz\/?p=77513"},"modified":"2025-12-09T13:14:38","modified_gmt":"2025-12-09T12:14:38","slug":"aadl-3-le-programme-lance-dans-sept-wilayas","status":"publish","type":"post","link":"https:\/\/lasentinelle.dz\/index.php\/2025\/12\/09\/aadl-3-le-programme-lance-dans-sept-wilayas\/","title":{"rendered":"AADL-3\u00a0: Le programme lanc\u00e9 dans sept wilayas"},"content":{"rendered":"\n<p>Le programme national de logements location-vente AADL-3 poursuit son d\u00e9ploiement \u00e0 travers le territoire national avec le lancement, lundi \u00e0 Laghouat et Aflou, d&rsquo;un projet de 1150 unit\u00e9s, portant \u00e0 17 600 le nombre total de logements dont les travaux ont d\u00e9marr\u00e9 dans sept wilayas depuis l&rsquo;impulsion donn\u00e9e par le pr\u00e9sident de la R\u00e9publique le 20 novembre dernier \u00e0 Constantine. Cette mont\u00e9e en cadence t\u00e9moigne de la volont\u00e9 des pouvoirs publics de r\u00e9pondre \u00e0 la demande des m\u00e9nages \u00e0 revenus moyens tout en stimulant l&rsquo;activit\u00e9 \u00e9conomique locale. Le directeur g\u00e9n\u00e9ral de l&rsquo;Agence alg\u00e9rienne d&rsquo;am\u00e9lioration et de d\u00e9veloppement du logement (AADL), Riyad Guemdani, accompagn\u00e9 du wali de Laghouat Mohamed Benmalek, a proc\u00e9d\u00e9 \u00e0 la pose de la premi\u00e8re pierre de trois chantiers totalisant 1150 logements, r\u00e9partis entre 650 unit\u00e9s dans le chef-lieu de wilaya, 350 autres \u00e9galement \u00e0 Laghouat et 150 \u00e0 Aflou. Cette op\u00e9ration s&rsquo;inscrit dans le cadre du renforcement de l&rsquo;offre nationale de logements et de l&rsquo;am\u00e9lioration du cadre de vie des citoyens, particuli\u00e8rement les cat\u00e9gories \u00e0 revenus moyens pour lesquelles cette formule a \u00e9t\u00e9 con\u00e7ue. Intervenant lors de la c\u00e9r\u00e9monie de lancement, Riyad Guemdani a qualifi\u00e9 ces projets d&rsquo;acquis important pour les habitants de la r\u00e9gion \u00e0 revenus moyens, soulignant que cette formule de construction est tr\u00e8s sollicit\u00e9e car elle concilie pouvoir d&rsquo;achat et qualit\u00e9 des logements. Le responsable a insist\u00e9 sur le fait que ce programme va au-del\u00e0 de la simple fourniture d&rsquo;unit\u00e9s d&rsquo;habitation, contribuant \u00e9galement \u00e0 induire une dynamique \u00e9conomique locale en stimulant les secteurs de l&rsquo;habitat et des travaux publics, et en g\u00e9n\u00e9rant des emplois directs et indirects. Le directeur g\u00e9n\u00e9ral de l&rsquo;AADL a pr\u00e9cis\u00e9 que l&rsquo;agence cherche, \u00e0 travers ces programmes, \u00e0 assurer une r\u00e9partition \u00e9quitable des projets d&rsquo;habitat \u00e0 travers les diff\u00e9rentes wilayas du pays, tout en veillant au respect des d\u00e9lais et \u00e0 la qualit\u00e9 de leur r\u00e9alisation, dans le but de concr\u00e9tiser la politique de l&rsquo;\u00c9tat visant \u00e0 am\u00e9liorer la qualit\u00e9 de l&rsquo;urbanisme et son organisation. Il a mis en avant l&rsquo;importance accord\u00e9e \u00e0 la wilaya de Laghouat, eu \u00e9gard \u00e0 la demande enregistr\u00e9e et \u00e0 l&rsquo;extension urbaine qu&rsquo;elle a connue ces derni\u00e8res ann\u00e9es, appelant les entreprises de r\u00e9alisation \u00e0 s&rsquo;impliquer pleinement dans la concr\u00e9tisation de l&rsquo;ambitieux programme AADL-3 selon les normes de qualit\u00e9 requises. Le responsable a \u00e9galement soulign\u00e9 le recours \u00e0 la mati\u00e8re premi\u00e8re alg\u00e9rienne dans l&rsquo;ex\u00e9cution des programmes d&rsquo;habitat, en vue d&rsquo;assurer leur durabilit\u00e9, de soutenir la production nationale et de ma\u00eetriser les co\u00fbts, d\u00e9lais et qualit\u00e9 de r\u00e9alisation. Cette orientation s&rsquo;inscrit dans la strat\u00e9gie plus large de valorisation du contenu local et de r\u00e9duction de la d\u00e9pendance aux importations dans le secteur de la construction.<\/p>\n\n\n\n<p>Le programme AADL-3 avait \u00e9t\u00e9 lanc\u00e9 officiellement par le pr\u00e9sident Abdelmadjid Tebboune le 20 novembre dernier au niveau du p\u00f4le urbain Sicewe \u00e0 Constantine, o\u00f9 8050 unit\u00e9s sont en cours de r\u00e9alisation. Depuis, plusieurs wilayas ont embo\u00eet\u00e9 le pas : Ouargla avec 1600 logements au p\u00f4le urbain El Bekrate, Sa\u00efda avec 2000 unit\u00e9s au p\u00f4le urbain Ouled Khaled, M\u00e9d\u00e9a avec 1400 logements, T\u00e9bessa avec 1000 unit\u00e9s \u00e0 Boulhaf Dyr, et Mascara avec 2400 logements.&nbsp;<\/p>\n\n\n\n<p>R.N.<\/p>\n","protected":false},"excerpt":{"rendered":"<p>Le programme national de logements location-vente AADL-3 poursuit son d\u00e9ploiement \u00e0 travers le territoire national avec le lancement, lundi \u00e0<\/p>\n","protected":false},"author":6,"featured_media":60938,"comment_status":"open","ping_status":"closed","sticky":false,"template":"","format":"standard","meta":{"colormag_page_container_layout":"default_layout","colormag_page_sidebar_layout":"default_layout","om_disable_all_campaigns":false,"_monsterinsights_skip_tracking":false,"_monsterinsights_sitenote_active":false,"_monsterinsights_sitenote_note":"","_monsterinsights_sitenote_category":0,"footnotes":"","_wpscppro_dont_share_socialmedia":false,"_wpscppro_custom_social_share_image":0,"_facebook_share_type":"default","_twitter_share_type":"default","_linkedin_share_type":"default","_pinterest_share_type":"default","_linkedin_share_type_page":"","_instagram_share_type":"default","_medium_share_type":"default","_threads_share_type":"default","_google_business_share_type":"default","_selected_social_profile":[],"_wpsp_enable_custom_social_template":false,"_wpsp_social_scheduling":{"enabled":false,"datetime":null,"platforms":[],"status":"template_only","dateOption":"today","timeOption":"now","customDays":"","customHours":"","customDate":"","customTime":"","schedulingType":"absolute"},"_wpsp_active_default_template":true},"categories":[27],"tags":[],"class_list":["post-77513","post","type-post","status-publish","format-standard","has-post-thumbnail","hentry","category-actualite"],"aioseo_notices":[],"yoast_head":"<!-- This site is optimized with the Yoast SEO plugin v27.5 - https:\/\/yoast.com\/product\/yoast-seo-wordpress\/ -->\n<title>AADL-3\u00a0: Le programme lanc\u00e9 dans sept wilayas - La Sentinelle<\/title>\n<meta name=\"robots\" content=\"index, follow, max-snippet:-1, max-image-preview:large, max-video-preview:-1\" \/>\n<link rel=\"canonical\" href=\"https:\/\/lasentinelle.dz\/index.php\/2025\/12\/09\/aadl-3-le-programme-lance-dans-sept-wilayas\/\" \/>\n<meta property=\"og:locale\" content=\"fr_FR\" \/>\n<meta property=\"og:type\" content=\"article\" \/>\n<meta property=\"og:title\" content=\"AADL-3\u00a0: Le programme lanc\u00e9 dans sept wilayas - La Sentinelle\" \/>\n<meta property=\"og:description\" content=\"Le programme national de logements location-vente AADL-3 poursuit son d\u00e9ploiement \u00e0 travers le territoire national avec le lancement, lundi \u00e0\" \/>\n<meta property=\"og:url\" content=\"https:\/\/lasentinelle.dz\/index.php\/2025\/12\/09\/aadl-3-le-programme-lance-dans-sept-wilayas\/\" \/>\n<meta property=\"og:site_name\" content=\"La Sentinelle\" \/>\n<meta property=\"article:publisher\" content=\"https:\/\/www.facebook.com\/La-Sentinelle-104059864394773\" \/>\n<meta property=\"article:published_time\" content=\"2025-12-09T12:14:37+00:00\" \/>\n<meta property=\"article:modified_time\" content=\"2025-12-09T12:14:38+00:00\" \/>\n<meta property=\"og:image\" content=\"https:\/\/lasentinelle.dz\/wp-content\/uploads\/2024\/12\/AADL.jpeg\" \/>\n\t<meta property=\"og:image:width\" content=\"1189\" \/>\n\t<meta property=\"og:image:height\" content=\"784\" \/>\n\t<meta property=\"og:image:type\" content=\"image\/jpeg\" \/>\n<meta name=\"author\" content=\"admin\" \/>\n<meta name=\"twitter:card\" content=\"summary_large_image\" \/>\n<meta name=\"twitter:label1\" content=\"\u00c9crit par\" \/>\n\t<meta name=\"twitter:data1\" content=\"admin\" \/>\n\t<meta name=\"twitter:label2\" content=\"Dur\u00e9e de lecture estim\u00e9e\" \/>\n\t<meta name=\"twitter:data2\" content=\"3 minutes\" \/>\n<script type=\"application\/ld+json\" class=\"yoast-schema-graph\">{\"@context\":\"https:\\\/\\\/schema.org\",\"@graph\":[{\"@type\":\"Article\",\"@id\":\"https:\\\/\\\/lasentinelle.dz\\\/index.php\\\/2025\\\/12\\\/09\\\/aadl-3-le-programme-lance-dans-sept-wilayas\\\/#article\",\"isPartOf\":{\"@id\":\"https:\\\/\\\/lasentinelle.dz\\\/index.php\\\/2025\\\/12\\\/09\\\/aadl-3-le-programme-lance-dans-sept-wilayas\\\/\"},\"author\":{\"name\":\"admin\",\"@id\":\"https:\\\/\\\/lasentinelle.dz\\\/#\\\/schema\\\/person\\\/729ee0024f24e0b8c5ec17232f8e8b41\"},\"headline\":\"AADL-3\u00a0: Le programme lanc\u00e9 dans sept wilayas\",\"datePublished\":\"2025-12-09T12:14:37+00:00\",\"dateModified\":\"2025-12-09T12:14:38+00:00\",\"mainEntityOfPage\":{\"@id\":\"https:\\\/\\\/lasentinelle.dz\\\/index.php\\\/2025\\\/12\\\/09\\\/aadl-3-le-programme-lance-dans-sept-wilayas\\\/\"},\"wordCount\":580,\"commentCount\":0,\"publisher\":{\"@id\":\"https:\\\/\\\/lasentinelle.dz\\\/#organization\"},\"image\":{\"@id\":\"https:\\\/\\\/lasentinelle.dz\\\/index.php\\\/2025\\\/12\\\/09\\\/aadl-3-le-programme-lance-dans-sept-wilayas\\\/#primaryimage\"},\"thumbnailUrl\":\"https:\\\/\\\/lasentinelle.dz\\\/wp-content\\\/uploads\\\/2024\\\/12\\\/AADL.jpeg\",\"articleSection\":[\"Actualit\u00e9\"],\"inLanguage\":\"fr-FR\",\"potentialAction\":[{\"@type\":\"CommentAction\",\"name\":\"Comment\",\"target\":[\"https:\\\/\\\/lasentinelle.dz\\\/index.php\\\/2025\\\/12\\\/09\\\/aadl-3-le-programme-lance-dans-sept-wilayas\\\/#respond\"]}]},{\"@type\":\"WebPage\",\"@id\":\"https:\\\/\\\/lasentinelle.dz\\\/index.php\\\/2025\\\/12\\\/09\\\/aadl-3-le-programme-lance-dans-sept-wilayas\\\/\",\"url\":\"https:\\\/\\\/lasentinelle.dz\\\/index.php\\\/2025\\\/12\\\/09\\\/aadl-3-le-programme-lance-dans-sept-wilayas\\\/\",\"name\":\"AADL-3\u00a0: Le programme lanc\u00e9 dans sept wilayas - La Sentinelle\",\"isPartOf\":{\"@id\":\"https:\\\/\\\/lasentinelle.dz\\\/#website\"},\"primaryImageOfPage\":{\"@id\":\"https:\\\/\\\/lasentinelle.dz\\\/index.php\\\/2025\\\/12\\\/09\\\/aadl-3-le-programme-lance-dans-sept-wilayas\\\/#primaryimage\"},\"image\":{\"@id\":\"https:\\\/\\\/lasentinelle.dz\\\/index.php\\\/2025\\\/12\\\/09\\\/aadl-3-le-programme-lance-dans-sept-wilayas\\\/#primaryimage\"},\"thumbnailUrl\":\"https:\\\/\\\/lasentinelle.dz\\\/wp-content\\\/uploads\\\/2024\\\/12\\\/AADL.jpeg\",\"datePublished\":\"2025-12-09T12:14:37+00:00\",\"dateModified\":\"2025-12-09T12:14:38+00:00\",\"breadcrumb\":{\"@id\":\"https:\\\/\\\/lasentinelle.dz\\\/index.php\\\/2025\\\/12\\\/09\\\/aadl-3-le-programme-lance-dans-sept-wilayas\\\/#breadcrumb\"},\"inLanguage\":\"fr-FR\",\"potentialAction\":[{\"@type\":\"ReadAction\",\"target\":[\"https:\\\/\\\/lasentinelle.dz\\\/index.php\\\/2025\\\/12\\\/09\\\/aadl-3-le-programme-lance-dans-sept-wilayas\\\/\"]}]},{\"@type\":\"ImageObject\",\"inLanguage\":\"fr-FR\",\"@id\":\"https:\\\/\\\/lasentinelle.dz\\\/index.php\\\/2025\\\/12\\\/09\\\/aadl-3-le-programme-lance-dans-sept-wilayas\\\/#primaryimage\",\"url\":\"https:\\\/\\\/lasentinelle.dz\\\/wp-content\\\/uploads\\\/2024\\\/12\\\/AADL.jpeg\",\"contentUrl\":\"https:\\\/\\\/lasentinelle.dz\\\/wp-content\\\/uploads\\\/2024\\\/12\\\/AADL.jpeg\",\"width\":1189,\"height\":784},{\"@type\":\"BreadcrumbList\",\"@id\":\"https:\\\/\\\/lasentinelle.dz\\\/index.php\\\/2025\\\/12\\\/09\\\/aadl-3-le-programme-lance-dans-sept-wilayas\\\/#breadcrumb\",\"itemListElement\":[{\"@type\":\"ListItem\",\"position\":1,\"name\":\"Accueil\",\"item\":\"https:\\\/\\\/lasentinelle.dz\\\/\"},{\"@type\":\"ListItem\",\"position\":2,\"name\":\"AADL-3\u00a0: Le programme lanc\u00e9 dans sept wilayas\"}]},{\"@type\":\"WebSite\",\"@id\":\"https:\\\/\\\/lasentinelle.dz\\\/#website\",\"url\":\"https:\\\/\\\/lasentinelle.dz\\\/\",\"name\":\"La Sentinelle\",\"description\":\"Quotidien national d&#039;information\",\"publisher\":{\"@id\":\"https:\\\/\\\/lasentinelle.dz\\\/#organization\"},\"potentialAction\":[{\"@type\":\"SearchAction\",\"target\":{\"@type\":\"EntryPoint\",\"urlTemplate\":\"https:\\\/\\\/lasentinelle.dz\\\/?s={search_term_string}\"},\"query-input\":{\"@type\":\"PropertyValueSpecification\",\"valueRequired\":true,\"valueName\":\"search_term_string\"}}],\"inLanguage\":\"fr-FR\"},{\"@type\":\"Organization\",\"@id\":\"https:\\\/\\\/lasentinelle.dz\\\/#organization\",\"name\":\"Quotidien La Sentinelle\",\"url\":\"https:\\\/\\\/lasentinelle.dz\\\/\",\"logo\":{\"@type\":\"ImageObject\",\"inLanguage\":\"fr-FR\",\"@id\":\"https:\\\/\\\/lasentinelle.dz\\\/#\\\/schema\\\/logo\\\/image\\\/\",\"url\":\"https:\\\/\\\/lasentinelle.dz\\\/wp-content\\\/uploads\\\/2021\\\/09\\\/logo-sentinelleSLOGAN-1.png\",\"contentUrl\":\"https:\\\/\\\/lasentinelle.dz\\\/wp-content\\\/uploads\\\/2021\\\/09\\\/logo-sentinelleSLOGAN-1.png\",\"width\":615,\"height\":142,\"caption\":\"Quotidien La Sentinelle\"},\"image\":{\"@id\":\"https:\\\/\\\/lasentinelle.dz\\\/#\\\/schema\\\/logo\\\/image\\\/\"},\"sameAs\":[\"https:\\\/\\\/www.facebook.com\\\/La-Sentinelle-104059864394773\"]},{\"@type\":\"Person\",\"@id\":\"https:\\\/\\\/lasentinelle.dz\\\/#\\\/schema\\\/person\\\/729ee0024f24e0b8c5ec17232f8e8b41\",\"name\":\"admin\",\"image\":{\"@type\":\"ImageObject\",\"inLanguage\":\"fr-FR\",\"@id\":\"https:\\\/\\\/secure.gravatar.com\\\/avatar\\\/4c81fed838786e9b53f540bf46533e750f5d292099ae3b66cfc6fb1982e29df7?s=96&d=mm&r=g\",\"url\":\"https:\\\/\\\/secure.gravatar.com\\\/avatar\\\/4c81fed838786e9b53f540bf46533e750f5d292099ae3b66cfc6fb1982e29df7?s=96&d=mm&r=g\",\"contentUrl\":\"https:\\\/\\\/secure.gravatar.com\\\/avatar\\\/4c81fed838786e9b53f540bf46533e750f5d292099ae3b66cfc6fb1982e29df7?s=96&d=mm&r=g\",\"caption\":\"admin\"},\"description\":\"admin\",\"url\":\"https:\\\/\\\/lasentinelle.dz\\\/author\\\/admin\\\/\"}]}<\/script>\n<!-- \/ Yoast SEO plugin. -->","yoast_head_json":{"title":"AADL-3\u00a0: Le programme lanc\u00e9 dans sept wilayas - La Sentinelle","robots":{"index":"index","follow":"follow","max-snippet":"max-snippet:-1","max-image-preview":"max-image-preview:large","max-video-preview":"max-video-preview:-1"},"canonical":"https:\/\/lasentinelle.dz\/index.php\/2025\/12\/09\/aadl-3-le-programme-lance-dans-sept-wilayas\/","og_locale":"fr_FR","og_type":"article","og_title":"AADL-3\u00a0: Le programme lanc\u00e9 dans sept wilayas - La Sentinelle","og_description":"Le programme national de logements location-vente AADL-3 poursuit son d\u00e9ploiement \u00e0 travers le territoire national avec le lancement, lundi \u00e0","og_url":"https:\/\/lasentinelle.dz\/index.php\/2025\/12\/09\/aadl-3-le-programme-lance-dans-sept-wilayas\/","og_site_name":"La Sentinelle","article_publisher":"https:\/\/www.facebook.com\/La-Sentinelle-104059864394773","article_published_time":"2025-12-09T12:14:37+00:00","article_modified_time":"2025-12-09T12:14:38+00:00","og_image":[{"width":1189,"height":784,"url":"https:\/\/lasentinelle.dz\/wp-content\/uploads\/2024\/12\/AADL.jpeg","type":"image\/jpeg"}],"author":"admin","twitter_card":"summary_large_image","twitter_misc":{"\u00c9crit par":"admin","Dur\u00e9e de lecture estim\u00e9e":"3 minutes"},"schema":{"@context":"https:\/\/schema.org","@graph":[{"@type":"Article","@id":"https:\/\/lasentinelle.dz\/index.php\/2025\/12\/09\/aadl-3-le-programme-lance-dans-sept-wilayas\/#article","isPartOf":{"@id":"https:\/\/lasentinelle.dz\/index.php\/2025\/12\/09\/aadl-3-le-programme-lance-dans-sept-wilayas\/"},"author":{"name":"admin","@id":"https:\/\/lasentinelle.dz\/#\/schema\/person\/729ee0024f24e0b8c5ec17232f8e8b41"},"headline":"AADL-3\u00a0: Le programme lanc\u00e9 dans sept wilayas","datePublished":"2025-12-09T12:14:37+00:00","dateModified":"2025-12-09T12:14:38+00:00","mainEntityOfPage":{"@id":"https:\/\/lasentinelle.dz\/index.php\/2025\/12\/09\/aadl-3-le-programme-lance-dans-sept-wilayas\/"},"wordCount":580,"commentCount":0,"publisher":{"@id":"https:\/\/lasentinelle.dz\/#organization"},"image":{"@id":"https:\/\/lasentinelle.dz\/index.php\/2025\/12\/09\/aadl-3-le-programme-lance-dans-sept-wilayas\/#primaryimage"},"thumbnailUrl":"https:\/\/lasentinelle.dz\/wp-content\/uploads\/2024\/12\/AADL.jpeg","articleSection":["Actualit\u00e9"],"inLanguage":"fr-FR","potentialAction":[{"@type":"CommentAction","name":"Comment","target":["https:\/\/lasentinelle.dz\/index.php\/2025\/12\/09\/aadl-3-le-programme-lance-dans-sept-wilayas\/#respond"]}]},{"@type":"WebPage","@id":"https:\/\/lasentinelle.dz\/index.php\/2025\/12\/09\/aadl-3-le-programme-lance-dans-sept-wilayas\/","url":"https:\/\/lasentinelle.dz\/index.php\/2025\/12\/09\/aadl-3-le-programme-lance-dans-sept-wilayas\/","name":"AADL-3\u00a0: Le programme lanc\u00e9 dans sept wilayas - La Sentinelle","isPartOf":{"@id":"https:\/\/lasentinelle.dz\/#website"},"primaryImageOfPage":{"@id":"https:\/\/lasentinelle.dz\/index.php\/2025\/12\/09\/aadl-3-le-programme-lance-dans-sept-wilayas\/#primaryimage"},"image":{"@id":"https:\/\/lasentinelle.dz\/index.php\/2025\/12\/09\/aadl-3-le-programme-lance-dans-sept-wilayas\/#primaryimage"},"thumbnailUrl":"https:\/\/lasentinelle.dz\/wp-content\/uploads\/2024\/12\/AADL.jpeg","datePublished":"2025-12-09T12:14:37+00:00","dateModified":"2025-12-09T12:14:38+00:00","breadcrumb":{"@id":"https:\/\/lasentinelle.dz\/index.php\/2025\/12\/09\/aadl-3-le-programme-lance-dans-sept-wilayas\/#breadcrumb"},"inLanguage":"fr-FR","potentialAction":[{"@type":"ReadAction","target":["https:\/\/lasentinelle.dz\/index.php\/2025\/12\/09\/aadl-3-le-programme-lance-dans-sept-wilayas\/"]}]},{"@type":"ImageObject","inLanguage":"fr-FR","@id":"https:\/\/lasentinelle.dz\/index.php\/2025\/12\/09\/aadl-3-le-programme-lance-dans-sept-wilayas\/#primaryimage","url":"https:\/\/lasentinelle.dz\/wp-content\/uploads\/2024\/12\/AADL.jpeg","contentUrl":"https:\/\/lasentinelle.dz\/wp-content\/uploads\/2024\/12\/AADL.jpeg","width":1189,"height":784},{"@type":"BreadcrumbList","@id":"https:\/\/lasentinelle.dz\/index.php\/2025\/12\/09\/aadl-3-le-programme-lance-dans-sept-wilayas\/#breadcrumb","itemListElement":[{"@type":"ListItem","position":1,"name":"Accueil","item":"https:\/\/lasentinelle.dz\/"},{"@type":"ListItem","position":2,"name":"AADL-3\u00a0: Le programme lanc\u00e9 dans sept wilayas"}]},{"@type":"WebSite","@id":"https:\/\/lasentinelle.dz\/#website","url":"https:\/\/lasentinelle.dz\/","name":"La Sentinelle","description":"Quotidien national d&#039;information","publisher":{"@id":"https:\/\/lasentinelle.dz\/#organization"},"potentialAction":[{"@type":"SearchAction","target":{"@type":"EntryPoint","urlTemplate":"https:\/\/lasentinelle.dz\/?s={search_term_string}"},"query-input":{"@type":"PropertyValueSpecification","valueRequired":true,"valueName":"search_term_string"}}],"inLanguage":"fr-FR"},{"@type":"Organization","@id":"https:\/\/lasentinelle.dz\/#organization","name":"Quotidien La Sentinelle","url":"https:\/\/lasentinelle.dz\/","logo":{"@type":"ImageObject","inLanguage":"fr-FR","@id":"https:\/\/lasentinelle.dz\/#\/schema\/logo\/image\/","url":"https:\/\/lasentinelle.dz\/wp-content\/uploads\/2021\/09\/logo-sentinelleSLOGAN-1.png","contentUrl":"https:\/\/lasentinelle.dz\/wp-content\/uploads\/2021\/09\/logo-sentinelleSLOGAN-1.png","width":615,"height":142,"caption":"Quotidien La Sentinelle"},"image":{"@id":"https:\/\/lasentinelle.dz\/#\/schema\/logo\/image\/"},"sameAs":["https:\/\/www.facebook.com\/La-Sentinelle-104059864394773"]},{"@type":"Person","@id":"https:\/\/lasentinelle.dz\/#\/schema\/person\/729ee0024f24e0b8c5ec17232f8e8b41","name":"admin","image":{"@type":"ImageObject","inLanguage":"fr-FR","@id":"https:\/\/secure.gravatar.com\/avatar\/4c81fed838786e9b53f540bf46533e750f5d292099ae3b66cfc6fb1982e29df7?s=96&d=mm&r=g","url":"https:\/\/secure.gravatar.com\/avatar\/4c81fed838786e9b53f540bf46533e750f5d292099ae3b66cfc6fb1982e29df7?s=96&d=mm&r=g","contentUrl":"https:\/\/secure.gravatar.com\/avatar\/4c81fed838786e9b53f540bf46533e750f5d292099ae3b66cfc6fb1982e29df7?s=96&d=mm&r=g","caption":"admin"},"description":"admin","url":"https:\/\/lasentinelle.dz\/author\/admin\/"}]}},"_links":{"self":[{"href":"https:\/\/lasentinelle.dz\/index.php\/wp-json\/wp\/v2\/posts\/77513","targetHints":{"allow":["GET"]}}],"collection":[{"href":"https:\/\/lasentinelle.dz\/index.php\/wp-json\/wp\/v2\/posts"}],"about":[{"href":"https:\/\/lasentinelle.dz\/index.php\/wp-json\/wp\/v2\/types\/post"}],"author":[{"embeddable":true,"href":"https:\/\/lasentinelle.dz\/index.php\/wp-json\/wp\/v2\/users\/6"}],"replies":[{"embeddable":true,"href":"https:\/\/lasentinelle.dz\/index.php\/wp-json\/wp\/v2\/comments?post=77513"}],"version-history":[{"count":1,"href":"https:\/\/lasentinelle.dz\/index.php\/wp-json\/wp\/v2\/posts\/77513\/revisions"}],"predecessor-version":[{"id":77514,"href":"https:\/\/lasentinelle.dz\/index.php\/wp-json\/wp\/v2\/posts\/77513\/revisions\/77514"}],"wp:featuredmedia":[{"embeddable":true,"href":"https:\/\/lasentinelle.dz\/index.php\/wp-json\/wp\/v2\/media\/60938"}],"wp:attachment":[{"href":"https:\/\/lasentinelle.dz\/index.php\/wp-json\/wp\/v2\/media?parent=77513"}],"wp:term":[{"taxonomy":"category","embeddable":true,"href":"https:\/\/lasentinelle.dz\/index.php\/wp-json\/wp\/v2\/categories?post=77513"},{"taxonomy":"post_tag","embeddable":true,"href":"https:\/\/lasentinelle.dz\/index.php\/wp-json\/wp\/v2\/tags?post=77513"}],"curies":[{"name":"wp","href":"https:\/\/api.w.org\/{rel}","templated":true}]}}