{"id":77515,"date":"2025-12-09T13:17:24","date_gmt":"2025-12-09T12:17:24","guid":{"rendered":"https:\/\/lasentinelle.dz\/?p=77515"},"modified":"2025-12-09T13:17:36","modified_gmt":"2025-12-09T12:17:36","slug":"casnos-400-000-nouveaux-adherents-en-deux-ans-et","status":"publish","type":"post","link":"https:\/\/lasentinelle.dz\/index.php\/2025\/12\/09\/casnos-400-000-nouveaux-adherents-en-deux-ans-et\/","title":{"rendered":"Casnos\u00a0: 400 000 nouveaux adh\u00e9rents en deux ans et\u00a0"},"content":{"rendered":"\n<p>La Caisse nationale de s\u00e9curit\u00e9 sociale des non-salari\u00e9s (Casnos) conna\u00eet une dynamique d&rsquo;adh\u00e9sion sans pr\u00e9c\u00e9dent avec l&rsquo;enregistrement de plus de 400 000 nouveaux cotisants au cours des deux derni\u00e8res ann\u00e9es, portant le nombre total d&rsquo;adh\u00e9rents \u00e0 plus de 1,2 million. Cette progression t\u00e9moigne d&rsquo;un double mouvement : l&rsquo;\u00e9largissement de la couverture sociale aux travailleurs ind\u00e9pendants et la trensition progressive du secteur informel vers la sph\u00e8re r\u00e9glement\u00e9e, notamment gr\u00e2ce aux dispositifs d&rsquo;accompagnement mis en place par l&rsquo;\u00c9tat. Invit\u00e9 lundi matin de l&rsquo;\u00e9mission L&rsquo;invit\u00e9 du jour sur la Cha\u00eene 3 de la Radio Alg\u00e9rienne, Mahieddine Khoudja, directeur des prestations au niveau de la direction g\u00e9n\u00e9rale de la Casnos, a lanc\u00e9 un appel pressant aux non-salari\u00e9s pour qu&rsquo;ils r\u00e9gularisent leur situation avant la fin de l&rsquo;ann\u00e9e. \u00ab\u00a0Il ne faut pas attendre le 31 d\u00e9cembre 2025 pour proc\u00e9der \u00e0 la r\u00e9gularisation de sa situation vis-\u00e0-vis des services de la Casnos\u00a0\u00bb, a-t-il insist\u00e9, s&rsquo;adressant aussi bien aux adh\u00e9rents habituels de la caisse qu&rsquo;\u00e0 tous les travailleurs ind\u00e9pendants qui n&rsquo;ont jamais effectu\u00e9 de d\u00e9marches de cotisation. Cette mise en garde concerne l&rsquo;ensemble des cat\u00e9gories professionnelles relevant du champ de comp\u00e9tence de la Casnos, qu&rsquo;il s&rsquo;agisse de commer\u00e7ants, d&rsquo;artisans, d&rsquo;agriculteurs ou de professions lib\u00e9rales. Le responsable a rappel\u00e9 que la caisse assure deux missions fondamentales pour cette population active : d&rsquo;une part l&rsquo;assurance sociale couvrant la maladie, la maternit\u00e9 et l&rsquo;invalidit\u00e9, d&rsquo;autre part l&rsquo;ouverture de droits \u00e0 la retraite, deux volets essentiels de la protection sociale dont b\u00e9n\u00e9ficient les salari\u00e9s du secteur structur\u00e9. L&rsquo;afflux massif de nouveaux adh\u00e9rents s&rsquo;explique en partie par les dispositifs d&rsquo;entrepreneuriat institu\u00e9s par l&rsquo;\u00c9tat depuis 2024, qui ont permis l&rsquo;int\u00e9gration de plus de 60 000 jeunes entrepreneurs dans le syst\u00e8me de s\u00e9curit\u00e9 sociale. \u00ab\u00a0Les nouveaux dispositifs d&rsquo;entrepreneuriat institu\u00e9s par l&rsquo;\u00c9tat depuis 2024 ont ainsi permis l&rsquo;adh\u00e9sion de plus de 60 000 jeunes entrepreneurs\u00a0\u00bb, a pr\u00e9cis\u00e9 Mahieddine Khoudja, ajoutant que \u00ab\u00a0cette cat\u00e9gorie qui b\u00e9n\u00e9ficie d&rsquo;un dispositif particulier activait dans l&rsquo;informel\u00a0\u00bb. Cette remarque souligne l&rsquo;un des objectifs majeurs de ces m\u00e9canismes : faciliter la transition des activit\u00e9s informelles vers l&rsquo;\u00e9conomie formelle en offrant un cadre incitatif et des conditions d&rsquo;acc\u00e8s simplifi\u00e9es \u00e0 la protection sociale.<\/p>\n\n\n\n<p>Au-del\u00e0 des jeunes entrepreneurs, la croissance du nombre d&rsquo;adh\u00e9rents refl\u00e8te \u00e9galement une prise de conscience accrue de l&rsquo;importance de la couverture sociale chez les travailleurs ind\u00e9pendants, longtemps r\u00e9ticents \u00e0 s&rsquo;affilier en raison de contraintes administratives ou financi\u00e8res.&nbsp;&nbsp;Avec plus de 1,2 million d&rsquo;adh\u00e9rents, la Casnos repr\u00e9sente d\u00e9sormais un pilier significatif du syst\u00e8me de protection sociale alg\u00e9rien, aux c\u00f4t\u00e9s de la Caisse nationale des assurances sociales des travailleurs salari\u00e9s (CNAS).&nbsp;<\/p>\n\n\n\n<p>Lyna Larbi<\/p>\n","protected":false},"excerpt":{"rendered":"<p>La Caisse nationale de s\u00e9curit\u00e9 sociale des non-salari\u00e9s (Casnos) conna\u00eet une dynamique d&rsquo;adh\u00e9sion sans pr\u00e9c\u00e9dent avec l&rsquo;enregistrement de plus de<\/p>\n","protected":false},"author":6,"featured_media":77516,"comment_status":"open","ping_status":"closed","sticky":false,"template":"","format":"standard","meta":{"colormag_page_container_layout":"default_layout","colormag_page_sidebar_layout":"default_layout","om_disable_all_campaigns":false,"_monsterinsights_skip_tracking":false,"_monsterinsights_sitenote_active":false,"_monsterinsights_sitenote_note":"","_monsterinsights_sitenote_category":0,"footnotes":"","_wpscppro_dont_share_socialmedia":false,"_wpscppro_custom_social_share_image":0,"_facebook_share_type":"default","_twitter_share_type":"default","_linkedin_share_type":"default","_pinterest_share_type":"default","_linkedin_share_type_page":"","_instagram_share_type":"default","_medium_share_type":"default","_threads_share_type":"default","_google_business_share_type":"default","_selected_social_profile":[],"_wpsp_enable_custom_social_template":false,"_wpsp_social_scheduling":{"enabled":false,"datetime":null,"platforms":[],"status":"template_only","dateOption":"today","timeOption":"now","customDays":"","customHours":"","customDate":"","customTime":"","schedulingType":"absolute"},"_wpsp_active_default_template":true},"categories":[27],"tags":[],"class_list":["post-77515","post","type-post","status-publish","format-standard","has-post-thumbnail","hentry","category-actualite"],"aioseo_notices":[],"yoast_head":"<!-- This site is optimized with the Yoast SEO plugin v27.5 - https:\/\/yoast.com\/product\/yoast-seo-wordpress\/ -->\n<title>Casnos\u00a0: 400 000 nouveaux adh\u00e9rents en deux ans et\u00a0 - La Sentinelle<\/title>\n<meta name=\"robots\" content=\"index, follow, max-snippet:-1, max-image-preview:large, max-video-preview:-1\" \/>\n<link rel=\"canonical\" href=\"https:\/\/lasentinelle.dz\/index.php\/2025\/12\/09\/casnos-400-000-nouveaux-adherents-en-deux-ans-et\/\" \/>\n<meta property=\"og:locale\" content=\"fr_FR\" \/>\n<meta property=\"og:type\" content=\"article\" \/>\n<meta property=\"og:title\" content=\"Casnos\u00a0: 400 000 nouveaux adh\u00e9rents en deux ans et\u00a0 - La Sentinelle\" \/>\n<meta property=\"og:description\" content=\"La Caisse nationale de s\u00e9curit\u00e9 sociale des non-salari\u00e9s (Casnos) conna\u00eet une dynamique d&rsquo;adh\u00e9sion sans pr\u00e9c\u00e9dent avec l&rsquo;enregistrement de plus de\" \/>\n<meta property=\"og:url\" content=\"https:\/\/lasentinelle.dz\/index.php\/2025\/12\/09\/casnos-400-000-nouveaux-adherents-en-deux-ans-et\/\" \/>\n<meta property=\"og:site_name\" content=\"La Sentinelle\" \/>\n<meta property=\"article:publisher\" content=\"https:\/\/www.facebook.com\/La-Sentinelle-104059864394773\" \/>\n<meta property=\"article:published_time\" content=\"2025-12-09T12:17:24+00:00\" \/>\n<meta property=\"article:modified_time\" content=\"2025-12-09T12:17:36+00:00\" \/>\n<meta property=\"og:image\" content=\"https:\/\/lasentinelle.dz\/wp-content\/uploads\/2025\/12\/casnos.jpeg\" \/>\n\t<meta property=\"og:image:width\" content=\"284\" \/>\n\t<meta property=\"og:image:height\" content=\"177\" \/>\n\t<meta property=\"og:image:type\" content=\"image\/jpeg\" \/>\n<meta name=\"author\" content=\"admin\" \/>\n<meta name=\"twitter:card\" content=\"summary_large_image\" \/>\n<meta name=\"twitter:label1\" content=\"\u00c9crit par\" \/>\n\t<meta name=\"twitter:data1\" content=\"admin\" \/>\n\t<meta name=\"twitter:label2\" content=\"Dur\u00e9e de lecture estim\u00e9e\" \/>\n\t<meta name=\"twitter:data2\" content=\"3 minutes\" \/>\n<script type=\"application\/ld+json\" class=\"yoast-schema-graph\">{\"@context\":\"https:\\\/\\\/schema.org\",\"@graph\":[{\"@type\":\"Article\",\"@id\":\"https:\\\/\\\/lasentinelle.dz\\\/index.php\\\/2025\\\/12\\\/09\\\/casnos-400-000-nouveaux-adherents-en-deux-ans-et\\\/#article\",\"isPartOf\":{\"@id\":\"https:\\\/\\\/lasentinelle.dz\\\/index.php\\\/2025\\\/12\\\/09\\\/casnos-400-000-nouveaux-adherents-en-deux-ans-et\\\/\"},\"author\":{\"name\":\"admin\",\"@id\":\"https:\\\/\\\/lasentinelle.dz\\\/#\\\/schema\\\/person\\\/729ee0024f24e0b8c5ec17232f8e8b41\"},\"headline\":\"Casnos\u00a0: 400 000 nouveaux adh\u00e9rents en deux ans et\u00a0\",\"datePublished\":\"2025-12-09T12:17:24+00:00\",\"dateModified\":\"2025-12-09T12:17:36+00:00\",\"mainEntityOfPage\":{\"@id\":\"https:\\\/\\\/lasentinelle.dz\\\/index.php\\\/2025\\\/12\\\/09\\\/casnos-400-000-nouveaux-adherents-en-deux-ans-et\\\/\"},\"wordCount\":515,\"commentCount\":0,\"publisher\":{\"@id\":\"https:\\\/\\\/lasentinelle.dz\\\/#organization\"},\"image\":{\"@id\":\"https:\\\/\\\/lasentinelle.dz\\\/index.php\\\/2025\\\/12\\\/09\\\/casnos-400-000-nouveaux-adherents-en-deux-ans-et\\\/#primaryimage\"},\"thumbnailUrl\":\"https:\\\/\\\/lasentinelle.dz\\\/wp-content\\\/uploads\\\/2025\\\/12\\\/casnos.jpeg\",\"articleSection\":[\"Actualit\u00e9\"],\"inLanguage\":\"fr-FR\",\"potentialAction\":[{\"@type\":\"CommentAction\",\"name\":\"Comment\",\"target\":[\"https:\\\/\\\/lasentinelle.dz\\\/index.php\\\/2025\\\/12\\\/09\\\/casnos-400-000-nouveaux-adherents-en-deux-ans-et\\\/#respond\"]}]},{\"@type\":\"WebPage\",\"@id\":\"https:\\\/\\\/lasentinelle.dz\\\/index.php\\\/2025\\\/12\\\/09\\\/casnos-400-000-nouveaux-adherents-en-deux-ans-et\\\/\",\"url\":\"https:\\\/\\\/lasentinelle.dz\\\/index.php\\\/2025\\\/12\\\/09\\\/casnos-400-000-nouveaux-adherents-en-deux-ans-et\\\/\",\"name\":\"Casnos\u00a0: 400 000 nouveaux adh\u00e9rents en deux ans et\u00a0 - La Sentinelle\",\"isPartOf\":{\"@id\":\"https:\\\/\\\/lasentinelle.dz\\\/#website\"},\"primaryImageOfPage\":{\"@id\":\"https:\\\/\\\/lasentinelle.dz\\\/index.php\\\/2025\\\/12\\\/09\\\/casnos-400-000-nouveaux-adherents-en-deux-ans-et\\\/#primaryimage\"},\"image\":{\"@id\":\"https:\\\/\\\/lasentinelle.dz\\\/index.php\\\/2025\\\/12\\\/09\\\/casnos-400-000-nouveaux-adherents-en-deux-ans-et\\\/#primaryimage\"},\"thumbnailUrl\":\"https:\\\/\\\/lasentinelle.dz\\\/wp-content\\\/uploads\\\/2025\\\/12\\\/casnos.jpeg\",\"datePublished\":\"2025-12-09T12:17:24+00:00\",\"dateModified\":\"2025-12-09T12:17:36+00:00\",\"breadcrumb\":{\"@id\":\"https:\\\/\\\/lasentinelle.dz\\\/index.php\\\/2025\\\/12\\\/09\\\/casnos-400-000-nouveaux-adherents-en-deux-ans-et\\\/#breadcrumb\"},\"inLanguage\":\"fr-FR\",\"potentialAction\":[{\"@type\":\"ReadAction\",\"target\":[\"https:\\\/\\\/lasentinelle.dz\\\/index.php\\\/2025\\\/12\\\/09\\\/casnos-400-000-nouveaux-adherents-en-deux-ans-et\\\/\"]}]},{\"@type\":\"ImageObject\",\"inLanguage\":\"fr-FR\",\"@id\":\"https:\\\/\\\/lasentinelle.dz\\\/index.php\\\/2025\\\/12\\\/09\\\/casnos-400-000-nouveaux-adherents-en-deux-ans-et\\\/#primaryimage\",\"url\":\"https:\\\/\\\/lasentinelle.dz\\\/wp-content\\\/uploads\\\/2025\\\/12\\\/casnos.jpeg\",\"contentUrl\":\"https:\\\/\\\/lasentinelle.dz\\\/wp-content\\\/uploads\\\/2025\\\/12\\\/casnos.jpeg\",\"width\":284,\"height\":177},{\"@type\":\"BreadcrumbList\",\"@id\":\"https:\\\/\\\/lasentinelle.dz\\\/index.php\\\/2025\\\/12\\\/09\\\/casnos-400-000-nouveaux-adherents-en-deux-ans-et\\\/#breadcrumb\",\"itemListElement\":[{\"@type\":\"ListItem\",\"position\":1,\"name\":\"Accueil\",\"item\":\"https:\\\/\\\/lasentinelle.dz\\\/\"},{\"@type\":\"ListItem\",\"position\":2,\"name\":\"Casnos\u00a0: 400 000 nouveaux adh\u00e9rents en deux ans et\u00a0\"}]},{\"@type\":\"WebSite\",\"@id\":\"https:\\\/\\\/lasentinelle.dz\\\/#website\",\"url\":\"https:\\\/\\\/lasentinelle.dz\\\/\",\"name\":\"La Sentinelle\",\"description\":\"Quotidien national d&#039;information\",\"publisher\":{\"@id\":\"https:\\\/\\\/lasentinelle.dz\\\/#organization\"},\"potentialAction\":[{\"@type\":\"SearchAction\",\"target\":{\"@type\":\"EntryPoint\",\"urlTemplate\":\"https:\\\/\\\/lasentinelle.dz\\\/?s={search_term_string}\"},\"query-input\":{\"@type\":\"PropertyValueSpecification\",\"valueRequired\":true,\"valueName\":\"search_term_string\"}}],\"inLanguage\":\"fr-FR\"},{\"@type\":\"Organization\",\"@id\":\"https:\\\/\\\/lasentinelle.dz\\\/#organization\",\"name\":\"Quotidien La Sentinelle\",\"url\":\"https:\\\/\\\/lasentinelle.dz\\\/\",\"logo\":{\"@type\":\"ImageObject\",\"inLanguage\":\"fr-FR\",\"@id\":\"https:\\\/\\\/lasentinelle.dz\\\/#\\\/schema\\\/logo\\\/image\\\/\",\"url\":\"https:\\\/\\\/lasentinelle.dz\\\/wp-content\\\/uploads\\\/2021\\\/09\\\/logo-sentinelleSLOGAN-1.png\",\"contentUrl\":\"https:\\\/\\\/lasentinelle.dz\\\/wp-content\\\/uploads\\\/2021\\\/09\\\/logo-sentinelleSLOGAN-1.png\",\"width\":615,\"height\":142,\"caption\":\"Quotidien La Sentinelle\"},\"image\":{\"@id\":\"https:\\\/\\\/lasentinelle.dz\\\/#\\\/schema\\\/logo\\\/image\\\/\"},\"sameAs\":[\"https:\\\/\\\/www.facebook.com\\\/La-Sentinelle-104059864394773\"]},{\"@type\":\"Person\",\"@id\":\"https:\\\/\\\/lasentinelle.dz\\\/#\\\/schema\\\/person\\\/729ee0024f24e0b8c5ec17232f8e8b41\",\"name\":\"admin\",\"image\":{\"@type\":\"ImageObject\",\"inLanguage\":\"fr-FR\",\"@id\":\"https:\\\/\\\/secure.gravatar.com\\\/avatar\\\/4c81fed838786e9b53f540bf46533e750f5d292099ae3b66cfc6fb1982e29df7?s=96&d=mm&r=g\",\"url\":\"https:\\\/\\\/secure.gravatar.com\\\/avatar\\\/4c81fed838786e9b53f540bf46533e750f5d292099ae3b66cfc6fb1982e29df7?s=96&d=mm&r=g\",\"contentUrl\":\"https:\\\/\\\/secure.gravatar.com\\\/avatar\\\/4c81fed838786e9b53f540bf46533e750f5d292099ae3b66cfc6fb1982e29df7?s=96&d=mm&r=g\",\"caption\":\"admin\"},\"description\":\"admin\",\"url\":\"https:\\\/\\\/lasentinelle.dz\\\/author\\\/admin\\\/\"}]}<\/script>\n<!-- \/ Yoast SEO plugin. -->","yoast_head_json":{"title":"Casnos\u00a0: 400 000 nouveaux adh\u00e9rents en deux ans et\u00a0 - La Sentinelle","robots":{"index":"index","follow":"follow","max-snippet":"max-snippet:-1","max-image-preview":"max-image-preview:large","max-video-preview":"max-video-preview:-1"},"canonical":"https:\/\/lasentinelle.dz\/index.php\/2025\/12\/09\/casnos-400-000-nouveaux-adherents-en-deux-ans-et\/","og_locale":"fr_FR","og_type":"article","og_title":"Casnos\u00a0: 400 000 nouveaux adh\u00e9rents en deux ans et\u00a0 - La Sentinelle","og_description":"La Caisse nationale de s\u00e9curit\u00e9 sociale des non-salari\u00e9s (Casnos) conna\u00eet une dynamique d&rsquo;adh\u00e9sion sans pr\u00e9c\u00e9dent avec l&rsquo;enregistrement de plus de","og_url":"https:\/\/lasentinelle.dz\/index.php\/2025\/12\/09\/casnos-400-000-nouveaux-adherents-en-deux-ans-et\/","og_site_name":"La Sentinelle","article_publisher":"https:\/\/www.facebook.com\/La-Sentinelle-104059864394773","article_published_time":"2025-12-09T12:17:24+00:00","article_modified_time":"2025-12-09T12:17:36+00:00","og_image":[{"width":284,"height":177,"url":"https:\/\/lasentinelle.dz\/wp-content\/uploads\/2025\/12\/casnos.jpeg","type":"image\/jpeg"}],"author":"admin","twitter_card":"summary_large_image","twitter_misc":{"\u00c9crit par":"admin","Dur\u00e9e de lecture estim\u00e9e":"3 minutes"},"schema":{"@context":"https:\/\/schema.org","@graph":[{"@type":"Article","@id":"https:\/\/lasentinelle.dz\/index.php\/2025\/12\/09\/casnos-400-000-nouveaux-adherents-en-deux-ans-et\/#article","isPartOf":{"@id":"https:\/\/lasentinelle.dz\/index.php\/2025\/12\/09\/casnos-400-000-nouveaux-adherents-en-deux-ans-et\/"},"author":{"name":"admin","@id":"https:\/\/lasentinelle.dz\/#\/schema\/person\/729ee0024f24e0b8c5ec17232f8e8b41"},"headline":"Casnos\u00a0: 400 000 nouveaux adh\u00e9rents en deux ans et\u00a0","datePublished":"2025-12-09T12:17:24+00:00","dateModified":"2025-12-09T12:17:36+00:00","mainEntityOfPage":{"@id":"https:\/\/lasentinelle.dz\/index.php\/2025\/12\/09\/casnos-400-000-nouveaux-adherents-en-deux-ans-et\/"},"wordCount":515,"commentCount":0,"publisher":{"@id":"https:\/\/lasentinelle.dz\/#organization"},"image":{"@id":"https:\/\/lasentinelle.dz\/index.php\/2025\/12\/09\/casnos-400-000-nouveaux-adherents-en-deux-ans-et\/#primaryimage"},"thumbnailUrl":"https:\/\/lasentinelle.dz\/wp-content\/uploads\/2025\/12\/casnos.jpeg","articleSection":["Actualit\u00e9"],"inLanguage":"fr-FR","potentialAction":[{"@type":"CommentAction","name":"Comment","target":["https:\/\/lasentinelle.dz\/index.php\/2025\/12\/09\/casnos-400-000-nouveaux-adherents-en-deux-ans-et\/#respond"]}]},{"@type":"WebPage","@id":"https:\/\/lasentinelle.dz\/index.php\/2025\/12\/09\/casnos-400-000-nouveaux-adherents-en-deux-ans-et\/","url":"https:\/\/lasentinelle.dz\/index.php\/2025\/12\/09\/casnos-400-000-nouveaux-adherents-en-deux-ans-et\/","name":"Casnos\u00a0: 400 000 nouveaux adh\u00e9rents en deux ans et\u00a0 - La Sentinelle","isPartOf":{"@id":"https:\/\/lasentinelle.dz\/#website"},"primaryImageOfPage":{"@id":"https:\/\/lasentinelle.dz\/index.php\/2025\/12\/09\/casnos-400-000-nouveaux-adherents-en-deux-ans-et\/#primaryimage"},"image":{"@id":"https:\/\/lasentinelle.dz\/index.php\/2025\/12\/09\/casnos-400-000-nouveaux-adherents-en-deux-ans-et\/#primaryimage"},"thumbnailUrl":"https:\/\/lasentinelle.dz\/wp-content\/uploads\/2025\/12\/casnos.jpeg","datePublished":"2025-12-09T12:17:24+00:00","dateModified":"2025-12-09T12:17:36+00:00","breadcrumb":{"@id":"https:\/\/lasentinelle.dz\/index.php\/2025\/12\/09\/casnos-400-000-nouveaux-adherents-en-deux-ans-et\/#breadcrumb"},"inLanguage":"fr-FR","potentialAction":[{"@type":"ReadAction","target":["https:\/\/lasentinelle.dz\/index.php\/2025\/12\/09\/casnos-400-000-nouveaux-adherents-en-deux-ans-et\/"]}]},{"@type":"ImageObject","inLanguage":"fr-FR","@id":"https:\/\/lasentinelle.dz\/index.php\/2025\/12\/09\/casnos-400-000-nouveaux-adherents-en-deux-ans-et\/#primaryimage","url":"https:\/\/lasentinelle.dz\/wp-content\/uploads\/2025\/12\/casnos.jpeg","contentUrl":"https:\/\/lasentinelle.dz\/wp-content\/uploads\/2025\/12\/casnos.jpeg","width":284,"height":177},{"@type":"BreadcrumbList","@id":"https:\/\/lasentinelle.dz\/index.php\/2025\/12\/09\/casnos-400-000-nouveaux-adherents-en-deux-ans-et\/#breadcrumb","itemListElement":[{"@type":"ListItem","position":1,"name":"Accueil","item":"https:\/\/lasentinelle.dz\/"},{"@type":"ListItem","position":2,"name":"Casnos\u00a0: 400 000 nouveaux adh\u00e9rents en deux ans et\u00a0"}]},{"@type":"WebSite","@id":"https:\/\/lasentinelle.dz\/#website","url":"https:\/\/lasentinelle.dz\/","name":"La Sentinelle","description":"Quotidien national d&#039;information","publisher":{"@id":"https:\/\/lasentinelle.dz\/#organization"},"potentialAction":[{"@type":"SearchAction","target":{"@type":"EntryPoint","urlTemplate":"https:\/\/lasentinelle.dz\/?s={search_term_string}"},"query-input":{"@type":"PropertyValueSpecification","valueRequired":true,"valueName":"search_term_string"}}],"inLanguage":"fr-FR"},{"@type":"Organization","@id":"https:\/\/lasentinelle.dz\/#organization","name":"Quotidien La Sentinelle","url":"https:\/\/lasentinelle.dz\/","logo":{"@type":"ImageObject","inLanguage":"fr-FR","@id":"https:\/\/lasentinelle.dz\/#\/schema\/logo\/image\/","url":"https:\/\/lasentinelle.dz\/wp-content\/uploads\/2021\/09\/logo-sentinelleSLOGAN-1.png","contentUrl":"https:\/\/lasentinelle.dz\/wp-content\/uploads\/2021\/09\/logo-sentinelleSLOGAN-1.png","width":615,"height":142,"caption":"Quotidien La Sentinelle"},"image":{"@id":"https:\/\/lasentinelle.dz\/#\/schema\/logo\/image\/"},"sameAs":["https:\/\/www.facebook.com\/La-Sentinelle-104059864394773"]},{"@type":"Person","@id":"https:\/\/lasentinelle.dz\/#\/schema\/person\/729ee0024f24e0b8c5ec17232f8e8b41","name":"admin","image":{"@type":"ImageObject","inLanguage":"fr-FR","@id":"https:\/\/secure.gravatar.com\/avatar\/4c81fed838786e9b53f540bf46533e750f5d292099ae3b66cfc6fb1982e29df7?s=96&d=mm&r=g","url":"https:\/\/secure.gravatar.com\/avatar\/4c81fed838786e9b53f540bf46533e750f5d292099ae3b66cfc6fb1982e29df7?s=96&d=mm&r=g","contentUrl":"https:\/\/secure.gravatar.com\/avatar\/4c81fed838786e9b53f540bf46533e750f5d292099ae3b66cfc6fb1982e29df7?s=96&d=mm&r=g","caption":"admin"},"description":"admin","url":"https:\/\/lasentinelle.dz\/author\/admin\/"}]}},"_links":{"self":[{"href":"https:\/\/lasentinelle.dz\/index.php\/wp-json\/wp\/v2\/posts\/77515","targetHints":{"allow":["GET"]}}],"collection":[{"href":"https:\/\/lasentinelle.dz\/index.php\/wp-json\/wp\/v2\/posts"}],"about":[{"href":"https:\/\/lasentinelle.dz\/index.php\/wp-json\/wp\/v2\/types\/post"}],"author":[{"embeddable":true,"href":"https:\/\/lasentinelle.dz\/index.php\/wp-json\/wp\/v2\/users\/6"}],"replies":[{"embeddable":true,"href":"https:\/\/lasentinelle.dz\/index.php\/wp-json\/wp\/v2\/comments?post=77515"}],"version-history":[{"count":1,"href":"https:\/\/lasentinelle.dz\/index.php\/wp-json\/wp\/v2\/posts\/77515\/revisions"}],"predecessor-version":[{"id":77517,"href":"https:\/\/lasentinelle.dz\/index.php\/wp-json\/wp\/v2\/posts\/77515\/revisions\/77517"}],"wp:featuredmedia":[{"embeddable":true,"href":"https:\/\/lasentinelle.dz\/index.php\/wp-json\/wp\/v2\/media\/77516"}],"wp:attachment":[{"href":"https:\/\/lasentinelle.dz\/index.php\/wp-json\/wp\/v2\/media?parent=77515"}],"wp:term":[{"taxonomy":"category","embeddable":true,"href":"https:\/\/lasentinelle.dz\/index.php\/wp-json\/wp\/v2\/categories?post=77515"},{"taxonomy":"post_tag","embeddable":true,"href":"https:\/\/lasentinelle.dz\/index.php\/wp-json\/wp\/v2\/tags?post=77515"}],"curies":[{"name":"wp","href":"https:\/\/api.w.org\/{rel}","templated":true}]}}