{"id":77518,"date":"2025-12-09T13:20:04","date_gmt":"2025-12-09T12:20:04","guid":{"rendered":"https:\/\/lasentinelle.dz\/?p=77518"},"modified":"2025-12-09T13:20:06","modified_gmt":"2025-12-09T12:20:06","slug":"des-engagements-presidentiels-confirmes-39-milliards-de-dollars-pour-lallocation-chomage","status":"publish","type":"post","link":"https:\/\/lasentinelle.dz\/index.php\/2025\/12\/09\/des-engagements-presidentiels-confirmes-39-milliards-de-dollars-pour-lallocation-chomage\/","title":{"rendered":"Des engagements pr\u00e9sidentiels confirm\u00e9s\u00a0: 3,9 milliards de dollars pour l&rsquo;allocation ch\u00f4mage"},"content":{"rendered":"\n<p>Le ministre du Travail r\u00e9v\u00e8le l&rsquo;ampleur du dispositif social qui b\u00e9n\u00e9ficie \u00e0 2,3 millions de jeunes, avec une hausse pr\u00e9vue \u00e0 18.000 dinars d\u00e8s janvier 2026<\/p>\n\n\n\n<p>L\u2019Etat consacre d\u00e9j\u00e0 une enveloppe colossale de plus de 420 milliards de dinars, soit 3,23 milliards de dollars, au financement de l&rsquo;allocation ch\u00f4mage, a r\u00e9v\u00e9l\u00e9 lundi le ministre du Travail, de l&rsquo;Emploi et de la S\u00e9curit\u00e9 sociale, Abdelhak Saihi. Cette annonce, faite lors de l&rsquo;ouverture du premier s\u00e9minaire national sur l&#8217;emploi au Centre familial de Ben Aknoun \u00e0 Alger, intervient alors que le gouvernement s&rsquo;appr\u00eate \u00e0 augmenter cette aide de 15.000 \u00e0 18.000 dinars mensuels d\u00e8s janvier prochain, ce qui portera le budget annuel \u00e0 pr\u00e8s de 3,9 milliards de dollars sur la base des 2,3 millions de b\u00e9n\u00e9ficiaires actuels. Cette hausse de 20% traduit la volont\u00e9 du pr\u00e9sident Abdelmadjid Tebboune de renforcer le caract\u00e8re social de l&rsquo;\u00c9tat alg\u00e9rien face aux d\u00e9fis du ch\u00f4mage des jeunes. Instaur\u00e9e en 2022, cette allocation s&rsquo;adresse \u00e0 tous les jeunes sans emploi \u00e2g\u00e9s de 19 \u00e0 40 ans et repr\u00e9sente aujourd&rsquo;hui l&rsquo;un des piliers de la politique sociale du gouvernement. Le ministre a soulign\u00e9 qu&rsquo;un budget suppl\u00e9mentaire important, dont le montant n&rsquo;a pas \u00e9t\u00e9 pr\u00e9cis\u00e9, a \u00e9t\u00e9 adopt\u00e9 pour accompagner cette revalorisation, ce qui t\u00e9moigne, selon ses propres termes, de \u00ab l&rsquo;attachement de l&rsquo;\u00c9tat \u00e0 sa vocation sociale et de sa volont\u00e9 d&rsquo;assurer la stabilit\u00e9 des diff\u00e9rentes couches de la soci\u00e9t\u00e9 \u00bb. Dans son discours inaugural, Abdelhak Saihi a tenu \u00e0 recadrer la nature m\u00eame de ce dispositif en affirmant qu&rsquo;\u00ab il ne s&rsquo;agit pas d&rsquo;une aide temporaire, mais d&rsquo;un m\u00e9canisme social efficace visant \u00e0 prot\u00e9ger les jeunes pendant leur recherche d&#8217;emploi, et \u00e0 leur fournir un parcours de soutien comprenant formation et orientation et assurant une transition r\u00e9ussie vers l&rsquo;insertion professionnelle \u00bb. Cette approche s&rsquo;inscrit dans l&rsquo;engagement de l&rsquo;\u00c9tat \u00e0 \u00ab ne laisser aucun jeune sans soutien \u00bb, principe que le ministre a rappel\u00e9 \u00e0 plusieurs reprises lors de cette rencontre de haut niveau qui a r\u00e9uni plusieurs membres du gouvernement, dont les ministres des Hydrocarbures, de l&rsquo;Industrie, du Commerce int\u00e9rieur, de la Communication et de la Formation professionnelle, ainsi que les repr\u00e9sentants des organisations patronales et syndicales.<\/p>\n\n\n\n<p>Le profil des b\u00e9n\u00e9ficiaires r\u00e9v\u00e8le une forte pr\u00e9dominance f\u00e9minine, les femmes repr\u00e9sentant 71% des 2,3 millions d&rsquo;allocataires contre seulement 29% d&rsquo;hommes. Lors du Conseil des ministres du 30 novembre dernier, le pr\u00e9sident de la R\u00e9publique a d\u00e9cid\u00e9 d\u2019augmenter le montant de cette allocation. Au-del\u00e0 des aspects budg\u00e9taires, le ministre du Travail a profit\u00e9 de ce s\u00e9minaire pour pr\u00e9senter la vision r\u00e9formiste de son d\u00e9partement minist\u00e9riel face aux mutations profondes que conna\u00eet le monde du travail. Abdelhak Saihi a insist\u00e9 sur la n\u00e9cessit\u00e9 d&rsquo;adopter des \u00ab visions novatrices et des politiques d&#8217;emploi plus flexibles et efficaces \u00bb face aux transformations technologiques, d\u00e9mographiques et climatiques qui red\u00e9finissent les mod\u00e8les d&#8217;emploi traditionnels. Il a notamment \u00e9voqu\u00e9 la mont\u00e9e en puissance des comp\u00e9tences num\u00e9riques, l&rsquo;\u00e9mergence de l&rsquo;\u00e9conomie verte, le d\u00e9veloppement du t\u00e9l\u00e9travail et la persistance du secteur informel qui n\u00e9cessite une prise en charge globale et durable. Le ministre a d\u00e9taill\u00e9 les axes de la strat\u00e9gie gouvernementale, notamment le renforcement de la digitalisation des services de m\u00e9diation \u00e0 l&#8217;emploi \u00e0 travers la modernisation des dispositifs existants et le d\u00e9veloppement de plateformes num\u00e9riques permettant une meilleure transparence des offres d&#8217;emploi et un suivi statistique plus rigoureux. Cette transformation num\u00e9rique vise \u00e9galement \u00e0 am\u00e9liorer l&rsquo;orientation des demandeurs d&#8217;emploi et \u00e0 lutter contre le travail non d\u00e9clar\u00e9, fl\u00e9au qui continue de gangrener le march\u00e9 du travail alg\u00e9rien.<\/p>\n\n\n\n<p>En mati\u00e8re de formation, Abdelhak Saihi a soulign\u00e9 l&rsquo;importance de d\u00e9velopper, en coordination \u00e9troite avec le minist\u00e8re de la Formation et de l&rsquo;Enseignement professionnels, une offre adapt\u00e9e aux besoins r\u00e9els des entreprises. L&rsquo;objectif est d&rsquo;am\u00e9liorer l&#8217;employabilit\u00e9 des jeunes \u00e0 travers des programmes courts orient\u00e9s vers les m\u00e9tiers d&rsquo;avenir, notamment dans les secteurs de l&rsquo;\u00e9conomie num\u00e9rique et des \u00e9nergies renouvelables, tout en renfor\u00e7ant la formation en entreprise. Le ministre a \u00e9galement appel\u00e9 l&rsquo;ensemble des acteurs du march\u00e9 du travail \u00e0 se conformer strictement aux dispositions de la loi 19-04 relative au placement des travailleurs et au contr\u00f4le de l&#8217;emploi, insistant particuli\u00e8rement sur l&rsquo;obligation de soumettre les offres d&#8217;emploi exclusivement au service public de l&#8217;emploi afin de garantir l&rsquo;\u00e9galit\u00e9 des chances et de promouvoir la justice sociale. Ce s\u00e9minaire national, qui constitue selon le ministre une \u00e9tape majeure dans l&rsquo;\u00e9valuation des politiques publiques en mati\u00e8re d&#8217;emploi, a donn\u00e9 lieu \u00e0 des ateliers techniques et des d\u00e9bats approfondis dont les recommandations serviront de base \u00e0 la poursuite des r\u00e9formes structurelles du secteur.<\/p>\n\n\n\n<p>Samir Benisid<\/p>\n","protected":false},"excerpt":{"rendered":"<p>Le ministre du Travail r\u00e9v\u00e8le l&rsquo;ampleur du dispositif social qui b\u00e9n\u00e9ficie \u00e0 2,3 millions de jeunes, avec une hausse pr\u00e9vue<\/p>\n","protected":false},"author":6,"featured_media":54577,"comment_status":"open","ping_status":"closed","sticky":false,"template":"","format":"standard","meta":{"colormag_page_container_layout":"default_layout","colormag_page_sidebar_layout":"default_layout","om_disable_all_campaigns":false,"_monsterinsights_skip_tracking":false,"_monsterinsights_sitenote_active":false,"_monsterinsights_sitenote_note":"","_monsterinsights_sitenote_category":0,"footnotes":"","_wpscppro_dont_share_socialmedia":false,"_wpscppro_custom_social_share_image":0,"_facebook_share_type":"default","_twitter_share_type":"default","_linkedin_share_type":"default","_pinterest_share_type":"default","_linkedin_share_type_page":"","_instagram_share_type":"default","_medium_share_type":"default","_threads_share_type":"default","_google_business_share_type":"default","_selected_social_profile":[],"_wpsp_enable_custom_social_template":false,"_wpsp_social_scheduling":{"enabled":false,"datetime":null,"platforms":[],"status":"template_only","dateOption":"today","timeOption":"now","customDays":"","customHours":"","customDate":"","customTime":"","schedulingType":"absolute"},"_wpsp_active_default_template":true},"categories":[52,27],"tags":[],"class_list":["post-77518","post","type-post","status-publish","format-standard","has-post-thumbnail","hentry","category-a-la-une","category-actualite"],"aioseo_notices":[],"yoast_head":"<!-- This site is optimized with the Yoast SEO plugin v27.5 - https:\/\/yoast.com\/product\/yoast-seo-wordpress\/ -->\n<title>Des engagements pr\u00e9sidentiels confirm\u00e9s\u00a0: 3,9 milliards de dollars pour l&rsquo;allocation ch\u00f4mage - La Sentinelle<\/title>\n<meta name=\"robots\" content=\"index, follow, max-snippet:-1, max-image-preview:large, max-video-preview:-1\" \/>\n<link rel=\"canonical\" href=\"https:\/\/lasentinelle.dz\/index.php\/2025\/12\/09\/des-engagements-presidentiels-confirmes-39-milliards-de-dollars-pour-lallocation-chomage\/\" \/>\n<meta property=\"og:locale\" content=\"fr_FR\" \/>\n<meta property=\"og:type\" content=\"article\" \/>\n<meta property=\"og:title\" content=\"Des engagements pr\u00e9sidentiels confirm\u00e9s\u00a0: 3,9 milliards de dollars pour l&rsquo;allocation ch\u00f4mage - La Sentinelle\" \/>\n<meta property=\"og:description\" content=\"Le ministre du Travail r\u00e9v\u00e8le l&rsquo;ampleur du dispositif social qui b\u00e9n\u00e9ficie \u00e0 2,3 millions de jeunes, avec une hausse pr\u00e9vue\" \/>\n<meta property=\"og:url\" content=\"https:\/\/lasentinelle.dz\/index.php\/2025\/12\/09\/des-engagements-presidentiels-confirmes-39-milliards-de-dollars-pour-lallocation-chomage\/\" \/>\n<meta property=\"og:site_name\" content=\"La Sentinelle\" \/>\n<meta property=\"article:publisher\" content=\"https:\/\/www.facebook.com\/La-Sentinelle-104059864394773\" \/>\n<meta property=\"article:published_time\" content=\"2025-12-09T12:20:04+00:00\" \/>\n<meta property=\"article:modified_time\" content=\"2025-12-09T12:20:06+00:00\" \/>\n<meta property=\"og:image\" content=\"https:\/\/lasentinelle.dz\/wp-content\/uploads\/2024\/07\/argent.jpeg\" \/>\n\t<meta property=\"og:image:width\" content=\"768\" \/>\n\t<meta property=\"og:image:height\" content=\"439\" \/>\n\t<meta property=\"og:image:type\" content=\"image\/jpeg\" \/>\n<meta name=\"author\" content=\"admin\" \/>\n<meta name=\"twitter:card\" content=\"summary_large_image\" \/>\n<meta name=\"twitter:label1\" content=\"\u00c9crit par\" \/>\n\t<meta name=\"twitter:data1\" content=\"admin\" \/>\n\t<meta name=\"twitter:label2\" content=\"Dur\u00e9e de lecture estim\u00e9e\" \/>\n\t<meta name=\"twitter:data2\" content=\"5 minutes\" \/>\n<script type=\"application\/ld+json\" class=\"yoast-schema-graph\">{\"@context\":\"https:\\\/\\\/schema.org\",\"@graph\":[{\"@type\":\"Article\",\"@id\":\"https:\\\/\\\/lasentinelle.dz\\\/index.php\\\/2025\\\/12\\\/09\\\/des-engagements-presidentiels-confirmes-39-milliards-de-dollars-pour-lallocation-chomage\\\/#article\",\"isPartOf\":{\"@id\":\"https:\\\/\\\/lasentinelle.dz\\\/index.php\\\/2025\\\/12\\\/09\\\/des-engagements-presidentiels-confirmes-39-milliards-de-dollars-pour-lallocation-chomage\\\/\"},\"author\":{\"name\":\"admin\",\"@id\":\"https:\\\/\\\/lasentinelle.dz\\\/#\\\/schema\\\/person\\\/729ee0024f24e0b8c5ec17232f8e8b41\"},\"headline\":\"Des engagements pr\u00e9sidentiels confirm\u00e9s\u00a0: 3,9 milliards de dollars pour l&rsquo;allocation ch\u00f4mage\",\"datePublished\":\"2025-12-09T12:20:04+00:00\",\"dateModified\":\"2025-12-09T12:20:06+00:00\",\"mainEntityOfPage\":{\"@id\":\"https:\\\/\\\/lasentinelle.dz\\\/index.php\\\/2025\\\/12\\\/09\\\/des-engagements-presidentiels-confirmes-39-milliards-de-dollars-pour-lallocation-chomage\\\/\"},\"wordCount\":864,\"commentCount\":0,\"publisher\":{\"@id\":\"https:\\\/\\\/lasentinelle.dz\\\/#organization\"},\"image\":{\"@id\":\"https:\\\/\\\/lasentinelle.dz\\\/index.php\\\/2025\\\/12\\\/09\\\/des-engagements-presidentiels-confirmes-39-milliards-de-dollars-pour-lallocation-chomage\\\/#primaryimage\"},\"thumbnailUrl\":\"https:\\\/\\\/lasentinelle.dz\\\/wp-content\\\/uploads\\\/2024\\\/07\\\/argent.jpeg\",\"articleSection\":[\"\u00c0 la Une\",\"Actualit\u00e9\"],\"inLanguage\":\"fr-FR\",\"potentialAction\":[{\"@type\":\"CommentAction\",\"name\":\"Comment\",\"target\":[\"https:\\\/\\\/lasentinelle.dz\\\/index.php\\\/2025\\\/12\\\/09\\\/des-engagements-presidentiels-confirmes-39-milliards-de-dollars-pour-lallocation-chomage\\\/#respond\"]}]},{\"@type\":\"WebPage\",\"@id\":\"https:\\\/\\\/lasentinelle.dz\\\/index.php\\\/2025\\\/12\\\/09\\\/des-engagements-presidentiels-confirmes-39-milliards-de-dollars-pour-lallocation-chomage\\\/\",\"url\":\"https:\\\/\\\/lasentinelle.dz\\\/index.php\\\/2025\\\/12\\\/09\\\/des-engagements-presidentiels-confirmes-39-milliards-de-dollars-pour-lallocation-chomage\\\/\",\"name\":\"Des engagements pr\u00e9sidentiels confirm\u00e9s\u00a0: 3,9 milliards de dollars pour l&rsquo;allocation ch\u00f4mage - La Sentinelle\",\"isPartOf\":{\"@id\":\"https:\\\/\\\/lasentinelle.dz\\\/#website\"},\"primaryImageOfPage\":{\"@id\":\"https:\\\/\\\/lasentinelle.dz\\\/index.php\\\/2025\\\/12\\\/09\\\/des-engagements-presidentiels-confirmes-39-milliards-de-dollars-pour-lallocation-chomage\\\/#primaryimage\"},\"image\":{\"@id\":\"https:\\\/\\\/lasentinelle.dz\\\/index.php\\\/2025\\\/12\\\/09\\\/des-engagements-presidentiels-confirmes-39-milliards-de-dollars-pour-lallocation-chomage\\\/#primaryimage\"},\"thumbnailUrl\":\"https:\\\/\\\/lasentinelle.dz\\\/wp-content\\\/uploads\\\/2024\\\/07\\\/argent.jpeg\",\"datePublished\":\"2025-12-09T12:20:04+00:00\",\"dateModified\":\"2025-12-09T12:20:06+00:00\",\"breadcrumb\":{\"@id\":\"https:\\\/\\\/lasentinelle.dz\\\/index.php\\\/2025\\\/12\\\/09\\\/des-engagements-presidentiels-confirmes-39-milliards-de-dollars-pour-lallocation-chomage\\\/#breadcrumb\"},\"inLanguage\":\"fr-FR\",\"potentialAction\":[{\"@type\":\"ReadAction\",\"target\":[\"https:\\\/\\\/lasentinelle.dz\\\/index.php\\\/2025\\\/12\\\/09\\\/des-engagements-presidentiels-confirmes-39-milliards-de-dollars-pour-lallocation-chomage\\\/\"]}]},{\"@type\":\"ImageObject\",\"inLanguage\":\"fr-FR\",\"@id\":\"https:\\\/\\\/lasentinelle.dz\\\/index.php\\\/2025\\\/12\\\/09\\\/des-engagements-presidentiels-confirmes-39-milliards-de-dollars-pour-lallocation-chomage\\\/#primaryimage\",\"url\":\"https:\\\/\\\/lasentinelle.dz\\\/wp-content\\\/uploads\\\/2024\\\/07\\\/argent.jpeg\",\"contentUrl\":\"https:\\\/\\\/lasentinelle.dz\\\/wp-content\\\/uploads\\\/2024\\\/07\\\/argent.jpeg\",\"width\":768,\"height\":439},{\"@type\":\"BreadcrumbList\",\"@id\":\"https:\\\/\\\/lasentinelle.dz\\\/index.php\\\/2025\\\/12\\\/09\\\/des-engagements-presidentiels-confirmes-39-milliards-de-dollars-pour-lallocation-chomage\\\/#breadcrumb\",\"itemListElement\":[{\"@type\":\"ListItem\",\"position\":1,\"name\":\"Accueil\",\"item\":\"https:\\\/\\\/lasentinelle.dz\\\/\"},{\"@type\":\"ListItem\",\"position\":2,\"name\":\"Des engagements pr\u00e9sidentiels confirm\u00e9s\u00a0: 3,9 milliards de dollars pour l&rsquo;allocation ch\u00f4mage\"}]},{\"@type\":\"WebSite\",\"@id\":\"https:\\\/\\\/lasentinelle.dz\\\/#website\",\"url\":\"https:\\\/\\\/lasentinelle.dz\\\/\",\"name\":\"La Sentinelle\",\"description\":\"Quotidien national d&#039;information\",\"publisher\":{\"@id\":\"https:\\\/\\\/lasentinelle.dz\\\/#organization\"},\"potentialAction\":[{\"@type\":\"SearchAction\",\"target\":{\"@type\":\"EntryPoint\",\"urlTemplate\":\"https:\\\/\\\/lasentinelle.dz\\\/?s={search_term_string}\"},\"query-input\":{\"@type\":\"PropertyValueSpecification\",\"valueRequired\":true,\"valueName\":\"search_term_string\"}}],\"inLanguage\":\"fr-FR\"},{\"@type\":\"Organization\",\"@id\":\"https:\\\/\\\/lasentinelle.dz\\\/#organization\",\"name\":\"Quotidien La Sentinelle\",\"url\":\"https:\\\/\\\/lasentinelle.dz\\\/\",\"logo\":{\"@type\":\"ImageObject\",\"inLanguage\":\"fr-FR\",\"@id\":\"https:\\\/\\\/lasentinelle.dz\\\/#\\\/schema\\\/logo\\\/image\\\/\",\"url\":\"https:\\\/\\\/lasentinelle.dz\\\/wp-content\\\/uploads\\\/2021\\\/09\\\/logo-sentinelleSLOGAN-1.png\",\"contentUrl\":\"https:\\\/\\\/lasentinelle.dz\\\/wp-content\\\/uploads\\\/2021\\\/09\\\/logo-sentinelleSLOGAN-1.png\",\"width\":615,\"height\":142,\"caption\":\"Quotidien La Sentinelle\"},\"image\":{\"@id\":\"https:\\\/\\\/lasentinelle.dz\\\/#\\\/schema\\\/logo\\\/image\\\/\"},\"sameAs\":[\"https:\\\/\\\/www.facebook.com\\\/La-Sentinelle-104059864394773\"]},{\"@type\":\"Person\",\"@id\":\"https:\\\/\\\/lasentinelle.dz\\\/#\\\/schema\\\/person\\\/729ee0024f24e0b8c5ec17232f8e8b41\",\"name\":\"admin\",\"image\":{\"@type\":\"ImageObject\",\"inLanguage\":\"fr-FR\",\"@id\":\"https:\\\/\\\/secure.gravatar.com\\\/avatar\\\/4c81fed838786e9b53f540bf46533e750f5d292099ae3b66cfc6fb1982e29df7?s=96&d=mm&r=g\",\"url\":\"https:\\\/\\\/secure.gravatar.com\\\/avatar\\\/4c81fed838786e9b53f540bf46533e750f5d292099ae3b66cfc6fb1982e29df7?s=96&d=mm&r=g\",\"contentUrl\":\"https:\\\/\\\/secure.gravatar.com\\\/avatar\\\/4c81fed838786e9b53f540bf46533e750f5d292099ae3b66cfc6fb1982e29df7?s=96&d=mm&r=g\",\"caption\":\"admin\"},\"description\":\"admin\",\"url\":\"https:\\\/\\\/lasentinelle.dz\\\/author\\\/admin\\\/\"}]}<\/script>\n<!-- \/ Yoast SEO plugin. -->","yoast_head_json":{"title":"Des engagements pr\u00e9sidentiels confirm\u00e9s\u00a0: 3,9 milliards de dollars pour l&rsquo;allocation ch\u00f4mage - La Sentinelle","robots":{"index":"index","follow":"follow","max-snippet":"max-snippet:-1","max-image-preview":"max-image-preview:large","max-video-preview":"max-video-preview:-1"},"canonical":"https:\/\/lasentinelle.dz\/index.php\/2025\/12\/09\/des-engagements-presidentiels-confirmes-39-milliards-de-dollars-pour-lallocation-chomage\/","og_locale":"fr_FR","og_type":"article","og_title":"Des engagements pr\u00e9sidentiels confirm\u00e9s\u00a0: 3,9 milliards de dollars pour l&rsquo;allocation ch\u00f4mage - La Sentinelle","og_description":"Le ministre du Travail r\u00e9v\u00e8le l&rsquo;ampleur du dispositif social qui b\u00e9n\u00e9ficie \u00e0 2,3 millions de jeunes, avec une hausse pr\u00e9vue","og_url":"https:\/\/lasentinelle.dz\/index.php\/2025\/12\/09\/des-engagements-presidentiels-confirmes-39-milliards-de-dollars-pour-lallocation-chomage\/","og_site_name":"La Sentinelle","article_publisher":"https:\/\/www.facebook.com\/La-Sentinelle-104059864394773","article_published_time":"2025-12-09T12:20:04+00:00","article_modified_time":"2025-12-09T12:20:06+00:00","og_image":[{"width":768,"height":439,"url":"https:\/\/lasentinelle.dz\/wp-content\/uploads\/2024\/07\/argent.jpeg","type":"image\/jpeg"}],"author":"admin","twitter_card":"summary_large_image","twitter_misc":{"\u00c9crit par":"admin","Dur\u00e9e de lecture estim\u00e9e":"5 minutes"},"schema":{"@context":"https:\/\/schema.org","@graph":[{"@type":"Article","@id":"https:\/\/lasentinelle.dz\/index.php\/2025\/12\/09\/des-engagements-presidentiels-confirmes-39-milliards-de-dollars-pour-lallocation-chomage\/#article","isPartOf":{"@id":"https:\/\/lasentinelle.dz\/index.php\/2025\/12\/09\/des-engagements-presidentiels-confirmes-39-milliards-de-dollars-pour-lallocation-chomage\/"},"author":{"name":"admin","@id":"https:\/\/lasentinelle.dz\/#\/schema\/person\/729ee0024f24e0b8c5ec17232f8e8b41"},"headline":"Des engagements pr\u00e9sidentiels confirm\u00e9s\u00a0: 3,9 milliards de dollars pour l&rsquo;allocation ch\u00f4mage","datePublished":"2025-12-09T12:20:04+00:00","dateModified":"2025-12-09T12:20:06+00:00","mainEntityOfPage":{"@id":"https:\/\/lasentinelle.dz\/index.php\/2025\/12\/09\/des-engagements-presidentiels-confirmes-39-milliards-de-dollars-pour-lallocation-chomage\/"},"wordCount":864,"commentCount":0,"publisher":{"@id":"https:\/\/lasentinelle.dz\/#organization"},"image":{"@id":"https:\/\/lasentinelle.dz\/index.php\/2025\/12\/09\/des-engagements-presidentiels-confirmes-39-milliards-de-dollars-pour-lallocation-chomage\/#primaryimage"},"thumbnailUrl":"https:\/\/lasentinelle.dz\/wp-content\/uploads\/2024\/07\/argent.jpeg","articleSection":["\u00c0 la Une","Actualit\u00e9"],"inLanguage":"fr-FR","potentialAction":[{"@type":"CommentAction","name":"Comment","target":["https:\/\/lasentinelle.dz\/index.php\/2025\/12\/09\/des-engagements-presidentiels-confirmes-39-milliards-de-dollars-pour-lallocation-chomage\/#respond"]}]},{"@type":"WebPage","@id":"https:\/\/lasentinelle.dz\/index.php\/2025\/12\/09\/des-engagements-presidentiels-confirmes-39-milliards-de-dollars-pour-lallocation-chomage\/","url":"https:\/\/lasentinelle.dz\/index.php\/2025\/12\/09\/des-engagements-presidentiels-confirmes-39-milliards-de-dollars-pour-lallocation-chomage\/","name":"Des engagements pr\u00e9sidentiels confirm\u00e9s\u00a0: 3,9 milliards de dollars pour l&rsquo;allocation ch\u00f4mage - La Sentinelle","isPartOf":{"@id":"https:\/\/lasentinelle.dz\/#website"},"primaryImageOfPage":{"@id":"https:\/\/lasentinelle.dz\/index.php\/2025\/12\/09\/des-engagements-presidentiels-confirmes-39-milliards-de-dollars-pour-lallocation-chomage\/#primaryimage"},"image":{"@id":"https:\/\/lasentinelle.dz\/index.php\/2025\/12\/09\/des-engagements-presidentiels-confirmes-39-milliards-de-dollars-pour-lallocation-chomage\/#primaryimage"},"thumbnailUrl":"https:\/\/lasentinelle.dz\/wp-content\/uploads\/2024\/07\/argent.jpeg","datePublished":"2025-12-09T12:20:04+00:00","dateModified":"2025-12-09T12:20:06+00:00","breadcrumb":{"@id":"https:\/\/lasentinelle.dz\/index.php\/2025\/12\/09\/des-engagements-presidentiels-confirmes-39-milliards-de-dollars-pour-lallocation-chomage\/#breadcrumb"},"inLanguage":"fr-FR","potentialAction":[{"@type":"ReadAction","target":["https:\/\/lasentinelle.dz\/index.php\/2025\/12\/09\/des-engagements-presidentiels-confirmes-39-milliards-de-dollars-pour-lallocation-chomage\/"]}]},{"@type":"ImageObject","inLanguage":"fr-FR","@id":"https:\/\/lasentinelle.dz\/index.php\/2025\/12\/09\/des-engagements-presidentiels-confirmes-39-milliards-de-dollars-pour-lallocation-chomage\/#primaryimage","url":"https:\/\/lasentinelle.dz\/wp-content\/uploads\/2024\/07\/argent.jpeg","contentUrl":"https:\/\/lasentinelle.dz\/wp-content\/uploads\/2024\/07\/argent.jpeg","width":768,"height":439},{"@type":"BreadcrumbList","@id":"https:\/\/lasentinelle.dz\/index.php\/2025\/12\/09\/des-engagements-presidentiels-confirmes-39-milliards-de-dollars-pour-lallocation-chomage\/#breadcrumb","itemListElement":[{"@type":"ListItem","position":1,"name":"Accueil","item":"https:\/\/lasentinelle.dz\/"},{"@type":"ListItem","position":2,"name":"Des engagements pr\u00e9sidentiels confirm\u00e9s\u00a0: 3,9 milliards de dollars pour l&rsquo;allocation ch\u00f4mage"}]},{"@type":"WebSite","@id":"https:\/\/lasentinelle.dz\/#website","url":"https:\/\/lasentinelle.dz\/","name":"La Sentinelle","description":"Quotidien national d&#039;information","publisher":{"@id":"https:\/\/lasentinelle.dz\/#organization"},"potentialAction":[{"@type":"SearchAction","target":{"@type":"EntryPoint","urlTemplate":"https:\/\/lasentinelle.dz\/?s={search_term_string}"},"query-input":{"@type":"PropertyValueSpecification","valueRequired":true,"valueName":"search_term_string"}}],"inLanguage":"fr-FR"},{"@type":"Organization","@id":"https:\/\/lasentinelle.dz\/#organization","name":"Quotidien La Sentinelle","url":"https:\/\/lasentinelle.dz\/","logo":{"@type":"ImageObject","inLanguage":"fr-FR","@id":"https:\/\/lasentinelle.dz\/#\/schema\/logo\/image\/","url":"https:\/\/lasentinelle.dz\/wp-content\/uploads\/2021\/09\/logo-sentinelleSLOGAN-1.png","contentUrl":"https:\/\/lasentinelle.dz\/wp-content\/uploads\/2021\/09\/logo-sentinelleSLOGAN-1.png","width":615,"height":142,"caption":"Quotidien La Sentinelle"},"image":{"@id":"https:\/\/lasentinelle.dz\/#\/schema\/logo\/image\/"},"sameAs":["https:\/\/www.facebook.com\/La-Sentinelle-104059864394773"]},{"@type":"Person","@id":"https:\/\/lasentinelle.dz\/#\/schema\/person\/729ee0024f24e0b8c5ec17232f8e8b41","name":"admin","image":{"@type":"ImageObject","inLanguage":"fr-FR","@id":"https:\/\/secure.gravatar.com\/avatar\/4c81fed838786e9b53f540bf46533e750f5d292099ae3b66cfc6fb1982e29df7?s=96&d=mm&r=g","url":"https:\/\/secure.gravatar.com\/avatar\/4c81fed838786e9b53f540bf46533e750f5d292099ae3b66cfc6fb1982e29df7?s=96&d=mm&r=g","contentUrl":"https:\/\/secure.gravatar.com\/avatar\/4c81fed838786e9b53f540bf46533e750f5d292099ae3b66cfc6fb1982e29df7?s=96&d=mm&r=g","caption":"admin"},"description":"admin","url":"https:\/\/lasentinelle.dz\/author\/admin\/"}]}},"_links":{"self":[{"href":"https:\/\/lasentinelle.dz\/index.php\/wp-json\/wp\/v2\/posts\/77518","targetHints":{"allow":["GET"]}}],"collection":[{"href":"https:\/\/lasentinelle.dz\/index.php\/wp-json\/wp\/v2\/posts"}],"about":[{"href":"https:\/\/lasentinelle.dz\/index.php\/wp-json\/wp\/v2\/types\/post"}],"author":[{"embeddable":true,"href":"https:\/\/lasentinelle.dz\/index.php\/wp-json\/wp\/v2\/users\/6"}],"replies":[{"embeddable":true,"href":"https:\/\/lasentinelle.dz\/index.php\/wp-json\/wp\/v2\/comments?post=77518"}],"version-history":[{"count":2,"href":"https:\/\/lasentinelle.dz\/index.php\/wp-json\/wp\/v2\/posts\/77518\/revisions"}],"predecessor-version":[{"id":77520,"href":"https:\/\/lasentinelle.dz\/index.php\/wp-json\/wp\/v2\/posts\/77518\/revisions\/77520"}],"wp:featuredmedia":[{"embeddable":true,"href":"https:\/\/lasentinelle.dz\/index.php\/wp-json\/wp\/v2\/media\/54577"}],"wp:attachment":[{"href":"https:\/\/lasentinelle.dz\/index.php\/wp-json\/wp\/v2\/media?parent=77518"}],"wp:term":[{"taxonomy":"category","embeddable":true,"href":"https:\/\/lasentinelle.dz\/index.php\/wp-json\/wp\/v2\/categories?post=77518"},{"taxonomy":"post_tag","embeddable":true,"href":"https:\/\/lasentinelle.dz\/index.php\/wp-json\/wp\/v2\/tags?post=77518"}],"curies":[{"name":"wp","href":"https:\/\/api.w.org\/{rel}","templated":true}]}}