{"id":77521,"date":"2025-12-10T12:21:30","date_gmt":"2025-12-10T11:21:30","guid":{"rendered":"https:\/\/lasentinelle.dz\/?p=77521"},"modified":"2025-12-10T12:21:31","modified_gmt":"2025-12-10T11:21:31","slug":"climat-2025-en-passe-de-devenir-lune-des-trois-annees-les-plus-chaudes","status":"publish","type":"post","link":"https:\/\/lasentinelle.dz\/index.php\/2025\/12\/10\/climat-2025-en-passe-de-devenir-lune-des-trois-annees-les-plus-chaudes\/","title":{"rendered":"Climat\u00a0: 2025 en passe de devenir l&rsquo;une des trois ann\u00e9es les plus chaudes\u00a0"},"content":{"rendered":"\n<p>L&rsquo;ann\u00e9e 2025 devrait se classer comme la deuxi\u00e8me ou troisi\u00e8me ann\u00e9e la plus chaude jamais enregistr\u00e9e, possiblement \u00e0 \u00e9galit\u00e9 avec 2023, selon les donn\u00e9es publi\u00e9es mardi par l&rsquo;observatoire europ\u00e9en Copernicus. Le mois de novembre 2025 s&rsquo;est impos\u00e9 comme le troisi\u00e8me mois de novembre le plus chaud de l&rsquo;histoire, confirmant une tendance au r\u00e9chauffement g\u00e9n\u00e9ralis\u00e9 qui rapproche dangereusement la plan\u00e8te du seuil critique de +1,5\u00b0C. Les chiffres publi\u00e9s par le Service europ\u00e9en d&rsquo;observation de la Terre Copernicus dressent un constat alarmant de l&rsquo;\u00e9volution du climat mondial. Selon le communiqu\u00e9 de l&rsquo;observatoire, \u00ab\u00a02025 est pratiquement certaine de finir deuxi\u00e8me ou troisi\u00e8me ann\u00e9e la plus chaude enregistr\u00e9e, possiblement \u00e0 \u00e9galit\u00e9 avec 2023\u00a0\u00bb. Cette projection place l&rsquo;ann\u00e9e en cours juste derri\u00e8re le record historique \u00e9tabli en 2024, confirmant que les ann\u00e9es les plus chaudes de l&rsquo;histoire moderne se concentrent toutes sur la p\u00e9riode r\u00e9cente. Les donn\u00e9es r\u00e9v\u00e8lent que \u00ab\u00a0l&rsquo;anomalie de temp\u00e9rature moyenne mondiale pour la p\u00e9riode de janvier \u00e0 novembre 2025 est de 0,60\u00b0C au-dessus de la moyenne de 1991-2020, ou 1,48\u00b0C au-dessus de la r\u00e9f\u00e9rence pr\u00e9industrielle de 1850-1900\u00a0\u00bb, p\u00e9riode ant\u00e9rieure au r\u00e9chauffement durable du climat sous l&rsquo;effet de l&rsquo;activit\u00e9 humaine. \u00c0 l&rsquo;\u00e9chelle mensuelle, novembre 2025 a enregistr\u00e9 une temp\u00e9rature moyenne \u00e0 la surface du globe de 14,02\u00b0C, soit 0,65\u00b0C au-dessus de la moyenne de la p\u00e9riode 1991-2020, ce qui en fait le troisi\u00e8me mois de novembre le plus chaud de l&rsquo;histoire apr\u00e8s 2023 et 2024. Par rapport \u00e0 l&rsquo;\u00e8re pr\u00e9industrielle, cette temp\u00e9rature repr\u00e9sente un \u00e9cart de 1,54\u00b0C, rapprochant dangereusement la plan\u00e8te du seuil symbolique de 1,5\u00b0C fix\u00e9 par l&rsquo;Accord de Paris. Si 2025 ne devrait pas franchir durablement ce seuil \u00e0 elle seule, la moyenne mondiale sur la p\u00e9riode 2023-2025 le d\u00e9passerait pour la premi\u00e8re fois sur trois ann\u00e9es cons\u00e9cutives, un signal pr\u00e9occupant pour les climatologues. L&rsquo;Accord de Paris, ratifi\u00e9 en 2015, vise \u00e0 contenir le r\u00e9chauffement climatique nettement en dessous de 2\u00b0C et, si possible, \u00e0 1,5\u00b0C par rapport aux niveaux pr\u00e9industriels. Plusieurs rapports scientifiques r\u00e9cents estiment d\u00e9sormais que le d\u00e9passement durable de ce seuil de 1,5\u00b0C est probable d&rsquo;ici la fin de la d\u00e9cennie. Les oc\u00e9ans, r\u00e9gulateurs thermiques essentiels de la plan\u00e8te, n&rsquo;\u00e9chappent pas \u00e0 cette tendance au r\u00e9chauffement. La temp\u00e9rature de surface des oc\u00e9ans, mesur\u00e9e entre 60\u00b0 Nord et 60\u00b0 Sud, a atteint 20,42\u00b0C en novembre 2025, soit la quatri\u00e8me valeur la plus \u00e9lev\u00e9e jamais observ\u00e9e pour ce mois. Cette \u00e9l\u00e9vation des temp\u00e9ratures oc\u00e9aniques joue un r\u00f4le crucial dans l&rsquo;intensification des ph\u00e9nom\u00e8nes m\u00e9t\u00e9orologiques extr\u00eames. Copernicus souligne d&rsquo;ailleurs que novembre \u00ab\u00a0a \u00e9t\u00e9 marqu\u00e9 par plusieurs ph\u00e9nom\u00e8nes m\u00e9t\u00e9orologiques extr\u00eames, notamment des cyclones tropicaux en Asie du Sud-Est, qui ont provoqu\u00e9 des inondations catastrophiques \u00e0 grande \u00e9chelle et caus\u00e9 des pertes humaines\u00a0\u00bb.&nbsp;<\/p>\n\n\n\n<p>Le d\u00e9r\u00e8glement climatique g\u00e9n\u00e9r\u00e9 par l&rsquo;activit\u00e9 humaine rend les ph\u00e9nom\u00e8nes m\u00e9t\u00e9orologiques extr\u00eames plus fr\u00e9quents, plus meurtriers et plus destructeurs. Cette r\u00e9alit\u00e9 se traduit par une multiplication des \u00e9v\u00e9nements climatiques extr\u00eames aux cons\u00e9quences humanitaires et \u00e9conomiques consid\u00e9rables.&nbsp;<\/p>\n\n\n\n<p>Lyna Larbi<\/p>\n","protected":false},"excerpt":{"rendered":"<p>L&rsquo;ann\u00e9e 2025 devrait se classer comme la deuxi\u00e8me ou troisi\u00e8me ann\u00e9e la plus chaude jamais enregistr\u00e9e, possiblement \u00e0 \u00e9galit\u00e9 avec<\/p>\n","protected":false},"author":6,"featured_media":21431,"comment_status":"open","ping_status":"closed","sticky":false,"template":"","format":"standard","meta":{"colormag_page_container_layout":"default_layout","colormag_page_sidebar_layout":"default_layout","om_disable_all_campaigns":false,"_monsterinsights_skip_tracking":false,"_monsterinsights_sitenote_active":false,"_monsterinsights_sitenote_note":"","_monsterinsights_sitenote_category":0,"footnotes":"","_wpscppro_dont_share_socialmedia":false,"_wpscppro_custom_social_share_image":0,"_facebook_share_type":"default","_twitter_share_type":"default","_linkedin_share_type":"default","_pinterest_share_type":"default","_linkedin_share_type_page":"","_instagram_share_type":"default","_medium_share_type":"default","_threads_share_type":"default","_google_business_share_type":"default","_selected_social_profile":[],"_wpsp_enable_custom_social_template":false,"_wpsp_social_scheduling":{"enabled":false,"datetime":null,"platforms":[],"status":"template_only","dateOption":"today","timeOption":"now","customDays":"","customHours":"","customDate":"","customTime":"","schedulingType":"absolute"},"_wpsp_active_default_template":true},"categories":[27],"tags":[],"class_list":["post-77521","post","type-post","status-publish","format-standard","has-post-thumbnail","hentry","category-actualite"],"aioseo_notices":[],"yoast_head":"<!-- This site is optimized with the Yoast SEO plugin v27.5 - https:\/\/yoast.com\/product\/yoast-seo-wordpress\/ -->\n<title>Climat\u00a0: 2025 en passe de devenir l&rsquo;une des trois ann\u00e9es les plus chaudes\u00a0 - La Sentinelle<\/title>\n<meta name=\"robots\" content=\"index, follow, max-snippet:-1, max-image-preview:large, max-video-preview:-1\" \/>\n<link rel=\"canonical\" href=\"https:\/\/lasentinelle.dz\/index.php\/2025\/12\/10\/climat-2025-en-passe-de-devenir-lune-des-trois-annees-les-plus-chaudes\/\" \/>\n<meta property=\"og:locale\" content=\"fr_FR\" \/>\n<meta property=\"og:type\" content=\"article\" \/>\n<meta property=\"og:title\" content=\"Climat\u00a0: 2025 en passe de devenir l&rsquo;une des trois ann\u00e9es les plus chaudes\u00a0 - La Sentinelle\" \/>\n<meta property=\"og:description\" content=\"L&rsquo;ann\u00e9e 2025 devrait se classer comme la deuxi\u00e8me ou troisi\u00e8me ann\u00e9e la plus chaude jamais enregistr\u00e9e, possiblement \u00e0 \u00e9galit\u00e9 avec\" \/>\n<meta property=\"og:url\" content=\"https:\/\/lasentinelle.dz\/index.php\/2025\/12\/10\/climat-2025-en-passe-de-devenir-lune-des-trois-annees-les-plus-chaudes\/\" \/>\n<meta property=\"og:site_name\" content=\"La Sentinelle\" \/>\n<meta property=\"article:publisher\" content=\"https:\/\/www.facebook.com\/La-Sentinelle-104059864394773\" \/>\n<meta property=\"article:published_time\" content=\"2025-12-10T11:21:30+00:00\" \/>\n<meta property=\"article:modified_time\" content=\"2025-12-10T11:21:31+00:00\" \/>\n<meta property=\"og:image\" content=\"https:\/\/lasentinelle.dz\/wp-content\/uploads\/2022\/05\/canicule-450x300-1.png\" \/>\n\t<meta property=\"og:image:width\" content=\"1350\" \/>\n\t<meta property=\"og:image:height\" content=\"900\" \/>\n\t<meta property=\"og:image:type\" content=\"image\/png\" \/>\n<meta name=\"author\" content=\"admin\" \/>\n<meta name=\"twitter:card\" content=\"summary_large_image\" \/>\n<meta name=\"twitter:label1\" content=\"\u00c9crit par\" \/>\n\t<meta name=\"twitter:data1\" content=\"admin\" \/>\n\t<meta name=\"twitter:label2\" content=\"Dur\u00e9e de lecture estim\u00e9e\" \/>\n\t<meta name=\"twitter:data2\" content=\"3 minutes\" \/>\n<script type=\"application\/ld+json\" class=\"yoast-schema-graph\">{\"@context\":\"https:\\\/\\\/schema.org\",\"@graph\":[{\"@type\":\"Article\",\"@id\":\"https:\\\/\\\/lasentinelle.dz\\\/index.php\\\/2025\\\/12\\\/10\\\/climat-2025-en-passe-de-devenir-lune-des-trois-annees-les-plus-chaudes\\\/#article\",\"isPartOf\":{\"@id\":\"https:\\\/\\\/lasentinelle.dz\\\/index.php\\\/2025\\\/12\\\/10\\\/climat-2025-en-passe-de-devenir-lune-des-trois-annees-les-plus-chaudes\\\/\"},\"author\":{\"name\":\"admin\",\"@id\":\"https:\\\/\\\/lasentinelle.dz\\\/#\\\/schema\\\/person\\\/729ee0024f24e0b8c5ec17232f8e8b41\"},\"headline\":\"Climat\u00a0: 2025 en passe de devenir l&rsquo;une des trois ann\u00e9es les plus chaudes\u00a0\",\"datePublished\":\"2025-12-10T11:21:30+00:00\",\"dateModified\":\"2025-12-10T11:21:31+00:00\",\"mainEntityOfPage\":{\"@id\":\"https:\\\/\\\/lasentinelle.dz\\\/index.php\\\/2025\\\/12\\\/10\\\/climat-2025-en-passe-de-devenir-lune-des-trois-annees-les-plus-chaudes\\\/\"},\"wordCount\":584,\"commentCount\":0,\"publisher\":{\"@id\":\"https:\\\/\\\/lasentinelle.dz\\\/#organization\"},\"image\":{\"@id\":\"https:\\\/\\\/lasentinelle.dz\\\/index.php\\\/2025\\\/12\\\/10\\\/climat-2025-en-passe-de-devenir-lune-des-trois-annees-les-plus-chaudes\\\/#primaryimage\"},\"thumbnailUrl\":\"https:\\\/\\\/lasentinelle.dz\\\/wp-content\\\/uploads\\\/2022\\\/05\\\/canicule-450x300-1.png\",\"articleSection\":[\"Actualit\u00e9\"],\"inLanguage\":\"fr-FR\",\"potentialAction\":[{\"@type\":\"CommentAction\",\"name\":\"Comment\",\"target\":[\"https:\\\/\\\/lasentinelle.dz\\\/index.php\\\/2025\\\/12\\\/10\\\/climat-2025-en-passe-de-devenir-lune-des-trois-annees-les-plus-chaudes\\\/#respond\"]}]},{\"@type\":\"WebPage\",\"@id\":\"https:\\\/\\\/lasentinelle.dz\\\/index.php\\\/2025\\\/12\\\/10\\\/climat-2025-en-passe-de-devenir-lune-des-trois-annees-les-plus-chaudes\\\/\",\"url\":\"https:\\\/\\\/lasentinelle.dz\\\/index.php\\\/2025\\\/12\\\/10\\\/climat-2025-en-passe-de-devenir-lune-des-trois-annees-les-plus-chaudes\\\/\",\"name\":\"Climat\u00a0: 2025 en passe de devenir l&rsquo;une des trois ann\u00e9es les plus chaudes\u00a0 - La Sentinelle\",\"isPartOf\":{\"@id\":\"https:\\\/\\\/lasentinelle.dz\\\/#website\"},\"primaryImageOfPage\":{\"@id\":\"https:\\\/\\\/lasentinelle.dz\\\/index.php\\\/2025\\\/12\\\/10\\\/climat-2025-en-passe-de-devenir-lune-des-trois-annees-les-plus-chaudes\\\/#primaryimage\"},\"image\":{\"@id\":\"https:\\\/\\\/lasentinelle.dz\\\/index.php\\\/2025\\\/12\\\/10\\\/climat-2025-en-passe-de-devenir-lune-des-trois-annees-les-plus-chaudes\\\/#primaryimage\"},\"thumbnailUrl\":\"https:\\\/\\\/lasentinelle.dz\\\/wp-content\\\/uploads\\\/2022\\\/05\\\/canicule-450x300-1.png\",\"datePublished\":\"2025-12-10T11:21:30+00:00\",\"dateModified\":\"2025-12-10T11:21:31+00:00\",\"breadcrumb\":{\"@id\":\"https:\\\/\\\/lasentinelle.dz\\\/index.php\\\/2025\\\/12\\\/10\\\/climat-2025-en-passe-de-devenir-lune-des-trois-annees-les-plus-chaudes\\\/#breadcrumb\"},\"inLanguage\":\"fr-FR\",\"potentialAction\":[{\"@type\":\"ReadAction\",\"target\":[\"https:\\\/\\\/lasentinelle.dz\\\/index.php\\\/2025\\\/12\\\/10\\\/climat-2025-en-passe-de-devenir-lune-des-trois-annees-les-plus-chaudes\\\/\"]}]},{\"@type\":\"ImageObject\",\"inLanguage\":\"fr-FR\",\"@id\":\"https:\\\/\\\/lasentinelle.dz\\\/index.php\\\/2025\\\/12\\\/10\\\/climat-2025-en-passe-de-devenir-lune-des-trois-annees-les-plus-chaudes\\\/#primaryimage\",\"url\":\"https:\\\/\\\/lasentinelle.dz\\\/wp-content\\\/uploads\\\/2022\\\/05\\\/canicule-450x300-1.png\",\"contentUrl\":\"https:\\\/\\\/lasentinelle.dz\\\/wp-content\\\/uploads\\\/2022\\\/05\\\/canicule-450x300-1.png\",\"width\":1350,\"height\":900},{\"@type\":\"BreadcrumbList\",\"@id\":\"https:\\\/\\\/lasentinelle.dz\\\/index.php\\\/2025\\\/12\\\/10\\\/climat-2025-en-passe-de-devenir-lune-des-trois-annees-les-plus-chaudes\\\/#breadcrumb\",\"itemListElement\":[{\"@type\":\"ListItem\",\"position\":1,\"name\":\"Accueil\",\"item\":\"https:\\\/\\\/lasentinelle.dz\\\/\"},{\"@type\":\"ListItem\",\"position\":2,\"name\":\"Climat\u00a0: 2025 en passe de devenir l&rsquo;une des trois ann\u00e9es les plus chaudes\u00a0\"}]},{\"@type\":\"WebSite\",\"@id\":\"https:\\\/\\\/lasentinelle.dz\\\/#website\",\"url\":\"https:\\\/\\\/lasentinelle.dz\\\/\",\"name\":\"La Sentinelle\",\"description\":\"Quotidien national d&#039;information\",\"publisher\":{\"@id\":\"https:\\\/\\\/lasentinelle.dz\\\/#organization\"},\"potentialAction\":[{\"@type\":\"SearchAction\",\"target\":{\"@type\":\"EntryPoint\",\"urlTemplate\":\"https:\\\/\\\/lasentinelle.dz\\\/?s={search_term_string}\"},\"query-input\":{\"@type\":\"PropertyValueSpecification\",\"valueRequired\":true,\"valueName\":\"search_term_string\"}}],\"inLanguage\":\"fr-FR\"},{\"@type\":\"Organization\",\"@id\":\"https:\\\/\\\/lasentinelle.dz\\\/#organization\",\"name\":\"Quotidien La Sentinelle\",\"url\":\"https:\\\/\\\/lasentinelle.dz\\\/\",\"logo\":{\"@type\":\"ImageObject\",\"inLanguage\":\"fr-FR\",\"@id\":\"https:\\\/\\\/lasentinelle.dz\\\/#\\\/schema\\\/logo\\\/image\\\/\",\"url\":\"https:\\\/\\\/lasentinelle.dz\\\/wp-content\\\/uploads\\\/2021\\\/09\\\/logo-sentinelleSLOGAN-1.png\",\"contentUrl\":\"https:\\\/\\\/lasentinelle.dz\\\/wp-content\\\/uploads\\\/2021\\\/09\\\/logo-sentinelleSLOGAN-1.png\",\"width\":615,\"height\":142,\"caption\":\"Quotidien La Sentinelle\"},\"image\":{\"@id\":\"https:\\\/\\\/lasentinelle.dz\\\/#\\\/schema\\\/logo\\\/image\\\/\"},\"sameAs\":[\"https:\\\/\\\/www.facebook.com\\\/La-Sentinelle-104059864394773\"]},{\"@type\":\"Person\",\"@id\":\"https:\\\/\\\/lasentinelle.dz\\\/#\\\/schema\\\/person\\\/729ee0024f24e0b8c5ec17232f8e8b41\",\"name\":\"admin\",\"image\":{\"@type\":\"ImageObject\",\"inLanguage\":\"fr-FR\",\"@id\":\"https:\\\/\\\/secure.gravatar.com\\\/avatar\\\/4c81fed838786e9b53f540bf46533e750f5d292099ae3b66cfc6fb1982e29df7?s=96&d=mm&r=g\",\"url\":\"https:\\\/\\\/secure.gravatar.com\\\/avatar\\\/4c81fed838786e9b53f540bf46533e750f5d292099ae3b66cfc6fb1982e29df7?s=96&d=mm&r=g\",\"contentUrl\":\"https:\\\/\\\/secure.gravatar.com\\\/avatar\\\/4c81fed838786e9b53f540bf46533e750f5d292099ae3b66cfc6fb1982e29df7?s=96&d=mm&r=g\",\"caption\":\"admin\"},\"description\":\"admin\",\"url\":\"https:\\\/\\\/lasentinelle.dz\\\/author\\\/admin\\\/\"}]}<\/script>\n<!-- \/ Yoast SEO plugin. -->","yoast_head_json":{"title":"Climat\u00a0: 2025 en passe de devenir l&rsquo;une des trois ann\u00e9es les plus chaudes\u00a0 - La Sentinelle","robots":{"index":"index","follow":"follow","max-snippet":"max-snippet:-1","max-image-preview":"max-image-preview:large","max-video-preview":"max-video-preview:-1"},"canonical":"https:\/\/lasentinelle.dz\/index.php\/2025\/12\/10\/climat-2025-en-passe-de-devenir-lune-des-trois-annees-les-plus-chaudes\/","og_locale":"fr_FR","og_type":"article","og_title":"Climat\u00a0: 2025 en passe de devenir l&rsquo;une des trois ann\u00e9es les plus chaudes\u00a0 - La Sentinelle","og_description":"L&rsquo;ann\u00e9e 2025 devrait se classer comme la deuxi\u00e8me ou troisi\u00e8me ann\u00e9e la plus chaude jamais enregistr\u00e9e, possiblement \u00e0 \u00e9galit\u00e9 avec","og_url":"https:\/\/lasentinelle.dz\/index.php\/2025\/12\/10\/climat-2025-en-passe-de-devenir-lune-des-trois-annees-les-plus-chaudes\/","og_site_name":"La Sentinelle","article_publisher":"https:\/\/www.facebook.com\/La-Sentinelle-104059864394773","article_published_time":"2025-12-10T11:21:30+00:00","article_modified_time":"2025-12-10T11:21:31+00:00","og_image":[{"width":1350,"height":900,"url":"https:\/\/lasentinelle.dz\/wp-content\/uploads\/2022\/05\/canicule-450x300-1.png","type":"image\/png"}],"author":"admin","twitter_card":"summary_large_image","twitter_misc":{"\u00c9crit par":"admin","Dur\u00e9e de lecture estim\u00e9e":"3 minutes"},"schema":{"@context":"https:\/\/schema.org","@graph":[{"@type":"Article","@id":"https:\/\/lasentinelle.dz\/index.php\/2025\/12\/10\/climat-2025-en-passe-de-devenir-lune-des-trois-annees-les-plus-chaudes\/#article","isPartOf":{"@id":"https:\/\/lasentinelle.dz\/index.php\/2025\/12\/10\/climat-2025-en-passe-de-devenir-lune-des-trois-annees-les-plus-chaudes\/"},"author":{"name":"admin","@id":"https:\/\/lasentinelle.dz\/#\/schema\/person\/729ee0024f24e0b8c5ec17232f8e8b41"},"headline":"Climat\u00a0: 2025 en passe de devenir l&rsquo;une des trois ann\u00e9es les plus chaudes\u00a0","datePublished":"2025-12-10T11:21:30+00:00","dateModified":"2025-12-10T11:21:31+00:00","mainEntityOfPage":{"@id":"https:\/\/lasentinelle.dz\/index.php\/2025\/12\/10\/climat-2025-en-passe-de-devenir-lune-des-trois-annees-les-plus-chaudes\/"},"wordCount":584,"commentCount":0,"publisher":{"@id":"https:\/\/lasentinelle.dz\/#organization"},"image":{"@id":"https:\/\/lasentinelle.dz\/index.php\/2025\/12\/10\/climat-2025-en-passe-de-devenir-lune-des-trois-annees-les-plus-chaudes\/#primaryimage"},"thumbnailUrl":"https:\/\/lasentinelle.dz\/wp-content\/uploads\/2022\/05\/canicule-450x300-1.png","articleSection":["Actualit\u00e9"],"inLanguage":"fr-FR","potentialAction":[{"@type":"CommentAction","name":"Comment","target":["https:\/\/lasentinelle.dz\/index.php\/2025\/12\/10\/climat-2025-en-passe-de-devenir-lune-des-trois-annees-les-plus-chaudes\/#respond"]}]},{"@type":"WebPage","@id":"https:\/\/lasentinelle.dz\/index.php\/2025\/12\/10\/climat-2025-en-passe-de-devenir-lune-des-trois-annees-les-plus-chaudes\/","url":"https:\/\/lasentinelle.dz\/index.php\/2025\/12\/10\/climat-2025-en-passe-de-devenir-lune-des-trois-annees-les-plus-chaudes\/","name":"Climat\u00a0: 2025 en passe de devenir l&rsquo;une des trois ann\u00e9es les plus chaudes\u00a0 - La Sentinelle","isPartOf":{"@id":"https:\/\/lasentinelle.dz\/#website"},"primaryImageOfPage":{"@id":"https:\/\/lasentinelle.dz\/index.php\/2025\/12\/10\/climat-2025-en-passe-de-devenir-lune-des-trois-annees-les-plus-chaudes\/#primaryimage"},"image":{"@id":"https:\/\/lasentinelle.dz\/index.php\/2025\/12\/10\/climat-2025-en-passe-de-devenir-lune-des-trois-annees-les-plus-chaudes\/#primaryimage"},"thumbnailUrl":"https:\/\/lasentinelle.dz\/wp-content\/uploads\/2022\/05\/canicule-450x300-1.png","datePublished":"2025-12-10T11:21:30+00:00","dateModified":"2025-12-10T11:21:31+00:00","breadcrumb":{"@id":"https:\/\/lasentinelle.dz\/index.php\/2025\/12\/10\/climat-2025-en-passe-de-devenir-lune-des-trois-annees-les-plus-chaudes\/#breadcrumb"},"inLanguage":"fr-FR","potentialAction":[{"@type":"ReadAction","target":["https:\/\/lasentinelle.dz\/index.php\/2025\/12\/10\/climat-2025-en-passe-de-devenir-lune-des-trois-annees-les-plus-chaudes\/"]}]},{"@type":"ImageObject","inLanguage":"fr-FR","@id":"https:\/\/lasentinelle.dz\/index.php\/2025\/12\/10\/climat-2025-en-passe-de-devenir-lune-des-trois-annees-les-plus-chaudes\/#primaryimage","url":"https:\/\/lasentinelle.dz\/wp-content\/uploads\/2022\/05\/canicule-450x300-1.png","contentUrl":"https:\/\/lasentinelle.dz\/wp-content\/uploads\/2022\/05\/canicule-450x300-1.png","width":1350,"height":900},{"@type":"BreadcrumbList","@id":"https:\/\/lasentinelle.dz\/index.php\/2025\/12\/10\/climat-2025-en-passe-de-devenir-lune-des-trois-annees-les-plus-chaudes\/#breadcrumb","itemListElement":[{"@type":"ListItem","position":1,"name":"Accueil","item":"https:\/\/lasentinelle.dz\/"},{"@type":"ListItem","position":2,"name":"Climat\u00a0: 2025 en passe de devenir l&rsquo;une des trois ann\u00e9es les plus chaudes\u00a0"}]},{"@type":"WebSite","@id":"https:\/\/lasentinelle.dz\/#website","url":"https:\/\/lasentinelle.dz\/","name":"La Sentinelle","description":"Quotidien national d&#039;information","publisher":{"@id":"https:\/\/lasentinelle.dz\/#organization"},"potentialAction":[{"@type":"SearchAction","target":{"@type":"EntryPoint","urlTemplate":"https:\/\/lasentinelle.dz\/?s={search_term_string}"},"query-input":{"@type":"PropertyValueSpecification","valueRequired":true,"valueName":"search_term_string"}}],"inLanguage":"fr-FR"},{"@type":"Organization","@id":"https:\/\/lasentinelle.dz\/#organization","name":"Quotidien La Sentinelle","url":"https:\/\/lasentinelle.dz\/","logo":{"@type":"ImageObject","inLanguage":"fr-FR","@id":"https:\/\/lasentinelle.dz\/#\/schema\/logo\/image\/","url":"https:\/\/lasentinelle.dz\/wp-content\/uploads\/2021\/09\/logo-sentinelleSLOGAN-1.png","contentUrl":"https:\/\/lasentinelle.dz\/wp-content\/uploads\/2021\/09\/logo-sentinelleSLOGAN-1.png","width":615,"height":142,"caption":"Quotidien La Sentinelle"},"image":{"@id":"https:\/\/lasentinelle.dz\/#\/schema\/logo\/image\/"},"sameAs":["https:\/\/www.facebook.com\/La-Sentinelle-104059864394773"]},{"@type":"Person","@id":"https:\/\/lasentinelle.dz\/#\/schema\/person\/729ee0024f24e0b8c5ec17232f8e8b41","name":"admin","image":{"@type":"ImageObject","inLanguage":"fr-FR","@id":"https:\/\/secure.gravatar.com\/avatar\/4c81fed838786e9b53f540bf46533e750f5d292099ae3b66cfc6fb1982e29df7?s=96&d=mm&r=g","url":"https:\/\/secure.gravatar.com\/avatar\/4c81fed838786e9b53f540bf46533e750f5d292099ae3b66cfc6fb1982e29df7?s=96&d=mm&r=g","contentUrl":"https:\/\/secure.gravatar.com\/avatar\/4c81fed838786e9b53f540bf46533e750f5d292099ae3b66cfc6fb1982e29df7?s=96&d=mm&r=g","caption":"admin"},"description":"admin","url":"https:\/\/lasentinelle.dz\/author\/admin\/"}]}},"_links":{"self":[{"href":"https:\/\/lasentinelle.dz\/index.php\/wp-json\/wp\/v2\/posts\/77521","targetHints":{"allow":["GET"]}}],"collection":[{"href":"https:\/\/lasentinelle.dz\/index.php\/wp-json\/wp\/v2\/posts"}],"about":[{"href":"https:\/\/lasentinelle.dz\/index.php\/wp-json\/wp\/v2\/types\/post"}],"author":[{"embeddable":true,"href":"https:\/\/lasentinelle.dz\/index.php\/wp-json\/wp\/v2\/users\/6"}],"replies":[{"embeddable":true,"href":"https:\/\/lasentinelle.dz\/index.php\/wp-json\/wp\/v2\/comments?post=77521"}],"version-history":[{"count":2,"href":"https:\/\/lasentinelle.dz\/index.php\/wp-json\/wp\/v2\/posts\/77521\/revisions"}],"predecessor-version":[{"id":77523,"href":"https:\/\/lasentinelle.dz\/index.php\/wp-json\/wp\/v2\/posts\/77521\/revisions\/77523"}],"wp:featuredmedia":[{"embeddable":true,"href":"https:\/\/lasentinelle.dz\/index.php\/wp-json\/wp\/v2\/media\/21431"}],"wp:attachment":[{"href":"https:\/\/lasentinelle.dz\/index.php\/wp-json\/wp\/v2\/media?parent=77521"}],"wp:term":[{"taxonomy":"category","embeddable":true,"href":"https:\/\/lasentinelle.dz\/index.php\/wp-json\/wp\/v2\/categories?post=77521"},{"taxonomy":"post_tag","embeddable":true,"href":"https:\/\/lasentinelle.dz\/index.php\/wp-json\/wp\/v2\/tags?post=77521"}],"curies":[{"name":"wp","href":"https:\/\/api.w.org\/{rel}","templated":true}]}}