{"id":77524,"date":"2025-12-10T12:23:10","date_gmt":"2025-12-10T11:23:10","guid":{"rendered":"https:\/\/lasentinelle.dz\/?p=77524"},"modified":"2025-12-10T12:23:11","modified_gmt":"2025-12-10T11:23:11","slug":"67-journalistes-tues-en-un-an-a-travers-le-monde-pres-de-la-moitie-a-ghaza","status":"publish","type":"post","link":"https:\/\/lasentinelle.dz\/index.php\/2025\/12\/10\/67-journalistes-tues-en-un-an-a-travers-le-monde-pres-de-la-moitie-a-ghaza\/","title":{"rendered":"67 journalistes tu\u00e9s en un an \u00e0 travers le monde, pr\u00e8s de la moiti\u00e9 \u00e0\u00a0Ghaza\u00a0"},"content":{"rendered":"\n<p>Un total de 67 journalistes ont \u00e9t\u00e9 tu\u00e9s dans l&rsquo;exercice ou en raison de leur m\u00e9tier \u00e0 travers le monde en un an, dont pr\u00e8s de la moiti\u00e9 dans la bande de&nbsp;Ghaza, en proie depuis plus de deux ans \u00e0 une agression g\u00e9nocidaire sioniste, selon un bilan de l&rsquo;organisation Reporters sans fronti\u00e8res(RSF), publi\u00e9 mardi. \u00ab\u00a0Le nombre de journalistes tu\u00e9s (du 1er d\u00e9cembre 2024 au 1er d\u00e9cembre 2025, ndlr) est reparti \u00e0 la hausse\u00a0\u00bb, d\u00e9plore l&rsquo;organisation de d\u00e9fense de la libert\u00e9 de la presse, selon qui \u00ab\u00a0les journalistes ne meurent pas, ils sont tu\u00e9s\u00a0\u00bb. Reporters sans fronti\u00e8res avait d\u00e9nombr\u00e9 49 journalistes tu\u00e9s en 2023, l&rsquo;un des chiffres les plus bas des vingt derni\u00e8res ann\u00e9es, mais l&rsquo;agression men\u00e9e par l&rsquo;entit\u00e9 sioniste dans la bande de&nbsp;Ghaza&nbsp;depuis le 7 octobre 2023 a nourri une hausse de ce bilan en 2024 (66 tu\u00e9s selon un bilan r\u00e9actualis\u00e9) et 2025 (67). Avec au moins 29 employ\u00e9s de m\u00e9dias tu\u00e9s ces douze derniers mois dans le territoire palestinien pendant qu&rsquo;ils exer\u00e7aient leur m\u00e9tier, et au moins 220 depuis octobre 2023 en comptant aussi ceux qui sont morts en dehors de leur activit\u00e9 professionnelle, l&rsquo;arm\u00e9e sioniste est \u00ab\u00a0le pire ennemi des journalistes\u00a0\u00bb, note RSF. D\u00e9but d\u00e9cembre, le bureau des m\u00e9dias \u00e0&nbsp;Ghaza&nbsp;avait annonc\u00e9 que le nombre de journalistes tomb\u00e9s en martyrs depuis le 7 octobre 2023 s&rsquo;est \u00e9lev\u00e9 \u00e0 257, d\u00e9non\u00e7ant la mort en martyr d&rsquo;un journaliste dans un bombardement de l&rsquo;arm\u00e9e sioniste dans le sud de l&rsquo;enclave palestinienne, malgr\u00e9 un cessez-le-feu en vigueur depuis le 10 octobre dernier. Reporters sans fronti\u00e8res d\u00e9plore aussi \u00ab\u00a0l&rsquo;ann\u00e9e la plus meurtri\u00e8re au Mexique depuis au moins trois ans\u00a0\u00bb, avec neuf journalistes tu\u00e9s.<\/p>\n","protected":false},"excerpt":{"rendered":"<p>Un total de 67 journalistes ont \u00e9t\u00e9 tu\u00e9s dans l&rsquo;exercice ou en raison de leur m\u00e9tier \u00e0 travers le monde<\/p>\n","protected":false},"author":6,"featured_media":46553,"comment_status":"open","ping_status":"closed","sticky":false,"template":"","format":"standard","meta":{"colormag_page_container_layout":"default_layout","colormag_page_sidebar_layout":"default_layout","om_disable_all_campaigns":false,"_monsterinsights_skip_tracking":false,"_monsterinsights_sitenote_active":false,"_monsterinsights_sitenote_note":"","_monsterinsights_sitenote_category":0,"footnotes":"","_wpscppro_dont_share_socialmedia":false,"_wpscppro_custom_social_share_image":0,"_facebook_share_type":"default","_twitter_share_type":"default","_linkedin_share_type":"default","_pinterest_share_type":"default","_linkedin_share_type_page":"","_instagram_share_type":"default","_medium_share_type":"default","_threads_share_type":"default","_google_business_share_type":"default","_selected_social_profile":[],"_wpsp_enable_custom_social_template":false,"_wpsp_social_scheduling":{"enabled":false,"datetime":null,"platforms":[],"status":"template_only","dateOption":"today","timeOption":"now","customDays":"","customHours":"","customDate":"","customTime":"","schedulingType":"absolute"},"_wpsp_active_default_template":true},"categories":[37],"tags":[],"class_list":["post-77524","post","type-post","status-publish","format-standard","has-post-thumbnail","hentry","category-monde"],"aioseo_notices":[],"yoast_head":"<!-- This site is optimized with the Yoast SEO plugin v27.5 - https:\/\/yoast.com\/product\/yoast-seo-wordpress\/ -->\n<title>67 journalistes tu\u00e9s en un an \u00e0 travers le monde, pr\u00e8s de la moiti\u00e9 \u00e0\u00a0Ghaza\u00a0 - La Sentinelle<\/title>\n<meta name=\"robots\" content=\"index, follow, max-snippet:-1, max-image-preview:large, max-video-preview:-1\" \/>\n<link rel=\"canonical\" href=\"https:\/\/lasentinelle.dz\/index.php\/2025\/12\/10\/67-journalistes-tues-en-un-an-a-travers-le-monde-pres-de-la-moitie-a-ghaza\/\" \/>\n<meta property=\"og:locale\" content=\"fr_FR\" \/>\n<meta property=\"og:type\" content=\"article\" \/>\n<meta property=\"og:title\" content=\"67 journalistes tu\u00e9s en un an \u00e0 travers le monde, pr\u00e8s de la moiti\u00e9 \u00e0\u00a0Ghaza\u00a0 - La Sentinelle\" \/>\n<meta property=\"og:description\" content=\"Un total de 67 journalistes ont \u00e9t\u00e9 tu\u00e9s dans l&rsquo;exercice ou en raison de leur m\u00e9tier \u00e0 travers le monde\" \/>\n<meta property=\"og:url\" content=\"https:\/\/lasentinelle.dz\/index.php\/2025\/12\/10\/67-journalistes-tues-en-un-an-a-travers-le-monde-pres-de-la-moitie-a-ghaza\/\" \/>\n<meta property=\"og:site_name\" content=\"La Sentinelle\" \/>\n<meta property=\"article:publisher\" content=\"https:\/\/www.facebook.com\/La-Sentinelle-104059864394773\" \/>\n<meta property=\"article:published_time\" content=\"2025-12-10T11:23:10+00:00\" \/>\n<meta property=\"article:modified_time\" content=\"2025-12-10T11:23:11+00:00\" \/>\n<meta property=\"og:image\" content=\"https:\/\/lasentinelle.dz\/wp-content\/uploads\/2023\/10\/presse.jpeg\" \/>\n\t<meta property=\"og:image:width\" content=\"864\" \/>\n\t<meta property=\"og:image:height\" content=\"486\" \/>\n\t<meta property=\"og:image:type\" content=\"image\/jpeg\" \/>\n<meta name=\"author\" content=\"admin\" \/>\n<meta name=\"twitter:card\" content=\"summary_large_image\" \/>\n<meta name=\"twitter:label1\" content=\"\u00c9crit par\" \/>\n\t<meta name=\"twitter:data1\" content=\"admin\" \/>\n\t<meta name=\"twitter:label2\" content=\"Dur\u00e9e de lecture estim\u00e9e\" \/>\n\t<meta name=\"twitter:data2\" content=\"2 minutes\" \/>\n<script type=\"application\/ld+json\" class=\"yoast-schema-graph\">{\"@context\":\"https:\\\/\\\/schema.org\",\"@graph\":[{\"@type\":\"Article\",\"@id\":\"https:\\\/\\\/lasentinelle.dz\\\/index.php\\\/2025\\\/12\\\/10\\\/67-journalistes-tues-en-un-an-a-travers-le-monde-pres-de-la-moitie-a-ghaza\\\/#article\",\"isPartOf\":{\"@id\":\"https:\\\/\\\/lasentinelle.dz\\\/index.php\\\/2025\\\/12\\\/10\\\/67-journalistes-tues-en-un-an-a-travers-le-monde-pres-de-la-moitie-a-ghaza\\\/\"},\"author\":{\"name\":\"admin\",\"@id\":\"https:\\\/\\\/lasentinelle.dz\\\/#\\\/schema\\\/person\\\/729ee0024f24e0b8c5ec17232f8e8b41\"},\"headline\":\"67 journalistes tu\u00e9s en un an \u00e0 travers le monde, pr\u00e8s de la moiti\u00e9 \u00e0\u00a0Ghaza\u00a0\",\"datePublished\":\"2025-12-10T11:23:10+00:00\",\"dateModified\":\"2025-12-10T11:23:11+00:00\",\"mainEntityOfPage\":{\"@id\":\"https:\\\/\\\/lasentinelle.dz\\\/index.php\\\/2025\\\/12\\\/10\\\/67-journalistes-tues-en-un-an-a-travers-le-monde-pres-de-la-moitie-a-ghaza\\\/\"},\"wordCount\":323,\"commentCount\":0,\"publisher\":{\"@id\":\"https:\\\/\\\/lasentinelle.dz\\\/#organization\"},\"image\":{\"@id\":\"https:\\\/\\\/lasentinelle.dz\\\/index.php\\\/2025\\\/12\\\/10\\\/67-journalistes-tues-en-un-an-a-travers-le-monde-pres-de-la-moitie-a-ghaza\\\/#primaryimage\"},\"thumbnailUrl\":\"https:\\\/\\\/lasentinelle.dz\\\/wp-content\\\/uploads\\\/2023\\\/10\\\/presse.jpeg\",\"articleSection\":[\"Monde\"],\"inLanguage\":\"fr-FR\",\"potentialAction\":[{\"@type\":\"CommentAction\",\"name\":\"Comment\",\"target\":[\"https:\\\/\\\/lasentinelle.dz\\\/index.php\\\/2025\\\/12\\\/10\\\/67-journalistes-tues-en-un-an-a-travers-le-monde-pres-de-la-moitie-a-ghaza\\\/#respond\"]}]},{\"@type\":\"WebPage\",\"@id\":\"https:\\\/\\\/lasentinelle.dz\\\/index.php\\\/2025\\\/12\\\/10\\\/67-journalistes-tues-en-un-an-a-travers-le-monde-pres-de-la-moitie-a-ghaza\\\/\",\"url\":\"https:\\\/\\\/lasentinelle.dz\\\/index.php\\\/2025\\\/12\\\/10\\\/67-journalistes-tues-en-un-an-a-travers-le-monde-pres-de-la-moitie-a-ghaza\\\/\",\"name\":\"67 journalistes tu\u00e9s en un an \u00e0 travers le monde, pr\u00e8s de la moiti\u00e9 \u00e0\u00a0Ghaza\u00a0 - La Sentinelle\",\"isPartOf\":{\"@id\":\"https:\\\/\\\/lasentinelle.dz\\\/#website\"},\"primaryImageOfPage\":{\"@id\":\"https:\\\/\\\/lasentinelle.dz\\\/index.php\\\/2025\\\/12\\\/10\\\/67-journalistes-tues-en-un-an-a-travers-le-monde-pres-de-la-moitie-a-ghaza\\\/#primaryimage\"},\"image\":{\"@id\":\"https:\\\/\\\/lasentinelle.dz\\\/index.php\\\/2025\\\/12\\\/10\\\/67-journalistes-tues-en-un-an-a-travers-le-monde-pres-de-la-moitie-a-ghaza\\\/#primaryimage\"},\"thumbnailUrl\":\"https:\\\/\\\/lasentinelle.dz\\\/wp-content\\\/uploads\\\/2023\\\/10\\\/presse.jpeg\",\"datePublished\":\"2025-12-10T11:23:10+00:00\",\"dateModified\":\"2025-12-10T11:23:11+00:00\",\"breadcrumb\":{\"@id\":\"https:\\\/\\\/lasentinelle.dz\\\/index.php\\\/2025\\\/12\\\/10\\\/67-journalistes-tues-en-un-an-a-travers-le-monde-pres-de-la-moitie-a-ghaza\\\/#breadcrumb\"},\"inLanguage\":\"fr-FR\",\"potentialAction\":[{\"@type\":\"ReadAction\",\"target\":[\"https:\\\/\\\/lasentinelle.dz\\\/index.php\\\/2025\\\/12\\\/10\\\/67-journalistes-tues-en-un-an-a-travers-le-monde-pres-de-la-moitie-a-ghaza\\\/\"]}]},{\"@type\":\"ImageObject\",\"inLanguage\":\"fr-FR\",\"@id\":\"https:\\\/\\\/lasentinelle.dz\\\/index.php\\\/2025\\\/12\\\/10\\\/67-journalistes-tues-en-un-an-a-travers-le-monde-pres-de-la-moitie-a-ghaza\\\/#primaryimage\",\"url\":\"https:\\\/\\\/lasentinelle.dz\\\/wp-content\\\/uploads\\\/2023\\\/10\\\/presse.jpeg\",\"contentUrl\":\"https:\\\/\\\/lasentinelle.dz\\\/wp-content\\\/uploads\\\/2023\\\/10\\\/presse.jpeg\",\"width\":864,\"height\":486},{\"@type\":\"BreadcrumbList\",\"@id\":\"https:\\\/\\\/lasentinelle.dz\\\/index.php\\\/2025\\\/12\\\/10\\\/67-journalistes-tues-en-un-an-a-travers-le-monde-pres-de-la-moitie-a-ghaza\\\/#breadcrumb\",\"itemListElement\":[{\"@type\":\"ListItem\",\"position\":1,\"name\":\"Accueil\",\"item\":\"https:\\\/\\\/lasentinelle.dz\\\/\"},{\"@type\":\"ListItem\",\"position\":2,\"name\":\"67 journalistes tu\u00e9s en un an \u00e0 travers le monde, pr\u00e8s de la moiti\u00e9 \u00e0\u00a0Ghaza\u00a0\"}]},{\"@type\":\"WebSite\",\"@id\":\"https:\\\/\\\/lasentinelle.dz\\\/#website\",\"url\":\"https:\\\/\\\/lasentinelle.dz\\\/\",\"name\":\"La Sentinelle\",\"description\":\"Quotidien national d&#039;information\",\"publisher\":{\"@id\":\"https:\\\/\\\/lasentinelle.dz\\\/#organization\"},\"potentialAction\":[{\"@type\":\"SearchAction\",\"target\":{\"@type\":\"EntryPoint\",\"urlTemplate\":\"https:\\\/\\\/lasentinelle.dz\\\/?s={search_term_string}\"},\"query-input\":{\"@type\":\"PropertyValueSpecification\",\"valueRequired\":true,\"valueName\":\"search_term_string\"}}],\"inLanguage\":\"fr-FR\"},{\"@type\":\"Organization\",\"@id\":\"https:\\\/\\\/lasentinelle.dz\\\/#organization\",\"name\":\"Quotidien La Sentinelle\",\"url\":\"https:\\\/\\\/lasentinelle.dz\\\/\",\"logo\":{\"@type\":\"ImageObject\",\"inLanguage\":\"fr-FR\",\"@id\":\"https:\\\/\\\/lasentinelle.dz\\\/#\\\/schema\\\/logo\\\/image\\\/\",\"url\":\"https:\\\/\\\/lasentinelle.dz\\\/wp-content\\\/uploads\\\/2021\\\/09\\\/logo-sentinelleSLOGAN-1.png\",\"contentUrl\":\"https:\\\/\\\/lasentinelle.dz\\\/wp-content\\\/uploads\\\/2021\\\/09\\\/logo-sentinelleSLOGAN-1.png\",\"width\":615,\"height\":142,\"caption\":\"Quotidien La Sentinelle\"},\"image\":{\"@id\":\"https:\\\/\\\/lasentinelle.dz\\\/#\\\/schema\\\/logo\\\/image\\\/\"},\"sameAs\":[\"https:\\\/\\\/www.facebook.com\\\/La-Sentinelle-104059864394773\"]},{\"@type\":\"Person\",\"@id\":\"https:\\\/\\\/lasentinelle.dz\\\/#\\\/schema\\\/person\\\/729ee0024f24e0b8c5ec17232f8e8b41\",\"name\":\"admin\",\"image\":{\"@type\":\"ImageObject\",\"inLanguage\":\"fr-FR\",\"@id\":\"https:\\\/\\\/secure.gravatar.com\\\/avatar\\\/4c81fed838786e9b53f540bf46533e750f5d292099ae3b66cfc6fb1982e29df7?s=96&d=mm&r=g\",\"url\":\"https:\\\/\\\/secure.gravatar.com\\\/avatar\\\/4c81fed838786e9b53f540bf46533e750f5d292099ae3b66cfc6fb1982e29df7?s=96&d=mm&r=g\",\"contentUrl\":\"https:\\\/\\\/secure.gravatar.com\\\/avatar\\\/4c81fed838786e9b53f540bf46533e750f5d292099ae3b66cfc6fb1982e29df7?s=96&d=mm&r=g\",\"caption\":\"admin\"},\"description\":\"admin\",\"url\":\"https:\\\/\\\/lasentinelle.dz\\\/author\\\/admin\\\/\"}]}<\/script>\n<!-- \/ Yoast SEO plugin. -->","yoast_head_json":{"title":"67 journalistes tu\u00e9s en un an \u00e0 travers le monde, pr\u00e8s de la moiti\u00e9 \u00e0\u00a0Ghaza\u00a0 - La Sentinelle","robots":{"index":"index","follow":"follow","max-snippet":"max-snippet:-1","max-image-preview":"max-image-preview:large","max-video-preview":"max-video-preview:-1"},"canonical":"https:\/\/lasentinelle.dz\/index.php\/2025\/12\/10\/67-journalistes-tues-en-un-an-a-travers-le-monde-pres-de-la-moitie-a-ghaza\/","og_locale":"fr_FR","og_type":"article","og_title":"67 journalistes tu\u00e9s en un an \u00e0 travers le monde, pr\u00e8s de la moiti\u00e9 \u00e0\u00a0Ghaza\u00a0 - La Sentinelle","og_description":"Un total de 67 journalistes ont \u00e9t\u00e9 tu\u00e9s dans l&rsquo;exercice ou en raison de leur m\u00e9tier \u00e0 travers le monde","og_url":"https:\/\/lasentinelle.dz\/index.php\/2025\/12\/10\/67-journalistes-tues-en-un-an-a-travers-le-monde-pres-de-la-moitie-a-ghaza\/","og_site_name":"La Sentinelle","article_publisher":"https:\/\/www.facebook.com\/La-Sentinelle-104059864394773","article_published_time":"2025-12-10T11:23:10+00:00","article_modified_time":"2025-12-10T11:23:11+00:00","og_image":[{"width":864,"height":486,"url":"https:\/\/lasentinelle.dz\/wp-content\/uploads\/2023\/10\/presse.jpeg","type":"image\/jpeg"}],"author":"admin","twitter_card":"summary_large_image","twitter_misc":{"\u00c9crit par":"admin","Dur\u00e9e de lecture estim\u00e9e":"2 minutes"},"schema":{"@context":"https:\/\/schema.org","@graph":[{"@type":"Article","@id":"https:\/\/lasentinelle.dz\/index.php\/2025\/12\/10\/67-journalistes-tues-en-un-an-a-travers-le-monde-pres-de-la-moitie-a-ghaza\/#article","isPartOf":{"@id":"https:\/\/lasentinelle.dz\/index.php\/2025\/12\/10\/67-journalistes-tues-en-un-an-a-travers-le-monde-pres-de-la-moitie-a-ghaza\/"},"author":{"name":"admin","@id":"https:\/\/lasentinelle.dz\/#\/schema\/person\/729ee0024f24e0b8c5ec17232f8e8b41"},"headline":"67 journalistes tu\u00e9s en un an \u00e0 travers le monde, pr\u00e8s de la moiti\u00e9 \u00e0\u00a0Ghaza\u00a0","datePublished":"2025-12-10T11:23:10+00:00","dateModified":"2025-12-10T11:23:11+00:00","mainEntityOfPage":{"@id":"https:\/\/lasentinelle.dz\/index.php\/2025\/12\/10\/67-journalistes-tues-en-un-an-a-travers-le-monde-pres-de-la-moitie-a-ghaza\/"},"wordCount":323,"commentCount":0,"publisher":{"@id":"https:\/\/lasentinelle.dz\/#organization"},"image":{"@id":"https:\/\/lasentinelle.dz\/index.php\/2025\/12\/10\/67-journalistes-tues-en-un-an-a-travers-le-monde-pres-de-la-moitie-a-ghaza\/#primaryimage"},"thumbnailUrl":"https:\/\/lasentinelle.dz\/wp-content\/uploads\/2023\/10\/presse.jpeg","articleSection":["Monde"],"inLanguage":"fr-FR","potentialAction":[{"@type":"CommentAction","name":"Comment","target":["https:\/\/lasentinelle.dz\/index.php\/2025\/12\/10\/67-journalistes-tues-en-un-an-a-travers-le-monde-pres-de-la-moitie-a-ghaza\/#respond"]}]},{"@type":"WebPage","@id":"https:\/\/lasentinelle.dz\/index.php\/2025\/12\/10\/67-journalistes-tues-en-un-an-a-travers-le-monde-pres-de-la-moitie-a-ghaza\/","url":"https:\/\/lasentinelle.dz\/index.php\/2025\/12\/10\/67-journalistes-tues-en-un-an-a-travers-le-monde-pres-de-la-moitie-a-ghaza\/","name":"67 journalistes tu\u00e9s en un an \u00e0 travers le monde, pr\u00e8s de la moiti\u00e9 \u00e0\u00a0Ghaza\u00a0 - La Sentinelle","isPartOf":{"@id":"https:\/\/lasentinelle.dz\/#website"},"primaryImageOfPage":{"@id":"https:\/\/lasentinelle.dz\/index.php\/2025\/12\/10\/67-journalistes-tues-en-un-an-a-travers-le-monde-pres-de-la-moitie-a-ghaza\/#primaryimage"},"image":{"@id":"https:\/\/lasentinelle.dz\/index.php\/2025\/12\/10\/67-journalistes-tues-en-un-an-a-travers-le-monde-pres-de-la-moitie-a-ghaza\/#primaryimage"},"thumbnailUrl":"https:\/\/lasentinelle.dz\/wp-content\/uploads\/2023\/10\/presse.jpeg","datePublished":"2025-12-10T11:23:10+00:00","dateModified":"2025-12-10T11:23:11+00:00","breadcrumb":{"@id":"https:\/\/lasentinelle.dz\/index.php\/2025\/12\/10\/67-journalistes-tues-en-un-an-a-travers-le-monde-pres-de-la-moitie-a-ghaza\/#breadcrumb"},"inLanguage":"fr-FR","potentialAction":[{"@type":"ReadAction","target":["https:\/\/lasentinelle.dz\/index.php\/2025\/12\/10\/67-journalistes-tues-en-un-an-a-travers-le-monde-pres-de-la-moitie-a-ghaza\/"]}]},{"@type":"ImageObject","inLanguage":"fr-FR","@id":"https:\/\/lasentinelle.dz\/index.php\/2025\/12\/10\/67-journalistes-tues-en-un-an-a-travers-le-monde-pres-de-la-moitie-a-ghaza\/#primaryimage","url":"https:\/\/lasentinelle.dz\/wp-content\/uploads\/2023\/10\/presse.jpeg","contentUrl":"https:\/\/lasentinelle.dz\/wp-content\/uploads\/2023\/10\/presse.jpeg","width":864,"height":486},{"@type":"BreadcrumbList","@id":"https:\/\/lasentinelle.dz\/index.php\/2025\/12\/10\/67-journalistes-tues-en-un-an-a-travers-le-monde-pres-de-la-moitie-a-ghaza\/#breadcrumb","itemListElement":[{"@type":"ListItem","position":1,"name":"Accueil","item":"https:\/\/lasentinelle.dz\/"},{"@type":"ListItem","position":2,"name":"67 journalistes tu\u00e9s en un an \u00e0 travers le monde, pr\u00e8s de la moiti\u00e9 \u00e0\u00a0Ghaza\u00a0"}]},{"@type":"WebSite","@id":"https:\/\/lasentinelle.dz\/#website","url":"https:\/\/lasentinelle.dz\/","name":"La Sentinelle","description":"Quotidien national d&#039;information","publisher":{"@id":"https:\/\/lasentinelle.dz\/#organization"},"potentialAction":[{"@type":"SearchAction","target":{"@type":"EntryPoint","urlTemplate":"https:\/\/lasentinelle.dz\/?s={search_term_string}"},"query-input":{"@type":"PropertyValueSpecification","valueRequired":true,"valueName":"search_term_string"}}],"inLanguage":"fr-FR"},{"@type":"Organization","@id":"https:\/\/lasentinelle.dz\/#organization","name":"Quotidien La Sentinelle","url":"https:\/\/lasentinelle.dz\/","logo":{"@type":"ImageObject","inLanguage":"fr-FR","@id":"https:\/\/lasentinelle.dz\/#\/schema\/logo\/image\/","url":"https:\/\/lasentinelle.dz\/wp-content\/uploads\/2021\/09\/logo-sentinelleSLOGAN-1.png","contentUrl":"https:\/\/lasentinelle.dz\/wp-content\/uploads\/2021\/09\/logo-sentinelleSLOGAN-1.png","width":615,"height":142,"caption":"Quotidien La Sentinelle"},"image":{"@id":"https:\/\/lasentinelle.dz\/#\/schema\/logo\/image\/"},"sameAs":["https:\/\/www.facebook.com\/La-Sentinelle-104059864394773"]},{"@type":"Person","@id":"https:\/\/lasentinelle.dz\/#\/schema\/person\/729ee0024f24e0b8c5ec17232f8e8b41","name":"admin","image":{"@type":"ImageObject","inLanguage":"fr-FR","@id":"https:\/\/secure.gravatar.com\/avatar\/4c81fed838786e9b53f540bf46533e750f5d292099ae3b66cfc6fb1982e29df7?s=96&d=mm&r=g","url":"https:\/\/secure.gravatar.com\/avatar\/4c81fed838786e9b53f540bf46533e750f5d292099ae3b66cfc6fb1982e29df7?s=96&d=mm&r=g","contentUrl":"https:\/\/secure.gravatar.com\/avatar\/4c81fed838786e9b53f540bf46533e750f5d292099ae3b66cfc6fb1982e29df7?s=96&d=mm&r=g","caption":"admin"},"description":"admin","url":"https:\/\/lasentinelle.dz\/author\/admin\/"}]}},"_links":{"self":[{"href":"https:\/\/lasentinelle.dz\/index.php\/wp-json\/wp\/v2\/posts\/77524","targetHints":{"allow":["GET"]}}],"collection":[{"href":"https:\/\/lasentinelle.dz\/index.php\/wp-json\/wp\/v2\/posts"}],"about":[{"href":"https:\/\/lasentinelle.dz\/index.php\/wp-json\/wp\/v2\/types\/post"}],"author":[{"embeddable":true,"href":"https:\/\/lasentinelle.dz\/index.php\/wp-json\/wp\/v2\/users\/6"}],"replies":[{"embeddable":true,"href":"https:\/\/lasentinelle.dz\/index.php\/wp-json\/wp\/v2\/comments?post=77524"}],"version-history":[{"count":1,"href":"https:\/\/lasentinelle.dz\/index.php\/wp-json\/wp\/v2\/posts\/77524\/revisions"}],"predecessor-version":[{"id":77525,"href":"https:\/\/lasentinelle.dz\/index.php\/wp-json\/wp\/v2\/posts\/77524\/revisions\/77525"}],"wp:featuredmedia":[{"embeddable":true,"href":"https:\/\/lasentinelle.dz\/index.php\/wp-json\/wp\/v2\/media\/46553"}],"wp:attachment":[{"href":"https:\/\/lasentinelle.dz\/index.php\/wp-json\/wp\/v2\/media?parent=77524"}],"wp:term":[{"taxonomy":"category","embeddable":true,"href":"https:\/\/lasentinelle.dz\/index.php\/wp-json\/wp\/v2\/categories?post=77524"},{"taxonomy":"post_tag","embeddable":true,"href":"https:\/\/lasentinelle.dz\/index.php\/wp-json\/wp\/v2\/tags?post=77524"}],"curies":[{"name":"wp","href":"https:\/\/api.w.org\/{rel}","templated":true}]}}