{"id":77529,"date":"2025-12-10T12:24:46","date_gmt":"2025-12-10T11:24:46","guid":{"rendered":"https:\/\/lasentinelle.dz\/?p=77529"},"modified":"2025-12-10T12:24:47","modified_gmt":"2025-12-10T11:24:47","slug":"exploitation-illegale-des-richesses-sahraouies-une-conference-au-parlement-europeen-pour-denoncer-laccord-ue-maroc","status":"publish","type":"post","link":"https:\/\/lasentinelle.dz\/index.php\/2025\/12\/10\/exploitation-illegale-des-richesses-sahraouies-une-conference-au-parlement-europeen-pour-denoncer-laccord-ue-maroc\/","title":{"rendered":"Exploitation ill\u00e9gale des richesses sahraouies\u00a0: Une conf\u00e9rence au Parlement europ\u00e9en pour d\u00e9noncer l&rsquo;accord UE-Maroc\u00a0"},"content":{"rendered":"\n<p>Le Parlement europ\u00e9en accueille mercredi un d\u00e9bat sur l&rsquo;impact de l&rsquo;accord de lib\u00e9ralisation agricole conclu entre l&rsquo;UE et le Maroc, entr\u00e9 en vigueur en octobre malgr\u00e9 les arr\u00eats de la Cour de justice europ\u00e9enne reconnaissant le Sahara occidental comme territoire distinct. Une manifestation est pr\u00e9vue simultan\u00e9ment devant le si\u00e8ge de la Commission europ\u00e9enne.<\/p>\n\n\n\n<p>Le c\u0153ur institutionnel de l&rsquo;Union europ\u00e9enne s&rsquo;appr\u00eate \u00e0 accueillir un d\u00e9bat crucial sur l&rsquo;avenir du processus de paix au Sahara occidental. Mercredi, le si\u00e8ge du Parlement europ\u00e9en \u00e0 Bruxelles abritera une conf\u00e9rence consacr\u00e9e \u00e0 l&rsquo;impact de l&rsquo;accord commercial UE-Maroc sur le processus de paix men\u00e9 par l&rsquo;ONU dans ce territoire non autonome. Organis\u00e9e par le groupe Amis du peuple sahraoui au Parlement europ\u00e9en en collaboration avec la Conf\u00e9rence europ\u00e9enne de coordination du soutien au peuple sahraoui (EUCOCO), cette rencontre se penche sur l&rsquo;accord relatif aux mesures de lib\u00e9ralisation en mati\u00e8re de produits agricoles, n\u00e9goci\u00e9 dans la plus grande discr\u00e9tion et entr\u00e9 en vigueur en octobre dernier. Cet accord cristallise les critiques de la soci\u00e9t\u00e9 civile europ\u00e9enne et des d\u00e9fenseurs de la cause sahraouie, qui y voient une violation flagrante des d\u00e9cisions de la Cour de justice de l&rsquo;Union europ\u00e9enne et du droit international. L&rsquo;objectif de la conf\u00e9rence est pr\u00e9cis\u00e9ment d&rsquo;analyser les cons\u00e9quences de cet accord sur le processus de paix conduit sous l&rsquo;\u00e9gide des Nations unies, alors que le conflit du Sahara occidental demeure l&rsquo;un des plus anciens du continent africain, en attente d&rsquo;une r\u00e9solution depuis la d\u00e9colonisation espagnole en 1975 suivie de la colonisation marocaine. Le Sahara occidental demeure ainsi la derni\u00e8re colonie d\u2019Afrique.<\/p>\n\n\n\n<p>La jurisprudence de la Cour de justice de l&rsquo;UE constitue le socle juridique sur lequel s&rsquo;appuient les organisateurs de cette conf\u00e9rence. Dans deux arr\u00eats rendus le 4 octobre 2024, la plus haute juridiction europ\u00e9enne a confirm\u00e9 sans ambigu\u00eft\u00e9 que le Sahara occidental est un territoire distinct et s\u00e9par\u00e9 du Maroc, et qu&rsquo;aucun accord conclu entre l&rsquo;Union europ\u00e9enne et le royaume ch\u00e9rifien ne peut y \u00eatre appliqu\u00e9 sans le consentement pr\u00e9alable du peuple sahraoui. Cette position juridique s&rsquo;inscrit dans la continuit\u00e9 de plusieurs d\u00e9cisions ant\u00e9rieures prononc\u00e9es en 2016, 2018 et 2021, formant d\u00e9sormais une jurisprudence constante. Ces arr\u00eats rappellent \u00e9galement que l&rsquo;UE est tenue de respecter le principe d&rsquo;autod\u00e9termination consacr\u00e9 par la Charte des Nations unies, principe fondamental du droit international qui guide la d\u00e9colonisation des territoires non autonomes.<\/p>\n\n\n\n<p>Le d\u00e9bat sera anim\u00e9 par le d\u00e9put\u00e9 europ\u00e9en Andreas Schieder, pr\u00e9sident du groupe d&rsquo;amiti\u00e9 Amis du peuple sahraoui, qui r\u00e9unira autour de la table plusieurs voix engag\u00e9es dans la d\u00e9fense des droits du peuple sahraoui. Les eurod\u00e9put\u00e9s Pernando Barrena et Ana Miranda Paz apporteront la perspective parlementaire europ\u00e9enne, tandis que Pierre Galand, pr\u00e9sident de la Task Force EUCOCO, et Oubi Bouchraya, conseiller sp\u00e9cial du secr\u00e9taire g\u00e9n\u00e9ral du Front Polisario, pr\u00e9senteront les positions des organisations de soutien et du mouvement de lib\u00e9ration sahraoui.<\/p>\n\n\n\n<p>Pierre Galand devrait insister sur la n\u00e9cessit\u00e9 de r\u00e9affirmer par l&rsquo;ONU le cadre juridique du processus de d\u00e9colonisation du Sahara occidental et de veiller \u00e0 ce qu&rsquo;aucune tentative d&rsquo;annexion du territoire ne soit l\u00e9gitim\u00e9e par des accords commerciaux contournant le droit international. Le pr\u00e9sident de l&rsquo;EUCOCO \u00e9voquera \u00e9galement la r\u00e9solution 2797 du Conseil de s\u00e9curit\u00e9 des Nations unies concernant le Sahara occidental, adopt\u00e9e le 31 octobre dernier. Cette r\u00e9solution prolonge pour une ann\u00e9e suppl\u00e9mentaire le mandat de la Mission des Nations unies pour l&rsquo;organisation d&rsquo;un r\u00e9f\u00e9rendum au Sahara occidental (MINURSO) et rappelle opportun\u00e9ment les r\u00e9solutions ant\u00e9rieures qui r\u00e9affirment le droit inali\u00e9nable du peuple sahraoui \u00e0 l&rsquo;autod\u00e9termination dans le cadre d&rsquo;un processus de d\u00e9colonisation encore inachev\u00e9, pr\u00e8s d&rsquo;un demi-si\u00e8cle.<\/p>\n\n\n\n<p>Oubi Bouchraya, conseiller sp\u00e9cial du secr\u00e9taire g\u00e9n\u00e9ral du Front Polisario pour les ressources naturelles et les affaires juridiques, pr\u00e9sentera la strat\u00e9gie juridique du mouvement de lib\u00e9ration pour obtenir une nouvelle annulation de l&rsquo;accord devant la justice europ\u00e9enne. Le Front Polisario, reconnu par les Nations unies comme le repr\u00e9sentant l\u00e9gitime du peuple sahraoui, a d\u00e9j\u00e0 annonc\u00e9 qu&rsquo;il pr\u00e9sentera avant la fin de l&rsquo;ann\u00e9e un nouveau recours contre l&rsquo;accord devant le Tribunal g\u00e9n\u00e9ral de l&rsquo;Union europ\u00e9enne. Cette offensive juridique t\u00e9moigne de la d\u00e9termination du Front \u00e0 utiliser tous les instruments l\u00e9gaux disponibles pour faire respecter les droits du peuple sahraoui et emp\u00eacher que des accords commerciaux ne l\u00e9gitiment de facto l&rsquo;occupation marocaine du territoire.<\/p>\n\n\n\n<p>La conf\u00e9rence s&rsquo;inscrit dans un moment de mobilisation plus large de la soci\u00e9t\u00e9 civile pro-sahraouie en Europe. Parall\u00e8lement aux d\u00e9bats parlementaires, une manifestation contre les tentatives de la Commission europ\u00e9enne de contourner les d\u00e9cisions de sa propre cour de justice sur le Sahara occidental sera organis\u00e9e devant le si\u00e8ge de l&rsquo;ex\u00e9cutif europ\u00e9en \u00e0 Bruxelles. L&rsquo;association de d\u00e9fense des droits de l&rsquo;homme ASBL El Ghad a lanc\u00e9 un appel aux Sahraouis d&rsquo;Europe pour qu&rsquo;ils participent massivement \u00e0 ce rassemblement. L&rsquo;objectif affich\u00e9 est d&rsquo;exprimer un ferme rejet de toute tentative de la Commission europ\u00e9enne visant \u00e0 passer outre le droit communautaire ou \u00e0 contourner les d\u00e9cisions claires de la Cour de justice de l&rsquo;UE. Cette mobilisation illustre la frustration croissante de l&rsquo;opinion publique europ\u00e9enne face \u00e0 ce qu&rsquo;elle per\u00e7oit comme un d\u00e9calage entre les principes juridiques proclam\u00e9s par l&rsquo;Union et les accords politiques et commerciaux conclus avec le Maroc.<\/p>\n\n\n\n<p>Lyes Sa\u00efdi<\/p>\n","protected":false},"excerpt":{"rendered":"<p>Le Parlement europ\u00e9en accueille mercredi un d\u00e9bat sur l&rsquo;impact de l&rsquo;accord de lib\u00e9ralisation agricole conclu entre l&rsquo;UE et le Maroc,<\/p>\n","protected":false},"author":6,"featured_media":57408,"comment_status":"open","ping_status":"closed","sticky":false,"template":"","format":"standard","meta":{"colormag_page_container_layout":"default_layout","colormag_page_sidebar_layout":"default_layout","om_disable_all_campaigns":false,"_monsterinsights_skip_tracking":false,"_monsterinsights_sitenote_active":false,"_monsterinsights_sitenote_note":"","_monsterinsights_sitenote_category":0,"footnotes":"","_wpscppro_dont_share_socialmedia":false,"_wpscppro_custom_social_share_image":0,"_facebook_share_type":"default","_twitter_share_type":"default","_linkedin_share_type":"default","_pinterest_share_type":"default","_linkedin_share_type_page":"","_instagram_share_type":"default","_medium_share_type":"default","_threads_share_type":"default","_google_business_share_type":"default","_selected_social_profile":[],"_wpsp_enable_custom_social_template":false,"_wpsp_social_scheduling":{"enabled":false,"datetime":null,"platforms":[],"status":"template_only","dateOption":"today","timeOption":"now","customDays":"","customHours":"","customDate":"","customTime":"","schedulingType":"absolute"},"_wpsp_active_default_template":true},"categories":[52,37],"tags":[],"class_list":["post-77529","post","type-post","status-publish","format-standard","has-post-thumbnail","hentry","category-a-la-une","category-monde"],"aioseo_notices":[],"yoast_head":"<!-- This site is optimized with the Yoast SEO plugin v27.5 - https:\/\/yoast.com\/product\/yoast-seo-wordpress\/ -->\n<title>Exploitation ill\u00e9gale des richesses sahraouies\u00a0: Une conf\u00e9rence au Parlement europ\u00e9en pour d\u00e9noncer l&rsquo;accord UE-Maroc\u00a0 - La Sentinelle<\/title>\n<meta name=\"robots\" content=\"index, follow, max-snippet:-1, max-image-preview:large, max-video-preview:-1\" \/>\n<link rel=\"canonical\" href=\"https:\/\/lasentinelle.dz\/index.php\/2025\/12\/10\/exploitation-illegale-des-richesses-sahraouies-une-conference-au-parlement-europeen-pour-denoncer-laccord-ue-maroc\/\" \/>\n<meta property=\"og:locale\" content=\"fr_FR\" \/>\n<meta property=\"og:type\" content=\"article\" \/>\n<meta property=\"og:title\" content=\"Exploitation ill\u00e9gale des richesses sahraouies\u00a0: Une conf\u00e9rence au Parlement europ\u00e9en pour d\u00e9noncer l&rsquo;accord UE-Maroc\u00a0 - La Sentinelle\" \/>\n<meta property=\"og:description\" content=\"Le Parlement europ\u00e9en accueille mercredi un d\u00e9bat sur l&rsquo;impact de l&rsquo;accord de lib\u00e9ralisation agricole conclu entre l&rsquo;UE et le Maroc,\" \/>\n<meta property=\"og:url\" content=\"https:\/\/lasentinelle.dz\/index.php\/2025\/12\/10\/exploitation-illegale-des-richesses-sahraouies-une-conference-au-parlement-europeen-pour-denoncer-laccord-ue-maroc\/\" \/>\n<meta property=\"og:site_name\" content=\"La Sentinelle\" \/>\n<meta property=\"article:publisher\" content=\"https:\/\/www.facebook.com\/La-Sentinelle-104059864394773\" \/>\n<meta property=\"article:published_time\" content=\"2025-12-10T11:24:46+00:00\" \/>\n<meta property=\"article:modified_time\" content=\"2025-12-10T11:24:47+00:00\" \/>\n<meta property=\"og:image\" content=\"https:\/\/lasentinelle.dz\/wp-content\/uploads\/2024\/09\/sahara-occidental.jpg\" \/>\n\t<meta property=\"og:image:width\" content=\"580\" \/>\n\t<meta property=\"og:image:height\" content=\"350\" \/>\n\t<meta property=\"og:image:type\" content=\"image\/jpeg\" \/>\n<meta name=\"author\" content=\"admin\" \/>\n<meta name=\"twitter:card\" content=\"summary_large_image\" \/>\n<meta name=\"twitter:label1\" content=\"\u00c9crit par\" \/>\n\t<meta name=\"twitter:data1\" content=\"admin\" \/>\n\t<meta name=\"twitter:label2\" content=\"Dur\u00e9e de lecture estim\u00e9e\" \/>\n\t<meta name=\"twitter:data2\" content=\"5 minutes\" \/>\n<script type=\"application\/ld+json\" class=\"yoast-schema-graph\">{\"@context\":\"https:\\\/\\\/schema.org\",\"@graph\":[{\"@type\":\"Article\",\"@id\":\"https:\\\/\\\/lasentinelle.dz\\\/index.php\\\/2025\\\/12\\\/10\\\/exploitation-illegale-des-richesses-sahraouies-une-conference-au-parlement-europeen-pour-denoncer-laccord-ue-maroc\\\/#article\",\"isPartOf\":{\"@id\":\"https:\\\/\\\/lasentinelle.dz\\\/index.php\\\/2025\\\/12\\\/10\\\/exploitation-illegale-des-richesses-sahraouies-une-conference-au-parlement-europeen-pour-denoncer-laccord-ue-maroc\\\/\"},\"author\":{\"name\":\"admin\",\"@id\":\"https:\\\/\\\/lasentinelle.dz\\\/#\\\/schema\\\/person\\\/729ee0024f24e0b8c5ec17232f8e8b41\"},\"headline\":\"Exploitation ill\u00e9gale des richesses sahraouies\u00a0: Une conf\u00e9rence au Parlement europ\u00e9en pour d\u00e9noncer l&rsquo;accord UE-Maroc\u00a0\",\"datePublished\":\"2025-12-10T11:24:46+00:00\",\"dateModified\":\"2025-12-10T11:24:47+00:00\",\"mainEntityOfPage\":{\"@id\":\"https:\\\/\\\/lasentinelle.dz\\\/index.php\\\/2025\\\/12\\\/10\\\/exploitation-illegale-des-richesses-sahraouies-une-conference-au-parlement-europeen-pour-denoncer-laccord-ue-maroc\\\/\"},\"wordCount\":1031,\"commentCount\":0,\"publisher\":{\"@id\":\"https:\\\/\\\/lasentinelle.dz\\\/#organization\"},\"image\":{\"@id\":\"https:\\\/\\\/lasentinelle.dz\\\/index.php\\\/2025\\\/12\\\/10\\\/exploitation-illegale-des-richesses-sahraouies-une-conference-au-parlement-europeen-pour-denoncer-laccord-ue-maroc\\\/#primaryimage\"},\"thumbnailUrl\":\"https:\\\/\\\/lasentinelle.dz\\\/wp-content\\\/uploads\\\/2024\\\/09\\\/sahara-occidental.jpg\",\"articleSection\":[\"\u00c0 la Une\",\"Monde\"],\"inLanguage\":\"fr-FR\",\"potentialAction\":[{\"@type\":\"CommentAction\",\"name\":\"Comment\",\"target\":[\"https:\\\/\\\/lasentinelle.dz\\\/index.php\\\/2025\\\/12\\\/10\\\/exploitation-illegale-des-richesses-sahraouies-une-conference-au-parlement-europeen-pour-denoncer-laccord-ue-maroc\\\/#respond\"]}]},{\"@type\":\"WebPage\",\"@id\":\"https:\\\/\\\/lasentinelle.dz\\\/index.php\\\/2025\\\/12\\\/10\\\/exploitation-illegale-des-richesses-sahraouies-une-conference-au-parlement-europeen-pour-denoncer-laccord-ue-maroc\\\/\",\"url\":\"https:\\\/\\\/lasentinelle.dz\\\/index.php\\\/2025\\\/12\\\/10\\\/exploitation-illegale-des-richesses-sahraouies-une-conference-au-parlement-europeen-pour-denoncer-laccord-ue-maroc\\\/\",\"name\":\"Exploitation ill\u00e9gale des richesses sahraouies\u00a0: Une conf\u00e9rence au Parlement europ\u00e9en pour d\u00e9noncer l&rsquo;accord UE-Maroc\u00a0 - La Sentinelle\",\"isPartOf\":{\"@id\":\"https:\\\/\\\/lasentinelle.dz\\\/#website\"},\"primaryImageOfPage\":{\"@id\":\"https:\\\/\\\/lasentinelle.dz\\\/index.php\\\/2025\\\/12\\\/10\\\/exploitation-illegale-des-richesses-sahraouies-une-conference-au-parlement-europeen-pour-denoncer-laccord-ue-maroc\\\/#primaryimage\"},\"image\":{\"@id\":\"https:\\\/\\\/lasentinelle.dz\\\/index.php\\\/2025\\\/12\\\/10\\\/exploitation-illegale-des-richesses-sahraouies-une-conference-au-parlement-europeen-pour-denoncer-laccord-ue-maroc\\\/#primaryimage\"},\"thumbnailUrl\":\"https:\\\/\\\/lasentinelle.dz\\\/wp-content\\\/uploads\\\/2024\\\/09\\\/sahara-occidental.jpg\",\"datePublished\":\"2025-12-10T11:24:46+00:00\",\"dateModified\":\"2025-12-10T11:24:47+00:00\",\"breadcrumb\":{\"@id\":\"https:\\\/\\\/lasentinelle.dz\\\/index.php\\\/2025\\\/12\\\/10\\\/exploitation-illegale-des-richesses-sahraouies-une-conference-au-parlement-europeen-pour-denoncer-laccord-ue-maroc\\\/#breadcrumb\"},\"inLanguage\":\"fr-FR\",\"potentialAction\":[{\"@type\":\"ReadAction\",\"target\":[\"https:\\\/\\\/lasentinelle.dz\\\/index.php\\\/2025\\\/12\\\/10\\\/exploitation-illegale-des-richesses-sahraouies-une-conference-au-parlement-europeen-pour-denoncer-laccord-ue-maroc\\\/\"]}]},{\"@type\":\"ImageObject\",\"inLanguage\":\"fr-FR\",\"@id\":\"https:\\\/\\\/lasentinelle.dz\\\/index.php\\\/2025\\\/12\\\/10\\\/exploitation-illegale-des-richesses-sahraouies-une-conference-au-parlement-europeen-pour-denoncer-laccord-ue-maroc\\\/#primaryimage\",\"url\":\"https:\\\/\\\/lasentinelle.dz\\\/wp-content\\\/uploads\\\/2024\\\/09\\\/sahara-occidental.jpg\",\"contentUrl\":\"https:\\\/\\\/lasentinelle.dz\\\/wp-content\\\/uploads\\\/2024\\\/09\\\/sahara-occidental.jpg\",\"width\":580,\"height\":350},{\"@type\":\"BreadcrumbList\",\"@id\":\"https:\\\/\\\/lasentinelle.dz\\\/index.php\\\/2025\\\/12\\\/10\\\/exploitation-illegale-des-richesses-sahraouies-une-conference-au-parlement-europeen-pour-denoncer-laccord-ue-maroc\\\/#breadcrumb\",\"itemListElement\":[{\"@type\":\"ListItem\",\"position\":1,\"name\":\"Accueil\",\"item\":\"https:\\\/\\\/lasentinelle.dz\\\/\"},{\"@type\":\"ListItem\",\"position\":2,\"name\":\"Exploitation ill\u00e9gale des richesses sahraouies\u00a0: Une conf\u00e9rence au Parlement europ\u00e9en pour d\u00e9noncer l&rsquo;accord UE-Maroc\u00a0\"}]},{\"@type\":\"WebSite\",\"@id\":\"https:\\\/\\\/lasentinelle.dz\\\/#website\",\"url\":\"https:\\\/\\\/lasentinelle.dz\\\/\",\"name\":\"La Sentinelle\",\"description\":\"Quotidien national d&#039;information\",\"publisher\":{\"@id\":\"https:\\\/\\\/lasentinelle.dz\\\/#organization\"},\"potentialAction\":[{\"@type\":\"SearchAction\",\"target\":{\"@type\":\"EntryPoint\",\"urlTemplate\":\"https:\\\/\\\/lasentinelle.dz\\\/?s={search_term_string}\"},\"query-input\":{\"@type\":\"PropertyValueSpecification\",\"valueRequired\":true,\"valueName\":\"search_term_string\"}}],\"inLanguage\":\"fr-FR\"},{\"@type\":\"Organization\",\"@id\":\"https:\\\/\\\/lasentinelle.dz\\\/#organization\",\"name\":\"Quotidien La Sentinelle\",\"url\":\"https:\\\/\\\/lasentinelle.dz\\\/\",\"logo\":{\"@type\":\"ImageObject\",\"inLanguage\":\"fr-FR\",\"@id\":\"https:\\\/\\\/lasentinelle.dz\\\/#\\\/schema\\\/logo\\\/image\\\/\",\"url\":\"https:\\\/\\\/lasentinelle.dz\\\/wp-content\\\/uploads\\\/2021\\\/09\\\/logo-sentinelleSLOGAN-1.png\",\"contentUrl\":\"https:\\\/\\\/lasentinelle.dz\\\/wp-content\\\/uploads\\\/2021\\\/09\\\/logo-sentinelleSLOGAN-1.png\",\"width\":615,\"height\":142,\"caption\":\"Quotidien La Sentinelle\"},\"image\":{\"@id\":\"https:\\\/\\\/lasentinelle.dz\\\/#\\\/schema\\\/logo\\\/image\\\/\"},\"sameAs\":[\"https:\\\/\\\/www.facebook.com\\\/La-Sentinelle-104059864394773\"]},{\"@type\":\"Person\",\"@id\":\"https:\\\/\\\/lasentinelle.dz\\\/#\\\/schema\\\/person\\\/729ee0024f24e0b8c5ec17232f8e8b41\",\"name\":\"admin\",\"image\":{\"@type\":\"ImageObject\",\"inLanguage\":\"fr-FR\",\"@id\":\"https:\\\/\\\/secure.gravatar.com\\\/avatar\\\/4c81fed838786e9b53f540bf46533e750f5d292099ae3b66cfc6fb1982e29df7?s=96&d=mm&r=g\",\"url\":\"https:\\\/\\\/secure.gravatar.com\\\/avatar\\\/4c81fed838786e9b53f540bf46533e750f5d292099ae3b66cfc6fb1982e29df7?s=96&d=mm&r=g\",\"contentUrl\":\"https:\\\/\\\/secure.gravatar.com\\\/avatar\\\/4c81fed838786e9b53f540bf46533e750f5d292099ae3b66cfc6fb1982e29df7?s=96&d=mm&r=g\",\"caption\":\"admin\"},\"description\":\"admin\",\"url\":\"https:\\\/\\\/lasentinelle.dz\\\/author\\\/admin\\\/\"}]}<\/script>\n<!-- \/ Yoast SEO plugin. -->","yoast_head_json":{"title":"Exploitation ill\u00e9gale des richesses sahraouies\u00a0: Une conf\u00e9rence au Parlement europ\u00e9en pour d\u00e9noncer l&rsquo;accord UE-Maroc\u00a0 - La Sentinelle","robots":{"index":"index","follow":"follow","max-snippet":"max-snippet:-1","max-image-preview":"max-image-preview:large","max-video-preview":"max-video-preview:-1"},"canonical":"https:\/\/lasentinelle.dz\/index.php\/2025\/12\/10\/exploitation-illegale-des-richesses-sahraouies-une-conference-au-parlement-europeen-pour-denoncer-laccord-ue-maroc\/","og_locale":"fr_FR","og_type":"article","og_title":"Exploitation ill\u00e9gale des richesses sahraouies\u00a0: Une conf\u00e9rence au Parlement europ\u00e9en pour d\u00e9noncer l&rsquo;accord UE-Maroc\u00a0 - La Sentinelle","og_description":"Le Parlement europ\u00e9en accueille mercredi un d\u00e9bat sur l&rsquo;impact de l&rsquo;accord de lib\u00e9ralisation agricole conclu entre l&rsquo;UE et le Maroc,","og_url":"https:\/\/lasentinelle.dz\/index.php\/2025\/12\/10\/exploitation-illegale-des-richesses-sahraouies-une-conference-au-parlement-europeen-pour-denoncer-laccord-ue-maroc\/","og_site_name":"La Sentinelle","article_publisher":"https:\/\/www.facebook.com\/La-Sentinelle-104059864394773","article_published_time":"2025-12-10T11:24:46+00:00","article_modified_time":"2025-12-10T11:24:47+00:00","og_image":[{"width":580,"height":350,"url":"https:\/\/lasentinelle.dz\/wp-content\/uploads\/2024\/09\/sahara-occidental.jpg","type":"image\/jpeg"}],"author":"admin","twitter_card":"summary_large_image","twitter_misc":{"\u00c9crit par":"admin","Dur\u00e9e de lecture estim\u00e9e":"5 minutes"},"schema":{"@context":"https:\/\/schema.org","@graph":[{"@type":"Article","@id":"https:\/\/lasentinelle.dz\/index.php\/2025\/12\/10\/exploitation-illegale-des-richesses-sahraouies-une-conference-au-parlement-europeen-pour-denoncer-laccord-ue-maroc\/#article","isPartOf":{"@id":"https:\/\/lasentinelle.dz\/index.php\/2025\/12\/10\/exploitation-illegale-des-richesses-sahraouies-une-conference-au-parlement-europeen-pour-denoncer-laccord-ue-maroc\/"},"author":{"name":"admin","@id":"https:\/\/lasentinelle.dz\/#\/schema\/person\/729ee0024f24e0b8c5ec17232f8e8b41"},"headline":"Exploitation ill\u00e9gale des richesses sahraouies\u00a0: Une conf\u00e9rence au Parlement europ\u00e9en pour d\u00e9noncer l&rsquo;accord UE-Maroc\u00a0","datePublished":"2025-12-10T11:24:46+00:00","dateModified":"2025-12-10T11:24:47+00:00","mainEntityOfPage":{"@id":"https:\/\/lasentinelle.dz\/index.php\/2025\/12\/10\/exploitation-illegale-des-richesses-sahraouies-une-conference-au-parlement-europeen-pour-denoncer-laccord-ue-maroc\/"},"wordCount":1031,"commentCount":0,"publisher":{"@id":"https:\/\/lasentinelle.dz\/#organization"},"image":{"@id":"https:\/\/lasentinelle.dz\/index.php\/2025\/12\/10\/exploitation-illegale-des-richesses-sahraouies-une-conference-au-parlement-europeen-pour-denoncer-laccord-ue-maroc\/#primaryimage"},"thumbnailUrl":"https:\/\/lasentinelle.dz\/wp-content\/uploads\/2024\/09\/sahara-occidental.jpg","articleSection":["\u00c0 la Une","Monde"],"inLanguage":"fr-FR","potentialAction":[{"@type":"CommentAction","name":"Comment","target":["https:\/\/lasentinelle.dz\/index.php\/2025\/12\/10\/exploitation-illegale-des-richesses-sahraouies-une-conference-au-parlement-europeen-pour-denoncer-laccord-ue-maroc\/#respond"]}]},{"@type":"WebPage","@id":"https:\/\/lasentinelle.dz\/index.php\/2025\/12\/10\/exploitation-illegale-des-richesses-sahraouies-une-conference-au-parlement-europeen-pour-denoncer-laccord-ue-maroc\/","url":"https:\/\/lasentinelle.dz\/index.php\/2025\/12\/10\/exploitation-illegale-des-richesses-sahraouies-une-conference-au-parlement-europeen-pour-denoncer-laccord-ue-maroc\/","name":"Exploitation ill\u00e9gale des richesses sahraouies\u00a0: Une conf\u00e9rence au Parlement europ\u00e9en pour d\u00e9noncer l&rsquo;accord UE-Maroc\u00a0 - La Sentinelle","isPartOf":{"@id":"https:\/\/lasentinelle.dz\/#website"},"primaryImageOfPage":{"@id":"https:\/\/lasentinelle.dz\/index.php\/2025\/12\/10\/exploitation-illegale-des-richesses-sahraouies-une-conference-au-parlement-europeen-pour-denoncer-laccord-ue-maroc\/#primaryimage"},"image":{"@id":"https:\/\/lasentinelle.dz\/index.php\/2025\/12\/10\/exploitation-illegale-des-richesses-sahraouies-une-conference-au-parlement-europeen-pour-denoncer-laccord-ue-maroc\/#primaryimage"},"thumbnailUrl":"https:\/\/lasentinelle.dz\/wp-content\/uploads\/2024\/09\/sahara-occidental.jpg","datePublished":"2025-12-10T11:24:46+00:00","dateModified":"2025-12-10T11:24:47+00:00","breadcrumb":{"@id":"https:\/\/lasentinelle.dz\/index.php\/2025\/12\/10\/exploitation-illegale-des-richesses-sahraouies-une-conference-au-parlement-europeen-pour-denoncer-laccord-ue-maroc\/#breadcrumb"},"inLanguage":"fr-FR","potentialAction":[{"@type":"ReadAction","target":["https:\/\/lasentinelle.dz\/index.php\/2025\/12\/10\/exploitation-illegale-des-richesses-sahraouies-une-conference-au-parlement-europeen-pour-denoncer-laccord-ue-maroc\/"]}]},{"@type":"ImageObject","inLanguage":"fr-FR","@id":"https:\/\/lasentinelle.dz\/index.php\/2025\/12\/10\/exploitation-illegale-des-richesses-sahraouies-une-conference-au-parlement-europeen-pour-denoncer-laccord-ue-maroc\/#primaryimage","url":"https:\/\/lasentinelle.dz\/wp-content\/uploads\/2024\/09\/sahara-occidental.jpg","contentUrl":"https:\/\/lasentinelle.dz\/wp-content\/uploads\/2024\/09\/sahara-occidental.jpg","width":580,"height":350},{"@type":"BreadcrumbList","@id":"https:\/\/lasentinelle.dz\/index.php\/2025\/12\/10\/exploitation-illegale-des-richesses-sahraouies-une-conference-au-parlement-europeen-pour-denoncer-laccord-ue-maroc\/#breadcrumb","itemListElement":[{"@type":"ListItem","position":1,"name":"Accueil","item":"https:\/\/lasentinelle.dz\/"},{"@type":"ListItem","position":2,"name":"Exploitation ill\u00e9gale des richesses sahraouies\u00a0: Une conf\u00e9rence au Parlement europ\u00e9en pour d\u00e9noncer l&rsquo;accord UE-Maroc\u00a0"}]},{"@type":"WebSite","@id":"https:\/\/lasentinelle.dz\/#website","url":"https:\/\/lasentinelle.dz\/","name":"La Sentinelle","description":"Quotidien national d&#039;information","publisher":{"@id":"https:\/\/lasentinelle.dz\/#organization"},"potentialAction":[{"@type":"SearchAction","target":{"@type":"EntryPoint","urlTemplate":"https:\/\/lasentinelle.dz\/?s={search_term_string}"},"query-input":{"@type":"PropertyValueSpecification","valueRequired":true,"valueName":"search_term_string"}}],"inLanguage":"fr-FR"},{"@type":"Organization","@id":"https:\/\/lasentinelle.dz\/#organization","name":"Quotidien La Sentinelle","url":"https:\/\/lasentinelle.dz\/","logo":{"@type":"ImageObject","inLanguage":"fr-FR","@id":"https:\/\/lasentinelle.dz\/#\/schema\/logo\/image\/","url":"https:\/\/lasentinelle.dz\/wp-content\/uploads\/2021\/09\/logo-sentinelleSLOGAN-1.png","contentUrl":"https:\/\/lasentinelle.dz\/wp-content\/uploads\/2021\/09\/logo-sentinelleSLOGAN-1.png","width":615,"height":142,"caption":"Quotidien La Sentinelle"},"image":{"@id":"https:\/\/lasentinelle.dz\/#\/schema\/logo\/image\/"},"sameAs":["https:\/\/www.facebook.com\/La-Sentinelle-104059864394773"]},{"@type":"Person","@id":"https:\/\/lasentinelle.dz\/#\/schema\/person\/729ee0024f24e0b8c5ec17232f8e8b41","name":"admin","image":{"@type":"ImageObject","inLanguage":"fr-FR","@id":"https:\/\/secure.gravatar.com\/avatar\/4c81fed838786e9b53f540bf46533e750f5d292099ae3b66cfc6fb1982e29df7?s=96&d=mm&r=g","url":"https:\/\/secure.gravatar.com\/avatar\/4c81fed838786e9b53f540bf46533e750f5d292099ae3b66cfc6fb1982e29df7?s=96&d=mm&r=g","contentUrl":"https:\/\/secure.gravatar.com\/avatar\/4c81fed838786e9b53f540bf46533e750f5d292099ae3b66cfc6fb1982e29df7?s=96&d=mm&r=g","caption":"admin"},"description":"admin","url":"https:\/\/lasentinelle.dz\/author\/admin\/"}]}},"_links":{"self":[{"href":"https:\/\/lasentinelle.dz\/index.php\/wp-json\/wp\/v2\/posts\/77529","targetHints":{"allow":["GET"]}}],"collection":[{"href":"https:\/\/lasentinelle.dz\/index.php\/wp-json\/wp\/v2\/posts"}],"about":[{"href":"https:\/\/lasentinelle.dz\/index.php\/wp-json\/wp\/v2\/types\/post"}],"author":[{"embeddable":true,"href":"https:\/\/lasentinelle.dz\/index.php\/wp-json\/wp\/v2\/users\/6"}],"replies":[{"embeddable":true,"href":"https:\/\/lasentinelle.dz\/index.php\/wp-json\/wp\/v2\/comments?post=77529"}],"version-history":[{"count":2,"href":"https:\/\/lasentinelle.dz\/index.php\/wp-json\/wp\/v2\/posts\/77529\/revisions"}],"predecessor-version":[{"id":77531,"href":"https:\/\/lasentinelle.dz\/index.php\/wp-json\/wp\/v2\/posts\/77529\/revisions\/77531"}],"wp:featuredmedia":[{"embeddable":true,"href":"https:\/\/lasentinelle.dz\/index.php\/wp-json\/wp\/v2\/media\/57408"}],"wp:attachment":[{"href":"https:\/\/lasentinelle.dz\/index.php\/wp-json\/wp\/v2\/media?parent=77529"}],"wp:term":[{"taxonomy":"category","embeddable":true,"href":"https:\/\/lasentinelle.dz\/index.php\/wp-json\/wp\/v2\/categories?post=77529"},{"taxonomy":"post_tag","embeddable":true,"href":"https:\/\/lasentinelle.dz\/index.php\/wp-json\/wp\/v2\/tags?post=77529"}],"curies":[{"name":"wp","href":"https:\/\/api.w.org\/{rel}","templated":true}]}}