{"id":77536,"date":"2025-12-10T12:34:52","date_gmt":"2025-12-10T11:34:52","guid":{"rendered":"https:\/\/lasentinelle.dz\/?p=77536"},"modified":"2025-12-10T12:34:53","modified_gmt":"2025-12-10T11:34:53","slug":"story-of-the-fall-projete-au-12e-aiff-un-regard-sur-la-solitude-et-la-stigmatisation-au-coeur-de-la-societe-egyptienne","status":"publish","type":"post","link":"https:\/\/lasentinelle.dz\/index.php\/2025\/12\/10\/story-of-the-fall-projete-au-12e-aiff-un-regard-sur-la-solitude-et-la-stigmatisation-au-coeur-de-la-societe-egyptienne\/","title":{"rendered":"\u00ab\u00a0Story of the Fall\u00a0\u00bb projet\u00e9 au 12e AIFF:\u00a0Un regard sur la solitude et la stigmatisation au c\u0153ur de la soci\u00e9t\u00e9 \u00e9gyptienne"},"content":{"rendered":"\n<p>Le long m\u00e9trage \u00e9gyptien \u00ab\u00a0Story of the Fall\u00a0\u00bb (Histoire de l&rsquo;automne) de Karim Makram a \u00e9t\u00e9 projet\u00e9 lundi soir en comp\u00e9tition du 12e Festival international du film d&rsquo;Alger. Ce premier film de fiction du r\u00e9alisateur explore l&rsquo;isolement et la stigmatisation des personnes vivant avec le VIH \u00e0 travers les destins crois\u00e9s de personnages issus de diff\u00e9rentes classes sociales, offrant une plong\u00e9e sensible dans les fragilit\u00e9s des relations humaines.Dans la salle Ibn Zeydoun, d\u00e9di\u00e9e aux projections des longs m\u00e9trages en comp\u00e9tition du 12e Festival international du film d&rsquo;Alger (AIFF), le public a d\u00e9couvert lundi soir une \u0153uvre intime et engag\u00e9e qui porte \u00e0 l&rsquo;\u00e9cran les blessures invisibles d&rsquo;une soci\u00e9t\u00e9 \u00e9gyptienne aux prises avec ses tabous. \u00ab\u00a0Story of the Fall\u00a0\u00bb marque l&rsquo;entr\u00e9e remarqu\u00e9e du r\u00e9alisateur Karim Makram dans l&rsquo;univers du long m\u00e9trage de fiction, apr\u00e8s plusieurs courts m\u00e9trages et documentaires dont \u00ab\u00a0La Brigade 39\u00a0\u00bb et \u00ab\u00a0Journal d&rsquo;un cireur de chaussures\u00a0\u00bb. Dipl\u00f4m\u00e9 de l&rsquo;Acad\u00e9mie \u00e9gyptienne des arts et techniques cin\u00e9matographiques, le cin\u00e9aste signe ici une \u0153uvre qui refuse les facilit\u00e9s du pathos pour privil\u00e9gier une approche humaniste et nuanc\u00e9e de r\u00e9alit\u00e9s sociales douloureuses. Durant 76 minutes, le film tisse les histoires crois\u00e9es de personnages que tout semble s\u00e9parer mais que la maladie et la solitude r\u00e9unissent dans une m\u00eame qu\u00eate de dignit\u00e9. Selim traverse une crise d&rsquo;inspiration mais trouve un soutien pr\u00e9cieux aupr\u00e8s de son \u00e9ditrice Malak. Une serveuse expuls\u00e9e de son logement tente de reconstruire sa vie dans la pr\u00e9carit\u00e9. Abdallah cherche d\u00e9sesp\u00e9r\u00e9ment un \u00e9quilibre \u00e9motionnel et professionnel tandis que Hamed aspire simplement \u00e0 une pr\u00e9sence, \u00e0 une compagnie qui briserait l&rsquo;isolement. Tous vivent avec le VIH, tous affrontent les regards obliques d&rsquo;une soci\u00e9t\u00e9 prompte \u00e0 juger et \u00e0 exclure. Tous tentent de construire une existence digne malgr\u00e9 les \u00e9preuves du quotidien et la violence symbolique d&rsquo;un regard social accusateur.<\/p>\n\n\n\n<p>C&rsquo;est pr\u00e9cis\u00e9ment cette dimension collective de la solitude que Karim Makram met en lumi\u00e8re avec subtilit\u00e9. Loin de cantonner ses personnages dans le registre victimaire, le r\u00e9alisateur leur offre une complexit\u00e9 psychologique qui transcende leur condition de malades. Ils sont \u00e9crivain, travailleuse, chercheur d&rsquo;\u00e9quilibre, \u00eatre en qu\u00eate de lien : avant d&rsquo;\u00eatre d\u00e9finis par la maladie, ils sont des individus aux aspirations multiples, confront\u00e9s \u00e0 la fragilit\u00e9 universelle des relations humaines. Cette approche permet au film d&rsquo;\u00e9chapper au mis\u00e9rabilisme pour toucher \u00e0 quelque chose de plus profond : la question du regard social, de la stigmatisation et de ce que signifie vivre ensemble dans une soci\u00e9t\u00e9 fractur\u00e9e par les pr\u00e9jug\u00e9s. Le casting, compos\u00e9 d&rsquo;une pl\u00e9iade de com\u00e9diens \u00e9gyptiens reconnus pour leurs r\u00f4les au cin\u00e9ma et \u00e0 la t\u00e9l\u00e9vision locale, porte cette vision avec une justesse salu\u00e9e par le public, bien que peu nombreux \u00e0 la projection. Youssef Osmane, Ashraf Mahdi, Imad Ismail, Hiba Gnaoui et Christine Magdy ont brill\u00e9 par leur jeu d\u00e9licat, \u00e9vitant l&rsquo;\u00e9cueil de la surench\u00e8re \u00e9motionnelle pour privil\u00e9gier une v\u00e9rit\u00e9 int\u00e9rieure qui rend leurs personnages profond\u00e9ment attachants. Cette qualit\u00e9 d&rsquo;interpr\u00e9tation constitue l&rsquo;un des atouts majeurs du film, permettant au spectateur de s&rsquo;identifier \u00e0 ces destins bris\u00e9s qui tentent de se recomposer. Pr\u00e9sent \u00e0 la projection, Karim Makram a livr\u00e9 les coulisses d&rsquo;une production difficile qui t\u00e9moigne de l&rsquo;engagement n\u00e9cessaire au cin\u00e9ma ind\u00e9pendant. \u00ab\u00a0Story of the Fall est un film autofinanc\u00e9 qui a n\u00e9cessit\u00e9 cinq ann\u00e9es pour sa r\u00e9alisation en raison de difficult\u00e9s de financement\u00a0\u00bb, a-t-il confi\u00e9, soulignant ainsi les obstacles auxquels se heurtent les cr\u00e9ateurs qui choisissent de traiter de sujets sociaux sensibles. Le r\u00e9alisateur a tenu \u00e0 saluer \u00ab\u00a0la d\u00e9termination des com\u00e9diens et techniciens \u00e0 soutenir le cin\u00e9ma ind\u00e9pendant\u00a0\u00bb \u00e0 travers leur participation b\u00e9n\u00e9vole ou \u00e0 bas co\u00fbt \u00e0 des projets abordant des probl\u00e9matiques sociales profondes avec une vision artistique novatrice. Cette solidarit\u00e9 cr\u00e9ative appara\u00eet comme une n\u00e9cessit\u00e9 dans un contexte o\u00f9 les financements se font rares pour des films qui d\u00e9rangent les conformismes.<\/p>\n\n\n\n<p><strong>Mohand Seghir<\/strong><\/p>\n","protected":false},"excerpt":{"rendered":"<p>Le long m\u00e9trage \u00e9gyptien \u00ab\u00a0Story of the Fall\u00a0\u00bb (Histoire de l&rsquo;automne) de Karim Makram a \u00e9t\u00e9 projet\u00e9 lundi soir en<\/p>\n","protected":false},"author":6,"featured_media":77537,"comment_status":"open","ping_status":"closed","sticky":false,"template":"","format":"standard","meta":{"colormag_page_container_layout":"default_layout","colormag_page_sidebar_layout":"default_layout","om_disable_all_campaigns":false,"_monsterinsights_skip_tracking":false,"_monsterinsights_sitenote_active":false,"_monsterinsights_sitenote_note":"","_monsterinsights_sitenote_category":0,"footnotes":"","_wpscppro_dont_share_socialmedia":false,"_wpscppro_custom_social_share_image":0,"_facebook_share_type":"default","_twitter_share_type":"default","_linkedin_share_type":"default","_pinterest_share_type":"default","_linkedin_share_type_page":"","_instagram_share_type":"default","_medium_share_type":"default","_threads_share_type":"default","_google_business_share_type":"default","_selected_social_profile":[],"_wpsp_enable_custom_social_template":false,"_wpsp_social_scheduling":{"enabled":false,"datetime":null,"platforms":[],"status":"template_only","dateOption":"today","timeOption":"now","customDays":"","customHours":"","customDate":"","customTime":"","schedulingType":"absolute"},"_wpsp_active_default_template":true},"categories":[36],"tags":[],"class_list":["post-77536","post","type-post","status-publish","format-standard","has-post-thumbnail","hentry","category-culture"],"aioseo_notices":[],"yoast_head":"<!-- This site is optimized with the Yoast SEO plugin v27.5 - https:\/\/yoast.com\/product\/yoast-seo-wordpress\/ -->\n<title>\u00ab\u00a0Story of the Fall\u00a0\u00bb projet\u00e9 au 12e AIFF:\u00a0Un regard sur la solitude et la stigmatisation au c\u0153ur de la soci\u00e9t\u00e9 \u00e9gyptienne - La Sentinelle<\/title>\n<meta name=\"robots\" content=\"index, follow, max-snippet:-1, max-image-preview:large, max-video-preview:-1\" \/>\n<link rel=\"canonical\" href=\"https:\/\/lasentinelle.dz\/index.php\/2025\/12\/10\/story-of-the-fall-projete-au-12e-aiff-un-regard-sur-la-solitude-et-la-stigmatisation-au-coeur-de-la-societe-egyptienne\/\" \/>\n<meta property=\"og:locale\" content=\"fr_FR\" \/>\n<meta property=\"og:type\" content=\"article\" \/>\n<meta property=\"og:title\" content=\"\u00ab\u00a0Story of the Fall\u00a0\u00bb projet\u00e9 au 12e AIFF:\u00a0Un regard sur la solitude et la stigmatisation au c\u0153ur de la soci\u00e9t\u00e9 \u00e9gyptienne - La Sentinelle\" \/>\n<meta property=\"og:description\" content=\"Le long m\u00e9trage \u00e9gyptien \u00ab\u00a0Story of the Fall\u00a0\u00bb (Histoire de l&rsquo;automne) de Karim Makram a \u00e9t\u00e9 projet\u00e9 lundi soir en\" \/>\n<meta property=\"og:url\" content=\"https:\/\/lasentinelle.dz\/index.php\/2025\/12\/10\/story-of-the-fall-projete-au-12e-aiff-un-regard-sur-la-solitude-et-la-stigmatisation-au-coeur-de-la-societe-egyptienne\/\" \/>\n<meta property=\"og:site_name\" content=\"La Sentinelle\" \/>\n<meta property=\"article:publisher\" content=\"https:\/\/www.facebook.com\/La-Sentinelle-104059864394773\" \/>\n<meta property=\"article:published_time\" content=\"2025-12-10T11:34:52+00:00\" \/>\n<meta property=\"article:modified_time\" content=\"2025-12-10T11:34:53+00:00\" \/>\n<meta property=\"og:image\" content=\"https:\/\/lasentinelle.dz\/wp-content\/uploads\/2025\/12\/Story-of-the-Fall.jpeg\" \/>\n\t<meta property=\"og:image:width\" content=\"640\" \/>\n\t<meta property=\"og:image:height\" content=\"707\" \/>\n\t<meta property=\"og:image:type\" content=\"image\/jpeg\" \/>\n<meta name=\"author\" content=\"admin\" \/>\n<meta name=\"twitter:card\" content=\"summary_large_image\" \/>\n<meta name=\"twitter:label1\" content=\"\u00c9crit par\" \/>\n\t<meta name=\"twitter:data1\" content=\"admin\" \/>\n\t<meta name=\"twitter:label2\" content=\"Dur\u00e9e de lecture estim\u00e9e\" \/>\n\t<meta name=\"twitter:data2\" content=\"4 minutes\" \/>\n<script type=\"application\/ld+json\" class=\"yoast-schema-graph\">{\"@context\":\"https:\\\/\\\/schema.org\",\"@graph\":[{\"@type\":\"Article\",\"@id\":\"https:\\\/\\\/lasentinelle.dz\\\/index.php\\\/2025\\\/12\\\/10\\\/story-of-the-fall-projete-au-12e-aiff-un-regard-sur-la-solitude-et-la-stigmatisation-au-coeur-de-la-societe-egyptienne\\\/#article\",\"isPartOf\":{\"@id\":\"https:\\\/\\\/lasentinelle.dz\\\/index.php\\\/2025\\\/12\\\/10\\\/story-of-the-fall-projete-au-12e-aiff-un-regard-sur-la-solitude-et-la-stigmatisation-au-coeur-de-la-societe-egyptienne\\\/\"},\"author\":{\"name\":\"admin\",\"@id\":\"https:\\\/\\\/lasentinelle.dz\\\/#\\\/schema\\\/person\\\/729ee0024f24e0b8c5ec17232f8e8b41\"},\"headline\":\"\u00ab\u00a0Story of the Fall\u00a0\u00bb projet\u00e9 au 12e AIFF:\u00a0Un regard sur la solitude et la stigmatisation au c\u0153ur de la soci\u00e9t\u00e9 \u00e9gyptienne\",\"datePublished\":\"2025-12-10T11:34:52+00:00\",\"dateModified\":\"2025-12-10T11:34:53+00:00\",\"mainEntityOfPage\":{\"@id\":\"https:\\\/\\\/lasentinelle.dz\\\/index.php\\\/2025\\\/12\\\/10\\\/story-of-the-fall-projete-au-12e-aiff-un-regard-sur-la-solitude-et-la-stigmatisation-au-coeur-de-la-societe-egyptienne\\\/\"},\"wordCount\":750,\"commentCount\":0,\"publisher\":{\"@id\":\"https:\\\/\\\/lasentinelle.dz\\\/#organization\"},\"image\":{\"@id\":\"https:\\\/\\\/lasentinelle.dz\\\/index.php\\\/2025\\\/12\\\/10\\\/story-of-the-fall-projete-au-12e-aiff-un-regard-sur-la-solitude-et-la-stigmatisation-au-coeur-de-la-societe-egyptienne\\\/#primaryimage\"},\"thumbnailUrl\":\"https:\\\/\\\/lasentinelle.dz\\\/wp-content\\\/uploads\\\/2025\\\/12\\\/Story-of-the-Fall.jpeg\",\"articleSection\":[\"Culture\"],\"inLanguage\":\"fr-FR\",\"potentialAction\":[{\"@type\":\"CommentAction\",\"name\":\"Comment\",\"target\":[\"https:\\\/\\\/lasentinelle.dz\\\/index.php\\\/2025\\\/12\\\/10\\\/story-of-the-fall-projete-au-12e-aiff-un-regard-sur-la-solitude-et-la-stigmatisation-au-coeur-de-la-societe-egyptienne\\\/#respond\"]}]},{\"@type\":\"WebPage\",\"@id\":\"https:\\\/\\\/lasentinelle.dz\\\/index.php\\\/2025\\\/12\\\/10\\\/story-of-the-fall-projete-au-12e-aiff-un-regard-sur-la-solitude-et-la-stigmatisation-au-coeur-de-la-societe-egyptienne\\\/\",\"url\":\"https:\\\/\\\/lasentinelle.dz\\\/index.php\\\/2025\\\/12\\\/10\\\/story-of-the-fall-projete-au-12e-aiff-un-regard-sur-la-solitude-et-la-stigmatisation-au-coeur-de-la-societe-egyptienne\\\/\",\"name\":\"\u00ab\u00a0Story of the Fall\u00a0\u00bb projet\u00e9 au 12e AIFF:\u00a0Un regard sur la solitude et la stigmatisation au c\u0153ur de la soci\u00e9t\u00e9 \u00e9gyptienne - La Sentinelle\",\"isPartOf\":{\"@id\":\"https:\\\/\\\/lasentinelle.dz\\\/#website\"},\"primaryImageOfPage\":{\"@id\":\"https:\\\/\\\/lasentinelle.dz\\\/index.php\\\/2025\\\/12\\\/10\\\/story-of-the-fall-projete-au-12e-aiff-un-regard-sur-la-solitude-et-la-stigmatisation-au-coeur-de-la-societe-egyptienne\\\/#primaryimage\"},\"image\":{\"@id\":\"https:\\\/\\\/lasentinelle.dz\\\/index.php\\\/2025\\\/12\\\/10\\\/story-of-the-fall-projete-au-12e-aiff-un-regard-sur-la-solitude-et-la-stigmatisation-au-coeur-de-la-societe-egyptienne\\\/#primaryimage\"},\"thumbnailUrl\":\"https:\\\/\\\/lasentinelle.dz\\\/wp-content\\\/uploads\\\/2025\\\/12\\\/Story-of-the-Fall.jpeg\",\"datePublished\":\"2025-12-10T11:34:52+00:00\",\"dateModified\":\"2025-12-10T11:34:53+00:00\",\"breadcrumb\":{\"@id\":\"https:\\\/\\\/lasentinelle.dz\\\/index.php\\\/2025\\\/12\\\/10\\\/story-of-the-fall-projete-au-12e-aiff-un-regard-sur-la-solitude-et-la-stigmatisation-au-coeur-de-la-societe-egyptienne\\\/#breadcrumb\"},\"inLanguage\":\"fr-FR\",\"potentialAction\":[{\"@type\":\"ReadAction\",\"target\":[\"https:\\\/\\\/lasentinelle.dz\\\/index.php\\\/2025\\\/12\\\/10\\\/story-of-the-fall-projete-au-12e-aiff-un-regard-sur-la-solitude-et-la-stigmatisation-au-coeur-de-la-societe-egyptienne\\\/\"]}]},{\"@type\":\"ImageObject\",\"inLanguage\":\"fr-FR\",\"@id\":\"https:\\\/\\\/lasentinelle.dz\\\/index.php\\\/2025\\\/12\\\/10\\\/story-of-the-fall-projete-au-12e-aiff-un-regard-sur-la-solitude-et-la-stigmatisation-au-coeur-de-la-societe-egyptienne\\\/#primaryimage\",\"url\":\"https:\\\/\\\/lasentinelle.dz\\\/wp-content\\\/uploads\\\/2025\\\/12\\\/Story-of-the-Fall.jpeg\",\"contentUrl\":\"https:\\\/\\\/lasentinelle.dz\\\/wp-content\\\/uploads\\\/2025\\\/12\\\/Story-of-the-Fall.jpeg\",\"width\":640,\"height\":707},{\"@type\":\"BreadcrumbList\",\"@id\":\"https:\\\/\\\/lasentinelle.dz\\\/index.php\\\/2025\\\/12\\\/10\\\/story-of-the-fall-projete-au-12e-aiff-un-regard-sur-la-solitude-et-la-stigmatisation-au-coeur-de-la-societe-egyptienne\\\/#breadcrumb\",\"itemListElement\":[{\"@type\":\"ListItem\",\"position\":1,\"name\":\"Accueil\",\"item\":\"https:\\\/\\\/lasentinelle.dz\\\/\"},{\"@type\":\"ListItem\",\"position\":2,\"name\":\"\u00ab\u00a0Story of the Fall\u00a0\u00bb projet\u00e9 au 12e AIFF:\u00a0Un regard sur la solitude et la stigmatisation au c\u0153ur de la soci\u00e9t\u00e9 \u00e9gyptienne\"}]},{\"@type\":\"WebSite\",\"@id\":\"https:\\\/\\\/lasentinelle.dz\\\/#website\",\"url\":\"https:\\\/\\\/lasentinelle.dz\\\/\",\"name\":\"La Sentinelle\",\"description\":\"Quotidien national d&#039;information\",\"publisher\":{\"@id\":\"https:\\\/\\\/lasentinelle.dz\\\/#organization\"},\"potentialAction\":[{\"@type\":\"SearchAction\",\"target\":{\"@type\":\"EntryPoint\",\"urlTemplate\":\"https:\\\/\\\/lasentinelle.dz\\\/?s={search_term_string}\"},\"query-input\":{\"@type\":\"PropertyValueSpecification\",\"valueRequired\":true,\"valueName\":\"search_term_string\"}}],\"inLanguage\":\"fr-FR\"},{\"@type\":\"Organization\",\"@id\":\"https:\\\/\\\/lasentinelle.dz\\\/#organization\",\"name\":\"Quotidien La Sentinelle\",\"url\":\"https:\\\/\\\/lasentinelle.dz\\\/\",\"logo\":{\"@type\":\"ImageObject\",\"inLanguage\":\"fr-FR\",\"@id\":\"https:\\\/\\\/lasentinelle.dz\\\/#\\\/schema\\\/logo\\\/image\\\/\",\"url\":\"https:\\\/\\\/lasentinelle.dz\\\/wp-content\\\/uploads\\\/2021\\\/09\\\/logo-sentinelleSLOGAN-1.png\",\"contentUrl\":\"https:\\\/\\\/lasentinelle.dz\\\/wp-content\\\/uploads\\\/2021\\\/09\\\/logo-sentinelleSLOGAN-1.png\",\"width\":615,\"height\":142,\"caption\":\"Quotidien La Sentinelle\"},\"image\":{\"@id\":\"https:\\\/\\\/lasentinelle.dz\\\/#\\\/schema\\\/logo\\\/image\\\/\"},\"sameAs\":[\"https:\\\/\\\/www.facebook.com\\\/La-Sentinelle-104059864394773\"]},{\"@type\":\"Person\",\"@id\":\"https:\\\/\\\/lasentinelle.dz\\\/#\\\/schema\\\/person\\\/729ee0024f24e0b8c5ec17232f8e8b41\",\"name\":\"admin\",\"image\":{\"@type\":\"ImageObject\",\"inLanguage\":\"fr-FR\",\"@id\":\"https:\\\/\\\/secure.gravatar.com\\\/avatar\\\/4c81fed838786e9b53f540bf46533e750f5d292099ae3b66cfc6fb1982e29df7?s=96&d=mm&r=g\",\"url\":\"https:\\\/\\\/secure.gravatar.com\\\/avatar\\\/4c81fed838786e9b53f540bf46533e750f5d292099ae3b66cfc6fb1982e29df7?s=96&d=mm&r=g\",\"contentUrl\":\"https:\\\/\\\/secure.gravatar.com\\\/avatar\\\/4c81fed838786e9b53f540bf46533e750f5d292099ae3b66cfc6fb1982e29df7?s=96&d=mm&r=g\",\"caption\":\"admin\"},\"description\":\"admin\",\"url\":\"https:\\\/\\\/lasentinelle.dz\\\/author\\\/admin\\\/\"}]}<\/script>\n<!-- \/ Yoast SEO plugin. -->","yoast_head_json":{"title":"\u00ab\u00a0Story of the Fall\u00a0\u00bb projet\u00e9 au 12e AIFF:\u00a0Un regard sur la solitude et la stigmatisation au c\u0153ur de la soci\u00e9t\u00e9 \u00e9gyptienne - La Sentinelle","robots":{"index":"index","follow":"follow","max-snippet":"max-snippet:-1","max-image-preview":"max-image-preview:large","max-video-preview":"max-video-preview:-1"},"canonical":"https:\/\/lasentinelle.dz\/index.php\/2025\/12\/10\/story-of-the-fall-projete-au-12e-aiff-un-regard-sur-la-solitude-et-la-stigmatisation-au-coeur-de-la-societe-egyptienne\/","og_locale":"fr_FR","og_type":"article","og_title":"\u00ab\u00a0Story of the Fall\u00a0\u00bb projet\u00e9 au 12e AIFF:\u00a0Un regard sur la solitude et la stigmatisation au c\u0153ur de la soci\u00e9t\u00e9 \u00e9gyptienne - La Sentinelle","og_description":"Le long m\u00e9trage \u00e9gyptien \u00ab\u00a0Story of the Fall\u00a0\u00bb (Histoire de l&rsquo;automne) de Karim Makram a \u00e9t\u00e9 projet\u00e9 lundi soir en","og_url":"https:\/\/lasentinelle.dz\/index.php\/2025\/12\/10\/story-of-the-fall-projete-au-12e-aiff-un-regard-sur-la-solitude-et-la-stigmatisation-au-coeur-de-la-societe-egyptienne\/","og_site_name":"La Sentinelle","article_publisher":"https:\/\/www.facebook.com\/La-Sentinelle-104059864394773","article_published_time":"2025-12-10T11:34:52+00:00","article_modified_time":"2025-12-10T11:34:53+00:00","og_image":[{"width":640,"height":707,"url":"https:\/\/lasentinelle.dz\/wp-content\/uploads\/2025\/12\/Story-of-the-Fall.jpeg","type":"image\/jpeg"}],"author":"admin","twitter_card":"summary_large_image","twitter_misc":{"\u00c9crit par":"admin","Dur\u00e9e de lecture estim\u00e9e":"4 minutes"},"schema":{"@context":"https:\/\/schema.org","@graph":[{"@type":"Article","@id":"https:\/\/lasentinelle.dz\/index.php\/2025\/12\/10\/story-of-the-fall-projete-au-12e-aiff-un-regard-sur-la-solitude-et-la-stigmatisation-au-coeur-de-la-societe-egyptienne\/#article","isPartOf":{"@id":"https:\/\/lasentinelle.dz\/index.php\/2025\/12\/10\/story-of-the-fall-projete-au-12e-aiff-un-regard-sur-la-solitude-et-la-stigmatisation-au-coeur-de-la-societe-egyptienne\/"},"author":{"name":"admin","@id":"https:\/\/lasentinelle.dz\/#\/schema\/person\/729ee0024f24e0b8c5ec17232f8e8b41"},"headline":"\u00ab\u00a0Story of the Fall\u00a0\u00bb projet\u00e9 au 12e AIFF:\u00a0Un regard sur la solitude et la stigmatisation au c\u0153ur de la soci\u00e9t\u00e9 \u00e9gyptienne","datePublished":"2025-12-10T11:34:52+00:00","dateModified":"2025-12-10T11:34:53+00:00","mainEntityOfPage":{"@id":"https:\/\/lasentinelle.dz\/index.php\/2025\/12\/10\/story-of-the-fall-projete-au-12e-aiff-un-regard-sur-la-solitude-et-la-stigmatisation-au-coeur-de-la-societe-egyptienne\/"},"wordCount":750,"commentCount":0,"publisher":{"@id":"https:\/\/lasentinelle.dz\/#organization"},"image":{"@id":"https:\/\/lasentinelle.dz\/index.php\/2025\/12\/10\/story-of-the-fall-projete-au-12e-aiff-un-regard-sur-la-solitude-et-la-stigmatisation-au-coeur-de-la-societe-egyptienne\/#primaryimage"},"thumbnailUrl":"https:\/\/lasentinelle.dz\/wp-content\/uploads\/2025\/12\/Story-of-the-Fall.jpeg","articleSection":["Culture"],"inLanguage":"fr-FR","potentialAction":[{"@type":"CommentAction","name":"Comment","target":["https:\/\/lasentinelle.dz\/index.php\/2025\/12\/10\/story-of-the-fall-projete-au-12e-aiff-un-regard-sur-la-solitude-et-la-stigmatisation-au-coeur-de-la-societe-egyptienne\/#respond"]}]},{"@type":"WebPage","@id":"https:\/\/lasentinelle.dz\/index.php\/2025\/12\/10\/story-of-the-fall-projete-au-12e-aiff-un-regard-sur-la-solitude-et-la-stigmatisation-au-coeur-de-la-societe-egyptienne\/","url":"https:\/\/lasentinelle.dz\/index.php\/2025\/12\/10\/story-of-the-fall-projete-au-12e-aiff-un-regard-sur-la-solitude-et-la-stigmatisation-au-coeur-de-la-societe-egyptienne\/","name":"\u00ab\u00a0Story of the Fall\u00a0\u00bb projet\u00e9 au 12e AIFF:\u00a0Un regard sur la solitude et la stigmatisation au c\u0153ur de la soci\u00e9t\u00e9 \u00e9gyptienne - La Sentinelle","isPartOf":{"@id":"https:\/\/lasentinelle.dz\/#website"},"primaryImageOfPage":{"@id":"https:\/\/lasentinelle.dz\/index.php\/2025\/12\/10\/story-of-the-fall-projete-au-12e-aiff-un-regard-sur-la-solitude-et-la-stigmatisation-au-coeur-de-la-societe-egyptienne\/#primaryimage"},"image":{"@id":"https:\/\/lasentinelle.dz\/index.php\/2025\/12\/10\/story-of-the-fall-projete-au-12e-aiff-un-regard-sur-la-solitude-et-la-stigmatisation-au-coeur-de-la-societe-egyptienne\/#primaryimage"},"thumbnailUrl":"https:\/\/lasentinelle.dz\/wp-content\/uploads\/2025\/12\/Story-of-the-Fall.jpeg","datePublished":"2025-12-10T11:34:52+00:00","dateModified":"2025-12-10T11:34:53+00:00","breadcrumb":{"@id":"https:\/\/lasentinelle.dz\/index.php\/2025\/12\/10\/story-of-the-fall-projete-au-12e-aiff-un-regard-sur-la-solitude-et-la-stigmatisation-au-coeur-de-la-societe-egyptienne\/#breadcrumb"},"inLanguage":"fr-FR","potentialAction":[{"@type":"ReadAction","target":["https:\/\/lasentinelle.dz\/index.php\/2025\/12\/10\/story-of-the-fall-projete-au-12e-aiff-un-regard-sur-la-solitude-et-la-stigmatisation-au-coeur-de-la-societe-egyptienne\/"]}]},{"@type":"ImageObject","inLanguage":"fr-FR","@id":"https:\/\/lasentinelle.dz\/index.php\/2025\/12\/10\/story-of-the-fall-projete-au-12e-aiff-un-regard-sur-la-solitude-et-la-stigmatisation-au-coeur-de-la-societe-egyptienne\/#primaryimage","url":"https:\/\/lasentinelle.dz\/wp-content\/uploads\/2025\/12\/Story-of-the-Fall.jpeg","contentUrl":"https:\/\/lasentinelle.dz\/wp-content\/uploads\/2025\/12\/Story-of-the-Fall.jpeg","width":640,"height":707},{"@type":"BreadcrumbList","@id":"https:\/\/lasentinelle.dz\/index.php\/2025\/12\/10\/story-of-the-fall-projete-au-12e-aiff-un-regard-sur-la-solitude-et-la-stigmatisation-au-coeur-de-la-societe-egyptienne\/#breadcrumb","itemListElement":[{"@type":"ListItem","position":1,"name":"Accueil","item":"https:\/\/lasentinelle.dz\/"},{"@type":"ListItem","position":2,"name":"\u00ab\u00a0Story of the Fall\u00a0\u00bb projet\u00e9 au 12e AIFF:\u00a0Un regard sur la solitude et la stigmatisation au c\u0153ur de la soci\u00e9t\u00e9 \u00e9gyptienne"}]},{"@type":"WebSite","@id":"https:\/\/lasentinelle.dz\/#website","url":"https:\/\/lasentinelle.dz\/","name":"La Sentinelle","description":"Quotidien national d&#039;information","publisher":{"@id":"https:\/\/lasentinelle.dz\/#organization"},"potentialAction":[{"@type":"SearchAction","target":{"@type":"EntryPoint","urlTemplate":"https:\/\/lasentinelle.dz\/?s={search_term_string}"},"query-input":{"@type":"PropertyValueSpecification","valueRequired":true,"valueName":"search_term_string"}}],"inLanguage":"fr-FR"},{"@type":"Organization","@id":"https:\/\/lasentinelle.dz\/#organization","name":"Quotidien La Sentinelle","url":"https:\/\/lasentinelle.dz\/","logo":{"@type":"ImageObject","inLanguage":"fr-FR","@id":"https:\/\/lasentinelle.dz\/#\/schema\/logo\/image\/","url":"https:\/\/lasentinelle.dz\/wp-content\/uploads\/2021\/09\/logo-sentinelleSLOGAN-1.png","contentUrl":"https:\/\/lasentinelle.dz\/wp-content\/uploads\/2021\/09\/logo-sentinelleSLOGAN-1.png","width":615,"height":142,"caption":"Quotidien La Sentinelle"},"image":{"@id":"https:\/\/lasentinelle.dz\/#\/schema\/logo\/image\/"},"sameAs":["https:\/\/www.facebook.com\/La-Sentinelle-104059864394773"]},{"@type":"Person","@id":"https:\/\/lasentinelle.dz\/#\/schema\/person\/729ee0024f24e0b8c5ec17232f8e8b41","name":"admin","image":{"@type":"ImageObject","inLanguage":"fr-FR","@id":"https:\/\/secure.gravatar.com\/avatar\/4c81fed838786e9b53f540bf46533e750f5d292099ae3b66cfc6fb1982e29df7?s=96&d=mm&r=g","url":"https:\/\/secure.gravatar.com\/avatar\/4c81fed838786e9b53f540bf46533e750f5d292099ae3b66cfc6fb1982e29df7?s=96&d=mm&r=g","contentUrl":"https:\/\/secure.gravatar.com\/avatar\/4c81fed838786e9b53f540bf46533e750f5d292099ae3b66cfc6fb1982e29df7?s=96&d=mm&r=g","caption":"admin"},"description":"admin","url":"https:\/\/lasentinelle.dz\/author\/admin\/"}]}},"_links":{"self":[{"href":"https:\/\/lasentinelle.dz\/index.php\/wp-json\/wp\/v2\/posts\/77536","targetHints":{"allow":["GET"]}}],"collection":[{"href":"https:\/\/lasentinelle.dz\/index.php\/wp-json\/wp\/v2\/posts"}],"about":[{"href":"https:\/\/lasentinelle.dz\/index.php\/wp-json\/wp\/v2\/types\/post"}],"author":[{"embeddable":true,"href":"https:\/\/lasentinelle.dz\/index.php\/wp-json\/wp\/v2\/users\/6"}],"replies":[{"embeddable":true,"href":"https:\/\/lasentinelle.dz\/index.php\/wp-json\/wp\/v2\/comments?post=77536"}],"version-history":[{"count":2,"href":"https:\/\/lasentinelle.dz\/index.php\/wp-json\/wp\/v2\/posts\/77536\/revisions"}],"predecessor-version":[{"id":77539,"href":"https:\/\/lasentinelle.dz\/index.php\/wp-json\/wp\/v2\/posts\/77536\/revisions\/77539"}],"wp:featuredmedia":[{"embeddable":true,"href":"https:\/\/lasentinelle.dz\/index.php\/wp-json\/wp\/v2\/media\/77537"}],"wp:attachment":[{"href":"https:\/\/lasentinelle.dz\/index.php\/wp-json\/wp\/v2\/media?parent=77536"}],"wp:term":[{"taxonomy":"category","embeddable":true,"href":"https:\/\/lasentinelle.dz\/index.php\/wp-json\/wp\/v2\/categories?post=77536"},{"taxonomy":"post_tag","embeddable":true,"href":"https:\/\/lasentinelle.dz\/index.php\/wp-json\/wp\/v2\/tags?post=77536"}],"curies":[{"name":"wp","href":"https:\/\/api.w.org\/{rel}","templated":true}]}}