{"id":77540,"date":"2025-12-10T12:35:41","date_gmt":"2025-12-10T11:35:41","guid":{"rendered":"https:\/\/lasentinelle.dz\/?p=77540"},"modified":"2025-12-10T12:35:42","modified_gmt":"2025-12-10T11:35:42","slug":"21-ans-apres-sa-disparition-mohia-lheritage-culturel-atemporel-dun-artiste-iconoclaste","status":"publish","type":"post","link":"https:\/\/lasentinelle.dz\/index.php\/2025\/12\/10\/21-ans-apres-sa-disparition-mohia-lheritage-culturel-atemporel-dun-artiste-iconoclaste\/","title":{"rendered":"21 ans apr\u00e8s sa disparition\u00a0: Mohia, l&rsquo;h\u00e9ritage culturel atemporel d&rsquo;un artiste iconoclaste"},"content":{"rendered":"\n<p>21 ans apr\u00e8s sa disparition, le po\u00e8te et dramaturge Abdallah Mohia (1950-2004) continue d&rsquo;irriguer la sc\u00e8ne culturelle nationale par une \u0153uvre multiforme qui transcende les \u00e9poques. Math\u00e9maticien de formation devenu passeur de cultures, cet artiste atypique a r\u00e9volutionn\u00e9 l&rsquo;approche de la cr\u00e9ation en amazigh en faisant du langage accessible et de la com\u00e9die ses armes principales pour toucher le plus grand nombre.<\/p>\n\n\n\n<p>\u00c0 l&rsquo;occasion des festivit\u00e9s comm\u00e9moratives marquant le 21<sup>e<\/sup>&nbsp;anniversaire de la disparition d&rsquo;Abdallah Mohia, survenue le 7 novembre 2004, le po\u00e8te et dramaturge Noureddine Ait Slimane livre \u00e0 l&rsquo;APS un t\u00e9moignage \u00e9clairant sur l&rsquo;h\u00e9ritage d&rsquo;un homme qu&rsquo;il consid\u00e8re comme fondamental dans le paysage culturel alg\u00e9rien. Son analyse dessine le portrait d&rsquo;un cr\u00e9ateur hors norme dont l&rsquo;influence continue de rayonner bien au-del\u00e0 de son \u00e9poque.<\/p>\n\n\n\n<p>Rencontr\u00e9 \u00e0 Tizi-Ouzou, Ait Slimane insiste d&#8217;embl\u00e9e sur la singularit\u00e9 de celui qu&rsquo;il refuse de conjuguer au pass\u00e9. \u00ab\u00a0Il \u00e9tait un personnage atypique, porteur de singularit\u00e9s au pluriel parmi ses contemporains en touchant, d\u00e9j\u00e0, \u00e0 l&rsquo;ensemble des arts, mais aussi en \u00e9tant clairement engag\u00e9 et coh\u00e9rent dans son travail, sa m\u00e9thodologie et son message\u00a0\u00bb, souligne-t-il. Cette coh\u00e9rence, pr\u00e9cis\u00e9ment, structure toute l&rsquo;\u0153uvre de Mohia et explique sa r\u00e9sonance contemporaine. Pour le dramaturge, \u00ab\u00a0il est inappropri\u00e9 et m\u00eame attentatoire \u00e0 sa m\u00e9moire de parler de Mohia au pass\u00e9 tant son \u0153uvre transcende l&rsquo;espace temporel et s&rsquo;impose toujours comme d&rsquo;actualit\u00e9 de nos jours\u00a0\u00bb. Une affirmation qui trouve son fondement dans la d\u00e9marche m\u00eame de l&rsquo;artiste disparu.<\/p>\n\n\n\n<p>Math\u00e9maticien de formation, Abdallah Mohia entreprend tr\u00e8s t\u00f4t un projet culturel ambitieux : faire passer la culture amazighe de l&rsquo;oralit\u00e9 \u00e0 l&rsquo;\u00e9crit par le biais de la lecture. Ait Slimane explicite cette d\u00e9marche p\u00e9dagogique : \u00e0 travers son \u0153uvre enregistr\u00e9e, Mohia \u00ab\u00a0incitait \u00e0 la lecture et \u00e0 l&rsquo;ouverture sur le patrimoine universel en citant toujours la source de ses adaptations\u00a0\u00bb. Cette rigueur intellectuelle, h\u00e9rit\u00e9e sans doute de sa formation scientifique, distingue Mohia de nombre de ses contemporains. Loin de s&rsquo;approprier les \u0153uvres qu&rsquo;il adapte, il en fait des ponts vers la culture universelle, transformant chaque cassette audio en invitation au voyage litt\u00e9raire. Le choix des supports et des genres t\u00e9moigne d&rsquo;une strat\u00e9gie culturelle m\u00fbrement r\u00e9fl\u00e9chie. \u00ab\u00a0Mohia s&rsquo;est donn\u00e9 les moyens ad\u00e9quats en choisissant ses outils comme son terrain. Le choix \u00e9tait immense. Th\u00e9\u00e2tre, po\u00e9sie, nouvelles, il a touch\u00e9 \u00e0 tout\u00a0\u00bb, rappelle Ait Slimane. Mais c&rsquo;est surtout le choix de la cassette audio, m\u00e9dia populaire des ann\u00e9es 1980 et 1990, qui marque son projet. \u00ab\u00a0Il a opt\u00e9 pour le moyen qui \u00e9tait alors \u00e0 sa port\u00e9e et \u00e0 celle du public, identifi\u00e9, auquel il s&rsquo;adressait, l&rsquo;enregistrement de cassettes dont le contenu \u00e9tait porteur d&rsquo;autant d&rsquo;interpellations et de d\u00e9fis\u00a0\u00bb, explique le po\u00e8te dramaturge. Cette accessibilit\u00e9 du support se double d&rsquo;une accessibilit\u00e9 du langage. Mohia refuse d\u00e9lib\u00e9r\u00e9ment les postures \u00e9litistes pour s&rsquo;adresser \u00e0 la multitude dans un langage compr\u00e9hensible par tous. \u00ab\u00a0\u00c0 ce moyen accessible, par lequel il voulait toucher un plus grand nombre et l&rsquo;inciter \u00e0 la lecture en citant toujours les grandes \u0153uvres qu&rsquo;il adaptait, il a \u00e9galement choisi de s&rsquo;adresser \u00e0 lui dans un langage tout aussi accessible pour la multitude en se d\u00e9tournant des postures \u00e9litistes\u00a0\u00bb, pr\u00e9cise Ait Slimane.<\/p>\n\n\n\n<p>La com\u00e9die constitue l&rsquo;autre choix d\u00e9terminant de Mohia, un choix qui r\u00e9v\u00e8le sa modernit\u00e9. Selon Ait Slimane, l&rsquo;artiste \u00ab\u00a0s&rsquo;\u00e9tait dit que tout pouvait \u00eatre model\u00e9 dans la com\u00e9die\u00a0\u00bb. Par le rire, Mohia fait passer des messages profonds, aborde des sujets graves, questionne la soci\u00e9t\u00e9. Le registre comique devient ainsi un vecteur de conscience critique, une arme de lucidit\u00e9 collective. Cette approche explique en partie la p\u00e9rennit\u00e9 de son \u0153uvre : l&rsquo;humour, universel et intemporel, continue de parler aux g\u00e9n\u00e9rations successives.<\/p>\n\n\n\n<p>La reconnaissance acad\u00e9mique de l&rsquo;\u0153uvre de Mohia constitue aujourd&rsquo;hui un indicateur de sa valeur patrimoniale. \u00ab\u00a0Les innombrables travaux acad\u00e9miques et universitaires sur l&rsquo;\u0153uvre de Mohia sont autant d&rsquo;\u00e9l\u00e9ments qui t\u00e9moignent et imposent celle-ci comme un patrimoine intemporel et d&rsquo;actualit\u00e9\u00a0\u00bb, affirme Ait Slimane. Cette l\u00e9gitimation par l&rsquo;institution universitaire contraste toutefois avec une certaine timidit\u00e9 des th\u00e9\u00e2tres professionnels \u00e0 l&rsquo;\u00e9gard de son r\u00e9pertoire dramatique. Le po\u00e8te dramaturge lance d&rsquo;ailleurs un appel pressant aux structures culturelles : il les exhorte \u00e0 \u00ab\u00a0accorder \u00e0 cette \u0153uvre, de port\u00e9e universelle, davantage d&rsquo;int\u00e9r\u00eat et de lui donner l&rsquo;importance qu&rsquo;elle m\u00e9rite\u00a0\u00bb. N\u00e9 en 1950, Abdallah Mohia laisse derri\u00e8re lui une production prolifique qui embrasse tous les genres : po\u00e9sie, th\u00e9\u00e2tre, chansons, nouvelles et textes litt\u00e9raires divers. Cet \u00e9clectisme t\u00e9moigne d&rsquo;une cr\u00e9ativit\u00e9 d\u00e9bordante mais aussi d&rsquo;une vision globale de l&rsquo;acte culturel.&nbsp;<\/p>\n\n\n\n<p><strong>Mohand Seghir<\/strong><\/p>\n","protected":false},"excerpt":{"rendered":"<p>21 ans apr\u00e8s sa disparition, le po\u00e8te et dramaturge Abdallah Mohia (1950-2004) continue d&rsquo;irriguer la sc\u00e8ne culturelle nationale par une<\/p>\n","protected":false},"author":6,"featured_media":77541,"comment_status":"open","ping_status":"closed","sticky":false,"template":"","format":"standard","meta":{"colormag_page_container_layout":"default_layout","colormag_page_sidebar_layout":"default_layout","om_disable_all_campaigns":false,"_monsterinsights_skip_tracking":false,"_monsterinsights_sitenote_active":false,"_monsterinsights_sitenote_note":"","_monsterinsights_sitenote_category":0,"footnotes":"","_wpscppro_dont_share_socialmedia":false,"_wpscppro_custom_social_share_image":0,"_facebook_share_type":"default","_twitter_share_type":"default","_linkedin_share_type":"default","_pinterest_share_type":"default","_linkedin_share_type_page":"","_instagram_share_type":"default","_medium_share_type":"default","_threads_share_type":"default","_google_business_share_type":"default","_selected_social_profile":[],"_wpsp_enable_custom_social_template":false,"_wpsp_social_scheduling":{"enabled":false,"datetime":null,"platforms":[],"status":"template_only","dateOption":"today","timeOption":"now","customDays":"","customHours":"","customDate":"","customTime":"","schedulingType":"absolute"},"_wpsp_active_default_template":true},"categories":[36],"tags":[],"class_list":["post-77540","post","type-post","status-publish","format-standard","has-post-thumbnail","hentry","category-culture"],"aioseo_notices":[],"yoast_head":"<!-- This site is optimized with the Yoast SEO plugin v27.5 - https:\/\/yoast.com\/product\/yoast-seo-wordpress\/ -->\n<title>21 ans apr\u00e8s sa disparition\u00a0: Mohia, l&rsquo;h\u00e9ritage culturel atemporel d&rsquo;un artiste iconoclaste - La Sentinelle<\/title>\n<meta name=\"robots\" content=\"index, follow, max-snippet:-1, max-image-preview:large, max-video-preview:-1\" \/>\n<link rel=\"canonical\" href=\"https:\/\/lasentinelle.dz\/index.php\/2025\/12\/10\/21-ans-apres-sa-disparition-mohia-lheritage-culturel-atemporel-dun-artiste-iconoclaste\/\" \/>\n<meta property=\"og:locale\" content=\"fr_FR\" \/>\n<meta property=\"og:type\" content=\"article\" \/>\n<meta property=\"og:title\" content=\"21 ans apr\u00e8s sa disparition\u00a0: Mohia, l&rsquo;h\u00e9ritage culturel atemporel d&rsquo;un artiste iconoclaste - La Sentinelle\" \/>\n<meta property=\"og:description\" content=\"21 ans apr\u00e8s sa disparition, le po\u00e8te et dramaturge Abdallah Mohia (1950-2004) continue d&rsquo;irriguer la sc\u00e8ne culturelle nationale par une\" \/>\n<meta property=\"og:url\" content=\"https:\/\/lasentinelle.dz\/index.php\/2025\/12\/10\/21-ans-apres-sa-disparition-mohia-lheritage-culturel-atemporel-dun-artiste-iconoclaste\/\" \/>\n<meta property=\"og:site_name\" content=\"La Sentinelle\" \/>\n<meta property=\"article:publisher\" content=\"https:\/\/www.facebook.com\/La-Sentinelle-104059864394773\" \/>\n<meta property=\"article:published_time\" content=\"2025-12-10T11:35:41+00:00\" \/>\n<meta property=\"article:modified_time\" content=\"2025-12-10T11:35:42+00:00\" \/>\n<meta property=\"og:image\" content=\"https:\/\/lasentinelle.dz\/wp-content\/uploads\/2025\/12\/Mohia.jpeg\" \/>\n\t<meta property=\"og:image:width\" content=\"299\" \/>\n\t<meta property=\"og:image:height\" content=\"169\" \/>\n\t<meta property=\"og:image:type\" content=\"image\/jpeg\" \/>\n<meta name=\"author\" content=\"admin\" \/>\n<meta name=\"twitter:card\" content=\"summary_large_image\" \/>\n<meta name=\"twitter:label1\" content=\"\u00c9crit par\" \/>\n\t<meta name=\"twitter:data1\" content=\"admin\" \/>\n\t<meta name=\"twitter:label2\" content=\"Dur\u00e9e de lecture estim\u00e9e\" \/>\n\t<meta name=\"twitter:data2\" content=\"4 minutes\" \/>\n<script type=\"application\/ld+json\" class=\"yoast-schema-graph\">{\"@context\":\"https:\\\/\\\/schema.org\",\"@graph\":[{\"@type\":\"Article\",\"@id\":\"https:\\\/\\\/lasentinelle.dz\\\/index.php\\\/2025\\\/12\\\/10\\\/21-ans-apres-sa-disparition-mohia-lheritage-culturel-atemporel-dun-artiste-iconoclaste\\\/#article\",\"isPartOf\":{\"@id\":\"https:\\\/\\\/lasentinelle.dz\\\/index.php\\\/2025\\\/12\\\/10\\\/21-ans-apres-sa-disparition-mohia-lheritage-culturel-atemporel-dun-artiste-iconoclaste\\\/\"},\"author\":{\"name\":\"admin\",\"@id\":\"https:\\\/\\\/lasentinelle.dz\\\/#\\\/schema\\\/person\\\/729ee0024f24e0b8c5ec17232f8e8b41\"},\"headline\":\"21 ans apr\u00e8s sa disparition\u00a0: Mohia, l&rsquo;h\u00e9ritage culturel atemporel d&rsquo;un artiste iconoclaste\",\"datePublished\":\"2025-12-10T11:35:41+00:00\",\"dateModified\":\"2025-12-10T11:35:42+00:00\",\"mainEntityOfPage\":{\"@id\":\"https:\\\/\\\/lasentinelle.dz\\\/index.php\\\/2025\\\/12\\\/10\\\/21-ans-apres-sa-disparition-mohia-lheritage-culturel-atemporel-dun-artiste-iconoclaste\\\/\"},\"wordCount\":860,\"commentCount\":0,\"publisher\":{\"@id\":\"https:\\\/\\\/lasentinelle.dz\\\/#organization\"},\"image\":{\"@id\":\"https:\\\/\\\/lasentinelle.dz\\\/index.php\\\/2025\\\/12\\\/10\\\/21-ans-apres-sa-disparition-mohia-lheritage-culturel-atemporel-dun-artiste-iconoclaste\\\/#primaryimage\"},\"thumbnailUrl\":\"https:\\\/\\\/lasentinelle.dz\\\/wp-content\\\/uploads\\\/2025\\\/12\\\/Mohia.jpeg\",\"articleSection\":[\"Culture\"],\"inLanguage\":\"fr-FR\",\"potentialAction\":[{\"@type\":\"CommentAction\",\"name\":\"Comment\",\"target\":[\"https:\\\/\\\/lasentinelle.dz\\\/index.php\\\/2025\\\/12\\\/10\\\/21-ans-apres-sa-disparition-mohia-lheritage-culturel-atemporel-dun-artiste-iconoclaste\\\/#respond\"]}]},{\"@type\":\"WebPage\",\"@id\":\"https:\\\/\\\/lasentinelle.dz\\\/index.php\\\/2025\\\/12\\\/10\\\/21-ans-apres-sa-disparition-mohia-lheritage-culturel-atemporel-dun-artiste-iconoclaste\\\/\",\"url\":\"https:\\\/\\\/lasentinelle.dz\\\/index.php\\\/2025\\\/12\\\/10\\\/21-ans-apres-sa-disparition-mohia-lheritage-culturel-atemporel-dun-artiste-iconoclaste\\\/\",\"name\":\"21 ans apr\u00e8s sa disparition\u00a0: Mohia, l&rsquo;h\u00e9ritage culturel atemporel d&rsquo;un artiste iconoclaste - La Sentinelle\",\"isPartOf\":{\"@id\":\"https:\\\/\\\/lasentinelle.dz\\\/#website\"},\"primaryImageOfPage\":{\"@id\":\"https:\\\/\\\/lasentinelle.dz\\\/index.php\\\/2025\\\/12\\\/10\\\/21-ans-apres-sa-disparition-mohia-lheritage-culturel-atemporel-dun-artiste-iconoclaste\\\/#primaryimage\"},\"image\":{\"@id\":\"https:\\\/\\\/lasentinelle.dz\\\/index.php\\\/2025\\\/12\\\/10\\\/21-ans-apres-sa-disparition-mohia-lheritage-culturel-atemporel-dun-artiste-iconoclaste\\\/#primaryimage\"},\"thumbnailUrl\":\"https:\\\/\\\/lasentinelle.dz\\\/wp-content\\\/uploads\\\/2025\\\/12\\\/Mohia.jpeg\",\"datePublished\":\"2025-12-10T11:35:41+00:00\",\"dateModified\":\"2025-12-10T11:35:42+00:00\",\"breadcrumb\":{\"@id\":\"https:\\\/\\\/lasentinelle.dz\\\/index.php\\\/2025\\\/12\\\/10\\\/21-ans-apres-sa-disparition-mohia-lheritage-culturel-atemporel-dun-artiste-iconoclaste\\\/#breadcrumb\"},\"inLanguage\":\"fr-FR\",\"potentialAction\":[{\"@type\":\"ReadAction\",\"target\":[\"https:\\\/\\\/lasentinelle.dz\\\/index.php\\\/2025\\\/12\\\/10\\\/21-ans-apres-sa-disparition-mohia-lheritage-culturel-atemporel-dun-artiste-iconoclaste\\\/\"]}]},{\"@type\":\"ImageObject\",\"inLanguage\":\"fr-FR\",\"@id\":\"https:\\\/\\\/lasentinelle.dz\\\/index.php\\\/2025\\\/12\\\/10\\\/21-ans-apres-sa-disparition-mohia-lheritage-culturel-atemporel-dun-artiste-iconoclaste\\\/#primaryimage\",\"url\":\"https:\\\/\\\/lasentinelle.dz\\\/wp-content\\\/uploads\\\/2025\\\/12\\\/Mohia.jpeg\",\"contentUrl\":\"https:\\\/\\\/lasentinelle.dz\\\/wp-content\\\/uploads\\\/2025\\\/12\\\/Mohia.jpeg\",\"width\":299,\"height\":169},{\"@type\":\"BreadcrumbList\",\"@id\":\"https:\\\/\\\/lasentinelle.dz\\\/index.php\\\/2025\\\/12\\\/10\\\/21-ans-apres-sa-disparition-mohia-lheritage-culturel-atemporel-dun-artiste-iconoclaste\\\/#breadcrumb\",\"itemListElement\":[{\"@type\":\"ListItem\",\"position\":1,\"name\":\"Accueil\",\"item\":\"https:\\\/\\\/lasentinelle.dz\\\/\"},{\"@type\":\"ListItem\",\"position\":2,\"name\":\"21 ans apr\u00e8s sa disparition\u00a0: Mohia, l&rsquo;h\u00e9ritage culturel atemporel d&rsquo;un artiste iconoclaste\"}]},{\"@type\":\"WebSite\",\"@id\":\"https:\\\/\\\/lasentinelle.dz\\\/#website\",\"url\":\"https:\\\/\\\/lasentinelle.dz\\\/\",\"name\":\"La Sentinelle\",\"description\":\"Quotidien national d&#039;information\",\"publisher\":{\"@id\":\"https:\\\/\\\/lasentinelle.dz\\\/#organization\"},\"potentialAction\":[{\"@type\":\"SearchAction\",\"target\":{\"@type\":\"EntryPoint\",\"urlTemplate\":\"https:\\\/\\\/lasentinelle.dz\\\/?s={search_term_string}\"},\"query-input\":{\"@type\":\"PropertyValueSpecification\",\"valueRequired\":true,\"valueName\":\"search_term_string\"}}],\"inLanguage\":\"fr-FR\"},{\"@type\":\"Organization\",\"@id\":\"https:\\\/\\\/lasentinelle.dz\\\/#organization\",\"name\":\"Quotidien La Sentinelle\",\"url\":\"https:\\\/\\\/lasentinelle.dz\\\/\",\"logo\":{\"@type\":\"ImageObject\",\"inLanguage\":\"fr-FR\",\"@id\":\"https:\\\/\\\/lasentinelle.dz\\\/#\\\/schema\\\/logo\\\/image\\\/\",\"url\":\"https:\\\/\\\/lasentinelle.dz\\\/wp-content\\\/uploads\\\/2021\\\/09\\\/logo-sentinelleSLOGAN-1.png\",\"contentUrl\":\"https:\\\/\\\/lasentinelle.dz\\\/wp-content\\\/uploads\\\/2021\\\/09\\\/logo-sentinelleSLOGAN-1.png\",\"width\":615,\"height\":142,\"caption\":\"Quotidien La Sentinelle\"},\"image\":{\"@id\":\"https:\\\/\\\/lasentinelle.dz\\\/#\\\/schema\\\/logo\\\/image\\\/\"},\"sameAs\":[\"https:\\\/\\\/www.facebook.com\\\/La-Sentinelle-104059864394773\"]},{\"@type\":\"Person\",\"@id\":\"https:\\\/\\\/lasentinelle.dz\\\/#\\\/schema\\\/person\\\/729ee0024f24e0b8c5ec17232f8e8b41\",\"name\":\"admin\",\"image\":{\"@type\":\"ImageObject\",\"inLanguage\":\"fr-FR\",\"@id\":\"https:\\\/\\\/secure.gravatar.com\\\/avatar\\\/4c81fed838786e9b53f540bf46533e750f5d292099ae3b66cfc6fb1982e29df7?s=96&d=mm&r=g\",\"url\":\"https:\\\/\\\/secure.gravatar.com\\\/avatar\\\/4c81fed838786e9b53f540bf46533e750f5d292099ae3b66cfc6fb1982e29df7?s=96&d=mm&r=g\",\"contentUrl\":\"https:\\\/\\\/secure.gravatar.com\\\/avatar\\\/4c81fed838786e9b53f540bf46533e750f5d292099ae3b66cfc6fb1982e29df7?s=96&d=mm&r=g\",\"caption\":\"admin\"},\"description\":\"admin\",\"url\":\"https:\\\/\\\/lasentinelle.dz\\\/author\\\/admin\\\/\"}]}<\/script>\n<!-- \/ Yoast SEO plugin. -->","yoast_head_json":{"title":"21 ans apr\u00e8s sa disparition\u00a0: Mohia, l&rsquo;h\u00e9ritage culturel atemporel d&rsquo;un artiste iconoclaste - La Sentinelle","robots":{"index":"index","follow":"follow","max-snippet":"max-snippet:-1","max-image-preview":"max-image-preview:large","max-video-preview":"max-video-preview:-1"},"canonical":"https:\/\/lasentinelle.dz\/index.php\/2025\/12\/10\/21-ans-apres-sa-disparition-mohia-lheritage-culturel-atemporel-dun-artiste-iconoclaste\/","og_locale":"fr_FR","og_type":"article","og_title":"21 ans apr\u00e8s sa disparition\u00a0: Mohia, l&rsquo;h\u00e9ritage culturel atemporel d&rsquo;un artiste iconoclaste - La Sentinelle","og_description":"21 ans apr\u00e8s sa disparition, le po\u00e8te et dramaturge Abdallah Mohia (1950-2004) continue d&rsquo;irriguer la sc\u00e8ne culturelle nationale par une","og_url":"https:\/\/lasentinelle.dz\/index.php\/2025\/12\/10\/21-ans-apres-sa-disparition-mohia-lheritage-culturel-atemporel-dun-artiste-iconoclaste\/","og_site_name":"La Sentinelle","article_publisher":"https:\/\/www.facebook.com\/La-Sentinelle-104059864394773","article_published_time":"2025-12-10T11:35:41+00:00","article_modified_time":"2025-12-10T11:35:42+00:00","og_image":[{"width":299,"height":169,"url":"https:\/\/lasentinelle.dz\/wp-content\/uploads\/2025\/12\/Mohia.jpeg","type":"image\/jpeg"}],"author":"admin","twitter_card":"summary_large_image","twitter_misc":{"\u00c9crit par":"admin","Dur\u00e9e de lecture estim\u00e9e":"4 minutes"},"schema":{"@context":"https:\/\/schema.org","@graph":[{"@type":"Article","@id":"https:\/\/lasentinelle.dz\/index.php\/2025\/12\/10\/21-ans-apres-sa-disparition-mohia-lheritage-culturel-atemporel-dun-artiste-iconoclaste\/#article","isPartOf":{"@id":"https:\/\/lasentinelle.dz\/index.php\/2025\/12\/10\/21-ans-apres-sa-disparition-mohia-lheritage-culturel-atemporel-dun-artiste-iconoclaste\/"},"author":{"name":"admin","@id":"https:\/\/lasentinelle.dz\/#\/schema\/person\/729ee0024f24e0b8c5ec17232f8e8b41"},"headline":"21 ans apr\u00e8s sa disparition\u00a0: Mohia, l&rsquo;h\u00e9ritage culturel atemporel d&rsquo;un artiste iconoclaste","datePublished":"2025-12-10T11:35:41+00:00","dateModified":"2025-12-10T11:35:42+00:00","mainEntityOfPage":{"@id":"https:\/\/lasentinelle.dz\/index.php\/2025\/12\/10\/21-ans-apres-sa-disparition-mohia-lheritage-culturel-atemporel-dun-artiste-iconoclaste\/"},"wordCount":860,"commentCount":0,"publisher":{"@id":"https:\/\/lasentinelle.dz\/#organization"},"image":{"@id":"https:\/\/lasentinelle.dz\/index.php\/2025\/12\/10\/21-ans-apres-sa-disparition-mohia-lheritage-culturel-atemporel-dun-artiste-iconoclaste\/#primaryimage"},"thumbnailUrl":"https:\/\/lasentinelle.dz\/wp-content\/uploads\/2025\/12\/Mohia.jpeg","articleSection":["Culture"],"inLanguage":"fr-FR","potentialAction":[{"@type":"CommentAction","name":"Comment","target":["https:\/\/lasentinelle.dz\/index.php\/2025\/12\/10\/21-ans-apres-sa-disparition-mohia-lheritage-culturel-atemporel-dun-artiste-iconoclaste\/#respond"]}]},{"@type":"WebPage","@id":"https:\/\/lasentinelle.dz\/index.php\/2025\/12\/10\/21-ans-apres-sa-disparition-mohia-lheritage-culturel-atemporel-dun-artiste-iconoclaste\/","url":"https:\/\/lasentinelle.dz\/index.php\/2025\/12\/10\/21-ans-apres-sa-disparition-mohia-lheritage-culturel-atemporel-dun-artiste-iconoclaste\/","name":"21 ans apr\u00e8s sa disparition\u00a0: Mohia, l&rsquo;h\u00e9ritage culturel atemporel d&rsquo;un artiste iconoclaste - La Sentinelle","isPartOf":{"@id":"https:\/\/lasentinelle.dz\/#website"},"primaryImageOfPage":{"@id":"https:\/\/lasentinelle.dz\/index.php\/2025\/12\/10\/21-ans-apres-sa-disparition-mohia-lheritage-culturel-atemporel-dun-artiste-iconoclaste\/#primaryimage"},"image":{"@id":"https:\/\/lasentinelle.dz\/index.php\/2025\/12\/10\/21-ans-apres-sa-disparition-mohia-lheritage-culturel-atemporel-dun-artiste-iconoclaste\/#primaryimage"},"thumbnailUrl":"https:\/\/lasentinelle.dz\/wp-content\/uploads\/2025\/12\/Mohia.jpeg","datePublished":"2025-12-10T11:35:41+00:00","dateModified":"2025-12-10T11:35:42+00:00","breadcrumb":{"@id":"https:\/\/lasentinelle.dz\/index.php\/2025\/12\/10\/21-ans-apres-sa-disparition-mohia-lheritage-culturel-atemporel-dun-artiste-iconoclaste\/#breadcrumb"},"inLanguage":"fr-FR","potentialAction":[{"@type":"ReadAction","target":["https:\/\/lasentinelle.dz\/index.php\/2025\/12\/10\/21-ans-apres-sa-disparition-mohia-lheritage-culturel-atemporel-dun-artiste-iconoclaste\/"]}]},{"@type":"ImageObject","inLanguage":"fr-FR","@id":"https:\/\/lasentinelle.dz\/index.php\/2025\/12\/10\/21-ans-apres-sa-disparition-mohia-lheritage-culturel-atemporel-dun-artiste-iconoclaste\/#primaryimage","url":"https:\/\/lasentinelle.dz\/wp-content\/uploads\/2025\/12\/Mohia.jpeg","contentUrl":"https:\/\/lasentinelle.dz\/wp-content\/uploads\/2025\/12\/Mohia.jpeg","width":299,"height":169},{"@type":"BreadcrumbList","@id":"https:\/\/lasentinelle.dz\/index.php\/2025\/12\/10\/21-ans-apres-sa-disparition-mohia-lheritage-culturel-atemporel-dun-artiste-iconoclaste\/#breadcrumb","itemListElement":[{"@type":"ListItem","position":1,"name":"Accueil","item":"https:\/\/lasentinelle.dz\/"},{"@type":"ListItem","position":2,"name":"21 ans apr\u00e8s sa disparition\u00a0: Mohia, l&rsquo;h\u00e9ritage culturel atemporel d&rsquo;un artiste iconoclaste"}]},{"@type":"WebSite","@id":"https:\/\/lasentinelle.dz\/#website","url":"https:\/\/lasentinelle.dz\/","name":"La Sentinelle","description":"Quotidien national d&#039;information","publisher":{"@id":"https:\/\/lasentinelle.dz\/#organization"},"potentialAction":[{"@type":"SearchAction","target":{"@type":"EntryPoint","urlTemplate":"https:\/\/lasentinelle.dz\/?s={search_term_string}"},"query-input":{"@type":"PropertyValueSpecification","valueRequired":true,"valueName":"search_term_string"}}],"inLanguage":"fr-FR"},{"@type":"Organization","@id":"https:\/\/lasentinelle.dz\/#organization","name":"Quotidien La Sentinelle","url":"https:\/\/lasentinelle.dz\/","logo":{"@type":"ImageObject","inLanguage":"fr-FR","@id":"https:\/\/lasentinelle.dz\/#\/schema\/logo\/image\/","url":"https:\/\/lasentinelle.dz\/wp-content\/uploads\/2021\/09\/logo-sentinelleSLOGAN-1.png","contentUrl":"https:\/\/lasentinelle.dz\/wp-content\/uploads\/2021\/09\/logo-sentinelleSLOGAN-1.png","width":615,"height":142,"caption":"Quotidien La Sentinelle"},"image":{"@id":"https:\/\/lasentinelle.dz\/#\/schema\/logo\/image\/"},"sameAs":["https:\/\/www.facebook.com\/La-Sentinelle-104059864394773"]},{"@type":"Person","@id":"https:\/\/lasentinelle.dz\/#\/schema\/person\/729ee0024f24e0b8c5ec17232f8e8b41","name":"admin","image":{"@type":"ImageObject","inLanguage":"fr-FR","@id":"https:\/\/secure.gravatar.com\/avatar\/4c81fed838786e9b53f540bf46533e750f5d292099ae3b66cfc6fb1982e29df7?s=96&d=mm&r=g","url":"https:\/\/secure.gravatar.com\/avatar\/4c81fed838786e9b53f540bf46533e750f5d292099ae3b66cfc6fb1982e29df7?s=96&d=mm&r=g","contentUrl":"https:\/\/secure.gravatar.com\/avatar\/4c81fed838786e9b53f540bf46533e750f5d292099ae3b66cfc6fb1982e29df7?s=96&d=mm&r=g","caption":"admin"},"description":"admin","url":"https:\/\/lasentinelle.dz\/author\/admin\/"}]}},"_links":{"self":[{"href":"https:\/\/lasentinelle.dz\/index.php\/wp-json\/wp\/v2\/posts\/77540","targetHints":{"allow":["GET"]}}],"collection":[{"href":"https:\/\/lasentinelle.dz\/index.php\/wp-json\/wp\/v2\/posts"}],"about":[{"href":"https:\/\/lasentinelle.dz\/index.php\/wp-json\/wp\/v2\/types\/post"}],"author":[{"embeddable":true,"href":"https:\/\/lasentinelle.dz\/index.php\/wp-json\/wp\/v2\/users\/6"}],"replies":[{"embeddable":true,"href":"https:\/\/lasentinelle.dz\/index.php\/wp-json\/wp\/v2\/comments?post=77540"}],"version-history":[{"count":2,"href":"https:\/\/lasentinelle.dz\/index.php\/wp-json\/wp\/v2\/posts\/77540\/revisions"}],"predecessor-version":[{"id":77543,"href":"https:\/\/lasentinelle.dz\/index.php\/wp-json\/wp\/v2\/posts\/77540\/revisions\/77543"}],"wp:featuredmedia":[{"embeddable":true,"href":"https:\/\/lasentinelle.dz\/index.php\/wp-json\/wp\/v2\/media\/77541"}],"wp:attachment":[{"href":"https:\/\/lasentinelle.dz\/index.php\/wp-json\/wp\/v2\/media?parent=77540"}],"wp:term":[{"taxonomy":"category","embeddable":true,"href":"https:\/\/lasentinelle.dz\/index.php\/wp-json\/wp\/v2\/categories?post=77540"},{"taxonomy":"post_tag","embeddable":true,"href":"https:\/\/lasentinelle.dz\/index.php\/wp-json\/wp\/v2\/tags?post=77540"}],"curies":[{"name":"wp","href":"https:\/\/api.w.org\/{rel}","templated":true}]}}