{"id":77544,"date":"2025-12-10T12:36:50","date_gmt":"2025-12-10T11:36:50","guid":{"rendered":"https:\/\/lasentinelle.dz\/?p=77544"},"modified":"2025-12-10T12:36:51","modified_gmt":"2025-12-10T11:36:51","slug":"mc-oran-hadjioui-demissionne-guenad-prend-les-renes","status":"publish","type":"post","link":"https:\/\/lasentinelle.dz\/index.php\/2025\/12\/10\/mc-oran-hadjioui-demissionne-guenad-prend-les-renes\/","title":{"rendered":"MC Oran\u00a0: Hadjioui d\u00e9missionne, Guenad prend les r\u00eanes\u00a0"},"content":{"rendered":"\n<p>Quelques jours seulement apr\u00e8s l&rsquo;\u00e9limination cuisante au 32e tour de la Coupe d&rsquo;Alg\u00e9rie face \u00e0 l&rsquo;ES Mostaganem (2-1 \u00e0 domicile), le MC Oran annonce lundi un changement \u00e0 sa t\u00eate. Mohamed Hadjioui, qui avait pris ses fonctions l&rsquo;\u00e9t\u00e9 dernier, a pr\u00e9sent\u00e9 sa d\u00e9mission de la pr\u00e9sidence du conseil d&rsquo;administration de la soci\u00e9t\u00e9 sportive par actions. Les raisons invoqu\u00e9es sont strictement professionnelles, le communiqu\u00e9 du club pr\u00e9cisant qu&rsquo;il s&rsquo;agit \u00ab\u00a0d&rsquo;obligations professionnelles au sein de la soci\u00e9t\u00e9 Hyproc, o\u00f9 il occupe le poste de directeur des syst\u00e8mes d&rsquo;information et de communication\u00a0\u00bb. Cette d\u00e9mission, bien que justifi\u00e9e par des imp\u00e9ratifs de carri\u00e8re, intervient dans un contexte sportif tendu. En championnat, certes, les Rouge et Blanc occupent provisoirement la deuxi\u00e8me place avec 21 points en 12 matchs, \u00e0 une seule longueur du leader, le MC Alger. Mais ce dernier dispose de quatre matchs en retard, ce qui relativise consid\u00e9rablement la position oranaise au classement. L&rsquo;\u00e9limination pr\u00e9coce en Coupe d&rsquo;Alg\u00e9rie face \u00e0 un adversaire de division inf\u00e9rieure a sans doute pes\u00e9 dans l&rsquo;atmosph\u00e8re entourant ce d\u00e9part. La r\u00e9action du conseil d&rsquo;administration ne s&rsquo;est pas fait attendre. Dimanche soir, lors d&rsquo;une r\u00e9union extraordinaire, les membres ont d\u00e9sign\u00e9 Hichem Guenad pour succ\u00e9der \u00e0 Hadjioui. Selon le communiqu\u00e9 officiel, le nouveau pr\u00e9sident \u00ab\u00a0assumera pleinement ses fonctions en consacrant ses efforts \u00e0 assurer la stabilit\u00e9, \u00e0 obtenir de bonnes performances et \u00e0 bien g\u00e9rer le club\u00a0\u00bb. Un triptyque ambitieux qui r\u00e9sume les d\u00e9fis qui attendent le nouveau patron des Hamraoua : stabiliser une institution secou\u00e9e par ce changement brutal, maintenir le niveau sportif en championnat et assurer une gestion rigoureuse dans un contexte \u00e9conomique toujours d\u00e9licat pour les clubs alg\u00e9riens. Mais au milieu de ces soubresauts institutionnels, une lueur d&rsquo;espoir \u00e9claire l&rsquo;horizon du MCO. Le club sportif amateur a annonc\u00e9 mardi l&rsquo;ach\u00e8vement des \u00e9tudes architecturales pour son futur si\u00e8ge. Apr\u00e8s deux mois de travail intensif, le bureau d&rsquo;\u00e9tudes en architecture a termin\u00e9 l&rsquo;\u00e9laboration des plans d\u00e9finitifs et de l&rsquo;\u00e9tude technique d\u00e9taill\u00e9e pour ce projet pharaonique situ\u00e9 sur le boulevard Abane Ramdane, en plein c\u0153ur d&rsquo;Oran.<\/p>\n\n\n\n<p>L&rsquo;ambition affich\u00e9e est \u00e0 la hauteur du prestige des Hamraoua. Selon les sources du club, le projet s&rsquo;inscrit dans une strat\u00e9gie globale de modernisation, le design combinant modernit\u00e9 et traditions locales tout en mettant en valeur l&rsquo;identit\u00e9 visuelle de l&rsquo;\u00e9quipe rouge et blanche. Le b\u00e2timent, qui sera \u00e9rig\u00e9 selon des normes architecturales et fonctionnelles \u00e9lev\u00e9es, comportera six \u00e9tages et concentrera une multitude de fonctions. Un h\u00f4tel de 28 chambres, un restaurant avec sa cuisine, des bureaux techniques et logistiques, les bureaux de l&rsquo;administration g\u00e9n\u00e9rale, une boutique officielle, un mus\u00e9e retra\u00e7ant l&rsquo;histoire centenaire du club, une caf\u00e9t\u00e9ria ouverte aux supporters et m\u00eame une piscine composeront cet \u00e9difice multifonctionnel. Le club a soulign\u00e9 que ce projet vise \u00e0 cr\u00e9er un rep\u00e8re urbain refl\u00e9tant l&rsquo;h\u00e9ritage de la MCO et contribuant \u00e0 am\u00e9liorer son image, \u00ab\u00a0en tant qu&rsquo;espace de souvenirs pour les Hamraoua et de rassemblement de la famille du club\u00a0\u00bb. Une ambition qui r\u00e9pond \u00e0 un besoin criant, l&rsquo;actuel si\u00e8ge s&rsquo;\u00e9tant nettement d\u00e9grad\u00e9 ces derni\u00e8res ann\u00e9es, victime du temps et du manque d&rsquo;entretien. Le financement de ce chantier colossal repose sur un partenariat strat\u00e9gique avec la compagnie Hyproc, d\u00e9tentrice de la majorit\u00e9 des actions de l&rsquo;\u00e9quipe professionnelle de football. Une rencontre r\u00e9cente entre Baroudi Bellelou, pr\u00e9sident du CSA, et Adel Cherouati, PDG d&rsquo;Hyproc, a confirm\u00e9 l&rsquo;engagement du groupe dans ce projet. Cherouati a exprim\u00e9 un grand soutien et sa volont\u00e9 de concr\u00e9tiser le projet sur le terrain, en attendant la signature d&rsquo;un nouvel accord entre les deux parties pour le d\u00e9marrage prochain des travaux. Point crucial soulign\u00e9 par Bellelou : tous les revenus g\u00e9n\u00e9r\u00e9s par le futur accord seront enti\u00e8rement consacr\u00e9s au financement de la construction du nouveau si\u00e8ge. Le pr\u00e9sident du CSA a \u00e9galement salu\u00e9 le r\u00f4le des autorit\u00e9s locales et de la direction de la jeunesse et des sports pour faire avancer ce projet digne de l&rsquo;histoire et de la r\u00e9putation du MCO.<\/p>\n\n\n\n<p>M.D.<\/p>\n","protected":false},"excerpt":{"rendered":"<p>Quelques jours seulement apr\u00e8s l&rsquo;\u00e9limination cuisante au 32e tour de la Coupe d&rsquo;Alg\u00e9rie face \u00e0 l&rsquo;ES Mostaganem (2-1 \u00e0 domicile),<\/p>\n","protected":false},"author":6,"featured_media":75596,"comment_status":"open","ping_status":"closed","sticky":false,"template":"","format":"standard","meta":{"colormag_page_container_layout":"default_layout","colormag_page_sidebar_layout":"default_layout","om_disable_all_campaigns":false,"_monsterinsights_skip_tracking":false,"_monsterinsights_sitenote_active":false,"_monsterinsights_sitenote_note":"","_monsterinsights_sitenote_category":0,"footnotes":"","_wpscppro_dont_share_socialmedia":false,"_wpscppro_custom_social_share_image":0,"_facebook_share_type":"default","_twitter_share_type":"default","_linkedin_share_type":"default","_pinterest_share_type":"default","_linkedin_share_type_page":"","_instagram_share_type":"default","_medium_share_type":"default","_threads_share_type":"default","_google_business_share_type":"default","_selected_social_profile":[],"_wpsp_enable_custom_social_template":false,"_wpsp_social_scheduling":{"enabled":false,"datetime":null,"platforms":[],"status":"template_only","dateOption":"today","timeOption":"now","customDays":"","customHours":"","customDate":"","customTime":"","schedulingType":"absolute"},"_wpsp_active_default_template":true},"categories":[33],"tags":[],"class_list":["post-77544","post","type-post","status-publish","format-standard","has-post-thumbnail","hentry","category-sports"],"aioseo_notices":[],"yoast_head":"<!-- This site is optimized with the Yoast SEO plugin v27.5 - https:\/\/yoast.com\/product\/yoast-seo-wordpress\/ -->\n<title>MC Oran\u00a0: Hadjioui d\u00e9missionne, Guenad prend les r\u00eanes\u00a0 - La Sentinelle<\/title>\n<meta name=\"robots\" content=\"index, follow, max-snippet:-1, max-image-preview:large, max-video-preview:-1\" \/>\n<link rel=\"canonical\" href=\"https:\/\/lasentinelle.dz\/index.php\/2025\/12\/10\/mc-oran-hadjioui-demissionne-guenad-prend-les-renes\/\" \/>\n<meta property=\"og:locale\" content=\"fr_FR\" \/>\n<meta property=\"og:type\" content=\"article\" \/>\n<meta property=\"og:title\" content=\"MC Oran\u00a0: Hadjioui d\u00e9missionne, Guenad prend les r\u00eanes\u00a0 - La Sentinelle\" \/>\n<meta property=\"og:description\" content=\"Quelques jours seulement apr\u00e8s l&rsquo;\u00e9limination cuisante au 32e tour de la Coupe d&rsquo;Alg\u00e9rie face \u00e0 l&rsquo;ES Mostaganem (2-1 \u00e0 domicile),\" \/>\n<meta property=\"og:url\" content=\"https:\/\/lasentinelle.dz\/index.php\/2025\/12\/10\/mc-oran-hadjioui-demissionne-guenad-prend-les-renes\/\" \/>\n<meta property=\"og:site_name\" content=\"La Sentinelle\" \/>\n<meta property=\"article:publisher\" content=\"https:\/\/www.facebook.com\/La-Sentinelle-104059864394773\" \/>\n<meta property=\"article:published_time\" content=\"2025-12-10T11:36:50+00:00\" \/>\n<meta property=\"article:modified_time\" content=\"2025-12-10T11:36:51+00:00\" \/>\n<meta property=\"og:image\" content=\"https:\/\/lasentinelle.dz\/wp-content\/uploads\/2025\/11\/MCO.jpg\" \/>\n\t<meta property=\"og:image:width\" content=\"680\" \/>\n\t<meta property=\"og:image:height\" content=\"408\" \/>\n\t<meta property=\"og:image:type\" content=\"image\/jpeg\" \/>\n<meta name=\"author\" content=\"admin\" \/>\n<meta name=\"twitter:card\" content=\"summary_large_image\" \/>\n<meta name=\"twitter:label1\" content=\"\u00c9crit par\" \/>\n\t<meta name=\"twitter:data1\" content=\"admin\" \/>\n\t<meta name=\"twitter:label2\" content=\"Dur\u00e9e de lecture estim\u00e9e\" \/>\n\t<meta name=\"twitter:data2\" content=\"4 minutes\" \/>\n<script type=\"application\/ld+json\" class=\"yoast-schema-graph\">{\"@context\":\"https:\\\/\\\/schema.org\",\"@graph\":[{\"@type\":\"Article\",\"@id\":\"https:\\\/\\\/lasentinelle.dz\\\/index.php\\\/2025\\\/12\\\/10\\\/mc-oran-hadjioui-demissionne-guenad-prend-les-renes\\\/#article\",\"isPartOf\":{\"@id\":\"https:\\\/\\\/lasentinelle.dz\\\/index.php\\\/2025\\\/12\\\/10\\\/mc-oran-hadjioui-demissionne-guenad-prend-les-renes\\\/\"},\"author\":{\"name\":\"admin\",\"@id\":\"https:\\\/\\\/lasentinelle.dz\\\/#\\\/schema\\\/person\\\/729ee0024f24e0b8c5ec17232f8e8b41\"},\"headline\":\"MC Oran\u00a0: Hadjioui d\u00e9missionne, Guenad prend les r\u00eanes\u00a0\",\"datePublished\":\"2025-12-10T11:36:50+00:00\",\"dateModified\":\"2025-12-10T11:36:51+00:00\",\"mainEntityOfPage\":{\"@id\":\"https:\\\/\\\/lasentinelle.dz\\\/index.php\\\/2025\\\/12\\\/10\\\/mc-oran-hadjioui-demissionne-guenad-prend-les-renes\\\/\"},\"wordCount\":758,\"commentCount\":0,\"publisher\":{\"@id\":\"https:\\\/\\\/lasentinelle.dz\\\/#organization\"},\"image\":{\"@id\":\"https:\\\/\\\/lasentinelle.dz\\\/index.php\\\/2025\\\/12\\\/10\\\/mc-oran-hadjioui-demissionne-guenad-prend-les-renes\\\/#primaryimage\"},\"thumbnailUrl\":\"https:\\\/\\\/lasentinelle.dz\\\/wp-content\\\/uploads\\\/2025\\\/11\\\/MCO.jpg\",\"articleSection\":[\"Sports\"],\"inLanguage\":\"fr-FR\",\"potentialAction\":[{\"@type\":\"CommentAction\",\"name\":\"Comment\",\"target\":[\"https:\\\/\\\/lasentinelle.dz\\\/index.php\\\/2025\\\/12\\\/10\\\/mc-oran-hadjioui-demissionne-guenad-prend-les-renes\\\/#respond\"]}]},{\"@type\":\"WebPage\",\"@id\":\"https:\\\/\\\/lasentinelle.dz\\\/index.php\\\/2025\\\/12\\\/10\\\/mc-oran-hadjioui-demissionne-guenad-prend-les-renes\\\/\",\"url\":\"https:\\\/\\\/lasentinelle.dz\\\/index.php\\\/2025\\\/12\\\/10\\\/mc-oran-hadjioui-demissionne-guenad-prend-les-renes\\\/\",\"name\":\"MC Oran\u00a0: Hadjioui d\u00e9missionne, Guenad prend les r\u00eanes\u00a0 - La Sentinelle\",\"isPartOf\":{\"@id\":\"https:\\\/\\\/lasentinelle.dz\\\/#website\"},\"primaryImageOfPage\":{\"@id\":\"https:\\\/\\\/lasentinelle.dz\\\/index.php\\\/2025\\\/12\\\/10\\\/mc-oran-hadjioui-demissionne-guenad-prend-les-renes\\\/#primaryimage\"},\"image\":{\"@id\":\"https:\\\/\\\/lasentinelle.dz\\\/index.php\\\/2025\\\/12\\\/10\\\/mc-oran-hadjioui-demissionne-guenad-prend-les-renes\\\/#primaryimage\"},\"thumbnailUrl\":\"https:\\\/\\\/lasentinelle.dz\\\/wp-content\\\/uploads\\\/2025\\\/11\\\/MCO.jpg\",\"datePublished\":\"2025-12-10T11:36:50+00:00\",\"dateModified\":\"2025-12-10T11:36:51+00:00\",\"breadcrumb\":{\"@id\":\"https:\\\/\\\/lasentinelle.dz\\\/index.php\\\/2025\\\/12\\\/10\\\/mc-oran-hadjioui-demissionne-guenad-prend-les-renes\\\/#breadcrumb\"},\"inLanguage\":\"fr-FR\",\"potentialAction\":[{\"@type\":\"ReadAction\",\"target\":[\"https:\\\/\\\/lasentinelle.dz\\\/index.php\\\/2025\\\/12\\\/10\\\/mc-oran-hadjioui-demissionne-guenad-prend-les-renes\\\/\"]}]},{\"@type\":\"ImageObject\",\"inLanguage\":\"fr-FR\",\"@id\":\"https:\\\/\\\/lasentinelle.dz\\\/index.php\\\/2025\\\/12\\\/10\\\/mc-oran-hadjioui-demissionne-guenad-prend-les-renes\\\/#primaryimage\",\"url\":\"https:\\\/\\\/lasentinelle.dz\\\/wp-content\\\/uploads\\\/2025\\\/11\\\/MCO.jpg\",\"contentUrl\":\"https:\\\/\\\/lasentinelle.dz\\\/wp-content\\\/uploads\\\/2025\\\/11\\\/MCO.jpg\",\"width\":680,\"height\":408},{\"@type\":\"BreadcrumbList\",\"@id\":\"https:\\\/\\\/lasentinelle.dz\\\/index.php\\\/2025\\\/12\\\/10\\\/mc-oran-hadjioui-demissionne-guenad-prend-les-renes\\\/#breadcrumb\",\"itemListElement\":[{\"@type\":\"ListItem\",\"position\":1,\"name\":\"Accueil\",\"item\":\"https:\\\/\\\/lasentinelle.dz\\\/\"},{\"@type\":\"ListItem\",\"position\":2,\"name\":\"MC Oran\u00a0: Hadjioui d\u00e9missionne, Guenad prend les r\u00eanes\u00a0\"}]},{\"@type\":\"WebSite\",\"@id\":\"https:\\\/\\\/lasentinelle.dz\\\/#website\",\"url\":\"https:\\\/\\\/lasentinelle.dz\\\/\",\"name\":\"La Sentinelle\",\"description\":\"Quotidien national d&#039;information\",\"publisher\":{\"@id\":\"https:\\\/\\\/lasentinelle.dz\\\/#organization\"},\"potentialAction\":[{\"@type\":\"SearchAction\",\"target\":{\"@type\":\"EntryPoint\",\"urlTemplate\":\"https:\\\/\\\/lasentinelle.dz\\\/?s={search_term_string}\"},\"query-input\":{\"@type\":\"PropertyValueSpecification\",\"valueRequired\":true,\"valueName\":\"search_term_string\"}}],\"inLanguage\":\"fr-FR\"},{\"@type\":\"Organization\",\"@id\":\"https:\\\/\\\/lasentinelle.dz\\\/#organization\",\"name\":\"Quotidien La Sentinelle\",\"url\":\"https:\\\/\\\/lasentinelle.dz\\\/\",\"logo\":{\"@type\":\"ImageObject\",\"inLanguage\":\"fr-FR\",\"@id\":\"https:\\\/\\\/lasentinelle.dz\\\/#\\\/schema\\\/logo\\\/image\\\/\",\"url\":\"https:\\\/\\\/lasentinelle.dz\\\/wp-content\\\/uploads\\\/2021\\\/09\\\/logo-sentinelleSLOGAN-1.png\",\"contentUrl\":\"https:\\\/\\\/lasentinelle.dz\\\/wp-content\\\/uploads\\\/2021\\\/09\\\/logo-sentinelleSLOGAN-1.png\",\"width\":615,\"height\":142,\"caption\":\"Quotidien La Sentinelle\"},\"image\":{\"@id\":\"https:\\\/\\\/lasentinelle.dz\\\/#\\\/schema\\\/logo\\\/image\\\/\"},\"sameAs\":[\"https:\\\/\\\/www.facebook.com\\\/La-Sentinelle-104059864394773\"]},{\"@type\":\"Person\",\"@id\":\"https:\\\/\\\/lasentinelle.dz\\\/#\\\/schema\\\/person\\\/729ee0024f24e0b8c5ec17232f8e8b41\",\"name\":\"admin\",\"image\":{\"@type\":\"ImageObject\",\"inLanguage\":\"fr-FR\",\"@id\":\"https:\\\/\\\/secure.gravatar.com\\\/avatar\\\/4c81fed838786e9b53f540bf46533e750f5d292099ae3b66cfc6fb1982e29df7?s=96&d=mm&r=g\",\"url\":\"https:\\\/\\\/secure.gravatar.com\\\/avatar\\\/4c81fed838786e9b53f540bf46533e750f5d292099ae3b66cfc6fb1982e29df7?s=96&d=mm&r=g\",\"contentUrl\":\"https:\\\/\\\/secure.gravatar.com\\\/avatar\\\/4c81fed838786e9b53f540bf46533e750f5d292099ae3b66cfc6fb1982e29df7?s=96&d=mm&r=g\",\"caption\":\"admin\"},\"description\":\"admin\",\"url\":\"https:\\\/\\\/lasentinelle.dz\\\/author\\\/admin\\\/\"}]}<\/script>\n<!-- \/ Yoast SEO plugin. -->","yoast_head_json":{"title":"MC Oran\u00a0: Hadjioui d\u00e9missionne, Guenad prend les r\u00eanes\u00a0 - La Sentinelle","robots":{"index":"index","follow":"follow","max-snippet":"max-snippet:-1","max-image-preview":"max-image-preview:large","max-video-preview":"max-video-preview:-1"},"canonical":"https:\/\/lasentinelle.dz\/index.php\/2025\/12\/10\/mc-oran-hadjioui-demissionne-guenad-prend-les-renes\/","og_locale":"fr_FR","og_type":"article","og_title":"MC Oran\u00a0: Hadjioui d\u00e9missionne, Guenad prend les r\u00eanes\u00a0 - La Sentinelle","og_description":"Quelques jours seulement apr\u00e8s l&rsquo;\u00e9limination cuisante au 32e tour de la Coupe d&rsquo;Alg\u00e9rie face \u00e0 l&rsquo;ES Mostaganem (2-1 \u00e0 domicile),","og_url":"https:\/\/lasentinelle.dz\/index.php\/2025\/12\/10\/mc-oran-hadjioui-demissionne-guenad-prend-les-renes\/","og_site_name":"La Sentinelle","article_publisher":"https:\/\/www.facebook.com\/La-Sentinelle-104059864394773","article_published_time":"2025-12-10T11:36:50+00:00","article_modified_time":"2025-12-10T11:36:51+00:00","og_image":[{"width":680,"height":408,"url":"https:\/\/lasentinelle.dz\/wp-content\/uploads\/2025\/11\/MCO.jpg","type":"image\/jpeg"}],"author":"admin","twitter_card":"summary_large_image","twitter_misc":{"\u00c9crit par":"admin","Dur\u00e9e de lecture estim\u00e9e":"4 minutes"},"schema":{"@context":"https:\/\/schema.org","@graph":[{"@type":"Article","@id":"https:\/\/lasentinelle.dz\/index.php\/2025\/12\/10\/mc-oran-hadjioui-demissionne-guenad-prend-les-renes\/#article","isPartOf":{"@id":"https:\/\/lasentinelle.dz\/index.php\/2025\/12\/10\/mc-oran-hadjioui-demissionne-guenad-prend-les-renes\/"},"author":{"name":"admin","@id":"https:\/\/lasentinelle.dz\/#\/schema\/person\/729ee0024f24e0b8c5ec17232f8e8b41"},"headline":"MC Oran\u00a0: Hadjioui d\u00e9missionne, Guenad prend les r\u00eanes\u00a0","datePublished":"2025-12-10T11:36:50+00:00","dateModified":"2025-12-10T11:36:51+00:00","mainEntityOfPage":{"@id":"https:\/\/lasentinelle.dz\/index.php\/2025\/12\/10\/mc-oran-hadjioui-demissionne-guenad-prend-les-renes\/"},"wordCount":758,"commentCount":0,"publisher":{"@id":"https:\/\/lasentinelle.dz\/#organization"},"image":{"@id":"https:\/\/lasentinelle.dz\/index.php\/2025\/12\/10\/mc-oran-hadjioui-demissionne-guenad-prend-les-renes\/#primaryimage"},"thumbnailUrl":"https:\/\/lasentinelle.dz\/wp-content\/uploads\/2025\/11\/MCO.jpg","articleSection":["Sports"],"inLanguage":"fr-FR","potentialAction":[{"@type":"CommentAction","name":"Comment","target":["https:\/\/lasentinelle.dz\/index.php\/2025\/12\/10\/mc-oran-hadjioui-demissionne-guenad-prend-les-renes\/#respond"]}]},{"@type":"WebPage","@id":"https:\/\/lasentinelle.dz\/index.php\/2025\/12\/10\/mc-oran-hadjioui-demissionne-guenad-prend-les-renes\/","url":"https:\/\/lasentinelle.dz\/index.php\/2025\/12\/10\/mc-oran-hadjioui-demissionne-guenad-prend-les-renes\/","name":"MC Oran\u00a0: Hadjioui d\u00e9missionne, Guenad prend les r\u00eanes\u00a0 - La Sentinelle","isPartOf":{"@id":"https:\/\/lasentinelle.dz\/#website"},"primaryImageOfPage":{"@id":"https:\/\/lasentinelle.dz\/index.php\/2025\/12\/10\/mc-oran-hadjioui-demissionne-guenad-prend-les-renes\/#primaryimage"},"image":{"@id":"https:\/\/lasentinelle.dz\/index.php\/2025\/12\/10\/mc-oran-hadjioui-demissionne-guenad-prend-les-renes\/#primaryimage"},"thumbnailUrl":"https:\/\/lasentinelle.dz\/wp-content\/uploads\/2025\/11\/MCO.jpg","datePublished":"2025-12-10T11:36:50+00:00","dateModified":"2025-12-10T11:36:51+00:00","breadcrumb":{"@id":"https:\/\/lasentinelle.dz\/index.php\/2025\/12\/10\/mc-oran-hadjioui-demissionne-guenad-prend-les-renes\/#breadcrumb"},"inLanguage":"fr-FR","potentialAction":[{"@type":"ReadAction","target":["https:\/\/lasentinelle.dz\/index.php\/2025\/12\/10\/mc-oran-hadjioui-demissionne-guenad-prend-les-renes\/"]}]},{"@type":"ImageObject","inLanguage":"fr-FR","@id":"https:\/\/lasentinelle.dz\/index.php\/2025\/12\/10\/mc-oran-hadjioui-demissionne-guenad-prend-les-renes\/#primaryimage","url":"https:\/\/lasentinelle.dz\/wp-content\/uploads\/2025\/11\/MCO.jpg","contentUrl":"https:\/\/lasentinelle.dz\/wp-content\/uploads\/2025\/11\/MCO.jpg","width":680,"height":408},{"@type":"BreadcrumbList","@id":"https:\/\/lasentinelle.dz\/index.php\/2025\/12\/10\/mc-oran-hadjioui-demissionne-guenad-prend-les-renes\/#breadcrumb","itemListElement":[{"@type":"ListItem","position":1,"name":"Accueil","item":"https:\/\/lasentinelle.dz\/"},{"@type":"ListItem","position":2,"name":"MC Oran\u00a0: Hadjioui d\u00e9missionne, Guenad prend les r\u00eanes\u00a0"}]},{"@type":"WebSite","@id":"https:\/\/lasentinelle.dz\/#website","url":"https:\/\/lasentinelle.dz\/","name":"La Sentinelle","description":"Quotidien national d&#039;information","publisher":{"@id":"https:\/\/lasentinelle.dz\/#organization"},"potentialAction":[{"@type":"SearchAction","target":{"@type":"EntryPoint","urlTemplate":"https:\/\/lasentinelle.dz\/?s={search_term_string}"},"query-input":{"@type":"PropertyValueSpecification","valueRequired":true,"valueName":"search_term_string"}}],"inLanguage":"fr-FR"},{"@type":"Organization","@id":"https:\/\/lasentinelle.dz\/#organization","name":"Quotidien La Sentinelle","url":"https:\/\/lasentinelle.dz\/","logo":{"@type":"ImageObject","inLanguage":"fr-FR","@id":"https:\/\/lasentinelle.dz\/#\/schema\/logo\/image\/","url":"https:\/\/lasentinelle.dz\/wp-content\/uploads\/2021\/09\/logo-sentinelleSLOGAN-1.png","contentUrl":"https:\/\/lasentinelle.dz\/wp-content\/uploads\/2021\/09\/logo-sentinelleSLOGAN-1.png","width":615,"height":142,"caption":"Quotidien La Sentinelle"},"image":{"@id":"https:\/\/lasentinelle.dz\/#\/schema\/logo\/image\/"},"sameAs":["https:\/\/www.facebook.com\/La-Sentinelle-104059864394773"]},{"@type":"Person","@id":"https:\/\/lasentinelle.dz\/#\/schema\/person\/729ee0024f24e0b8c5ec17232f8e8b41","name":"admin","image":{"@type":"ImageObject","inLanguage":"fr-FR","@id":"https:\/\/secure.gravatar.com\/avatar\/4c81fed838786e9b53f540bf46533e750f5d292099ae3b66cfc6fb1982e29df7?s=96&d=mm&r=g","url":"https:\/\/secure.gravatar.com\/avatar\/4c81fed838786e9b53f540bf46533e750f5d292099ae3b66cfc6fb1982e29df7?s=96&d=mm&r=g","contentUrl":"https:\/\/secure.gravatar.com\/avatar\/4c81fed838786e9b53f540bf46533e750f5d292099ae3b66cfc6fb1982e29df7?s=96&d=mm&r=g","caption":"admin"},"description":"admin","url":"https:\/\/lasentinelle.dz\/author\/admin\/"}]}},"_links":{"self":[{"href":"https:\/\/lasentinelle.dz\/index.php\/wp-json\/wp\/v2\/posts\/77544","targetHints":{"allow":["GET"]}}],"collection":[{"href":"https:\/\/lasentinelle.dz\/index.php\/wp-json\/wp\/v2\/posts"}],"about":[{"href":"https:\/\/lasentinelle.dz\/index.php\/wp-json\/wp\/v2\/types\/post"}],"author":[{"embeddable":true,"href":"https:\/\/lasentinelle.dz\/index.php\/wp-json\/wp\/v2\/users\/6"}],"replies":[{"embeddable":true,"href":"https:\/\/lasentinelle.dz\/index.php\/wp-json\/wp\/v2\/comments?post=77544"}],"version-history":[{"count":1,"href":"https:\/\/lasentinelle.dz\/index.php\/wp-json\/wp\/v2\/posts\/77544\/revisions"}],"predecessor-version":[{"id":77545,"href":"https:\/\/lasentinelle.dz\/index.php\/wp-json\/wp\/v2\/posts\/77544\/revisions\/77545"}],"wp:featuredmedia":[{"embeddable":true,"href":"https:\/\/lasentinelle.dz\/index.php\/wp-json\/wp\/v2\/media\/75596"}],"wp:attachment":[{"href":"https:\/\/lasentinelle.dz\/index.php\/wp-json\/wp\/v2\/media?parent=77544"}],"wp:term":[{"taxonomy":"category","embeddable":true,"href":"https:\/\/lasentinelle.dz\/index.php\/wp-json\/wp\/v2\/categories?post=77544"},{"taxonomy":"post_tag","embeddable":true,"href":"https:\/\/lasentinelle.dz\/index.php\/wp-json\/wp\/v2\/tags?post=77544"}],"curies":[{"name":"wp","href":"https:\/\/api.w.org\/{rel}","templated":true}]}}