{"id":77546,"date":"2025-12-10T12:38:26","date_gmt":"2025-12-10T11:38:26","guid":{"rendered":"https:\/\/lasentinelle.dz\/?p=77546"},"modified":"2025-12-10T12:38:27","modified_gmt":"2025-12-10T11:38:27","slug":"ligue-1-mobilis-le-mca-simpose-creuse-lecart-en-tete-du-championnat","status":"publish","type":"post","link":"https:\/\/lasentinelle.dz\/index.php\/2025\/12\/10\/ligue-1-mobilis-le-mca-simpose-creuse-lecart-en-tete-du-championnat\/","title":{"rendered":"Ligue 1 Mobilis\u00a0: Le MCA s&rsquo;impose creuse l&rsquo;\u00e9cart en t\u00eate du championnat"},"content":{"rendered":"\n<p>Le MC Alger a remport\u00e9 le choc de la 1re journ\u00e9e en retard face au CR Belouizdad (2-1) lundi soir au stade Ali La Pointe de Douera, consolidant sa position de leader avec 25 points. L&rsquo;USM Alger a \u00e9galement profit\u00e9 de cette mise \u00e0 jour pour grimper \u00e0 la 4e place en battant la JSK \u00e0 Tizi-Ouzou (2-1).<\/p>\n\n\n\n<p>La soir\u00e9e du lundi a tenu toutes ses promesses pour les amateurs de football alg\u00e9rien avec 2 affiches de prestige disput\u00e9es dans le cadre de la mise \u00e0 jour de la 1re journ\u00e9e du championnat de Ligue 1 Mobilis. Le derby alg\u00e9rois entre le MC Alger et le CR Belouizdad, programm\u00e9 au stade Ali Ammar dit Ali La Pointe de Douera, a offert un spectacle intense qui a tourn\u00e9 \u00e0 l&rsquo;avantage du Mouloudia. Cette victoire permet au Doyen de conforter son statut de leader incontest\u00e9 de la comp\u00e9tition avec d\u00e9sormais 4 longueurs d&rsquo;avance sur ses plus proches poursuivants, l&rsquo;Olympique Akbou et le MC Oran, qui totalisent chacun 21 points.<\/p>\n\n\n\n<p>Le sc\u00e9nario de cette confrontation entre deux des plus grands clubs de la capitale a oscill\u00e9 entre moments de ma\u00eetrise et phases de tension. Le Chabab a pris l&rsquo;initiative en ouvrant le score par l&rsquo;interm\u00e9diaire d&rsquo;El-Mellali \u00e0 la 17e minute, mettant d&#8217;embl\u00e9e la pression sur le champion d&rsquo;Alg\u00e9rie en titre. Mais le CR Belouizdad, double tenant du titre, a rapidement r\u00e9agi en r\u00e9tablissant l&rsquo;\u00e9galit\u00e9 7 minutes plus tard gr\u00e2ce \u00e0 une r\u00e9alisation de Bayazid (24e). Les deux \u00e9quipes sont rentr\u00e9es aux vestiaires sur ce score de parit\u00e9 de 1 but partout, laissant pr\u00e9sager une deuxi\u00e8me mi-temps ind\u00e9cise.<\/p>\n\n\n\n<p>La physionomie de la rencontre a bascul\u00e9 apr\u00e8s la pause. Le MC Alger a pris le contr\u00f4le des op\u00e9rations en monopolisant la possession du ballon, imposant son rythme et acculant le CRB dans sa moiti\u00e9 de terrain. Cette domination territoriale a fini par porter ses fruits \u00e0 la 81e minute lorsque l&rsquo;attaquant guin\u00e9en Bangoura, entr\u00e9 en cours de jeu, a inscrit le but de la victoire qui a fait exploser de joie les supporters mouloud\u00e9ens. Ce but d\u00e9cisif r\u00e9compensait la strat\u00e9gie offensive mise en place par le staff technique du MCA en deuxi\u00e8me p\u00e9riode et l&rsquo;impact positif des changements op\u00e9r\u00e9s.<\/p>\n\n\n\n<p>La fin de match a toutefois \u00e9t\u00e9 marqu\u00e9e par deux&nbsp;&nbsp;incidents qui pourraient avoir des r\u00e9percussions importantes. D&rsquo;abord, la sortie sur blessure du gardien international Alexis Guendouz \u00e0 la 59e minute suscite des inqui\u00e9tudes \u00e0 moins de 2 semaines du coup d&rsquo;envoi de la Coupe d&rsquo;Afrique des nations CAN-2025, pr\u00e9vue du 21 d\u00e9cembre 2025 au 18 janvier 2026. Cette blessure du portier du Doyen, \u00e9l\u00e9ment cl\u00e9 de l&rsquo;\u00e9quipe nationale, survient au plus mauvais moment pour le s\u00e9lectionneur national Ensuite, le MCA a termin\u00e9 la partie en inf\u00e9riorit\u00e9 num\u00e9rique apr\u00e8s l&rsquo;expulsion de son capitaine Abdellaoui dans le temps additionnel (90e+4), ce qui le privera d&rsquo;un \u00e9l\u00e9ment majeur pour le prochain match.<\/p>\n\n\n\n<p>Cette victoire permet au MC Alger de porter son capital points \u00e0 25 unit\u00e9s en seulement 9 matchs disput\u00e9s, t\u00e9moignant de son excellente efficacit\u00e9 depuis le d\u00e9but de saison. Le club dispose encore de 3 matchs en retard \u00e0 jouer : une r\u00e9ception de l&rsquo;ES Ben Aknoun comptant pour la 3e journ\u00e9e, un d\u00e9placement p\u00e9rilleux chez la JS Kabylie pour la 6e journ\u00e9e, et un match \u00e0 domicile face au CS Constantine lors de la 12e journ\u00e9e. Ces rencontres en moins repr\u00e9sentent autant d&rsquo;occasions pour le Mouloudia de creuser encore davantage l&rsquo;\u00e9cart sur ses concurrents directs. Du c\u00f4t\u00e9 du CR Belouizdad, cette d\u00e9faite dans le derby fait mal au moral et maintient le club \u00e0 une d\u00e9cevante 10e place avec 14 points, bien loin des standards habituels du double champion d&rsquo;Alg\u00e9rie.<\/p>\n\n\n\n<p><strong>Les Canaris tenus en \u00e9chec<\/strong><\/p>\n\n\n\n<p>L&rsquo;autre affiche de cette soir\u00e9e de mise \u00e0 jour opposait la JS Kabylie \u00e0 l&rsquo;USM Alger au stade Hocine A\u00eft-Ahmed de Tizi-Ouzou. Les Rouge et Noir ont r\u00e9alis\u00e9 une excellente op\u00e9ration en s&rsquo;imposant sur la pelouse des Canaris sur le score de 2 buts \u00e0 1. L&rsquo;USMA a ouvert la marque juste avant la pause gr\u00e2ce \u00e0 une r\u00e9alisation de Khaldi \u00e0 la 42e minute, permettant \u00e0 son \u00e9quipe d&rsquo;aborder la 2e p\u00e9riode avec un avantage psychologique. La r\u00e9action des Kabyles ne s&rsquo;est pas fait attendre puisque Mahious a remis les 2 formations \u00e0 \u00e9galit\u00e9 \u00e0 la 60e minute, relan\u00e7ant totalement la partie.<\/p>\n\n\n\n<p>Le suspense est rest\u00e9 entier jusqu&rsquo;aux derni\u00e8res minutes du match, avant que le milieu de terrain congolais Glody Likonza n&rsquo;offre la victoire \u00e0 l&rsquo;USM Alger en inscrivant le but d\u00e9cisif \u00e0 la 79e minute. Ce succ\u00e8s pr\u00e9cieux permet au club de Soustara de grimper \u00e0 la 4e place du classement avec 18 points au compteur apr\u00e8s 11 journ\u00e9es disput\u00e9es. Les Usmistes conservent 1 match en retard \u00e0 jouer \u00e0 domicile face au MB Rouissat, programm\u00e9 pour la 8e journ\u00e9e. De son c\u00f4t\u00e9, la JS Kabylie occupe la 8e place avec 15 points et compte encore 2 matchs \u00e0 jouer \u00e0 domicile, face au MC Alger et au MB Rouissat.<\/p>\n\n\n\n<p>Au terme de cette soir\u00e9e de championnat, le MC Alger continue de survoler le championnat et affirme ses ambitions de titre, tandis que l&rsquo;USM Alger revient dans la course au podium.<\/p>\n\n\n\n<p>M. Dahleb<\/p>\n","protected":false},"excerpt":{"rendered":"<p>Le MC Alger a remport\u00e9 le choc de la 1re journ\u00e9e en retard face au CR Belouizdad (2-1) lundi soir<\/p>\n","protected":false},"author":6,"featured_media":77547,"comment_status":"open","ping_status":"closed","sticky":false,"template":"","format":"standard","meta":{"colormag_page_container_layout":"default_layout","colormag_page_sidebar_layout":"default_layout","om_disable_all_campaigns":false,"_monsterinsights_skip_tracking":false,"_monsterinsights_sitenote_active":false,"_monsterinsights_sitenote_note":"","_monsterinsights_sitenote_category":0,"footnotes":"","_wpscppro_dont_share_socialmedia":false,"_wpscppro_custom_social_share_image":0,"_facebook_share_type":"default","_twitter_share_type":"default","_linkedin_share_type":"default","_pinterest_share_type":"default","_linkedin_share_type_page":"","_instagram_share_type":"default","_medium_share_type":"default","_threads_share_type":"default","_google_business_share_type":"default","_selected_social_profile":[],"_wpsp_enable_custom_social_template":false,"_wpsp_social_scheduling":{"enabled":false,"datetime":null,"platforms":[],"status":"template_only","dateOption":"today","timeOption":"now","customDays":"","customHours":"","customDate":"","customTime":"","schedulingType":"absolute"},"_wpsp_active_default_template":true},"categories":[33],"tags":[],"class_list":["post-77546","post","type-post","status-publish","format-standard","has-post-thumbnail","hentry","category-sports"],"aioseo_notices":[],"yoast_head":"<!-- This site is optimized with the Yoast SEO plugin v27.5 - https:\/\/yoast.com\/product\/yoast-seo-wordpress\/ -->\n<title>Ligue 1 Mobilis\u00a0: Le MCA s&rsquo;impose creuse l&rsquo;\u00e9cart en t\u00eate du championnat - La Sentinelle<\/title>\n<meta name=\"robots\" content=\"index, follow, max-snippet:-1, max-image-preview:large, max-video-preview:-1\" \/>\n<link rel=\"canonical\" href=\"https:\/\/lasentinelle.dz\/index.php\/2025\/12\/10\/ligue-1-mobilis-le-mca-simpose-creuse-lecart-en-tete-du-championnat\/\" \/>\n<meta property=\"og:locale\" content=\"fr_FR\" \/>\n<meta property=\"og:type\" content=\"article\" \/>\n<meta property=\"og:title\" content=\"Ligue 1 Mobilis\u00a0: Le MCA s&rsquo;impose creuse l&rsquo;\u00e9cart en t\u00eate du championnat - La Sentinelle\" \/>\n<meta property=\"og:description\" content=\"Le MC Alger a remport\u00e9 le choc de la 1re journ\u00e9e en retard face au CR Belouizdad (2-1) lundi soir\" \/>\n<meta property=\"og:url\" content=\"https:\/\/lasentinelle.dz\/index.php\/2025\/12\/10\/ligue-1-mobilis-le-mca-simpose-creuse-lecart-en-tete-du-championnat\/\" \/>\n<meta property=\"og:site_name\" content=\"La Sentinelle\" \/>\n<meta property=\"article:publisher\" content=\"https:\/\/www.facebook.com\/La-Sentinelle-104059864394773\" \/>\n<meta property=\"article:published_time\" content=\"2025-12-10T11:38:26+00:00\" \/>\n<meta property=\"article:modified_time\" content=\"2025-12-10T11:38:27+00:00\" \/>\n<meta property=\"og:image\" content=\"https:\/\/lasentinelle.dz\/wp-content\/uploads\/2025\/12\/MCA-e1765366685203.jpg\" \/>\n\t<meta property=\"og:image:width\" content=\"1536\" \/>\n\t<meta property=\"og:image:height\" content=\"740\" \/>\n\t<meta property=\"og:image:type\" content=\"image\/jpeg\" \/>\n<meta name=\"author\" content=\"admin\" \/>\n<meta name=\"twitter:card\" content=\"summary_large_image\" \/>\n<meta name=\"twitter:label1\" content=\"\u00c9crit par\" \/>\n\t<meta name=\"twitter:data1\" content=\"admin\" \/>\n\t<meta name=\"twitter:label2\" content=\"Dur\u00e9e de lecture estim\u00e9e\" \/>\n\t<meta name=\"twitter:data2\" content=\"5 minutes\" \/>\n<script type=\"application\/ld+json\" class=\"yoast-schema-graph\">{\"@context\":\"https:\\\/\\\/schema.org\",\"@graph\":[{\"@type\":\"Article\",\"@id\":\"https:\\\/\\\/lasentinelle.dz\\\/index.php\\\/2025\\\/12\\\/10\\\/ligue-1-mobilis-le-mca-simpose-creuse-lecart-en-tete-du-championnat\\\/#article\",\"isPartOf\":{\"@id\":\"https:\\\/\\\/lasentinelle.dz\\\/index.php\\\/2025\\\/12\\\/10\\\/ligue-1-mobilis-le-mca-simpose-creuse-lecart-en-tete-du-championnat\\\/\"},\"author\":{\"name\":\"admin\",\"@id\":\"https:\\\/\\\/lasentinelle.dz\\\/#\\\/schema\\\/person\\\/729ee0024f24e0b8c5ec17232f8e8b41\"},\"headline\":\"Ligue 1 Mobilis\u00a0: Le MCA s&rsquo;impose creuse l&rsquo;\u00e9cart en t\u00eate du championnat\",\"datePublished\":\"2025-12-10T11:38:26+00:00\",\"dateModified\":\"2025-12-10T11:38:27+00:00\",\"mainEntityOfPage\":{\"@id\":\"https:\\\/\\\/lasentinelle.dz\\\/index.php\\\/2025\\\/12\\\/10\\\/ligue-1-mobilis-le-mca-simpose-creuse-lecart-en-tete-du-championnat\\\/\"},\"wordCount\":929,\"commentCount\":0,\"publisher\":{\"@id\":\"https:\\\/\\\/lasentinelle.dz\\\/#organization\"},\"image\":{\"@id\":\"https:\\\/\\\/lasentinelle.dz\\\/index.php\\\/2025\\\/12\\\/10\\\/ligue-1-mobilis-le-mca-simpose-creuse-lecart-en-tete-du-championnat\\\/#primaryimage\"},\"thumbnailUrl\":\"https:\\\/\\\/lasentinelle.dz\\\/wp-content\\\/uploads\\\/2025\\\/12\\\/MCA-e1765366685203.jpg\",\"articleSection\":[\"Sports\"],\"inLanguage\":\"fr-FR\",\"potentialAction\":[{\"@type\":\"CommentAction\",\"name\":\"Comment\",\"target\":[\"https:\\\/\\\/lasentinelle.dz\\\/index.php\\\/2025\\\/12\\\/10\\\/ligue-1-mobilis-le-mca-simpose-creuse-lecart-en-tete-du-championnat\\\/#respond\"]}]},{\"@type\":\"WebPage\",\"@id\":\"https:\\\/\\\/lasentinelle.dz\\\/index.php\\\/2025\\\/12\\\/10\\\/ligue-1-mobilis-le-mca-simpose-creuse-lecart-en-tete-du-championnat\\\/\",\"url\":\"https:\\\/\\\/lasentinelle.dz\\\/index.php\\\/2025\\\/12\\\/10\\\/ligue-1-mobilis-le-mca-simpose-creuse-lecart-en-tete-du-championnat\\\/\",\"name\":\"Ligue 1 Mobilis\u00a0: Le MCA s&rsquo;impose creuse l&rsquo;\u00e9cart en t\u00eate du championnat - La Sentinelle\",\"isPartOf\":{\"@id\":\"https:\\\/\\\/lasentinelle.dz\\\/#website\"},\"primaryImageOfPage\":{\"@id\":\"https:\\\/\\\/lasentinelle.dz\\\/index.php\\\/2025\\\/12\\\/10\\\/ligue-1-mobilis-le-mca-simpose-creuse-lecart-en-tete-du-championnat\\\/#primaryimage\"},\"image\":{\"@id\":\"https:\\\/\\\/lasentinelle.dz\\\/index.php\\\/2025\\\/12\\\/10\\\/ligue-1-mobilis-le-mca-simpose-creuse-lecart-en-tete-du-championnat\\\/#primaryimage\"},\"thumbnailUrl\":\"https:\\\/\\\/lasentinelle.dz\\\/wp-content\\\/uploads\\\/2025\\\/12\\\/MCA-e1765366685203.jpg\",\"datePublished\":\"2025-12-10T11:38:26+00:00\",\"dateModified\":\"2025-12-10T11:38:27+00:00\",\"breadcrumb\":{\"@id\":\"https:\\\/\\\/lasentinelle.dz\\\/index.php\\\/2025\\\/12\\\/10\\\/ligue-1-mobilis-le-mca-simpose-creuse-lecart-en-tete-du-championnat\\\/#breadcrumb\"},\"inLanguage\":\"fr-FR\",\"potentialAction\":[{\"@type\":\"ReadAction\",\"target\":[\"https:\\\/\\\/lasentinelle.dz\\\/index.php\\\/2025\\\/12\\\/10\\\/ligue-1-mobilis-le-mca-simpose-creuse-lecart-en-tete-du-championnat\\\/\"]}]},{\"@type\":\"ImageObject\",\"inLanguage\":\"fr-FR\",\"@id\":\"https:\\\/\\\/lasentinelle.dz\\\/index.php\\\/2025\\\/12\\\/10\\\/ligue-1-mobilis-le-mca-simpose-creuse-lecart-en-tete-du-championnat\\\/#primaryimage\",\"url\":\"https:\\\/\\\/lasentinelle.dz\\\/wp-content\\\/uploads\\\/2025\\\/12\\\/MCA-e1765366685203.jpg\",\"contentUrl\":\"https:\\\/\\\/lasentinelle.dz\\\/wp-content\\\/uploads\\\/2025\\\/12\\\/MCA-e1765366685203.jpg\",\"width\":1536,\"height\":740},{\"@type\":\"BreadcrumbList\",\"@id\":\"https:\\\/\\\/lasentinelle.dz\\\/index.php\\\/2025\\\/12\\\/10\\\/ligue-1-mobilis-le-mca-simpose-creuse-lecart-en-tete-du-championnat\\\/#breadcrumb\",\"itemListElement\":[{\"@type\":\"ListItem\",\"position\":1,\"name\":\"Accueil\",\"item\":\"https:\\\/\\\/lasentinelle.dz\\\/\"},{\"@type\":\"ListItem\",\"position\":2,\"name\":\"Ligue 1 Mobilis\u00a0: Le MCA s&rsquo;impose creuse l&rsquo;\u00e9cart en t\u00eate du championnat\"}]},{\"@type\":\"WebSite\",\"@id\":\"https:\\\/\\\/lasentinelle.dz\\\/#website\",\"url\":\"https:\\\/\\\/lasentinelle.dz\\\/\",\"name\":\"La Sentinelle\",\"description\":\"Quotidien national d&#039;information\",\"publisher\":{\"@id\":\"https:\\\/\\\/lasentinelle.dz\\\/#organization\"},\"potentialAction\":[{\"@type\":\"SearchAction\",\"target\":{\"@type\":\"EntryPoint\",\"urlTemplate\":\"https:\\\/\\\/lasentinelle.dz\\\/?s={search_term_string}\"},\"query-input\":{\"@type\":\"PropertyValueSpecification\",\"valueRequired\":true,\"valueName\":\"search_term_string\"}}],\"inLanguage\":\"fr-FR\"},{\"@type\":\"Organization\",\"@id\":\"https:\\\/\\\/lasentinelle.dz\\\/#organization\",\"name\":\"Quotidien La Sentinelle\",\"url\":\"https:\\\/\\\/lasentinelle.dz\\\/\",\"logo\":{\"@type\":\"ImageObject\",\"inLanguage\":\"fr-FR\",\"@id\":\"https:\\\/\\\/lasentinelle.dz\\\/#\\\/schema\\\/logo\\\/image\\\/\",\"url\":\"https:\\\/\\\/lasentinelle.dz\\\/wp-content\\\/uploads\\\/2021\\\/09\\\/logo-sentinelleSLOGAN-1.png\",\"contentUrl\":\"https:\\\/\\\/lasentinelle.dz\\\/wp-content\\\/uploads\\\/2021\\\/09\\\/logo-sentinelleSLOGAN-1.png\",\"width\":615,\"height\":142,\"caption\":\"Quotidien La Sentinelle\"},\"image\":{\"@id\":\"https:\\\/\\\/lasentinelle.dz\\\/#\\\/schema\\\/logo\\\/image\\\/\"},\"sameAs\":[\"https:\\\/\\\/www.facebook.com\\\/La-Sentinelle-104059864394773\"]},{\"@type\":\"Person\",\"@id\":\"https:\\\/\\\/lasentinelle.dz\\\/#\\\/schema\\\/person\\\/729ee0024f24e0b8c5ec17232f8e8b41\",\"name\":\"admin\",\"image\":{\"@type\":\"ImageObject\",\"inLanguage\":\"fr-FR\",\"@id\":\"https:\\\/\\\/secure.gravatar.com\\\/avatar\\\/4c81fed838786e9b53f540bf46533e750f5d292099ae3b66cfc6fb1982e29df7?s=96&d=mm&r=g\",\"url\":\"https:\\\/\\\/secure.gravatar.com\\\/avatar\\\/4c81fed838786e9b53f540bf46533e750f5d292099ae3b66cfc6fb1982e29df7?s=96&d=mm&r=g\",\"contentUrl\":\"https:\\\/\\\/secure.gravatar.com\\\/avatar\\\/4c81fed838786e9b53f540bf46533e750f5d292099ae3b66cfc6fb1982e29df7?s=96&d=mm&r=g\",\"caption\":\"admin\"},\"description\":\"admin\",\"url\":\"https:\\\/\\\/lasentinelle.dz\\\/author\\\/admin\\\/\"}]}<\/script>\n<!-- \/ Yoast SEO plugin. -->","yoast_head_json":{"title":"Ligue 1 Mobilis\u00a0: Le MCA s&rsquo;impose creuse l&rsquo;\u00e9cart en t\u00eate du championnat - La Sentinelle","robots":{"index":"index","follow":"follow","max-snippet":"max-snippet:-1","max-image-preview":"max-image-preview:large","max-video-preview":"max-video-preview:-1"},"canonical":"https:\/\/lasentinelle.dz\/index.php\/2025\/12\/10\/ligue-1-mobilis-le-mca-simpose-creuse-lecart-en-tete-du-championnat\/","og_locale":"fr_FR","og_type":"article","og_title":"Ligue 1 Mobilis\u00a0: Le MCA s&rsquo;impose creuse l&rsquo;\u00e9cart en t\u00eate du championnat - La Sentinelle","og_description":"Le MC Alger a remport\u00e9 le choc de la 1re journ\u00e9e en retard face au CR Belouizdad (2-1) lundi soir","og_url":"https:\/\/lasentinelle.dz\/index.php\/2025\/12\/10\/ligue-1-mobilis-le-mca-simpose-creuse-lecart-en-tete-du-championnat\/","og_site_name":"La Sentinelle","article_publisher":"https:\/\/www.facebook.com\/La-Sentinelle-104059864394773","article_published_time":"2025-12-10T11:38:26+00:00","article_modified_time":"2025-12-10T11:38:27+00:00","og_image":[{"width":1536,"height":740,"url":"https:\/\/lasentinelle.dz\/wp-content\/uploads\/2025\/12\/MCA-e1765366685203.jpg","type":"image\/jpeg"}],"author":"admin","twitter_card":"summary_large_image","twitter_misc":{"\u00c9crit par":"admin","Dur\u00e9e de lecture estim\u00e9e":"5 minutes"},"schema":{"@context":"https:\/\/schema.org","@graph":[{"@type":"Article","@id":"https:\/\/lasentinelle.dz\/index.php\/2025\/12\/10\/ligue-1-mobilis-le-mca-simpose-creuse-lecart-en-tete-du-championnat\/#article","isPartOf":{"@id":"https:\/\/lasentinelle.dz\/index.php\/2025\/12\/10\/ligue-1-mobilis-le-mca-simpose-creuse-lecart-en-tete-du-championnat\/"},"author":{"name":"admin","@id":"https:\/\/lasentinelle.dz\/#\/schema\/person\/729ee0024f24e0b8c5ec17232f8e8b41"},"headline":"Ligue 1 Mobilis\u00a0: Le MCA s&rsquo;impose creuse l&rsquo;\u00e9cart en t\u00eate du championnat","datePublished":"2025-12-10T11:38:26+00:00","dateModified":"2025-12-10T11:38:27+00:00","mainEntityOfPage":{"@id":"https:\/\/lasentinelle.dz\/index.php\/2025\/12\/10\/ligue-1-mobilis-le-mca-simpose-creuse-lecart-en-tete-du-championnat\/"},"wordCount":929,"commentCount":0,"publisher":{"@id":"https:\/\/lasentinelle.dz\/#organization"},"image":{"@id":"https:\/\/lasentinelle.dz\/index.php\/2025\/12\/10\/ligue-1-mobilis-le-mca-simpose-creuse-lecart-en-tete-du-championnat\/#primaryimage"},"thumbnailUrl":"https:\/\/lasentinelle.dz\/wp-content\/uploads\/2025\/12\/MCA-e1765366685203.jpg","articleSection":["Sports"],"inLanguage":"fr-FR","potentialAction":[{"@type":"CommentAction","name":"Comment","target":["https:\/\/lasentinelle.dz\/index.php\/2025\/12\/10\/ligue-1-mobilis-le-mca-simpose-creuse-lecart-en-tete-du-championnat\/#respond"]}]},{"@type":"WebPage","@id":"https:\/\/lasentinelle.dz\/index.php\/2025\/12\/10\/ligue-1-mobilis-le-mca-simpose-creuse-lecart-en-tete-du-championnat\/","url":"https:\/\/lasentinelle.dz\/index.php\/2025\/12\/10\/ligue-1-mobilis-le-mca-simpose-creuse-lecart-en-tete-du-championnat\/","name":"Ligue 1 Mobilis\u00a0: Le MCA s&rsquo;impose creuse l&rsquo;\u00e9cart en t\u00eate du championnat - La Sentinelle","isPartOf":{"@id":"https:\/\/lasentinelle.dz\/#website"},"primaryImageOfPage":{"@id":"https:\/\/lasentinelle.dz\/index.php\/2025\/12\/10\/ligue-1-mobilis-le-mca-simpose-creuse-lecart-en-tete-du-championnat\/#primaryimage"},"image":{"@id":"https:\/\/lasentinelle.dz\/index.php\/2025\/12\/10\/ligue-1-mobilis-le-mca-simpose-creuse-lecart-en-tete-du-championnat\/#primaryimage"},"thumbnailUrl":"https:\/\/lasentinelle.dz\/wp-content\/uploads\/2025\/12\/MCA-e1765366685203.jpg","datePublished":"2025-12-10T11:38:26+00:00","dateModified":"2025-12-10T11:38:27+00:00","breadcrumb":{"@id":"https:\/\/lasentinelle.dz\/index.php\/2025\/12\/10\/ligue-1-mobilis-le-mca-simpose-creuse-lecart-en-tete-du-championnat\/#breadcrumb"},"inLanguage":"fr-FR","potentialAction":[{"@type":"ReadAction","target":["https:\/\/lasentinelle.dz\/index.php\/2025\/12\/10\/ligue-1-mobilis-le-mca-simpose-creuse-lecart-en-tete-du-championnat\/"]}]},{"@type":"ImageObject","inLanguage":"fr-FR","@id":"https:\/\/lasentinelle.dz\/index.php\/2025\/12\/10\/ligue-1-mobilis-le-mca-simpose-creuse-lecart-en-tete-du-championnat\/#primaryimage","url":"https:\/\/lasentinelle.dz\/wp-content\/uploads\/2025\/12\/MCA-e1765366685203.jpg","contentUrl":"https:\/\/lasentinelle.dz\/wp-content\/uploads\/2025\/12\/MCA-e1765366685203.jpg","width":1536,"height":740},{"@type":"BreadcrumbList","@id":"https:\/\/lasentinelle.dz\/index.php\/2025\/12\/10\/ligue-1-mobilis-le-mca-simpose-creuse-lecart-en-tete-du-championnat\/#breadcrumb","itemListElement":[{"@type":"ListItem","position":1,"name":"Accueil","item":"https:\/\/lasentinelle.dz\/"},{"@type":"ListItem","position":2,"name":"Ligue 1 Mobilis\u00a0: Le MCA s&rsquo;impose creuse l&rsquo;\u00e9cart en t\u00eate du championnat"}]},{"@type":"WebSite","@id":"https:\/\/lasentinelle.dz\/#website","url":"https:\/\/lasentinelle.dz\/","name":"La Sentinelle","description":"Quotidien national d&#039;information","publisher":{"@id":"https:\/\/lasentinelle.dz\/#organization"},"potentialAction":[{"@type":"SearchAction","target":{"@type":"EntryPoint","urlTemplate":"https:\/\/lasentinelle.dz\/?s={search_term_string}"},"query-input":{"@type":"PropertyValueSpecification","valueRequired":true,"valueName":"search_term_string"}}],"inLanguage":"fr-FR"},{"@type":"Organization","@id":"https:\/\/lasentinelle.dz\/#organization","name":"Quotidien La Sentinelle","url":"https:\/\/lasentinelle.dz\/","logo":{"@type":"ImageObject","inLanguage":"fr-FR","@id":"https:\/\/lasentinelle.dz\/#\/schema\/logo\/image\/","url":"https:\/\/lasentinelle.dz\/wp-content\/uploads\/2021\/09\/logo-sentinelleSLOGAN-1.png","contentUrl":"https:\/\/lasentinelle.dz\/wp-content\/uploads\/2021\/09\/logo-sentinelleSLOGAN-1.png","width":615,"height":142,"caption":"Quotidien La Sentinelle"},"image":{"@id":"https:\/\/lasentinelle.dz\/#\/schema\/logo\/image\/"},"sameAs":["https:\/\/www.facebook.com\/La-Sentinelle-104059864394773"]},{"@type":"Person","@id":"https:\/\/lasentinelle.dz\/#\/schema\/person\/729ee0024f24e0b8c5ec17232f8e8b41","name":"admin","image":{"@type":"ImageObject","inLanguage":"fr-FR","@id":"https:\/\/secure.gravatar.com\/avatar\/4c81fed838786e9b53f540bf46533e750f5d292099ae3b66cfc6fb1982e29df7?s=96&d=mm&r=g","url":"https:\/\/secure.gravatar.com\/avatar\/4c81fed838786e9b53f540bf46533e750f5d292099ae3b66cfc6fb1982e29df7?s=96&d=mm&r=g","contentUrl":"https:\/\/secure.gravatar.com\/avatar\/4c81fed838786e9b53f540bf46533e750f5d292099ae3b66cfc6fb1982e29df7?s=96&d=mm&r=g","caption":"admin"},"description":"admin","url":"https:\/\/lasentinelle.dz\/author\/admin\/"}]}},"_links":{"self":[{"href":"https:\/\/lasentinelle.dz\/index.php\/wp-json\/wp\/v2\/posts\/77546","targetHints":{"allow":["GET"]}}],"collection":[{"href":"https:\/\/lasentinelle.dz\/index.php\/wp-json\/wp\/v2\/posts"}],"about":[{"href":"https:\/\/lasentinelle.dz\/index.php\/wp-json\/wp\/v2\/types\/post"}],"author":[{"embeddable":true,"href":"https:\/\/lasentinelle.dz\/index.php\/wp-json\/wp\/v2\/users\/6"}],"replies":[{"embeddable":true,"href":"https:\/\/lasentinelle.dz\/index.php\/wp-json\/wp\/v2\/comments?post=77546"}],"version-history":[{"count":2,"href":"https:\/\/lasentinelle.dz\/index.php\/wp-json\/wp\/v2\/posts\/77546\/revisions"}],"predecessor-version":[{"id":77549,"href":"https:\/\/lasentinelle.dz\/index.php\/wp-json\/wp\/v2\/posts\/77546\/revisions\/77549"}],"wp:featuredmedia":[{"embeddable":true,"href":"https:\/\/lasentinelle.dz\/index.php\/wp-json\/wp\/v2\/media\/77547"}],"wp:attachment":[{"href":"https:\/\/lasentinelle.dz\/index.php\/wp-json\/wp\/v2\/media?parent=77546"}],"wp:term":[{"taxonomy":"category","embeddable":true,"href":"https:\/\/lasentinelle.dz\/index.php\/wp-json\/wp\/v2\/categories?post=77546"},{"taxonomy":"post_tag","embeddable":true,"href":"https:\/\/lasentinelle.dz\/index.php\/wp-json\/wp\/v2\/tags?post=77546"}],"curies":[{"name":"wp","href":"https:\/\/api.w.org\/{rel}","templated":true}]}}