{"id":77556,"date":"2025-12-10T12:41:38","date_gmt":"2025-12-10T11:41:38","guid":{"rendered":"https:\/\/lasentinelle.dz\/?p=77556"},"modified":"2025-12-10T12:41:39","modified_gmt":"2025-12-10T11:41:39","slug":"apres-une-blessure-a-lepaule-amine-gouiri-de-retour-debut-janvier","status":"publish","type":"post","link":"https:\/\/lasentinelle.dz\/index.php\/2025\/12\/10\/apres-une-blessure-a-lepaule-amine-gouiri-de-retour-debut-janvier\/","title":{"rendered":"Apr\u00e8s une blessure \u00e0 l\u2019\u00e9paule\u00a0: Amine Gouiri de retour d\u00e9but janvier\u00a0"},"content":{"rendered":"\n<p>L&rsquo;attaquant international alg\u00e9rien de l&rsquo;Olympique de Marseille pourrait faire son retour sur les pelouses d\u00e8s le 4 janvier contre Nantes, et disputer le Troph\u00e9e des champions face au PSG le 8 janvier au Kowe\u00eft. Un timing qui interroge alors qu&rsquo;il manquera la CAN-2025 avec les Fennecs, o\u00f9 il aurait th\u00e9oriquement pu participer aux phases finales de la comp\u00e9tition.<\/p>\n\n\n\n<p>L&rsquo;Olympique de Marseille s&rsquo;appr\u00eate \u00e0 r\u00e9cup\u00e9rer l&rsquo;un de ses \u00e9l\u00e9ments offensifs majeurs bien plus t\u00f4t que pr\u00e9vu. Selon les informations r\u00e9v\u00e9l\u00e9es lundi par le quotidien L&rsquo;Equipe, Amine Gouiri, op\u00e9r\u00e9 de l&rsquo;\u00e9paule droite en octobre dernier, pourrait effectuer son retour \u00e0 la comp\u00e9tition d\u00e8s le d\u00e9but du mois de janvier. Le club phoc\u00e9en table sur une disponibilit\u00e9 de son attaquant de 25 ans pour le Troph\u00e9e des champions face au Paris Saint-Germain, pr\u00e9vu le 8 janvier au Kowe\u00eft. Plus encore, l&rsquo;ancien Lyonnais pourrait appara\u00eetre d\u00e8s le 4 janvier lors de la r\u00e9ception de Nantes en Ligue 1, si sa pr\u00e9paration se d\u00e9roule sans encombre. Ce retour anticip\u00e9 fait suite \u00e0 une blessure contract\u00e9e le 14 octobre dernier lors du match face \u00e0 l&rsquo;Ouganda comptant pour la 10e et derni\u00e8re journ\u00e9e des qualifications au Mondial-2026, remport\u00e9 2-1 par l&rsquo;Alg\u00e9rie. Gouiri avait \u00e9t\u00e9 \u00e9vacu\u00e9 sur civi\u00e8re \u00e0 la 85e minute apr\u00e8s avoir \u00e9t\u00e9 percut\u00e9 en pleine surface par le portier ougandais. Victime de luxations r\u00e9currentes \u00e0 l&rsquo;\u00e9paule droite, l&rsquo;international alg\u00e9rien avait alors d\u00fb passer par la case op\u00e9ration. L&rsquo;OM avait annonc\u00e9 \u00e0 l&rsquo;\u00e9poque une p\u00e9riode de r\u00e9\u00e9ducation d&rsquo;environ 3 mois, ce qui \u00e9cartait automatiquement le joueur de la Coupe d&rsquo;Afrique des nations CAN-2025, programm\u00e9e du 21 d\u00e9cembre 2025 au 18 janvier 2026.<\/p>\n\n\n\n<p>Le passage de Gouiri au Qatar pour effectuer sa r\u00e9\u00e9ducation semble avoir \u00e9t\u00e9 d\u00e9terminant dans l&rsquo;acc\u00e9l\u00e9ration de son processus de gu\u00e9rison. Cette r\u00e9cup\u00e9ration plus rapide que pr\u00e9vu repr\u00e9sente une excellente nouvelle pour l&rsquo;Olympique de Marseille, qui compte sur la vitesse, la technique et le sens du but de son attaquant pour renforcer un secteur offensif engag\u00e9 dans la course aux premi\u00e8res places du championnat. Le club phoc\u00e9en pourra ainsi compter sur une arme suppl\u00e9mentaire pour aborder la 2e partie de saison avec des ambitions renforc\u00e9es, notamment lors du choc prestigieux du Troph\u00e9e des champions face \u00e0 son rival parisien.<\/p>\n\n\n\n<p>Mais ce calendrier de retour soul\u00e8ve in\u00e9vitablement des questions du c\u00f4t\u00e9 de l&rsquo;\u00e9quipe nationale alg\u00e9rienne. Pour les Fennecs, l&rsquo;absence de Gouiri lors de la CAN-2025 repr\u00e9sente un coup dur dans un secteur offensif d\u00e9j\u00e0 perfectible. Le s\u00e9lectionneur national devra composer sans l&rsquo;un de ses \u00e9l\u00e9ments les plus talentueux pendant toute la phase de poules et potentiellement au-del\u00e0. Or, le timing du retour de l&rsquo;attaquant marseillais interroge : un retour pr\u00e9vu entre le 4 et le 8 janvier correspond pr\u00e9cis\u00e9ment au moment o\u00f9 d\u00e9buteront les 8es de finale de la comp\u00e9tition continentale. Th\u00e9oriquement, Gouiri aurait donc pu disputer quasiment toute la phase \u00e0 \u00e9limination directe de la CAN avec l&rsquo;Alg\u00e9rie s&rsquo;il avait \u00e9t\u00e9 disponible.<\/p>\n\n\n\n<p>Cette situation n&rsquo;est pas sans rappeler les d\u00e9boires pr\u00e9c\u00e9dents de l&rsquo;international alg\u00e9rien avec les grandes comp\u00e9titions continentales. Gouiri avait d\u00e9j\u00e0 manqu\u00e9 la derni\u00e8re CAN-2024 disput\u00e9e en C\u00f4te d&rsquo;Ivoire en raison d&rsquo;une blessure au genou. Cette nouvelle absence, bien qu&rsquo;elle d\u00e9coule d&rsquo;imp\u00e9ratifs m\u00e9dicaux l\u00e9gitimes, prive une nouvelle fois les Fennecs d&rsquo;un talent offensif capable de faire la diff\u00e9rence dans les grands rendez-vous. La malchance semble poursuivre Gouiri dans ses tentatives de briller sous les couleurs nationales lors des tournois majeurs. Du point de vue marseillais, la priorit\u00e9 reste naturellement la sant\u00e9 du joueur et sa disponibilit\u00e9 pour les objectifs du club. L&rsquo;OM, engag\u00e9 sur plusieurs fronts dont la Ligue 1 et les coupes nationales, se f\u00e9licite de pouvoir compter sur Gouiri plus rapidement qu&rsquo;anticip\u00e9. Le staff m\u00e9dical du club et le joueur lui-m\u00eame ont manifestement opt\u00e9 pour une gestion rigoureuse de la blessure, privil\u00e9giant une gu\u00e9rison compl\u00e8te plut\u00f4t qu&rsquo;un retour pr\u00e9cipit\u00e9 qui aurait pu compromettre la suite de la saison.&nbsp;<\/p>\n\n\n\n<p>M. Dahleb<\/p>\n","protected":false},"excerpt":{"rendered":"<p>L&rsquo;attaquant international alg\u00e9rien de l&rsquo;Olympique de Marseille pourrait faire son retour sur les pelouses d\u00e8s le 4 janvier contre Nantes,<\/p>\n","protected":false},"author":6,"featured_media":74929,"comment_status":"open","ping_status":"closed","sticky":false,"template":"","format":"standard","meta":{"colormag_page_container_layout":"default_layout","colormag_page_sidebar_layout":"default_layout","om_disable_all_campaigns":false,"_monsterinsights_skip_tracking":false,"_monsterinsights_sitenote_active":false,"_monsterinsights_sitenote_note":"","_monsterinsights_sitenote_category":0,"footnotes":"","_wpscppro_dont_share_socialmedia":false,"_wpscppro_custom_social_share_image":0,"_facebook_share_type":"default","_twitter_share_type":"default","_linkedin_share_type":"default","_pinterest_share_type":"default","_linkedin_share_type_page":"","_instagram_share_type":"default","_medium_share_type":"default","_threads_share_type":"default","_google_business_share_type":"default","_selected_social_profile":[],"_wpsp_enable_custom_social_template":false,"_wpsp_social_scheduling":{"enabled":false,"datetime":null,"platforms":[],"status":"template_only","dateOption":"today","timeOption":"now","customDays":"","customHours":"","customDate":"","customTime":"","schedulingType":"absolute"},"_wpsp_active_default_template":true},"categories":[52,33],"tags":[],"class_list":["post-77556","post","type-post","status-publish","format-standard","has-post-thumbnail","hentry","category-a-la-une","category-sports"],"aioseo_notices":[],"yoast_head":"<!-- This site is optimized with the Yoast SEO plugin v27.5 - https:\/\/yoast.com\/product\/yoast-seo-wordpress\/ -->\n<title>Apr\u00e8s une blessure \u00e0 l\u2019\u00e9paule\u00a0: Amine Gouiri de retour d\u00e9but janvier\u00a0 - La Sentinelle<\/title>\n<meta name=\"robots\" content=\"index, follow, max-snippet:-1, max-image-preview:large, max-video-preview:-1\" \/>\n<link rel=\"canonical\" href=\"https:\/\/lasentinelle.dz\/index.php\/2025\/12\/10\/apres-une-blessure-a-lepaule-amine-gouiri-de-retour-debut-janvier\/\" \/>\n<meta property=\"og:locale\" content=\"fr_FR\" \/>\n<meta property=\"og:type\" content=\"article\" \/>\n<meta property=\"og:title\" content=\"Apr\u00e8s une blessure \u00e0 l\u2019\u00e9paule\u00a0: Amine Gouiri de retour d\u00e9but janvier\u00a0 - La Sentinelle\" \/>\n<meta property=\"og:description\" content=\"L&rsquo;attaquant international alg\u00e9rien de l&rsquo;Olympique de Marseille pourrait faire son retour sur les pelouses d\u00e8s le 4 janvier contre Nantes,\" \/>\n<meta property=\"og:url\" content=\"https:\/\/lasentinelle.dz\/index.php\/2025\/12\/10\/apres-une-blessure-a-lepaule-amine-gouiri-de-retour-debut-janvier\/\" \/>\n<meta property=\"og:site_name\" content=\"La Sentinelle\" \/>\n<meta property=\"article:publisher\" content=\"https:\/\/www.facebook.com\/La-Sentinelle-104059864394773\" \/>\n<meta property=\"article:published_time\" content=\"2025-12-10T11:41:38+00:00\" \/>\n<meta property=\"article:modified_time\" content=\"2025-12-10T11:41:39+00:00\" \/>\n<meta property=\"og:image\" content=\"https:\/\/lasentinelle.dz\/wp-content\/uploads\/2025\/10\/Gouiri-1.jpg\" \/>\n\t<meta property=\"og:image:width\" content=\"1920\" \/>\n\t<meta property=\"og:image:height\" content=\"1280\" \/>\n\t<meta property=\"og:image:type\" content=\"image\/jpeg\" \/>\n<meta name=\"author\" content=\"admin\" \/>\n<meta name=\"twitter:card\" content=\"summary_large_image\" \/>\n<meta name=\"twitter:label1\" content=\"\u00c9crit par\" \/>\n\t<meta name=\"twitter:data1\" content=\"admin\" \/>\n\t<meta name=\"twitter:label2\" content=\"Dur\u00e9e de lecture estim\u00e9e\" \/>\n\t<meta name=\"twitter:data2\" content=\"4 minutes\" \/>\n<script type=\"application\/ld+json\" class=\"yoast-schema-graph\">{\"@context\":\"https:\\\/\\\/schema.org\",\"@graph\":[{\"@type\":\"Article\",\"@id\":\"https:\\\/\\\/lasentinelle.dz\\\/index.php\\\/2025\\\/12\\\/10\\\/apres-une-blessure-a-lepaule-amine-gouiri-de-retour-debut-janvier\\\/#article\",\"isPartOf\":{\"@id\":\"https:\\\/\\\/lasentinelle.dz\\\/index.php\\\/2025\\\/12\\\/10\\\/apres-une-blessure-a-lepaule-amine-gouiri-de-retour-debut-janvier\\\/\"},\"author\":{\"name\":\"admin\",\"@id\":\"https:\\\/\\\/lasentinelle.dz\\\/#\\\/schema\\\/person\\\/729ee0024f24e0b8c5ec17232f8e8b41\"},\"headline\":\"Apr\u00e8s une blessure \u00e0 l\u2019\u00e9paule\u00a0: Amine Gouiri de retour d\u00e9but janvier\u00a0\",\"datePublished\":\"2025-12-10T11:41:38+00:00\",\"dateModified\":\"2025-12-10T11:41:39+00:00\",\"mainEntityOfPage\":{\"@id\":\"https:\\\/\\\/lasentinelle.dz\\\/index.php\\\/2025\\\/12\\\/10\\\/apres-une-blessure-a-lepaule-amine-gouiri-de-retour-debut-janvier\\\/\"},\"wordCount\":756,\"commentCount\":0,\"publisher\":{\"@id\":\"https:\\\/\\\/lasentinelle.dz\\\/#organization\"},\"image\":{\"@id\":\"https:\\\/\\\/lasentinelle.dz\\\/index.php\\\/2025\\\/12\\\/10\\\/apres-une-blessure-a-lepaule-amine-gouiri-de-retour-debut-janvier\\\/#primaryimage\"},\"thumbnailUrl\":\"https:\\\/\\\/lasentinelle.dz\\\/wp-content\\\/uploads\\\/2025\\\/10\\\/Gouiri-1.jpg\",\"articleSection\":[\"\u00c0 la Une\",\"Sports\"],\"inLanguage\":\"fr-FR\",\"potentialAction\":[{\"@type\":\"CommentAction\",\"name\":\"Comment\",\"target\":[\"https:\\\/\\\/lasentinelle.dz\\\/index.php\\\/2025\\\/12\\\/10\\\/apres-une-blessure-a-lepaule-amine-gouiri-de-retour-debut-janvier\\\/#respond\"]}]},{\"@type\":\"WebPage\",\"@id\":\"https:\\\/\\\/lasentinelle.dz\\\/index.php\\\/2025\\\/12\\\/10\\\/apres-une-blessure-a-lepaule-amine-gouiri-de-retour-debut-janvier\\\/\",\"url\":\"https:\\\/\\\/lasentinelle.dz\\\/index.php\\\/2025\\\/12\\\/10\\\/apres-une-blessure-a-lepaule-amine-gouiri-de-retour-debut-janvier\\\/\",\"name\":\"Apr\u00e8s une blessure \u00e0 l\u2019\u00e9paule\u00a0: Amine Gouiri de retour d\u00e9but janvier\u00a0 - La Sentinelle\",\"isPartOf\":{\"@id\":\"https:\\\/\\\/lasentinelle.dz\\\/#website\"},\"primaryImageOfPage\":{\"@id\":\"https:\\\/\\\/lasentinelle.dz\\\/index.php\\\/2025\\\/12\\\/10\\\/apres-une-blessure-a-lepaule-amine-gouiri-de-retour-debut-janvier\\\/#primaryimage\"},\"image\":{\"@id\":\"https:\\\/\\\/lasentinelle.dz\\\/index.php\\\/2025\\\/12\\\/10\\\/apres-une-blessure-a-lepaule-amine-gouiri-de-retour-debut-janvier\\\/#primaryimage\"},\"thumbnailUrl\":\"https:\\\/\\\/lasentinelle.dz\\\/wp-content\\\/uploads\\\/2025\\\/10\\\/Gouiri-1.jpg\",\"datePublished\":\"2025-12-10T11:41:38+00:00\",\"dateModified\":\"2025-12-10T11:41:39+00:00\",\"breadcrumb\":{\"@id\":\"https:\\\/\\\/lasentinelle.dz\\\/index.php\\\/2025\\\/12\\\/10\\\/apres-une-blessure-a-lepaule-amine-gouiri-de-retour-debut-janvier\\\/#breadcrumb\"},\"inLanguage\":\"fr-FR\",\"potentialAction\":[{\"@type\":\"ReadAction\",\"target\":[\"https:\\\/\\\/lasentinelle.dz\\\/index.php\\\/2025\\\/12\\\/10\\\/apres-une-blessure-a-lepaule-amine-gouiri-de-retour-debut-janvier\\\/\"]}]},{\"@type\":\"ImageObject\",\"inLanguage\":\"fr-FR\",\"@id\":\"https:\\\/\\\/lasentinelle.dz\\\/index.php\\\/2025\\\/12\\\/10\\\/apres-une-blessure-a-lepaule-amine-gouiri-de-retour-debut-janvier\\\/#primaryimage\",\"url\":\"https:\\\/\\\/lasentinelle.dz\\\/wp-content\\\/uploads\\\/2025\\\/10\\\/Gouiri-1.jpg\",\"contentUrl\":\"https:\\\/\\\/lasentinelle.dz\\\/wp-content\\\/uploads\\\/2025\\\/10\\\/Gouiri-1.jpg\",\"width\":1920,\"height\":1280,\"caption\":\"Amine GOUIRI of Marseille during the Ligue 1 McDonald's match between Rennes and Marseille at Roazhon Park on August 15, 2025 in Rennes, France. (Photo by Philippe Lecoeur\\\/FEP\\\/Icon Sport) - Photo by Icon Sport\"},{\"@type\":\"BreadcrumbList\",\"@id\":\"https:\\\/\\\/lasentinelle.dz\\\/index.php\\\/2025\\\/12\\\/10\\\/apres-une-blessure-a-lepaule-amine-gouiri-de-retour-debut-janvier\\\/#breadcrumb\",\"itemListElement\":[{\"@type\":\"ListItem\",\"position\":1,\"name\":\"Accueil\",\"item\":\"https:\\\/\\\/lasentinelle.dz\\\/\"},{\"@type\":\"ListItem\",\"position\":2,\"name\":\"Apr\u00e8s une blessure \u00e0 l\u2019\u00e9paule\u00a0: Amine Gouiri de retour d\u00e9but janvier\u00a0\"}]},{\"@type\":\"WebSite\",\"@id\":\"https:\\\/\\\/lasentinelle.dz\\\/#website\",\"url\":\"https:\\\/\\\/lasentinelle.dz\\\/\",\"name\":\"La Sentinelle\",\"description\":\"Quotidien national d&#039;information\",\"publisher\":{\"@id\":\"https:\\\/\\\/lasentinelle.dz\\\/#organization\"},\"potentialAction\":[{\"@type\":\"SearchAction\",\"target\":{\"@type\":\"EntryPoint\",\"urlTemplate\":\"https:\\\/\\\/lasentinelle.dz\\\/?s={search_term_string}\"},\"query-input\":{\"@type\":\"PropertyValueSpecification\",\"valueRequired\":true,\"valueName\":\"search_term_string\"}}],\"inLanguage\":\"fr-FR\"},{\"@type\":\"Organization\",\"@id\":\"https:\\\/\\\/lasentinelle.dz\\\/#organization\",\"name\":\"Quotidien La Sentinelle\",\"url\":\"https:\\\/\\\/lasentinelle.dz\\\/\",\"logo\":{\"@type\":\"ImageObject\",\"inLanguage\":\"fr-FR\",\"@id\":\"https:\\\/\\\/lasentinelle.dz\\\/#\\\/schema\\\/logo\\\/image\\\/\",\"url\":\"https:\\\/\\\/lasentinelle.dz\\\/wp-content\\\/uploads\\\/2021\\\/09\\\/logo-sentinelleSLOGAN-1.png\",\"contentUrl\":\"https:\\\/\\\/lasentinelle.dz\\\/wp-content\\\/uploads\\\/2021\\\/09\\\/logo-sentinelleSLOGAN-1.png\",\"width\":615,\"height\":142,\"caption\":\"Quotidien La Sentinelle\"},\"image\":{\"@id\":\"https:\\\/\\\/lasentinelle.dz\\\/#\\\/schema\\\/logo\\\/image\\\/\"},\"sameAs\":[\"https:\\\/\\\/www.facebook.com\\\/La-Sentinelle-104059864394773\"]},{\"@type\":\"Person\",\"@id\":\"https:\\\/\\\/lasentinelle.dz\\\/#\\\/schema\\\/person\\\/729ee0024f24e0b8c5ec17232f8e8b41\",\"name\":\"admin\",\"image\":{\"@type\":\"ImageObject\",\"inLanguage\":\"fr-FR\",\"@id\":\"https:\\\/\\\/secure.gravatar.com\\\/avatar\\\/4c81fed838786e9b53f540bf46533e750f5d292099ae3b66cfc6fb1982e29df7?s=96&d=mm&r=g\",\"url\":\"https:\\\/\\\/secure.gravatar.com\\\/avatar\\\/4c81fed838786e9b53f540bf46533e750f5d292099ae3b66cfc6fb1982e29df7?s=96&d=mm&r=g\",\"contentUrl\":\"https:\\\/\\\/secure.gravatar.com\\\/avatar\\\/4c81fed838786e9b53f540bf46533e750f5d292099ae3b66cfc6fb1982e29df7?s=96&d=mm&r=g\",\"caption\":\"admin\"},\"description\":\"admin\",\"url\":\"https:\\\/\\\/lasentinelle.dz\\\/author\\\/admin\\\/\"}]}<\/script>\n<!-- \/ Yoast SEO plugin. -->","yoast_head_json":{"title":"Apr\u00e8s une blessure \u00e0 l\u2019\u00e9paule\u00a0: Amine Gouiri de retour d\u00e9but janvier\u00a0 - La Sentinelle","robots":{"index":"index","follow":"follow","max-snippet":"max-snippet:-1","max-image-preview":"max-image-preview:large","max-video-preview":"max-video-preview:-1"},"canonical":"https:\/\/lasentinelle.dz\/index.php\/2025\/12\/10\/apres-une-blessure-a-lepaule-amine-gouiri-de-retour-debut-janvier\/","og_locale":"fr_FR","og_type":"article","og_title":"Apr\u00e8s une blessure \u00e0 l\u2019\u00e9paule\u00a0: Amine Gouiri de retour d\u00e9but janvier\u00a0 - La Sentinelle","og_description":"L&rsquo;attaquant international alg\u00e9rien de l&rsquo;Olympique de Marseille pourrait faire son retour sur les pelouses d\u00e8s le 4 janvier contre Nantes,","og_url":"https:\/\/lasentinelle.dz\/index.php\/2025\/12\/10\/apres-une-blessure-a-lepaule-amine-gouiri-de-retour-debut-janvier\/","og_site_name":"La Sentinelle","article_publisher":"https:\/\/www.facebook.com\/La-Sentinelle-104059864394773","article_published_time":"2025-12-10T11:41:38+00:00","article_modified_time":"2025-12-10T11:41:39+00:00","og_image":[{"width":1920,"height":1280,"url":"https:\/\/lasentinelle.dz\/wp-content\/uploads\/2025\/10\/Gouiri-1.jpg","type":"image\/jpeg"}],"author":"admin","twitter_card":"summary_large_image","twitter_misc":{"\u00c9crit par":"admin","Dur\u00e9e de lecture estim\u00e9e":"4 minutes"},"schema":{"@context":"https:\/\/schema.org","@graph":[{"@type":"Article","@id":"https:\/\/lasentinelle.dz\/index.php\/2025\/12\/10\/apres-une-blessure-a-lepaule-amine-gouiri-de-retour-debut-janvier\/#article","isPartOf":{"@id":"https:\/\/lasentinelle.dz\/index.php\/2025\/12\/10\/apres-une-blessure-a-lepaule-amine-gouiri-de-retour-debut-janvier\/"},"author":{"name":"admin","@id":"https:\/\/lasentinelle.dz\/#\/schema\/person\/729ee0024f24e0b8c5ec17232f8e8b41"},"headline":"Apr\u00e8s une blessure \u00e0 l\u2019\u00e9paule\u00a0: Amine Gouiri de retour d\u00e9but janvier\u00a0","datePublished":"2025-12-10T11:41:38+00:00","dateModified":"2025-12-10T11:41:39+00:00","mainEntityOfPage":{"@id":"https:\/\/lasentinelle.dz\/index.php\/2025\/12\/10\/apres-une-blessure-a-lepaule-amine-gouiri-de-retour-debut-janvier\/"},"wordCount":756,"commentCount":0,"publisher":{"@id":"https:\/\/lasentinelle.dz\/#organization"},"image":{"@id":"https:\/\/lasentinelle.dz\/index.php\/2025\/12\/10\/apres-une-blessure-a-lepaule-amine-gouiri-de-retour-debut-janvier\/#primaryimage"},"thumbnailUrl":"https:\/\/lasentinelle.dz\/wp-content\/uploads\/2025\/10\/Gouiri-1.jpg","articleSection":["\u00c0 la Une","Sports"],"inLanguage":"fr-FR","potentialAction":[{"@type":"CommentAction","name":"Comment","target":["https:\/\/lasentinelle.dz\/index.php\/2025\/12\/10\/apres-une-blessure-a-lepaule-amine-gouiri-de-retour-debut-janvier\/#respond"]}]},{"@type":"WebPage","@id":"https:\/\/lasentinelle.dz\/index.php\/2025\/12\/10\/apres-une-blessure-a-lepaule-amine-gouiri-de-retour-debut-janvier\/","url":"https:\/\/lasentinelle.dz\/index.php\/2025\/12\/10\/apres-une-blessure-a-lepaule-amine-gouiri-de-retour-debut-janvier\/","name":"Apr\u00e8s une blessure \u00e0 l\u2019\u00e9paule\u00a0: Amine Gouiri de retour d\u00e9but janvier\u00a0 - La Sentinelle","isPartOf":{"@id":"https:\/\/lasentinelle.dz\/#website"},"primaryImageOfPage":{"@id":"https:\/\/lasentinelle.dz\/index.php\/2025\/12\/10\/apres-une-blessure-a-lepaule-amine-gouiri-de-retour-debut-janvier\/#primaryimage"},"image":{"@id":"https:\/\/lasentinelle.dz\/index.php\/2025\/12\/10\/apres-une-blessure-a-lepaule-amine-gouiri-de-retour-debut-janvier\/#primaryimage"},"thumbnailUrl":"https:\/\/lasentinelle.dz\/wp-content\/uploads\/2025\/10\/Gouiri-1.jpg","datePublished":"2025-12-10T11:41:38+00:00","dateModified":"2025-12-10T11:41:39+00:00","breadcrumb":{"@id":"https:\/\/lasentinelle.dz\/index.php\/2025\/12\/10\/apres-une-blessure-a-lepaule-amine-gouiri-de-retour-debut-janvier\/#breadcrumb"},"inLanguage":"fr-FR","potentialAction":[{"@type":"ReadAction","target":["https:\/\/lasentinelle.dz\/index.php\/2025\/12\/10\/apres-une-blessure-a-lepaule-amine-gouiri-de-retour-debut-janvier\/"]}]},{"@type":"ImageObject","inLanguage":"fr-FR","@id":"https:\/\/lasentinelle.dz\/index.php\/2025\/12\/10\/apres-une-blessure-a-lepaule-amine-gouiri-de-retour-debut-janvier\/#primaryimage","url":"https:\/\/lasentinelle.dz\/wp-content\/uploads\/2025\/10\/Gouiri-1.jpg","contentUrl":"https:\/\/lasentinelle.dz\/wp-content\/uploads\/2025\/10\/Gouiri-1.jpg","width":1920,"height":1280,"caption":"Amine GOUIRI of Marseille during the Ligue 1 McDonald's match between Rennes and Marseille at Roazhon Park on August 15, 2025 in Rennes, France. (Photo by Philippe Lecoeur\/FEP\/Icon Sport) - Photo by Icon Sport"},{"@type":"BreadcrumbList","@id":"https:\/\/lasentinelle.dz\/index.php\/2025\/12\/10\/apres-une-blessure-a-lepaule-amine-gouiri-de-retour-debut-janvier\/#breadcrumb","itemListElement":[{"@type":"ListItem","position":1,"name":"Accueil","item":"https:\/\/lasentinelle.dz\/"},{"@type":"ListItem","position":2,"name":"Apr\u00e8s une blessure \u00e0 l\u2019\u00e9paule\u00a0: Amine Gouiri de retour d\u00e9but janvier\u00a0"}]},{"@type":"WebSite","@id":"https:\/\/lasentinelle.dz\/#website","url":"https:\/\/lasentinelle.dz\/","name":"La Sentinelle","description":"Quotidien national d&#039;information","publisher":{"@id":"https:\/\/lasentinelle.dz\/#organization"},"potentialAction":[{"@type":"SearchAction","target":{"@type":"EntryPoint","urlTemplate":"https:\/\/lasentinelle.dz\/?s={search_term_string}"},"query-input":{"@type":"PropertyValueSpecification","valueRequired":true,"valueName":"search_term_string"}}],"inLanguage":"fr-FR"},{"@type":"Organization","@id":"https:\/\/lasentinelle.dz\/#organization","name":"Quotidien La Sentinelle","url":"https:\/\/lasentinelle.dz\/","logo":{"@type":"ImageObject","inLanguage":"fr-FR","@id":"https:\/\/lasentinelle.dz\/#\/schema\/logo\/image\/","url":"https:\/\/lasentinelle.dz\/wp-content\/uploads\/2021\/09\/logo-sentinelleSLOGAN-1.png","contentUrl":"https:\/\/lasentinelle.dz\/wp-content\/uploads\/2021\/09\/logo-sentinelleSLOGAN-1.png","width":615,"height":142,"caption":"Quotidien La Sentinelle"},"image":{"@id":"https:\/\/lasentinelle.dz\/#\/schema\/logo\/image\/"},"sameAs":["https:\/\/www.facebook.com\/La-Sentinelle-104059864394773"]},{"@type":"Person","@id":"https:\/\/lasentinelle.dz\/#\/schema\/person\/729ee0024f24e0b8c5ec17232f8e8b41","name":"admin","image":{"@type":"ImageObject","inLanguage":"fr-FR","@id":"https:\/\/secure.gravatar.com\/avatar\/4c81fed838786e9b53f540bf46533e750f5d292099ae3b66cfc6fb1982e29df7?s=96&d=mm&r=g","url":"https:\/\/secure.gravatar.com\/avatar\/4c81fed838786e9b53f540bf46533e750f5d292099ae3b66cfc6fb1982e29df7?s=96&d=mm&r=g","contentUrl":"https:\/\/secure.gravatar.com\/avatar\/4c81fed838786e9b53f540bf46533e750f5d292099ae3b66cfc6fb1982e29df7?s=96&d=mm&r=g","caption":"admin"},"description":"admin","url":"https:\/\/lasentinelle.dz\/author\/admin\/"}]}},"_links":{"self":[{"href":"https:\/\/lasentinelle.dz\/index.php\/wp-json\/wp\/v2\/posts\/77556","targetHints":{"allow":["GET"]}}],"collection":[{"href":"https:\/\/lasentinelle.dz\/index.php\/wp-json\/wp\/v2\/posts"}],"about":[{"href":"https:\/\/lasentinelle.dz\/index.php\/wp-json\/wp\/v2\/types\/post"}],"author":[{"embeddable":true,"href":"https:\/\/lasentinelle.dz\/index.php\/wp-json\/wp\/v2\/users\/6"}],"replies":[{"embeddable":true,"href":"https:\/\/lasentinelle.dz\/index.php\/wp-json\/wp\/v2\/comments?post=77556"}],"version-history":[{"count":1,"href":"https:\/\/lasentinelle.dz\/index.php\/wp-json\/wp\/v2\/posts\/77556\/revisions"}],"predecessor-version":[{"id":77557,"href":"https:\/\/lasentinelle.dz\/index.php\/wp-json\/wp\/v2\/posts\/77556\/revisions\/77557"}],"wp:featuredmedia":[{"embeddable":true,"href":"https:\/\/lasentinelle.dz\/index.php\/wp-json\/wp\/v2\/media\/74929"}],"wp:attachment":[{"href":"https:\/\/lasentinelle.dz\/index.php\/wp-json\/wp\/v2\/media?parent=77556"}],"wp:term":[{"taxonomy":"category","embeddable":true,"href":"https:\/\/lasentinelle.dz\/index.php\/wp-json\/wp\/v2\/categories?post=77556"},{"taxonomy":"post_tag","embeddable":true,"href":"https:\/\/lasentinelle.dz\/index.php\/wp-json\/wp\/v2\/tags?post=77556"}],"curies":[{"name":"wp","href":"https:\/\/api.w.org\/{rel}","templated":true}]}}