{"id":77562,"date":"2025-12-10T12:50:25","date_gmt":"2025-12-10T11:50:25","guid":{"rendered":"https:\/\/lasentinelle.dz\/?p=77562"},"modified":"2025-12-10T12:50:26","modified_gmt":"2025-12-10T11:50:26","slug":"annaba-vers-la-connexion-de-cinq-communes-a-la-station-de-koudiet-eddraouch","status":"publish","type":"post","link":"https:\/\/lasentinelle.dz\/index.php\/2025\/12\/10\/annaba-vers-la-connexion-de-cinq-communes-a-la-station-de-koudiet-eddraouch\/","title":{"rendered":"Annaba\u00a0: Vers la connexion de cinq communes \u00e0 la station de Koudiet Eddraouch"},"content":{"rendered":"\n<p>Il s&rsquo;agit d&rsquo;un projet structurant qui consiste \u00e0 relier la station de traitement de Cha\u00efba \u00e0 la station de dessalement d&rsquo;eau de mer de Koudiet Eddraouch pour alimenter cinq communes de la wilaya d&rsquo;Annaba, via un r\u00e9seau reliant dix r\u00e9servoirs d&rsquo;eau \u00e0 quatre stations de pompage.<\/p>\n\n\n\n<p>Poursuivant ses efforts afin d&rsquo;assurer une alimentation optimale en eau potable pour les populations de la wilaya d&rsquo;Annaba, les services de la direction des ressources en eau viennent d&rsquo;engager un important projet de mise en place d&rsquo;un r\u00e9seau de r\u00e9servoirs, qui sera reli\u00e9 \u00e0 la station de Cha\u00efba, apprend-on de source proche de cette direction. Selon la m\u00eame source, une fois achev\u00e9, ce projet permettra le raccordement de la station de Cha\u00efba, dans la commune de Sidi Amar, \u00e0 la station de dessalement d&rsquo;eau de mer de Koudiet Eddraouch (El Tarf). Les communes concern\u00e9es sont respectivement Tr\u00e9at, Berrahal, Ain El Berda, Oued El Aneb et Ch\u00e9taibi, ont pr\u00e9cis\u00e9 les m\u00eames sources. Cette mise en place d&rsquo;un vaste r\u00e9seau de r\u00e9servoirs reliant la station de traitement \u00e0 celle de Cha\u00efba, engag\u00e9e par la direction des ressources en eau de la wilaya d&rsquo;Annaba, repr\u00e9sente un pas important, voire une \u00e9tape d\u00e9cisive pour les responsables du secteur. Au-del\u00e0, ce projet structurant illustre la volont\u00e9 des autorit\u00e9s locales de la wilaya d&rsquo;Annaba en mati\u00e8re de prise en charge des besoins essentiels des populations, dont l&rsquo;alimentation en eau potable. Selon nos sources, la mise en service de ces r\u00e9servoirs est pr\u00e9vue pour le mois de f\u00e9vrier 2026, soit avant le mois sacr\u00e9 du Ramadhan. Afin de respecter les d\u00e9lais impartis, la direction des ressources en eau de la wilaya d&rsquo;Annaba redouble d&rsquo;efforts, et les travaux en cours portent sur la finalisation d&rsquo;un r\u00e9seau reliant dix r\u00e9servoirs d&rsquo;eau \u00e0 quatre stations de pompage.<\/p>\n\n\n\n<p>Le point central de ce dispositif sera la commune de Sidi Amar, o\u00f9 un r\u00e9servoir de 50 000 m\u00b3 et une station de pompage seront r\u00e9alis\u00e9s et raccord\u00e9s au r\u00e9servoir de Daghoussa, dans la wilaya d&rsquo;El Tarf, ont d\u00e9taill\u00e9 les m\u00eames sources. Le second lin\u00e9aire de raccordement consiste en la liaison du r\u00e9servoir de Sidi Amar \u00e0 Ch\u00e9taibi, tout en int\u00e9grant les nouveaux p\u00f4les urbains, \u00e0 savoir Hadjar Eddis, El Gantra et la nouvelle ville Draa Errich, jusqu&rsquo;\u00e0 la commune de Berrahal, ont ajout\u00e9 nos sources, en pr\u00e9cisant que celle-ci sera dot\u00e9e d&rsquo;un r\u00e9servoir de 50 000 m\u00b3. Ce r\u00e9servoir deviendra \u00e0 son tour un point d&rsquo;approvisionnement majeur pour Tr\u00e9at, Oued El Aneb et Ch\u00e9taibi, nous dit-on.<\/p>\n\n\n\n<p>Selon les m\u00eames sources, le projet a connu plusieurs retards dus aux litiges opposant les propri\u00e9taires terriens \u00e0 la direction des ressources en eau. Les propri\u00e9taires priv\u00e9s ont refus\u00e9 le passage des canalisations sur leurs terrains sans indemnisation, a-t-on expliqu\u00e9. Toutefois, la plupart des litiges ont \u00e9t\u00e9 r\u00e9gl\u00e9s, et gr\u00e2ce au renforcement des moyens logistiques, les travaux ont enregistr\u00e9 une avanc\u00e9e notable et s&rsquo;acheminent vers l&rsquo;ach\u00e8vement de cet important projet.<\/p>\n\n\n\n<p><strong>Sofia Chahine<\/strong><\/p>\n","protected":false},"excerpt":{"rendered":"<p>Il s&rsquo;agit d&rsquo;un projet structurant qui consiste \u00e0 relier la station de traitement de Cha\u00efba \u00e0 la station de dessalement<\/p>\n","protected":false},"author":6,"featured_media":75240,"comment_status":"open","ping_status":"closed","sticky":false,"template":"","format":"standard","meta":{"colormag_page_container_layout":"default_layout","colormag_page_sidebar_layout":"default_layout","om_disable_all_campaigns":false,"_monsterinsights_skip_tracking":false,"_monsterinsights_sitenote_active":false,"_monsterinsights_sitenote_note":"","_monsterinsights_sitenote_category":0,"footnotes":"","_wpscppro_dont_share_socialmedia":false,"_wpscppro_custom_social_share_image":0,"_facebook_share_type":"default","_twitter_share_type":"default","_linkedin_share_type":"default","_pinterest_share_type":"default","_linkedin_share_type_page":"","_instagram_share_type":"default","_medium_share_type":"default","_threads_share_type":"default","_google_business_share_type":"default","_selected_social_profile":[],"_wpsp_enable_custom_social_template":false,"_wpsp_social_scheduling":{"enabled":false,"datetime":null,"platforms":[],"status":"template_only","dateOption":"today","timeOption":"now","customDays":"","customHours":"","customDate":"","customTime":"","schedulingType":"absolute"},"_wpsp_active_default_template":true},"categories":[31],"tags":[],"class_list":["post-77562","post","type-post","status-publish","format-standard","has-post-thumbnail","hentry","category-regions"],"aioseo_notices":[],"yoast_head":"<!-- This site is optimized with the Yoast SEO plugin v27.5 - https:\/\/yoast.com\/product\/yoast-seo-wordpress\/ -->\n<title>Annaba\u00a0: Vers la connexion de cinq communes \u00e0 la station de Koudiet Eddraouch - La Sentinelle<\/title>\n<meta name=\"robots\" content=\"index, follow, max-snippet:-1, max-image-preview:large, max-video-preview:-1\" \/>\n<link rel=\"canonical\" href=\"https:\/\/lasentinelle.dz\/index.php\/2025\/12\/10\/annaba-vers-la-connexion-de-cinq-communes-a-la-station-de-koudiet-eddraouch\/\" \/>\n<meta property=\"og:locale\" content=\"fr_FR\" \/>\n<meta property=\"og:type\" content=\"article\" \/>\n<meta property=\"og:title\" content=\"Annaba\u00a0: Vers la connexion de cinq communes \u00e0 la station de Koudiet Eddraouch - La Sentinelle\" \/>\n<meta property=\"og:description\" content=\"Il s&rsquo;agit d&rsquo;un projet structurant qui consiste \u00e0 relier la station de traitement de Cha\u00efba \u00e0 la station de dessalement\" \/>\n<meta property=\"og:url\" content=\"https:\/\/lasentinelle.dz\/index.php\/2025\/12\/10\/annaba-vers-la-connexion-de-cinq-communes-a-la-station-de-koudiet-eddraouch\/\" \/>\n<meta property=\"og:site_name\" content=\"La Sentinelle\" \/>\n<meta property=\"article:publisher\" content=\"https:\/\/www.facebook.com\/La-Sentinelle-104059864394773\" \/>\n<meta property=\"article:published_time\" content=\"2025-12-10T11:50:25+00:00\" \/>\n<meta property=\"article:modified_time\" content=\"2025-12-10T11:50:26+00:00\" \/>\n<meta property=\"og:image\" content=\"https:\/\/lasentinelle.dz\/wp-content\/uploads\/2025\/10\/station-el-tarf.jpg\" \/>\n\t<meta property=\"og:image:width\" content=\"745\" \/>\n\t<meta property=\"og:image:height\" content=\"470\" \/>\n\t<meta property=\"og:image:type\" content=\"image\/jpeg\" \/>\n<meta name=\"author\" content=\"admin\" \/>\n<meta name=\"twitter:card\" content=\"summary_large_image\" \/>\n<meta name=\"twitter:label1\" content=\"\u00c9crit par\" \/>\n\t<meta name=\"twitter:data1\" content=\"admin\" \/>\n\t<meta name=\"twitter:label2\" content=\"Dur\u00e9e de lecture estim\u00e9e\" \/>\n\t<meta name=\"twitter:data2\" content=\"3 minutes\" \/>\n<script type=\"application\/ld+json\" class=\"yoast-schema-graph\">{\"@context\":\"https:\\\/\\\/schema.org\",\"@graph\":[{\"@type\":\"Article\",\"@id\":\"https:\\\/\\\/lasentinelle.dz\\\/index.php\\\/2025\\\/12\\\/10\\\/annaba-vers-la-connexion-de-cinq-communes-a-la-station-de-koudiet-eddraouch\\\/#article\",\"isPartOf\":{\"@id\":\"https:\\\/\\\/lasentinelle.dz\\\/index.php\\\/2025\\\/12\\\/10\\\/annaba-vers-la-connexion-de-cinq-communes-a-la-station-de-koudiet-eddraouch\\\/\"},\"author\":{\"name\":\"admin\",\"@id\":\"https:\\\/\\\/lasentinelle.dz\\\/#\\\/schema\\\/person\\\/729ee0024f24e0b8c5ec17232f8e8b41\"},\"headline\":\"Annaba\u00a0: Vers la connexion de cinq communes \u00e0 la station de Koudiet Eddraouch\",\"datePublished\":\"2025-12-10T11:50:25+00:00\",\"dateModified\":\"2025-12-10T11:50:26+00:00\",\"mainEntityOfPage\":{\"@id\":\"https:\\\/\\\/lasentinelle.dz\\\/index.php\\\/2025\\\/12\\\/10\\\/annaba-vers-la-connexion-de-cinq-communes-a-la-station-de-koudiet-eddraouch\\\/\"},\"wordCount\":555,\"commentCount\":0,\"publisher\":{\"@id\":\"https:\\\/\\\/lasentinelle.dz\\\/#organization\"},\"image\":{\"@id\":\"https:\\\/\\\/lasentinelle.dz\\\/index.php\\\/2025\\\/12\\\/10\\\/annaba-vers-la-connexion-de-cinq-communes-a-la-station-de-koudiet-eddraouch\\\/#primaryimage\"},\"thumbnailUrl\":\"https:\\\/\\\/lasentinelle.dz\\\/wp-content\\\/uploads\\\/2025\\\/10\\\/station-el-tarf.jpg\",\"articleSection\":[\"R\u00e9gions\"],\"inLanguage\":\"fr-FR\",\"potentialAction\":[{\"@type\":\"CommentAction\",\"name\":\"Comment\",\"target\":[\"https:\\\/\\\/lasentinelle.dz\\\/index.php\\\/2025\\\/12\\\/10\\\/annaba-vers-la-connexion-de-cinq-communes-a-la-station-de-koudiet-eddraouch\\\/#respond\"]}]},{\"@type\":\"WebPage\",\"@id\":\"https:\\\/\\\/lasentinelle.dz\\\/index.php\\\/2025\\\/12\\\/10\\\/annaba-vers-la-connexion-de-cinq-communes-a-la-station-de-koudiet-eddraouch\\\/\",\"url\":\"https:\\\/\\\/lasentinelle.dz\\\/index.php\\\/2025\\\/12\\\/10\\\/annaba-vers-la-connexion-de-cinq-communes-a-la-station-de-koudiet-eddraouch\\\/\",\"name\":\"Annaba\u00a0: Vers la connexion de cinq communes \u00e0 la station de Koudiet Eddraouch - La Sentinelle\",\"isPartOf\":{\"@id\":\"https:\\\/\\\/lasentinelle.dz\\\/#website\"},\"primaryImageOfPage\":{\"@id\":\"https:\\\/\\\/lasentinelle.dz\\\/index.php\\\/2025\\\/12\\\/10\\\/annaba-vers-la-connexion-de-cinq-communes-a-la-station-de-koudiet-eddraouch\\\/#primaryimage\"},\"image\":{\"@id\":\"https:\\\/\\\/lasentinelle.dz\\\/index.php\\\/2025\\\/12\\\/10\\\/annaba-vers-la-connexion-de-cinq-communes-a-la-station-de-koudiet-eddraouch\\\/#primaryimage\"},\"thumbnailUrl\":\"https:\\\/\\\/lasentinelle.dz\\\/wp-content\\\/uploads\\\/2025\\\/10\\\/station-el-tarf.jpg\",\"datePublished\":\"2025-12-10T11:50:25+00:00\",\"dateModified\":\"2025-12-10T11:50:26+00:00\",\"breadcrumb\":{\"@id\":\"https:\\\/\\\/lasentinelle.dz\\\/index.php\\\/2025\\\/12\\\/10\\\/annaba-vers-la-connexion-de-cinq-communes-a-la-station-de-koudiet-eddraouch\\\/#breadcrumb\"},\"inLanguage\":\"fr-FR\",\"potentialAction\":[{\"@type\":\"ReadAction\",\"target\":[\"https:\\\/\\\/lasentinelle.dz\\\/index.php\\\/2025\\\/12\\\/10\\\/annaba-vers-la-connexion-de-cinq-communes-a-la-station-de-koudiet-eddraouch\\\/\"]}]},{\"@type\":\"ImageObject\",\"inLanguage\":\"fr-FR\",\"@id\":\"https:\\\/\\\/lasentinelle.dz\\\/index.php\\\/2025\\\/12\\\/10\\\/annaba-vers-la-connexion-de-cinq-communes-a-la-station-de-koudiet-eddraouch\\\/#primaryimage\",\"url\":\"https:\\\/\\\/lasentinelle.dz\\\/wp-content\\\/uploads\\\/2025\\\/10\\\/station-el-tarf.jpg\",\"contentUrl\":\"https:\\\/\\\/lasentinelle.dz\\\/wp-content\\\/uploads\\\/2025\\\/10\\\/station-el-tarf.jpg\",\"width\":745,\"height\":470},{\"@type\":\"BreadcrumbList\",\"@id\":\"https:\\\/\\\/lasentinelle.dz\\\/index.php\\\/2025\\\/12\\\/10\\\/annaba-vers-la-connexion-de-cinq-communes-a-la-station-de-koudiet-eddraouch\\\/#breadcrumb\",\"itemListElement\":[{\"@type\":\"ListItem\",\"position\":1,\"name\":\"Accueil\",\"item\":\"https:\\\/\\\/lasentinelle.dz\\\/\"},{\"@type\":\"ListItem\",\"position\":2,\"name\":\"Annaba\u00a0: Vers la connexion de cinq communes \u00e0 la station de Koudiet Eddraouch\"}]},{\"@type\":\"WebSite\",\"@id\":\"https:\\\/\\\/lasentinelle.dz\\\/#website\",\"url\":\"https:\\\/\\\/lasentinelle.dz\\\/\",\"name\":\"La Sentinelle\",\"description\":\"Quotidien national d&#039;information\",\"publisher\":{\"@id\":\"https:\\\/\\\/lasentinelle.dz\\\/#organization\"},\"potentialAction\":[{\"@type\":\"SearchAction\",\"target\":{\"@type\":\"EntryPoint\",\"urlTemplate\":\"https:\\\/\\\/lasentinelle.dz\\\/?s={search_term_string}\"},\"query-input\":{\"@type\":\"PropertyValueSpecification\",\"valueRequired\":true,\"valueName\":\"search_term_string\"}}],\"inLanguage\":\"fr-FR\"},{\"@type\":\"Organization\",\"@id\":\"https:\\\/\\\/lasentinelle.dz\\\/#organization\",\"name\":\"Quotidien La Sentinelle\",\"url\":\"https:\\\/\\\/lasentinelle.dz\\\/\",\"logo\":{\"@type\":\"ImageObject\",\"inLanguage\":\"fr-FR\",\"@id\":\"https:\\\/\\\/lasentinelle.dz\\\/#\\\/schema\\\/logo\\\/image\\\/\",\"url\":\"https:\\\/\\\/lasentinelle.dz\\\/wp-content\\\/uploads\\\/2021\\\/09\\\/logo-sentinelleSLOGAN-1.png\",\"contentUrl\":\"https:\\\/\\\/lasentinelle.dz\\\/wp-content\\\/uploads\\\/2021\\\/09\\\/logo-sentinelleSLOGAN-1.png\",\"width\":615,\"height\":142,\"caption\":\"Quotidien La Sentinelle\"},\"image\":{\"@id\":\"https:\\\/\\\/lasentinelle.dz\\\/#\\\/schema\\\/logo\\\/image\\\/\"},\"sameAs\":[\"https:\\\/\\\/www.facebook.com\\\/La-Sentinelle-104059864394773\"]},{\"@type\":\"Person\",\"@id\":\"https:\\\/\\\/lasentinelle.dz\\\/#\\\/schema\\\/person\\\/729ee0024f24e0b8c5ec17232f8e8b41\",\"name\":\"admin\",\"image\":{\"@type\":\"ImageObject\",\"inLanguage\":\"fr-FR\",\"@id\":\"https:\\\/\\\/secure.gravatar.com\\\/avatar\\\/4c81fed838786e9b53f540bf46533e750f5d292099ae3b66cfc6fb1982e29df7?s=96&d=mm&r=g\",\"url\":\"https:\\\/\\\/secure.gravatar.com\\\/avatar\\\/4c81fed838786e9b53f540bf46533e750f5d292099ae3b66cfc6fb1982e29df7?s=96&d=mm&r=g\",\"contentUrl\":\"https:\\\/\\\/secure.gravatar.com\\\/avatar\\\/4c81fed838786e9b53f540bf46533e750f5d292099ae3b66cfc6fb1982e29df7?s=96&d=mm&r=g\",\"caption\":\"admin\"},\"description\":\"admin\",\"url\":\"https:\\\/\\\/lasentinelle.dz\\\/author\\\/admin\\\/\"}]}<\/script>\n<!-- \/ Yoast SEO plugin. -->","yoast_head_json":{"title":"Annaba\u00a0: Vers la connexion de cinq communes \u00e0 la station de Koudiet Eddraouch - La Sentinelle","robots":{"index":"index","follow":"follow","max-snippet":"max-snippet:-1","max-image-preview":"max-image-preview:large","max-video-preview":"max-video-preview:-1"},"canonical":"https:\/\/lasentinelle.dz\/index.php\/2025\/12\/10\/annaba-vers-la-connexion-de-cinq-communes-a-la-station-de-koudiet-eddraouch\/","og_locale":"fr_FR","og_type":"article","og_title":"Annaba\u00a0: Vers la connexion de cinq communes \u00e0 la station de Koudiet Eddraouch - La Sentinelle","og_description":"Il s&rsquo;agit d&rsquo;un projet structurant qui consiste \u00e0 relier la station de traitement de Cha\u00efba \u00e0 la station de dessalement","og_url":"https:\/\/lasentinelle.dz\/index.php\/2025\/12\/10\/annaba-vers-la-connexion-de-cinq-communes-a-la-station-de-koudiet-eddraouch\/","og_site_name":"La Sentinelle","article_publisher":"https:\/\/www.facebook.com\/La-Sentinelle-104059864394773","article_published_time":"2025-12-10T11:50:25+00:00","article_modified_time":"2025-12-10T11:50:26+00:00","og_image":[{"width":745,"height":470,"url":"https:\/\/lasentinelle.dz\/wp-content\/uploads\/2025\/10\/station-el-tarf.jpg","type":"image\/jpeg"}],"author":"admin","twitter_card":"summary_large_image","twitter_misc":{"\u00c9crit par":"admin","Dur\u00e9e de lecture estim\u00e9e":"3 minutes"},"schema":{"@context":"https:\/\/schema.org","@graph":[{"@type":"Article","@id":"https:\/\/lasentinelle.dz\/index.php\/2025\/12\/10\/annaba-vers-la-connexion-de-cinq-communes-a-la-station-de-koudiet-eddraouch\/#article","isPartOf":{"@id":"https:\/\/lasentinelle.dz\/index.php\/2025\/12\/10\/annaba-vers-la-connexion-de-cinq-communes-a-la-station-de-koudiet-eddraouch\/"},"author":{"name":"admin","@id":"https:\/\/lasentinelle.dz\/#\/schema\/person\/729ee0024f24e0b8c5ec17232f8e8b41"},"headline":"Annaba\u00a0: Vers la connexion de cinq communes \u00e0 la station de Koudiet Eddraouch","datePublished":"2025-12-10T11:50:25+00:00","dateModified":"2025-12-10T11:50:26+00:00","mainEntityOfPage":{"@id":"https:\/\/lasentinelle.dz\/index.php\/2025\/12\/10\/annaba-vers-la-connexion-de-cinq-communes-a-la-station-de-koudiet-eddraouch\/"},"wordCount":555,"commentCount":0,"publisher":{"@id":"https:\/\/lasentinelle.dz\/#organization"},"image":{"@id":"https:\/\/lasentinelle.dz\/index.php\/2025\/12\/10\/annaba-vers-la-connexion-de-cinq-communes-a-la-station-de-koudiet-eddraouch\/#primaryimage"},"thumbnailUrl":"https:\/\/lasentinelle.dz\/wp-content\/uploads\/2025\/10\/station-el-tarf.jpg","articleSection":["R\u00e9gions"],"inLanguage":"fr-FR","potentialAction":[{"@type":"CommentAction","name":"Comment","target":["https:\/\/lasentinelle.dz\/index.php\/2025\/12\/10\/annaba-vers-la-connexion-de-cinq-communes-a-la-station-de-koudiet-eddraouch\/#respond"]}]},{"@type":"WebPage","@id":"https:\/\/lasentinelle.dz\/index.php\/2025\/12\/10\/annaba-vers-la-connexion-de-cinq-communes-a-la-station-de-koudiet-eddraouch\/","url":"https:\/\/lasentinelle.dz\/index.php\/2025\/12\/10\/annaba-vers-la-connexion-de-cinq-communes-a-la-station-de-koudiet-eddraouch\/","name":"Annaba\u00a0: Vers la connexion de cinq communes \u00e0 la station de Koudiet Eddraouch - La Sentinelle","isPartOf":{"@id":"https:\/\/lasentinelle.dz\/#website"},"primaryImageOfPage":{"@id":"https:\/\/lasentinelle.dz\/index.php\/2025\/12\/10\/annaba-vers-la-connexion-de-cinq-communes-a-la-station-de-koudiet-eddraouch\/#primaryimage"},"image":{"@id":"https:\/\/lasentinelle.dz\/index.php\/2025\/12\/10\/annaba-vers-la-connexion-de-cinq-communes-a-la-station-de-koudiet-eddraouch\/#primaryimage"},"thumbnailUrl":"https:\/\/lasentinelle.dz\/wp-content\/uploads\/2025\/10\/station-el-tarf.jpg","datePublished":"2025-12-10T11:50:25+00:00","dateModified":"2025-12-10T11:50:26+00:00","breadcrumb":{"@id":"https:\/\/lasentinelle.dz\/index.php\/2025\/12\/10\/annaba-vers-la-connexion-de-cinq-communes-a-la-station-de-koudiet-eddraouch\/#breadcrumb"},"inLanguage":"fr-FR","potentialAction":[{"@type":"ReadAction","target":["https:\/\/lasentinelle.dz\/index.php\/2025\/12\/10\/annaba-vers-la-connexion-de-cinq-communes-a-la-station-de-koudiet-eddraouch\/"]}]},{"@type":"ImageObject","inLanguage":"fr-FR","@id":"https:\/\/lasentinelle.dz\/index.php\/2025\/12\/10\/annaba-vers-la-connexion-de-cinq-communes-a-la-station-de-koudiet-eddraouch\/#primaryimage","url":"https:\/\/lasentinelle.dz\/wp-content\/uploads\/2025\/10\/station-el-tarf.jpg","contentUrl":"https:\/\/lasentinelle.dz\/wp-content\/uploads\/2025\/10\/station-el-tarf.jpg","width":745,"height":470},{"@type":"BreadcrumbList","@id":"https:\/\/lasentinelle.dz\/index.php\/2025\/12\/10\/annaba-vers-la-connexion-de-cinq-communes-a-la-station-de-koudiet-eddraouch\/#breadcrumb","itemListElement":[{"@type":"ListItem","position":1,"name":"Accueil","item":"https:\/\/lasentinelle.dz\/"},{"@type":"ListItem","position":2,"name":"Annaba\u00a0: Vers la connexion de cinq communes \u00e0 la station de Koudiet Eddraouch"}]},{"@type":"WebSite","@id":"https:\/\/lasentinelle.dz\/#website","url":"https:\/\/lasentinelle.dz\/","name":"La Sentinelle","description":"Quotidien national d&#039;information","publisher":{"@id":"https:\/\/lasentinelle.dz\/#organization"},"potentialAction":[{"@type":"SearchAction","target":{"@type":"EntryPoint","urlTemplate":"https:\/\/lasentinelle.dz\/?s={search_term_string}"},"query-input":{"@type":"PropertyValueSpecification","valueRequired":true,"valueName":"search_term_string"}}],"inLanguage":"fr-FR"},{"@type":"Organization","@id":"https:\/\/lasentinelle.dz\/#organization","name":"Quotidien La Sentinelle","url":"https:\/\/lasentinelle.dz\/","logo":{"@type":"ImageObject","inLanguage":"fr-FR","@id":"https:\/\/lasentinelle.dz\/#\/schema\/logo\/image\/","url":"https:\/\/lasentinelle.dz\/wp-content\/uploads\/2021\/09\/logo-sentinelleSLOGAN-1.png","contentUrl":"https:\/\/lasentinelle.dz\/wp-content\/uploads\/2021\/09\/logo-sentinelleSLOGAN-1.png","width":615,"height":142,"caption":"Quotidien La Sentinelle"},"image":{"@id":"https:\/\/lasentinelle.dz\/#\/schema\/logo\/image\/"},"sameAs":["https:\/\/www.facebook.com\/La-Sentinelle-104059864394773"]},{"@type":"Person","@id":"https:\/\/lasentinelle.dz\/#\/schema\/person\/729ee0024f24e0b8c5ec17232f8e8b41","name":"admin","image":{"@type":"ImageObject","inLanguage":"fr-FR","@id":"https:\/\/secure.gravatar.com\/avatar\/4c81fed838786e9b53f540bf46533e750f5d292099ae3b66cfc6fb1982e29df7?s=96&d=mm&r=g","url":"https:\/\/secure.gravatar.com\/avatar\/4c81fed838786e9b53f540bf46533e750f5d292099ae3b66cfc6fb1982e29df7?s=96&d=mm&r=g","contentUrl":"https:\/\/secure.gravatar.com\/avatar\/4c81fed838786e9b53f540bf46533e750f5d292099ae3b66cfc6fb1982e29df7?s=96&d=mm&r=g","caption":"admin"},"description":"admin","url":"https:\/\/lasentinelle.dz\/author\/admin\/"}]}},"_links":{"self":[{"href":"https:\/\/lasentinelle.dz\/index.php\/wp-json\/wp\/v2\/posts\/77562","targetHints":{"allow":["GET"]}}],"collection":[{"href":"https:\/\/lasentinelle.dz\/index.php\/wp-json\/wp\/v2\/posts"}],"about":[{"href":"https:\/\/lasentinelle.dz\/index.php\/wp-json\/wp\/v2\/types\/post"}],"author":[{"embeddable":true,"href":"https:\/\/lasentinelle.dz\/index.php\/wp-json\/wp\/v2\/users\/6"}],"replies":[{"embeddable":true,"href":"https:\/\/lasentinelle.dz\/index.php\/wp-json\/wp\/v2\/comments?post=77562"}],"version-history":[{"count":1,"href":"https:\/\/lasentinelle.dz\/index.php\/wp-json\/wp\/v2\/posts\/77562\/revisions"}],"predecessor-version":[{"id":77563,"href":"https:\/\/lasentinelle.dz\/index.php\/wp-json\/wp\/v2\/posts\/77562\/revisions\/77563"}],"wp:featuredmedia":[{"embeddable":true,"href":"https:\/\/lasentinelle.dz\/index.php\/wp-json\/wp\/v2\/media\/75240"}],"wp:attachment":[{"href":"https:\/\/lasentinelle.dz\/index.php\/wp-json\/wp\/v2\/media?parent=77562"}],"wp:term":[{"taxonomy":"category","embeddable":true,"href":"https:\/\/lasentinelle.dz\/index.php\/wp-json\/wp\/v2\/categories?post=77562"},{"taxonomy":"post_tag","embeddable":true,"href":"https:\/\/lasentinelle.dz\/index.php\/wp-json\/wp\/v2\/tags?post=77562"}],"curies":[{"name":"wp","href":"https:\/\/api.w.org\/{rel}","templated":true}]}}