{"id":77566,"date":"2025-12-10T12:55:20","date_gmt":"2025-12-10T11:55:20","guid":{"rendered":"https:\/\/lasentinelle.dz\/?p=77566"},"modified":"2025-12-10T12:55:21","modified_gmt":"2025-12-10T11:55:21","slug":"des-plaquettes-de-frein-made-in-algeria-pour-les-vehicules-fiat","status":"publish","type":"post","link":"https:\/\/lasentinelle.dz\/index.php\/2025\/12\/10\/des-plaquettes-de-frein-made-in-algeria-pour-les-vehicules-fiat\/","title":{"rendered":"Des plaquettes de frein \u00ab\u00a0Made in Algeria\u00a0\u00bb pour les v\u00e9hicules Fiat"},"content":{"rendered":"\n<p>La filiale alg\u00e9rienne de Stellantis franchit une nouvelle \u00e9tape dans sa strat\u00e9gie d&rsquo;int\u00e9gration industrielle en signant mardi un accord avec Ikam Auto Industrie pour la fourniture de plaquettes de frein destin\u00e9es aux v\u00e9hicules Fiat assembl\u00e9s localement, visant un taux d&rsquo;int\u00e9gration locale sup\u00e9rieur \u00e0 30% d\u00e8s 2026. La soci\u00e9t\u00e9 Stellantis El Djaza\u00efr a annonc\u00e9 dans un communiqu\u00e9 la signature d&rsquo;un partenariat avec le producteur alg\u00e9rien Ikam Auto Industrie, sp\u00e9cialis\u00e9 dans les syst\u00e8mes de freinage, afin d&rsquo;\u00e9quiper le r\u00e9seau apr\u00e8s-vente des v\u00e9hicules de la marque Fiat en plaquettes de frein fabriqu\u00e9es localement. Cette initiative s&rsquo;inscrit dans le cadre d&rsquo;un plan d&rsquo;int\u00e9gration ambitieux qui pr\u00e9voit \u00e9galement \u00ab la fourniture \u00e9ventuelle de l&rsquo;usine Fiat de Tafraoui \u00bb, situ\u00e9e dans la wilaya d&rsquo;Oran. Bas\u00e9e \u00e0 Tizi-Ouzou depuis 2016, Ikam Auto Industrie s&rsquo;est impos\u00e9e comme un acteur majeur de la fabrication de pi\u00e8ces de freinage en Alg\u00e9rie. L&rsquo;entreprise emploie pr\u00e8s de 250 collaborateurs et dispose d&rsquo;une couverture nationale en croissance, soutenue par des projets d&rsquo;extension destin\u00e9s \u00e0 r\u00e9pondre \u00e0 la demande locale. Selon le communiqu\u00e9 de Stellantis, l&rsquo;obtention par les produits d\u00e9velopp\u00e9s par Ikam de \u00ab certifications de conformit\u00e9 aux normes internationales de s\u00e9curit\u00e9 et de qualit\u00e9 \u00bb a permis la concr\u00e9tisation de cet accord strat\u00e9gique.<\/p>\n\n\n\n<p>Le partenariat pr\u00e9voit la fourniture de pi\u00e8ces de rechange multi-marques destin\u00e9es au r\u00e9seau apr\u00e8s-vente, conform\u00e9ment au plan d&rsquo;int\u00e9gration locale en cours d&rsquo;impl\u00e9mentation. Cette collaboration t\u00e9moigne de la volont\u00e9 du groupe automobile franco-italo-am\u00e9ricain de structurer un \u00e9cosyst\u00e8me industriel solide en Alg\u00e9rie, en multipliant les partenariats avec des fournisseurs locaux tels que SAREL, Ferruz et Cevital pour la fourniture de composants plastiques, de roues et de vitres. Stellantis r\u00e9affirme ainsi son ambition de \u00ab d\u00e9velopper en Alg\u00e9rie un \u00e9cosyst\u00e8me industriel automobile int\u00e9gr\u00e9 et comp\u00e9titif \u00bb, permettant d&rsquo;atteindre un taux d&rsquo;int\u00e9gration local sup\u00e9rieur \u00e0 30% d\u00e8s 2026, avec une perspective d&rsquo;extension vers les march\u00e9s du Moyen-Orient et d&rsquo;Afrique. L&rsquo;usine de Tafraoui constitue le fer de lance de cette strat\u00e9gie, avec un objectif de production de 90 000 v\u00e9hicules par an d&rsquo;ici 2026.<\/p>\n\n\n\n<p>L&rsquo;industrialisation du site d&rsquo;Oran conna\u00eet une acc\u00e9l\u00e9ration notable depuis le passage au proc\u00e9d\u00e9 CKD (Completely Knocked Down). En septembre dernier, Samir Cherfan, directeur des op\u00e9rations de Stellantis pour la r\u00e9gion Moyen-Orient et Afrique, avait salu\u00e9 cette r\u00e9alisation historique, rendue possible gr\u00e2ce \u00e0 l&rsquo;excellence du personnel alg\u00e9rien. L&rsquo;usine emploie quotidiennement plus de 1 600 collaborateurs et a r\u00e9cemment finalis\u00e9 ses \u00e9quipements de soudage et de peinture. Cette mont\u00e9e en puissance industrielle s&rsquo;accompagne d&rsquo;une ambition de diversifier l&rsquo;offre avec l&rsquo;introduction progressive de mod\u00e8les Opel comme la Corsa, la Mokka et l&rsquo;Astra, et potentiellement d&rsquo;autres marques du groupe. Au-del\u00e0 de la production, Stellantis mise sur le transfert de technologie et le d\u00e9veloppement des comp\u00e9tences locales pour positionner l&rsquo;Alg\u00e9rie comme un p\u00f4le strat\u00e9gique dans la r\u00e9gion, tout en contribuant \u00e0 r\u00e9duire la d\u00e9pendance aux importations et \u00e0 diversifier l&rsquo;\u00e9conomie nationale.<\/p>\n\n\n\n<p>Samir Benisid<\/p>\n","protected":false},"excerpt":{"rendered":"<p>La filiale alg\u00e9rienne de Stellantis franchit une nouvelle \u00e9tape dans sa strat\u00e9gie d&rsquo;int\u00e9gration industrielle en signant mardi un accord avec<\/p>\n","protected":false},"author":6,"featured_media":77567,"comment_status":"open","ping_status":"closed","sticky":false,"template":"","format":"standard","meta":{"colormag_page_container_layout":"default_layout","colormag_page_sidebar_layout":"default_layout","om_disable_all_campaigns":false,"_monsterinsights_skip_tracking":false,"_monsterinsights_sitenote_active":false,"_monsterinsights_sitenote_note":"","_monsterinsights_sitenote_category":0,"footnotes":"","_wpscppro_dont_share_socialmedia":false,"_wpscppro_custom_social_share_image":0,"_facebook_share_type":"default","_twitter_share_type":"default","_linkedin_share_type":"default","_pinterest_share_type":"default","_linkedin_share_type_page":"","_instagram_share_type":"default","_medium_share_type":"default","_threads_share_type":"default","_google_business_share_type":"default","_selected_social_profile":[],"_wpsp_enable_custom_social_template":false,"_wpsp_social_scheduling":{"enabled":false,"datetime":null,"platforms":[],"status":"template_only","dateOption":"today","timeOption":"now","customDays":"","customHours":"","customDate":"","customTime":"","schedulingType":"absolute"},"_wpsp_active_default_template":true},"categories":[29],"tags":[],"class_list":["post-77566","post","type-post","status-publish","format-standard","has-post-thumbnail","hentry","category-economie"],"aioseo_notices":[],"yoast_head":"<!-- This site is optimized with the Yoast SEO plugin v27.5 - https:\/\/yoast.com\/product\/yoast-seo-wordpress\/ -->\n<title>Des plaquettes de frein \u00ab\u00a0Made in Algeria\u00a0\u00bb pour les v\u00e9hicules Fiat - La Sentinelle<\/title>\n<meta name=\"robots\" content=\"index, follow, max-snippet:-1, max-image-preview:large, max-video-preview:-1\" \/>\n<link rel=\"canonical\" href=\"https:\/\/lasentinelle.dz\/index.php\/2025\/12\/10\/des-plaquettes-de-frein-made-in-algeria-pour-les-vehicules-fiat\/\" \/>\n<meta property=\"og:locale\" content=\"fr_FR\" \/>\n<meta property=\"og:type\" content=\"article\" \/>\n<meta property=\"og:title\" content=\"Des plaquettes de frein \u00ab\u00a0Made in Algeria\u00a0\u00bb pour les v\u00e9hicules Fiat - La Sentinelle\" \/>\n<meta property=\"og:description\" content=\"La filiale alg\u00e9rienne de Stellantis franchit une nouvelle \u00e9tape dans sa strat\u00e9gie d&rsquo;int\u00e9gration industrielle en signant mardi un accord avec\" \/>\n<meta property=\"og:url\" content=\"https:\/\/lasentinelle.dz\/index.php\/2025\/12\/10\/des-plaquettes-de-frein-made-in-algeria-pour-les-vehicules-fiat\/\" \/>\n<meta property=\"og:site_name\" content=\"La Sentinelle\" \/>\n<meta property=\"article:publisher\" content=\"https:\/\/www.facebook.com\/La-Sentinelle-104059864394773\" \/>\n<meta property=\"article:published_time\" content=\"2025-12-10T11:55:20+00:00\" \/>\n<meta property=\"article:modified_time\" content=\"2025-12-10T11:55:21+00:00\" \/>\n<meta property=\"og:image\" content=\"https:\/\/lasentinelle.dz\/wp-content\/uploads\/2025\/12\/fiat.webp\" \/>\n\t<meta property=\"og:image:width\" content=\"900\" \/>\n\t<meta property=\"og:image:height\" content=\"675\" \/>\n\t<meta property=\"og:image:type\" content=\"image\/webp\" \/>\n<meta name=\"author\" content=\"admin\" \/>\n<meta name=\"twitter:card\" content=\"summary_large_image\" \/>\n<meta name=\"twitter:label1\" content=\"\u00c9crit par\" \/>\n\t<meta name=\"twitter:data1\" content=\"admin\" \/>\n\t<meta name=\"twitter:label2\" content=\"Dur\u00e9e de lecture estim\u00e9e\" \/>\n\t<meta name=\"twitter:data2\" content=\"3 minutes\" \/>\n<script type=\"application\/ld+json\" class=\"yoast-schema-graph\">{\"@context\":\"https:\\\/\\\/schema.org\",\"@graph\":[{\"@type\":\"Article\",\"@id\":\"https:\\\/\\\/lasentinelle.dz\\\/index.php\\\/2025\\\/12\\\/10\\\/des-plaquettes-de-frein-made-in-algeria-pour-les-vehicules-fiat\\\/#article\",\"isPartOf\":{\"@id\":\"https:\\\/\\\/lasentinelle.dz\\\/index.php\\\/2025\\\/12\\\/10\\\/des-plaquettes-de-frein-made-in-algeria-pour-les-vehicules-fiat\\\/\"},\"author\":{\"name\":\"admin\",\"@id\":\"https:\\\/\\\/lasentinelle.dz\\\/#\\\/schema\\\/person\\\/729ee0024f24e0b8c5ec17232f8e8b41\"},\"headline\":\"Des plaquettes de frein \u00ab\u00a0Made in Algeria\u00a0\u00bb pour les v\u00e9hicules Fiat\",\"datePublished\":\"2025-12-10T11:55:20+00:00\",\"dateModified\":\"2025-12-10T11:55:21+00:00\",\"mainEntityOfPage\":{\"@id\":\"https:\\\/\\\/lasentinelle.dz\\\/index.php\\\/2025\\\/12\\\/10\\\/des-plaquettes-de-frein-made-in-algeria-pour-les-vehicules-fiat\\\/\"},\"wordCount\":565,\"commentCount\":0,\"publisher\":{\"@id\":\"https:\\\/\\\/lasentinelle.dz\\\/#organization\"},\"image\":{\"@id\":\"https:\\\/\\\/lasentinelle.dz\\\/index.php\\\/2025\\\/12\\\/10\\\/des-plaquettes-de-frein-made-in-algeria-pour-les-vehicules-fiat\\\/#primaryimage\"},\"thumbnailUrl\":\"https:\\\/\\\/lasentinelle.dz\\\/wp-content\\\/uploads\\\/2025\\\/12\\\/fiat.webp\",\"articleSection\":[\"\u00c9conomie\"],\"inLanguage\":\"fr-FR\",\"potentialAction\":[{\"@type\":\"CommentAction\",\"name\":\"Comment\",\"target\":[\"https:\\\/\\\/lasentinelle.dz\\\/index.php\\\/2025\\\/12\\\/10\\\/des-plaquettes-de-frein-made-in-algeria-pour-les-vehicules-fiat\\\/#respond\"]}]},{\"@type\":\"WebPage\",\"@id\":\"https:\\\/\\\/lasentinelle.dz\\\/index.php\\\/2025\\\/12\\\/10\\\/des-plaquettes-de-frein-made-in-algeria-pour-les-vehicules-fiat\\\/\",\"url\":\"https:\\\/\\\/lasentinelle.dz\\\/index.php\\\/2025\\\/12\\\/10\\\/des-plaquettes-de-frein-made-in-algeria-pour-les-vehicules-fiat\\\/\",\"name\":\"Des plaquettes de frein \u00ab\u00a0Made in Algeria\u00a0\u00bb pour les v\u00e9hicules Fiat - La Sentinelle\",\"isPartOf\":{\"@id\":\"https:\\\/\\\/lasentinelle.dz\\\/#website\"},\"primaryImageOfPage\":{\"@id\":\"https:\\\/\\\/lasentinelle.dz\\\/index.php\\\/2025\\\/12\\\/10\\\/des-plaquettes-de-frein-made-in-algeria-pour-les-vehicules-fiat\\\/#primaryimage\"},\"image\":{\"@id\":\"https:\\\/\\\/lasentinelle.dz\\\/index.php\\\/2025\\\/12\\\/10\\\/des-plaquettes-de-frein-made-in-algeria-pour-les-vehicules-fiat\\\/#primaryimage\"},\"thumbnailUrl\":\"https:\\\/\\\/lasentinelle.dz\\\/wp-content\\\/uploads\\\/2025\\\/12\\\/fiat.webp\",\"datePublished\":\"2025-12-10T11:55:20+00:00\",\"dateModified\":\"2025-12-10T11:55:21+00:00\",\"breadcrumb\":{\"@id\":\"https:\\\/\\\/lasentinelle.dz\\\/index.php\\\/2025\\\/12\\\/10\\\/des-plaquettes-de-frein-made-in-algeria-pour-les-vehicules-fiat\\\/#breadcrumb\"},\"inLanguage\":\"fr-FR\",\"potentialAction\":[{\"@type\":\"ReadAction\",\"target\":[\"https:\\\/\\\/lasentinelle.dz\\\/index.php\\\/2025\\\/12\\\/10\\\/des-plaquettes-de-frein-made-in-algeria-pour-les-vehicules-fiat\\\/\"]}]},{\"@type\":\"ImageObject\",\"inLanguage\":\"fr-FR\",\"@id\":\"https:\\\/\\\/lasentinelle.dz\\\/index.php\\\/2025\\\/12\\\/10\\\/des-plaquettes-de-frein-made-in-algeria-pour-les-vehicules-fiat\\\/#primaryimage\",\"url\":\"https:\\\/\\\/lasentinelle.dz\\\/wp-content\\\/uploads\\\/2025\\\/12\\\/fiat.webp\",\"contentUrl\":\"https:\\\/\\\/lasentinelle.dz\\\/wp-content\\\/uploads\\\/2025\\\/12\\\/fiat.webp\",\"width\":900,\"height\":675},{\"@type\":\"BreadcrumbList\",\"@id\":\"https:\\\/\\\/lasentinelle.dz\\\/index.php\\\/2025\\\/12\\\/10\\\/des-plaquettes-de-frein-made-in-algeria-pour-les-vehicules-fiat\\\/#breadcrumb\",\"itemListElement\":[{\"@type\":\"ListItem\",\"position\":1,\"name\":\"Accueil\",\"item\":\"https:\\\/\\\/lasentinelle.dz\\\/\"},{\"@type\":\"ListItem\",\"position\":2,\"name\":\"Des plaquettes de frein \u00ab\u00a0Made in Algeria\u00a0\u00bb pour les v\u00e9hicules Fiat\"}]},{\"@type\":\"WebSite\",\"@id\":\"https:\\\/\\\/lasentinelle.dz\\\/#website\",\"url\":\"https:\\\/\\\/lasentinelle.dz\\\/\",\"name\":\"La Sentinelle\",\"description\":\"Quotidien national d&#039;information\",\"publisher\":{\"@id\":\"https:\\\/\\\/lasentinelle.dz\\\/#organization\"},\"potentialAction\":[{\"@type\":\"SearchAction\",\"target\":{\"@type\":\"EntryPoint\",\"urlTemplate\":\"https:\\\/\\\/lasentinelle.dz\\\/?s={search_term_string}\"},\"query-input\":{\"@type\":\"PropertyValueSpecification\",\"valueRequired\":true,\"valueName\":\"search_term_string\"}}],\"inLanguage\":\"fr-FR\"},{\"@type\":\"Organization\",\"@id\":\"https:\\\/\\\/lasentinelle.dz\\\/#organization\",\"name\":\"Quotidien La Sentinelle\",\"url\":\"https:\\\/\\\/lasentinelle.dz\\\/\",\"logo\":{\"@type\":\"ImageObject\",\"inLanguage\":\"fr-FR\",\"@id\":\"https:\\\/\\\/lasentinelle.dz\\\/#\\\/schema\\\/logo\\\/image\\\/\",\"url\":\"https:\\\/\\\/lasentinelle.dz\\\/wp-content\\\/uploads\\\/2021\\\/09\\\/logo-sentinelleSLOGAN-1.png\",\"contentUrl\":\"https:\\\/\\\/lasentinelle.dz\\\/wp-content\\\/uploads\\\/2021\\\/09\\\/logo-sentinelleSLOGAN-1.png\",\"width\":615,\"height\":142,\"caption\":\"Quotidien La Sentinelle\"},\"image\":{\"@id\":\"https:\\\/\\\/lasentinelle.dz\\\/#\\\/schema\\\/logo\\\/image\\\/\"},\"sameAs\":[\"https:\\\/\\\/www.facebook.com\\\/La-Sentinelle-104059864394773\"]},{\"@type\":\"Person\",\"@id\":\"https:\\\/\\\/lasentinelle.dz\\\/#\\\/schema\\\/person\\\/729ee0024f24e0b8c5ec17232f8e8b41\",\"name\":\"admin\",\"image\":{\"@type\":\"ImageObject\",\"inLanguage\":\"fr-FR\",\"@id\":\"https:\\\/\\\/secure.gravatar.com\\\/avatar\\\/4c81fed838786e9b53f540bf46533e750f5d292099ae3b66cfc6fb1982e29df7?s=96&d=mm&r=g\",\"url\":\"https:\\\/\\\/secure.gravatar.com\\\/avatar\\\/4c81fed838786e9b53f540bf46533e750f5d292099ae3b66cfc6fb1982e29df7?s=96&d=mm&r=g\",\"contentUrl\":\"https:\\\/\\\/secure.gravatar.com\\\/avatar\\\/4c81fed838786e9b53f540bf46533e750f5d292099ae3b66cfc6fb1982e29df7?s=96&d=mm&r=g\",\"caption\":\"admin\"},\"description\":\"admin\",\"url\":\"https:\\\/\\\/lasentinelle.dz\\\/author\\\/admin\\\/\"}]}<\/script>\n<!-- \/ Yoast SEO plugin. -->","yoast_head_json":{"title":"Des plaquettes de frein \u00ab\u00a0Made in Algeria\u00a0\u00bb pour les v\u00e9hicules Fiat - La Sentinelle","robots":{"index":"index","follow":"follow","max-snippet":"max-snippet:-1","max-image-preview":"max-image-preview:large","max-video-preview":"max-video-preview:-1"},"canonical":"https:\/\/lasentinelle.dz\/index.php\/2025\/12\/10\/des-plaquettes-de-frein-made-in-algeria-pour-les-vehicules-fiat\/","og_locale":"fr_FR","og_type":"article","og_title":"Des plaquettes de frein \u00ab\u00a0Made in Algeria\u00a0\u00bb pour les v\u00e9hicules Fiat - La Sentinelle","og_description":"La filiale alg\u00e9rienne de Stellantis franchit une nouvelle \u00e9tape dans sa strat\u00e9gie d&rsquo;int\u00e9gration industrielle en signant mardi un accord avec","og_url":"https:\/\/lasentinelle.dz\/index.php\/2025\/12\/10\/des-plaquettes-de-frein-made-in-algeria-pour-les-vehicules-fiat\/","og_site_name":"La Sentinelle","article_publisher":"https:\/\/www.facebook.com\/La-Sentinelle-104059864394773","article_published_time":"2025-12-10T11:55:20+00:00","article_modified_time":"2025-12-10T11:55:21+00:00","og_image":[{"width":900,"height":675,"url":"https:\/\/lasentinelle.dz\/wp-content\/uploads\/2025\/12\/fiat.webp","type":"image\/webp"}],"author":"admin","twitter_card":"summary_large_image","twitter_misc":{"\u00c9crit par":"admin","Dur\u00e9e de lecture estim\u00e9e":"3 minutes"},"schema":{"@context":"https:\/\/schema.org","@graph":[{"@type":"Article","@id":"https:\/\/lasentinelle.dz\/index.php\/2025\/12\/10\/des-plaquettes-de-frein-made-in-algeria-pour-les-vehicules-fiat\/#article","isPartOf":{"@id":"https:\/\/lasentinelle.dz\/index.php\/2025\/12\/10\/des-plaquettes-de-frein-made-in-algeria-pour-les-vehicules-fiat\/"},"author":{"name":"admin","@id":"https:\/\/lasentinelle.dz\/#\/schema\/person\/729ee0024f24e0b8c5ec17232f8e8b41"},"headline":"Des plaquettes de frein \u00ab\u00a0Made in Algeria\u00a0\u00bb pour les v\u00e9hicules Fiat","datePublished":"2025-12-10T11:55:20+00:00","dateModified":"2025-12-10T11:55:21+00:00","mainEntityOfPage":{"@id":"https:\/\/lasentinelle.dz\/index.php\/2025\/12\/10\/des-plaquettes-de-frein-made-in-algeria-pour-les-vehicules-fiat\/"},"wordCount":565,"commentCount":0,"publisher":{"@id":"https:\/\/lasentinelle.dz\/#organization"},"image":{"@id":"https:\/\/lasentinelle.dz\/index.php\/2025\/12\/10\/des-plaquettes-de-frein-made-in-algeria-pour-les-vehicules-fiat\/#primaryimage"},"thumbnailUrl":"https:\/\/lasentinelle.dz\/wp-content\/uploads\/2025\/12\/fiat.webp","articleSection":["\u00c9conomie"],"inLanguage":"fr-FR","potentialAction":[{"@type":"CommentAction","name":"Comment","target":["https:\/\/lasentinelle.dz\/index.php\/2025\/12\/10\/des-plaquettes-de-frein-made-in-algeria-pour-les-vehicules-fiat\/#respond"]}]},{"@type":"WebPage","@id":"https:\/\/lasentinelle.dz\/index.php\/2025\/12\/10\/des-plaquettes-de-frein-made-in-algeria-pour-les-vehicules-fiat\/","url":"https:\/\/lasentinelle.dz\/index.php\/2025\/12\/10\/des-plaquettes-de-frein-made-in-algeria-pour-les-vehicules-fiat\/","name":"Des plaquettes de frein \u00ab\u00a0Made in Algeria\u00a0\u00bb pour les v\u00e9hicules Fiat - La Sentinelle","isPartOf":{"@id":"https:\/\/lasentinelle.dz\/#website"},"primaryImageOfPage":{"@id":"https:\/\/lasentinelle.dz\/index.php\/2025\/12\/10\/des-plaquettes-de-frein-made-in-algeria-pour-les-vehicules-fiat\/#primaryimage"},"image":{"@id":"https:\/\/lasentinelle.dz\/index.php\/2025\/12\/10\/des-plaquettes-de-frein-made-in-algeria-pour-les-vehicules-fiat\/#primaryimage"},"thumbnailUrl":"https:\/\/lasentinelle.dz\/wp-content\/uploads\/2025\/12\/fiat.webp","datePublished":"2025-12-10T11:55:20+00:00","dateModified":"2025-12-10T11:55:21+00:00","breadcrumb":{"@id":"https:\/\/lasentinelle.dz\/index.php\/2025\/12\/10\/des-plaquettes-de-frein-made-in-algeria-pour-les-vehicules-fiat\/#breadcrumb"},"inLanguage":"fr-FR","potentialAction":[{"@type":"ReadAction","target":["https:\/\/lasentinelle.dz\/index.php\/2025\/12\/10\/des-plaquettes-de-frein-made-in-algeria-pour-les-vehicules-fiat\/"]}]},{"@type":"ImageObject","inLanguage":"fr-FR","@id":"https:\/\/lasentinelle.dz\/index.php\/2025\/12\/10\/des-plaquettes-de-frein-made-in-algeria-pour-les-vehicules-fiat\/#primaryimage","url":"https:\/\/lasentinelle.dz\/wp-content\/uploads\/2025\/12\/fiat.webp","contentUrl":"https:\/\/lasentinelle.dz\/wp-content\/uploads\/2025\/12\/fiat.webp","width":900,"height":675},{"@type":"BreadcrumbList","@id":"https:\/\/lasentinelle.dz\/index.php\/2025\/12\/10\/des-plaquettes-de-frein-made-in-algeria-pour-les-vehicules-fiat\/#breadcrumb","itemListElement":[{"@type":"ListItem","position":1,"name":"Accueil","item":"https:\/\/lasentinelle.dz\/"},{"@type":"ListItem","position":2,"name":"Des plaquettes de frein \u00ab\u00a0Made in Algeria\u00a0\u00bb pour les v\u00e9hicules Fiat"}]},{"@type":"WebSite","@id":"https:\/\/lasentinelle.dz\/#website","url":"https:\/\/lasentinelle.dz\/","name":"La Sentinelle","description":"Quotidien national d&#039;information","publisher":{"@id":"https:\/\/lasentinelle.dz\/#organization"},"potentialAction":[{"@type":"SearchAction","target":{"@type":"EntryPoint","urlTemplate":"https:\/\/lasentinelle.dz\/?s={search_term_string}"},"query-input":{"@type":"PropertyValueSpecification","valueRequired":true,"valueName":"search_term_string"}}],"inLanguage":"fr-FR"},{"@type":"Organization","@id":"https:\/\/lasentinelle.dz\/#organization","name":"Quotidien La Sentinelle","url":"https:\/\/lasentinelle.dz\/","logo":{"@type":"ImageObject","inLanguage":"fr-FR","@id":"https:\/\/lasentinelle.dz\/#\/schema\/logo\/image\/","url":"https:\/\/lasentinelle.dz\/wp-content\/uploads\/2021\/09\/logo-sentinelleSLOGAN-1.png","contentUrl":"https:\/\/lasentinelle.dz\/wp-content\/uploads\/2021\/09\/logo-sentinelleSLOGAN-1.png","width":615,"height":142,"caption":"Quotidien La Sentinelle"},"image":{"@id":"https:\/\/lasentinelle.dz\/#\/schema\/logo\/image\/"},"sameAs":["https:\/\/www.facebook.com\/La-Sentinelle-104059864394773"]},{"@type":"Person","@id":"https:\/\/lasentinelle.dz\/#\/schema\/person\/729ee0024f24e0b8c5ec17232f8e8b41","name":"admin","image":{"@type":"ImageObject","inLanguage":"fr-FR","@id":"https:\/\/secure.gravatar.com\/avatar\/4c81fed838786e9b53f540bf46533e750f5d292099ae3b66cfc6fb1982e29df7?s=96&d=mm&r=g","url":"https:\/\/secure.gravatar.com\/avatar\/4c81fed838786e9b53f540bf46533e750f5d292099ae3b66cfc6fb1982e29df7?s=96&d=mm&r=g","contentUrl":"https:\/\/secure.gravatar.com\/avatar\/4c81fed838786e9b53f540bf46533e750f5d292099ae3b66cfc6fb1982e29df7?s=96&d=mm&r=g","caption":"admin"},"description":"admin","url":"https:\/\/lasentinelle.dz\/author\/admin\/"}]}},"_links":{"self":[{"href":"https:\/\/lasentinelle.dz\/index.php\/wp-json\/wp\/v2\/posts\/77566","targetHints":{"allow":["GET"]}}],"collection":[{"href":"https:\/\/lasentinelle.dz\/index.php\/wp-json\/wp\/v2\/posts"}],"about":[{"href":"https:\/\/lasentinelle.dz\/index.php\/wp-json\/wp\/v2\/types\/post"}],"author":[{"embeddable":true,"href":"https:\/\/lasentinelle.dz\/index.php\/wp-json\/wp\/v2\/users\/6"}],"replies":[{"embeddable":true,"href":"https:\/\/lasentinelle.dz\/index.php\/wp-json\/wp\/v2\/comments?post=77566"}],"version-history":[{"count":1,"href":"https:\/\/lasentinelle.dz\/index.php\/wp-json\/wp\/v2\/posts\/77566\/revisions"}],"predecessor-version":[{"id":77568,"href":"https:\/\/lasentinelle.dz\/index.php\/wp-json\/wp\/v2\/posts\/77566\/revisions\/77568"}],"wp:featuredmedia":[{"embeddable":true,"href":"https:\/\/lasentinelle.dz\/index.php\/wp-json\/wp\/v2\/media\/77567"}],"wp:attachment":[{"href":"https:\/\/lasentinelle.dz\/index.php\/wp-json\/wp\/v2\/media?parent=77566"}],"wp:term":[{"taxonomy":"category","embeddable":true,"href":"https:\/\/lasentinelle.dz\/index.php\/wp-json\/wp\/v2\/categories?post=77566"},{"taxonomy":"post_tag","embeddable":true,"href":"https:\/\/lasentinelle.dz\/index.php\/wp-json\/wp\/v2\/tags?post=77566"}],"curies":[{"name":"wp","href":"https:\/\/api.w.org\/{rel}","templated":true}]}}