{"id":77569,"date":"2025-12-10T12:56:09","date_gmt":"2025-12-10T11:56:09","guid":{"rendered":"https:\/\/lasentinelle.dz\/?p=77569"},"modified":"2025-12-10T12:56:10","modified_gmt":"2025-12-10T11:56:10","slug":"exploitation-de-la-mine-de-gara-djebilet-sonarem-et-tosyali-scellent-un-partenariat-strategique","status":"publish","type":"post","link":"https:\/\/lasentinelle.dz\/index.php\/2025\/12\/10\/exploitation-de-la-mine-de-gara-djebilet-sonarem-et-tosyali-scellent-un-partenariat-strategique\/","title":{"rendered":"Exploitation de la mine de Gara Djebilet\u00a0: Sonarem et Tosyali scellent un partenariat strat\u00e9gique\u00a0"},"content":{"rendered":"\n<p>Le groupe public Sonarem et le sid\u00e9rurgiste turc Tosyali Alg\u00e9rie ont franchi lundi une \u00e9tape d\u00e9cisive dans la concr\u00e9tisation de leur partenariat pour le d\u00e9veloppement de la mine de Gara Djebilet, avec la tenue prochaine de l&rsquo;Assembl\u00e9e g\u00e9n\u00e9rale constitutive d&rsquo;une soci\u00e9t\u00e9 mixte qui produira 4 millions de tonnes de concentr\u00e9 de fer par an \u00e0 partir de 2026.<\/p>\n\n\n\n<p>Le PDG du groupe Sonarem, Reda Belhadj, a re\u00e7u lundi \u00e0 Alger le vice-pr\u00e9sident de Tosyali Alg\u00e9rie, Alp Topcuoglu, pour officialiser ce partenariat strat\u00e9gique majeur entre le groupe public alg\u00e9rien, \u00e0 travers sa filiale FERAAL (Soci\u00e9t\u00e9 nationale du fer et de l&rsquo;acier), et le g\u00e9ant turc de la sid\u00e9rurgie. Cette rencontre, qui a rassembl\u00e9 des cadres des deux parties, s&rsquo;inscrit dans le cadre de la cr\u00e9ation d&rsquo;une soci\u00e9t\u00e9 mixte sp\u00e9cialis\u00e9e dans le traitement du minerai de fer de la mine de Gara Djebilet, situ\u00e9e dans la wilaya de Tindouf. Selon le communiqu\u00e9 du groupe Sonarem, les deux parties ont r\u00e9affirm\u00e9 leur engagement en faveur d&rsquo;une vision commune traduisant \u00ab la confiance mutuelle et les aspirations d&rsquo;avenir, faisant de la mine de Gara Djebilet un p\u00f4le minier et industriel strat\u00e9gique aux niveaux r\u00e9gional et international \u00bb. La rencontre a constitu\u00e9 \u00ab une \u00e9tape importante pour r\u00e9it\u00e9rer la solidit\u00e9 des relations de coop\u00e9ration et de partenariat, ainsi que la volont\u00e9 commune de hisser la coop\u00e9ration bilat\u00e9rale \u00e0 des niveaux strat\u00e9giques avanc\u00e9s, notamment dans les domaines des mines et des industries manufacturi\u00e8res \u00bb. L&rsquo;Assembl\u00e9e g\u00e9n\u00e9rale constitutive de cette soci\u00e9t\u00e9 mixte, dont la tenue a \u00e9t\u00e9 annonc\u00e9e, vise \u00e0 mettre en place une structure capable de produire du concentr\u00e9 de fer avec une capacit\u00e9 de production initiale de 4 millions de tonnes par an, en utilisant les technologies les plus modernes de traitement du phosphore. Ce projet repr\u00e9sente, selon le communiqu\u00e9, \u00ab la pierre angulaire de la strat\u00e9gie nationale de valorisation des ressources mini\u00e8res, de consolidation de la souverainet\u00e9 industrielle, du renforcement de l&rsquo;int\u00e9gration industrielle et du transfert de technologie, outre la cr\u00e9ation d&rsquo;une r\u00e9elle valeur ajout\u00e9e ainsi que le soutien de l&rsquo;\u00e9conomie nationale \u00e0 travers des partenariats fond\u00e9s sur l&rsquo;efficacit\u00e9 et la durabilit\u00e9 \u00bb.<\/p>\n\n\n\n<p>Cette initiative s&rsquo;inscrit directement dans les orientations fix\u00e9es par le pr\u00e9sident de la R\u00e9publique, Abdelmadjid Tebboune, qui a ordonn\u00e9 lors du Conseil des ministres du 16 novembre dernier le lancement de l&rsquo;exploitation du minerai de fer extrait de la mine de Gara Djebilet \u00e0 partir du premier trimestre de 2026. Le chef de l&rsquo;\u00c9tat a soulign\u00e9 que cet \u00e9v\u00e9nement, qualifi\u00e9 de premier du genre dans l&rsquo;histoire de l&rsquo;Alg\u00e9rie ind\u00e9pendante, incarnera la nouvelle orientation alg\u00e9rienne consacrant le principe de souverainet\u00e9 \u00e9conomique et la diversification des ressources hors hydrocarbures. Le pr\u00e9sident Tebboune a \u00e9galement ordonn\u00e9 que la premi\u00e8re cargaison du minerai de fer soit achemin\u00e9e, via la nouvelle ligne ferroviaire Tindouf-B\u00e9char, vers le complexe sid\u00e9rurgique Tosyali d&rsquo;Oran \u00e0 partir de 2026. Cette d\u00e9cision strat\u00e9gique permettra \u00e0 l&rsquo;Alg\u00e9rie de franchir une premi\u00e8re \u00e9tape vers la r\u00e9duction de sa facture d&rsquo;importation du minerai de fer et la r\u00e9alisation progressive de l&rsquo;autosuffisance dans ce domaine consid\u00e9r\u00e9 comme vital pour l&rsquo;industrie nationale.<\/p>\n\n\n\n<p>Le Conseil des ministres a par ailleurs approuv\u00e9 la cr\u00e9ation de nouvelles usines de traitement du minerai de fer \u00e0 Tindouf, B\u00e9char et Na\u00e2ma, renfor\u00e7ant ainsi le dispositif industriel national autour de cette ressource majeure. Ce projet d&rsquo;envergure s&rsquo;appuie sur les r\u00e9serves colossales de Gara Djebilet, estim\u00e9es \u00e0 plusieurs milliards de tonnes, et marque un tournant dans l&rsquo;exploitation des richesses mini\u00e8res du pays.&nbsp;<\/p>\n\n\n\n<p><strong>Samira Ghrib<\/strong><\/p>\n","protected":false},"excerpt":{"rendered":"<p>Le groupe public Sonarem et le sid\u00e9rurgiste turc Tosyali Alg\u00e9rie ont franchi lundi une \u00e9tape d\u00e9cisive dans la concr\u00e9tisation de<\/p>\n","protected":false},"author":6,"featured_media":77570,"comment_status":"open","ping_status":"closed","sticky":false,"template":"","format":"standard","meta":{"colormag_page_container_layout":"default_layout","colormag_page_sidebar_layout":"default_layout","om_disable_all_campaigns":false,"_monsterinsights_skip_tracking":false,"_monsterinsights_sitenote_active":false,"_monsterinsights_sitenote_note":"","_monsterinsights_sitenote_category":0,"footnotes":"","_wpscppro_dont_share_socialmedia":false,"_wpscppro_custom_social_share_image":0,"_facebook_share_type":"default","_twitter_share_type":"default","_linkedin_share_type":"default","_pinterest_share_type":"default","_linkedin_share_type_page":"","_instagram_share_type":"default","_medium_share_type":"default","_threads_share_type":"default","_google_business_share_type":"default","_selected_social_profile":[],"_wpsp_enable_custom_social_template":false,"_wpsp_social_scheduling":{"enabled":false,"datetime":null,"platforms":[],"status":"template_only","dateOption":"today","timeOption":"now","customDays":"","customHours":"","customDate":"","customTime":"","schedulingType":"absolute"},"_wpsp_active_default_template":true},"categories":[29],"tags":[],"class_list":["post-77569","post","type-post","status-publish","format-standard","has-post-thumbnail","hentry","category-economie"],"aioseo_notices":[],"yoast_head":"<!-- This site is optimized with the Yoast SEO plugin v27.5 - https:\/\/yoast.com\/product\/yoast-seo-wordpress\/ -->\n<title>Exploitation de la mine de Gara Djebilet\u00a0: Sonarem et Tosyali scellent un partenariat strat\u00e9gique\u00a0 - La Sentinelle<\/title>\n<meta name=\"robots\" content=\"index, follow, max-snippet:-1, max-image-preview:large, max-video-preview:-1\" \/>\n<link rel=\"canonical\" href=\"https:\/\/lasentinelle.dz\/index.php\/2025\/12\/10\/exploitation-de-la-mine-de-gara-djebilet-sonarem-et-tosyali-scellent-un-partenariat-strategique\/\" \/>\n<meta property=\"og:locale\" content=\"fr_FR\" \/>\n<meta property=\"og:type\" content=\"article\" \/>\n<meta property=\"og:title\" content=\"Exploitation de la mine de Gara Djebilet\u00a0: Sonarem et Tosyali scellent un partenariat strat\u00e9gique\u00a0 - La Sentinelle\" \/>\n<meta property=\"og:description\" content=\"Le groupe public Sonarem et le sid\u00e9rurgiste turc Tosyali Alg\u00e9rie ont franchi lundi une \u00e9tape d\u00e9cisive dans la concr\u00e9tisation de\" \/>\n<meta property=\"og:url\" content=\"https:\/\/lasentinelle.dz\/index.php\/2025\/12\/10\/exploitation-de-la-mine-de-gara-djebilet-sonarem-et-tosyali-scellent-un-partenariat-strategique\/\" \/>\n<meta property=\"og:site_name\" content=\"La Sentinelle\" \/>\n<meta property=\"article:publisher\" content=\"https:\/\/www.facebook.com\/La-Sentinelle-104059864394773\" \/>\n<meta property=\"article:published_time\" content=\"2025-12-10T11:56:09+00:00\" \/>\n<meta property=\"article:modified_time\" content=\"2025-12-10T11:56:10+00:00\" \/>\n<meta property=\"og:image\" content=\"https:\/\/lasentinelle.dz\/wp-content\/uploads\/2025\/12\/Sonarem.jpg\" \/>\n\t<meta property=\"og:image:width\" content=\"2048\" \/>\n\t<meta property=\"og:image:height\" content=\"1536\" \/>\n\t<meta property=\"og:image:type\" content=\"image\/jpeg\" \/>\n<meta name=\"author\" content=\"admin\" \/>\n<meta name=\"twitter:card\" content=\"summary_large_image\" \/>\n<meta name=\"twitter:label1\" content=\"\u00c9crit par\" \/>\n\t<meta name=\"twitter:data1\" content=\"admin\" \/>\n\t<meta name=\"twitter:label2\" content=\"Dur\u00e9e de lecture estim\u00e9e\" \/>\n\t<meta name=\"twitter:data2\" content=\"4 minutes\" \/>\n<script type=\"application\/ld+json\" class=\"yoast-schema-graph\">{\"@context\":\"https:\\\/\\\/schema.org\",\"@graph\":[{\"@type\":\"Article\",\"@id\":\"https:\\\/\\\/lasentinelle.dz\\\/index.php\\\/2025\\\/12\\\/10\\\/exploitation-de-la-mine-de-gara-djebilet-sonarem-et-tosyali-scellent-un-partenariat-strategique\\\/#article\",\"isPartOf\":{\"@id\":\"https:\\\/\\\/lasentinelle.dz\\\/index.php\\\/2025\\\/12\\\/10\\\/exploitation-de-la-mine-de-gara-djebilet-sonarem-et-tosyali-scellent-un-partenariat-strategique\\\/\"},\"author\":{\"name\":\"admin\",\"@id\":\"https:\\\/\\\/lasentinelle.dz\\\/#\\\/schema\\\/person\\\/729ee0024f24e0b8c5ec17232f8e8b41\"},\"headline\":\"Exploitation de la mine de Gara Djebilet\u00a0: Sonarem et Tosyali scellent un partenariat strat\u00e9gique\u00a0\",\"datePublished\":\"2025-12-10T11:56:09+00:00\",\"dateModified\":\"2025-12-10T11:56:10+00:00\",\"mainEntityOfPage\":{\"@id\":\"https:\\\/\\\/lasentinelle.dz\\\/index.php\\\/2025\\\/12\\\/10\\\/exploitation-de-la-mine-de-gara-djebilet-sonarem-et-tosyali-scellent-un-partenariat-strategique\\\/\"},\"wordCount\":661,\"commentCount\":0,\"publisher\":{\"@id\":\"https:\\\/\\\/lasentinelle.dz\\\/#organization\"},\"image\":{\"@id\":\"https:\\\/\\\/lasentinelle.dz\\\/index.php\\\/2025\\\/12\\\/10\\\/exploitation-de-la-mine-de-gara-djebilet-sonarem-et-tosyali-scellent-un-partenariat-strategique\\\/#primaryimage\"},\"thumbnailUrl\":\"https:\\\/\\\/lasentinelle.dz\\\/wp-content\\\/uploads\\\/2025\\\/12\\\/Sonarem.jpg\",\"articleSection\":[\"\u00c9conomie\"],\"inLanguage\":\"fr-FR\",\"potentialAction\":[{\"@type\":\"CommentAction\",\"name\":\"Comment\",\"target\":[\"https:\\\/\\\/lasentinelle.dz\\\/index.php\\\/2025\\\/12\\\/10\\\/exploitation-de-la-mine-de-gara-djebilet-sonarem-et-tosyali-scellent-un-partenariat-strategique\\\/#respond\"]}]},{\"@type\":\"WebPage\",\"@id\":\"https:\\\/\\\/lasentinelle.dz\\\/index.php\\\/2025\\\/12\\\/10\\\/exploitation-de-la-mine-de-gara-djebilet-sonarem-et-tosyali-scellent-un-partenariat-strategique\\\/\",\"url\":\"https:\\\/\\\/lasentinelle.dz\\\/index.php\\\/2025\\\/12\\\/10\\\/exploitation-de-la-mine-de-gara-djebilet-sonarem-et-tosyali-scellent-un-partenariat-strategique\\\/\",\"name\":\"Exploitation de la mine de Gara Djebilet\u00a0: Sonarem et Tosyali scellent un partenariat strat\u00e9gique\u00a0 - La Sentinelle\",\"isPartOf\":{\"@id\":\"https:\\\/\\\/lasentinelle.dz\\\/#website\"},\"primaryImageOfPage\":{\"@id\":\"https:\\\/\\\/lasentinelle.dz\\\/index.php\\\/2025\\\/12\\\/10\\\/exploitation-de-la-mine-de-gara-djebilet-sonarem-et-tosyali-scellent-un-partenariat-strategique\\\/#primaryimage\"},\"image\":{\"@id\":\"https:\\\/\\\/lasentinelle.dz\\\/index.php\\\/2025\\\/12\\\/10\\\/exploitation-de-la-mine-de-gara-djebilet-sonarem-et-tosyali-scellent-un-partenariat-strategique\\\/#primaryimage\"},\"thumbnailUrl\":\"https:\\\/\\\/lasentinelle.dz\\\/wp-content\\\/uploads\\\/2025\\\/12\\\/Sonarem.jpg\",\"datePublished\":\"2025-12-10T11:56:09+00:00\",\"dateModified\":\"2025-12-10T11:56:10+00:00\",\"breadcrumb\":{\"@id\":\"https:\\\/\\\/lasentinelle.dz\\\/index.php\\\/2025\\\/12\\\/10\\\/exploitation-de-la-mine-de-gara-djebilet-sonarem-et-tosyali-scellent-un-partenariat-strategique\\\/#breadcrumb\"},\"inLanguage\":\"fr-FR\",\"potentialAction\":[{\"@type\":\"ReadAction\",\"target\":[\"https:\\\/\\\/lasentinelle.dz\\\/index.php\\\/2025\\\/12\\\/10\\\/exploitation-de-la-mine-de-gara-djebilet-sonarem-et-tosyali-scellent-un-partenariat-strategique\\\/\"]}]},{\"@type\":\"ImageObject\",\"inLanguage\":\"fr-FR\",\"@id\":\"https:\\\/\\\/lasentinelle.dz\\\/index.php\\\/2025\\\/12\\\/10\\\/exploitation-de-la-mine-de-gara-djebilet-sonarem-et-tosyali-scellent-un-partenariat-strategique\\\/#primaryimage\",\"url\":\"https:\\\/\\\/lasentinelle.dz\\\/wp-content\\\/uploads\\\/2025\\\/12\\\/Sonarem.jpg\",\"contentUrl\":\"https:\\\/\\\/lasentinelle.dz\\\/wp-content\\\/uploads\\\/2025\\\/12\\\/Sonarem.jpg\",\"width\":2048,\"height\":1536},{\"@type\":\"BreadcrumbList\",\"@id\":\"https:\\\/\\\/lasentinelle.dz\\\/index.php\\\/2025\\\/12\\\/10\\\/exploitation-de-la-mine-de-gara-djebilet-sonarem-et-tosyali-scellent-un-partenariat-strategique\\\/#breadcrumb\",\"itemListElement\":[{\"@type\":\"ListItem\",\"position\":1,\"name\":\"Accueil\",\"item\":\"https:\\\/\\\/lasentinelle.dz\\\/\"},{\"@type\":\"ListItem\",\"position\":2,\"name\":\"Exploitation de la mine de Gara Djebilet\u00a0: Sonarem et Tosyali scellent un partenariat strat\u00e9gique\u00a0\"}]},{\"@type\":\"WebSite\",\"@id\":\"https:\\\/\\\/lasentinelle.dz\\\/#website\",\"url\":\"https:\\\/\\\/lasentinelle.dz\\\/\",\"name\":\"La Sentinelle\",\"description\":\"Quotidien national d&#039;information\",\"publisher\":{\"@id\":\"https:\\\/\\\/lasentinelle.dz\\\/#organization\"},\"potentialAction\":[{\"@type\":\"SearchAction\",\"target\":{\"@type\":\"EntryPoint\",\"urlTemplate\":\"https:\\\/\\\/lasentinelle.dz\\\/?s={search_term_string}\"},\"query-input\":{\"@type\":\"PropertyValueSpecification\",\"valueRequired\":true,\"valueName\":\"search_term_string\"}}],\"inLanguage\":\"fr-FR\"},{\"@type\":\"Organization\",\"@id\":\"https:\\\/\\\/lasentinelle.dz\\\/#organization\",\"name\":\"Quotidien La Sentinelle\",\"url\":\"https:\\\/\\\/lasentinelle.dz\\\/\",\"logo\":{\"@type\":\"ImageObject\",\"inLanguage\":\"fr-FR\",\"@id\":\"https:\\\/\\\/lasentinelle.dz\\\/#\\\/schema\\\/logo\\\/image\\\/\",\"url\":\"https:\\\/\\\/lasentinelle.dz\\\/wp-content\\\/uploads\\\/2021\\\/09\\\/logo-sentinelleSLOGAN-1.png\",\"contentUrl\":\"https:\\\/\\\/lasentinelle.dz\\\/wp-content\\\/uploads\\\/2021\\\/09\\\/logo-sentinelleSLOGAN-1.png\",\"width\":615,\"height\":142,\"caption\":\"Quotidien La Sentinelle\"},\"image\":{\"@id\":\"https:\\\/\\\/lasentinelle.dz\\\/#\\\/schema\\\/logo\\\/image\\\/\"},\"sameAs\":[\"https:\\\/\\\/www.facebook.com\\\/La-Sentinelle-104059864394773\"]},{\"@type\":\"Person\",\"@id\":\"https:\\\/\\\/lasentinelle.dz\\\/#\\\/schema\\\/person\\\/729ee0024f24e0b8c5ec17232f8e8b41\",\"name\":\"admin\",\"image\":{\"@type\":\"ImageObject\",\"inLanguage\":\"fr-FR\",\"@id\":\"https:\\\/\\\/secure.gravatar.com\\\/avatar\\\/4c81fed838786e9b53f540bf46533e750f5d292099ae3b66cfc6fb1982e29df7?s=96&d=mm&r=g\",\"url\":\"https:\\\/\\\/secure.gravatar.com\\\/avatar\\\/4c81fed838786e9b53f540bf46533e750f5d292099ae3b66cfc6fb1982e29df7?s=96&d=mm&r=g\",\"contentUrl\":\"https:\\\/\\\/secure.gravatar.com\\\/avatar\\\/4c81fed838786e9b53f540bf46533e750f5d292099ae3b66cfc6fb1982e29df7?s=96&d=mm&r=g\",\"caption\":\"admin\"},\"description\":\"admin\",\"url\":\"https:\\\/\\\/lasentinelle.dz\\\/author\\\/admin\\\/\"}]}<\/script>\n<!-- \/ Yoast SEO plugin. -->","yoast_head_json":{"title":"Exploitation de la mine de Gara Djebilet\u00a0: Sonarem et Tosyali scellent un partenariat strat\u00e9gique\u00a0 - La Sentinelle","robots":{"index":"index","follow":"follow","max-snippet":"max-snippet:-1","max-image-preview":"max-image-preview:large","max-video-preview":"max-video-preview:-1"},"canonical":"https:\/\/lasentinelle.dz\/index.php\/2025\/12\/10\/exploitation-de-la-mine-de-gara-djebilet-sonarem-et-tosyali-scellent-un-partenariat-strategique\/","og_locale":"fr_FR","og_type":"article","og_title":"Exploitation de la mine de Gara Djebilet\u00a0: Sonarem et Tosyali scellent un partenariat strat\u00e9gique\u00a0 - La Sentinelle","og_description":"Le groupe public Sonarem et le sid\u00e9rurgiste turc Tosyali Alg\u00e9rie ont franchi lundi une \u00e9tape d\u00e9cisive dans la concr\u00e9tisation de","og_url":"https:\/\/lasentinelle.dz\/index.php\/2025\/12\/10\/exploitation-de-la-mine-de-gara-djebilet-sonarem-et-tosyali-scellent-un-partenariat-strategique\/","og_site_name":"La Sentinelle","article_publisher":"https:\/\/www.facebook.com\/La-Sentinelle-104059864394773","article_published_time":"2025-12-10T11:56:09+00:00","article_modified_time":"2025-12-10T11:56:10+00:00","og_image":[{"width":2048,"height":1536,"url":"https:\/\/lasentinelle.dz\/wp-content\/uploads\/2025\/12\/Sonarem.jpg","type":"image\/jpeg"}],"author":"admin","twitter_card":"summary_large_image","twitter_misc":{"\u00c9crit par":"admin","Dur\u00e9e de lecture estim\u00e9e":"4 minutes"},"schema":{"@context":"https:\/\/schema.org","@graph":[{"@type":"Article","@id":"https:\/\/lasentinelle.dz\/index.php\/2025\/12\/10\/exploitation-de-la-mine-de-gara-djebilet-sonarem-et-tosyali-scellent-un-partenariat-strategique\/#article","isPartOf":{"@id":"https:\/\/lasentinelle.dz\/index.php\/2025\/12\/10\/exploitation-de-la-mine-de-gara-djebilet-sonarem-et-tosyali-scellent-un-partenariat-strategique\/"},"author":{"name":"admin","@id":"https:\/\/lasentinelle.dz\/#\/schema\/person\/729ee0024f24e0b8c5ec17232f8e8b41"},"headline":"Exploitation de la mine de Gara Djebilet\u00a0: Sonarem et Tosyali scellent un partenariat strat\u00e9gique\u00a0","datePublished":"2025-12-10T11:56:09+00:00","dateModified":"2025-12-10T11:56:10+00:00","mainEntityOfPage":{"@id":"https:\/\/lasentinelle.dz\/index.php\/2025\/12\/10\/exploitation-de-la-mine-de-gara-djebilet-sonarem-et-tosyali-scellent-un-partenariat-strategique\/"},"wordCount":661,"commentCount":0,"publisher":{"@id":"https:\/\/lasentinelle.dz\/#organization"},"image":{"@id":"https:\/\/lasentinelle.dz\/index.php\/2025\/12\/10\/exploitation-de-la-mine-de-gara-djebilet-sonarem-et-tosyali-scellent-un-partenariat-strategique\/#primaryimage"},"thumbnailUrl":"https:\/\/lasentinelle.dz\/wp-content\/uploads\/2025\/12\/Sonarem.jpg","articleSection":["\u00c9conomie"],"inLanguage":"fr-FR","potentialAction":[{"@type":"CommentAction","name":"Comment","target":["https:\/\/lasentinelle.dz\/index.php\/2025\/12\/10\/exploitation-de-la-mine-de-gara-djebilet-sonarem-et-tosyali-scellent-un-partenariat-strategique\/#respond"]}]},{"@type":"WebPage","@id":"https:\/\/lasentinelle.dz\/index.php\/2025\/12\/10\/exploitation-de-la-mine-de-gara-djebilet-sonarem-et-tosyali-scellent-un-partenariat-strategique\/","url":"https:\/\/lasentinelle.dz\/index.php\/2025\/12\/10\/exploitation-de-la-mine-de-gara-djebilet-sonarem-et-tosyali-scellent-un-partenariat-strategique\/","name":"Exploitation de la mine de Gara Djebilet\u00a0: Sonarem et Tosyali scellent un partenariat strat\u00e9gique\u00a0 - La Sentinelle","isPartOf":{"@id":"https:\/\/lasentinelle.dz\/#website"},"primaryImageOfPage":{"@id":"https:\/\/lasentinelle.dz\/index.php\/2025\/12\/10\/exploitation-de-la-mine-de-gara-djebilet-sonarem-et-tosyali-scellent-un-partenariat-strategique\/#primaryimage"},"image":{"@id":"https:\/\/lasentinelle.dz\/index.php\/2025\/12\/10\/exploitation-de-la-mine-de-gara-djebilet-sonarem-et-tosyali-scellent-un-partenariat-strategique\/#primaryimage"},"thumbnailUrl":"https:\/\/lasentinelle.dz\/wp-content\/uploads\/2025\/12\/Sonarem.jpg","datePublished":"2025-12-10T11:56:09+00:00","dateModified":"2025-12-10T11:56:10+00:00","breadcrumb":{"@id":"https:\/\/lasentinelle.dz\/index.php\/2025\/12\/10\/exploitation-de-la-mine-de-gara-djebilet-sonarem-et-tosyali-scellent-un-partenariat-strategique\/#breadcrumb"},"inLanguage":"fr-FR","potentialAction":[{"@type":"ReadAction","target":["https:\/\/lasentinelle.dz\/index.php\/2025\/12\/10\/exploitation-de-la-mine-de-gara-djebilet-sonarem-et-tosyali-scellent-un-partenariat-strategique\/"]}]},{"@type":"ImageObject","inLanguage":"fr-FR","@id":"https:\/\/lasentinelle.dz\/index.php\/2025\/12\/10\/exploitation-de-la-mine-de-gara-djebilet-sonarem-et-tosyali-scellent-un-partenariat-strategique\/#primaryimage","url":"https:\/\/lasentinelle.dz\/wp-content\/uploads\/2025\/12\/Sonarem.jpg","contentUrl":"https:\/\/lasentinelle.dz\/wp-content\/uploads\/2025\/12\/Sonarem.jpg","width":2048,"height":1536},{"@type":"BreadcrumbList","@id":"https:\/\/lasentinelle.dz\/index.php\/2025\/12\/10\/exploitation-de-la-mine-de-gara-djebilet-sonarem-et-tosyali-scellent-un-partenariat-strategique\/#breadcrumb","itemListElement":[{"@type":"ListItem","position":1,"name":"Accueil","item":"https:\/\/lasentinelle.dz\/"},{"@type":"ListItem","position":2,"name":"Exploitation de la mine de Gara Djebilet\u00a0: Sonarem et Tosyali scellent un partenariat strat\u00e9gique\u00a0"}]},{"@type":"WebSite","@id":"https:\/\/lasentinelle.dz\/#website","url":"https:\/\/lasentinelle.dz\/","name":"La Sentinelle","description":"Quotidien national d&#039;information","publisher":{"@id":"https:\/\/lasentinelle.dz\/#organization"},"potentialAction":[{"@type":"SearchAction","target":{"@type":"EntryPoint","urlTemplate":"https:\/\/lasentinelle.dz\/?s={search_term_string}"},"query-input":{"@type":"PropertyValueSpecification","valueRequired":true,"valueName":"search_term_string"}}],"inLanguage":"fr-FR"},{"@type":"Organization","@id":"https:\/\/lasentinelle.dz\/#organization","name":"Quotidien La Sentinelle","url":"https:\/\/lasentinelle.dz\/","logo":{"@type":"ImageObject","inLanguage":"fr-FR","@id":"https:\/\/lasentinelle.dz\/#\/schema\/logo\/image\/","url":"https:\/\/lasentinelle.dz\/wp-content\/uploads\/2021\/09\/logo-sentinelleSLOGAN-1.png","contentUrl":"https:\/\/lasentinelle.dz\/wp-content\/uploads\/2021\/09\/logo-sentinelleSLOGAN-1.png","width":615,"height":142,"caption":"Quotidien La Sentinelle"},"image":{"@id":"https:\/\/lasentinelle.dz\/#\/schema\/logo\/image\/"},"sameAs":["https:\/\/www.facebook.com\/La-Sentinelle-104059864394773"]},{"@type":"Person","@id":"https:\/\/lasentinelle.dz\/#\/schema\/person\/729ee0024f24e0b8c5ec17232f8e8b41","name":"admin","image":{"@type":"ImageObject","inLanguage":"fr-FR","@id":"https:\/\/secure.gravatar.com\/avatar\/4c81fed838786e9b53f540bf46533e750f5d292099ae3b66cfc6fb1982e29df7?s=96&d=mm&r=g","url":"https:\/\/secure.gravatar.com\/avatar\/4c81fed838786e9b53f540bf46533e750f5d292099ae3b66cfc6fb1982e29df7?s=96&d=mm&r=g","contentUrl":"https:\/\/secure.gravatar.com\/avatar\/4c81fed838786e9b53f540bf46533e750f5d292099ae3b66cfc6fb1982e29df7?s=96&d=mm&r=g","caption":"admin"},"description":"admin","url":"https:\/\/lasentinelle.dz\/author\/admin\/"}]}},"_links":{"self":[{"href":"https:\/\/lasentinelle.dz\/index.php\/wp-json\/wp\/v2\/posts\/77569","targetHints":{"allow":["GET"]}}],"collection":[{"href":"https:\/\/lasentinelle.dz\/index.php\/wp-json\/wp\/v2\/posts"}],"about":[{"href":"https:\/\/lasentinelle.dz\/index.php\/wp-json\/wp\/v2\/types\/post"}],"author":[{"embeddable":true,"href":"https:\/\/lasentinelle.dz\/index.php\/wp-json\/wp\/v2\/users\/6"}],"replies":[{"embeddable":true,"href":"https:\/\/lasentinelle.dz\/index.php\/wp-json\/wp\/v2\/comments?post=77569"}],"version-history":[{"count":1,"href":"https:\/\/lasentinelle.dz\/index.php\/wp-json\/wp\/v2\/posts\/77569\/revisions"}],"predecessor-version":[{"id":77571,"href":"https:\/\/lasentinelle.dz\/index.php\/wp-json\/wp\/v2\/posts\/77569\/revisions\/77571"}],"wp:featuredmedia":[{"embeddable":true,"href":"https:\/\/lasentinelle.dz\/index.php\/wp-json\/wp\/v2\/media\/77570"}],"wp:attachment":[{"href":"https:\/\/lasentinelle.dz\/index.php\/wp-json\/wp\/v2\/media?parent=77569"}],"wp:term":[{"taxonomy":"category","embeddable":true,"href":"https:\/\/lasentinelle.dz\/index.php\/wp-json\/wp\/v2\/categories?post=77569"},{"taxonomy":"post_tag","embeddable":true,"href":"https:\/\/lasentinelle.dz\/index.php\/wp-json\/wp\/v2\/tags?post=77569"}],"curies":[{"name":"wp","href":"https:\/\/api.w.org\/{rel}","templated":true}]}}