{"id":77578,"date":"2025-12-10T13:02:21","date_gmt":"2025-12-10T12:02:21","guid":{"rendered":"https:\/\/lasentinelle.dz\/?p=77578"},"modified":"2025-12-10T13:02:22","modified_gmt":"2025-12-10T12:02:22","slug":"algerie-slovaquie-une-declaration-commune-strategique-signes","status":"publish","type":"post","link":"https:\/\/lasentinelle.dz\/index.php\/2025\/12\/10\/algerie-slovaquie-une-declaration-commune-strategique-signes\/","title":{"rendered":"Alg\u00e9rie-Slovaquie\u00a0: Une d\u00e9claration commune strat\u00e9gique sign\u00e9s"},"content":{"rendered":"\n<p>L\u2019Alg\u00e9rie renforce sa pr\u00e9sence en Europe centrale avec l&rsquo;inauguration officielle de son ambassade \u00e0 Bratislava, capitale de la R\u00e9publique slovaque. Cette c\u00e9r\u00e9monie, pr\u00e9sid\u00e9e par le ministre d&rsquo;\u00c9tat Ahmed Attaf, charg\u00e9 des Affaires \u00e9trang\u00e8res, de la Communaut\u00e9 nationale \u00e0 l&rsquo;\u00e9tranger et des Affaires africaines, s&rsquo;inscrit dans le cadre d&rsquo;une visite officielle effectu\u00e9e sur instruction du pr\u00e9sident de la R\u00e9publique Abdelmadjid Tebboune. L&rsquo;\u00e9v\u00e9nement marque l&rsquo;ouverture d&rsquo;un nouveau chapitre dans les relations alg\u00e9ro-slovaques et traduit la volont\u00e9 d&rsquo;Alger de diversifier ses partenariats internationaux.<\/p>\n\n\n\n<p>Dans son allocution prononc\u00e9e lors de l&rsquo;inauguration de la mission diplomatique, en pr\u00e9sence du ministre slovaque des Affaires \u00e9trang\u00e8res et europ\u00e9ennes Juraj Blanar, du secr\u00e9taire d&rsquo;\u00c9tat Marek Estok et de membres de la communaut\u00e9 alg\u00e9rienne r\u00e9sidant en Slovaquie, Ahmed Attaf a soulign\u00e9 que l&rsquo;\u00e9change de repr\u00e9sentations diplomatiques vise \u00e0 renforcer la dynamique croissante que connaissent les relations d&rsquo;amiti\u00e9, de coop\u00e9ration et de partenariat entre les deux pays, en les hissant \u00e0 de plus hauts niveaux. Le ministre d&rsquo;\u00c9tat a exprim\u00e9 la satisfaction de l&rsquo;Alg\u00e9rie quant \u00e0 l&rsquo;attachement commun des deux nations, au niveau international, \u00e0 la cons\u00e9cration des valeurs de paix et de justice, pr\u00e9cisant que les deux pays \u0153uvrent ensemble \u00e0 la pr\u00e9servation des principes du droit international, du syst\u00e8me multilat\u00e9ral, de la souverainet\u00e9 et de l&rsquo;ind\u00e9pendance des \u00c9tats, tout en rejetant toute ing\u00e9rence \u00e9trang\u00e8re dans leurs affaires int\u00e9rieures et en d\u00e9fendant leur droit \u00e0 l&rsquo;autod\u00e9termination. La visite du chef de la diplomatie alg\u00e9rienne a \u00e9t\u00e9 marqu\u00e9e par des entretiens bilat\u00e9raux approfondis avec son homologue slovaque Juraj Blanar, au cours desquels les deux parties ont proc\u00e9d\u00e9 \u00e0 un examen d\u00e9taill\u00e9 de l&rsquo;\u00e9tat des relations bilat\u00e9rales et explor\u00e9 leurs perspectives futures dans divers domaines strat\u00e9giques. Les discussions ont port\u00e9 particuli\u00e8rement sur les secteurs de l&rsquo;\u00e9nergie, des \u00e9nergies renouvelables, de l&rsquo;industrie pharmaceutique, des ressources hydriques, ainsi que de l&rsquo;industrie et de l&rsquo;agriculture. Les deux ministres ont \u00e9galement abord\u00e9 de nombreuses questions r\u00e9gionales et internationales d&rsquo;int\u00e9r\u00eat commun, notamment celles li\u00e9es aux \u00e9volutions de la situation dans les espaces d&rsquo;appartenance des deux pays.<\/p>\n\n\n\n<p>Le point culminant de cette visite a \u00e9t\u00e9 la signature d&rsquo;une d\u00e9claration commune visant \u00e0 d\u00e9finir les priorit\u00e9s de la coop\u00e9ration bilat\u00e9rale et \u00e0 \u00e9tablir une feuille de route pour son renforcement \u00e0 travers la consolidation du cadre juridique et l&rsquo;ach\u00e8vement de la structure institutionnelle. Sur le plan politique, la d\u00e9claration commune traduit une convergence de vues importante sur les grandes questions internationales. Selon le communiqu\u00e9 du minist\u00e8re des Affaires \u00e9trang\u00e8res, le texte stipule le soutien des deux parties aux efforts internationaux visant \u00e0 consolider l&rsquo;accord de cessez-le-feu \u00e0 Gaza et \u00e0 \u00e9tablir un \u00c9tat palestinien dans le cadre de la solution \u00e0 deux \u00c9tats. La d\u00e9claration confirme \u00e9galement l&rsquo;appui des deux pays au droit du peuple sahraoui \u00e0 l&rsquo;autod\u00e9termination conform\u00e9ment aux r\u00e9solutions pertinentes des Nations unies, r\u00e9affirmant ainsi la position constante de l&rsquo;Alg\u00e9rie sur cette question.<\/p>\n\n\n\n<p>R.N.<\/p>\n","protected":false},"excerpt":{"rendered":"<p>L\u2019Alg\u00e9rie renforce sa pr\u00e9sence en Europe centrale avec l&rsquo;inauguration officielle de son ambassade \u00e0 Bratislava, capitale de la R\u00e9publique slovaque.<\/p>\n","protected":false},"author":6,"featured_media":77579,"comment_status":"open","ping_status":"closed","sticky":false,"template":"","format":"standard","meta":{"colormag_page_container_layout":"default_layout","colormag_page_sidebar_layout":"default_layout","om_disable_all_campaigns":false,"_monsterinsights_skip_tracking":false,"_monsterinsights_sitenote_active":false,"_monsterinsights_sitenote_note":"","_monsterinsights_sitenote_category":0,"footnotes":"","_wpscppro_dont_share_socialmedia":false,"_wpscppro_custom_social_share_image":0,"_facebook_share_type":"default","_twitter_share_type":"default","_linkedin_share_type":"default","_pinterest_share_type":"default","_linkedin_share_type_page":"","_instagram_share_type":"default","_medium_share_type":"default","_threads_share_type":"default","_google_business_share_type":"default","_selected_social_profile":[],"_wpsp_enable_custom_social_template":false,"_wpsp_social_scheduling":{"enabled":false,"datetime":null,"platforms":[],"status":"template_only","dateOption":"today","timeOption":"now","customDays":"","customHours":"","customDate":"","customTime":"","schedulingType":"absolute"},"_wpsp_active_default_template":true},"categories":[27],"tags":[],"class_list":["post-77578","post","type-post","status-publish","format-standard","has-post-thumbnail","hentry","category-actualite"],"aioseo_notices":[],"yoast_head":"<!-- This site is optimized with the Yoast SEO plugin v27.5 - https:\/\/yoast.com\/product\/yoast-seo-wordpress\/ -->\n<title>Alg\u00e9rie-Slovaquie\u00a0: Une d\u00e9claration commune strat\u00e9gique sign\u00e9s - La Sentinelle<\/title>\n<meta name=\"robots\" content=\"index, follow, max-snippet:-1, max-image-preview:large, max-video-preview:-1\" \/>\n<link rel=\"canonical\" href=\"https:\/\/lasentinelle.dz\/index.php\/2025\/12\/10\/algerie-slovaquie-une-declaration-commune-strategique-signes\/\" \/>\n<meta property=\"og:locale\" content=\"fr_FR\" \/>\n<meta property=\"og:type\" content=\"article\" \/>\n<meta property=\"og:title\" content=\"Alg\u00e9rie-Slovaquie\u00a0: Une d\u00e9claration commune strat\u00e9gique sign\u00e9s - La Sentinelle\" \/>\n<meta property=\"og:description\" content=\"L\u2019Alg\u00e9rie renforce sa pr\u00e9sence en Europe centrale avec l&rsquo;inauguration officielle de son ambassade \u00e0 Bratislava, capitale de la R\u00e9publique slovaque.\" \/>\n<meta property=\"og:url\" content=\"https:\/\/lasentinelle.dz\/index.php\/2025\/12\/10\/algerie-slovaquie-une-declaration-commune-strategique-signes\/\" \/>\n<meta property=\"og:site_name\" content=\"La Sentinelle\" \/>\n<meta property=\"article:publisher\" content=\"https:\/\/www.facebook.com\/La-Sentinelle-104059864394773\" \/>\n<meta property=\"article:published_time\" content=\"2025-12-10T12:02:21+00:00\" \/>\n<meta property=\"article:modified_time\" content=\"2025-12-10T12:02:22+00:00\" \/>\n<meta property=\"og:image\" content=\"https:\/\/lasentinelle.dz\/wp-content\/uploads\/2025\/12\/598432006_1164290492518649_2157583830298947352_n.jpeg\" \/>\n\t<meta property=\"og:image:width\" content=\"2048\" \/>\n\t<meta property=\"og:image:height\" content=\"1364\" \/>\n\t<meta property=\"og:image:type\" content=\"image\/jpeg\" \/>\n<meta name=\"author\" content=\"admin\" \/>\n<meta name=\"twitter:card\" content=\"summary_large_image\" \/>\n<meta name=\"twitter:label1\" content=\"\u00c9crit par\" \/>\n\t<meta name=\"twitter:data1\" content=\"admin\" \/>\n\t<meta name=\"twitter:label2\" content=\"Dur\u00e9e de lecture estim\u00e9e\" \/>\n\t<meta name=\"twitter:data2\" content=\"3 minutes\" \/>\n<script type=\"application\/ld+json\" class=\"yoast-schema-graph\">{\"@context\":\"https:\\\/\\\/schema.org\",\"@graph\":[{\"@type\":\"Article\",\"@id\":\"https:\\\/\\\/lasentinelle.dz\\\/index.php\\\/2025\\\/12\\\/10\\\/algerie-slovaquie-une-declaration-commune-strategique-signes\\\/#article\",\"isPartOf\":{\"@id\":\"https:\\\/\\\/lasentinelle.dz\\\/index.php\\\/2025\\\/12\\\/10\\\/algerie-slovaquie-une-declaration-commune-strategique-signes\\\/\"},\"author\":{\"name\":\"admin\",\"@id\":\"https:\\\/\\\/lasentinelle.dz\\\/#\\\/schema\\\/person\\\/729ee0024f24e0b8c5ec17232f8e8b41\"},\"headline\":\"Alg\u00e9rie-Slovaquie\u00a0: Une d\u00e9claration commune strat\u00e9gique sign\u00e9s\",\"datePublished\":\"2025-12-10T12:02:21+00:00\",\"dateModified\":\"2025-12-10T12:02:22+00:00\",\"mainEntityOfPage\":{\"@id\":\"https:\\\/\\\/lasentinelle.dz\\\/index.php\\\/2025\\\/12\\\/10\\\/algerie-slovaquie-une-declaration-commune-strategique-signes\\\/\"},\"wordCount\":555,\"commentCount\":0,\"publisher\":{\"@id\":\"https:\\\/\\\/lasentinelle.dz\\\/#organization\"},\"image\":{\"@id\":\"https:\\\/\\\/lasentinelle.dz\\\/index.php\\\/2025\\\/12\\\/10\\\/algerie-slovaquie-une-declaration-commune-strategique-signes\\\/#primaryimage\"},\"thumbnailUrl\":\"https:\\\/\\\/lasentinelle.dz\\\/wp-content\\\/uploads\\\/2025\\\/12\\\/598432006_1164290492518649_2157583830298947352_n.jpeg\",\"articleSection\":[\"Actualit\u00e9\"],\"inLanguage\":\"fr-FR\",\"potentialAction\":[{\"@type\":\"CommentAction\",\"name\":\"Comment\",\"target\":[\"https:\\\/\\\/lasentinelle.dz\\\/index.php\\\/2025\\\/12\\\/10\\\/algerie-slovaquie-une-declaration-commune-strategique-signes\\\/#respond\"]}]},{\"@type\":\"WebPage\",\"@id\":\"https:\\\/\\\/lasentinelle.dz\\\/index.php\\\/2025\\\/12\\\/10\\\/algerie-slovaquie-une-declaration-commune-strategique-signes\\\/\",\"url\":\"https:\\\/\\\/lasentinelle.dz\\\/index.php\\\/2025\\\/12\\\/10\\\/algerie-slovaquie-une-declaration-commune-strategique-signes\\\/\",\"name\":\"Alg\u00e9rie-Slovaquie\u00a0: Une d\u00e9claration commune strat\u00e9gique sign\u00e9s - La Sentinelle\",\"isPartOf\":{\"@id\":\"https:\\\/\\\/lasentinelle.dz\\\/#website\"},\"primaryImageOfPage\":{\"@id\":\"https:\\\/\\\/lasentinelle.dz\\\/index.php\\\/2025\\\/12\\\/10\\\/algerie-slovaquie-une-declaration-commune-strategique-signes\\\/#primaryimage\"},\"image\":{\"@id\":\"https:\\\/\\\/lasentinelle.dz\\\/index.php\\\/2025\\\/12\\\/10\\\/algerie-slovaquie-une-declaration-commune-strategique-signes\\\/#primaryimage\"},\"thumbnailUrl\":\"https:\\\/\\\/lasentinelle.dz\\\/wp-content\\\/uploads\\\/2025\\\/12\\\/598432006_1164290492518649_2157583830298947352_n.jpeg\",\"datePublished\":\"2025-12-10T12:02:21+00:00\",\"dateModified\":\"2025-12-10T12:02:22+00:00\",\"breadcrumb\":{\"@id\":\"https:\\\/\\\/lasentinelle.dz\\\/index.php\\\/2025\\\/12\\\/10\\\/algerie-slovaquie-une-declaration-commune-strategique-signes\\\/#breadcrumb\"},\"inLanguage\":\"fr-FR\",\"potentialAction\":[{\"@type\":\"ReadAction\",\"target\":[\"https:\\\/\\\/lasentinelle.dz\\\/index.php\\\/2025\\\/12\\\/10\\\/algerie-slovaquie-une-declaration-commune-strategique-signes\\\/\"]}]},{\"@type\":\"ImageObject\",\"inLanguage\":\"fr-FR\",\"@id\":\"https:\\\/\\\/lasentinelle.dz\\\/index.php\\\/2025\\\/12\\\/10\\\/algerie-slovaquie-une-declaration-commune-strategique-signes\\\/#primaryimage\",\"url\":\"https:\\\/\\\/lasentinelle.dz\\\/wp-content\\\/uploads\\\/2025\\\/12\\\/598432006_1164290492518649_2157583830298947352_n.jpeg\",\"contentUrl\":\"https:\\\/\\\/lasentinelle.dz\\\/wp-content\\\/uploads\\\/2025\\\/12\\\/598432006_1164290492518649_2157583830298947352_n.jpeg\",\"width\":2048,\"height\":1364},{\"@type\":\"BreadcrumbList\",\"@id\":\"https:\\\/\\\/lasentinelle.dz\\\/index.php\\\/2025\\\/12\\\/10\\\/algerie-slovaquie-une-declaration-commune-strategique-signes\\\/#breadcrumb\",\"itemListElement\":[{\"@type\":\"ListItem\",\"position\":1,\"name\":\"Accueil\",\"item\":\"https:\\\/\\\/lasentinelle.dz\\\/\"},{\"@type\":\"ListItem\",\"position\":2,\"name\":\"Alg\u00e9rie-Slovaquie\u00a0: Une d\u00e9claration commune strat\u00e9gique sign\u00e9s\"}]},{\"@type\":\"WebSite\",\"@id\":\"https:\\\/\\\/lasentinelle.dz\\\/#website\",\"url\":\"https:\\\/\\\/lasentinelle.dz\\\/\",\"name\":\"La Sentinelle\",\"description\":\"Quotidien national d&#039;information\",\"publisher\":{\"@id\":\"https:\\\/\\\/lasentinelle.dz\\\/#organization\"},\"potentialAction\":[{\"@type\":\"SearchAction\",\"target\":{\"@type\":\"EntryPoint\",\"urlTemplate\":\"https:\\\/\\\/lasentinelle.dz\\\/?s={search_term_string}\"},\"query-input\":{\"@type\":\"PropertyValueSpecification\",\"valueRequired\":true,\"valueName\":\"search_term_string\"}}],\"inLanguage\":\"fr-FR\"},{\"@type\":\"Organization\",\"@id\":\"https:\\\/\\\/lasentinelle.dz\\\/#organization\",\"name\":\"Quotidien La Sentinelle\",\"url\":\"https:\\\/\\\/lasentinelle.dz\\\/\",\"logo\":{\"@type\":\"ImageObject\",\"inLanguage\":\"fr-FR\",\"@id\":\"https:\\\/\\\/lasentinelle.dz\\\/#\\\/schema\\\/logo\\\/image\\\/\",\"url\":\"https:\\\/\\\/lasentinelle.dz\\\/wp-content\\\/uploads\\\/2021\\\/09\\\/logo-sentinelleSLOGAN-1.png\",\"contentUrl\":\"https:\\\/\\\/lasentinelle.dz\\\/wp-content\\\/uploads\\\/2021\\\/09\\\/logo-sentinelleSLOGAN-1.png\",\"width\":615,\"height\":142,\"caption\":\"Quotidien La Sentinelle\"},\"image\":{\"@id\":\"https:\\\/\\\/lasentinelle.dz\\\/#\\\/schema\\\/logo\\\/image\\\/\"},\"sameAs\":[\"https:\\\/\\\/www.facebook.com\\\/La-Sentinelle-104059864394773\"]},{\"@type\":\"Person\",\"@id\":\"https:\\\/\\\/lasentinelle.dz\\\/#\\\/schema\\\/person\\\/729ee0024f24e0b8c5ec17232f8e8b41\",\"name\":\"admin\",\"image\":{\"@type\":\"ImageObject\",\"inLanguage\":\"fr-FR\",\"@id\":\"https:\\\/\\\/secure.gravatar.com\\\/avatar\\\/4c81fed838786e9b53f540bf46533e750f5d292099ae3b66cfc6fb1982e29df7?s=96&d=mm&r=g\",\"url\":\"https:\\\/\\\/secure.gravatar.com\\\/avatar\\\/4c81fed838786e9b53f540bf46533e750f5d292099ae3b66cfc6fb1982e29df7?s=96&d=mm&r=g\",\"contentUrl\":\"https:\\\/\\\/secure.gravatar.com\\\/avatar\\\/4c81fed838786e9b53f540bf46533e750f5d292099ae3b66cfc6fb1982e29df7?s=96&d=mm&r=g\",\"caption\":\"admin\"},\"description\":\"admin\",\"url\":\"https:\\\/\\\/lasentinelle.dz\\\/author\\\/admin\\\/\"}]}<\/script>\n<!-- \/ Yoast SEO plugin. -->","yoast_head_json":{"title":"Alg\u00e9rie-Slovaquie\u00a0: Une d\u00e9claration commune strat\u00e9gique sign\u00e9s - La Sentinelle","robots":{"index":"index","follow":"follow","max-snippet":"max-snippet:-1","max-image-preview":"max-image-preview:large","max-video-preview":"max-video-preview:-1"},"canonical":"https:\/\/lasentinelle.dz\/index.php\/2025\/12\/10\/algerie-slovaquie-une-declaration-commune-strategique-signes\/","og_locale":"fr_FR","og_type":"article","og_title":"Alg\u00e9rie-Slovaquie\u00a0: Une d\u00e9claration commune strat\u00e9gique sign\u00e9s - La Sentinelle","og_description":"L\u2019Alg\u00e9rie renforce sa pr\u00e9sence en Europe centrale avec l&rsquo;inauguration officielle de son ambassade \u00e0 Bratislava, capitale de la R\u00e9publique slovaque.","og_url":"https:\/\/lasentinelle.dz\/index.php\/2025\/12\/10\/algerie-slovaquie-une-declaration-commune-strategique-signes\/","og_site_name":"La Sentinelle","article_publisher":"https:\/\/www.facebook.com\/La-Sentinelle-104059864394773","article_published_time":"2025-12-10T12:02:21+00:00","article_modified_time":"2025-12-10T12:02:22+00:00","og_image":[{"width":2048,"height":1364,"url":"https:\/\/lasentinelle.dz\/wp-content\/uploads\/2025\/12\/598432006_1164290492518649_2157583830298947352_n.jpeg","type":"image\/jpeg"}],"author":"admin","twitter_card":"summary_large_image","twitter_misc":{"\u00c9crit par":"admin","Dur\u00e9e de lecture estim\u00e9e":"3 minutes"},"schema":{"@context":"https:\/\/schema.org","@graph":[{"@type":"Article","@id":"https:\/\/lasentinelle.dz\/index.php\/2025\/12\/10\/algerie-slovaquie-une-declaration-commune-strategique-signes\/#article","isPartOf":{"@id":"https:\/\/lasentinelle.dz\/index.php\/2025\/12\/10\/algerie-slovaquie-une-declaration-commune-strategique-signes\/"},"author":{"name":"admin","@id":"https:\/\/lasentinelle.dz\/#\/schema\/person\/729ee0024f24e0b8c5ec17232f8e8b41"},"headline":"Alg\u00e9rie-Slovaquie\u00a0: Une d\u00e9claration commune strat\u00e9gique sign\u00e9s","datePublished":"2025-12-10T12:02:21+00:00","dateModified":"2025-12-10T12:02:22+00:00","mainEntityOfPage":{"@id":"https:\/\/lasentinelle.dz\/index.php\/2025\/12\/10\/algerie-slovaquie-une-declaration-commune-strategique-signes\/"},"wordCount":555,"commentCount":0,"publisher":{"@id":"https:\/\/lasentinelle.dz\/#organization"},"image":{"@id":"https:\/\/lasentinelle.dz\/index.php\/2025\/12\/10\/algerie-slovaquie-une-declaration-commune-strategique-signes\/#primaryimage"},"thumbnailUrl":"https:\/\/lasentinelle.dz\/wp-content\/uploads\/2025\/12\/598432006_1164290492518649_2157583830298947352_n.jpeg","articleSection":["Actualit\u00e9"],"inLanguage":"fr-FR","potentialAction":[{"@type":"CommentAction","name":"Comment","target":["https:\/\/lasentinelle.dz\/index.php\/2025\/12\/10\/algerie-slovaquie-une-declaration-commune-strategique-signes\/#respond"]}]},{"@type":"WebPage","@id":"https:\/\/lasentinelle.dz\/index.php\/2025\/12\/10\/algerie-slovaquie-une-declaration-commune-strategique-signes\/","url":"https:\/\/lasentinelle.dz\/index.php\/2025\/12\/10\/algerie-slovaquie-une-declaration-commune-strategique-signes\/","name":"Alg\u00e9rie-Slovaquie\u00a0: Une d\u00e9claration commune strat\u00e9gique sign\u00e9s - La Sentinelle","isPartOf":{"@id":"https:\/\/lasentinelle.dz\/#website"},"primaryImageOfPage":{"@id":"https:\/\/lasentinelle.dz\/index.php\/2025\/12\/10\/algerie-slovaquie-une-declaration-commune-strategique-signes\/#primaryimage"},"image":{"@id":"https:\/\/lasentinelle.dz\/index.php\/2025\/12\/10\/algerie-slovaquie-une-declaration-commune-strategique-signes\/#primaryimage"},"thumbnailUrl":"https:\/\/lasentinelle.dz\/wp-content\/uploads\/2025\/12\/598432006_1164290492518649_2157583830298947352_n.jpeg","datePublished":"2025-12-10T12:02:21+00:00","dateModified":"2025-12-10T12:02:22+00:00","breadcrumb":{"@id":"https:\/\/lasentinelle.dz\/index.php\/2025\/12\/10\/algerie-slovaquie-une-declaration-commune-strategique-signes\/#breadcrumb"},"inLanguage":"fr-FR","potentialAction":[{"@type":"ReadAction","target":["https:\/\/lasentinelle.dz\/index.php\/2025\/12\/10\/algerie-slovaquie-une-declaration-commune-strategique-signes\/"]}]},{"@type":"ImageObject","inLanguage":"fr-FR","@id":"https:\/\/lasentinelle.dz\/index.php\/2025\/12\/10\/algerie-slovaquie-une-declaration-commune-strategique-signes\/#primaryimage","url":"https:\/\/lasentinelle.dz\/wp-content\/uploads\/2025\/12\/598432006_1164290492518649_2157583830298947352_n.jpeg","contentUrl":"https:\/\/lasentinelle.dz\/wp-content\/uploads\/2025\/12\/598432006_1164290492518649_2157583830298947352_n.jpeg","width":2048,"height":1364},{"@type":"BreadcrumbList","@id":"https:\/\/lasentinelle.dz\/index.php\/2025\/12\/10\/algerie-slovaquie-une-declaration-commune-strategique-signes\/#breadcrumb","itemListElement":[{"@type":"ListItem","position":1,"name":"Accueil","item":"https:\/\/lasentinelle.dz\/"},{"@type":"ListItem","position":2,"name":"Alg\u00e9rie-Slovaquie\u00a0: Une d\u00e9claration commune strat\u00e9gique sign\u00e9s"}]},{"@type":"WebSite","@id":"https:\/\/lasentinelle.dz\/#website","url":"https:\/\/lasentinelle.dz\/","name":"La Sentinelle","description":"Quotidien national d&#039;information","publisher":{"@id":"https:\/\/lasentinelle.dz\/#organization"},"potentialAction":[{"@type":"SearchAction","target":{"@type":"EntryPoint","urlTemplate":"https:\/\/lasentinelle.dz\/?s={search_term_string}"},"query-input":{"@type":"PropertyValueSpecification","valueRequired":true,"valueName":"search_term_string"}}],"inLanguage":"fr-FR"},{"@type":"Organization","@id":"https:\/\/lasentinelle.dz\/#organization","name":"Quotidien La Sentinelle","url":"https:\/\/lasentinelle.dz\/","logo":{"@type":"ImageObject","inLanguage":"fr-FR","@id":"https:\/\/lasentinelle.dz\/#\/schema\/logo\/image\/","url":"https:\/\/lasentinelle.dz\/wp-content\/uploads\/2021\/09\/logo-sentinelleSLOGAN-1.png","contentUrl":"https:\/\/lasentinelle.dz\/wp-content\/uploads\/2021\/09\/logo-sentinelleSLOGAN-1.png","width":615,"height":142,"caption":"Quotidien La Sentinelle"},"image":{"@id":"https:\/\/lasentinelle.dz\/#\/schema\/logo\/image\/"},"sameAs":["https:\/\/www.facebook.com\/La-Sentinelle-104059864394773"]},{"@type":"Person","@id":"https:\/\/lasentinelle.dz\/#\/schema\/person\/729ee0024f24e0b8c5ec17232f8e8b41","name":"admin","image":{"@type":"ImageObject","inLanguage":"fr-FR","@id":"https:\/\/secure.gravatar.com\/avatar\/4c81fed838786e9b53f540bf46533e750f5d292099ae3b66cfc6fb1982e29df7?s=96&d=mm&r=g","url":"https:\/\/secure.gravatar.com\/avatar\/4c81fed838786e9b53f540bf46533e750f5d292099ae3b66cfc6fb1982e29df7?s=96&d=mm&r=g","contentUrl":"https:\/\/secure.gravatar.com\/avatar\/4c81fed838786e9b53f540bf46533e750f5d292099ae3b66cfc6fb1982e29df7?s=96&d=mm&r=g","caption":"admin"},"description":"admin","url":"https:\/\/lasentinelle.dz\/author\/admin\/"}]}},"_links":{"self":[{"href":"https:\/\/lasentinelle.dz\/index.php\/wp-json\/wp\/v2\/posts\/77578","targetHints":{"allow":["GET"]}}],"collection":[{"href":"https:\/\/lasentinelle.dz\/index.php\/wp-json\/wp\/v2\/posts"}],"about":[{"href":"https:\/\/lasentinelle.dz\/index.php\/wp-json\/wp\/v2\/types\/post"}],"author":[{"embeddable":true,"href":"https:\/\/lasentinelle.dz\/index.php\/wp-json\/wp\/v2\/users\/6"}],"replies":[{"embeddable":true,"href":"https:\/\/lasentinelle.dz\/index.php\/wp-json\/wp\/v2\/comments?post=77578"}],"version-history":[{"count":1,"href":"https:\/\/lasentinelle.dz\/index.php\/wp-json\/wp\/v2\/posts\/77578\/revisions"}],"predecessor-version":[{"id":77580,"href":"https:\/\/lasentinelle.dz\/index.php\/wp-json\/wp\/v2\/posts\/77578\/revisions\/77580"}],"wp:featuredmedia":[{"embeddable":true,"href":"https:\/\/lasentinelle.dz\/index.php\/wp-json\/wp\/v2\/media\/77579"}],"wp:attachment":[{"href":"https:\/\/lasentinelle.dz\/index.php\/wp-json\/wp\/v2\/media?parent=77578"}],"wp:term":[{"taxonomy":"category","embeddable":true,"href":"https:\/\/lasentinelle.dz\/index.php\/wp-json\/wp\/v2\/categories?post=77578"},{"taxonomy":"post_tag","embeddable":true,"href":"https:\/\/lasentinelle.dz\/index.php\/wp-json\/wp\/v2\/tags?post=77578"}],"curies":[{"name":"wp","href":"https:\/\/api.w.org\/{rel}","templated":true}]}}