{"id":77588,"date":"2025-12-10T13:06:05","date_gmt":"2025-12-10T12:06:05","guid":{"rendered":"https:\/\/lasentinelle.dz\/?p=77588"},"modified":"2025-12-10T13:06:06","modified_gmt":"2025-12-10T12:06:06","slug":"ugta-takdjout-appelle-a-la-mobilisation-des-travailleurs","status":"publish","type":"post","link":"https:\/\/lasentinelle.dz\/index.php\/2025\/12\/10\/ugta-takdjout-appelle-a-la-mobilisation-des-travailleurs\/","title":{"rendered":"UGTA\u00a0: Takdjout appelle \u00e0 la mobilisation des travailleurs\u00a0"},"content":{"rendered":"\n<p>Le Secr\u00e9taire g\u00e9n\u00e9ral de l&rsquo;Union g\u00e9n\u00e9rale des travailleurs alg\u00e9riens, Amar Takdjout, a exhort\u00e9 mardi les travailleurs \u00e0 s&rsquo;engager pleinement dans la dynamique de d\u00e9veloppement \u00e9conomique du pays, lors d&rsquo;une rencontre avec les cadres des sections syndicales de la wilaya de Mascara, organis\u00e9e \u00e0 Ghriss. Cette intervention s&rsquo;inscrit dans un contexte marqu\u00e9 par les r\u00e9centes d\u00e9cisions pr\u00e9sidentielles visant \u00e0 am\u00e9liorer le pouvoir d&rsquo;achat des citoyens et \u00e0 renforcer la stabilit\u00e9 sociale. Soulignant l&rsquo;importance du travail comme moteur de croissance, le responsable syndical a appel\u00e9 les travailleurs \u00e0 relever le d\u00e9fi pour contribuer \u00e0 la r\u00e9alisation d&rsquo;un d\u00e9veloppement \u00e9conomique durable. Il a insist\u00e9 sur la n\u00e9cessit\u00e9 de consid\u00e9rer le travail comme une valeur ajout\u00e9e pour l&rsquo;\u00e9conomie nationale, invitant l&rsquo;ensemble des salari\u00e9s \u00e0 s&rsquo;engager activement dans le soutien de la politique de d\u00e9veloppement du pays. Dans son allocution devant les cadres syndicaux, Amar Takdjout a mis l&rsquo;accent sur la dimension relationnelle au sein des entreprises. L&rsquo;UGTA poursuivra ses efforts pour sensibiliser les travailleurs \u00e0 l&rsquo;importance de maintenir un pont de communication avec les employeurs au niveau des entreprises \u00e9conomiques, a-t-il affirm\u00e9, estimant que \u00ab\u00a0la communication constitue le facteur essentiel pour renforcer et am\u00e9liorer la confiance entre le responsable de l&rsquo;entreprise et le travailleur\u00a0\u00bb. Cette vision pr\u00f4ne le dialogue social comme fondement d&rsquo;un climat de travail apais\u00e9 et productif.<\/p>\n\n\n\n<p>Le Secr\u00e9taire g\u00e9n\u00e9ral de l&rsquo;UGTA a salu\u00e9 les d\u00e9cisions annonc\u00e9es par le pr\u00e9sident de la R\u00e9publique lors du dernier Conseil des ministres, les qualifiant de tournant majeur pour les travailleurs. Ces d\u00e9cisions concernant l&rsquo;am\u00e9lioration du pouvoir d&rsquo;achat des citoyens repr\u00e9sentent \u00ab\u00a0une r\u00e9alisation nationale qui renforce la stabilit\u00e9 sociale et stimule la dynamique \u00e9conomique du pays\u00a0\u00bb, a-t-il soulign\u00e9, y voyant une reconnaissance concr\u00e8te de la contribution des travailleurs \u00e0 l&rsquo;effort national. La revalorisation du salaire national minimum garanti, qui passera de 20.000 dinars \u00e0 24.000 dinars \u00e0 partir de janvier 2026, a particuli\u00e8rement retenu l&rsquo;attention du responsable syndical. Cette mesure constitue \u00ab\u00a0un acquis social\u00a0\u00bb pour les travailleurs des secteurs public et priv\u00e9, a-t-il d\u00e9clar\u00e9, soulignant l&rsquo;impact positif de cette augmentation sur le pouvoir d&rsquo;achat des cat\u00e9gories les plus modestes. Cette d\u00e9cision s&rsquo;inscrit dans une s\u00e9rie de mesures destin\u00e9es \u00e0 am\u00e9liorer les conditions de vie des travailleurs et de leurs familles.<\/p>\n\n\n\n<p>Amar Takdjout a replac\u00e9 ces annonces dans la continuit\u00e9 des engagements pr\u00e9sidentiels envers les travailleurs. Ces mesures s&rsquo;ajoutent \u00e0 une s\u00e9rie de d\u00e9cisions ant\u00e9rieures prises par le pr\u00e9sident de la R\u00e9publique, qui devraient \u00ab\u00a0contribuer fortement \u00e0 renforcer le front int\u00e9rieur, consolider la confiance entre responsables et travailleurs, et r\u00e9pondre aux sceptiques\u00a0\u00bb, a-t-il affirm\u00e9, insistant sur la dimension strat\u00e9gique de ces choix pour la coh\u00e9sion nationale.<\/p>\n\n\n\n<p>Qualifiant les mesures adopt\u00e9es de \u00ab\u00a0courageuses, responsables et positives\u00a0\u00bb, le responsable syndical a mis en exergue l&rsquo;engagement de l&rsquo;\u00c9tat \u00e0 am\u00e9liorer la situation sociale des travailleurs. Ces d\u00e9cisions refl\u00e8tent, selon lui, la fid\u00e9lit\u00e9 du pr\u00e9sident de la R\u00e9publique \u00e0 ses engagements envers les travailleurs et les citoyens, t\u00e9moignant d&rsquo;une volont\u00e9 politique ferme de placer la question sociale au c\u0153ur des priorit\u00e9s nationales. Cette approche vise \u00e0 cr\u00e9er un cercle vertueux entre am\u00e9lioration des conditions de vie, motivation au travail et performance \u00e9conomique, contribuant ainsi \u00e0 la construction d&rsquo;une \u00e9conomie nationale forte et durable.<\/p>\n\n\n\n<p>Chokri Hafed<\/p>\n","protected":false},"excerpt":{"rendered":"<p>Le Secr\u00e9taire g\u00e9n\u00e9ral de l&rsquo;Union g\u00e9n\u00e9rale des travailleurs alg\u00e9riens, Amar Takdjout, a exhort\u00e9 mardi les travailleurs \u00e0 s&rsquo;engager pleinement dans<\/p>\n","protected":false},"author":6,"featured_media":51917,"comment_status":"open","ping_status":"closed","sticky":false,"template":"","format":"standard","meta":{"colormag_page_container_layout":"default_layout","colormag_page_sidebar_layout":"default_layout","om_disable_all_campaigns":false,"_monsterinsights_skip_tracking":false,"_monsterinsights_sitenote_active":false,"_monsterinsights_sitenote_note":"","_monsterinsights_sitenote_category":0,"footnotes":"","_wpscppro_dont_share_socialmedia":false,"_wpscppro_custom_social_share_image":0,"_facebook_share_type":"default","_twitter_share_type":"default","_linkedin_share_type":"default","_pinterest_share_type":"default","_linkedin_share_type_page":"","_instagram_share_type":"default","_medium_share_type":"default","_threads_share_type":"default","_google_business_share_type":"default","_selected_social_profile":[],"_wpsp_enable_custom_social_template":false,"_wpsp_social_scheduling":{"enabled":false,"datetime":null,"platforms":[],"status":"template_only","dateOption":"today","timeOption":"now","customDays":"","customHours":"","customDate":"","customTime":"","schedulingType":"absolute"},"_wpsp_active_default_template":true},"categories":[27],"tags":[],"class_list":["post-77588","post","type-post","status-publish","format-standard","has-post-thumbnail","hentry","category-actualite"],"aioseo_notices":[],"yoast_head":"<!-- This site is optimized with the Yoast SEO plugin v27.5 - https:\/\/yoast.com\/product\/yoast-seo-wordpress\/ -->\n<title>UGTA\u00a0: Takdjout appelle \u00e0 la mobilisation des travailleurs\u00a0 - La Sentinelle<\/title>\n<meta name=\"robots\" content=\"index, follow, max-snippet:-1, max-image-preview:large, max-video-preview:-1\" \/>\n<link rel=\"canonical\" href=\"https:\/\/lasentinelle.dz\/index.php\/2025\/12\/10\/ugta-takdjout-appelle-a-la-mobilisation-des-travailleurs\/\" \/>\n<meta property=\"og:locale\" content=\"fr_FR\" \/>\n<meta property=\"og:type\" content=\"article\" \/>\n<meta property=\"og:title\" content=\"UGTA\u00a0: Takdjout appelle \u00e0 la mobilisation des travailleurs\u00a0 - La Sentinelle\" \/>\n<meta property=\"og:description\" content=\"Le Secr\u00e9taire g\u00e9n\u00e9ral de l&rsquo;Union g\u00e9n\u00e9rale des travailleurs alg\u00e9riens, Amar Takdjout, a exhort\u00e9 mardi les travailleurs \u00e0 s&rsquo;engager pleinement dans\" \/>\n<meta property=\"og:url\" content=\"https:\/\/lasentinelle.dz\/index.php\/2025\/12\/10\/ugta-takdjout-appelle-a-la-mobilisation-des-travailleurs\/\" \/>\n<meta property=\"og:site_name\" content=\"La Sentinelle\" \/>\n<meta property=\"article:publisher\" content=\"https:\/\/www.facebook.com\/La-Sentinelle-104059864394773\" \/>\n<meta property=\"article:published_time\" content=\"2025-12-10T12:06:05+00:00\" \/>\n<meta property=\"article:modified_time\" content=\"2025-12-10T12:06:06+00:00\" \/>\n<meta property=\"og:image\" content=\"https:\/\/lasentinelle.dz\/wp-content\/uploads\/2024\/05\/Amar-Takdjout.jpeg\" \/>\n\t<meta property=\"og:image:width\" content=\"1920\" \/>\n\t<meta property=\"og:image:height\" content=\"1080\" \/>\n\t<meta property=\"og:image:type\" content=\"image\/jpeg\" \/>\n<meta name=\"author\" content=\"admin\" \/>\n<meta name=\"twitter:card\" content=\"summary_large_image\" \/>\n<meta name=\"twitter:label1\" content=\"\u00c9crit par\" \/>\n\t<meta name=\"twitter:data1\" content=\"admin\" \/>\n\t<meta name=\"twitter:label2\" content=\"Dur\u00e9e de lecture estim\u00e9e\" \/>\n\t<meta name=\"twitter:data2\" content=\"3 minutes\" \/>\n<script type=\"application\/ld+json\" class=\"yoast-schema-graph\">{\"@context\":\"https:\\\/\\\/schema.org\",\"@graph\":[{\"@type\":\"Article\",\"@id\":\"https:\\\/\\\/lasentinelle.dz\\\/index.php\\\/2025\\\/12\\\/10\\\/ugta-takdjout-appelle-a-la-mobilisation-des-travailleurs\\\/#article\",\"isPartOf\":{\"@id\":\"https:\\\/\\\/lasentinelle.dz\\\/index.php\\\/2025\\\/12\\\/10\\\/ugta-takdjout-appelle-a-la-mobilisation-des-travailleurs\\\/\"},\"author\":{\"name\":\"admin\",\"@id\":\"https:\\\/\\\/lasentinelle.dz\\\/#\\\/schema\\\/person\\\/729ee0024f24e0b8c5ec17232f8e8b41\"},\"headline\":\"UGTA\u00a0: Takdjout appelle \u00e0 la mobilisation des travailleurs\u00a0\",\"datePublished\":\"2025-12-10T12:06:05+00:00\",\"dateModified\":\"2025-12-10T12:06:06+00:00\",\"mainEntityOfPage\":{\"@id\":\"https:\\\/\\\/lasentinelle.dz\\\/index.php\\\/2025\\\/12\\\/10\\\/ugta-takdjout-appelle-a-la-mobilisation-des-travailleurs\\\/\"},\"wordCount\":601,\"commentCount\":0,\"publisher\":{\"@id\":\"https:\\\/\\\/lasentinelle.dz\\\/#organization\"},\"image\":{\"@id\":\"https:\\\/\\\/lasentinelle.dz\\\/index.php\\\/2025\\\/12\\\/10\\\/ugta-takdjout-appelle-a-la-mobilisation-des-travailleurs\\\/#primaryimage\"},\"thumbnailUrl\":\"https:\\\/\\\/lasentinelle.dz\\\/wp-content\\\/uploads\\\/2024\\\/05\\\/Amar-Takdjout.jpeg\",\"articleSection\":[\"Actualit\u00e9\"],\"inLanguage\":\"fr-FR\",\"potentialAction\":[{\"@type\":\"CommentAction\",\"name\":\"Comment\",\"target\":[\"https:\\\/\\\/lasentinelle.dz\\\/index.php\\\/2025\\\/12\\\/10\\\/ugta-takdjout-appelle-a-la-mobilisation-des-travailleurs\\\/#respond\"]}]},{\"@type\":\"WebPage\",\"@id\":\"https:\\\/\\\/lasentinelle.dz\\\/index.php\\\/2025\\\/12\\\/10\\\/ugta-takdjout-appelle-a-la-mobilisation-des-travailleurs\\\/\",\"url\":\"https:\\\/\\\/lasentinelle.dz\\\/index.php\\\/2025\\\/12\\\/10\\\/ugta-takdjout-appelle-a-la-mobilisation-des-travailleurs\\\/\",\"name\":\"UGTA\u00a0: Takdjout appelle \u00e0 la mobilisation des travailleurs\u00a0 - La Sentinelle\",\"isPartOf\":{\"@id\":\"https:\\\/\\\/lasentinelle.dz\\\/#website\"},\"primaryImageOfPage\":{\"@id\":\"https:\\\/\\\/lasentinelle.dz\\\/index.php\\\/2025\\\/12\\\/10\\\/ugta-takdjout-appelle-a-la-mobilisation-des-travailleurs\\\/#primaryimage\"},\"image\":{\"@id\":\"https:\\\/\\\/lasentinelle.dz\\\/index.php\\\/2025\\\/12\\\/10\\\/ugta-takdjout-appelle-a-la-mobilisation-des-travailleurs\\\/#primaryimage\"},\"thumbnailUrl\":\"https:\\\/\\\/lasentinelle.dz\\\/wp-content\\\/uploads\\\/2024\\\/05\\\/Amar-Takdjout.jpeg\",\"datePublished\":\"2025-12-10T12:06:05+00:00\",\"dateModified\":\"2025-12-10T12:06:06+00:00\",\"breadcrumb\":{\"@id\":\"https:\\\/\\\/lasentinelle.dz\\\/index.php\\\/2025\\\/12\\\/10\\\/ugta-takdjout-appelle-a-la-mobilisation-des-travailleurs\\\/#breadcrumb\"},\"inLanguage\":\"fr-FR\",\"potentialAction\":[{\"@type\":\"ReadAction\",\"target\":[\"https:\\\/\\\/lasentinelle.dz\\\/index.php\\\/2025\\\/12\\\/10\\\/ugta-takdjout-appelle-a-la-mobilisation-des-travailleurs\\\/\"]}]},{\"@type\":\"ImageObject\",\"inLanguage\":\"fr-FR\",\"@id\":\"https:\\\/\\\/lasentinelle.dz\\\/index.php\\\/2025\\\/12\\\/10\\\/ugta-takdjout-appelle-a-la-mobilisation-des-travailleurs\\\/#primaryimage\",\"url\":\"https:\\\/\\\/lasentinelle.dz\\\/wp-content\\\/uploads\\\/2024\\\/05\\\/Amar-Takdjout.jpeg\",\"contentUrl\":\"https:\\\/\\\/lasentinelle.dz\\\/wp-content\\\/uploads\\\/2024\\\/05\\\/Amar-Takdjout.jpeg\",\"width\":1920,\"height\":1080},{\"@type\":\"BreadcrumbList\",\"@id\":\"https:\\\/\\\/lasentinelle.dz\\\/index.php\\\/2025\\\/12\\\/10\\\/ugta-takdjout-appelle-a-la-mobilisation-des-travailleurs\\\/#breadcrumb\",\"itemListElement\":[{\"@type\":\"ListItem\",\"position\":1,\"name\":\"Accueil\",\"item\":\"https:\\\/\\\/lasentinelle.dz\\\/\"},{\"@type\":\"ListItem\",\"position\":2,\"name\":\"UGTA\u00a0: Takdjout appelle \u00e0 la mobilisation des travailleurs\u00a0\"}]},{\"@type\":\"WebSite\",\"@id\":\"https:\\\/\\\/lasentinelle.dz\\\/#website\",\"url\":\"https:\\\/\\\/lasentinelle.dz\\\/\",\"name\":\"La Sentinelle\",\"description\":\"Quotidien national d&#039;information\",\"publisher\":{\"@id\":\"https:\\\/\\\/lasentinelle.dz\\\/#organization\"},\"potentialAction\":[{\"@type\":\"SearchAction\",\"target\":{\"@type\":\"EntryPoint\",\"urlTemplate\":\"https:\\\/\\\/lasentinelle.dz\\\/?s={search_term_string}\"},\"query-input\":{\"@type\":\"PropertyValueSpecification\",\"valueRequired\":true,\"valueName\":\"search_term_string\"}}],\"inLanguage\":\"fr-FR\"},{\"@type\":\"Organization\",\"@id\":\"https:\\\/\\\/lasentinelle.dz\\\/#organization\",\"name\":\"Quotidien La Sentinelle\",\"url\":\"https:\\\/\\\/lasentinelle.dz\\\/\",\"logo\":{\"@type\":\"ImageObject\",\"inLanguage\":\"fr-FR\",\"@id\":\"https:\\\/\\\/lasentinelle.dz\\\/#\\\/schema\\\/logo\\\/image\\\/\",\"url\":\"https:\\\/\\\/lasentinelle.dz\\\/wp-content\\\/uploads\\\/2021\\\/09\\\/logo-sentinelleSLOGAN-1.png\",\"contentUrl\":\"https:\\\/\\\/lasentinelle.dz\\\/wp-content\\\/uploads\\\/2021\\\/09\\\/logo-sentinelleSLOGAN-1.png\",\"width\":615,\"height\":142,\"caption\":\"Quotidien La Sentinelle\"},\"image\":{\"@id\":\"https:\\\/\\\/lasentinelle.dz\\\/#\\\/schema\\\/logo\\\/image\\\/\"},\"sameAs\":[\"https:\\\/\\\/www.facebook.com\\\/La-Sentinelle-104059864394773\"]},{\"@type\":\"Person\",\"@id\":\"https:\\\/\\\/lasentinelle.dz\\\/#\\\/schema\\\/person\\\/729ee0024f24e0b8c5ec17232f8e8b41\",\"name\":\"admin\",\"image\":{\"@type\":\"ImageObject\",\"inLanguage\":\"fr-FR\",\"@id\":\"https:\\\/\\\/secure.gravatar.com\\\/avatar\\\/4c81fed838786e9b53f540bf46533e750f5d292099ae3b66cfc6fb1982e29df7?s=96&d=mm&r=g\",\"url\":\"https:\\\/\\\/secure.gravatar.com\\\/avatar\\\/4c81fed838786e9b53f540bf46533e750f5d292099ae3b66cfc6fb1982e29df7?s=96&d=mm&r=g\",\"contentUrl\":\"https:\\\/\\\/secure.gravatar.com\\\/avatar\\\/4c81fed838786e9b53f540bf46533e750f5d292099ae3b66cfc6fb1982e29df7?s=96&d=mm&r=g\",\"caption\":\"admin\"},\"description\":\"admin\",\"url\":\"https:\\\/\\\/lasentinelle.dz\\\/author\\\/admin\\\/\"}]}<\/script>\n<!-- \/ Yoast SEO plugin. -->","yoast_head_json":{"title":"UGTA\u00a0: Takdjout appelle \u00e0 la mobilisation des travailleurs\u00a0 - La Sentinelle","robots":{"index":"index","follow":"follow","max-snippet":"max-snippet:-1","max-image-preview":"max-image-preview:large","max-video-preview":"max-video-preview:-1"},"canonical":"https:\/\/lasentinelle.dz\/index.php\/2025\/12\/10\/ugta-takdjout-appelle-a-la-mobilisation-des-travailleurs\/","og_locale":"fr_FR","og_type":"article","og_title":"UGTA\u00a0: Takdjout appelle \u00e0 la mobilisation des travailleurs\u00a0 - La Sentinelle","og_description":"Le Secr\u00e9taire g\u00e9n\u00e9ral de l&rsquo;Union g\u00e9n\u00e9rale des travailleurs alg\u00e9riens, Amar Takdjout, a exhort\u00e9 mardi les travailleurs \u00e0 s&rsquo;engager pleinement dans","og_url":"https:\/\/lasentinelle.dz\/index.php\/2025\/12\/10\/ugta-takdjout-appelle-a-la-mobilisation-des-travailleurs\/","og_site_name":"La Sentinelle","article_publisher":"https:\/\/www.facebook.com\/La-Sentinelle-104059864394773","article_published_time":"2025-12-10T12:06:05+00:00","article_modified_time":"2025-12-10T12:06:06+00:00","og_image":[{"width":1920,"height":1080,"url":"https:\/\/lasentinelle.dz\/wp-content\/uploads\/2024\/05\/Amar-Takdjout.jpeg","type":"image\/jpeg"}],"author":"admin","twitter_card":"summary_large_image","twitter_misc":{"\u00c9crit par":"admin","Dur\u00e9e de lecture estim\u00e9e":"3 minutes"},"schema":{"@context":"https:\/\/schema.org","@graph":[{"@type":"Article","@id":"https:\/\/lasentinelle.dz\/index.php\/2025\/12\/10\/ugta-takdjout-appelle-a-la-mobilisation-des-travailleurs\/#article","isPartOf":{"@id":"https:\/\/lasentinelle.dz\/index.php\/2025\/12\/10\/ugta-takdjout-appelle-a-la-mobilisation-des-travailleurs\/"},"author":{"name":"admin","@id":"https:\/\/lasentinelle.dz\/#\/schema\/person\/729ee0024f24e0b8c5ec17232f8e8b41"},"headline":"UGTA\u00a0: Takdjout appelle \u00e0 la mobilisation des travailleurs\u00a0","datePublished":"2025-12-10T12:06:05+00:00","dateModified":"2025-12-10T12:06:06+00:00","mainEntityOfPage":{"@id":"https:\/\/lasentinelle.dz\/index.php\/2025\/12\/10\/ugta-takdjout-appelle-a-la-mobilisation-des-travailleurs\/"},"wordCount":601,"commentCount":0,"publisher":{"@id":"https:\/\/lasentinelle.dz\/#organization"},"image":{"@id":"https:\/\/lasentinelle.dz\/index.php\/2025\/12\/10\/ugta-takdjout-appelle-a-la-mobilisation-des-travailleurs\/#primaryimage"},"thumbnailUrl":"https:\/\/lasentinelle.dz\/wp-content\/uploads\/2024\/05\/Amar-Takdjout.jpeg","articleSection":["Actualit\u00e9"],"inLanguage":"fr-FR","potentialAction":[{"@type":"CommentAction","name":"Comment","target":["https:\/\/lasentinelle.dz\/index.php\/2025\/12\/10\/ugta-takdjout-appelle-a-la-mobilisation-des-travailleurs\/#respond"]}]},{"@type":"WebPage","@id":"https:\/\/lasentinelle.dz\/index.php\/2025\/12\/10\/ugta-takdjout-appelle-a-la-mobilisation-des-travailleurs\/","url":"https:\/\/lasentinelle.dz\/index.php\/2025\/12\/10\/ugta-takdjout-appelle-a-la-mobilisation-des-travailleurs\/","name":"UGTA\u00a0: Takdjout appelle \u00e0 la mobilisation des travailleurs\u00a0 - La Sentinelle","isPartOf":{"@id":"https:\/\/lasentinelle.dz\/#website"},"primaryImageOfPage":{"@id":"https:\/\/lasentinelle.dz\/index.php\/2025\/12\/10\/ugta-takdjout-appelle-a-la-mobilisation-des-travailleurs\/#primaryimage"},"image":{"@id":"https:\/\/lasentinelle.dz\/index.php\/2025\/12\/10\/ugta-takdjout-appelle-a-la-mobilisation-des-travailleurs\/#primaryimage"},"thumbnailUrl":"https:\/\/lasentinelle.dz\/wp-content\/uploads\/2024\/05\/Amar-Takdjout.jpeg","datePublished":"2025-12-10T12:06:05+00:00","dateModified":"2025-12-10T12:06:06+00:00","breadcrumb":{"@id":"https:\/\/lasentinelle.dz\/index.php\/2025\/12\/10\/ugta-takdjout-appelle-a-la-mobilisation-des-travailleurs\/#breadcrumb"},"inLanguage":"fr-FR","potentialAction":[{"@type":"ReadAction","target":["https:\/\/lasentinelle.dz\/index.php\/2025\/12\/10\/ugta-takdjout-appelle-a-la-mobilisation-des-travailleurs\/"]}]},{"@type":"ImageObject","inLanguage":"fr-FR","@id":"https:\/\/lasentinelle.dz\/index.php\/2025\/12\/10\/ugta-takdjout-appelle-a-la-mobilisation-des-travailleurs\/#primaryimage","url":"https:\/\/lasentinelle.dz\/wp-content\/uploads\/2024\/05\/Amar-Takdjout.jpeg","contentUrl":"https:\/\/lasentinelle.dz\/wp-content\/uploads\/2024\/05\/Amar-Takdjout.jpeg","width":1920,"height":1080},{"@type":"BreadcrumbList","@id":"https:\/\/lasentinelle.dz\/index.php\/2025\/12\/10\/ugta-takdjout-appelle-a-la-mobilisation-des-travailleurs\/#breadcrumb","itemListElement":[{"@type":"ListItem","position":1,"name":"Accueil","item":"https:\/\/lasentinelle.dz\/"},{"@type":"ListItem","position":2,"name":"UGTA\u00a0: Takdjout appelle \u00e0 la mobilisation des travailleurs\u00a0"}]},{"@type":"WebSite","@id":"https:\/\/lasentinelle.dz\/#website","url":"https:\/\/lasentinelle.dz\/","name":"La Sentinelle","description":"Quotidien national d&#039;information","publisher":{"@id":"https:\/\/lasentinelle.dz\/#organization"},"potentialAction":[{"@type":"SearchAction","target":{"@type":"EntryPoint","urlTemplate":"https:\/\/lasentinelle.dz\/?s={search_term_string}"},"query-input":{"@type":"PropertyValueSpecification","valueRequired":true,"valueName":"search_term_string"}}],"inLanguage":"fr-FR"},{"@type":"Organization","@id":"https:\/\/lasentinelle.dz\/#organization","name":"Quotidien La Sentinelle","url":"https:\/\/lasentinelle.dz\/","logo":{"@type":"ImageObject","inLanguage":"fr-FR","@id":"https:\/\/lasentinelle.dz\/#\/schema\/logo\/image\/","url":"https:\/\/lasentinelle.dz\/wp-content\/uploads\/2021\/09\/logo-sentinelleSLOGAN-1.png","contentUrl":"https:\/\/lasentinelle.dz\/wp-content\/uploads\/2021\/09\/logo-sentinelleSLOGAN-1.png","width":615,"height":142,"caption":"Quotidien La Sentinelle"},"image":{"@id":"https:\/\/lasentinelle.dz\/#\/schema\/logo\/image\/"},"sameAs":["https:\/\/www.facebook.com\/La-Sentinelle-104059864394773"]},{"@type":"Person","@id":"https:\/\/lasentinelle.dz\/#\/schema\/person\/729ee0024f24e0b8c5ec17232f8e8b41","name":"admin","image":{"@type":"ImageObject","inLanguage":"fr-FR","@id":"https:\/\/secure.gravatar.com\/avatar\/4c81fed838786e9b53f540bf46533e750f5d292099ae3b66cfc6fb1982e29df7?s=96&d=mm&r=g","url":"https:\/\/secure.gravatar.com\/avatar\/4c81fed838786e9b53f540bf46533e750f5d292099ae3b66cfc6fb1982e29df7?s=96&d=mm&r=g","contentUrl":"https:\/\/secure.gravatar.com\/avatar\/4c81fed838786e9b53f540bf46533e750f5d292099ae3b66cfc6fb1982e29df7?s=96&d=mm&r=g","caption":"admin"},"description":"admin","url":"https:\/\/lasentinelle.dz\/author\/admin\/"}]}},"_links":{"self":[{"href":"https:\/\/lasentinelle.dz\/index.php\/wp-json\/wp\/v2\/posts\/77588","targetHints":{"allow":["GET"]}}],"collection":[{"href":"https:\/\/lasentinelle.dz\/index.php\/wp-json\/wp\/v2\/posts"}],"about":[{"href":"https:\/\/lasentinelle.dz\/index.php\/wp-json\/wp\/v2\/types\/post"}],"author":[{"embeddable":true,"href":"https:\/\/lasentinelle.dz\/index.php\/wp-json\/wp\/v2\/users\/6"}],"replies":[{"embeddable":true,"href":"https:\/\/lasentinelle.dz\/index.php\/wp-json\/wp\/v2\/comments?post=77588"}],"version-history":[{"count":1,"href":"https:\/\/lasentinelle.dz\/index.php\/wp-json\/wp\/v2\/posts\/77588\/revisions"}],"predecessor-version":[{"id":77589,"href":"https:\/\/lasentinelle.dz\/index.php\/wp-json\/wp\/v2\/posts\/77588\/revisions\/77589"}],"wp:featuredmedia":[{"embeddable":true,"href":"https:\/\/lasentinelle.dz\/index.php\/wp-json\/wp\/v2\/media\/51917"}],"wp:attachment":[{"href":"https:\/\/lasentinelle.dz\/index.php\/wp-json\/wp\/v2\/media?parent=77588"}],"wp:term":[{"taxonomy":"category","embeddable":true,"href":"https:\/\/lasentinelle.dz\/index.php\/wp-json\/wp\/v2\/categories?post=77588"},{"taxonomy":"post_tag","embeddable":true,"href":"https:\/\/lasentinelle.dz\/index.php\/wp-json\/wp\/v2\/tags?post=77588"}],"curies":[{"name":"wp","href":"https:\/\/api.w.org\/{rel}","templated":true}]}}