{"id":77590,"date":"2025-12-10T13:07:02","date_gmt":"2025-12-10T12:07:02","guid":{"rendered":"https:\/\/lasentinelle.dz\/?p=77590"},"modified":"2025-12-10T13:07:03","modified_gmt":"2025-12-10T12:07:03","slug":"vers-la-revision-du-code-du-travail","status":"publish","type":"post","link":"https:\/\/lasentinelle.dz\/index.php\/2025\/12\/10\/vers-la-revision-du-code-du-travail\/","title":{"rendered":"Vers la r\u00e9vision du code du travail"},"content":{"rendered":"\n<p>Les autorit\u00e9s publiques s&rsquo;appr\u00eatent \u00e0 r\u00e9viser et adapter les textes r\u00e9gissant le march\u00e9 du travail en Alg\u00e9rie afin de r\u00e9pondre aux transformations \u00e9conomiques et aux exigences du monde professionnel. C&rsquo;est ce qu&rsquo;a r\u00e9v\u00e9l\u00e9 mardi le directeur g\u00e9n\u00e9ral de l&rsquo;Agence nationale de l&#8217;emploi, Abdelkader Djaber, soulignant que les nouveaux d\u00e9fis imposent de reconsid\u00e9rer certains textes, notamment la loi 04-19 relative au placement des travailleurs et au contr\u00f4le de l&#8217;emploi, ainsi que d&rsquo;autres dispositions r\u00e9glementaires concernant le syst\u00e8me de l&#8217;emploi. Invit\u00e9 de l&rsquo;\u00e9mission \u00ab\u00a0L&rsquo;invit\u00e9 du matin\u00a0\u00bb sur la Cha\u00eene I de la Radio alg\u00e9rienne, Abdelkader Djaber a annonc\u00e9 qu&rsquo;il existe une orientation claire des pouvoirs publics pour moderniser le cadre juridique du travail. Le responsable a profit\u00e9 de cette tribune pour dresser un bilan des performances de l&rsquo;Agence nationale de l&#8217;emploi, r\u00e9v\u00e9lant que celle-ci pourvoit d\u00e9sormais 400 000 postes d&#8217;emploi par an, contre 250 000 auparavant. Il a \u00e9galement indiqu\u00e9 que lors de visites sur le terrain aupr\u00e8s d&rsquo;entreprises \u00e9conomiques des secteurs public et priv\u00e9, l&rsquo;agence a pu identifier quelque 100 000 offres d&#8217;emploi. Pr\u00e9cisant le r\u00f4le de son institution, Djaber a expliqu\u00e9 que \u00ab\u00a0le r\u00f4le de l&rsquo;agence est l&rsquo;interm\u00e9diation entre les demandeurs d&#8217;emploi et le monde du travail\u00a0\u00bb. Cette mission d&rsquo;interm\u00e9diation s&rsquo;accompagne d&rsquo;une coordination \u00e9troite avec d&rsquo;autres organismes publics. L&rsquo;Agence nationale de l&#8217;emploi travaille ainsi en synergie avec l&rsquo;Agence nationale de soutien \u00e0 l&#8217;emploi des jeunes (ANSEJ) et l&rsquo;Agence nationale de gestion du microcr\u00e9dit (ANGEM). Elle a \u00e9galement renforc\u00e9 sa coop\u00e9ration avec les universit\u00e9s en organisant des s\u00e9minaires destin\u00e9s \u00e0 accompagner les \u00e9tudiants et \u00e0 faciliter leur insertion dans le monde entrepreneurial apr\u00e8s l&rsquo;obtention de leur dipl\u00f4me. Sur le plan de la transformation num\u00e9rique, Abdelkader Djaber a r\u00e9v\u00e9l\u00e9 que l&rsquo;Agence de l&#8217;emploi des jeunes s&rsquo;appuie actuellement sur la num\u00e9risation de 90% de ses services, y compris la plateforme de l&rsquo;allocation ch\u00f4mage. Le directeur g\u00e9n\u00e9ral a annonc\u00e9 une \u00e9volution majeure en pr\u00e9cisant que \u00ab\u00a0le syst\u00e8me informatique interm\u00e9diaire en vigueur depuis 2015 sera remplac\u00e9 par un nouveau syst\u00e8me bas\u00e9 sur l&rsquo;intelligence artificielle pour l&rsquo;\u00e9tude des offres et demandes d&#8217;emploi, qui sera lanc\u00e9 d\u00e9but 2026\u00a0\u00bb. Pour renforcer la transparence dans le traitement des offres d&#8217;emploi, l&rsquo;agence dispose d&rsquo;une plateforme majeure d\u00e9di\u00e9e aux grandes entreprises, exploit\u00e9e par 26 soci\u00e9t\u00e9s nationales dont Sonatrach. Cette digitalisation vise \u00e0 moderniser les processus de recrutement et \u00e0 am\u00e9liorer l&rsquo;efficacit\u00e9 du placement des demandeurs d&#8217;emploi. Concernant le profil des demandeurs d&#8217;emploi, le responsable a r\u00e9v\u00e9l\u00e9 que 86% des inscrits au fichier national des demandeurs d&#8217;emploi sont des jeunes de moins de 35 ans, dont la moiti\u00e9 sans dipl\u00f4me. L&rsquo;agence travaille en coordination avec les secteurs de la formation professionnelle et de l&rsquo;enseignement sup\u00e9rieur pour adapter les programmes de formation aux besoins du march\u00e9. Djaber a soulign\u00e9 que l&rsquo;agence ne se limite pas au recensement des demandes d&#8217;emplois salari\u00e9s, mais englobe \u00e9galement les professions lib\u00e9rales et l&rsquo;auto-entrepreneuriat.<\/p>\n\n\n\n<p>\u00c9voquant les perspectives d&rsquo;avenir, le directeur g\u00e9n\u00e9ral de l\u2019Anem a indiqu\u00e9 qu&rsquo;avec le lancement de grands projets tels que l&rsquo;exploitation de la mine de Gara Djebilet \u00e0 Tindouf, le projet ferroviaire de B\u00e9char et le projet de phosphate \u00e0 T\u00e9bessa, ces initiatives devraient contribuer \u00e0 la cr\u00e9ation de milliers de postes et all\u00e9ger la pression sur le march\u00e9 du travail.<\/p>\n\n\n\n<p>L&rsquo;invit\u00e9 de la Radio a \u00e9galement soulign\u00e9 l&rsquo;importance du secteur priv\u00e9 dans la dynamique de l&#8217;emploi, affirmant que \u00ab\u00a0le secteur priv\u00e9 repr\u00e9sente 80% des opportunit\u00e9s d&#8217;emploi disponibles et supporte la plus grande part dans l&rsquo;absorption du ch\u00f4mage et la stimulation de la croissance \u00e9conomique\u00a0\u00bb. Il a pr\u00e9cis\u00e9 que les b\u00e9n\u00e9ficiaires de l&rsquo;allocation ch\u00f4mage appartiennent \u00e0 trois cat\u00e9gories, notamment les dipl\u00f4m\u00e9s universitaires, les sortants des centres et instituts de formation professionnelle, et les ch\u00f4meurs sans qualifications. Dans ce contexte, il a r\u00e9v\u00e9l\u00e9 que plus de 600 000 demandeurs d&#8217;emploi ont b\u00e9n\u00e9fici\u00e9 de programmes de formation et de qualification depuis mars 2022.<\/p>\n\n\n\n<p>Malik Meziane<\/p>\n","protected":false},"excerpt":{"rendered":"<p>Les autorit\u00e9s publiques s&rsquo;appr\u00eatent \u00e0 r\u00e9viser et adapter les textes r\u00e9gissant le march\u00e9 du travail en Alg\u00e9rie afin de r\u00e9pondre<\/p>\n","protected":false},"author":6,"featured_media":19099,"comment_status":"open","ping_status":"closed","sticky":false,"template":"","format":"standard","meta":{"colormag_page_container_layout":"default_layout","colormag_page_sidebar_layout":"default_layout","om_disable_all_campaigns":false,"_monsterinsights_skip_tracking":false,"_monsterinsights_sitenote_active":false,"_monsterinsights_sitenote_note":"","_monsterinsights_sitenote_category":0,"footnotes":"","_wpscppro_dont_share_socialmedia":false,"_wpscppro_custom_social_share_image":0,"_facebook_share_type":"default","_twitter_share_type":"default","_linkedin_share_type":"default","_pinterest_share_type":"default","_linkedin_share_type_page":"","_instagram_share_type":"default","_medium_share_type":"default","_threads_share_type":"default","_google_business_share_type":"default","_selected_social_profile":[],"_wpsp_enable_custom_social_template":false,"_wpsp_social_scheduling":{"enabled":false,"datetime":null,"platforms":[],"status":"template_only","dateOption":"today","timeOption":"now","customDays":"","customHours":"","customDate":"","customTime":"","schedulingType":"absolute"},"_wpsp_active_default_template":true},"categories":[27],"tags":[],"class_list":["post-77590","post","type-post","status-publish","format-standard","has-post-thumbnail","hentry","category-actualite"],"aioseo_notices":[],"yoast_head":"<!-- This site is optimized with the Yoast SEO plugin v27.5 - https:\/\/yoast.com\/product\/yoast-seo-wordpress\/ -->\n<title>Vers la r\u00e9vision du code du travail - La Sentinelle<\/title>\n<meta name=\"robots\" content=\"index, follow, max-snippet:-1, max-image-preview:large, max-video-preview:-1\" \/>\n<link rel=\"canonical\" href=\"https:\/\/lasentinelle.dz\/index.php\/2025\/12\/10\/vers-la-revision-du-code-du-travail\/\" \/>\n<meta property=\"og:locale\" content=\"fr_FR\" \/>\n<meta property=\"og:type\" content=\"article\" \/>\n<meta property=\"og:title\" content=\"Vers la r\u00e9vision du code du travail - La Sentinelle\" \/>\n<meta property=\"og:description\" content=\"Les autorit\u00e9s publiques s&rsquo;appr\u00eatent \u00e0 r\u00e9viser et adapter les textes r\u00e9gissant le march\u00e9 du travail en Alg\u00e9rie afin de r\u00e9pondre\" \/>\n<meta property=\"og:url\" content=\"https:\/\/lasentinelle.dz\/index.php\/2025\/12\/10\/vers-la-revision-du-code-du-travail\/\" \/>\n<meta property=\"og:site_name\" content=\"La Sentinelle\" \/>\n<meta property=\"article:publisher\" content=\"https:\/\/www.facebook.com\/La-Sentinelle-104059864394773\" \/>\n<meta property=\"article:published_time\" content=\"2025-12-10T12:07:02+00:00\" \/>\n<meta property=\"article:modified_time\" content=\"2025-12-10T12:07:03+00:00\" \/>\n<meta property=\"og:image\" content=\"https:\/\/lasentinelle.dz\/wp-content\/uploads\/2022\/03\/anem-2.png\" \/>\n\t<meta property=\"og:image:width\" content=\"1491\" \/>\n\t<meta property=\"og:image:height\" content=\"900\" \/>\n\t<meta property=\"og:image:type\" content=\"image\/png\" \/>\n<meta name=\"author\" content=\"admin\" \/>\n<meta name=\"twitter:card\" content=\"summary_large_image\" \/>\n<meta name=\"twitter:label1\" content=\"\u00c9crit par\" \/>\n\t<meta name=\"twitter:data1\" content=\"admin\" \/>\n\t<meta name=\"twitter:label2\" content=\"Dur\u00e9e de lecture estim\u00e9e\" \/>\n\t<meta name=\"twitter:data2\" content=\"4 minutes\" \/>\n<script type=\"application\/ld+json\" class=\"yoast-schema-graph\">{\"@context\":\"https:\\\/\\\/schema.org\",\"@graph\":[{\"@type\":\"Article\",\"@id\":\"https:\\\/\\\/lasentinelle.dz\\\/index.php\\\/2025\\\/12\\\/10\\\/vers-la-revision-du-code-du-travail\\\/#article\",\"isPartOf\":{\"@id\":\"https:\\\/\\\/lasentinelle.dz\\\/index.php\\\/2025\\\/12\\\/10\\\/vers-la-revision-du-code-du-travail\\\/\"},\"author\":{\"name\":\"admin\",\"@id\":\"https:\\\/\\\/lasentinelle.dz\\\/#\\\/schema\\\/person\\\/729ee0024f24e0b8c5ec17232f8e8b41\"},\"headline\":\"Vers la r\u00e9vision du code du travail\",\"datePublished\":\"2025-12-10T12:07:02+00:00\",\"dateModified\":\"2025-12-10T12:07:03+00:00\",\"mainEntityOfPage\":{\"@id\":\"https:\\\/\\\/lasentinelle.dz\\\/index.php\\\/2025\\\/12\\\/10\\\/vers-la-revision-du-code-du-travail\\\/\"},\"wordCount\":748,\"commentCount\":0,\"publisher\":{\"@id\":\"https:\\\/\\\/lasentinelle.dz\\\/#organization\"},\"image\":{\"@id\":\"https:\\\/\\\/lasentinelle.dz\\\/index.php\\\/2025\\\/12\\\/10\\\/vers-la-revision-du-code-du-travail\\\/#primaryimage\"},\"thumbnailUrl\":\"https:\\\/\\\/lasentinelle.dz\\\/wp-content\\\/uploads\\\/2022\\\/03\\\/anem-2.png\",\"articleSection\":[\"Actualit\u00e9\"],\"inLanguage\":\"fr-FR\",\"potentialAction\":[{\"@type\":\"CommentAction\",\"name\":\"Comment\",\"target\":[\"https:\\\/\\\/lasentinelle.dz\\\/index.php\\\/2025\\\/12\\\/10\\\/vers-la-revision-du-code-du-travail\\\/#respond\"]}]},{\"@type\":\"WebPage\",\"@id\":\"https:\\\/\\\/lasentinelle.dz\\\/index.php\\\/2025\\\/12\\\/10\\\/vers-la-revision-du-code-du-travail\\\/\",\"url\":\"https:\\\/\\\/lasentinelle.dz\\\/index.php\\\/2025\\\/12\\\/10\\\/vers-la-revision-du-code-du-travail\\\/\",\"name\":\"Vers la r\u00e9vision du code du travail - La Sentinelle\",\"isPartOf\":{\"@id\":\"https:\\\/\\\/lasentinelle.dz\\\/#website\"},\"primaryImageOfPage\":{\"@id\":\"https:\\\/\\\/lasentinelle.dz\\\/index.php\\\/2025\\\/12\\\/10\\\/vers-la-revision-du-code-du-travail\\\/#primaryimage\"},\"image\":{\"@id\":\"https:\\\/\\\/lasentinelle.dz\\\/index.php\\\/2025\\\/12\\\/10\\\/vers-la-revision-du-code-du-travail\\\/#primaryimage\"},\"thumbnailUrl\":\"https:\\\/\\\/lasentinelle.dz\\\/wp-content\\\/uploads\\\/2022\\\/03\\\/anem-2.png\",\"datePublished\":\"2025-12-10T12:07:02+00:00\",\"dateModified\":\"2025-12-10T12:07:03+00:00\",\"breadcrumb\":{\"@id\":\"https:\\\/\\\/lasentinelle.dz\\\/index.php\\\/2025\\\/12\\\/10\\\/vers-la-revision-du-code-du-travail\\\/#breadcrumb\"},\"inLanguage\":\"fr-FR\",\"potentialAction\":[{\"@type\":\"ReadAction\",\"target\":[\"https:\\\/\\\/lasentinelle.dz\\\/index.php\\\/2025\\\/12\\\/10\\\/vers-la-revision-du-code-du-travail\\\/\"]}]},{\"@type\":\"ImageObject\",\"inLanguage\":\"fr-FR\",\"@id\":\"https:\\\/\\\/lasentinelle.dz\\\/index.php\\\/2025\\\/12\\\/10\\\/vers-la-revision-du-code-du-travail\\\/#primaryimage\",\"url\":\"https:\\\/\\\/lasentinelle.dz\\\/wp-content\\\/uploads\\\/2022\\\/03\\\/anem-2.png\",\"contentUrl\":\"https:\\\/\\\/lasentinelle.dz\\\/wp-content\\\/uploads\\\/2022\\\/03\\\/anem-2.png\",\"width\":1491,\"height\":900},{\"@type\":\"BreadcrumbList\",\"@id\":\"https:\\\/\\\/lasentinelle.dz\\\/index.php\\\/2025\\\/12\\\/10\\\/vers-la-revision-du-code-du-travail\\\/#breadcrumb\",\"itemListElement\":[{\"@type\":\"ListItem\",\"position\":1,\"name\":\"Accueil\",\"item\":\"https:\\\/\\\/lasentinelle.dz\\\/\"},{\"@type\":\"ListItem\",\"position\":2,\"name\":\"Vers la r\u00e9vision du code du travail\"}]},{\"@type\":\"WebSite\",\"@id\":\"https:\\\/\\\/lasentinelle.dz\\\/#website\",\"url\":\"https:\\\/\\\/lasentinelle.dz\\\/\",\"name\":\"La Sentinelle\",\"description\":\"Quotidien national d&#039;information\",\"publisher\":{\"@id\":\"https:\\\/\\\/lasentinelle.dz\\\/#organization\"},\"potentialAction\":[{\"@type\":\"SearchAction\",\"target\":{\"@type\":\"EntryPoint\",\"urlTemplate\":\"https:\\\/\\\/lasentinelle.dz\\\/?s={search_term_string}\"},\"query-input\":{\"@type\":\"PropertyValueSpecification\",\"valueRequired\":true,\"valueName\":\"search_term_string\"}}],\"inLanguage\":\"fr-FR\"},{\"@type\":\"Organization\",\"@id\":\"https:\\\/\\\/lasentinelle.dz\\\/#organization\",\"name\":\"Quotidien La Sentinelle\",\"url\":\"https:\\\/\\\/lasentinelle.dz\\\/\",\"logo\":{\"@type\":\"ImageObject\",\"inLanguage\":\"fr-FR\",\"@id\":\"https:\\\/\\\/lasentinelle.dz\\\/#\\\/schema\\\/logo\\\/image\\\/\",\"url\":\"https:\\\/\\\/lasentinelle.dz\\\/wp-content\\\/uploads\\\/2021\\\/09\\\/logo-sentinelleSLOGAN-1.png\",\"contentUrl\":\"https:\\\/\\\/lasentinelle.dz\\\/wp-content\\\/uploads\\\/2021\\\/09\\\/logo-sentinelleSLOGAN-1.png\",\"width\":615,\"height\":142,\"caption\":\"Quotidien La Sentinelle\"},\"image\":{\"@id\":\"https:\\\/\\\/lasentinelle.dz\\\/#\\\/schema\\\/logo\\\/image\\\/\"},\"sameAs\":[\"https:\\\/\\\/www.facebook.com\\\/La-Sentinelle-104059864394773\"]},{\"@type\":\"Person\",\"@id\":\"https:\\\/\\\/lasentinelle.dz\\\/#\\\/schema\\\/person\\\/729ee0024f24e0b8c5ec17232f8e8b41\",\"name\":\"admin\",\"image\":{\"@type\":\"ImageObject\",\"inLanguage\":\"fr-FR\",\"@id\":\"https:\\\/\\\/secure.gravatar.com\\\/avatar\\\/4c81fed838786e9b53f540bf46533e750f5d292099ae3b66cfc6fb1982e29df7?s=96&d=mm&r=g\",\"url\":\"https:\\\/\\\/secure.gravatar.com\\\/avatar\\\/4c81fed838786e9b53f540bf46533e750f5d292099ae3b66cfc6fb1982e29df7?s=96&d=mm&r=g\",\"contentUrl\":\"https:\\\/\\\/secure.gravatar.com\\\/avatar\\\/4c81fed838786e9b53f540bf46533e750f5d292099ae3b66cfc6fb1982e29df7?s=96&d=mm&r=g\",\"caption\":\"admin\"},\"description\":\"admin\",\"url\":\"https:\\\/\\\/lasentinelle.dz\\\/author\\\/admin\\\/\"}]}<\/script>\n<!-- \/ Yoast SEO plugin. -->","yoast_head_json":{"title":"Vers la r\u00e9vision du code du travail - La Sentinelle","robots":{"index":"index","follow":"follow","max-snippet":"max-snippet:-1","max-image-preview":"max-image-preview:large","max-video-preview":"max-video-preview:-1"},"canonical":"https:\/\/lasentinelle.dz\/index.php\/2025\/12\/10\/vers-la-revision-du-code-du-travail\/","og_locale":"fr_FR","og_type":"article","og_title":"Vers la r\u00e9vision du code du travail - La Sentinelle","og_description":"Les autorit\u00e9s publiques s&rsquo;appr\u00eatent \u00e0 r\u00e9viser et adapter les textes r\u00e9gissant le march\u00e9 du travail en Alg\u00e9rie afin de r\u00e9pondre","og_url":"https:\/\/lasentinelle.dz\/index.php\/2025\/12\/10\/vers-la-revision-du-code-du-travail\/","og_site_name":"La Sentinelle","article_publisher":"https:\/\/www.facebook.com\/La-Sentinelle-104059864394773","article_published_time":"2025-12-10T12:07:02+00:00","article_modified_time":"2025-12-10T12:07:03+00:00","og_image":[{"width":1491,"height":900,"url":"https:\/\/lasentinelle.dz\/wp-content\/uploads\/2022\/03\/anem-2.png","type":"image\/png"}],"author":"admin","twitter_card":"summary_large_image","twitter_misc":{"\u00c9crit par":"admin","Dur\u00e9e de lecture estim\u00e9e":"4 minutes"},"schema":{"@context":"https:\/\/schema.org","@graph":[{"@type":"Article","@id":"https:\/\/lasentinelle.dz\/index.php\/2025\/12\/10\/vers-la-revision-du-code-du-travail\/#article","isPartOf":{"@id":"https:\/\/lasentinelle.dz\/index.php\/2025\/12\/10\/vers-la-revision-du-code-du-travail\/"},"author":{"name":"admin","@id":"https:\/\/lasentinelle.dz\/#\/schema\/person\/729ee0024f24e0b8c5ec17232f8e8b41"},"headline":"Vers la r\u00e9vision du code du travail","datePublished":"2025-12-10T12:07:02+00:00","dateModified":"2025-12-10T12:07:03+00:00","mainEntityOfPage":{"@id":"https:\/\/lasentinelle.dz\/index.php\/2025\/12\/10\/vers-la-revision-du-code-du-travail\/"},"wordCount":748,"commentCount":0,"publisher":{"@id":"https:\/\/lasentinelle.dz\/#organization"},"image":{"@id":"https:\/\/lasentinelle.dz\/index.php\/2025\/12\/10\/vers-la-revision-du-code-du-travail\/#primaryimage"},"thumbnailUrl":"https:\/\/lasentinelle.dz\/wp-content\/uploads\/2022\/03\/anem-2.png","articleSection":["Actualit\u00e9"],"inLanguage":"fr-FR","potentialAction":[{"@type":"CommentAction","name":"Comment","target":["https:\/\/lasentinelle.dz\/index.php\/2025\/12\/10\/vers-la-revision-du-code-du-travail\/#respond"]}]},{"@type":"WebPage","@id":"https:\/\/lasentinelle.dz\/index.php\/2025\/12\/10\/vers-la-revision-du-code-du-travail\/","url":"https:\/\/lasentinelle.dz\/index.php\/2025\/12\/10\/vers-la-revision-du-code-du-travail\/","name":"Vers la r\u00e9vision du code du travail - La Sentinelle","isPartOf":{"@id":"https:\/\/lasentinelle.dz\/#website"},"primaryImageOfPage":{"@id":"https:\/\/lasentinelle.dz\/index.php\/2025\/12\/10\/vers-la-revision-du-code-du-travail\/#primaryimage"},"image":{"@id":"https:\/\/lasentinelle.dz\/index.php\/2025\/12\/10\/vers-la-revision-du-code-du-travail\/#primaryimage"},"thumbnailUrl":"https:\/\/lasentinelle.dz\/wp-content\/uploads\/2022\/03\/anem-2.png","datePublished":"2025-12-10T12:07:02+00:00","dateModified":"2025-12-10T12:07:03+00:00","breadcrumb":{"@id":"https:\/\/lasentinelle.dz\/index.php\/2025\/12\/10\/vers-la-revision-du-code-du-travail\/#breadcrumb"},"inLanguage":"fr-FR","potentialAction":[{"@type":"ReadAction","target":["https:\/\/lasentinelle.dz\/index.php\/2025\/12\/10\/vers-la-revision-du-code-du-travail\/"]}]},{"@type":"ImageObject","inLanguage":"fr-FR","@id":"https:\/\/lasentinelle.dz\/index.php\/2025\/12\/10\/vers-la-revision-du-code-du-travail\/#primaryimage","url":"https:\/\/lasentinelle.dz\/wp-content\/uploads\/2022\/03\/anem-2.png","contentUrl":"https:\/\/lasentinelle.dz\/wp-content\/uploads\/2022\/03\/anem-2.png","width":1491,"height":900},{"@type":"BreadcrumbList","@id":"https:\/\/lasentinelle.dz\/index.php\/2025\/12\/10\/vers-la-revision-du-code-du-travail\/#breadcrumb","itemListElement":[{"@type":"ListItem","position":1,"name":"Accueil","item":"https:\/\/lasentinelle.dz\/"},{"@type":"ListItem","position":2,"name":"Vers la r\u00e9vision du code du travail"}]},{"@type":"WebSite","@id":"https:\/\/lasentinelle.dz\/#website","url":"https:\/\/lasentinelle.dz\/","name":"La Sentinelle","description":"Quotidien national d&#039;information","publisher":{"@id":"https:\/\/lasentinelle.dz\/#organization"},"potentialAction":[{"@type":"SearchAction","target":{"@type":"EntryPoint","urlTemplate":"https:\/\/lasentinelle.dz\/?s={search_term_string}"},"query-input":{"@type":"PropertyValueSpecification","valueRequired":true,"valueName":"search_term_string"}}],"inLanguage":"fr-FR"},{"@type":"Organization","@id":"https:\/\/lasentinelle.dz\/#organization","name":"Quotidien La Sentinelle","url":"https:\/\/lasentinelle.dz\/","logo":{"@type":"ImageObject","inLanguage":"fr-FR","@id":"https:\/\/lasentinelle.dz\/#\/schema\/logo\/image\/","url":"https:\/\/lasentinelle.dz\/wp-content\/uploads\/2021\/09\/logo-sentinelleSLOGAN-1.png","contentUrl":"https:\/\/lasentinelle.dz\/wp-content\/uploads\/2021\/09\/logo-sentinelleSLOGAN-1.png","width":615,"height":142,"caption":"Quotidien La Sentinelle"},"image":{"@id":"https:\/\/lasentinelle.dz\/#\/schema\/logo\/image\/"},"sameAs":["https:\/\/www.facebook.com\/La-Sentinelle-104059864394773"]},{"@type":"Person","@id":"https:\/\/lasentinelle.dz\/#\/schema\/person\/729ee0024f24e0b8c5ec17232f8e8b41","name":"admin","image":{"@type":"ImageObject","inLanguage":"fr-FR","@id":"https:\/\/secure.gravatar.com\/avatar\/4c81fed838786e9b53f540bf46533e750f5d292099ae3b66cfc6fb1982e29df7?s=96&d=mm&r=g","url":"https:\/\/secure.gravatar.com\/avatar\/4c81fed838786e9b53f540bf46533e750f5d292099ae3b66cfc6fb1982e29df7?s=96&d=mm&r=g","contentUrl":"https:\/\/secure.gravatar.com\/avatar\/4c81fed838786e9b53f540bf46533e750f5d292099ae3b66cfc6fb1982e29df7?s=96&d=mm&r=g","caption":"admin"},"description":"admin","url":"https:\/\/lasentinelle.dz\/author\/admin\/"}]}},"_links":{"self":[{"href":"https:\/\/lasentinelle.dz\/index.php\/wp-json\/wp\/v2\/posts\/77590","targetHints":{"allow":["GET"]}}],"collection":[{"href":"https:\/\/lasentinelle.dz\/index.php\/wp-json\/wp\/v2\/posts"}],"about":[{"href":"https:\/\/lasentinelle.dz\/index.php\/wp-json\/wp\/v2\/types\/post"}],"author":[{"embeddable":true,"href":"https:\/\/lasentinelle.dz\/index.php\/wp-json\/wp\/v2\/users\/6"}],"replies":[{"embeddable":true,"href":"https:\/\/lasentinelle.dz\/index.php\/wp-json\/wp\/v2\/comments?post=77590"}],"version-history":[{"count":1,"href":"https:\/\/lasentinelle.dz\/index.php\/wp-json\/wp\/v2\/posts\/77590\/revisions"}],"predecessor-version":[{"id":77591,"href":"https:\/\/lasentinelle.dz\/index.php\/wp-json\/wp\/v2\/posts\/77590\/revisions\/77591"}],"wp:featuredmedia":[{"embeddable":true,"href":"https:\/\/lasentinelle.dz\/index.php\/wp-json\/wp\/v2\/media\/19099"}],"wp:attachment":[{"href":"https:\/\/lasentinelle.dz\/index.php\/wp-json\/wp\/v2\/media?parent=77590"}],"wp:term":[{"taxonomy":"category","embeddable":true,"href":"https:\/\/lasentinelle.dz\/index.php\/wp-json\/wp\/v2\/categories?post=77590"},{"taxonomy":"post_tag","embeddable":true,"href":"https:\/\/lasentinelle.dz\/index.php\/wp-json\/wp\/v2\/tags?post=77590"}],"curies":[{"name":"wp","href":"https:\/\/api.w.org\/{rel}","templated":true}]}}