{"id":77592,"date":"2025-12-10T13:07:52","date_gmt":"2025-12-10T12:07:52","guid":{"rendered":"https:\/\/lasentinelle.dz\/?p=77592"},"modified":"2025-12-10T13:07:54","modified_gmt":"2025-12-10T12:07:54","slug":"le-gouvernement-finalise-ses-propositions-la-revalorisation-des-retraites-se-precise","status":"publish","type":"post","link":"https:\/\/lasentinelle.dz\/index.php\/2025\/12\/10\/le-gouvernement-finalise-ses-propositions-la-revalorisation-des-retraites-se-precise\/","title":{"rendered":"Le Gouvernement finalise ses propositions\u00a0: La revalorisation des retraites se pr\u00e9cise"},"content":{"rendered":"\n<p>Les propositions du Gouvernement seront soumises au prochain Conseil des ministres pour d\u00e9cision finale.<\/p>\n\n\n\n<p>Le Premier ministre Sifi Ghrieb a pr\u00e9sid\u00e9 mardi une r\u00e9union du Gouvernement au cours de laquelle ont \u00e9t\u00e9 examin\u00e9es les propositions relatives \u00e0 la revalorisation des pensions et allocations de retraite, qui seront soumises au prochain Conseil des ministres pour d\u00e9cision. Cette mesure, attendue par des millions de retrait\u00e9s alg\u00e9riens, s&rsquo;inscrit dans la continuit\u00e9 des d\u00e9cisions sociales majeures adopt\u00e9es r\u00e9cemment, notamment l&rsquo;augmentation du salaire national minimum garanti port\u00e9 \u00e0 24 000 dinars et la revalorisation de l&rsquo;allocation ch\u00f4mage fix\u00e9e \u00e0 18 000 dinars.<\/p>\n\n\n\n<p>Conform\u00e9ment aux orientations du pr\u00e9sident de la R\u00e9publique \u00e9dict\u00e9es lors du Conseil des ministres du 30 novembre dernier, le Gouvernement a donc franchi une \u00e9tape d\u00e9cisive dans la concr\u00e9tisation de l&rsquo;engagement pr\u00e9sidentiel d&rsquo;am\u00e9liorer le pouvoir d&rsquo;achat des retrait\u00e9s. Selon le communiqu\u00e9 des services du Premier ministre, ces propositions seront soumises au prochain Conseil des ministres pour d\u00e9cision finale. Cette revalorisation devrait \u00eatre d&rsquo;autant plus significative que l&rsquo;augmentation du SNMG, qui constitue la base de calcul de nombreuses prestations sociales, aura n\u00e9cessairement une incidence sur le montant des pensions.<\/p>\n\n\n\n<p>Il convient de rappeler que le Pr\u00e9sident Tebboune a annonc\u00e9 \u00e0 plusieurs reprises son intention de revoir \u00e0 la hausse les pensions de retraite. En 2024, des augmentations allant de 10 \u00e0 15 % des pensions et allocations de retraite avaient \u00e9t\u00e9 d\u00e9cid\u00e9es. La nouvelle revalorisation annonc\u00e9e s&rsquo;inscrit dans cette dynamique d&rsquo;am\u00e9lioration continue du pouvoir d&rsquo;achat des citoyens et de renforcement de la protection sociale. Ces d\u00e9cisions gouvernementales s&rsquo;inscrivent dans le sillage des mesures sociales d&rsquo;envergure adopt\u00e9es lors du r\u00e9cent Conseil des ministres, qui avait notamment d\u00e9cid\u00e9 de porter le SNMG \u00e0 24 000 dinars \u00e0 partir du 1er janvier 2026, soit une augmentation de 4 000 dinars par rapport au niveau actuel de 20 000 dinars. Il s&rsquo;agit de la plus cons\u00e9quente augmentation du salaire minimum depuis des d\u00e9cennies.<\/p>\n\n\n\n<p>Concernant l&rsquo;allocation ch\u00f4mage, celle-ci a \u00e9t\u00e9 port\u00e9e \u00e0 18 000 dinars et sera accord\u00e9e pendant une ann\u00e9e \u00e0 tout ch\u00f4meur, au lieu de 15 000 dinars accord\u00e9s pendant six mois renouvelables une fois. Selon le ministre du Travail, de l&rsquo;Emploi et de la S\u00e9curit\u00e9 sociale, Abdelhak Sa\u00efhi, plus de 560 000 jeunes b\u00e9n\u00e9ficiaires de l&rsquo;allocation ch\u00f4mage ont pu \u00eatre recrut\u00e9s dans des entreprises publiques et priv\u00e9es \u00e0 la fin octobre dernier.<\/p>\n\n\n\n<p>Au-del\u00e0 de ce dossier social prioritaire, la r\u00e9union du Gouvernement a \u00e9t\u00e9 consacr\u00e9e \u00e0 plusieurs autres points strat\u00e9giques. Le Gouvernement a notamment poursuivi l&rsquo;examen du projet de d\u00e9cret pr\u00e9sidentiel portant syst\u00e8me national de gouvernance des donn\u00e9es, qui vise \u00e0 mettre en place un cadre juridique pour la gestion et la s\u00e9curit\u00e9 des donn\u00e9es publiques d&rsquo;int\u00e9r\u00eat national. Dans le cadre de la concr\u00e9tisation de la transformation num\u00e9rique du pays, le Gouvernement a entendu trois communications importantes. La premi\u00e8re a port\u00e9 sur le bilan des projets strat\u00e9giques r\u00e9alis\u00e9s dans ce domaine, la deuxi\u00e8me sur la r\u00e9alisation et la mise en service du premier datacenter national, et la troisi\u00e8me sur la r\u00e9alisation de la base de donn\u00e9es nationales destin\u00e9e \u00e0 faciliter la prise de d\u00e9cision. Ces avanc\u00e9es t\u00e9moignent de la volont\u00e9 des autorit\u00e9s de moderniser l&rsquo;administration et d&rsquo;am\u00e9liorer la gouvernance par le num\u00e9rique.<\/p>\n\n\n\n<p>Enfin, dans le cadre du suivi des grands projets structurants, le Gouvernement a entendu une communication sur l&rsquo;\u00e9tat d&rsquo;avancement du projet de r\u00e9alisation de la p\u00e9n\u00e9trante autorouti\u00e8re reliant le port de Djen-Djen, dans la wilaya de Jijel, \u00e0 l&rsquo;autoroute Est-Ouest au niveau de l&rsquo;\u00e9changeur d&rsquo;El Eulma, dans la wilaya de S\u00e9tif, sur une distance de 110 kilom\u00e8tres. Ce projet d&rsquo;envergure devrait consid\u00e9rablement am\u00e9liorer la connectivit\u00e9 entre le port de Jijel et le r\u00e9seau autoroutier national.<\/p>\n\n\n\n<p>Lyna Larbi<\/p>\n","protected":false},"excerpt":{"rendered":"<p>Les propositions du Gouvernement seront soumises au prochain Conseil des ministres pour d\u00e9cision finale. Le Premier ministre Sifi Ghrieb a<\/p>\n","protected":false},"author":6,"featured_media":77593,"comment_status":"open","ping_status":"closed","sticky":false,"template":"","format":"standard","meta":{"colormag_page_container_layout":"default_layout","colormag_page_sidebar_layout":"default_layout","om_disable_all_campaigns":false,"_monsterinsights_skip_tracking":false,"_monsterinsights_sitenote_active":false,"_monsterinsights_sitenote_note":"","_monsterinsights_sitenote_category":0,"footnotes":"","_wpscppro_dont_share_socialmedia":false,"_wpscppro_custom_social_share_image":0,"_facebook_share_type":"default","_twitter_share_type":"default","_linkedin_share_type":"default","_pinterest_share_type":"default","_linkedin_share_type_page":"","_instagram_share_type":"default","_medium_share_type":"default","_threads_share_type":"default","_google_business_share_type":"default","_selected_social_profile":[],"_wpsp_enable_custom_social_template":false,"_wpsp_social_scheduling":{"enabled":false,"datetime":null,"platforms":[],"status":"template_only","dateOption":"today","timeOption":"now","customDays":"","customHours":"","customDate":"","customTime":"","schedulingType":"absolute"},"_wpsp_active_default_template":true},"categories":[52,27],"tags":[],"class_list":["post-77592","post","type-post","status-publish","format-standard","has-post-thumbnail","hentry","category-a-la-une","category-actualite"],"aioseo_notices":[],"yoast_head":"<!-- This site is optimized with the Yoast SEO plugin v27.5 - https:\/\/yoast.com\/product\/yoast-seo-wordpress\/ -->\n<title>Le Gouvernement finalise ses propositions\u00a0: La revalorisation des retraites se pr\u00e9cise - La Sentinelle<\/title>\n<meta name=\"robots\" content=\"index, follow, max-snippet:-1, max-image-preview:large, max-video-preview:-1\" \/>\n<link rel=\"canonical\" href=\"https:\/\/lasentinelle.dz\/index.php\/2025\/12\/10\/le-gouvernement-finalise-ses-propositions-la-revalorisation-des-retraites-se-precise\/\" \/>\n<meta property=\"og:locale\" content=\"fr_FR\" \/>\n<meta property=\"og:type\" content=\"article\" \/>\n<meta property=\"og:title\" content=\"Le Gouvernement finalise ses propositions\u00a0: La revalorisation des retraites se pr\u00e9cise - La Sentinelle\" \/>\n<meta property=\"og:description\" content=\"Les propositions du Gouvernement seront soumises au prochain Conseil des ministres pour d\u00e9cision finale. Le Premier ministre Sifi Ghrieb a\" \/>\n<meta property=\"og:url\" content=\"https:\/\/lasentinelle.dz\/index.php\/2025\/12\/10\/le-gouvernement-finalise-ses-propositions-la-revalorisation-des-retraites-se-precise\/\" \/>\n<meta property=\"og:site_name\" content=\"La Sentinelle\" \/>\n<meta property=\"article:publisher\" content=\"https:\/\/www.facebook.com\/La-Sentinelle-104059864394773\" \/>\n<meta property=\"article:published_time\" content=\"2025-12-10T12:07:52+00:00\" \/>\n<meta property=\"article:modified_time\" content=\"2025-12-10T12:07:54+00:00\" \/>\n<meta property=\"og:image\" content=\"https:\/\/lasentinelle.dz\/wp-content\/uploads\/2025\/12\/CNR.jpg\" \/>\n\t<meta property=\"og:image:width\" content=\"1200\" \/>\n\t<meta property=\"og:image:height\" content=\"630\" \/>\n\t<meta property=\"og:image:type\" content=\"image\/jpeg\" \/>\n<meta name=\"author\" content=\"admin\" \/>\n<meta name=\"twitter:card\" content=\"summary_large_image\" \/>\n<meta name=\"twitter:label1\" content=\"\u00c9crit par\" \/>\n\t<meta name=\"twitter:data1\" content=\"admin\" \/>\n\t<meta name=\"twitter:label2\" content=\"Dur\u00e9e de lecture estim\u00e9e\" \/>\n\t<meta name=\"twitter:data2\" content=\"4 minutes\" \/>\n<script type=\"application\/ld+json\" class=\"yoast-schema-graph\">{\"@context\":\"https:\\\/\\\/schema.org\",\"@graph\":[{\"@type\":\"Article\",\"@id\":\"https:\\\/\\\/lasentinelle.dz\\\/index.php\\\/2025\\\/12\\\/10\\\/le-gouvernement-finalise-ses-propositions-la-revalorisation-des-retraites-se-precise\\\/#article\",\"isPartOf\":{\"@id\":\"https:\\\/\\\/lasentinelle.dz\\\/index.php\\\/2025\\\/12\\\/10\\\/le-gouvernement-finalise-ses-propositions-la-revalorisation-des-retraites-se-precise\\\/\"},\"author\":{\"name\":\"admin\",\"@id\":\"https:\\\/\\\/lasentinelle.dz\\\/#\\\/schema\\\/person\\\/729ee0024f24e0b8c5ec17232f8e8b41\"},\"headline\":\"Le Gouvernement finalise ses propositions\u00a0: La revalorisation des retraites se pr\u00e9cise\",\"datePublished\":\"2025-12-10T12:07:52+00:00\",\"dateModified\":\"2025-12-10T12:07:54+00:00\",\"mainEntityOfPage\":{\"@id\":\"https:\\\/\\\/lasentinelle.dz\\\/index.php\\\/2025\\\/12\\\/10\\\/le-gouvernement-finalise-ses-propositions-la-revalorisation-des-retraites-se-precise\\\/\"},\"wordCount\":689,\"commentCount\":0,\"publisher\":{\"@id\":\"https:\\\/\\\/lasentinelle.dz\\\/#organization\"},\"image\":{\"@id\":\"https:\\\/\\\/lasentinelle.dz\\\/index.php\\\/2025\\\/12\\\/10\\\/le-gouvernement-finalise-ses-propositions-la-revalorisation-des-retraites-se-precise\\\/#primaryimage\"},\"thumbnailUrl\":\"https:\\\/\\\/lasentinelle.dz\\\/wp-content\\\/uploads\\\/2025\\\/12\\\/CNR.jpg\",\"articleSection\":[\"\u00c0 la Une\",\"Actualit\u00e9\"],\"inLanguage\":\"fr-FR\",\"potentialAction\":[{\"@type\":\"CommentAction\",\"name\":\"Comment\",\"target\":[\"https:\\\/\\\/lasentinelle.dz\\\/index.php\\\/2025\\\/12\\\/10\\\/le-gouvernement-finalise-ses-propositions-la-revalorisation-des-retraites-se-precise\\\/#respond\"]}]},{\"@type\":\"WebPage\",\"@id\":\"https:\\\/\\\/lasentinelle.dz\\\/index.php\\\/2025\\\/12\\\/10\\\/le-gouvernement-finalise-ses-propositions-la-revalorisation-des-retraites-se-precise\\\/\",\"url\":\"https:\\\/\\\/lasentinelle.dz\\\/index.php\\\/2025\\\/12\\\/10\\\/le-gouvernement-finalise-ses-propositions-la-revalorisation-des-retraites-se-precise\\\/\",\"name\":\"Le Gouvernement finalise ses propositions\u00a0: La revalorisation des retraites se pr\u00e9cise - La Sentinelle\",\"isPartOf\":{\"@id\":\"https:\\\/\\\/lasentinelle.dz\\\/#website\"},\"primaryImageOfPage\":{\"@id\":\"https:\\\/\\\/lasentinelle.dz\\\/index.php\\\/2025\\\/12\\\/10\\\/le-gouvernement-finalise-ses-propositions-la-revalorisation-des-retraites-se-precise\\\/#primaryimage\"},\"image\":{\"@id\":\"https:\\\/\\\/lasentinelle.dz\\\/index.php\\\/2025\\\/12\\\/10\\\/le-gouvernement-finalise-ses-propositions-la-revalorisation-des-retraites-se-precise\\\/#primaryimage\"},\"thumbnailUrl\":\"https:\\\/\\\/lasentinelle.dz\\\/wp-content\\\/uploads\\\/2025\\\/12\\\/CNR.jpg\",\"datePublished\":\"2025-12-10T12:07:52+00:00\",\"dateModified\":\"2025-12-10T12:07:54+00:00\",\"breadcrumb\":{\"@id\":\"https:\\\/\\\/lasentinelle.dz\\\/index.php\\\/2025\\\/12\\\/10\\\/le-gouvernement-finalise-ses-propositions-la-revalorisation-des-retraites-se-precise\\\/#breadcrumb\"},\"inLanguage\":\"fr-FR\",\"potentialAction\":[{\"@type\":\"ReadAction\",\"target\":[\"https:\\\/\\\/lasentinelle.dz\\\/index.php\\\/2025\\\/12\\\/10\\\/le-gouvernement-finalise-ses-propositions-la-revalorisation-des-retraites-se-precise\\\/\"]}]},{\"@type\":\"ImageObject\",\"inLanguage\":\"fr-FR\",\"@id\":\"https:\\\/\\\/lasentinelle.dz\\\/index.php\\\/2025\\\/12\\\/10\\\/le-gouvernement-finalise-ses-propositions-la-revalorisation-des-retraites-se-precise\\\/#primaryimage\",\"url\":\"https:\\\/\\\/lasentinelle.dz\\\/wp-content\\\/uploads\\\/2025\\\/12\\\/CNR.jpg\",\"contentUrl\":\"https:\\\/\\\/lasentinelle.dz\\\/wp-content\\\/uploads\\\/2025\\\/12\\\/CNR.jpg\",\"width\":1200,\"height\":630},{\"@type\":\"BreadcrumbList\",\"@id\":\"https:\\\/\\\/lasentinelle.dz\\\/index.php\\\/2025\\\/12\\\/10\\\/le-gouvernement-finalise-ses-propositions-la-revalorisation-des-retraites-se-precise\\\/#breadcrumb\",\"itemListElement\":[{\"@type\":\"ListItem\",\"position\":1,\"name\":\"Accueil\",\"item\":\"https:\\\/\\\/lasentinelle.dz\\\/\"},{\"@type\":\"ListItem\",\"position\":2,\"name\":\"Le Gouvernement finalise ses propositions\u00a0: La revalorisation des retraites se pr\u00e9cise\"}]},{\"@type\":\"WebSite\",\"@id\":\"https:\\\/\\\/lasentinelle.dz\\\/#website\",\"url\":\"https:\\\/\\\/lasentinelle.dz\\\/\",\"name\":\"La Sentinelle\",\"description\":\"Quotidien national d&#039;information\",\"publisher\":{\"@id\":\"https:\\\/\\\/lasentinelle.dz\\\/#organization\"},\"potentialAction\":[{\"@type\":\"SearchAction\",\"target\":{\"@type\":\"EntryPoint\",\"urlTemplate\":\"https:\\\/\\\/lasentinelle.dz\\\/?s={search_term_string}\"},\"query-input\":{\"@type\":\"PropertyValueSpecification\",\"valueRequired\":true,\"valueName\":\"search_term_string\"}}],\"inLanguage\":\"fr-FR\"},{\"@type\":\"Organization\",\"@id\":\"https:\\\/\\\/lasentinelle.dz\\\/#organization\",\"name\":\"Quotidien La Sentinelle\",\"url\":\"https:\\\/\\\/lasentinelle.dz\\\/\",\"logo\":{\"@type\":\"ImageObject\",\"inLanguage\":\"fr-FR\",\"@id\":\"https:\\\/\\\/lasentinelle.dz\\\/#\\\/schema\\\/logo\\\/image\\\/\",\"url\":\"https:\\\/\\\/lasentinelle.dz\\\/wp-content\\\/uploads\\\/2021\\\/09\\\/logo-sentinelleSLOGAN-1.png\",\"contentUrl\":\"https:\\\/\\\/lasentinelle.dz\\\/wp-content\\\/uploads\\\/2021\\\/09\\\/logo-sentinelleSLOGAN-1.png\",\"width\":615,\"height\":142,\"caption\":\"Quotidien La Sentinelle\"},\"image\":{\"@id\":\"https:\\\/\\\/lasentinelle.dz\\\/#\\\/schema\\\/logo\\\/image\\\/\"},\"sameAs\":[\"https:\\\/\\\/www.facebook.com\\\/La-Sentinelle-104059864394773\"]},{\"@type\":\"Person\",\"@id\":\"https:\\\/\\\/lasentinelle.dz\\\/#\\\/schema\\\/person\\\/729ee0024f24e0b8c5ec17232f8e8b41\",\"name\":\"admin\",\"image\":{\"@type\":\"ImageObject\",\"inLanguage\":\"fr-FR\",\"@id\":\"https:\\\/\\\/secure.gravatar.com\\\/avatar\\\/4c81fed838786e9b53f540bf46533e750f5d292099ae3b66cfc6fb1982e29df7?s=96&d=mm&r=g\",\"url\":\"https:\\\/\\\/secure.gravatar.com\\\/avatar\\\/4c81fed838786e9b53f540bf46533e750f5d292099ae3b66cfc6fb1982e29df7?s=96&d=mm&r=g\",\"contentUrl\":\"https:\\\/\\\/secure.gravatar.com\\\/avatar\\\/4c81fed838786e9b53f540bf46533e750f5d292099ae3b66cfc6fb1982e29df7?s=96&d=mm&r=g\",\"caption\":\"admin\"},\"description\":\"admin\",\"url\":\"https:\\\/\\\/lasentinelle.dz\\\/author\\\/admin\\\/\"}]}<\/script>\n<!-- \/ Yoast SEO plugin. -->","yoast_head_json":{"title":"Le Gouvernement finalise ses propositions\u00a0: La revalorisation des retraites se pr\u00e9cise - La Sentinelle","robots":{"index":"index","follow":"follow","max-snippet":"max-snippet:-1","max-image-preview":"max-image-preview:large","max-video-preview":"max-video-preview:-1"},"canonical":"https:\/\/lasentinelle.dz\/index.php\/2025\/12\/10\/le-gouvernement-finalise-ses-propositions-la-revalorisation-des-retraites-se-precise\/","og_locale":"fr_FR","og_type":"article","og_title":"Le Gouvernement finalise ses propositions\u00a0: La revalorisation des retraites se pr\u00e9cise - La Sentinelle","og_description":"Les propositions du Gouvernement seront soumises au prochain Conseil des ministres pour d\u00e9cision finale. Le Premier ministre Sifi Ghrieb a","og_url":"https:\/\/lasentinelle.dz\/index.php\/2025\/12\/10\/le-gouvernement-finalise-ses-propositions-la-revalorisation-des-retraites-se-precise\/","og_site_name":"La Sentinelle","article_publisher":"https:\/\/www.facebook.com\/La-Sentinelle-104059864394773","article_published_time":"2025-12-10T12:07:52+00:00","article_modified_time":"2025-12-10T12:07:54+00:00","og_image":[{"width":1200,"height":630,"url":"https:\/\/lasentinelle.dz\/wp-content\/uploads\/2025\/12\/CNR.jpg","type":"image\/jpeg"}],"author":"admin","twitter_card":"summary_large_image","twitter_misc":{"\u00c9crit par":"admin","Dur\u00e9e de lecture estim\u00e9e":"4 minutes"},"schema":{"@context":"https:\/\/schema.org","@graph":[{"@type":"Article","@id":"https:\/\/lasentinelle.dz\/index.php\/2025\/12\/10\/le-gouvernement-finalise-ses-propositions-la-revalorisation-des-retraites-se-precise\/#article","isPartOf":{"@id":"https:\/\/lasentinelle.dz\/index.php\/2025\/12\/10\/le-gouvernement-finalise-ses-propositions-la-revalorisation-des-retraites-se-precise\/"},"author":{"name":"admin","@id":"https:\/\/lasentinelle.dz\/#\/schema\/person\/729ee0024f24e0b8c5ec17232f8e8b41"},"headline":"Le Gouvernement finalise ses propositions\u00a0: La revalorisation des retraites se pr\u00e9cise","datePublished":"2025-12-10T12:07:52+00:00","dateModified":"2025-12-10T12:07:54+00:00","mainEntityOfPage":{"@id":"https:\/\/lasentinelle.dz\/index.php\/2025\/12\/10\/le-gouvernement-finalise-ses-propositions-la-revalorisation-des-retraites-se-precise\/"},"wordCount":689,"commentCount":0,"publisher":{"@id":"https:\/\/lasentinelle.dz\/#organization"},"image":{"@id":"https:\/\/lasentinelle.dz\/index.php\/2025\/12\/10\/le-gouvernement-finalise-ses-propositions-la-revalorisation-des-retraites-se-precise\/#primaryimage"},"thumbnailUrl":"https:\/\/lasentinelle.dz\/wp-content\/uploads\/2025\/12\/CNR.jpg","articleSection":["\u00c0 la Une","Actualit\u00e9"],"inLanguage":"fr-FR","potentialAction":[{"@type":"CommentAction","name":"Comment","target":["https:\/\/lasentinelle.dz\/index.php\/2025\/12\/10\/le-gouvernement-finalise-ses-propositions-la-revalorisation-des-retraites-se-precise\/#respond"]}]},{"@type":"WebPage","@id":"https:\/\/lasentinelle.dz\/index.php\/2025\/12\/10\/le-gouvernement-finalise-ses-propositions-la-revalorisation-des-retraites-se-precise\/","url":"https:\/\/lasentinelle.dz\/index.php\/2025\/12\/10\/le-gouvernement-finalise-ses-propositions-la-revalorisation-des-retraites-se-precise\/","name":"Le Gouvernement finalise ses propositions\u00a0: La revalorisation des retraites se pr\u00e9cise - La Sentinelle","isPartOf":{"@id":"https:\/\/lasentinelle.dz\/#website"},"primaryImageOfPage":{"@id":"https:\/\/lasentinelle.dz\/index.php\/2025\/12\/10\/le-gouvernement-finalise-ses-propositions-la-revalorisation-des-retraites-se-precise\/#primaryimage"},"image":{"@id":"https:\/\/lasentinelle.dz\/index.php\/2025\/12\/10\/le-gouvernement-finalise-ses-propositions-la-revalorisation-des-retraites-se-precise\/#primaryimage"},"thumbnailUrl":"https:\/\/lasentinelle.dz\/wp-content\/uploads\/2025\/12\/CNR.jpg","datePublished":"2025-12-10T12:07:52+00:00","dateModified":"2025-12-10T12:07:54+00:00","breadcrumb":{"@id":"https:\/\/lasentinelle.dz\/index.php\/2025\/12\/10\/le-gouvernement-finalise-ses-propositions-la-revalorisation-des-retraites-se-precise\/#breadcrumb"},"inLanguage":"fr-FR","potentialAction":[{"@type":"ReadAction","target":["https:\/\/lasentinelle.dz\/index.php\/2025\/12\/10\/le-gouvernement-finalise-ses-propositions-la-revalorisation-des-retraites-se-precise\/"]}]},{"@type":"ImageObject","inLanguage":"fr-FR","@id":"https:\/\/lasentinelle.dz\/index.php\/2025\/12\/10\/le-gouvernement-finalise-ses-propositions-la-revalorisation-des-retraites-se-precise\/#primaryimage","url":"https:\/\/lasentinelle.dz\/wp-content\/uploads\/2025\/12\/CNR.jpg","contentUrl":"https:\/\/lasentinelle.dz\/wp-content\/uploads\/2025\/12\/CNR.jpg","width":1200,"height":630},{"@type":"BreadcrumbList","@id":"https:\/\/lasentinelle.dz\/index.php\/2025\/12\/10\/le-gouvernement-finalise-ses-propositions-la-revalorisation-des-retraites-se-precise\/#breadcrumb","itemListElement":[{"@type":"ListItem","position":1,"name":"Accueil","item":"https:\/\/lasentinelle.dz\/"},{"@type":"ListItem","position":2,"name":"Le Gouvernement finalise ses propositions\u00a0: La revalorisation des retraites se pr\u00e9cise"}]},{"@type":"WebSite","@id":"https:\/\/lasentinelle.dz\/#website","url":"https:\/\/lasentinelle.dz\/","name":"La Sentinelle","description":"Quotidien national d&#039;information","publisher":{"@id":"https:\/\/lasentinelle.dz\/#organization"},"potentialAction":[{"@type":"SearchAction","target":{"@type":"EntryPoint","urlTemplate":"https:\/\/lasentinelle.dz\/?s={search_term_string}"},"query-input":{"@type":"PropertyValueSpecification","valueRequired":true,"valueName":"search_term_string"}}],"inLanguage":"fr-FR"},{"@type":"Organization","@id":"https:\/\/lasentinelle.dz\/#organization","name":"Quotidien La Sentinelle","url":"https:\/\/lasentinelle.dz\/","logo":{"@type":"ImageObject","inLanguage":"fr-FR","@id":"https:\/\/lasentinelle.dz\/#\/schema\/logo\/image\/","url":"https:\/\/lasentinelle.dz\/wp-content\/uploads\/2021\/09\/logo-sentinelleSLOGAN-1.png","contentUrl":"https:\/\/lasentinelle.dz\/wp-content\/uploads\/2021\/09\/logo-sentinelleSLOGAN-1.png","width":615,"height":142,"caption":"Quotidien La Sentinelle"},"image":{"@id":"https:\/\/lasentinelle.dz\/#\/schema\/logo\/image\/"},"sameAs":["https:\/\/www.facebook.com\/La-Sentinelle-104059864394773"]},{"@type":"Person","@id":"https:\/\/lasentinelle.dz\/#\/schema\/person\/729ee0024f24e0b8c5ec17232f8e8b41","name":"admin","image":{"@type":"ImageObject","inLanguage":"fr-FR","@id":"https:\/\/secure.gravatar.com\/avatar\/4c81fed838786e9b53f540bf46533e750f5d292099ae3b66cfc6fb1982e29df7?s=96&d=mm&r=g","url":"https:\/\/secure.gravatar.com\/avatar\/4c81fed838786e9b53f540bf46533e750f5d292099ae3b66cfc6fb1982e29df7?s=96&d=mm&r=g","contentUrl":"https:\/\/secure.gravatar.com\/avatar\/4c81fed838786e9b53f540bf46533e750f5d292099ae3b66cfc6fb1982e29df7?s=96&d=mm&r=g","caption":"admin"},"description":"admin","url":"https:\/\/lasentinelle.dz\/author\/admin\/"}]}},"_links":{"self":[{"href":"https:\/\/lasentinelle.dz\/index.php\/wp-json\/wp\/v2\/posts\/77592","targetHints":{"allow":["GET"]}}],"collection":[{"href":"https:\/\/lasentinelle.dz\/index.php\/wp-json\/wp\/v2\/posts"}],"about":[{"href":"https:\/\/lasentinelle.dz\/index.php\/wp-json\/wp\/v2\/types\/post"}],"author":[{"embeddable":true,"href":"https:\/\/lasentinelle.dz\/index.php\/wp-json\/wp\/v2\/users\/6"}],"replies":[{"embeddable":true,"href":"https:\/\/lasentinelle.dz\/index.php\/wp-json\/wp\/v2\/comments?post=77592"}],"version-history":[{"count":1,"href":"https:\/\/lasentinelle.dz\/index.php\/wp-json\/wp\/v2\/posts\/77592\/revisions"}],"predecessor-version":[{"id":77594,"href":"https:\/\/lasentinelle.dz\/index.php\/wp-json\/wp\/v2\/posts\/77592\/revisions\/77594"}],"wp:featuredmedia":[{"embeddable":true,"href":"https:\/\/lasentinelle.dz\/index.php\/wp-json\/wp\/v2\/media\/77593"}],"wp:attachment":[{"href":"https:\/\/lasentinelle.dz\/index.php\/wp-json\/wp\/v2\/media?parent=77592"}],"wp:term":[{"taxonomy":"category","embeddable":true,"href":"https:\/\/lasentinelle.dz\/index.php\/wp-json\/wp\/v2\/categories?post=77592"},{"taxonomy":"post_tag","embeddable":true,"href":"https:\/\/lasentinelle.dz\/index.php\/wp-json\/wp\/v2\/tags?post=77592"}],"curies":[{"name":"wp","href":"https:\/\/api.w.org\/{rel}","templated":true}]}}