{"id":77602,"date":"2025-12-10T19:32:18","date_gmt":"2025-12-10T18:32:18","guid":{"rendered":"https:\/\/lasentinelle.dz\/?p=77602"},"modified":"2025-12-10T19:32:19","modified_gmt":"2025-12-10T18:32:19","slug":"tragedie-au-maroc-au-moins-22-morts-dans-leffondrement-de-deux-immeubles-a-fes","status":"publish","type":"post","link":"https:\/\/lasentinelle.dz\/index.php\/2025\/12\/10\/tragedie-au-maroc-au-moins-22-morts-dans-leffondrement-de-deux-immeubles-a-fes\/","title":{"rendered":"Trag\u00e9die\u00a0au Maroc\u00a0: Au moins 22 morts dans l\u2019effondrement de deux immeubles \u00e0 F\u00e8s"},"content":{"rendered":"\n<p>L&rsquo;effondrement de F\u00e8s n&rsquo;est pas simplement un drame du b\u00e2timent. C&rsquo;est le symbole d&rsquo;un syst\u00e8me politique et social qui s&rsquo;\u00e9croule sous le poids de ses contradictions.<\/p>\n\n\n\n<p>L&rsquo;aube s&rsquo;est lev\u00e9e mercredi sur une sc\u00e8ne de d\u00e9solation dans le quartier Al Moustakbal de F\u00e8s. Deux immeubles mitoyens de quatre \u00e9tages se sont effondr\u00e9s durant la nuit, ensevelissant huit familles sous les d\u00e9combres. Le bilan provisoire fait \u00e9tat d&rsquo;au moins 22 morts et 16 bless\u00e9s \u00e0 divers degr\u00e9s de gravit\u00e9, alors que les \u00e9quipes de secours poursuivent leurs recherches dans l&rsquo;espoir de retrouver des survivants.&nbsp;Cette catastrophe n&rsquo;est pas un accident isol\u00e9. Elle s&rsquo;inscrit dans une s\u00e9rie noire d&rsquo;effondrements qui endeuillent r\u00e9guli\u00e8rement le Maroc. En mai dernier, neuf personnes avaient d\u00e9j\u00e0 p\u00e9ri dans un incident similaire \u00e0 F\u00e8s. En f\u00e9vrier 2024, cinq personnes sont mortes dans l&rsquo;effondrement d&rsquo;une maison dans la vieille ville. En 2016, Casablanca et Marrakech avaient \u00e9galement \u00e9t\u00e9 frapp\u00e9es par des drames comparables.&nbsp;Le plus accablant dans cette trag\u00e9die reste l&rsquo;inaction des autorit\u00e9s face aux signaux d&rsquo;alarme. Selon le m\u00e9dia en ligne SNRT, les deux immeubles effondr\u00e9s pr\u00e9sentaient des fissures visibles depuis longtemps, sans qu&rsquo;aucune mesure pr\u00e9ventive n&rsquo;ait \u00e9t\u00e9 prise. Cette n\u00e9gligence est d&rsquo;autant plus incompr\u00e9hensible que le secr\u00e9taire d&rsquo;\u00c9tat charg\u00e9 du Logement, Adib Ben Ibrahim, avait r\u00e9v\u00e9l\u00e9 en janvier dernier un chiffre alarmant : environ 38 800 immeubles \u00e0 travers le pays sont class\u00e9s comme pr\u00e9sentant un risque d&rsquo;effondrement.<\/p>\n\n\n\n<p>Comment expliquer qu&rsquo;avec une telle connaissance du danger, rien n&rsquo;ait \u00e9t\u00e9 entrepris pour \u00e9viter ce drame ? Les familles du quartier Al Moustakbal, comme des milliers d&rsquo;autres Marocains, continuent de vivre dans des b\u00e2timents mena\u00e7ant ruine, abandonn\u00e9es \u00e0 leur sort par un&nbsp;r\u00e9gime&nbsp;qui semble m\u00e9priser la valeur de leur vie.<\/p>\n\n\n\n<p><strong>Une col\u00e8re populaire qui gronde<\/strong><\/p>\n\n\n\n<p>La trag\u00e9die de F\u00e8s survient dans un contexte social explosif. Il y a deux mois \u00e0 peine, l&rsquo;ancienne capitale&nbsp;royale&nbsp;\u00e9tait le th\u00e9\u00e2tre de violentes manifestations antigouvernementales. Des milliers de jeunes sont descendus dans les rues pour protester contre la pauvret\u00e9, la d\u00e9t\u00e9rioration des conditions de vie et l&rsquo;\u00e9tat d\u00e9plorable des services publics. Les affrontements avec les forces de l&rsquo;ordre ont t\u00e9moign\u00e9 de l&rsquo;ampleur du foss\u00e9 entre le pouvoir et sa population.&nbsp;La col\u00e8re s&rsquo;\u00e9tend bien au-del\u00e0 de F\u00e8s. Mardi encore, Rabat a connu des manifestations de protestation men\u00e9es par le secteur de la sant\u00e9. Infirmiers et techniciens de sant\u00e9 d\u00e9noncent le m\u00e9pris du gouvernement envers leurs revendications sociales et l&rsquo;absence de dialogue avec leurs repr\u00e9sentants syndicaux. Cette mobilisation s&rsquo;inscrit dans une vague de contestation plus large touchant \u00e9galement le secteur de l&rsquo;\u00e9ducation.&nbsp;Les jeunes Marocains contestent notamment les priorit\u00e9s budg\u00e9taires de l&rsquo;\u00c9tat, qui investit massivement dans la construction de nouveaux stades pour la Coupe du monde 2030 et la Coupe d&rsquo;Afrique des Nations pr\u00e9vue du 21 d\u00e9cembre 2025 au 18 janvier 2026, alors que des immeubles s&rsquo;effondrent et que les services publics se d\u00e9gradent.<\/p>\n\n\n\n<p>Les disparit\u00e9s r\u00e9gionales demeurent criantes. La majorit\u00e9 de la population, ainsi que les p\u00f4les financiers et industriels, sont concentr\u00e9s dans le nord-ouest du pays. Le reste du territoire marocain, domin\u00e9 par l&rsquo;agriculture, la p\u00eache et le tourisme, reste marginalis\u00e9 et sous-\u00e9quip\u00e9.&nbsp;La jeunesse marocaine, repr\u00e9sent\u00e9e par la Coordination syndicale nationale et la Jeunesse du parti de la Voie d\u00e9mocratique ouvri\u00e8re, r\u00e9affirme sa d\u00e9termination \u00e0 poursuivre le combat pour la justice sociale et la d\u00e9fense des droits de la classe ouvri\u00e8re. Ces mouvements appellent \u00e0 rejoindre les nouvelles manifestations pr\u00e9vues dans les jours \u00e0 venir.&nbsp;L&rsquo;effondrement de F\u00e8s n&rsquo;est pas simplement un drame du b\u00e2timent. C&rsquo;est le symbole d&rsquo;un syst\u00e8me politique et social qui s&rsquo;\u00e9croule sous le poids de ses contradictions. Un \u00c9tat qui conna\u00eet l&rsquo;ampleur du danger mais refuse d&rsquo;agir. Un gouvernement qui promet des r\u00e9formes mais ne les met jamais en \u0153uvre. Des autorit\u00e9s qui pr\u00e9f\u00e8rent investir dans le prestige international plut\u00f4t que dans la s\u00e9curit\u00e9 de leurs citoyens.&nbsp;Pendant ce temps, sous les d\u00e9combres du quartier Al Moustakbal, les secouristes continuent de creuser, port\u00e9s par le mince espoir de sauver des vies. Mais pour les Marocains qui survivent dans des milliers d&rsquo;immeubles fissur\u00e9s \u00e0 travers le pays, la question n&rsquo;est plus de savoir si d&rsquo;autres catastrophes surviendront, mais quand.<\/p>\n\n\n\n<p>Lyes Sa\u00efdi<\/p>\n","protected":false},"excerpt":{"rendered":"<p>L&rsquo;effondrement de F\u00e8s n&rsquo;est pas simplement un drame du b\u00e2timent. C&rsquo;est le symbole d&rsquo;un syst\u00e8me politique et social qui s&rsquo;\u00e9croule<\/p>\n","protected":false},"author":6,"featured_media":77603,"comment_status":"open","ping_status":"closed","sticky":false,"template":"","format":"standard","meta":{"colormag_page_container_layout":"default_layout","colormag_page_sidebar_layout":"default_layout","om_disable_all_campaigns":false,"_monsterinsights_skip_tracking":false,"_monsterinsights_sitenote_active":false,"_monsterinsights_sitenote_note":"","_monsterinsights_sitenote_category":0,"footnotes":"","_wpscppro_dont_share_socialmedia":false,"_wpscppro_custom_social_share_image":0,"_facebook_share_type":"default","_twitter_share_type":"default","_linkedin_share_type":"default","_pinterest_share_type":"default","_linkedin_share_type_page":"","_instagram_share_type":"default","_medium_share_type":"default","_threads_share_type":"default","_google_business_share_type":"default","_selected_social_profile":[],"_wpsp_enable_custom_social_template":false,"_wpsp_social_scheduling":{"enabled":false,"datetime":null,"platforms":[],"status":"template_only","dateOption":"today","timeOption":"now","customDays":"","customHours":"","customDate":"","customTime":"","schedulingType":"absolute"},"_wpsp_active_default_template":true},"categories":[37],"tags":[],"class_list":["post-77602","post","type-post","status-publish","format-standard","has-post-thumbnail","hentry","category-monde"],"aioseo_notices":[],"yoast_head":"<!-- This site is optimized with the Yoast SEO plugin v27.4 - https:\/\/yoast.com\/product\/yoast-seo-wordpress\/ -->\n<title>Trag\u00e9die\u00a0au Maroc\u00a0: Au moins 22 morts dans l\u2019effondrement de deux immeubles \u00e0 F\u00e8s - La Sentinelle<\/title>\n<meta name=\"robots\" content=\"index, follow, max-snippet:-1, max-image-preview:large, max-video-preview:-1\" \/>\n<link rel=\"canonical\" href=\"https:\/\/lasentinelle.dz\/index.php\/2025\/12\/10\/tragedie-au-maroc-au-moins-22-morts-dans-leffondrement-de-deux-immeubles-a-fes\/\" \/>\n<meta property=\"og:locale\" content=\"fr_FR\" \/>\n<meta property=\"og:type\" content=\"article\" \/>\n<meta property=\"og:title\" content=\"Trag\u00e9die\u00a0au Maroc\u00a0: Au moins 22 morts dans l\u2019effondrement de deux immeubles \u00e0 F\u00e8s - La Sentinelle\" \/>\n<meta property=\"og:description\" content=\"L&rsquo;effondrement de F\u00e8s n&rsquo;est pas simplement un drame du b\u00e2timent. C&rsquo;est le symbole d&rsquo;un syst\u00e8me politique et social qui s&rsquo;\u00e9croule\" \/>\n<meta property=\"og:url\" content=\"https:\/\/lasentinelle.dz\/index.php\/2025\/12\/10\/tragedie-au-maroc-au-moins-22-morts-dans-leffondrement-de-deux-immeubles-a-fes\/\" \/>\n<meta property=\"og:site_name\" content=\"La Sentinelle\" \/>\n<meta property=\"article:publisher\" content=\"https:\/\/www.facebook.com\/La-Sentinelle-104059864394773\" \/>\n<meta property=\"article:published_time\" content=\"2025-12-10T18:32:18+00:00\" \/>\n<meta property=\"article:modified_time\" content=\"2025-12-10T18:32:19+00:00\" \/>\n<meta property=\"og:image\" content=\"https:\/\/lasentinelle.dz\/wp-content\/uploads\/2025\/12\/effondrement-maroc.webp\" \/>\n\t<meta property=\"og:image:width\" content=\"734\" \/>\n\t<meta property=\"og:image:height\" content=\"489\" \/>\n\t<meta property=\"og:image:type\" content=\"image\/webp\" \/>\n<meta name=\"author\" content=\"admin\" \/>\n<meta name=\"twitter:card\" content=\"summary_large_image\" \/>\n<meta name=\"twitter:label1\" content=\"\u00c9crit par\" \/>\n\t<meta name=\"twitter:data1\" content=\"admin\" \/>\n\t<meta name=\"twitter:label2\" content=\"Dur\u00e9e de lecture estim\u00e9e\" \/>\n\t<meta name=\"twitter:data2\" content=\"4 minutes\" \/>\n<script type=\"application\/ld+json\" class=\"yoast-schema-graph\">{\"@context\":\"https:\\\/\\\/schema.org\",\"@graph\":[{\"@type\":\"Article\",\"@id\":\"https:\\\/\\\/lasentinelle.dz\\\/index.php\\\/2025\\\/12\\\/10\\\/tragedie-au-maroc-au-moins-22-morts-dans-leffondrement-de-deux-immeubles-a-fes\\\/#article\",\"isPartOf\":{\"@id\":\"https:\\\/\\\/lasentinelle.dz\\\/index.php\\\/2025\\\/12\\\/10\\\/tragedie-au-maroc-au-moins-22-morts-dans-leffondrement-de-deux-immeubles-a-fes\\\/\"},\"author\":{\"name\":\"admin\",\"@id\":\"https:\\\/\\\/lasentinelle.dz\\\/#\\\/schema\\\/person\\\/729ee0024f24e0b8c5ec17232f8e8b41\"},\"headline\":\"Trag\u00e9die\u00a0au Maroc\u00a0: Au moins 22 morts dans l\u2019effondrement de deux immeubles \u00e0 F\u00e8s\",\"datePublished\":\"2025-12-10T18:32:18+00:00\",\"dateModified\":\"2025-12-10T18:32:19+00:00\",\"mainEntityOfPage\":{\"@id\":\"https:\\\/\\\/lasentinelle.dz\\\/index.php\\\/2025\\\/12\\\/10\\\/tragedie-au-maroc-au-moins-22-morts-dans-leffondrement-de-deux-immeubles-a-fes\\\/\"},\"wordCount\":819,\"commentCount\":0,\"publisher\":{\"@id\":\"https:\\\/\\\/lasentinelle.dz\\\/#organization\"},\"image\":{\"@id\":\"https:\\\/\\\/lasentinelle.dz\\\/index.php\\\/2025\\\/12\\\/10\\\/tragedie-au-maroc-au-moins-22-morts-dans-leffondrement-de-deux-immeubles-a-fes\\\/#primaryimage\"},\"thumbnailUrl\":\"https:\\\/\\\/lasentinelle.dz\\\/wp-content\\\/uploads\\\/2025\\\/12\\\/effondrement-maroc.webp\",\"articleSection\":[\"Monde\"],\"inLanguage\":\"fr-FR\",\"potentialAction\":[{\"@type\":\"CommentAction\",\"name\":\"Comment\",\"target\":[\"https:\\\/\\\/lasentinelle.dz\\\/index.php\\\/2025\\\/12\\\/10\\\/tragedie-au-maroc-au-moins-22-morts-dans-leffondrement-de-deux-immeubles-a-fes\\\/#respond\"]}]},{\"@type\":\"WebPage\",\"@id\":\"https:\\\/\\\/lasentinelle.dz\\\/index.php\\\/2025\\\/12\\\/10\\\/tragedie-au-maroc-au-moins-22-morts-dans-leffondrement-de-deux-immeubles-a-fes\\\/\",\"url\":\"https:\\\/\\\/lasentinelle.dz\\\/index.php\\\/2025\\\/12\\\/10\\\/tragedie-au-maroc-au-moins-22-morts-dans-leffondrement-de-deux-immeubles-a-fes\\\/\",\"name\":\"Trag\u00e9die\u00a0au Maroc\u00a0: Au moins 22 morts dans l\u2019effondrement de deux immeubles \u00e0 F\u00e8s - La Sentinelle\",\"isPartOf\":{\"@id\":\"https:\\\/\\\/lasentinelle.dz\\\/#website\"},\"primaryImageOfPage\":{\"@id\":\"https:\\\/\\\/lasentinelle.dz\\\/index.php\\\/2025\\\/12\\\/10\\\/tragedie-au-maroc-au-moins-22-morts-dans-leffondrement-de-deux-immeubles-a-fes\\\/#primaryimage\"},\"image\":{\"@id\":\"https:\\\/\\\/lasentinelle.dz\\\/index.php\\\/2025\\\/12\\\/10\\\/tragedie-au-maroc-au-moins-22-morts-dans-leffondrement-de-deux-immeubles-a-fes\\\/#primaryimage\"},\"thumbnailUrl\":\"https:\\\/\\\/lasentinelle.dz\\\/wp-content\\\/uploads\\\/2025\\\/12\\\/effondrement-maroc.webp\",\"datePublished\":\"2025-12-10T18:32:18+00:00\",\"dateModified\":\"2025-12-10T18:32:19+00:00\",\"breadcrumb\":{\"@id\":\"https:\\\/\\\/lasentinelle.dz\\\/index.php\\\/2025\\\/12\\\/10\\\/tragedie-au-maroc-au-moins-22-morts-dans-leffondrement-de-deux-immeubles-a-fes\\\/#breadcrumb\"},\"inLanguage\":\"fr-FR\",\"potentialAction\":[{\"@type\":\"ReadAction\",\"target\":[\"https:\\\/\\\/lasentinelle.dz\\\/index.php\\\/2025\\\/12\\\/10\\\/tragedie-au-maroc-au-moins-22-morts-dans-leffondrement-de-deux-immeubles-a-fes\\\/\"]}]},{\"@type\":\"ImageObject\",\"inLanguage\":\"fr-FR\",\"@id\":\"https:\\\/\\\/lasentinelle.dz\\\/index.php\\\/2025\\\/12\\\/10\\\/tragedie-au-maroc-au-moins-22-morts-dans-leffondrement-de-deux-immeubles-a-fes\\\/#primaryimage\",\"url\":\"https:\\\/\\\/lasentinelle.dz\\\/wp-content\\\/uploads\\\/2025\\\/12\\\/effondrement-maroc.webp\",\"contentUrl\":\"https:\\\/\\\/lasentinelle.dz\\\/wp-content\\\/uploads\\\/2025\\\/12\\\/effondrement-maroc.webp\",\"width\":734,\"height\":489},{\"@type\":\"BreadcrumbList\",\"@id\":\"https:\\\/\\\/lasentinelle.dz\\\/index.php\\\/2025\\\/12\\\/10\\\/tragedie-au-maroc-au-moins-22-morts-dans-leffondrement-de-deux-immeubles-a-fes\\\/#breadcrumb\",\"itemListElement\":[{\"@type\":\"ListItem\",\"position\":1,\"name\":\"Accueil\",\"item\":\"https:\\\/\\\/lasentinelle.dz\\\/\"},{\"@type\":\"ListItem\",\"position\":2,\"name\":\"Trag\u00e9die\u00a0au Maroc\u00a0: Au moins 22 morts dans l\u2019effondrement de deux immeubles \u00e0 F\u00e8s\"}]},{\"@type\":\"WebSite\",\"@id\":\"https:\\\/\\\/lasentinelle.dz\\\/#website\",\"url\":\"https:\\\/\\\/lasentinelle.dz\\\/\",\"name\":\"La Sentinelle\",\"description\":\"Quotidien national d&#039;information\",\"publisher\":{\"@id\":\"https:\\\/\\\/lasentinelle.dz\\\/#organization\"},\"potentialAction\":[{\"@type\":\"SearchAction\",\"target\":{\"@type\":\"EntryPoint\",\"urlTemplate\":\"https:\\\/\\\/lasentinelle.dz\\\/?s={search_term_string}\"},\"query-input\":{\"@type\":\"PropertyValueSpecification\",\"valueRequired\":true,\"valueName\":\"search_term_string\"}}],\"inLanguage\":\"fr-FR\"},{\"@type\":\"Organization\",\"@id\":\"https:\\\/\\\/lasentinelle.dz\\\/#organization\",\"name\":\"Quotidien La Sentinelle\",\"url\":\"https:\\\/\\\/lasentinelle.dz\\\/\",\"logo\":{\"@type\":\"ImageObject\",\"inLanguage\":\"fr-FR\",\"@id\":\"https:\\\/\\\/lasentinelle.dz\\\/#\\\/schema\\\/logo\\\/image\\\/\",\"url\":\"https:\\\/\\\/lasentinelle.dz\\\/wp-content\\\/uploads\\\/2021\\\/09\\\/logo-sentinelleSLOGAN-1.png\",\"contentUrl\":\"https:\\\/\\\/lasentinelle.dz\\\/wp-content\\\/uploads\\\/2021\\\/09\\\/logo-sentinelleSLOGAN-1.png\",\"width\":615,\"height\":142,\"caption\":\"Quotidien La Sentinelle\"},\"image\":{\"@id\":\"https:\\\/\\\/lasentinelle.dz\\\/#\\\/schema\\\/logo\\\/image\\\/\"},\"sameAs\":[\"https:\\\/\\\/www.facebook.com\\\/La-Sentinelle-104059864394773\"]},{\"@type\":\"Person\",\"@id\":\"https:\\\/\\\/lasentinelle.dz\\\/#\\\/schema\\\/person\\\/729ee0024f24e0b8c5ec17232f8e8b41\",\"name\":\"admin\",\"image\":{\"@type\":\"ImageObject\",\"inLanguage\":\"fr-FR\",\"@id\":\"https:\\\/\\\/secure.gravatar.com\\\/avatar\\\/4c81fed838786e9b53f540bf46533e750f5d292099ae3b66cfc6fb1982e29df7?s=96&d=mm&r=g\",\"url\":\"https:\\\/\\\/secure.gravatar.com\\\/avatar\\\/4c81fed838786e9b53f540bf46533e750f5d292099ae3b66cfc6fb1982e29df7?s=96&d=mm&r=g\",\"contentUrl\":\"https:\\\/\\\/secure.gravatar.com\\\/avatar\\\/4c81fed838786e9b53f540bf46533e750f5d292099ae3b66cfc6fb1982e29df7?s=96&d=mm&r=g\",\"caption\":\"admin\"},\"description\":\"admin\",\"url\":\"https:\\\/\\\/lasentinelle.dz\\\/author\\\/admin\\\/\"}]}<\/script>\n<!-- \/ Yoast SEO plugin. -->","yoast_head_json":{"title":"Trag\u00e9die\u00a0au Maroc\u00a0: Au moins 22 morts dans l\u2019effondrement de deux immeubles \u00e0 F\u00e8s - La Sentinelle","robots":{"index":"index","follow":"follow","max-snippet":"max-snippet:-1","max-image-preview":"max-image-preview:large","max-video-preview":"max-video-preview:-1"},"canonical":"https:\/\/lasentinelle.dz\/index.php\/2025\/12\/10\/tragedie-au-maroc-au-moins-22-morts-dans-leffondrement-de-deux-immeubles-a-fes\/","og_locale":"fr_FR","og_type":"article","og_title":"Trag\u00e9die\u00a0au Maroc\u00a0: Au moins 22 morts dans l\u2019effondrement de deux immeubles \u00e0 F\u00e8s - La Sentinelle","og_description":"L&rsquo;effondrement de F\u00e8s n&rsquo;est pas simplement un drame du b\u00e2timent. C&rsquo;est le symbole d&rsquo;un syst\u00e8me politique et social qui s&rsquo;\u00e9croule","og_url":"https:\/\/lasentinelle.dz\/index.php\/2025\/12\/10\/tragedie-au-maroc-au-moins-22-morts-dans-leffondrement-de-deux-immeubles-a-fes\/","og_site_name":"La Sentinelle","article_publisher":"https:\/\/www.facebook.com\/La-Sentinelle-104059864394773","article_published_time":"2025-12-10T18:32:18+00:00","article_modified_time":"2025-12-10T18:32:19+00:00","og_image":[{"width":734,"height":489,"url":"https:\/\/lasentinelle.dz\/wp-content\/uploads\/2025\/12\/effondrement-maroc.webp","type":"image\/webp"}],"author":"admin","twitter_card":"summary_large_image","twitter_misc":{"\u00c9crit par":"admin","Dur\u00e9e de lecture estim\u00e9e":"4 minutes"},"schema":{"@context":"https:\/\/schema.org","@graph":[{"@type":"Article","@id":"https:\/\/lasentinelle.dz\/index.php\/2025\/12\/10\/tragedie-au-maroc-au-moins-22-morts-dans-leffondrement-de-deux-immeubles-a-fes\/#article","isPartOf":{"@id":"https:\/\/lasentinelle.dz\/index.php\/2025\/12\/10\/tragedie-au-maroc-au-moins-22-morts-dans-leffondrement-de-deux-immeubles-a-fes\/"},"author":{"name":"admin","@id":"https:\/\/lasentinelle.dz\/#\/schema\/person\/729ee0024f24e0b8c5ec17232f8e8b41"},"headline":"Trag\u00e9die\u00a0au Maroc\u00a0: Au moins 22 morts dans l\u2019effondrement de deux immeubles \u00e0 F\u00e8s","datePublished":"2025-12-10T18:32:18+00:00","dateModified":"2025-12-10T18:32:19+00:00","mainEntityOfPage":{"@id":"https:\/\/lasentinelle.dz\/index.php\/2025\/12\/10\/tragedie-au-maroc-au-moins-22-morts-dans-leffondrement-de-deux-immeubles-a-fes\/"},"wordCount":819,"commentCount":0,"publisher":{"@id":"https:\/\/lasentinelle.dz\/#organization"},"image":{"@id":"https:\/\/lasentinelle.dz\/index.php\/2025\/12\/10\/tragedie-au-maroc-au-moins-22-morts-dans-leffondrement-de-deux-immeubles-a-fes\/#primaryimage"},"thumbnailUrl":"https:\/\/lasentinelle.dz\/wp-content\/uploads\/2025\/12\/effondrement-maroc.webp","articleSection":["Monde"],"inLanguage":"fr-FR","potentialAction":[{"@type":"CommentAction","name":"Comment","target":["https:\/\/lasentinelle.dz\/index.php\/2025\/12\/10\/tragedie-au-maroc-au-moins-22-morts-dans-leffondrement-de-deux-immeubles-a-fes\/#respond"]}]},{"@type":"WebPage","@id":"https:\/\/lasentinelle.dz\/index.php\/2025\/12\/10\/tragedie-au-maroc-au-moins-22-morts-dans-leffondrement-de-deux-immeubles-a-fes\/","url":"https:\/\/lasentinelle.dz\/index.php\/2025\/12\/10\/tragedie-au-maroc-au-moins-22-morts-dans-leffondrement-de-deux-immeubles-a-fes\/","name":"Trag\u00e9die\u00a0au Maroc\u00a0: Au moins 22 morts dans l\u2019effondrement de deux immeubles \u00e0 F\u00e8s - La Sentinelle","isPartOf":{"@id":"https:\/\/lasentinelle.dz\/#website"},"primaryImageOfPage":{"@id":"https:\/\/lasentinelle.dz\/index.php\/2025\/12\/10\/tragedie-au-maroc-au-moins-22-morts-dans-leffondrement-de-deux-immeubles-a-fes\/#primaryimage"},"image":{"@id":"https:\/\/lasentinelle.dz\/index.php\/2025\/12\/10\/tragedie-au-maroc-au-moins-22-morts-dans-leffondrement-de-deux-immeubles-a-fes\/#primaryimage"},"thumbnailUrl":"https:\/\/lasentinelle.dz\/wp-content\/uploads\/2025\/12\/effondrement-maroc.webp","datePublished":"2025-12-10T18:32:18+00:00","dateModified":"2025-12-10T18:32:19+00:00","breadcrumb":{"@id":"https:\/\/lasentinelle.dz\/index.php\/2025\/12\/10\/tragedie-au-maroc-au-moins-22-morts-dans-leffondrement-de-deux-immeubles-a-fes\/#breadcrumb"},"inLanguage":"fr-FR","potentialAction":[{"@type":"ReadAction","target":["https:\/\/lasentinelle.dz\/index.php\/2025\/12\/10\/tragedie-au-maroc-au-moins-22-morts-dans-leffondrement-de-deux-immeubles-a-fes\/"]}]},{"@type":"ImageObject","inLanguage":"fr-FR","@id":"https:\/\/lasentinelle.dz\/index.php\/2025\/12\/10\/tragedie-au-maroc-au-moins-22-morts-dans-leffondrement-de-deux-immeubles-a-fes\/#primaryimage","url":"https:\/\/lasentinelle.dz\/wp-content\/uploads\/2025\/12\/effondrement-maroc.webp","contentUrl":"https:\/\/lasentinelle.dz\/wp-content\/uploads\/2025\/12\/effondrement-maroc.webp","width":734,"height":489},{"@type":"BreadcrumbList","@id":"https:\/\/lasentinelle.dz\/index.php\/2025\/12\/10\/tragedie-au-maroc-au-moins-22-morts-dans-leffondrement-de-deux-immeubles-a-fes\/#breadcrumb","itemListElement":[{"@type":"ListItem","position":1,"name":"Accueil","item":"https:\/\/lasentinelle.dz\/"},{"@type":"ListItem","position":2,"name":"Trag\u00e9die\u00a0au Maroc\u00a0: Au moins 22 morts dans l\u2019effondrement de deux immeubles \u00e0 F\u00e8s"}]},{"@type":"WebSite","@id":"https:\/\/lasentinelle.dz\/#website","url":"https:\/\/lasentinelle.dz\/","name":"La Sentinelle","description":"Quotidien national d&#039;information","publisher":{"@id":"https:\/\/lasentinelle.dz\/#organization"},"potentialAction":[{"@type":"SearchAction","target":{"@type":"EntryPoint","urlTemplate":"https:\/\/lasentinelle.dz\/?s={search_term_string}"},"query-input":{"@type":"PropertyValueSpecification","valueRequired":true,"valueName":"search_term_string"}}],"inLanguage":"fr-FR"},{"@type":"Organization","@id":"https:\/\/lasentinelle.dz\/#organization","name":"Quotidien La Sentinelle","url":"https:\/\/lasentinelle.dz\/","logo":{"@type":"ImageObject","inLanguage":"fr-FR","@id":"https:\/\/lasentinelle.dz\/#\/schema\/logo\/image\/","url":"https:\/\/lasentinelle.dz\/wp-content\/uploads\/2021\/09\/logo-sentinelleSLOGAN-1.png","contentUrl":"https:\/\/lasentinelle.dz\/wp-content\/uploads\/2021\/09\/logo-sentinelleSLOGAN-1.png","width":615,"height":142,"caption":"Quotidien La Sentinelle"},"image":{"@id":"https:\/\/lasentinelle.dz\/#\/schema\/logo\/image\/"},"sameAs":["https:\/\/www.facebook.com\/La-Sentinelle-104059864394773"]},{"@type":"Person","@id":"https:\/\/lasentinelle.dz\/#\/schema\/person\/729ee0024f24e0b8c5ec17232f8e8b41","name":"admin","image":{"@type":"ImageObject","inLanguage":"fr-FR","@id":"https:\/\/secure.gravatar.com\/avatar\/4c81fed838786e9b53f540bf46533e750f5d292099ae3b66cfc6fb1982e29df7?s=96&d=mm&r=g","url":"https:\/\/secure.gravatar.com\/avatar\/4c81fed838786e9b53f540bf46533e750f5d292099ae3b66cfc6fb1982e29df7?s=96&d=mm&r=g","contentUrl":"https:\/\/secure.gravatar.com\/avatar\/4c81fed838786e9b53f540bf46533e750f5d292099ae3b66cfc6fb1982e29df7?s=96&d=mm&r=g","caption":"admin"},"description":"admin","url":"https:\/\/lasentinelle.dz\/author\/admin\/"}]}},"_links":{"self":[{"href":"https:\/\/lasentinelle.dz\/index.php\/wp-json\/wp\/v2\/posts\/77602","targetHints":{"allow":["GET"]}}],"collection":[{"href":"https:\/\/lasentinelle.dz\/index.php\/wp-json\/wp\/v2\/posts"}],"about":[{"href":"https:\/\/lasentinelle.dz\/index.php\/wp-json\/wp\/v2\/types\/post"}],"author":[{"embeddable":true,"href":"https:\/\/lasentinelle.dz\/index.php\/wp-json\/wp\/v2\/users\/6"}],"replies":[{"embeddable":true,"href":"https:\/\/lasentinelle.dz\/index.php\/wp-json\/wp\/v2\/comments?post=77602"}],"version-history":[{"count":1,"href":"https:\/\/lasentinelle.dz\/index.php\/wp-json\/wp\/v2\/posts\/77602\/revisions"}],"predecessor-version":[{"id":77604,"href":"https:\/\/lasentinelle.dz\/index.php\/wp-json\/wp\/v2\/posts\/77602\/revisions\/77604"}],"wp:featuredmedia":[{"embeddable":true,"href":"https:\/\/lasentinelle.dz\/index.php\/wp-json\/wp\/v2\/media\/77603"}],"wp:attachment":[{"href":"https:\/\/lasentinelle.dz\/index.php\/wp-json\/wp\/v2\/media?parent=77602"}],"wp:term":[{"taxonomy":"category","embeddable":true,"href":"https:\/\/lasentinelle.dz\/index.php\/wp-json\/wp\/v2\/categories?post=77602"},{"taxonomy":"post_tag","embeddable":true,"href":"https:\/\/lasentinelle.dz\/index.php\/wp-json\/wp\/v2\/tags?post=77602"}],"curies":[{"name":"wp","href":"https:\/\/api.w.org\/{rel}","templated":true}]}}