{"id":77605,"date":"2025-12-10T19:35:11","date_gmt":"2025-12-10T18:35:11","guid":{"rendered":"https:\/\/lasentinelle.dz\/?p=77605"},"modified":"2025-12-10T19:35:13","modified_gmt":"2025-12-10T18:35:13","slug":"salam-presente-a-laiff-un-documentaire-argentin-sur-la-resistance-cinematographique-sahraouie","status":"publish","type":"post","link":"https:\/\/lasentinelle.dz\/index.php\/2025\/12\/10\/salam-presente-a-laiff-un-documentaire-argentin-sur-la-resistance-cinematographique-sahraouie\/","title":{"rendered":"\u00ab Salam \u00bb pr\u00e9sent\u00e9 \u00e0 l&rsquo;AIFF\u00a0: Un documentaire argentin sur la r\u00e9sistance cin\u00e9matographique sahraouie\u00a0"},"content":{"rendered":"\n<p>Le long m\u00e9trage documentaire de l&rsquo;Argentine Agustina Willat Garcia, consacr\u00e9 \u00e0 l&rsquo;\u00e9mergence d&rsquo;une g\u00e9n\u00e9ration de cin\u00e9astes sahraouis dans les camps de r\u00e9fugi\u00e9s, a \u00e9t\u00e9 projet\u00e9 mardi soir \u00e0 Alger dans le cadre de la comp\u00e9tition officielle du 12e Festival international du film d&rsquo;Alger.&nbsp;La salle Ibn-Zeydoun a accueilli la projection de ce film de 71 minutes qui explore la rencontre singuli\u00e8re entre de jeunes r\u00e9alisateurs sahraouis et des cin\u00e9astes uruguayens dans un camp de r\u00e9fugi\u00e9s. \u00c0 travers ce documentaire sorti en 2024, Agustina Willat Garcia met en lumi\u00e8re la r\u00e9sistance par l&rsquo;image du peuple sahraoui contre toute forme de colonisation, transformant la cam\u00e9ra en outil d&rsquo;affirmation identitaire et de t\u00e9moignage.&nbsp;Le film retrace le parcours d&rsquo;un groupe de jeunes cin\u00e9astes form\u00e9s dans les camps de r\u00e9fugi\u00e9s aux techniques de prise de vue et de son et au montage, qui ont tent\u00e9 de d\u00e9velopper leur propre cin\u00e9ma en portant un regard sur leur avenir et&nbsp;l\u2019occupation&nbsp;qui est la cause de leur exil. Cette d\u00e9marche documentaire recueille les t\u00e9moignages et les exp\u00e9riences singuli\u00e8res de ces r\u00e9alisateurs d\u00e9butants ayant suivi une formation d&rsquo;initiation \u00e0 l&rsquo;audiovisuel encadr\u00e9e par des cin\u00e9astes uruguayens, illustrant ainsi une solidarit\u00e9 artistique internationale face \u00e0 une situation humanitaire complexe.<\/p>\n\n\n\n<p>Au-del\u00e0 de cette dimension p\u00e9dagogique et humaine, le documentaire d\u00e9nonce \u00e9galement les d\u00e9rives d&rsquo;un r\u00e9gime arbitraire en d\u00e9voilant les exactions des autorit\u00e9s d&rsquo;occupation marocaines \u00e0 l&rsquo;encontre des Sahraouis. Des images d&rsquo;archives int\u00e9gr\u00e9es au film montrent notamment les violences polici\u00e8res contre des manifestants sahraouis. Cette approche vise \u00e0 donner une visibilit\u00e9 internationale \u00e0 un conflit souvent m\u00e9connu du grand public.<\/p>\n\n\n\n<p>Le film exprime par ailleurs le soutien et l&rsquo;engagement de cin\u00e9astes uruguayens en faveur de la cause du peuple sahraoui et de la promotion de la paix et de la justice. Cette collaboration Sud-Sud, r\u00e9alis\u00e9e entre l&rsquo;\u00c9cole nationale de cin\u00e9ma d&rsquo;Uruguay et l&rsquo;\u00c9cole de cin\u00e9ma situ\u00e9e dans un camp de r\u00e9fugi\u00e9s sahraouis, t\u00e9moigne d&rsquo;une volont\u00e9 de cr\u00e9er des ponts culturels et de mettre le septi\u00e8me art au service de causes humanitaires. Ce premier long m\u00e9trage d&rsquo;Agustina Willat a b\u00e9n\u00e9fici\u00e9 d&rsquo;un large soutien institutionnel et de plusieurs aides au d\u00e9veloppement et \u00e0 la production, permettant sa r\u00e9alisation dans des conditions mat\u00e9rielles souvent difficiles.<\/p>\n\n\n\n<p>Dipl\u00f4m\u00e9e de l&rsquo;\u00c9cole nationale de cin\u00e9ma d&rsquo;Uruguay en 2010, Agustina Willat s&rsquo;est sp\u00e9cialis\u00e9e dans l&rsquo;exploration de causes humanitaires et sociales, portant un int\u00e9r\u00eat particulier \u00e0 la situation des r\u00e9fugi\u00e9s \u00e0 travers le monde. Son regard sensible et engag\u00e9 fait de ce documentaire une \u0153uvre \u00e0 la fois artistique et militante, offrant une tribune \u00e0 des voix rarement entendues sur les \u00e9crans internationaux.M.S.<\/p>\n","protected":false},"excerpt":{"rendered":"<p>Le long m\u00e9trage documentaire de l&rsquo;Argentine Agustina Willat Garcia, consacr\u00e9 \u00e0 l&rsquo;\u00e9mergence d&rsquo;une g\u00e9n\u00e9ration de cin\u00e9astes sahraouis dans les camps<\/p>\n","protected":false},"author":6,"featured_media":77606,"comment_status":"open","ping_status":"closed","sticky":false,"template":"","format":"standard","meta":{"colormag_page_container_layout":"default_layout","colormag_page_sidebar_layout":"default_layout","om_disable_all_campaigns":false,"_monsterinsights_skip_tracking":false,"_monsterinsights_sitenote_active":false,"_monsterinsights_sitenote_note":"","_monsterinsights_sitenote_category":0,"footnotes":"","_wpscppro_dont_share_socialmedia":false,"_wpscppro_custom_social_share_image":0,"_facebook_share_type":"default","_twitter_share_type":"default","_linkedin_share_type":"default","_pinterest_share_type":"default","_linkedin_share_type_page":"","_instagram_share_type":"default","_medium_share_type":"default","_threads_share_type":"default","_google_business_share_type":"default","_selected_social_profile":[],"_wpsp_enable_custom_social_template":false,"_wpsp_social_scheduling":{"enabled":false,"datetime":null,"platforms":[],"status":"template_only","dateOption":"today","timeOption":"now","customDays":"","customHours":"","customDate":"","customTime":"","schedulingType":"absolute"},"_wpsp_active_default_template":true},"categories":[36],"tags":[],"class_list":["post-77605","post","type-post","status-publish","format-standard","has-post-thumbnail","hentry","category-culture"],"aioseo_notices":[],"yoast_head":"<!-- This site is optimized with the Yoast SEO plugin v27.4 - https:\/\/yoast.com\/product\/yoast-seo-wordpress\/ -->\n<title>\u00ab Salam \u00bb pr\u00e9sent\u00e9 \u00e0 l&rsquo;AIFF\u00a0: Un documentaire argentin sur la r\u00e9sistance cin\u00e9matographique sahraouie\u00a0 - La Sentinelle<\/title>\n<meta name=\"robots\" content=\"index, follow, max-snippet:-1, max-image-preview:large, max-video-preview:-1\" \/>\n<link rel=\"canonical\" href=\"https:\/\/lasentinelle.dz\/index.php\/2025\/12\/10\/salam-presente-a-laiff-un-documentaire-argentin-sur-la-resistance-cinematographique-sahraouie\/\" \/>\n<meta property=\"og:locale\" content=\"fr_FR\" \/>\n<meta property=\"og:type\" content=\"article\" \/>\n<meta property=\"og:title\" content=\"\u00ab Salam \u00bb pr\u00e9sent\u00e9 \u00e0 l&rsquo;AIFF\u00a0: Un documentaire argentin sur la r\u00e9sistance cin\u00e9matographique sahraouie\u00a0 - La Sentinelle\" \/>\n<meta property=\"og:description\" content=\"Le long m\u00e9trage documentaire de l&rsquo;Argentine Agustina Willat Garcia, consacr\u00e9 \u00e0 l&rsquo;\u00e9mergence d&rsquo;une g\u00e9n\u00e9ration de cin\u00e9astes sahraouis dans les camps\" \/>\n<meta property=\"og:url\" content=\"https:\/\/lasentinelle.dz\/index.php\/2025\/12\/10\/salam-presente-a-laiff-un-documentaire-argentin-sur-la-resistance-cinematographique-sahraouie\/\" \/>\n<meta property=\"og:site_name\" content=\"La Sentinelle\" \/>\n<meta property=\"article:publisher\" content=\"https:\/\/www.facebook.com\/La-Sentinelle-104059864394773\" \/>\n<meta property=\"article:published_time\" content=\"2025-12-10T18:35:11+00:00\" \/>\n<meta property=\"article:modified_time\" content=\"2025-12-10T18:35:13+00:00\" \/>\n<meta property=\"og:image\" content=\"https:\/\/lasentinelle.dz\/wp-content\/uploads\/2025\/12\/salam.png\" \/>\n\t<meta property=\"og:image:width\" content=\"745\" \/>\n\t<meta property=\"og:image:height\" content=\"470\" \/>\n\t<meta property=\"og:image:type\" content=\"image\/png\" \/>\n<meta name=\"author\" content=\"admin\" \/>\n<meta name=\"twitter:card\" content=\"summary_large_image\" \/>\n<meta name=\"twitter:label1\" content=\"\u00c9crit par\" \/>\n\t<meta name=\"twitter:data1\" content=\"admin\" \/>\n\t<meta name=\"twitter:label2\" content=\"Dur\u00e9e de lecture estim\u00e9e\" \/>\n\t<meta name=\"twitter:data2\" content=\"3 minutes\" \/>\n<script type=\"application\/ld+json\" class=\"yoast-schema-graph\">{\"@context\":\"https:\\\/\\\/schema.org\",\"@graph\":[{\"@type\":\"Article\",\"@id\":\"https:\\\/\\\/lasentinelle.dz\\\/index.php\\\/2025\\\/12\\\/10\\\/salam-presente-a-laiff-un-documentaire-argentin-sur-la-resistance-cinematographique-sahraouie\\\/#article\",\"isPartOf\":{\"@id\":\"https:\\\/\\\/lasentinelle.dz\\\/index.php\\\/2025\\\/12\\\/10\\\/salam-presente-a-laiff-un-documentaire-argentin-sur-la-resistance-cinematographique-sahraouie\\\/\"},\"author\":{\"name\":\"admin\",\"@id\":\"https:\\\/\\\/lasentinelle.dz\\\/#\\\/schema\\\/person\\\/729ee0024f24e0b8c5ec17232f8e8b41\"},\"headline\":\"\u00ab Salam \u00bb pr\u00e9sent\u00e9 \u00e0 l&rsquo;AIFF\u00a0: Un documentaire argentin sur la r\u00e9sistance cin\u00e9matographique sahraouie\u00a0\",\"datePublished\":\"2025-12-10T18:35:11+00:00\",\"dateModified\":\"2025-12-10T18:35:13+00:00\",\"mainEntityOfPage\":{\"@id\":\"https:\\\/\\\/lasentinelle.dz\\\/index.php\\\/2025\\\/12\\\/10\\\/salam-presente-a-laiff-un-documentaire-argentin-sur-la-resistance-cinematographique-sahraouie\\\/\"},\"wordCount\":520,\"commentCount\":0,\"publisher\":{\"@id\":\"https:\\\/\\\/lasentinelle.dz\\\/#organization\"},\"image\":{\"@id\":\"https:\\\/\\\/lasentinelle.dz\\\/index.php\\\/2025\\\/12\\\/10\\\/salam-presente-a-laiff-un-documentaire-argentin-sur-la-resistance-cinematographique-sahraouie\\\/#primaryimage\"},\"thumbnailUrl\":\"https:\\\/\\\/lasentinelle.dz\\\/wp-content\\\/uploads\\\/2025\\\/12\\\/salam.png\",\"articleSection\":[\"Culture\"],\"inLanguage\":\"fr-FR\",\"potentialAction\":[{\"@type\":\"CommentAction\",\"name\":\"Comment\",\"target\":[\"https:\\\/\\\/lasentinelle.dz\\\/index.php\\\/2025\\\/12\\\/10\\\/salam-presente-a-laiff-un-documentaire-argentin-sur-la-resistance-cinematographique-sahraouie\\\/#respond\"]}]},{\"@type\":\"WebPage\",\"@id\":\"https:\\\/\\\/lasentinelle.dz\\\/index.php\\\/2025\\\/12\\\/10\\\/salam-presente-a-laiff-un-documentaire-argentin-sur-la-resistance-cinematographique-sahraouie\\\/\",\"url\":\"https:\\\/\\\/lasentinelle.dz\\\/index.php\\\/2025\\\/12\\\/10\\\/salam-presente-a-laiff-un-documentaire-argentin-sur-la-resistance-cinematographique-sahraouie\\\/\",\"name\":\"\u00ab Salam \u00bb pr\u00e9sent\u00e9 \u00e0 l&rsquo;AIFF\u00a0: Un documentaire argentin sur la r\u00e9sistance cin\u00e9matographique sahraouie\u00a0 - La Sentinelle\",\"isPartOf\":{\"@id\":\"https:\\\/\\\/lasentinelle.dz\\\/#website\"},\"primaryImageOfPage\":{\"@id\":\"https:\\\/\\\/lasentinelle.dz\\\/index.php\\\/2025\\\/12\\\/10\\\/salam-presente-a-laiff-un-documentaire-argentin-sur-la-resistance-cinematographique-sahraouie\\\/#primaryimage\"},\"image\":{\"@id\":\"https:\\\/\\\/lasentinelle.dz\\\/index.php\\\/2025\\\/12\\\/10\\\/salam-presente-a-laiff-un-documentaire-argentin-sur-la-resistance-cinematographique-sahraouie\\\/#primaryimage\"},\"thumbnailUrl\":\"https:\\\/\\\/lasentinelle.dz\\\/wp-content\\\/uploads\\\/2025\\\/12\\\/salam.png\",\"datePublished\":\"2025-12-10T18:35:11+00:00\",\"dateModified\":\"2025-12-10T18:35:13+00:00\",\"breadcrumb\":{\"@id\":\"https:\\\/\\\/lasentinelle.dz\\\/index.php\\\/2025\\\/12\\\/10\\\/salam-presente-a-laiff-un-documentaire-argentin-sur-la-resistance-cinematographique-sahraouie\\\/#breadcrumb\"},\"inLanguage\":\"fr-FR\",\"potentialAction\":[{\"@type\":\"ReadAction\",\"target\":[\"https:\\\/\\\/lasentinelle.dz\\\/index.php\\\/2025\\\/12\\\/10\\\/salam-presente-a-laiff-un-documentaire-argentin-sur-la-resistance-cinematographique-sahraouie\\\/\"]}]},{\"@type\":\"ImageObject\",\"inLanguage\":\"fr-FR\",\"@id\":\"https:\\\/\\\/lasentinelle.dz\\\/index.php\\\/2025\\\/12\\\/10\\\/salam-presente-a-laiff-un-documentaire-argentin-sur-la-resistance-cinematographique-sahraouie\\\/#primaryimage\",\"url\":\"https:\\\/\\\/lasentinelle.dz\\\/wp-content\\\/uploads\\\/2025\\\/12\\\/salam.png\",\"contentUrl\":\"https:\\\/\\\/lasentinelle.dz\\\/wp-content\\\/uploads\\\/2025\\\/12\\\/salam.png\",\"width\":745,\"height\":470},{\"@type\":\"BreadcrumbList\",\"@id\":\"https:\\\/\\\/lasentinelle.dz\\\/index.php\\\/2025\\\/12\\\/10\\\/salam-presente-a-laiff-un-documentaire-argentin-sur-la-resistance-cinematographique-sahraouie\\\/#breadcrumb\",\"itemListElement\":[{\"@type\":\"ListItem\",\"position\":1,\"name\":\"Accueil\",\"item\":\"https:\\\/\\\/lasentinelle.dz\\\/\"},{\"@type\":\"ListItem\",\"position\":2,\"name\":\"\u00ab Salam \u00bb pr\u00e9sent\u00e9 \u00e0 l&rsquo;AIFF\u00a0: Un documentaire argentin sur la r\u00e9sistance cin\u00e9matographique sahraouie\u00a0\"}]},{\"@type\":\"WebSite\",\"@id\":\"https:\\\/\\\/lasentinelle.dz\\\/#website\",\"url\":\"https:\\\/\\\/lasentinelle.dz\\\/\",\"name\":\"La Sentinelle\",\"description\":\"Quotidien national d&#039;information\",\"publisher\":{\"@id\":\"https:\\\/\\\/lasentinelle.dz\\\/#organization\"},\"potentialAction\":[{\"@type\":\"SearchAction\",\"target\":{\"@type\":\"EntryPoint\",\"urlTemplate\":\"https:\\\/\\\/lasentinelle.dz\\\/?s={search_term_string}\"},\"query-input\":{\"@type\":\"PropertyValueSpecification\",\"valueRequired\":true,\"valueName\":\"search_term_string\"}}],\"inLanguage\":\"fr-FR\"},{\"@type\":\"Organization\",\"@id\":\"https:\\\/\\\/lasentinelle.dz\\\/#organization\",\"name\":\"Quotidien La Sentinelle\",\"url\":\"https:\\\/\\\/lasentinelle.dz\\\/\",\"logo\":{\"@type\":\"ImageObject\",\"inLanguage\":\"fr-FR\",\"@id\":\"https:\\\/\\\/lasentinelle.dz\\\/#\\\/schema\\\/logo\\\/image\\\/\",\"url\":\"https:\\\/\\\/lasentinelle.dz\\\/wp-content\\\/uploads\\\/2021\\\/09\\\/logo-sentinelleSLOGAN-1.png\",\"contentUrl\":\"https:\\\/\\\/lasentinelle.dz\\\/wp-content\\\/uploads\\\/2021\\\/09\\\/logo-sentinelleSLOGAN-1.png\",\"width\":615,\"height\":142,\"caption\":\"Quotidien La Sentinelle\"},\"image\":{\"@id\":\"https:\\\/\\\/lasentinelle.dz\\\/#\\\/schema\\\/logo\\\/image\\\/\"},\"sameAs\":[\"https:\\\/\\\/www.facebook.com\\\/La-Sentinelle-104059864394773\"]},{\"@type\":\"Person\",\"@id\":\"https:\\\/\\\/lasentinelle.dz\\\/#\\\/schema\\\/person\\\/729ee0024f24e0b8c5ec17232f8e8b41\",\"name\":\"admin\",\"image\":{\"@type\":\"ImageObject\",\"inLanguage\":\"fr-FR\",\"@id\":\"https:\\\/\\\/secure.gravatar.com\\\/avatar\\\/4c81fed838786e9b53f540bf46533e750f5d292099ae3b66cfc6fb1982e29df7?s=96&d=mm&r=g\",\"url\":\"https:\\\/\\\/secure.gravatar.com\\\/avatar\\\/4c81fed838786e9b53f540bf46533e750f5d292099ae3b66cfc6fb1982e29df7?s=96&d=mm&r=g\",\"contentUrl\":\"https:\\\/\\\/secure.gravatar.com\\\/avatar\\\/4c81fed838786e9b53f540bf46533e750f5d292099ae3b66cfc6fb1982e29df7?s=96&d=mm&r=g\",\"caption\":\"admin\"},\"description\":\"admin\",\"url\":\"https:\\\/\\\/lasentinelle.dz\\\/author\\\/admin\\\/\"}]}<\/script>\n<!-- \/ Yoast SEO plugin. -->","yoast_head_json":{"title":"\u00ab Salam \u00bb pr\u00e9sent\u00e9 \u00e0 l&rsquo;AIFF\u00a0: Un documentaire argentin sur la r\u00e9sistance cin\u00e9matographique sahraouie\u00a0 - La Sentinelle","robots":{"index":"index","follow":"follow","max-snippet":"max-snippet:-1","max-image-preview":"max-image-preview:large","max-video-preview":"max-video-preview:-1"},"canonical":"https:\/\/lasentinelle.dz\/index.php\/2025\/12\/10\/salam-presente-a-laiff-un-documentaire-argentin-sur-la-resistance-cinematographique-sahraouie\/","og_locale":"fr_FR","og_type":"article","og_title":"\u00ab Salam \u00bb pr\u00e9sent\u00e9 \u00e0 l&rsquo;AIFF\u00a0: Un documentaire argentin sur la r\u00e9sistance cin\u00e9matographique sahraouie\u00a0 - La Sentinelle","og_description":"Le long m\u00e9trage documentaire de l&rsquo;Argentine Agustina Willat Garcia, consacr\u00e9 \u00e0 l&rsquo;\u00e9mergence d&rsquo;une g\u00e9n\u00e9ration de cin\u00e9astes sahraouis dans les camps","og_url":"https:\/\/lasentinelle.dz\/index.php\/2025\/12\/10\/salam-presente-a-laiff-un-documentaire-argentin-sur-la-resistance-cinematographique-sahraouie\/","og_site_name":"La Sentinelle","article_publisher":"https:\/\/www.facebook.com\/La-Sentinelle-104059864394773","article_published_time":"2025-12-10T18:35:11+00:00","article_modified_time":"2025-12-10T18:35:13+00:00","og_image":[{"width":745,"height":470,"url":"https:\/\/lasentinelle.dz\/wp-content\/uploads\/2025\/12\/salam.png","type":"image\/png"}],"author":"admin","twitter_card":"summary_large_image","twitter_misc":{"\u00c9crit par":"admin","Dur\u00e9e de lecture estim\u00e9e":"3 minutes"},"schema":{"@context":"https:\/\/schema.org","@graph":[{"@type":"Article","@id":"https:\/\/lasentinelle.dz\/index.php\/2025\/12\/10\/salam-presente-a-laiff-un-documentaire-argentin-sur-la-resistance-cinematographique-sahraouie\/#article","isPartOf":{"@id":"https:\/\/lasentinelle.dz\/index.php\/2025\/12\/10\/salam-presente-a-laiff-un-documentaire-argentin-sur-la-resistance-cinematographique-sahraouie\/"},"author":{"name":"admin","@id":"https:\/\/lasentinelle.dz\/#\/schema\/person\/729ee0024f24e0b8c5ec17232f8e8b41"},"headline":"\u00ab Salam \u00bb pr\u00e9sent\u00e9 \u00e0 l&rsquo;AIFF\u00a0: Un documentaire argentin sur la r\u00e9sistance cin\u00e9matographique sahraouie\u00a0","datePublished":"2025-12-10T18:35:11+00:00","dateModified":"2025-12-10T18:35:13+00:00","mainEntityOfPage":{"@id":"https:\/\/lasentinelle.dz\/index.php\/2025\/12\/10\/salam-presente-a-laiff-un-documentaire-argentin-sur-la-resistance-cinematographique-sahraouie\/"},"wordCount":520,"commentCount":0,"publisher":{"@id":"https:\/\/lasentinelle.dz\/#organization"},"image":{"@id":"https:\/\/lasentinelle.dz\/index.php\/2025\/12\/10\/salam-presente-a-laiff-un-documentaire-argentin-sur-la-resistance-cinematographique-sahraouie\/#primaryimage"},"thumbnailUrl":"https:\/\/lasentinelle.dz\/wp-content\/uploads\/2025\/12\/salam.png","articleSection":["Culture"],"inLanguage":"fr-FR","potentialAction":[{"@type":"CommentAction","name":"Comment","target":["https:\/\/lasentinelle.dz\/index.php\/2025\/12\/10\/salam-presente-a-laiff-un-documentaire-argentin-sur-la-resistance-cinematographique-sahraouie\/#respond"]}]},{"@type":"WebPage","@id":"https:\/\/lasentinelle.dz\/index.php\/2025\/12\/10\/salam-presente-a-laiff-un-documentaire-argentin-sur-la-resistance-cinematographique-sahraouie\/","url":"https:\/\/lasentinelle.dz\/index.php\/2025\/12\/10\/salam-presente-a-laiff-un-documentaire-argentin-sur-la-resistance-cinematographique-sahraouie\/","name":"\u00ab Salam \u00bb pr\u00e9sent\u00e9 \u00e0 l&rsquo;AIFF\u00a0: Un documentaire argentin sur la r\u00e9sistance cin\u00e9matographique sahraouie\u00a0 - La Sentinelle","isPartOf":{"@id":"https:\/\/lasentinelle.dz\/#website"},"primaryImageOfPage":{"@id":"https:\/\/lasentinelle.dz\/index.php\/2025\/12\/10\/salam-presente-a-laiff-un-documentaire-argentin-sur-la-resistance-cinematographique-sahraouie\/#primaryimage"},"image":{"@id":"https:\/\/lasentinelle.dz\/index.php\/2025\/12\/10\/salam-presente-a-laiff-un-documentaire-argentin-sur-la-resistance-cinematographique-sahraouie\/#primaryimage"},"thumbnailUrl":"https:\/\/lasentinelle.dz\/wp-content\/uploads\/2025\/12\/salam.png","datePublished":"2025-12-10T18:35:11+00:00","dateModified":"2025-12-10T18:35:13+00:00","breadcrumb":{"@id":"https:\/\/lasentinelle.dz\/index.php\/2025\/12\/10\/salam-presente-a-laiff-un-documentaire-argentin-sur-la-resistance-cinematographique-sahraouie\/#breadcrumb"},"inLanguage":"fr-FR","potentialAction":[{"@type":"ReadAction","target":["https:\/\/lasentinelle.dz\/index.php\/2025\/12\/10\/salam-presente-a-laiff-un-documentaire-argentin-sur-la-resistance-cinematographique-sahraouie\/"]}]},{"@type":"ImageObject","inLanguage":"fr-FR","@id":"https:\/\/lasentinelle.dz\/index.php\/2025\/12\/10\/salam-presente-a-laiff-un-documentaire-argentin-sur-la-resistance-cinematographique-sahraouie\/#primaryimage","url":"https:\/\/lasentinelle.dz\/wp-content\/uploads\/2025\/12\/salam.png","contentUrl":"https:\/\/lasentinelle.dz\/wp-content\/uploads\/2025\/12\/salam.png","width":745,"height":470},{"@type":"BreadcrumbList","@id":"https:\/\/lasentinelle.dz\/index.php\/2025\/12\/10\/salam-presente-a-laiff-un-documentaire-argentin-sur-la-resistance-cinematographique-sahraouie\/#breadcrumb","itemListElement":[{"@type":"ListItem","position":1,"name":"Accueil","item":"https:\/\/lasentinelle.dz\/"},{"@type":"ListItem","position":2,"name":"\u00ab Salam \u00bb pr\u00e9sent\u00e9 \u00e0 l&rsquo;AIFF\u00a0: Un documentaire argentin sur la r\u00e9sistance cin\u00e9matographique sahraouie\u00a0"}]},{"@type":"WebSite","@id":"https:\/\/lasentinelle.dz\/#website","url":"https:\/\/lasentinelle.dz\/","name":"La Sentinelle","description":"Quotidien national d&#039;information","publisher":{"@id":"https:\/\/lasentinelle.dz\/#organization"},"potentialAction":[{"@type":"SearchAction","target":{"@type":"EntryPoint","urlTemplate":"https:\/\/lasentinelle.dz\/?s={search_term_string}"},"query-input":{"@type":"PropertyValueSpecification","valueRequired":true,"valueName":"search_term_string"}}],"inLanguage":"fr-FR"},{"@type":"Organization","@id":"https:\/\/lasentinelle.dz\/#organization","name":"Quotidien La Sentinelle","url":"https:\/\/lasentinelle.dz\/","logo":{"@type":"ImageObject","inLanguage":"fr-FR","@id":"https:\/\/lasentinelle.dz\/#\/schema\/logo\/image\/","url":"https:\/\/lasentinelle.dz\/wp-content\/uploads\/2021\/09\/logo-sentinelleSLOGAN-1.png","contentUrl":"https:\/\/lasentinelle.dz\/wp-content\/uploads\/2021\/09\/logo-sentinelleSLOGAN-1.png","width":615,"height":142,"caption":"Quotidien La Sentinelle"},"image":{"@id":"https:\/\/lasentinelle.dz\/#\/schema\/logo\/image\/"},"sameAs":["https:\/\/www.facebook.com\/La-Sentinelle-104059864394773"]},{"@type":"Person","@id":"https:\/\/lasentinelle.dz\/#\/schema\/person\/729ee0024f24e0b8c5ec17232f8e8b41","name":"admin","image":{"@type":"ImageObject","inLanguage":"fr-FR","@id":"https:\/\/secure.gravatar.com\/avatar\/4c81fed838786e9b53f540bf46533e750f5d292099ae3b66cfc6fb1982e29df7?s=96&d=mm&r=g","url":"https:\/\/secure.gravatar.com\/avatar\/4c81fed838786e9b53f540bf46533e750f5d292099ae3b66cfc6fb1982e29df7?s=96&d=mm&r=g","contentUrl":"https:\/\/secure.gravatar.com\/avatar\/4c81fed838786e9b53f540bf46533e750f5d292099ae3b66cfc6fb1982e29df7?s=96&d=mm&r=g","caption":"admin"},"description":"admin","url":"https:\/\/lasentinelle.dz\/author\/admin\/"}]}},"_links":{"self":[{"href":"https:\/\/lasentinelle.dz\/index.php\/wp-json\/wp\/v2\/posts\/77605","targetHints":{"allow":["GET"]}}],"collection":[{"href":"https:\/\/lasentinelle.dz\/index.php\/wp-json\/wp\/v2\/posts"}],"about":[{"href":"https:\/\/lasentinelle.dz\/index.php\/wp-json\/wp\/v2\/types\/post"}],"author":[{"embeddable":true,"href":"https:\/\/lasentinelle.dz\/index.php\/wp-json\/wp\/v2\/users\/6"}],"replies":[{"embeddable":true,"href":"https:\/\/lasentinelle.dz\/index.php\/wp-json\/wp\/v2\/comments?post=77605"}],"version-history":[{"count":2,"href":"https:\/\/lasentinelle.dz\/index.php\/wp-json\/wp\/v2\/posts\/77605\/revisions"}],"predecessor-version":[{"id":77608,"href":"https:\/\/lasentinelle.dz\/index.php\/wp-json\/wp\/v2\/posts\/77605\/revisions\/77608"}],"wp:featuredmedia":[{"embeddable":true,"href":"https:\/\/lasentinelle.dz\/index.php\/wp-json\/wp\/v2\/media\/77606"}],"wp:attachment":[{"href":"https:\/\/lasentinelle.dz\/index.php\/wp-json\/wp\/v2\/media?parent=77605"}],"wp:term":[{"taxonomy":"category","embeddable":true,"href":"https:\/\/lasentinelle.dz\/index.php\/wp-json\/wp\/v2\/categories?post=77605"},{"taxonomy":"post_tag","embeddable":true,"href":"https:\/\/lasentinelle.dz\/index.php\/wp-json\/wp\/v2\/tags?post=77605"}],"curies":[{"name":"wp","href":"https:\/\/api.w.org\/{rel}","templated":true}]}}