{"id":77609,"date":"2025-12-10T19:37:36","date_gmt":"2025-12-10T18:37:36","guid":{"rendered":"https:\/\/lasentinelle.dz\/?p=77609"},"modified":"2025-12-10T19:37:37","modified_gmt":"2025-12-10T18:37:37","slug":"apres-huit-ans-dabsence-le-festival-culturel-national-de-musique-andalouse-sanaa-souvre-aujourdhui","status":"publish","type":"post","link":"https:\/\/lasentinelle.dz\/index.php\/2025\/12\/10\/apres-huit-ans-dabsence-le-festival-culturel-national-de-musique-andalouse-sanaa-souvre-aujourdhui\/","title":{"rendered":"Apr\u00e8s huit ans d&rsquo;absence\u00a0: Le\u00a0Festival culturel national de musique andalouse\u00a0Sanaa s\u2019ouvre aujourd\u2019hui"},"content":{"rendered":"\n<p><strong>Apr\u00e8s une interruption de huit ann\u00e9es, le 11e Festival culturel national de musique andalouse San<\/strong><strong>aase d\u00e9roule du 11 au 15 d\u00e9cembre au Palais de la culture Mofdi Zakaria d&rsquo;Alger, r\u00e9unissant treize associations et plusieurs artistes venus de diff\u00e9rentes wilayas du pays.<\/strong>&nbsp;Organis\u00e9 sous le patronage du minist\u00e8re de la Culture et des Arts, cet \u00e9v\u00e9nement s&rsquo;inscrit dans une volont\u00e9 affirm\u00e9e de sauvegarder cet art musical raffin\u00e9 et de le transmettre aux nouvelles g\u00e9n\u00e9rations. Comme l&rsquo;a soulign\u00e9 le commissaire du festival, Ahcene Gheida, lors d&rsquo;une conf\u00e9rence de presse tenue dans la capitale, cette onzi\u00e8me \u00e9dition vient combler un vide apr\u00e8s \u00ab\u00a0une interruption qui a dur\u00e9 huit ann\u00e9es\u00a0\u00bb et se distingue par \u00ab\u00a0la participation de 13 associations ainsi que d&rsquo;artistes individuels\u00a0\u00bb.&nbsp;Le plateau artistique refl\u00e8te la richesse de la sc\u00e8ne andalouse nationale avec la pr\u00e9sence d&rsquo;associations prestigieuses venues de tout le pays. De la capitale, participeront les associations Mezghenna, El Fen El Djamil, Anadel El Djaza\u00efr, Cordoba El Djaza\u00efr et El Mossilia. S&rsquo;y ajoutent Angham Cordoue de Jijel, El Matribiya de Blida, Ibn Badja de Mostaganem, El Gharn\u00e2tiya d&rsquo;El Kol\u00e9a, Er Rachidiya de Cherchell, El Amal de Sougueur dans la wilaya de Tiaret, El Meghdiriya de Mascara, et enfin El Djanadia de Boufarik.&nbsp;Au-del\u00e0 des concerts, le festival propose un volet p\u00e9dagogique ambitieux avec des master class qui se tiendront \u00e0 l&rsquo;Institut national sup\u00e9rieur de musique. Ces rencontres seront anim\u00e9es par des professeurs reconnus, \u00e0 l&rsquo;image de Salah Boukli Hassan de l&rsquo;Institut, qui pr\u00e9sentera une conf\u00e9rence intitul\u00e9e \u00ab\u00a0Le Maoual, origine et nature\u00a0\u00bb. Le chercheur en patrimoine artistique alg\u00e9rien Abdelkader Ben Da\u00e2mache interviendra quant \u00e0 lui sur \u00ab\u00a0Les textes po\u00e9tiques, du Zdjal au Melhoun\u00a0\u00bb, offrant ainsi un \u00e9clairage th\u00e9orique indispensable \u00e0 la compr\u00e9hension de cet art complexe.&nbsp;Le festival rendra \u00e9galement hommage \u00e0 plusieurs grands artistes issus de diff\u00e9rentes wilayas, reconnus pour leur pr\u00e9sence artistique remarquable et leurs contributions d\u00e9cisives \u00e0 la pr\u00e9servation de la musique andalouse. Seront ainsi honor\u00e9s Anis Mehmassadji, Nasr Eddine Ben Merabat, Sama\u00e2ine Heni, Youcef Ouaznedji, Farid Khodja et Zerrouk Miqdad. La c\u00e9r\u00e9monie d&rsquo;ouverture sera assur\u00e9e par l&rsquo;artiste Hamioudou, tandis que la cl\u00f4ture reviendra \u00e0 Miqdad Zerrouk. Un vernissage photographique consacr\u00e9 aux cheikhs et ma\u00eetres de la musique andalouse viendra enrichir la programmation au Palais de la culture.&nbsp;Cette manifestation culturelle poursuit plusieurs objectifs fondamentaux : pr\u00e9server ce genre musical exigeant, familiariser les nouvelles g\u00e9n\u00e9rations d&rsquo;artistes et le public avec ses pionniers et ses ma\u00eetres, encourager les jeunes et les femmes \u00e0 s&rsquo;engager dans l&rsquo;univers de la Sanaa et \u00e0 contribuer \u00e0 son enrichissement, tout en favorisant les \u00e9changes entre les formations et associations musicales et en am\u00e9liorant la formation artistique dans ce domaine patrimonial essentiel.<\/p>\n\n\n\n<p><strong>Mohand S.<\/strong><\/p>\n","protected":false},"excerpt":{"rendered":"<p>Apr\u00e8s une interruption de huit ann\u00e9es, le 11e Festival culturel national de musique andalouse Sanaase d\u00e9roule du 11 au 15<\/p>\n","protected":false},"author":6,"featured_media":77610,"comment_status":"open","ping_status":"closed","sticky":false,"template":"","format":"standard","meta":{"colormag_page_container_layout":"default_layout","colormag_page_sidebar_layout":"default_layout","om_disable_all_campaigns":false,"_monsterinsights_skip_tracking":false,"_monsterinsights_sitenote_active":false,"_monsterinsights_sitenote_note":"","_monsterinsights_sitenote_category":0,"footnotes":"","_wpscppro_dont_share_socialmedia":false,"_wpscppro_custom_social_share_image":0,"_facebook_share_type":"default","_twitter_share_type":"default","_linkedin_share_type":"default","_pinterest_share_type":"default","_linkedin_share_type_page":"","_instagram_share_type":"default","_medium_share_type":"default","_threads_share_type":"default","_google_business_share_type":"default","_selected_social_profile":[],"_wpsp_enable_custom_social_template":false,"_wpsp_social_scheduling":{"enabled":false,"datetime":null,"platforms":[],"status":"template_only","dateOption":"today","timeOption":"now","customDays":"","customHours":"","customDate":"","customTime":"","schedulingType":"absolute"},"_wpsp_active_default_template":true},"categories":[36],"tags":[],"class_list":["post-77609","post","type-post","status-publish","format-standard","has-post-thumbnail","hentry","category-culture"],"aioseo_notices":[],"yoast_head":"<!-- This site is optimized with the Yoast SEO plugin v27.4 - https:\/\/yoast.com\/product\/yoast-seo-wordpress\/ -->\n<title>Apr\u00e8s huit ans d&rsquo;absence\u00a0: Le\u00a0Festival culturel national de musique andalouse\u00a0Sanaa s\u2019ouvre aujourd\u2019hui - La Sentinelle<\/title>\n<meta name=\"robots\" content=\"index, follow, max-snippet:-1, max-image-preview:large, max-video-preview:-1\" \/>\n<link rel=\"canonical\" href=\"https:\/\/lasentinelle.dz\/index.php\/2025\/12\/10\/apres-huit-ans-dabsence-le-festival-culturel-national-de-musique-andalouse-sanaa-souvre-aujourdhui\/\" \/>\n<meta property=\"og:locale\" content=\"fr_FR\" \/>\n<meta property=\"og:type\" content=\"article\" \/>\n<meta property=\"og:title\" content=\"Apr\u00e8s huit ans d&rsquo;absence\u00a0: Le\u00a0Festival culturel national de musique andalouse\u00a0Sanaa s\u2019ouvre aujourd\u2019hui - La Sentinelle\" \/>\n<meta property=\"og:description\" content=\"Apr\u00e8s une interruption de huit ann\u00e9es, le 11e Festival culturel national de musique andalouse Sanaase d\u00e9roule du 11 au 15\" \/>\n<meta property=\"og:url\" content=\"https:\/\/lasentinelle.dz\/index.php\/2025\/12\/10\/apres-huit-ans-dabsence-le-festival-culturel-national-de-musique-andalouse-sanaa-souvre-aujourdhui\/\" \/>\n<meta property=\"og:site_name\" content=\"La Sentinelle\" \/>\n<meta property=\"article:publisher\" content=\"https:\/\/www.facebook.com\/La-Sentinelle-104059864394773\" \/>\n<meta property=\"article:published_time\" content=\"2025-12-10T18:37:36+00:00\" \/>\n<meta property=\"article:modified_time\" content=\"2025-12-10T18:37:37+00:00\" \/>\n<meta property=\"og:image\" content=\"https:\/\/lasentinelle.dz\/wp-content\/uploads\/2025\/12\/musique-andalouse.jpeg\" \/>\n\t<meta property=\"og:image:width\" content=\"2048\" \/>\n\t<meta property=\"og:image:height\" content=\"1365\" \/>\n\t<meta property=\"og:image:type\" content=\"image\/jpeg\" \/>\n<meta name=\"author\" content=\"admin\" \/>\n<meta name=\"twitter:card\" content=\"summary_large_image\" \/>\n<meta name=\"twitter:label1\" content=\"\u00c9crit par\" \/>\n\t<meta name=\"twitter:data1\" content=\"admin\" \/>\n\t<meta name=\"twitter:label2\" content=\"Dur\u00e9e de lecture estim\u00e9e\" \/>\n\t<meta name=\"twitter:data2\" content=\"3 minutes\" \/>\n<script type=\"application\/ld+json\" class=\"yoast-schema-graph\">{\"@context\":\"https:\\\/\\\/schema.org\",\"@graph\":[{\"@type\":\"Article\",\"@id\":\"https:\\\/\\\/lasentinelle.dz\\\/index.php\\\/2025\\\/12\\\/10\\\/apres-huit-ans-dabsence-le-festival-culturel-national-de-musique-andalouse-sanaa-souvre-aujourdhui\\\/#article\",\"isPartOf\":{\"@id\":\"https:\\\/\\\/lasentinelle.dz\\\/index.php\\\/2025\\\/12\\\/10\\\/apres-huit-ans-dabsence-le-festival-culturel-national-de-musique-andalouse-sanaa-souvre-aujourdhui\\\/\"},\"author\":{\"name\":\"admin\",\"@id\":\"https:\\\/\\\/lasentinelle.dz\\\/#\\\/schema\\\/person\\\/729ee0024f24e0b8c5ec17232f8e8b41\"},\"headline\":\"Apr\u00e8s huit ans d&rsquo;absence\u00a0: Le\u00a0Festival culturel national de musique andalouse\u00a0Sanaa s\u2019ouvre aujourd\u2019hui\",\"datePublished\":\"2025-12-10T18:37:36+00:00\",\"dateModified\":\"2025-12-10T18:37:37+00:00\",\"mainEntityOfPage\":{\"@id\":\"https:\\\/\\\/lasentinelle.dz\\\/index.php\\\/2025\\\/12\\\/10\\\/apres-huit-ans-dabsence-le-festival-culturel-national-de-musique-andalouse-sanaa-souvre-aujourdhui\\\/\"},\"wordCount\":515,\"commentCount\":0,\"publisher\":{\"@id\":\"https:\\\/\\\/lasentinelle.dz\\\/#organization\"},\"image\":{\"@id\":\"https:\\\/\\\/lasentinelle.dz\\\/index.php\\\/2025\\\/12\\\/10\\\/apres-huit-ans-dabsence-le-festival-culturel-national-de-musique-andalouse-sanaa-souvre-aujourdhui\\\/#primaryimage\"},\"thumbnailUrl\":\"https:\\\/\\\/lasentinelle.dz\\\/wp-content\\\/uploads\\\/2025\\\/12\\\/musique-andalouse.jpeg\",\"articleSection\":[\"Culture\"],\"inLanguage\":\"fr-FR\",\"potentialAction\":[{\"@type\":\"CommentAction\",\"name\":\"Comment\",\"target\":[\"https:\\\/\\\/lasentinelle.dz\\\/index.php\\\/2025\\\/12\\\/10\\\/apres-huit-ans-dabsence-le-festival-culturel-national-de-musique-andalouse-sanaa-souvre-aujourdhui\\\/#respond\"]}]},{\"@type\":\"WebPage\",\"@id\":\"https:\\\/\\\/lasentinelle.dz\\\/index.php\\\/2025\\\/12\\\/10\\\/apres-huit-ans-dabsence-le-festival-culturel-national-de-musique-andalouse-sanaa-souvre-aujourdhui\\\/\",\"url\":\"https:\\\/\\\/lasentinelle.dz\\\/index.php\\\/2025\\\/12\\\/10\\\/apres-huit-ans-dabsence-le-festival-culturel-national-de-musique-andalouse-sanaa-souvre-aujourdhui\\\/\",\"name\":\"Apr\u00e8s huit ans d&rsquo;absence\u00a0: Le\u00a0Festival culturel national de musique andalouse\u00a0Sanaa s\u2019ouvre aujourd\u2019hui - La Sentinelle\",\"isPartOf\":{\"@id\":\"https:\\\/\\\/lasentinelle.dz\\\/#website\"},\"primaryImageOfPage\":{\"@id\":\"https:\\\/\\\/lasentinelle.dz\\\/index.php\\\/2025\\\/12\\\/10\\\/apres-huit-ans-dabsence-le-festival-culturel-national-de-musique-andalouse-sanaa-souvre-aujourdhui\\\/#primaryimage\"},\"image\":{\"@id\":\"https:\\\/\\\/lasentinelle.dz\\\/index.php\\\/2025\\\/12\\\/10\\\/apres-huit-ans-dabsence-le-festival-culturel-national-de-musique-andalouse-sanaa-souvre-aujourdhui\\\/#primaryimage\"},\"thumbnailUrl\":\"https:\\\/\\\/lasentinelle.dz\\\/wp-content\\\/uploads\\\/2025\\\/12\\\/musique-andalouse.jpeg\",\"datePublished\":\"2025-12-10T18:37:36+00:00\",\"dateModified\":\"2025-12-10T18:37:37+00:00\",\"breadcrumb\":{\"@id\":\"https:\\\/\\\/lasentinelle.dz\\\/index.php\\\/2025\\\/12\\\/10\\\/apres-huit-ans-dabsence-le-festival-culturel-national-de-musique-andalouse-sanaa-souvre-aujourdhui\\\/#breadcrumb\"},\"inLanguage\":\"fr-FR\",\"potentialAction\":[{\"@type\":\"ReadAction\",\"target\":[\"https:\\\/\\\/lasentinelle.dz\\\/index.php\\\/2025\\\/12\\\/10\\\/apres-huit-ans-dabsence-le-festival-culturel-national-de-musique-andalouse-sanaa-souvre-aujourdhui\\\/\"]}]},{\"@type\":\"ImageObject\",\"inLanguage\":\"fr-FR\",\"@id\":\"https:\\\/\\\/lasentinelle.dz\\\/index.php\\\/2025\\\/12\\\/10\\\/apres-huit-ans-dabsence-le-festival-culturel-national-de-musique-andalouse-sanaa-souvre-aujourdhui\\\/#primaryimage\",\"url\":\"https:\\\/\\\/lasentinelle.dz\\\/wp-content\\\/uploads\\\/2025\\\/12\\\/musique-andalouse.jpeg\",\"contentUrl\":\"https:\\\/\\\/lasentinelle.dz\\\/wp-content\\\/uploads\\\/2025\\\/12\\\/musique-andalouse.jpeg\",\"width\":2048,\"height\":1365},{\"@type\":\"BreadcrumbList\",\"@id\":\"https:\\\/\\\/lasentinelle.dz\\\/index.php\\\/2025\\\/12\\\/10\\\/apres-huit-ans-dabsence-le-festival-culturel-national-de-musique-andalouse-sanaa-souvre-aujourdhui\\\/#breadcrumb\",\"itemListElement\":[{\"@type\":\"ListItem\",\"position\":1,\"name\":\"Accueil\",\"item\":\"https:\\\/\\\/lasentinelle.dz\\\/\"},{\"@type\":\"ListItem\",\"position\":2,\"name\":\"Apr\u00e8s huit ans d&rsquo;absence\u00a0: Le\u00a0Festival culturel national de musique andalouse\u00a0Sanaa s\u2019ouvre aujourd\u2019hui\"}]},{\"@type\":\"WebSite\",\"@id\":\"https:\\\/\\\/lasentinelle.dz\\\/#website\",\"url\":\"https:\\\/\\\/lasentinelle.dz\\\/\",\"name\":\"La Sentinelle\",\"description\":\"Quotidien national d&#039;information\",\"publisher\":{\"@id\":\"https:\\\/\\\/lasentinelle.dz\\\/#organization\"},\"potentialAction\":[{\"@type\":\"SearchAction\",\"target\":{\"@type\":\"EntryPoint\",\"urlTemplate\":\"https:\\\/\\\/lasentinelle.dz\\\/?s={search_term_string}\"},\"query-input\":{\"@type\":\"PropertyValueSpecification\",\"valueRequired\":true,\"valueName\":\"search_term_string\"}}],\"inLanguage\":\"fr-FR\"},{\"@type\":\"Organization\",\"@id\":\"https:\\\/\\\/lasentinelle.dz\\\/#organization\",\"name\":\"Quotidien La Sentinelle\",\"url\":\"https:\\\/\\\/lasentinelle.dz\\\/\",\"logo\":{\"@type\":\"ImageObject\",\"inLanguage\":\"fr-FR\",\"@id\":\"https:\\\/\\\/lasentinelle.dz\\\/#\\\/schema\\\/logo\\\/image\\\/\",\"url\":\"https:\\\/\\\/lasentinelle.dz\\\/wp-content\\\/uploads\\\/2021\\\/09\\\/logo-sentinelleSLOGAN-1.png\",\"contentUrl\":\"https:\\\/\\\/lasentinelle.dz\\\/wp-content\\\/uploads\\\/2021\\\/09\\\/logo-sentinelleSLOGAN-1.png\",\"width\":615,\"height\":142,\"caption\":\"Quotidien La Sentinelle\"},\"image\":{\"@id\":\"https:\\\/\\\/lasentinelle.dz\\\/#\\\/schema\\\/logo\\\/image\\\/\"},\"sameAs\":[\"https:\\\/\\\/www.facebook.com\\\/La-Sentinelle-104059864394773\"]},{\"@type\":\"Person\",\"@id\":\"https:\\\/\\\/lasentinelle.dz\\\/#\\\/schema\\\/person\\\/729ee0024f24e0b8c5ec17232f8e8b41\",\"name\":\"admin\",\"image\":{\"@type\":\"ImageObject\",\"inLanguage\":\"fr-FR\",\"@id\":\"https:\\\/\\\/secure.gravatar.com\\\/avatar\\\/4c81fed838786e9b53f540bf46533e750f5d292099ae3b66cfc6fb1982e29df7?s=96&d=mm&r=g\",\"url\":\"https:\\\/\\\/secure.gravatar.com\\\/avatar\\\/4c81fed838786e9b53f540bf46533e750f5d292099ae3b66cfc6fb1982e29df7?s=96&d=mm&r=g\",\"contentUrl\":\"https:\\\/\\\/secure.gravatar.com\\\/avatar\\\/4c81fed838786e9b53f540bf46533e750f5d292099ae3b66cfc6fb1982e29df7?s=96&d=mm&r=g\",\"caption\":\"admin\"},\"description\":\"admin\",\"url\":\"https:\\\/\\\/lasentinelle.dz\\\/author\\\/admin\\\/\"}]}<\/script>\n<!-- \/ Yoast SEO plugin. -->","yoast_head_json":{"title":"Apr\u00e8s huit ans d&rsquo;absence\u00a0: Le\u00a0Festival culturel national de musique andalouse\u00a0Sanaa s\u2019ouvre aujourd\u2019hui - La Sentinelle","robots":{"index":"index","follow":"follow","max-snippet":"max-snippet:-1","max-image-preview":"max-image-preview:large","max-video-preview":"max-video-preview:-1"},"canonical":"https:\/\/lasentinelle.dz\/index.php\/2025\/12\/10\/apres-huit-ans-dabsence-le-festival-culturel-national-de-musique-andalouse-sanaa-souvre-aujourdhui\/","og_locale":"fr_FR","og_type":"article","og_title":"Apr\u00e8s huit ans d&rsquo;absence\u00a0: Le\u00a0Festival culturel national de musique andalouse\u00a0Sanaa s\u2019ouvre aujourd\u2019hui - La Sentinelle","og_description":"Apr\u00e8s une interruption de huit ann\u00e9es, le 11e Festival culturel national de musique andalouse Sanaase d\u00e9roule du 11 au 15","og_url":"https:\/\/lasentinelle.dz\/index.php\/2025\/12\/10\/apres-huit-ans-dabsence-le-festival-culturel-national-de-musique-andalouse-sanaa-souvre-aujourdhui\/","og_site_name":"La Sentinelle","article_publisher":"https:\/\/www.facebook.com\/La-Sentinelle-104059864394773","article_published_time":"2025-12-10T18:37:36+00:00","article_modified_time":"2025-12-10T18:37:37+00:00","og_image":[{"width":2048,"height":1365,"url":"https:\/\/lasentinelle.dz\/wp-content\/uploads\/2025\/12\/musique-andalouse.jpeg","type":"image\/jpeg"}],"author":"admin","twitter_card":"summary_large_image","twitter_misc":{"\u00c9crit par":"admin","Dur\u00e9e de lecture estim\u00e9e":"3 minutes"},"schema":{"@context":"https:\/\/schema.org","@graph":[{"@type":"Article","@id":"https:\/\/lasentinelle.dz\/index.php\/2025\/12\/10\/apres-huit-ans-dabsence-le-festival-culturel-national-de-musique-andalouse-sanaa-souvre-aujourdhui\/#article","isPartOf":{"@id":"https:\/\/lasentinelle.dz\/index.php\/2025\/12\/10\/apres-huit-ans-dabsence-le-festival-culturel-national-de-musique-andalouse-sanaa-souvre-aujourdhui\/"},"author":{"name":"admin","@id":"https:\/\/lasentinelle.dz\/#\/schema\/person\/729ee0024f24e0b8c5ec17232f8e8b41"},"headline":"Apr\u00e8s huit ans d&rsquo;absence\u00a0: Le\u00a0Festival culturel national de musique andalouse\u00a0Sanaa s\u2019ouvre aujourd\u2019hui","datePublished":"2025-12-10T18:37:36+00:00","dateModified":"2025-12-10T18:37:37+00:00","mainEntityOfPage":{"@id":"https:\/\/lasentinelle.dz\/index.php\/2025\/12\/10\/apres-huit-ans-dabsence-le-festival-culturel-national-de-musique-andalouse-sanaa-souvre-aujourdhui\/"},"wordCount":515,"commentCount":0,"publisher":{"@id":"https:\/\/lasentinelle.dz\/#organization"},"image":{"@id":"https:\/\/lasentinelle.dz\/index.php\/2025\/12\/10\/apres-huit-ans-dabsence-le-festival-culturel-national-de-musique-andalouse-sanaa-souvre-aujourdhui\/#primaryimage"},"thumbnailUrl":"https:\/\/lasentinelle.dz\/wp-content\/uploads\/2025\/12\/musique-andalouse.jpeg","articleSection":["Culture"],"inLanguage":"fr-FR","potentialAction":[{"@type":"CommentAction","name":"Comment","target":["https:\/\/lasentinelle.dz\/index.php\/2025\/12\/10\/apres-huit-ans-dabsence-le-festival-culturel-national-de-musique-andalouse-sanaa-souvre-aujourdhui\/#respond"]}]},{"@type":"WebPage","@id":"https:\/\/lasentinelle.dz\/index.php\/2025\/12\/10\/apres-huit-ans-dabsence-le-festival-culturel-national-de-musique-andalouse-sanaa-souvre-aujourdhui\/","url":"https:\/\/lasentinelle.dz\/index.php\/2025\/12\/10\/apres-huit-ans-dabsence-le-festival-culturel-national-de-musique-andalouse-sanaa-souvre-aujourdhui\/","name":"Apr\u00e8s huit ans d&rsquo;absence\u00a0: Le\u00a0Festival culturel national de musique andalouse\u00a0Sanaa s\u2019ouvre aujourd\u2019hui - La Sentinelle","isPartOf":{"@id":"https:\/\/lasentinelle.dz\/#website"},"primaryImageOfPage":{"@id":"https:\/\/lasentinelle.dz\/index.php\/2025\/12\/10\/apres-huit-ans-dabsence-le-festival-culturel-national-de-musique-andalouse-sanaa-souvre-aujourdhui\/#primaryimage"},"image":{"@id":"https:\/\/lasentinelle.dz\/index.php\/2025\/12\/10\/apres-huit-ans-dabsence-le-festival-culturel-national-de-musique-andalouse-sanaa-souvre-aujourdhui\/#primaryimage"},"thumbnailUrl":"https:\/\/lasentinelle.dz\/wp-content\/uploads\/2025\/12\/musique-andalouse.jpeg","datePublished":"2025-12-10T18:37:36+00:00","dateModified":"2025-12-10T18:37:37+00:00","breadcrumb":{"@id":"https:\/\/lasentinelle.dz\/index.php\/2025\/12\/10\/apres-huit-ans-dabsence-le-festival-culturel-national-de-musique-andalouse-sanaa-souvre-aujourdhui\/#breadcrumb"},"inLanguage":"fr-FR","potentialAction":[{"@type":"ReadAction","target":["https:\/\/lasentinelle.dz\/index.php\/2025\/12\/10\/apres-huit-ans-dabsence-le-festival-culturel-national-de-musique-andalouse-sanaa-souvre-aujourdhui\/"]}]},{"@type":"ImageObject","inLanguage":"fr-FR","@id":"https:\/\/lasentinelle.dz\/index.php\/2025\/12\/10\/apres-huit-ans-dabsence-le-festival-culturel-national-de-musique-andalouse-sanaa-souvre-aujourdhui\/#primaryimage","url":"https:\/\/lasentinelle.dz\/wp-content\/uploads\/2025\/12\/musique-andalouse.jpeg","contentUrl":"https:\/\/lasentinelle.dz\/wp-content\/uploads\/2025\/12\/musique-andalouse.jpeg","width":2048,"height":1365},{"@type":"BreadcrumbList","@id":"https:\/\/lasentinelle.dz\/index.php\/2025\/12\/10\/apres-huit-ans-dabsence-le-festival-culturel-national-de-musique-andalouse-sanaa-souvre-aujourdhui\/#breadcrumb","itemListElement":[{"@type":"ListItem","position":1,"name":"Accueil","item":"https:\/\/lasentinelle.dz\/"},{"@type":"ListItem","position":2,"name":"Apr\u00e8s huit ans d&rsquo;absence\u00a0: Le\u00a0Festival culturel national de musique andalouse\u00a0Sanaa s\u2019ouvre aujourd\u2019hui"}]},{"@type":"WebSite","@id":"https:\/\/lasentinelle.dz\/#website","url":"https:\/\/lasentinelle.dz\/","name":"La Sentinelle","description":"Quotidien national d&#039;information","publisher":{"@id":"https:\/\/lasentinelle.dz\/#organization"},"potentialAction":[{"@type":"SearchAction","target":{"@type":"EntryPoint","urlTemplate":"https:\/\/lasentinelle.dz\/?s={search_term_string}"},"query-input":{"@type":"PropertyValueSpecification","valueRequired":true,"valueName":"search_term_string"}}],"inLanguage":"fr-FR"},{"@type":"Organization","@id":"https:\/\/lasentinelle.dz\/#organization","name":"Quotidien La Sentinelle","url":"https:\/\/lasentinelle.dz\/","logo":{"@type":"ImageObject","inLanguage":"fr-FR","@id":"https:\/\/lasentinelle.dz\/#\/schema\/logo\/image\/","url":"https:\/\/lasentinelle.dz\/wp-content\/uploads\/2021\/09\/logo-sentinelleSLOGAN-1.png","contentUrl":"https:\/\/lasentinelle.dz\/wp-content\/uploads\/2021\/09\/logo-sentinelleSLOGAN-1.png","width":615,"height":142,"caption":"Quotidien La Sentinelle"},"image":{"@id":"https:\/\/lasentinelle.dz\/#\/schema\/logo\/image\/"},"sameAs":["https:\/\/www.facebook.com\/La-Sentinelle-104059864394773"]},{"@type":"Person","@id":"https:\/\/lasentinelle.dz\/#\/schema\/person\/729ee0024f24e0b8c5ec17232f8e8b41","name":"admin","image":{"@type":"ImageObject","inLanguage":"fr-FR","@id":"https:\/\/secure.gravatar.com\/avatar\/4c81fed838786e9b53f540bf46533e750f5d292099ae3b66cfc6fb1982e29df7?s=96&d=mm&r=g","url":"https:\/\/secure.gravatar.com\/avatar\/4c81fed838786e9b53f540bf46533e750f5d292099ae3b66cfc6fb1982e29df7?s=96&d=mm&r=g","contentUrl":"https:\/\/secure.gravatar.com\/avatar\/4c81fed838786e9b53f540bf46533e750f5d292099ae3b66cfc6fb1982e29df7?s=96&d=mm&r=g","caption":"admin"},"description":"admin","url":"https:\/\/lasentinelle.dz\/author\/admin\/"}]}},"_links":{"self":[{"href":"https:\/\/lasentinelle.dz\/index.php\/wp-json\/wp\/v2\/posts\/77609","targetHints":{"allow":["GET"]}}],"collection":[{"href":"https:\/\/lasentinelle.dz\/index.php\/wp-json\/wp\/v2\/posts"}],"about":[{"href":"https:\/\/lasentinelle.dz\/index.php\/wp-json\/wp\/v2\/types\/post"}],"author":[{"embeddable":true,"href":"https:\/\/lasentinelle.dz\/index.php\/wp-json\/wp\/v2\/users\/6"}],"replies":[{"embeddable":true,"href":"https:\/\/lasentinelle.dz\/index.php\/wp-json\/wp\/v2\/comments?post=77609"}],"version-history":[{"count":2,"href":"https:\/\/lasentinelle.dz\/index.php\/wp-json\/wp\/v2\/posts\/77609\/revisions"}],"predecessor-version":[{"id":77612,"href":"https:\/\/lasentinelle.dz\/index.php\/wp-json\/wp\/v2\/posts\/77609\/revisions\/77612"}],"wp:featuredmedia":[{"embeddable":true,"href":"https:\/\/lasentinelle.dz\/index.php\/wp-json\/wp\/v2\/media\/77610"}],"wp:attachment":[{"href":"https:\/\/lasentinelle.dz\/index.php\/wp-json\/wp\/v2\/media?parent=77609"}],"wp:term":[{"taxonomy":"category","embeddable":true,"href":"https:\/\/lasentinelle.dz\/index.php\/wp-json\/wp\/v2\/categories?post=77609"},{"taxonomy":"post_tag","embeddable":true,"href":"https:\/\/lasentinelle.dz\/index.php\/wp-json\/wp\/v2\/tags?post=77609"}],"curies":[{"name":"wp","href":"https:\/\/api.w.org\/{rel}","templated":true}]}}