{"id":77613,"date":"2025-12-10T19:39:05","date_gmt":"2025-12-10T18:39:05","guid":{"rendered":"https:\/\/lasentinelle.dz\/?p=77613"},"modified":"2025-12-10T19:39:06","modified_gmt":"2025-12-10T18:39:06","slug":"beni-abbes-accueillera-les-festivites-nationales-les-preparatifs-du-nouvel-an-amazigh-saccelerent","status":"publish","type":"post","link":"https:\/\/lasentinelle.dz\/index.php\/2025\/12\/10\/beni-abbes-accueillera-les-festivites-nationales-les-preparatifs-du-nouvel-an-amazigh-saccelerent\/","title":{"rendered":"B\u00e9ni Abb\u00e8s accueillera les festivit\u00e9s nationales\u00a0: Les pr\u00e9paratifs du Nouvel\u00a0An amazigh\u00a0s\u2019acc\u00e9l\u00e8rent"},"content":{"rendered":"\n<p>Le Haut-Commissariat \u00e0 l&rsquo;Amazighit\u00e9 finalise l&rsquo;organisation de la c\u00e9l\u00e9bration du Nouvel An amazigh et de la remise du Prix pr\u00e9sidentiel de la litt\u00e9rature amazighe, pr\u00e9vus du 10 au 12 janvier dans la wilaya de B\u00e9ni Abb\u00e8s, sous le haut patronage du pr\u00e9sident Abdelmadjid Tebboune.<\/p>\n\n\n\n<p>Une r\u00e9union de coordination \u00e9largie s&rsquo;est tenue mardi au Cercle national de l&rsquo;Arm\u00e9e \u00e0 B\u00e9ni Messous pour arr\u00eater les derniers pr\u00e9paratifs de cet \u00e9v\u00e9nement d&rsquo;envergure nationale.&nbsp;Organis\u00e9e par le Haut-Commissariat \u00e0 l&rsquo;Amazighit\u00e9, cette rencontre a rassembl\u00e9 l&rsquo;ensemble des partenaires et contributeurs mobilis\u00e9s pour garantir le succ\u00e8s de cette double manifestation culturelle qui marquera l&rsquo;entr\u00e9e dans l&rsquo;ann\u00e9e amazighe 2976.&nbsp;Le secr\u00e9taire g\u00e9n\u00e9ral du HCA, Si El Hachemi Assad, a pr\u00e9cis\u00e9 que cette r\u00e9union s&rsquo;inscrit dans le cadre des pr\u00e9paratifs pour l&rsquo;organisation de la c\u00e9l\u00e9bration nationale du Nouvel An amazigh et la c\u00e9r\u00e9monie de remise du Prix du Pr\u00e9sident de la R\u00e9publique de la litt\u00e9rature et la langue amazighes, dans sa sixi\u00e8me \u00e9dition. Il a soulign\u00e9 que cette c\u00e9l\u00e9bration nationale et officielle se tient sous le haut patronage du pr\u00e9sident de la R\u00e9publique, Abdelmadjid Tebboune, confirmant ainsi l&rsquo;importance accord\u00e9e par les plus hautes autorit\u00e9s de l&rsquo;\u00c9tat \u00e0 la dimension amazighe de l&rsquo;identit\u00e9 nationale.<\/p>\n\n\n\n<p>Le choix de B\u00e9ni Abb\u00e8s&nbsp;pour accueillir les festivit\u00e9s rev\u00eat une signification particuli\u00e8re. Selon Si El Hachemi Assad, cette d\u00e9cision a \u00e9t\u00e9 prise directement par le pr\u00e9sident de la R\u00e9publique, Abdelmadjid Tebboune. Ce choix g\u00e9ographique illustre la volont\u00e9 des autorit\u00e9s de valoriser l&rsquo;ensemble du territoire national et de mettre en lumi\u00e8re les r\u00e9gions sahariennes, riches d&rsquo;un patrimoine culturel amazigh s\u00e9culaire. Le secr\u00e9taire g\u00e9n\u00e9ral du HCA a indiqu\u00e9 qu&rsquo;un programme riche a \u00e9t\u00e9 \u00e9labor\u00e9 pour refl\u00e9ter l&rsquo;\u00e9lan culturel et le patrimoine national que repr\u00e9sente cette c\u00e9l\u00e9bration.&nbsp;Les objectifs assign\u00e9s \u00e0 cet \u00e9v\u00e9nement d\u00e9passent le cadre festif pour s&rsquo;inscrire dans une d\u00e9marche de consolidation identitaire. Si El Hachemi Assad a affirm\u00e9 que l&rsquo;organisation de ce rendez-vous \u00e0 dimension nationale a pour objectif d&rsquo;ancrer l&rsquo;esprit de l&rsquo;identit\u00e9 nationale et de renforcer la coh\u00e9sion entre les Alg\u00e9riens.&nbsp;&nbsp;<\/p>\n\n\n\n<p><strong>L\u2019Alg\u00e9rie Une et indivisible<\/strong><\/p>\n\n\n\n<p>Plac\u00e9 cette ann\u00e9e sous le slogan \u00e9vocateur \u00ab De B\u00e9ni Abb\u00e8s&#8230; Yennayer brille pour l&rsquo;Alg\u00e9rie victorieuse \u00bb, l&rsquo;\u00e9v\u00e9nement comportera un programme qualifi\u00e9 de riche et vari\u00e9 par les organisateurs. L&rsquo;un des temps forts sera le d\u00e9part d&rsquo;une caravane symbolique le 9 janvier depuis la gare ferroviaire de l&rsquo;a\u00e9roport Houari Boum\u00e9di\u00e8ne vers Abadla, dans la wilaya de B\u00e9char, avant de poursuivre par voie terrestre jusqu&rsquo;\u00e0 B\u00e9ni Abb\u00e8s. Cette caravane v\u00e9hicule des messages forts, \u00e0 savoir que l&rsquo;Alg\u00e9rie est une et indivisible, a soulign\u00e9 Si El Hachemi Assad, ajoutant qu&rsquo;elle refl\u00e8te la richesse et la diversit\u00e9 culturelle dont regorge le pays ainsi que la langue amazighe dans toutes ses variantes linguistiques.&nbsp;La wilaya de B\u00e9ni Abb\u00e8s affiche sa pleine mobilisation pour accueillir dans les meilleures conditions les participants et invit\u00e9s de cet \u00e9v\u00e9nement national. Le secr\u00e9taire g\u00e9n\u00e9ral de la wilaya, Slimani Messaoud, pr\u00e9sent \u00e0 la r\u00e9union pr\u00e9paratoire, a soulign\u00e9 la disponibilit\u00e9 de l&rsquo;ensemble des structures et services pour accueillir les invit\u00e9s, assurant la prise en charge de tous les aspects pr\u00e9paratoires et des \u00e9quipements logistiques.&nbsp;&nbsp;La r\u00e9union a permis d&rsquo;examiner le projet de programme relatif \u00e0 cet important rendez-vous national, de finaliser les dispositions organisationnelles et les pr\u00e9paratifs visant \u00e0 renforcer les m\u00e9canismes de coordination des efforts pour en assurer la r\u00e9ussite. Les participants ont \u00e9galement pu d\u00e9couvrir le spot promotionnel officiel de la c\u00e9l\u00e9bration nationale du Nouvel An amazigh, avant d&rsquo;engager des d\u00e9bats autour de l&rsquo;enrichissement du projet de programme des activit\u00e9s propos\u00e9 par le HCA en coordination avec les diff\u00e9rents partenaires et contributeurs.&nbsp;Parall\u00e8lement aux festivit\u00e9s de Yennayer, la sixi\u00e8me \u00e9dition du Prix du Pr\u00e9sident de la R\u00e9publique de la litt\u00e9rature et la langue amazighes sera remise lors de cet \u00e9v\u00e9nement. Cette distinction, cr\u00e9\u00e9e pour encourager la cr\u00e9ation litt\u00e9raire et la recherche en langue amazighe, s&rsquo;est impos\u00e9e comme une reconnaissance majeure pour les auteurs et chercheurs \u0153uvrant \u00e0 la promotion et au d\u00e9veloppement de Tamazight.&nbsp;Le programme d\u00e9finitif et officiel de cet \u00e9v\u00e9nement sera d\u00e9voil\u00e9 lors d&rsquo;une conf\u00e9rence de presse pr\u00e9vue le 31 d\u00e9cembre, permettant ainsi au public et aux m\u00e9dias de d\u00e9couvrir dans le d\u00e9tail les activit\u00e9s culturelles, artistiques et acad\u00e9miques qui jalonneront ces trois journ\u00e9es de c\u00e9l\u00e9bration \u00e0 B\u00e9ni Abb\u00e8s.<\/p>\n\n\n\n<p><strong>Mohand Seghir<\/strong><\/p>\n","protected":false},"excerpt":{"rendered":"<p>Le Haut-Commissariat \u00e0 l&rsquo;Amazighit\u00e9 finalise l&rsquo;organisation de la c\u00e9l\u00e9bration du Nouvel An amazigh et de la remise du Prix pr\u00e9sidentiel<\/p>\n","protected":false},"author":6,"featured_media":77614,"comment_status":"open","ping_status":"closed","sticky":false,"template":"","format":"standard","meta":{"colormag_page_container_layout":"default_layout","colormag_page_sidebar_layout":"default_layout","om_disable_all_campaigns":false,"_monsterinsights_skip_tracking":false,"_monsterinsights_sitenote_active":false,"_monsterinsights_sitenote_note":"","_monsterinsights_sitenote_category":0,"footnotes":"","_wpscppro_dont_share_socialmedia":false,"_wpscppro_custom_social_share_image":0,"_facebook_share_type":"default","_twitter_share_type":"default","_linkedin_share_type":"default","_pinterest_share_type":"default","_linkedin_share_type_page":"","_instagram_share_type":"default","_medium_share_type":"default","_threads_share_type":"default","_google_business_share_type":"default","_selected_social_profile":[],"_wpsp_enable_custom_social_template":false,"_wpsp_social_scheduling":{"enabled":false,"datetime":null,"platforms":[],"status":"template_only","dateOption":"today","timeOption":"now","customDays":"","customHours":"","customDate":"","customTime":"","schedulingType":"absolute"},"_wpsp_active_default_template":true},"categories":[36],"tags":[],"class_list":["post-77613","post","type-post","status-publish","format-standard","has-post-thumbnail","hentry","category-culture"],"aioseo_notices":[],"yoast_head":"<!-- This site is optimized with the Yoast SEO plugin v27.4 - https:\/\/yoast.com\/product\/yoast-seo-wordpress\/ -->\n<title>B\u00e9ni Abb\u00e8s accueillera les festivit\u00e9s nationales\u00a0: Les pr\u00e9paratifs du Nouvel\u00a0An amazigh\u00a0s\u2019acc\u00e9l\u00e8rent - La Sentinelle<\/title>\n<meta name=\"robots\" content=\"index, follow, max-snippet:-1, max-image-preview:large, max-video-preview:-1\" \/>\n<link rel=\"canonical\" href=\"https:\/\/lasentinelle.dz\/index.php\/2025\/12\/10\/beni-abbes-accueillera-les-festivites-nationales-les-preparatifs-du-nouvel-an-amazigh-saccelerent\/\" \/>\n<meta property=\"og:locale\" content=\"fr_FR\" \/>\n<meta property=\"og:type\" content=\"article\" \/>\n<meta property=\"og:title\" content=\"B\u00e9ni Abb\u00e8s accueillera les festivit\u00e9s nationales\u00a0: Les pr\u00e9paratifs du Nouvel\u00a0An amazigh\u00a0s\u2019acc\u00e9l\u00e8rent - La Sentinelle\" \/>\n<meta property=\"og:description\" content=\"Le Haut-Commissariat \u00e0 l&rsquo;Amazighit\u00e9 finalise l&rsquo;organisation de la c\u00e9l\u00e9bration du Nouvel An amazigh et de la remise du Prix pr\u00e9sidentiel\" \/>\n<meta property=\"og:url\" content=\"https:\/\/lasentinelle.dz\/index.php\/2025\/12\/10\/beni-abbes-accueillera-les-festivites-nationales-les-preparatifs-du-nouvel-an-amazigh-saccelerent\/\" \/>\n<meta property=\"og:site_name\" content=\"La Sentinelle\" \/>\n<meta property=\"article:publisher\" content=\"https:\/\/www.facebook.com\/La-Sentinelle-104059864394773\" \/>\n<meta property=\"article:published_time\" content=\"2025-12-10T18:39:05+00:00\" \/>\n<meta property=\"article:modified_time\" content=\"2025-12-10T18:39:06+00:00\" \/>\n<meta property=\"og:image\" content=\"https:\/\/lasentinelle.dz\/wp-content\/uploads\/2025\/12\/beni-abbes.jpeg\" \/>\n\t<meta property=\"og:image:width\" content=\"1024\" \/>\n\t<meta property=\"og:image:height\" content=\"681\" \/>\n\t<meta property=\"og:image:type\" content=\"image\/jpeg\" \/>\n<meta name=\"author\" content=\"admin\" \/>\n<meta name=\"twitter:card\" content=\"summary_large_image\" \/>\n<meta name=\"twitter:label1\" content=\"\u00c9crit par\" \/>\n\t<meta name=\"twitter:data1\" content=\"admin\" \/>\n\t<meta name=\"twitter:label2\" content=\"Dur\u00e9e de lecture estim\u00e9e\" \/>\n\t<meta name=\"twitter:data2\" content=\"4 minutes\" \/>\n<script type=\"application\/ld+json\" class=\"yoast-schema-graph\">{\"@context\":\"https:\\\/\\\/schema.org\",\"@graph\":[{\"@type\":\"Article\",\"@id\":\"https:\\\/\\\/lasentinelle.dz\\\/index.php\\\/2025\\\/12\\\/10\\\/beni-abbes-accueillera-les-festivites-nationales-les-preparatifs-du-nouvel-an-amazigh-saccelerent\\\/#article\",\"isPartOf\":{\"@id\":\"https:\\\/\\\/lasentinelle.dz\\\/index.php\\\/2025\\\/12\\\/10\\\/beni-abbes-accueillera-les-festivites-nationales-les-preparatifs-du-nouvel-an-amazigh-saccelerent\\\/\"},\"author\":{\"name\":\"admin\",\"@id\":\"https:\\\/\\\/lasentinelle.dz\\\/#\\\/schema\\\/person\\\/729ee0024f24e0b8c5ec17232f8e8b41\"},\"headline\":\"B\u00e9ni Abb\u00e8s accueillera les festivit\u00e9s nationales\u00a0: Les pr\u00e9paratifs du Nouvel\u00a0An amazigh\u00a0s\u2019acc\u00e9l\u00e8rent\",\"datePublished\":\"2025-12-10T18:39:05+00:00\",\"dateModified\":\"2025-12-10T18:39:06+00:00\",\"mainEntityOfPage\":{\"@id\":\"https:\\\/\\\/lasentinelle.dz\\\/index.php\\\/2025\\\/12\\\/10\\\/beni-abbes-accueillera-les-festivites-nationales-les-preparatifs-du-nouvel-an-amazigh-saccelerent\\\/\"},\"wordCount\":876,\"commentCount\":0,\"publisher\":{\"@id\":\"https:\\\/\\\/lasentinelle.dz\\\/#organization\"},\"image\":{\"@id\":\"https:\\\/\\\/lasentinelle.dz\\\/index.php\\\/2025\\\/12\\\/10\\\/beni-abbes-accueillera-les-festivites-nationales-les-preparatifs-du-nouvel-an-amazigh-saccelerent\\\/#primaryimage\"},\"thumbnailUrl\":\"https:\\\/\\\/lasentinelle.dz\\\/wp-content\\\/uploads\\\/2025\\\/12\\\/beni-abbes.jpeg\",\"articleSection\":[\"Culture\"],\"inLanguage\":\"fr-FR\",\"potentialAction\":[{\"@type\":\"CommentAction\",\"name\":\"Comment\",\"target\":[\"https:\\\/\\\/lasentinelle.dz\\\/index.php\\\/2025\\\/12\\\/10\\\/beni-abbes-accueillera-les-festivites-nationales-les-preparatifs-du-nouvel-an-amazigh-saccelerent\\\/#respond\"]}]},{\"@type\":\"WebPage\",\"@id\":\"https:\\\/\\\/lasentinelle.dz\\\/index.php\\\/2025\\\/12\\\/10\\\/beni-abbes-accueillera-les-festivites-nationales-les-preparatifs-du-nouvel-an-amazigh-saccelerent\\\/\",\"url\":\"https:\\\/\\\/lasentinelle.dz\\\/index.php\\\/2025\\\/12\\\/10\\\/beni-abbes-accueillera-les-festivites-nationales-les-preparatifs-du-nouvel-an-amazigh-saccelerent\\\/\",\"name\":\"B\u00e9ni Abb\u00e8s accueillera les festivit\u00e9s nationales\u00a0: Les pr\u00e9paratifs du Nouvel\u00a0An amazigh\u00a0s\u2019acc\u00e9l\u00e8rent - La Sentinelle\",\"isPartOf\":{\"@id\":\"https:\\\/\\\/lasentinelle.dz\\\/#website\"},\"primaryImageOfPage\":{\"@id\":\"https:\\\/\\\/lasentinelle.dz\\\/index.php\\\/2025\\\/12\\\/10\\\/beni-abbes-accueillera-les-festivites-nationales-les-preparatifs-du-nouvel-an-amazigh-saccelerent\\\/#primaryimage\"},\"image\":{\"@id\":\"https:\\\/\\\/lasentinelle.dz\\\/index.php\\\/2025\\\/12\\\/10\\\/beni-abbes-accueillera-les-festivites-nationales-les-preparatifs-du-nouvel-an-amazigh-saccelerent\\\/#primaryimage\"},\"thumbnailUrl\":\"https:\\\/\\\/lasentinelle.dz\\\/wp-content\\\/uploads\\\/2025\\\/12\\\/beni-abbes.jpeg\",\"datePublished\":\"2025-12-10T18:39:05+00:00\",\"dateModified\":\"2025-12-10T18:39:06+00:00\",\"breadcrumb\":{\"@id\":\"https:\\\/\\\/lasentinelle.dz\\\/index.php\\\/2025\\\/12\\\/10\\\/beni-abbes-accueillera-les-festivites-nationales-les-preparatifs-du-nouvel-an-amazigh-saccelerent\\\/#breadcrumb\"},\"inLanguage\":\"fr-FR\",\"potentialAction\":[{\"@type\":\"ReadAction\",\"target\":[\"https:\\\/\\\/lasentinelle.dz\\\/index.php\\\/2025\\\/12\\\/10\\\/beni-abbes-accueillera-les-festivites-nationales-les-preparatifs-du-nouvel-an-amazigh-saccelerent\\\/\"]}]},{\"@type\":\"ImageObject\",\"inLanguage\":\"fr-FR\",\"@id\":\"https:\\\/\\\/lasentinelle.dz\\\/index.php\\\/2025\\\/12\\\/10\\\/beni-abbes-accueillera-les-festivites-nationales-les-preparatifs-du-nouvel-an-amazigh-saccelerent\\\/#primaryimage\",\"url\":\"https:\\\/\\\/lasentinelle.dz\\\/wp-content\\\/uploads\\\/2025\\\/12\\\/beni-abbes.jpeg\",\"contentUrl\":\"https:\\\/\\\/lasentinelle.dz\\\/wp-content\\\/uploads\\\/2025\\\/12\\\/beni-abbes.jpeg\",\"width\":1024,\"height\":681},{\"@type\":\"BreadcrumbList\",\"@id\":\"https:\\\/\\\/lasentinelle.dz\\\/index.php\\\/2025\\\/12\\\/10\\\/beni-abbes-accueillera-les-festivites-nationales-les-preparatifs-du-nouvel-an-amazigh-saccelerent\\\/#breadcrumb\",\"itemListElement\":[{\"@type\":\"ListItem\",\"position\":1,\"name\":\"Accueil\",\"item\":\"https:\\\/\\\/lasentinelle.dz\\\/\"},{\"@type\":\"ListItem\",\"position\":2,\"name\":\"B\u00e9ni Abb\u00e8s accueillera les festivit\u00e9s nationales\u00a0: Les pr\u00e9paratifs du Nouvel\u00a0An amazigh\u00a0s\u2019acc\u00e9l\u00e8rent\"}]},{\"@type\":\"WebSite\",\"@id\":\"https:\\\/\\\/lasentinelle.dz\\\/#website\",\"url\":\"https:\\\/\\\/lasentinelle.dz\\\/\",\"name\":\"La Sentinelle\",\"description\":\"Quotidien national d&#039;information\",\"publisher\":{\"@id\":\"https:\\\/\\\/lasentinelle.dz\\\/#organization\"},\"potentialAction\":[{\"@type\":\"SearchAction\",\"target\":{\"@type\":\"EntryPoint\",\"urlTemplate\":\"https:\\\/\\\/lasentinelle.dz\\\/?s={search_term_string}\"},\"query-input\":{\"@type\":\"PropertyValueSpecification\",\"valueRequired\":true,\"valueName\":\"search_term_string\"}}],\"inLanguage\":\"fr-FR\"},{\"@type\":\"Organization\",\"@id\":\"https:\\\/\\\/lasentinelle.dz\\\/#organization\",\"name\":\"Quotidien La Sentinelle\",\"url\":\"https:\\\/\\\/lasentinelle.dz\\\/\",\"logo\":{\"@type\":\"ImageObject\",\"inLanguage\":\"fr-FR\",\"@id\":\"https:\\\/\\\/lasentinelle.dz\\\/#\\\/schema\\\/logo\\\/image\\\/\",\"url\":\"https:\\\/\\\/lasentinelle.dz\\\/wp-content\\\/uploads\\\/2021\\\/09\\\/logo-sentinelleSLOGAN-1.png\",\"contentUrl\":\"https:\\\/\\\/lasentinelle.dz\\\/wp-content\\\/uploads\\\/2021\\\/09\\\/logo-sentinelleSLOGAN-1.png\",\"width\":615,\"height\":142,\"caption\":\"Quotidien La Sentinelle\"},\"image\":{\"@id\":\"https:\\\/\\\/lasentinelle.dz\\\/#\\\/schema\\\/logo\\\/image\\\/\"},\"sameAs\":[\"https:\\\/\\\/www.facebook.com\\\/La-Sentinelle-104059864394773\"]},{\"@type\":\"Person\",\"@id\":\"https:\\\/\\\/lasentinelle.dz\\\/#\\\/schema\\\/person\\\/729ee0024f24e0b8c5ec17232f8e8b41\",\"name\":\"admin\",\"image\":{\"@type\":\"ImageObject\",\"inLanguage\":\"fr-FR\",\"@id\":\"https:\\\/\\\/secure.gravatar.com\\\/avatar\\\/4c81fed838786e9b53f540bf46533e750f5d292099ae3b66cfc6fb1982e29df7?s=96&d=mm&r=g\",\"url\":\"https:\\\/\\\/secure.gravatar.com\\\/avatar\\\/4c81fed838786e9b53f540bf46533e750f5d292099ae3b66cfc6fb1982e29df7?s=96&d=mm&r=g\",\"contentUrl\":\"https:\\\/\\\/secure.gravatar.com\\\/avatar\\\/4c81fed838786e9b53f540bf46533e750f5d292099ae3b66cfc6fb1982e29df7?s=96&d=mm&r=g\",\"caption\":\"admin\"},\"description\":\"admin\",\"url\":\"https:\\\/\\\/lasentinelle.dz\\\/author\\\/admin\\\/\"}]}<\/script>\n<!-- \/ Yoast SEO plugin. -->","yoast_head_json":{"title":"B\u00e9ni Abb\u00e8s accueillera les festivit\u00e9s nationales\u00a0: Les pr\u00e9paratifs du Nouvel\u00a0An amazigh\u00a0s\u2019acc\u00e9l\u00e8rent - La Sentinelle","robots":{"index":"index","follow":"follow","max-snippet":"max-snippet:-1","max-image-preview":"max-image-preview:large","max-video-preview":"max-video-preview:-1"},"canonical":"https:\/\/lasentinelle.dz\/index.php\/2025\/12\/10\/beni-abbes-accueillera-les-festivites-nationales-les-preparatifs-du-nouvel-an-amazigh-saccelerent\/","og_locale":"fr_FR","og_type":"article","og_title":"B\u00e9ni Abb\u00e8s accueillera les festivit\u00e9s nationales\u00a0: Les pr\u00e9paratifs du Nouvel\u00a0An amazigh\u00a0s\u2019acc\u00e9l\u00e8rent - La Sentinelle","og_description":"Le Haut-Commissariat \u00e0 l&rsquo;Amazighit\u00e9 finalise l&rsquo;organisation de la c\u00e9l\u00e9bration du Nouvel An amazigh et de la remise du Prix pr\u00e9sidentiel","og_url":"https:\/\/lasentinelle.dz\/index.php\/2025\/12\/10\/beni-abbes-accueillera-les-festivites-nationales-les-preparatifs-du-nouvel-an-amazigh-saccelerent\/","og_site_name":"La Sentinelle","article_publisher":"https:\/\/www.facebook.com\/La-Sentinelle-104059864394773","article_published_time":"2025-12-10T18:39:05+00:00","article_modified_time":"2025-12-10T18:39:06+00:00","og_image":[{"width":1024,"height":681,"url":"https:\/\/lasentinelle.dz\/wp-content\/uploads\/2025\/12\/beni-abbes.jpeg","type":"image\/jpeg"}],"author":"admin","twitter_card":"summary_large_image","twitter_misc":{"\u00c9crit par":"admin","Dur\u00e9e de lecture estim\u00e9e":"4 minutes"},"schema":{"@context":"https:\/\/schema.org","@graph":[{"@type":"Article","@id":"https:\/\/lasentinelle.dz\/index.php\/2025\/12\/10\/beni-abbes-accueillera-les-festivites-nationales-les-preparatifs-du-nouvel-an-amazigh-saccelerent\/#article","isPartOf":{"@id":"https:\/\/lasentinelle.dz\/index.php\/2025\/12\/10\/beni-abbes-accueillera-les-festivites-nationales-les-preparatifs-du-nouvel-an-amazigh-saccelerent\/"},"author":{"name":"admin","@id":"https:\/\/lasentinelle.dz\/#\/schema\/person\/729ee0024f24e0b8c5ec17232f8e8b41"},"headline":"B\u00e9ni Abb\u00e8s accueillera les festivit\u00e9s nationales\u00a0: Les pr\u00e9paratifs du Nouvel\u00a0An amazigh\u00a0s\u2019acc\u00e9l\u00e8rent","datePublished":"2025-12-10T18:39:05+00:00","dateModified":"2025-12-10T18:39:06+00:00","mainEntityOfPage":{"@id":"https:\/\/lasentinelle.dz\/index.php\/2025\/12\/10\/beni-abbes-accueillera-les-festivites-nationales-les-preparatifs-du-nouvel-an-amazigh-saccelerent\/"},"wordCount":876,"commentCount":0,"publisher":{"@id":"https:\/\/lasentinelle.dz\/#organization"},"image":{"@id":"https:\/\/lasentinelle.dz\/index.php\/2025\/12\/10\/beni-abbes-accueillera-les-festivites-nationales-les-preparatifs-du-nouvel-an-amazigh-saccelerent\/#primaryimage"},"thumbnailUrl":"https:\/\/lasentinelle.dz\/wp-content\/uploads\/2025\/12\/beni-abbes.jpeg","articleSection":["Culture"],"inLanguage":"fr-FR","potentialAction":[{"@type":"CommentAction","name":"Comment","target":["https:\/\/lasentinelle.dz\/index.php\/2025\/12\/10\/beni-abbes-accueillera-les-festivites-nationales-les-preparatifs-du-nouvel-an-amazigh-saccelerent\/#respond"]}]},{"@type":"WebPage","@id":"https:\/\/lasentinelle.dz\/index.php\/2025\/12\/10\/beni-abbes-accueillera-les-festivites-nationales-les-preparatifs-du-nouvel-an-amazigh-saccelerent\/","url":"https:\/\/lasentinelle.dz\/index.php\/2025\/12\/10\/beni-abbes-accueillera-les-festivites-nationales-les-preparatifs-du-nouvel-an-amazigh-saccelerent\/","name":"B\u00e9ni Abb\u00e8s accueillera les festivit\u00e9s nationales\u00a0: Les pr\u00e9paratifs du Nouvel\u00a0An amazigh\u00a0s\u2019acc\u00e9l\u00e8rent - La Sentinelle","isPartOf":{"@id":"https:\/\/lasentinelle.dz\/#website"},"primaryImageOfPage":{"@id":"https:\/\/lasentinelle.dz\/index.php\/2025\/12\/10\/beni-abbes-accueillera-les-festivites-nationales-les-preparatifs-du-nouvel-an-amazigh-saccelerent\/#primaryimage"},"image":{"@id":"https:\/\/lasentinelle.dz\/index.php\/2025\/12\/10\/beni-abbes-accueillera-les-festivites-nationales-les-preparatifs-du-nouvel-an-amazigh-saccelerent\/#primaryimage"},"thumbnailUrl":"https:\/\/lasentinelle.dz\/wp-content\/uploads\/2025\/12\/beni-abbes.jpeg","datePublished":"2025-12-10T18:39:05+00:00","dateModified":"2025-12-10T18:39:06+00:00","breadcrumb":{"@id":"https:\/\/lasentinelle.dz\/index.php\/2025\/12\/10\/beni-abbes-accueillera-les-festivites-nationales-les-preparatifs-du-nouvel-an-amazigh-saccelerent\/#breadcrumb"},"inLanguage":"fr-FR","potentialAction":[{"@type":"ReadAction","target":["https:\/\/lasentinelle.dz\/index.php\/2025\/12\/10\/beni-abbes-accueillera-les-festivites-nationales-les-preparatifs-du-nouvel-an-amazigh-saccelerent\/"]}]},{"@type":"ImageObject","inLanguage":"fr-FR","@id":"https:\/\/lasentinelle.dz\/index.php\/2025\/12\/10\/beni-abbes-accueillera-les-festivites-nationales-les-preparatifs-du-nouvel-an-amazigh-saccelerent\/#primaryimage","url":"https:\/\/lasentinelle.dz\/wp-content\/uploads\/2025\/12\/beni-abbes.jpeg","contentUrl":"https:\/\/lasentinelle.dz\/wp-content\/uploads\/2025\/12\/beni-abbes.jpeg","width":1024,"height":681},{"@type":"BreadcrumbList","@id":"https:\/\/lasentinelle.dz\/index.php\/2025\/12\/10\/beni-abbes-accueillera-les-festivites-nationales-les-preparatifs-du-nouvel-an-amazigh-saccelerent\/#breadcrumb","itemListElement":[{"@type":"ListItem","position":1,"name":"Accueil","item":"https:\/\/lasentinelle.dz\/"},{"@type":"ListItem","position":2,"name":"B\u00e9ni Abb\u00e8s accueillera les festivit\u00e9s nationales\u00a0: Les pr\u00e9paratifs du Nouvel\u00a0An amazigh\u00a0s\u2019acc\u00e9l\u00e8rent"}]},{"@type":"WebSite","@id":"https:\/\/lasentinelle.dz\/#website","url":"https:\/\/lasentinelle.dz\/","name":"La Sentinelle","description":"Quotidien national d&#039;information","publisher":{"@id":"https:\/\/lasentinelle.dz\/#organization"},"potentialAction":[{"@type":"SearchAction","target":{"@type":"EntryPoint","urlTemplate":"https:\/\/lasentinelle.dz\/?s={search_term_string}"},"query-input":{"@type":"PropertyValueSpecification","valueRequired":true,"valueName":"search_term_string"}}],"inLanguage":"fr-FR"},{"@type":"Organization","@id":"https:\/\/lasentinelle.dz\/#organization","name":"Quotidien La Sentinelle","url":"https:\/\/lasentinelle.dz\/","logo":{"@type":"ImageObject","inLanguage":"fr-FR","@id":"https:\/\/lasentinelle.dz\/#\/schema\/logo\/image\/","url":"https:\/\/lasentinelle.dz\/wp-content\/uploads\/2021\/09\/logo-sentinelleSLOGAN-1.png","contentUrl":"https:\/\/lasentinelle.dz\/wp-content\/uploads\/2021\/09\/logo-sentinelleSLOGAN-1.png","width":615,"height":142,"caption":"Quotidien La Sentinelle"},"image":{"@id":"https:\/\/lasentinelle.dz\/#\/schema\/logo\/image\/"},"sameAs":["https:\/\/www.facebook.com\/La-Sentinelle-104059864394773"]},{"@type":"Person","@id":"https:\/\/lasentinelle.dz\/#\/schema\/person\/729ee0024f24e0b8c5ec17232f8e8b41","name":"admin","image":{"@type":"ImageObject","inLanguage":"fr-FR","@id":"https:\/\/secure.gravatar.com\/avatar\/4c81fed838786e9b53f540bf46533e750f5d292099ae3b66cfc6fb1982e29df7?s=96&d=mm&r=g","url":"https:\/\/secure.gravatar.com\/avatar\/4c81fed838786e9b53f540bf46533e750f5d292099ae3b66cfc6fb1982e29df7?s=96&d=mm&r=g","contentUrl":"https:\/\/secure.gravatar.com\/avatar\/4c81fed838786e9b53f540bf46533e750f5d292099ae3b66cfc6fb1982e29df7?s=96&d=mm&r=g","caption":"admin"},"description":"admin","url":"https:\/\/lasentinelle.dz\/author\/admin\/"}]}},"_links":{"self":[{"href":"https:\/\/lasentinelle.dz\/index.php\/wp-json\/wp\/v2\/posts\/77613","targetHints":{"allow":["GET"]}}],"collection":[{"href":"https:\/\/lasentinelle.dz\/index.php\/wp-json\/wp\/v2\/posts"}],"about":[{"href":"https:\/\/lasentinelle.dz\/index.php\/wp-json\/wp\/v2\/types\/post"}],"author":[{"embeddable":true,"href":"https:\/\/lasentinelle.dz\/index.php\/wp-json\/wp\/v2\/users\/6"}],"replies":[{"embeddable":true,"href":"https:\/\/lasentinelle.dz\/index.php\/wp-json\/wp\/v2\/comments?post=77613"}],"version-history":[{"count":1,"href":"https:\/\/lasentinelle.dz\/index.php\/wp-json\/wp\/v2\/posts\/77613\/revisions"}],"predecessor-version":[{"id":77615,"href":"https:\/\/lasentinelle.dz\/index.php\/wp-json\/wp\/v2\/posts\/77613\/revisions\/77615"}],"wp:featuredmedia":[{"embeddable":true,"href":"https:\/\/lasentinelle.dz\/index.php\/wp-json\/wp\/v2\/media\/77614"}],"wp:attachment":[{"href":"https:\/\/lasentinelle.dz\/index.php\/wp-json\/wp\/v2\/media?parent=77613"}],"wp:term":[{"taxonomy":"category","embeddable":true,"href":"https:\/\/lasentinelle.dz\/index.php\/wp-json\/wp\/v2\/categories?post=77613"},{"taxonomy":"post_tag","embeddable":true,"href":"https:\/\/lasentinelle.dz\/index.php\/wp-json\/wp\/v2\/tags?post=77613"}],"curies":[{"name":"wp","href":"https:\/\/api.w.org\/{rel}","templated":true}]}}