{"id":77616,"date":"2025-12-10T19:40:14","date_gmt":"2025-12-10T18:40:14","guid":{"rendered":"https:\/\/lasentinelle.dz\/?p=77616"},"modified":"2025-12-10T19:40:16","modified_gmt":"2025-12-10T18:40:16","slug":"handball-le-sept-national-affute-ses-armes-avant-la-can-2026","status":"publish","type":"post","link":"https:\/\/lasentinelle.dz\/index.php\/2025\/12\/10\/handball-le-sept-national-affute-ses-armes-avant-la-can-2026\/","title":{"rendered":"Handball\u00a0:\u00a0Le Sept\u00a0national\u00a0aff\u00fbte ses armes avant la CAN-2026"},"content":{"rendered":"\n<p>La s\u00e9lection&nbsp;nationale&nbsp;masculine de handball a boucl\u00e9 mercredi son stage de pr\u00e9paration \u00e0 Alger en vue du Championnat d&rsquo;Afrique des nations pr\u00e9vu au Rwanda du 21 au 31 janvier 2026, annonce la F\u00e9d\u00e9ration alg\u00e9rienne de handball.&nbsp;Ce regroupement, principalement d\u00e9di\u00e9 aux joueurs \u00e9voluant dans le championnat national, marque une \u00e9tape importante dans la pr\u00e9paration des Verts pour cette \u00e9ch\u00e9ance continentale majeure qui offrira \u00e9galement des tickets qualificatifs pour le Mondial-2027 en Allemagne. Le s\u00e9lectionneur national Salah Bouchekriou avait convoqu\u00e9 pour l&rsquo;occasion&nbsp;17&nbsp;joueurs, dont&nbsp;16&nbsp;pensionnaires du championnat local et un seul expatri\u00e9, Benkaddour Ayoub, soci\u00e9taire du club irakien de Naft Al-Basra.&nbsp;Durant ce stage alg\u00e9rois, le staff technique a concentr\u00e9 ses efforts sur plusieurs axes de travail essentiels. L&rsquo;\u00e9valuation de la condition physique des joueurs a constitu\u00e9 le premier volet, permettant d&rsquo;\u00e9tablir un \u00e9tat des lieux pr\u00e9cis des capacit\u00e9s athl\u00e9tiques du groupe. Le perfectionnement des aspects techniques et tactiques a \u00e9galement occup\u00e9 une place centrale dans le programme d&rsquo;entra\u00eenement, avec pour objectif d&rsquo;affiner les automatismes collectifs et d&rsquo;harmoniser le jeu de l&rsquo;\u00e9quipe. Enfin, le renforcement de la coh\u00e9sion d&rsquo;\u00e9quipe a fait l&rsquo;objet d&rsquo;une attention particuli\u00e8re, \u00e9l\u00e9ment crucial pour constituer une base solide avant la s\u00e9lection finale qui interviendra avant la prochaine phase de pr\u00e9paration.&nbsp;Dans un communiqu\u00e9 publi\u00e9 mercredi, la F\u00e9d\u00e9ration alg\u00e9rienne a tenu \u00e0 saluer l&rsquo;attitude des handballeurs locaux. \u00ab\u00a0La F\u00e9d\u00e9ration alg\u00e9rienne a salu\u00e9 la discipline et l&rsquo;esprit sportif exemplaires dont ont fait preuve les joueurs locaux durant ce stage\u00a0\u00bb, peut-on lire dans le document officiel. L&rsquo;instance f\u00e9d\u00e9rale a par ailleurs r\u00e9affirm\u00e9 sa d\u00e9termination \u00e0 poursuivre sur cette lanc\u00e9e : \u00ab\u00a0La F\u00e9d\u00e9ration r\u00e9affirme son engagement \u00e0 maintenir cette dynamique pour garantir une performance solide et honorable lors de cette importante comp\u00e9tition continentale\u00a0\u00bb, pr\u00e9cise le communiqu\u00e9.<\/p>\n\n\n\n<p>Le chemin des Verts au Rwanda s&rsquo;annonce sem\u00e9 d&#8217;emb\u00fbches. Vers\u00e9e dans le groupe A de cette&nbsp;27<sup>e<\/sup>&nbsp;\u00e9dition de la CAN, l&rsquo;Alg\u00e9rie affrontera le pays h\u00f4te, le Rwanda, ainsi que le Nigeria et la Zambie. Un tirage au sort qui place d&#8217;embl\u00e9e les hommes de Bouchekriou face \u00e0 des adversaires coriaces, avec en prime l&rsquo;avantage du terrain pour les Rwandais. Chaque match comptera double puisqu&rsquo;au-del\u00e0 du titre continental, c&rsquo;est bien la qualification pour le Mondial-2027 en Allemagne qui constituera l&rsquo;objectif prioritaire de la s\u00e9lection alg\u00e9rienne.<\/p>\n\n\n\n<p>Cette ambition mondiale n&rsquo;a rien d&rsquo;illusoire pour une \u00e9quipe qui a brill\u00e9 lors de la derni\u00e8re \u00e9dition de la CAN. En janvier 2024 au Caire, les Verts avaient r\u00e9alis\u00e9 un parcours exceptionnel en atteignant la finale de la comp\u00e9tition, avant de s&rsquo;incliner face \u00e0 l&rsquo;\u00c9gypte. Cette performance avait marqu\u00e9 les esprits et replac\u00e9 le handball alg\u00e9rien sur la carte continentale. Retrouver ce niveau d&rsquo;excellence et franchir une nouvelle \u00e9tape en d\u00e9crochant le billet pour le Mondial repr\u00e9sente d\u00e9sormais le d\u00e9fi lanc\u00e9 \u00e0 Salah Bouchekriou et ses prot\u00e9g\u00e9s.<\/p>\n\n\n\n<p>M.D.<\/p>\n","protected":false},"excerpt":{"rendered":"<p>La s\u00e9lection&nbsp;nationale&nbsp;masculine de handball a boucl\u00e9 mercredi son stage de pr\u00e9paration \u00e0 Alger en vue du Championnat d&rsquo;Afrique des nations<\/p>\n","protected":false},"author":6,"featured_media":76800,"comment_status":"open","ping_status":"closed","sticky":false,"template":"","format":"standard","meta":{"colormag_page_container_layout":"default_layout","colormag_page_sidebar_layout":"default_layout","om_disable_all_campaigns":false,"_monsterinsights_skip_tracking":false,"_monsterinsights_sitenote_active":false,"_monsterinsights_sitenote_note":"","_monsterinsights_sitenote_category":0,"footnotes":"","_wpscppro_dont_share_socialmedia":false,"_wpscppro_custom_social_share_image":0,"_facebook_share_type":"default","_twitter_share_type":"default","_linkedin_share_type":"default","_pinterest_share_type":"default","_linkedin_share_type_page":"","_instagram_share_type":"default","_medium_share_type":"default","_threads_share_type":"default","_google_business_share_type":"default","_selected_social_profile":[],"_wpsp_enable_custom_social_template":false,"_wpsp_social_scheduling":{"enabled":false,"datetime":null,"platforms":[],"status":"template_only","dateOption":"today","timeOption":"now","customDays":"","customHours":"","customDate":"","customTime":"","schedulingType":"absolute"},"_wpsp_active_default_template":true},"categories":[33],"tags":[],"class_list":["post-77616","post","type-post","status-publish","format-standard","has-post-thumbnail","hentry","category-sports"],"aioseo_notices":[],"yoast_head":"<!-- This site is optimized with the Yoast SEO plugin v27.5 - https:\/\/yoast.com\/product\/yoast-seo-wordpress\/ -->\n<title>Handball\u00a0:\u00a0Le Sept\u00a0national\u00a0aff\u00fbte ses armes avant la CAN-2026 - La Sentinelle<\/title>\n<meta name=\"robots\" content=\"index, follow, max-snippet:-1, max-image-preview:large, max-video-preview:-1\" \/>\n<link rel=\"canonical\" href=\"https:\/\/lasentinelle.dz\/index.php\/2025\/12\/10\/handball-le-sept-national-affute-ses-armes-avant-la-can-2026\/\" \/>\n<meta property=\"og:locale\" content=\"fr_FR\" \/>\n<meta property=\"og:type\" content=\"article\" \/>\n<meta property=\"og:title\" content=\"Handball\u00a0:\u00a0Le Sept\u00a0national\u00a0aff\u00fbte ses armes avant la CAN-2026 - La Sentinelle\" \/>\n<meta property=\"og:description\" content=\"La s\u00e9lection&nbsp;nationale&nbsp;masculine de handball a boucl\u00e9 mercredi son stage de pr\u00e9paration \u00e0 Alger en vue du Championnat d&rsquo;Afrique des nations\" \/>\n<meta property=\"og:url\" content=\"https:\/\/lasentinelle.dz\/index.php\/2025\/12\/10\/handball-le-sept-national-affute-ses-armes-avant-la-can-2026\/\" \/>\n<meta property=\"og:site_name\" content=\"La Sentinelle\" \/>\n<meta property=\"article:publisher\" content=\"https:\/\/www.facebook.com\/La-Sentinelle-104059864394773\" \/>\n<meta property=\"article:published_time\" content=\"2025-12-10T18:40:14+00:00\" \/>\n<meta property=\"article:modified_time\" content=\"2025-12-10T18:40:16+00:00\" \/>\n<meta property=\"og:image\" content=\"https:\/\/lasentinelle.dz\/wp-content\/uploads\/2025\/11\/hand.jpg\" \/>\n\t<meta property=\"og:image:width\" content=\"2048\" \/>\n\t<meta property=\"og:image:height\" content=\"1365\" \/>\n\t<meta property=\"og:image:type\" content=\"image\/jpeg\" \/>\n<meta name=\"author\" content=\"admin\" \/>\n<meta name=\"twitter:card\" content=\"summary_large_image\" \/>\n<meta name=\"twitter:label1\" content=\"\u00c9crit par\" \/>\n\t<meta name=\"twitter:data1\" content=\"admin\" \/>\n\t<meta name=\"twitter:label2\" content=\"Dur\u00e9e de lecture estim\u00e9e\" \/>\n\t<meta name=\"twitter:data2\" content=\"3 minutes\" \/>\n<script type=\"application\/ld+json\" class=\"yoast-schema-graph\">{\"@context\":\"https:\\\/\\\/schema.org\",\"@graph\":[{\"@type\":\"Article\",\"@id\":\"https:\\\/\\\/lasentinelle.dz\\\/index.php\\\/2025\\\/12\\\/10\\\/handball-le-sept-national-affute-ses-armes-avant-la-can-2026\\\/#article\",\"isPartOf\":{\"@id\":\"https:\\\/\\\/lasentinelle.dz\\\/index.php\\\/2025\\\/12\\\/10\\\/handball-le-sept-national-affute-ses-armes-avant-la-can-2026\\\/\"},\"author\":{\"name\":\"admin\",\"@id\":\"https:\\\/\\\/lasentinelle.dz\\\/#\\\/schema\\\/person\\\/729ee0024f24e0b8c5ec17232f8e8b41\"},\"headline\":\"Handball\u00a0:\u00a0Le Sept\u00a0national\u00a0aff\u00fbte ses armes avant la CAN-2026\",\"datePublished\":\"2025-12-10T18:40:14+00:00\",\"dateModified\":\"2025-12-10T18:40:16+00:00\",\"mainEntityOfPage\":{\"@id\":\"https:\\\/\\\/lasentinelle.dz\\\/index.php\\\/2025\\\/12\\\/10\\\/handball-le-sept-national-affute-ses-armes-avant-la-can-2026\\\/\"},\"wordCount\":551,\"commentCount\":0,\"publisher\":{\"@id\":\"https:\\\/\\\/lasentinelle.dz\\\/#organization\"},\"image\":{\"@id\":\"https:\\\/\\\/lasentinelle.dz\\\/index.php\\\/2025\\\/12\\\/10\\\/handball-le-sept-national-affute-ses-armes-avant-la-can-2026\\\/#primaryimage\"},\"thumbnailUrl\":\"https:\\\/\\\/lasentinelle.dz\\\/wp-content\\\/uploads\\\/2025\\\/11\\\/hand.jpg\",\"articleSection\":[\"Sports\"],\"inLanguage\":\"fr-FR\",\"potentialAction\":[{\"@type\":\"CommentAction\",\"name\":\"Comment\",\"target\":[\"https:\\\/\\\/lasentinelle.dz\\\/index.php\\\/2025\\\/12\\\/10\\\/handball-le-sept-national-affute-ses-armes-avant-la-can-2026\\\/#respond\"]}]},{\"@type\":\"WebPage\",\"@id\":\"https:\\\/\\\/lasentinelle.dz\\\/index.php\\\/2025\\\/12\\\/10\\\/handball-le-sept-national-affute-ses-armes-avant-la-can-2026\\\/\",\"url\":\"https:\\\/\\\/lasentinelle.dz\\\/index.php\\\/2025\\\/12\\\/10\\\/handball-le-sept-national-affute-ses-armes-avant-la-can-2026\\\/\",\"name\":\"Handball\u00a0:\u00a0Le Sept\u00a0national\u00a0aff\u00fbte ses armes avant la CAN-2026 - La Sentinelle\",\"isPartOf\":{\"@id\":\"https:\\\/\\\/lasentinelle.dz\\\/#website\"},\"primaryImageOfPage\":{\"@id\":\"https:\\\/\\\/lasentinelle.dz\\\/index.php\\\/2025\\\/12\\\/10\\\/handball-le-sept-national-affute-ses-armes-avant-la-can-2026\\\/#primaryimage\"},\"image\":{\"@id\":\"https:\\\/\\\/lasentinelle.dz\\\/index.php\\\/2025\\\/12\\\/10\\\/handball-le-sept-national-affute-ses-armes-avant-la-can-2026\\\/#primaryimage\"},\"thumbnailUrl\":\"https:\\\/\\\/lasentinelle.dz\\\/wp-content\\\/uploads\\\/2025\\\/11\\\/hand.jpg\",\"datePublished\":\"2025-12-10T18:40:14+00:00\",\"dateModified\":\"2025-12-10T18:40:16+00:00\",\"breadcrumb\":{\"@id\":\"https:\\\/\\\/lasentinelle.dz\\\/index.php\\\/2025\\\/12\\\/10\\\/handball-le-sept-national-affute-ses-armes-avant-la-can-2026\\\/#breadcrumb\"},\"inLanguage\":\"fr-FR\",\"potentialAction\":[{\"@type\":\"ReadAction\",\"target\":[\"https:\\\/\\\/lasentinelle.dz\\\/index.php\\\/2025\\\/12\\\/10\\\/handball-le-sept-national-affute-ses-armes-avant-la-can-2026\\\/\"]}]},{\"@type\":\"ImageObject\",\"inLanguage\":\"fr-FR\",\"@id\":\"https:\\\/\\\/lasentinelle.dz\\\/index.php\\\/2025\\\/12\\\/10\\\/handball-le-sept-national-affute-ses-armes-avant-la-can-2026\\\/#primaryimage\",\"url\":\"https:\\\/\\\/lasentinelle.dz\\\/wp-content\\\/uploads\\\/2025\\\/11\\\/hand.jpg\",\"contentUrl\":\"https:\\\/\\\/lasentinelle.dz\\\/wp-content\\\/uploads\\\/2025\\\/11\\\/hand.jpg\",\"width\":2048,\"height\":1365},{\"@type\":\"BreadcrumbList\",\"@id\":\"https:\\\/\\\/lasentinelle.dz\\\/index.php\\\/2025\\\/12\\\/10\\\/handball-le-sept-national-affute-ses-armes-avant-la-can-2026\\\/#breadcrumb\",\"itemListElement\":[{\"@type\":\"ListItem\",\"position\":1,\"name\":\"Accueil\",\"item\":\"https:\\\/\\\/lasentinelle.dz\\\/\"},{\"@type\":\"ListItem\",\"position\":2,\"name\":\"Handball\u00a0:\u00a0Le Sept\u00a0national\u00a0aff\u00fbte ses armes avant la CAN-2026\"}]},{\"@type\":\"WebSite\",\"@id\":\"https:\\\/\\\/lasentinelle.dz\\\/#website\",\"url\":\"https:\\\/\\\/lasentinelle.dz\\\/\",\"name\":\"La Sentinelle\",\"description\":\"Quotidien national d&#039;information\",\"publisher\":{\"@id\":\"https:\\\/\\\/lasentinelle.dz\\\/#organization\"},\"potentialAction\":[{\"@type\":\"SearchAction\",\"target\":{\"@type\":\"EntryPoint\",\"urlTemplate\":\"https:\\\/\\\/lasentinelle.dz\\\/?s={search_term_string}\"},\"query-input\":{\"@type\":\"PropertyValueSpecification\",\"valueRequired\":true,\"valueName\":\"search_term_string\"}}],\"inLanguage\":\"fr-FR\"},{\"@type\":\"Organization\",\"@id\":\"https:\\\/\\\/lasentinelle.dz\\\/#organization\",\"name\":\"Quotidien La Sentinelle\",\"url\":\"https:\\\/\\\/lasentinelle.dz\\\/\",\"logo\":{\"@type\":\"ImageObject\",\"inLanguage\":\"fr-FR\",\"@id\":\"https:\\\/\\\/lasentinelle.dz\\\/#\\\/schema\\\/logo\\\/image\\\/\",\"url\":\"https:\\\/\\\/lasentinelle.dz\\\/wp-content\\\/uploads\\\/2021\\\/09\\\/logo-sentinelleSLOGAN-1.png\",\"contentUrl\":\"https:\\\/\\\/lasentinelle.dz\\\/wp-content\\\/uploads\\\/2021\\\/09\\\/logo-sentinelleSLOGAN-1.png\",\"width\":615,\"height\":142,\"caption\":\"Quotidien La Sentinelle\"},\"image\":{\"@id\":\"https:\\\/\\\/lasentinelle.dz\\\/#\\\/schema\\\/logo\\\/image\\\/\"},\"sameAs\":[\"https:\\\/\\\/www.facebook.com\\\/La-Sentinelle-104059864394773\"]},{\"@type\":\"Person\",\"@id\":\"https:\\\/\\\/lasentinelle.dz\\\/#\\\/schema\\\/person\\\/729ee0024f24e0b8c5ec17232f8e8b41\",\"name\":\"admin\",\"image\":{\"@type\":\"ImageObject\",\"inLanguage\":\"fr-FR\",\"@id\":\"https:\\\/\\\/secure.gravatar.com\\\/avatar\\\/4c81fed838786e9b53f540bf46533e750f5d292099ae3b66cfc6fb1982e29df7?s=96&d=mm&r=g\",\"url\":\"https:\\\/\\\/secure.gravatar.com\\\/avatar\\\/4c81fed838786e9b53f540bf46533e750f5d292099ae3b66cfc6fb1982e29df7?s=96&d=mm&r=g\",\"contentUrl\":\"https:\\\/\\\/secure.gravatar.com\\\/avatar\\\/4c81fed838786e9b53f540bf46533e750f5d292099ae3b66cfc6fb1982e29df7?s=96&d=mm&r=g\",\"caption\":\"admin\"},\"description\":\"admin\",\"url\":\"https:\\\/\\\/lasentinelle.dz\\\/author\\\/admin\\\/\"}]}<\/script>\n<!-- \/ Yoast SEO plugin. -->","yoast_head_json":{"title":"Handball\u00a0:\u00a0Le Sept\u00a0national\u00a0aff\u00fbte ses armes avant la CAN-2026 - La Sentinelle","robots":{"index":"index","follow":"follow","max-snippet":"max-snippet:-1","max-image-preview":"max-image-preview:large","max-video-preview":"max-video-preview:-1"},"canonical":"https:\/\/lasentinelle.dz\/index.php\/2025\/12\/10\/handball-le-sept-national-affute-ses-armes-avant-la-can-2026\/","og_locale":"fr_FR","og_type":"article","og_title":"Handball\u00a0:\u00a0Le Sept\u00a0national\u00a0aff\u00fbte ses armes avant la CAN-2026 - La Sentinelle","og_description":"La s\u00e9lection&nbsp;nationale&nbsp;masculine de handball a boucl\u00e9 mercredi son stage de pr\u00e9paration \u00e0 Alger en vue du Championnat d&rsquo;Afrique des nations","og_url":"https:\/\/lasentinelle.dz\/index.php\/2025\/12\/10\/handball-le-sept-national-affute-ses-armes-avant-la-can-2026\/","og_site_name":"La Sentinelle","article_publisher":"https:\/\/www.facebook.com\/La-Sentinelle-104059864394773","article_published_time":"2025-12-10T18:40:14+00:00","article_modified_time":"2025-12-10T18:40:16+00:00","og_image":[{"width":2048,"height":1365,"url":"https:\/\/lasentinelle.dz\/wp-content\/uploads\/2025\/11\/hand.jpg","type":"image\/jpeg"}],"author":"admin","twitter_card":"summary_large_image","twitter_misc":{"\u00c9crit par":"admin","Dur\u00e9e de lecture estim\u00e9e":"3 minutes"},"schema":{"@context":"https:\/\/schema.org","@graph":[{"@type":"Article","@id":"https:\/\/lasentinelle.dz\/index.php\/2025\/12\/10\/handball-le-sept-national-affute-ses-armes-avant-la-can-2026\/#article","isPartOf":{"@id":"https:\/\/lasentinelle.dz\/index.php\/2025\/12\/10\/handball-le-sept-national-affute-ses-armes-avant-la-can-2026\/"},"author":{"name":"admin","@id":"https:\/\/lasentinelle.dz\/#\/schema\/person\/729ee0024f24e0b8c5ec17232f8e8b41"},"headline":"Handball\u00a0:\u00a0Le Sept\u00a0national\u00a0aff\u00fbte ses armes avant la CAN-2026","datePublished":"2025-12-10T18:40:14+00:00","dateModified":"2025-12-10T18:40:16+00:00","mainEntityOfPage":{"@id":"https:\/\/lasentinelle.dz\/index.php\/2025\/12\/10\/handball-le-sept-national-affute-ses-armes-avant-la-can-2026\/"},"wordCount":551,"commentCount":0,"publisher":{"@id":"https:\/\/lasentinelle.dz\/#organization"},"image":{"@id":"https:\/\/lasentinelle.dz\/index.php\/2025\/12\/10\/handball-le-sept-national-affute-ses-armes-avant-la-can-2026\/#primaryimage"},"thumbnailUrl":"https:\/\/lasentinelle.dz\/wp-content\/uploads\/2025\/11\/hand.jpg","articleSection":["Sports"],"inLanguage":"fr-FR","potentialAction":[{"@type":"CommentAction","name":"Comment","target":["https:\/\/lasentinelle.dz\/index.php\/2025\/12\/10\/handball-le-sept-national-affute-ses-armes-avant-la-can-2026\/#respond"]}]},{"@type":"WebPage","@id":"https:\/\/lasentinelle.dz\/index.php\/2025\/12\/10\/handball-le-sept-national-affute-ses-armes-avant-la-can-2026\/","url":"https:\/\/lasentinelle.dz\/index.php\/2025\/12\/10\/handball-le-sept-national-affute-ses-armes-avant-la-can-2026\/","name":"Handball\u00a0:\u00a0Le Sept\u00a0national\u00a0aff\u00fbte ses armes avant la CAN-2026 - La Sentinelle","isPartOf":{"@id":"https:\/\/lasentinelle.dz\/#website"},"primaryImageOfPage":{"@id":"https:\/\/lasentinelle.dz\/index.php\/2025\/12\/10\/handball-le-sept-national-affute-ses-armes-avant-la-can-2026\/#primaryimage"},"image":{"@id":"https:\/\/lasentinelle.dz\/index.php\/2025\/12\/10\/handball-le-sept-national-affute-ses-armes-avant-la-can-2026\/#primaryimage"},"thumbnailUrl":"https:\/\/lasentinelle.dz\/wp-content\/uploads\/2025\/11\/hand.jpg","datePublished":"2025-12-10T18:40:14+00:00","dateModified":"2025-12-10T18:40:16+00:00","breadcrumb":{"@id":"https:\/\/lasentinelle.dz\/index.php\/2025\/12\/10\/handball-le-sept-national-affute-ses-armes-avant-la-can-2026\/#breadcrumb"},"inLanguage":"fr-FR","potentialAction":[{"@type":"ReadAction","target":["https:\/\/lasentinelle.dz\/index.php\/2025\/12\/10\/handball-le-sept-national-affute-ses-armes-avant-la-can-2026\/"]}]},{"@type":"ImageObject","inLanguage":"fr-FR","@id":"https:\/\/lasentinelle.dz\/index.php\/2025\/12\/10\/handball-le-sept-national-affute-ses-armes-avant-la-can-2026\/#primaryimage","url":"https:\/\/lasentinelle.dz\/wp-content\/uploads\/2025\/11\/hand.jpg","contentUrl":"https:\/\/lasentinelle.dz\/wp-content\/uploads\/2025\/11\/hand.jpg","width":2048,"height":1365},{"@type":"BreadcrumbList","@id":"https:\/\/lasentinelle.dz\/index.php\/2025\/12\/10\/handball-le-sept-national-affute-ses-armes-avant-la-can-2026\/#breadcrumb","itemListElement":[{"@type":"ListItem","position":1,"name":"Accueil","item":"https:\/\/lasentinelle.dz\/"},{"@type":"ListItem","position":2,"name":"Handball\u00a0:\u00a0Le Sept\u00a0national\u00a0aff\u00fbte ses armes avant la CAN-2026"}]},{"@type":"WebSite","@id":"https:\/\/lasentinelle.dz\/#website","url":"https:\/\/lasentinelle.dz\/","name":"La Sentinelle","description":"Quotidien national d&#039;information","publisher":{"@id":"https:\/\/lasentinelle.dz\/#organization"},"potentialAction":[{"@type":"SearchAction","target":{"@type":"EntryPoint","urlTemplate":"https:\/\/lasentinelle.dz\/?s={search_term_string}"},"query-input":{"@type":"PropertyValueSpecification","valueRequired":true,"valueName":"search_term_string"}}],"inLanguage":"fr-FR"},{"@type":"Organization","@id":"https:\/\/lasentinelle.dz\/#organization","name":"Quotidien La Sentinelle","url":"https:\/\/lasentinelle.dz\/","logo":{"@type":"ImageObject","inLanguage":"fr-FR","@id":"https:\/\/lasentinelle.dz\/#\/schema\/logo\/image\/","url":"https:\/\/lasentinelle.dz\/wp-content\/uploads\/2021\/09\/logo-sentinelleSLOGAN-1.png","contentUrl":"https:\/\/lasentinelle.dz\/wp-content\/uploads\/2021\/09\/logo-sentinelleSLOGAN-1.png","width":615,"height":142,"caption":"Quotidien La Sentinelle"},"image":{"@id":"https:\/\/lasentinelle.dz\/#\/schema\/logo\/image\/"},"sameAs":["https:\/\/www.facebook.com\/La-Sentinelle-104059864394773"]},{"@type":"Person","@id":"https:\/\/lasentinelle.dz\/#\/schema\/person\/729ee0024f24e0b8c5ec17232f8e8b41","name":"admin","image":{"@type":"ImageObject","inLanguage":"fr-FR","@id":"https:\/\/secure.gravatar.com\/avatar\/4c81fed838786e9b53f540bf46533e750f5d292099ae3b66cfc6fb1982e29df7?s=96&d=mm&r=g","url":"https:\/\/secure.gravatar.com\/avatar\/4c81fed838786e9b53f540bf46533e750f5d292099ae3b66cfc6fb1982e29df7?s=96&d=mm&r=g","contentUrl":"https:\/\/secure.gravatar.com\/avatar\/4c81fed838786e9b53f540bf46533e750f5d292099ae3b66cfc6fb1982e29df7?s=96&d=mm&r=g","caption":"admin"},"description":"admin","url":"https:\/\/lasentinelle.dz\/author\/admin\/"}]}},"_links":{"self":[{"href":"https:\/\/lasentinelle.dz\/index.php\/wp-json\/wp\/v2\/posts\/77616","targetHints":{"allow":["GET"]}}],"collection":[{"href":"https:\/\/lasentinelle.dz\/index.php\/wp-json\/wp\/v2\/posts"}],"about":[{"href":"https:\/\/lasentinelle.dz\/index.php\/wp-json\/wp\/v2\/types\/post"}],"author":[{"embeddable":true,"href":"https:\/\/lasentinelle.dz\/index.php\/wp-json\/wp\/v2\/users\/6"}],"replies":[{"embeddable":true,"href":"https:\/\/lasentinelle.dz\/index.php\/wp-json\/wp\/v2\/comments?post=77616"}],"version-history":[{"count":1,"href":"https:\/\/lasentinelle.dz\/index.php\/wp-json\/wp\/v2\/posts\/77616\/revisions"}],"predecessor-version":[{"id":77617,"href":"https:\/\/lasentinelle.dz\/index.php\/wp-json\/wp\/v2\/posts\/77616\/revisions\/77617"}],"wp:featuredmedia":[{"embeddable":true,"href":"https:\/\/lasentinelle.dz\/index.php\/wp-json\/wp\/v2\/media\/76800"}],"wp:attachment":[{"href":"https:\/\/lasentinelle.dz\/index.php\/wp-json\/wp\/v2\/media?parent=77616"}],"wp:term":[{"taxonomy":"category","embeddable":true,"href":"https:\/\/lasentinelle.dz\/index.php\/wp-json\/wp\/v2\/categories?post=77616"},{"taxonomy":"post_tag","embeddable":true,"href":"https:\/\/lasentinelle.dz\/index.php\/wp-json\/wp\/v2\/tags?post=77616"}],"curies":[{"name":"wp","href":"https:\/\/api.w.org\/{rel}","templated":true}]}}