{"id":77621,"date":"2025-12-10T19:43:03","date_gmt":"2025-12-10T18:43:03","guid":{"rendered":"https:\/\/lasentinelle.dz\/?p=77621"},"modified":"2025-12-10T19:43:04","modified_gmt":"2025-12-10T18:43:04","slug":"yacine-brahimi-elu-homme-du-match-face-a-lirak","status":"publish","type":"post","link":"https:\/\/lasentinelle.dz\/index.php\/2025\/12\/10\/yacine-brahimi-elu-homme-du-match-face-a-lirak\/","title":{"rendered":"Yacine Brahimi \u00e9lu homme du match face \u00e0 l&rsquo;Irak"},"content":{"rendered":"\n<p>L&rsquo;international alg\u00e9rien Yacine Brahimi a \u00e9t\u00e9 d\u00e9sign\u00e9 homme du match lors de la victoire convaincante de l&rsquo;Alg\u00e9rie face \u00e0 l&rsquo;Irak (2-0), mardi soir au stade Khalifa International d&rsquo;Al Rayyan, dans le cadre de la troisi\u00e8me journ\u00e9e de la phase de groupes de la Coupe Arabe 2025. Une distinction m\u00e9rit\u00e9e qui couronne la prestation aboutie du capitaine des Verts, auteur d&rsquo;une performance remarquable qui a permis \u00e0 son \u00e9quipe de valider sa qualification pour les quarts de finale et de terminer en t\u00eate du groupe D.<\/p>\n\n\n\n<p>D\u00e8s les premi\u00e8res minutes, le milieu offensif de 35 ans a impos\u00e9 son rythme et sa vision du jeu. La rencontre a rapidement bascul\u00e9 en faveur de l&rsquo;Alg\u00e9rie apr\u00e8s l&rsquo;expulsion pr\u00e9coce du d\u00e9fenseur irakien Hussein Al-Saedi, sanctionn\u00e9 d&rsquo;un carton rouge \u00e0 la&nbsp;5<sup>e<\/sup>&nbsp;minute pour une semelle dangereuse sur Brahimi. Portant le brassard de capitaine pour la premi\u00e8re fois dans cette comp\u00e9tition, l&rsquo;ancien joueur du FC Porto a su exploiter cette sup\u00e9riorit\u00e9 num\u00e9rique avec intelligence et lucidit\u00e9. Omnipr\u00e9sent sur le flanc gauche de l&rsquo;attaque alg\u00e9rienne, il a multipli\u00e9 les initiatives offensives, les combinaisons avec ses partenaires et les situations dangereuses. Sa capacit\u00e9 \u00e0 fixer les d\u00e9fenseurs, \u00e0 d\u00e9livrer des passes d\u00e9cisives et \u00e0 cr\u00e9er des espaces pour ses co\u00e9quipiers a \u00e9t\u00e9 d\u00e9terminante dans la domination alg\u00e9rienne.<\/p>\n\n\n\n<p>Le meneur de jeu s&rsquo;est illustr\u00e9 tout au long de la partie par des d\u00e9bordements tranchants et une technique raffin\u00e9e. Ses centres pr\u00e9cis ont constamment mis en difficult\u00e9 l&rsquo;arri\u00e8re-garde irakienne. Juste avant la pause, sur un coup franc ex\u00e9cut\u00e9 par Yassine Benzia, Redouane Berkane a d\u00e9vi\u00e9 le ballon de la t\u00eate pour Mohamed Amine Touga\u00ef, qui a ouvert le score d&rsquo;une reprise d\u00e9cisive au second poteau. Le but, initialement refus\u00e9 pour hors-jeu, a \u00e9t\u00e9 valid\u00e9 par la VAR, offrant aux Verts un avantage logique \u00e0 la mi-temps. Au retour des vestiaires, Brahimi a encore frapp\u00e9. Infiltr\u00e9 sur son c\u00f4t\u00e9 gauche, il a adress\u00e9 un centre puissant que le gardien irakien a repouss\u00e9 maladroitement sur Saad Natiq, qui a marqu\u00e9 contre son camp, scellant d\u00e9finitivement l&rsquo;issue du match.<\/p>\n\n\n\n<p>Cette distinction d&rsquo;homme du match r\u00e9compense une prestation compl\u00e8te, o\u00f9 Brahimi a conjugu\u00e9 technique, vision tactique et leadership. Dans les tribunes et sur les r\u00e9seaux sociaux, les observateurs ont salu\u00e9 sa maturit\u00e9 et son apport d\u00e9cisif \u00e0 l&rsquo;\u00e9quipe nationale. \u00c0 l&rsquo;issue de la rencontre, le capitaine alg\u00e9rien s&rsquo;est exprim\u00e9 avec humilit\u00e9 et d\u00e9termination devant les m\u00e9dias. \u00ab\u00a0Al Hamdoulillah, c&rsquo;est une tr\u00e8s belle victoire contre une belle \u00e9quipe d&rsquo;Irak. Nous, avec beaucoup d&rsquo;humilit\u00e9, on va continuer \u00e0 travailler. Il faut r\u00e9cup\u00e9rer car on a encore un gros match dans trois jours\u00a0\u00bb, a-t-il d\u00e9clar\u00e9, rappelant l&rsquo;importance de rester concentr\u00e9s pour la suite de la comp\u00e9tition. Conscient de la difficult\u00e9 de l&rsquo;affiche, il a ajout\u00e9 : \u00ab\u00a0C&rsquo;\u00e9tait un match difficile contre une grosse \u00e9quipe d&rsquo;Irak. On a eu les trois points aujourd&rsquo;hui et on est tr\u00e8s contents, et on esp\u00e8re continuer sur cette lanc\u00e9e.\u00a0\u00bb<\/p>\n\n\n\n<p>Ces d\u00e9clarations traduisent parfaitement l&rsquo;\u00e9tat d&rsquo;esprit qui anime les Verts depuis le d\u00e9but du tournoi : s\u00e9rieux, ambition et humilit\u00e9.&nbsp;<\/p>\n\n\n\n<p>M.D.<\/p>\n","protected":false},"excerpt":{"rendered":"<p>L&rsquo;international alg\u00e9rien Yacine Brahimi a \u00e9t\u00e9 d\u00e9sign\u00e9 homme du match lors de la victoire convaincante de l&rsquo;Alg\u00e9rie face \u00e0 l&rsquo;Irak<\/p>\n","protected":false},"author":6,"featured_media":77622,"comment_status":"open","ping_status":"closed","sticky":false,"template":"","format":"standard","meta":{"colormag_page_container_layout":"default_layout","colormag_page_sidebar_layout":"default_layout","om_disable_all_campaigns":false,"_monsterinsights_skip_tracking":false,"_monsterinsights_sitenote_active":false,"_monsterinsights_sitenote_note":"","_monsterinsights_sitenote_category":0,"footnotes":"","_wpscppro_dont_share_socialmedia":false,"_wpscppro_custom_social_share_image":0,"_facebook_share_type":"default","_twitter_share_type":"default","_linkedin_share_type":"default","_pinterest_share_type":"default","_linkedin_share_type_page":"","_instagram_share_type":"default","_medium_share_type":"default","_threads_share_type":"default","_google_business_share_type":"default","_selected_social_profile":[],"_wpsp_enable_custom_social_template":false,"_wpsp_social_scheduling":{"enabled":false,"datetime":null,"platforms":[],"status":"template_only","dateOption":"today","timeOption":"now","customDays":"","customHours":"","customDate":"","customTime":"","schedulingType":"absolute"},"_wpsp_active_default_template":true},"categories":[33],"tags":[],"class_list":["post-77621","post","type-post","status-publish","format-standard","has-post-thumbnail","hentry","category-sports"],"aioseo_notices":[],"yoast_head":"<!-- This site is optimized with the Yoast SEO plugin v27.5 - https:\/\/yoast.com\/product\/yoast-seo-wordpress\/ -->\n<title>Yacine Brahimi \u00e9lu homme du match face \u00e0 l&rsquo;Irak - La Sentinelle<\/title>\n<meta name=\"robots\" content=\"index, follow, max-snippet:-1, max-image-preview:large, max-video-preview:-1\" \/>\n<link rel=\"canonical\" href=\"https:\/\/lasentinelle.dz\/index.php\/2025\/12\/10\/yacine-brahimi-elu-homme-du-match-face-a-lirak\/\" \/>\n<meta property=\"og:locale\" content=\"fr_FR\" \/>\n<meta property=\"og:type\" content=\"article\" \/>\n<meta property=\"og:title\" content=\"Yacine Brahimi \u00e9lu homme du match face \u00e0 l&rsquo;Irak - La Sentinelle\" \/>\n<meta property=\"og:description\" content=\"L&rsquo;international alg\u00e9rien Yacine Brahimi a \u00e9t\u00e9 d\u00e9sign\u00e9 homme du match lors de la victoire convaincante de l&rsquo;Alg\u00e9rie face \u00e0 l&rsquo;Irak\" \/>\n<meta property=\"og:url\" content=\"https:\/\/lasentinelle.dz\/index.php\/2025\/12\/10\/yacine-brahimi-elu-homme-du-match-face-a-lirak\/\" \/>\n<meta property=\"og:site_name\" content=\"La Sentinelle\" \/>\n<meta property=\"article:publisher\" content=\"https:\/\/www.facebook.com\/La-Sentinelle-104059864394773\" \/>\n<meta property=\"article:published_time\" content=\"2025-12-10T18:43:03+00:00\" \/>\n<meta property=\"article:modified_time\" content=\"2025-12-10T18:43:04+00:00\" \/>\n<meta property=\"og:image\" content=\"https:\/\/lasentinelle.dz\/wp-content\/uploads\/2025\/12\/Brahimi.jpeg\" \/>\n\t<meta property=\"og:image:width\" content=\"1803\" \/>\n\t<meta property=\"og:image:height\" content=\"1210\" \/>\n\t<meta property=\"og:image:type\" content=\"image\/jpeg\" \/>\n<meta name=\"author\" content=\"admin\" \/>\n<meta name=\"twitter:card\" content=\"summary_large_image\" \/>\n<meta name=\"twitter:label1\" content=\"\u00c9crit par\" \/>\n\t<meta name=\"twitter:data1\" content=\"admin\" \/>\n\t<meta name=\"twitter:label2\" content=\"Dur\u00e9e de lecture estim\u00e9e\" \/>\n\t<meta name=\"twitter:data2\" content=\"3 minutes\" \/>\n<script type=\"application\/ld+json\" class=\"yoast-schema-graph\">{\"@context\":\"https:\\\/\\\/schema.org\",\"@graph\":[{\"@type\":\"Article\",\"@id\":\"https:\\\/\\\/lasentinelle.dz\\\/index.php\\\/2025\\\/12\\\/10\\\/yacine-brahimi-elu-homme-du-match-face-a-lirak\\\/#article\",\"isPartOf\":{\"@id\":\"https:\\\/\\\/lasentinelle.dz\\\/index.php\\\/2025\\\/12\\\/10\\\/yacine-brahimi-elu-homme-du-match-face-a-lirak\\\/\"},\"author\":{\"name\":\"admin\",\"@id\":\"https:\\\/\\\/lasentinelle.dz\\\/#\\\/schema\\\/person\\\/729ee0024f24e0b8c5ec17232f8e8b41\"},\"headline\":\"Yacine Brahimi \u00e9lu homme du match face \u00e0 l&rsquo;Irak\",\"datePublished\":\"2025-12-10T18:43:03+00:00\",\"dateModified\":\"2025-12-10T18:43:04+00:00\",\"mainEntityOfPage\":{\"@id\":\"https:\\\/\\\/lasentinelle.dz\\\/index.php\\\/2025\\\/12\\\/10\\\/yacine-brahimi-elu-homme-du-match-face-a-lirak\\\/\"},\"wordCount\":584,\"commentCount\":0,\"publisher\":{\"@id\":\"https:\\\/\\\/lasentinelle.dz\\\/#organization\"},\"image\":{\"@id\":\"https:\\\/\\\/lasentinelle.dz\\\/index.php\\\/2025\\\/12\\\/10\\\/yacine-brahimi-elu-homme-du-match-face-a-lirak\\\/#primaryimage\"},\"thumbnailUrl\":\"https:\\\/\\\/lasentinelle.dz\\\/wp-content\\\/uploads\\\/2025\\\/12\\\/Brahimi.jpeg\",\"articleSection\":[\"Sports\"],\"inLanguage\":\"fr-FR\",\"potentialAction\":[{\"@type\":\"CommentAction\",\"name\":\"Comment\",\"target\":[\"https:\\\/\\\/lasentinelle.dz\\\/index.php\\\/2025\\\/12\\\/10\\\/yacine-brahimi-elu-homme-du-match-face-a-lirak\\\/#respond\"]}]},{\"@type\":\"WebPage\",\"@id\":\"https:\\\/\\\/lasentinelle.dz\\\/index.php\\\/2025\\\/12\\\/10\\\/yacine-brahimi-elu-homme-du-match-face-a-lirak\\\/\",\"url\":\"https:\\\/\\\/lasentinelle.dz\\\/index.php\\\/2025\\\/12\\\/10\\\/yacine-brahimi-elu-homme-du-match-face-a-lirak\\\/\",\"name\":\"Yacine Brahimi \u00e9lu homme du match face \u00e0 l&rsquo;Irak - La Sentinelle\",\"isPartOf\":{\"@id\":\"https:\\\/\\\/lasentinelle.dz\\\/#website\"},\"primaryImageOfPage\":{\"@id\":\"https:\\\/\\\/lasentinelle.dz\\\/index.php\\\/2025\\\/12\\\/10\\\/yacine-brahimi-elu-homme-du-match-face-a-lirak\\\/#primaryimage\"},\"image\":{\"@id\":\"https:\\\/\\\/lasentinelle.dz\\\/index.php\\\/2025\\\/12\\\/10\\\/yacine-brahimi-elu-homme-du-match-face-a-lirak\\\/#primaryimage\"},\"thumbnailUrl\":\"https:\\\/\\\/lasentinelle.dz\\\/wp-content\\\/uploads\\\/2025\\\/12\\\/Brahimi.jpeg\",\"datePublished\":\"2025-12-10T18:43:03+00:00\",\"dateModified\":\"2025-12-10T18:43:04+00:00\",\"breadcrumb\":{\"@id\":\"https:\\\/\\\/lasentinelle.dz\\\/index.php\\\/2025\\\/12\\\/10\\\/yacine-brahimi-elu-homme-du-match-face-a-lirak\\\/#breadcrumb\"},\"inLanguage\":\"fr-FR\",\"potentialAction\":[{\"@type\":\"ReadAction\",\"target\":[\"https:\\\/\\\/lasentinelle.dz\\\/index.php\\\/2025\\\/12\\\/10\\\/yacine-brahimi-elu-homme-du-match-face-a-lirak\\\/\"]}]},{\"@type\":\"ImageObject\",\"inLanguage\":\"fr-FR\",\"@id\":\"https:\\\/\\\/lasentinelle.dz\\\/index.php\\\/2025\\\/12\\\/10\\\/yacine-brahimi-elu-homme-du-match-face-a-lirak\\\/#primaryimage\",\"url\":\"https:\\\/\\\/lasentinelle.dz\\\/wp-content\\\/uploads\\\/2025\\\/12\\\/Brahimi.jpeg\",\"contentUrl\":\"https:\\\/\\\/lasentinelle.dz\\\/wp-content\\\/uploads\\\/2025\\\/12\\\/Brahimi.jpeg\",\"width\":1803,\"height\":1210},{\"@type\":\"BreadcrumbList\",\"@id\":\"https:\\\/\\\/lasentinelle.dz\\\/index.php\\\/2025\\\/12\\\/10\\\/yacine-brahimi-elu-homme-du-match-face-a-lirak\\\/#breadcrumb\",\"itemListElement\":[{\"@type\":\"ListItem\",\"position\":1,\"name\":\"Accueil\",\"item\":\"https:\\\/\\\/lasentinelle.dz\\\/\"},{\"@type\":\"ListItem\",\"position\":2,\"name\":\"Yacine Brahimi \u00e9lu homme du match face \u00e0 l&rsquo;Irak\"}]},{\"@type\":\"WebSite\",\"@id\":\"https:\\\/\\\/lasentinelle.dz\\\/#website\",\"url\":\"https:\\\/\\\/lasentinelle.dz\\\/\",\"name\":\"La Sentinelle\",\"description\":\"Quotidien national d&#039;information\",\"publisher\":{\"@id\":\"https:\\\/\\\/lasentinelle.dz\\\/#organization\"},\"potentialAction\":[{\"@type\":\"SearchAction\",\"target\":{\"@type\":\"EntryPoint\",\"urlTemplate\":\"https:\\\/\\\/lasentinelle.dz\\\/?s={search_term_string}\"},\"query-input\":{\"@type\":\"PropertyValueSpecification\",\"valueRequired\":true,\"valueName\":\"search_term_string\"}}],\"inLanguage\":\"fr-FR\"},{\"@type\":\"Organization\",\"@id\":\"https:\\\/\\\/lasentinelle.dz\\\/#organization\",\"name\":\"Quotidien La Sentinelle\",\"url\":\"https:\\\/\\\/lasentinelle.dz\\\/\",\"logo\":{\"@type\":\"ImageObject\",\"inLanguage\":\"fr-FR\",\"@id\":\"https:\\\/\\\/lasentinelle.dz\\\/#\\\/schema\\\/logo\\\/image\\\/\",\"url\":\"https:\\\/\\\/lasentinelle.dz\\\/wp-content\\\/uploads\\\/2021\\\/09\\\/logo-sentinelleSLOGAN-1.png\",\"contentUrl\":\"https:\\\/\\\/lasentinelle.dz\\\/wp-content\\\/uploads\\\/2021\\\/09\\\/logo-sentinelleSLOGAN-1.png\",\"width\":615,\"height\":142,\"caption\":\"Quotidien La Sentinelle\"},\"image\":{\"@id\":\"https:\\\/\\\/lasentinelle.dz\\\/#\\\/schema\\\/logo\\\/image\\\/\"},\"sameAs\":[\"https:\\\/\\\/www.facebook.com\\\/La-Sentinelle-104059864394773\"]},{\"@type\":\"Person\",\"@id\":\"https:\\\/\\\/lasentinelle.dz\\\/#\\\/schema\\\/person\\\/729ee0024f24e0b8c5ec17232f8e8b41\",\"name\":\"admin\",\"image\":{\"@type\":\"ImageObject\",\"inLanguage\":\"fr-FR\",\"@id\":\"https:\\\/\\\/secure.gravatar.com\\\/avatar\\\/4c81fed838786e9b53f540bf46533e750f5d292099ae3b66cfc6fb1982e29df7?s=96&d=mm&r=g\",\"url\":\"https:\\\/\\\/secure.gravatar.com\\\/avatar\\\/4c81fed838786e9b53f540bf46533e750f5d292099ae3b66cfc6fb1982e29df7?s=96&d=mm&r=g\",\"contentUrl\":\"https:\\\/\\\/secure.gravatar.com\\\/avatar\\\/4c81fed838786e9b53f540bf46533e750f5d292099ae3b66cfc6fb1982e29df7?s=96&d=mm&r=g\",\"caption\":\"admin\"},\"description\":\"admin\",\"url\":\"https:\\\/\\\/lasentinelle.dz\\\/author\\\/admin\\\/\"}]}<\/script>\n<!-- \/ Yoast SEO plugin. -->","yoast_head_json":{"title":"Yacine Brahimi \u00e9lu homme du match face \u00e0 l&rsquo;Irak - La Sentinelle","robots":{"index":"index","follow":"follow","max-snippet":"max-snippet:-1","max-image-preview":"max-image-preview:large","max-video-preview":"max-video-preview:-1"},"canonical":"https:\/\/lasentinelle.dz\/index.php\/2025\/12\/10\/yacine-brahimi-elu-homme-du-match-face-a-lirak\/","og_locale":"fr_FR","og_type":"article","og_title":"Yacine Brahimi \u00e9lu homme du match face \u00e0 l&rsquo;Irak - La Sentinelle","og_description":"L&rsquo;international alg\u00e9rien Yacine Brahimi a \u00e9t\u00e9 d\u00e9sign\u00e9 homme du match lors de la victoire convaincante de l&rsquo;Alg\u00e9rie face \u00e0 l&rsquo;Irak","og_url":"https:\/\/lasentinelle.dz\/index.php\/2025\/12\/10\/yacine-brahimi-elu-homme-du-match-face-a-lirak\/","og_site_name":"La Sentinelle","article_publisher":"https:\/\/www.facebook.com\/La-Sentinelle-104059864394773","article_published_time":"2025-12-10T18:43:03+00:00","article_modified_time":"2025-12-10T18:43:04+00:00","og_image":[{"width":1803,"height":1210,"url":"https:\/\/lasentinelle.dz\/wp-content\/uploads\/2025\/12\/Brahimi.jpeg","type":"image\/jpeg"}],"author":"admin","twitter_card":"summary_large_image","twitter_misc":{"\u00c9crit par":"admin","Dur\u00e9e de lecture estim\u00e9e":"3 minutes"},"schema":{"@context":"https:\/\/schema.org","@graph":[{"@type":"Article","@id":"https:\/\/lasentinelle.dz\/index.php\/2025\/12\/10\/yacine-brahimi-elu-homme-du-match-face-a-lirak\/#article","isPartOf":{"@id":"https:\/\/lasentinelle.dz\/index.php\/2025\/12\/10\/yacine-brahimi-elu-homme-du-match-face-a-lirak\/"},"author":{"name":"admin","@id":"https:\/\/lasentinelle.dz\/#\/schema\/person\/729ee0024f24e0b8c5ec17232f8e8b41"},"headline":"Yacine Brahimi \u00e9lu homme du match face \u00e0 l&rsquo;Irak","datePublished":"2025-12-10T18:43:03+00:00","dateModified":"2025-12-10T18:43:04+00:00","mainEntityOfPage":{"@id":"https:\/\/lasentinelle.dz\/index.php\/2025\/12\/10\/yacine-brahimi-elu-homme-du-match-face-a-lirak\/"},"wordCount":584,"commentCount":0,"publisher":{"@id":"https:\/\/lasentinelle.dz\/#organization"},"image":{"@id":"https:\/\/lasentinelle.dz\/index.php\/2025\/12\/10\/yacine-brahimi-elu-homme-du-match-face-a-lirak\/#primaryimage"},"thumbnailUrl":"https:\/\/lasentinelle.dz\/wp-content\/uploads\/2025\/12\/Brahimi.jpeg","articleSection":["Sports"],"inLanguage":"fr-FR","potentialAction":[{"@type":"CommentAction","name":"Comment","target":["https:\/\/lasentinelle.dz\/index.php\/2025\/12\/10\/yacine-brahimi-elu-homme-du-match-face-a-lirak\/#respond"]}]},{"@type":"WebPage","@id":"https:\/\/lasentinelle.dz\/index.php\/2025\/12\/10\/yacine-brahimi-elu-homme-du-match-face-a-lirak\/","url":"https:\/\/lasentinelle.dz\/index.php\/2025\/12\/10\/yacine-brahimi-elu-homme-du-match-face-a-lirak\/","name":"Yacine Brahimi \u00e9lu homme du match face \u00e0 l&rsquo;Irak - La Sentinelle","isPartOf":{"@id":"https:\/\/lasentinelle.dz\/#website"},"primaryImageOfPage":{"@id":"https:\/\/lasentinelle.dz\/index.php\/2025\/12\/10\/yacine-brahimi-elu-homme-du-match-face-a-lirak\/#primaryimage"},"image":{"@id":"https:\/\/lasentinelle.dz\/index.php\/2025\/12\/10\/yacine-brahimi-elu-homme-du-match-face-a-lirak\/#primaryimage"},"thumbnailUrl":"https:\/\/lasentinelle.dz\/wp-content\/uploads\/2025\/12\/Brahimi.jpeg","datePublished":"2025-12-10T18:43:03+00:00","dateModified":"2025-12-10T18:43:04+00:00","breadcrumb":{"@id":"https:\/\/lasentinelle.dz\/index.php\/2025\/12\/10\/yacine-brahimi-elu-homme-du-match-face-a-lirak\/#breadcrumb"},"inLanguage":"fr-FR","potentialAction":[{"@type":"ReadAction","target":["https:\/\/lasentinelle.dz\/index.php\/2025\/12\/10\/yacine-brahimi-elu-homme-du-match-face-a-lirak\/"]}]},{"@type":"ImageObject","inLanguage":"fr-FR","@id":"https:\/\/lasentinelle.dz\/index.php\/2025\/12\/10\/yacine-brahimi-elu-homme-du-match-face-a-lirak\/#primaryimage","url":"https:\/\/lasentinelle.dz\/wp-content\/uploads\/2025\/12\/Brahimi.jpeg","contentUrl":"https:\/\/lasentinelle.dz\/wp-content\/uploads\/2025\/12\/Brahimi.jpeg","width":1803,"height":1210},{"@type":"BreadcrumbList","@id":"https:\/\/lasentinelle.dz\/index.php\/2025\/12\/10\/yacine-brahimi-elu-homme-du-match-face-a-lirak\/#breadcrumb","itemListElement":[{"@type":"ListItem","position":1,"name":"Accueil","item":"https:\/\/lasentinelle.dz\/"},{"@type":"ListItem","position":2,"name":"Yacine Brahimi \u00e9lu homme du match face \u00e0 l&rsquo;Irak"}]},{"@type":"WebSite","@id":"https:\/\/lasentinelle.dz\/#website","url":"https:\/\/lasentinelle.dz\/","name":"La Sentinelle","description":"Quotidien national d&#039;information","publisher":{"@id":"https:\/\/lasentinelle.dz\/#organization"},"potentialAction":[{"@type":"SearchAction","target":{"@type":"EntryPoint","urlTemplate":"https:\/\/lasentinelle.dz\/?s={search_term_string}"},"query-input":{"@type":"PropertyValueSpecification","valueRequired":true,"valueName":"search_term_string"}}],"inLanguage":"fr-FR"},{"@type":"Organization","@id":"https:\/\/lasentinelle.dz\/#organization","name":"Quotidien La Sentinelle","url":"https:\/\/lasentinelle.dz\/","logo":{"@type":"ImageObject","inLanguage":"fr-FR","@id":"https:\/\/lasentinelle.dz\/#\/schema\/logo\/image\/","url":"https:\/\/lasentinelle.dz\/wp-content\/uploads\/2021\/09\/logo-sentinelleSLOGAN-1.png","contentUrl":"https:\/\/lasentinelle.dz\/wp-content\/uploads\/2021\/09\/logo-sentinelleSLOGAN-1.png","width":615,"height":142,"caption":"Quotidien La Sentinelle"},"image":{"@id":"https:\/\/lasentinelle.dz\/#\/schema\/logo\/image\/"},"sameAs":["https:\/\/www.facebook.com\/La-Sentinelle-104059864394773"]},{"@type":"Person","@id":"https:\/\/lasentinelle.dz\/#\/schema\/person\/729ee0024f24e0b8c5ec17232f8e8b41","name":"admin","image":{"@type":"ImageObject","inLanguage":"fr-FR","@id":"https:\/\/secure.gravatar.com\/avatar\/4c81fed838786e9b53f540bf46533e750f5d292099ae3b66cfc6fb1982e29df7?s=96&d=mm&r=g","url":"https:\/\/secure.gravatar.com\/avatar\/4c81fed838786e9b53f540bf46533e750f5d292099ae3b66cfc6fb1982e29df7?s=96&d=mm&r=g","contentUrl":"https:\/\/secure.gravatar.com\/avatar\/4c81fed838786e9b53f540bf46533e750f5d292099ae3b66cfc6fb1982e29df7?s=96&d=mm&r=g","caption":"admin"},"description":"admin","url":"https:\/\/lasentinelle.dz\/author\/admin\/"}]}},"_links":{"self":[{"href":"https:\/\/lasentinelle.dz\/index.php\/wp-json\/wp\/v2\/posts\/77621","targetHints":{"allow":["GET"]}}],"collection":[{"href":"https:\/\/lasentinelle.dz\/index.php\/wp-json\/wp\/v2\/posts"}],"about":[{"href":"https:\/\/lasentinelle.dz\/index.php\/wp-json\/wp\/v2\/types\/post"}],"author":[{"embeddable":true,"href":"https:\/\/lasentinelle.dz\/index.php\/wp-json\/wp\/v2\/users\/6"}],"replies":[{"embeddable":true,"href":"https:\/\/lasentinelle.dz\/index.php\/wp-json\/wp\/v2\/comments?post=77621"}],"version-history":[{"count":2,"href":"https:\/\/lasentinelle.dz\/index.php\/wp-json\/wp\/v2\/posts\/77621\/revisions"}],"predecessor-version":[{"id":77624,"href":"https:\/\/lasentinelle.dz\/index.php\/wp-json\/wp\/v2\/posts\/77621\/revisions\/77624"}],"wp:featuredmedia":[{"embeddable":true,"href":"https:\/\/lasentinelle.dz\/index.php\/wp-json\/wp\/v2\/media\/77622"}],"wp:attachment":[{"href":"https:\/\/lasentinelle.dz\/index.php\/wp-json\/wp\/v2\/media?parent=77621"}],"wp:term":[{"taxonomy":"category","embeddable":true,"href":"https:\/\/lasentinelle.dz\/index.php\/wp-json\/wp\/v2\/categories?post=77621"},{"taxonomy":"post_tag","embeddable":true,"href":"https:\/\/lasentinelle.dz\/index.php\/wp-json\/wp\/v2\/tags?post=77621"}],"curies":[{"name":"wp","href":"https:\/\/api.w.org\/{rel}","templated":true}]}}