{"id":77625,"date":"2025-12-10T19:43:58","date_gmt":"2025-12-10T18:43:58","guid":{"rendered":"https:\/\/lasentinelle.dz\/?p=77625"},"modified":"2025-12-10T19:44:00","modified_gmt":"2025-12-10T18:44:00","slug":"madjid-bougherra-les-choses-serieuses-commencent","status":"publish","type":"post","link":"https:\/\/lasentinelle.dz\/index.php\/2025\/12\/10\/madjid-bougherra-les-choses-serieuses-commencent\/","title":{"rendered":"Madjid Bougherra\u00a0: \u00ab\u00a0Les choses s\u00e9rieuses commencent\u00a0\u00bb"},"content":{"rendered":"\n<p>Terminant en t\u00eate du groupe D avec sept points, les Verts affronteront vendredi les \u00c9mirats arabes unis au stade Al-Bayt. Si le s\u00e9lectionneur Madjid Bougherra&nbsp;a&nbsp;exprim\u00e9&nbsp;sa&nbsp;satisfaction,&nbsp;il&nbsp;appelle&nbsp;\u00e0 rester concentr\u00e9s pour la suite de la comp\u00e9tition.<\/p>\n\n\n\n<p>La premi\u00e8re mission est accomplie. En s&rsquo;imposant face \u00e0 l&rsquo;Irak dans un match qu&rsquo;ils ont ma\u00eetris\u00e9 de bout en bout, les co\u00e9quipiers de Yacine Brahimi ont valid\u00e9 leur billet pour les quarts de finale et pris la premi\u00e8re place de leur groupe. Une performance rassurante apr\u00e8s un d\u00e9marrage poussif marqu\u00e9 par un match nul frustrant contre le Soudan lors de la premi\u00e8re journ\u00e9e. Mais si la qualification est acquise, le message est clair dans le camp alg\u00e9rien : le plus dur commence maintenant.&nbsp;D\u00e8s le coup de sifflet final \u00e0 Doha, Madjid Bougherra a tenu \u00e0 f\u00e9liciter ses joueurs tout en leur rappelant que rien n&rsquo;\u00e9tait gagn\u00e9. \u00ab\u00a0F\u00e9licitations \u00e0 nous pour cette victoire. Il est important pour nous de continuer sur cette lanc\u00e9e pour gagner et atteindre la finale\u00a0\u00bb, a d\u00e9clar\u00e9 le s\u00e9lectionneur national, visiblement soulag\u00e9 mais conscient du chemin qui reste \u00e0 parcourir. Pour le technicien alg\u00e9rien, cette victoire repr\u00e9sente un tournant important dans le parcours de son \u00e9quipe, apr\u00e8s des d\u00e9buts compliqu\u00e9s dans la comp\u00e9tition.&nbsp;Car il faut dire que l&rsquo;entame de tournoi n&rsquo;avait pas \u00e9t\u00e9 \u00e0 la hauteur des ambitions affich\u00e9es par les champions en titre. Face au Soudan, les Verts avaient but\u00e9 sur une d\u00e9fense regroup\u00e9e et n&rsquo;avaient pas r\u00e9ussi \u00e0 trouver la faille, conc\u00e9dant un d\u00e9cevant match nul vierge. \u00ab\u00a0Je suis heureux pour les joueurs, car on a difficilement commenc\u00e9 le tournoi\u00a0\u00bb, a reconnu Bougherra, revenant sur cette soir\u00e9e compliqu\u00e9e. Selon lui, ce point arrach\u00e9 dans un match tendu a eu le m\u00e9rite de provoquer une remise en question salutaire au sein du groupe. Les joueurs ont d\u00fb rapidement corriger leurs erreurs et hausser le niveau d&rsquo;intensit\u00e9 pour \u00e9viter de compromettre leurs ambitions. La r\u00e9ponse est venue face \u00e0 l&rsquo;Irak, avec une prestation beaucoup plus convaincante.&nbsp;Le sc\u00e9nario du match contre les Irakiens a rapidement bascul\u00e9 en faveur de l&rsquo;Alg\u00e9rie. D\u00e8s la quatri\u00e8me minute de jeu, le milieu irakien Hussein Al-Saedi voyait rouge, laissant ses co\u00e9quipiers \u00e0 dix pendant plus de&nbsp;45&nbsp;minutes. Une expulsion pr\u00e9coce qui allait faciliter la t\u00e2che des Verts, m\u00eame si ces derniers ont fait preuve de patience avant de faire la diff\u00e9rence. Il a fallu attendre la toute fin de la premi\u00e8re p\u00e9riode pour voir Mohamed Amine Touga\u00ef ouvrir le score d&rsquo;une t\u00eate imparable, parfaitement servi sur coup franc par Yassine Benzia. Un but lib\u00e9rateur tomb\u00e9 \u00e0 la quarante-cinqui\u00e8me minute, qui permettait aux Alg\u00e9riens de rejoindre les vestiaires avec l&rsquo;avantage.<\/p>\n\n\n\n<p>Le retour sur la pelouse a \u00e9t\u00e9 encore plus rapide et d\u00e9cisif. \u00c0 peine deux minutes apr\u00e8s la reprise, l&rsquo;Alg\u00e9rie faisait le break sur une action collective bien construite. Le capitaine Yacine Brahimi, toujours aussi pr\u00e9cieux dans le jeu, initiait l&rsquo;offensive par un centre en retrait. Le portier irakien, sous pression, repoussait mal le ballon qui rebondissait malencontreusement sur Sa\u00e2d Natiq. Le d\u00e9fenseur ne pouvait qu&rsquo;accompagner le cuir au fond de ses propres filets. Un but contre son camp qui portait le score \u00e0 deux \u00e0 z\u00e9ro et tuait d\u00e9finitivement le suspense. D\u00e8s lors, les hommes de Bougherra ont g\u00e9r\u00e9 leur avance avec s\u00e9rieux, contr\u00f4lant le tempo et ne laissant aucune ouverture \u00e0 des Irakiens d\u00e9pass\u00e9s par les \u00e9v\u00e9nements.&nbsp;Cette victoire ma\u00eetris\u00e9e permet \u00e0 l&rsquo;Alg\u00e9rie de terminer en t\u00eate du groupe D et d&rsquo;aborder les quarts de finale avec une certaine confiance. Mais le s\u00e9lectionneur national refuse de s&rsquo;enflammer. \u00ab\u00a0Les choses s\u00e9rieuses commencent maintenant et on va affronter les \u00c9mirats. Je suis heureux, mais ce n&rsquo;est pas encore fini\u00a0\u00bb, a-t-il pr\u00e9venu, envoyant un message clair \u00e0 son vestiaire. Pour Bougherra, l&rsquo;Alg\u00e9rie a simplement rempli sa premi\u00e8re mission. Le plus dur reste \u00e0 venir avec un quart de finale qui s&rsquo;annonce pi\u00e8ge face \u00e0 une \u00e9quipe \u00e9miratie qui n&rsquo;aura rien \u00e0 perdre et qui \u00e9voluera sans la pression qui p\u00e8se sur les \u00e9paules des tenants du titre.<\/p>\n\n\n\n<p>Islam Slimani partage totalement cette vision. L&rsquo;attaquant exp\u00e9riment\u00e9, pr\u00e9sence rassurante dans le vestiaire alg\u00e9rien, a lui aussi appel\u00e9 \u00e0 la prudence apr\u00e8s la victoire contre l&rsquo;Irak. \u00ab\u00a0La prochaine \u00e9tape est de jouer match par match et gagner chaque match pour aller le plus loin possible dans la comp\u00e9tition\u00a0\u00bb, a d\u00e9clar\u00e9 l&rsquo;ancien buteur de Leicester et Monaco. Une philosophie pragmatique qui a fait ses preuves dans les grandes comp\u00e9titions : avancer \u00e9tape par \u00e9tape, sans se projeter trop loin, en restant concentr\u00e9 sur l&rsquo;objectif imm\u00e9diat.<\/p>\n\n\n\n<p>Mais Slimani n&rsquo;oublie pas non plus pourquoi l&rsquo;\u00e9quipe nationale A&rsquo; est venue au Qatar. \u00ab\u00a0On est venus ici pour conserver notre titre et on fera tout pour rendre fier notre peuple\u00a0\u00bb, a-t-il affirm\u00e9 avec d\u00e9termination. Des mots forts, empreints d&rsquo;ambition et de sens des responsabilit\u00e9s. Le capitaine sait que les Verts portent sur leurs \u00e9paules les espoirs de tout un pays et qu&rsquo;ils ont l&rsquo;occasion de marquer l&rsquo;histoire en devenant la premi\u00e8re s\u00e9lection \u00e0 conserver le titre de la Coupe arabe dans ce nouveau format FIFA.<\/p>\n\n\n\n<p>Moncef D.<\/p>\n","protected":false},"excerpt":{"rendered":"<p>Terminant en t\u00eate du groupe D avec sept points, les Verts affronteront vendredi les \u00c9mirats arabes unis au stade Al-Bayt.<\/p>\n","protected":false},"author":6,"featured_media":71501,"comment_status":"open","ping_status":"closed","sticky":false,"template":"","format":"standard","meta":{"colormag_page_container_layout":"default_layout","colormag_page_sidebar_layout":"default_layout","om_disable_all_campaigns":false,"_monsterinsights_skip_tracking":false,"_monsterinsights_sitenote_active":false,"_monsterinsights_sitenote_note":"","_monsterinsights_sitenote_category":0,"footnotes":"","_wpscppro_dont_share_socialmedia":false,"_wpscppro_custom_social_share_image":0,"_facebook_share_type":"default","_twitter_share_type":"default","_linkedin_share_type":"default","_pinterest_share_type":"default","_linkedin_share_type_page":"","_instagram_share_type":"default","_medium_share_type":"default","_threads_share_type":"default","_google_business_share_type":"default","_selected_social_profile":[],"_wpsp_enable_custom_social_template":false,"_wpsp_social_scheduling":{"enabled":false,"datetime":null,"platforms":[],"status":"template_only","dateOption":"today","timeOption":"now","customDays":"","customHours":"","customDate":"","customTime":"","schedulingType":"absolute"},"_wpsp_active_default_template":true},"categories":[52,33],"tags":[],"class_list":["post-77625","post","type-post","status-publish","format-standard","has-post-thumbnail","hentry","category-a-la-une","category-sports"],"aioseo_notices":[],"yoast_head":"<!-- This site is optimized with the Yoast SEO plugin v27.5 - https:\/\/yoast.com\/product\/yoast-seo-wordpress\/ -->\n<title>Madjid Bougherra\u00a0: \u00ab\u00a0Les choses s\u00e9rieuses commencent\u00a0\u00bb - La Sentinelle<\/title>\n<meta name=\"robots\" content=\"index, follow, max-snippet:-1, max-image-preview:large, max-video-preview:-1\" \/>\n<link rel=\"canonical\" href=\"https:\/\/lasentinelle.dz\/index.php\/2025\/12\/10\/madjid-bougherra-les-choses-serieuses-commencent\/\" \/>\n<meta property=\"og:locale\" content=\"fr_FR\" \/>\n<meta property=\"og:type\" content=\"article\" \/>\n<meta property=\"og:title\" content=\"Madjid Bougherra\u00a0: \u00ab\u00a0Les choses s\u00e9rieuses commencent\u00a0\u00bb - La Sentinelle\" \/>\n<meta property=\"og:description\" content=\"Terminant en t\u00eate du groupe D avec sept points, les Verts affronteront vendredi les \u00c9mirats arabes unis au stade Al-Bayt.\" \/>\n<meta property=\"og:url\" content=\"https:\/\/lasentinelle.dz\/index.php\/2025\/12\/10\/madjid-bougherra-les-choses-serieuses-commencent\/\" \/>\n<meta property=\"og:site_name\" content=\"La Sentinelle\" \/>\n<meta property=\"article:publisher\" content=\"https:\/\/www.facebook.com\/La-Sentinelle-104059864394773\" \/>\n<meta property=\"article:published_time\" content=\"2025-12-10T18:43:58+00:00\" \/>\n<meta property=\"article:modified_time\" content=\"2025-12-10T18:44:00+00:00\" \/>\n<meta property=\"og:image\" content=\"https:\/\/lasentinelle.dz\/wp-content\/uploads\/2025\/08\/Bougherra.png\" \/>\n\t<meta property=\"og:image:width\" content=\"600\" \/>\n\t<meta property=\"og:image:height\" content=\"390\" \/>\n\t<meta property=\"og:image:type\" content=\"image\/png\" \/>\n<meta name=\"author\" content=\"admin\" \/>\n<meta name=\"twitter:card\" content=\"summary_large_image\" \/>\n<meta name=\"twitter:label1\" content=\"\u00c9crit par\" \/>\n\t<meta name=\"twitter:data1\" content=\"admin\" \/>\n\t<meta name=\"twitter:label2\" content=\"Dur\u00e9e de lecture estim\u00e9e\" \/>\n\t<meta name=\"twitter:data2\" content=\"5 minutes\" \/>\n<script type=\"application\/ld+json\" class=\"yoast-schema-graph\">{\"@context\":\"https:\\\/\\\/schema.org\",\"@graph\":[{\"@type\":\"Article\",\"@id\":\"https:\\\/\\\/lasentinelle.dz\\\/index.php\\\/2025\\\/12\\\/10\\\/madjid-bougherra-les-choses-serieuses-commencent\\\/#article\",\"isPartOf\":{\"@id\":\"https:\\\/\\\/lasentinelle.dz\\\/index.php\\\/2025\\\/12\\\/10\\\/madjid-bougherra-les-choses-serieuses-commencent\\\/\"},\"author\":{\"name\":\"admin\",\"@id\":\"https:\\\/\\\/lasentinelle.dz\\\/#\\\/schema\\\/person\\\/729ee0024f24e0b8c5ec17232f8e8b41\"},\"headline\":\"Madjid Bougherra\u00a0: \u00ab\u00a0Les choses s\u00e9rieuses commencent\u00a0\u00bb\",\"datePublished\":\"2025-12-10T18:43:58+00:00\",\"dateModified\":\"2025-12-10T18:44:00+00:00\",\"mainEntityOfPage\":{\"@id\":\"https:\\\/\\\/lasentinelle.dz\\\/index.php\\\/2025\\\/12\\\/10\\\/madjid-bougherra-les-choses-serieuses-commencent\\\/\"},\"wordCount\":953,\"commentCount\":0,\"publisher\":{\"@id\":\"https:\\\/\\\/lasentinelle.dz\\\/#organization\"},\"image\":{\"@id\":\"https:\\\/\\\/lasentinelle.dz\\\/index.php\\\/2025\\\/12\\\/10\\\/madjid-bougherra-les-choses-serieuses-commencent\\\/#primaryimage\"},\"thumbnailUrl\":\"https:\\\/\\\/lasentinelle.dz\\\/wp-content\\\/uploads\\\/2025\\\/08\\\/Bougherra.png\",\"articleSection\":[\"\u00c0 la Une\",\"Sports\"],\"inLanguage\":\"fr-FR\",\"potentialAction\":[{\"@type\":\"CommentAction\",\"name\":\"Comment\",\"target\":[\"https:\\\/\\\/lasentinelle.dz\\\/index.php\\\/2025\\\/12\\\/10\\\/madjid-bougherra-les-choses-serieuses-commencent\\\/#respond\"]}]},{\"@type\":\"WebPage\",\"@id\":\"https:\\\/\\\/lasentinelle.dz\\\/index.php\\\/2025\\\/12\\\/10\\\/madjid-bougherra-les-choses-serieuses-commencent\\\/\",\"url\":\"https:\\\/\\\/lasentinelle.dz\\\/index.php\\\/2025\\\/12\\\/10\\\/madjid-bougherra-les-choses-serieuses-commencent\\\/\",\"name\":\"Madjid Bougherra\u00a0: \u00ab\u00a0Les choses s\u00e9rieuses commencent\u00a0\u00bb - La Sentinelle\",\"isPartOf\":{\"@id\":\"https:\\\/\\\/lasentinelle.dz\\\/#website\"},\"primaryImageOfPage\":{\"@id\":\"https:\\\/\\\/lasentinelle.dz\\\/index.php\\\/2025\\\/12\\\/10\\\/madjid-bougherra-les-choses-serieuses-commencent\\\/#primaryimage\"},\"image\":{\"@id\":\"https:\\\/\\\/lasentinelle.dz\\\/index.php\\\/2025\\\/12\\\/10\\\/madjid-bougherra-les-choses-serieuses-commencent\\\/#primaryimage\"},\"thumbnailUrl\":\"https:\\\/\\\/lasentinelle.dz\\\/wp-content\\\/uploads\\\/2025\\\/08\\\/Bougherra.png\",\"datePublished\":\"2025-12-10T18:43:58+00:00\",\"dateModified\":\"2025-12-10T18:44:00+00:00\",\"breadcrumb\":{\"@id\":\"https:\\\/\\\/lasentinelle.dz\\\/index.php\\\/2025\\\/12\\\/10\\\/madjid-bougherra-les-choses-serieuses-commencent\\\/#breadcrumb\"},\"inLanguage\":\"fr-FR\",\"potentialAction\":[{\"@type\":\"ReadAction\",\"target\":[\"https:\\\/\\\/lasentinelle.dz\\\/index.php\\\/2025\\\/12\\\/10\\\/madjid-bougherra-les-choses-serieuses-commencent\\\/\"]}]},{\"@type\":\"ImageObject\",\"inLanguage\":\"fr-FR\",\"@id\":\"https:\\\/\\\/lasentinelle.dz\\\/index.php\\\/2025\\\/12\\\/10\\\/madjid-bougherra-les-choses-serieuses-commencent\\\/#primaryimage\",\"url\":\"https:\\\/\\\/lasentinelle.dz\\\/wp-content\\\/uploads\\\/2025\\\/08\\\/Bougherra.png\",\"contentUrl\":\"https:\\\/\\\/lasentinelle.dz\\\/wp-content\\\/uploads\\\/2025\\\/08\\\/Bougherra.png\",\"width\":600,\"height\":390},{\"@type\":\"BreadcrumbList\",\"@id\":\"https:\\\/\\\/lasentinelle.dz\\\/index.php\\\/2025\\\/12\\\/10\\\/madjid-bougherra-les-choses-serieuses-commencent\\\/#breadcrumb\",\"itemListElement\":[{\"@type\":\"ListItem\",\"position\":1,\"name\":\"Accueil\",\"item\":\"https:\\\/\\\/lasentinelle.dz\\\/\"},{\"@type\":\"ListItem\",\"position\":2,\"name\":\"Madjid Bougherra\u00a0: \u00ab\u00a0Les choses s\u00e9rieuses commencent\u00a0\u00bb\"}]},{\"@type\":\"WebSite\",\"@id\":\"https:\\\/\\\/lasentinelle.dz\\\/#website\",\"url\":\"https:\\\/\\\/lasentinelle.dz\\\/\",\"name\":\"La Sentinelle\",\"description\":\"Quotidien national d&#039;information\",\"publisher\":{\"@id\":\"https:\\\/\\\/lasentinelle.dz\\\/#organization\"},\"potentialAction\":[{\"@type\":\"SearchAction\",\"target\":{\"@type\":\"EntryPoint\",\"urlTemplate\":\"https:\\\/\\\/lasentinelle.dz\\\/?s={search_term_string}\"},\"query-input\":{\"@type\":\"PropertyValueSpecification\",\"valueRequired\":true,\"valueName\":\"search_term_string\"}}],\"inLanguage\":\"fr-FR\"},{\"@type\":\"Organization\",\"@id\":\"https:\\\/\\\/lasentinelle.dz\\\/#organization\",\"name\":\"Quotidien La Sentinelle\",\"url\":\"https:\\\/\\\/lasentinelle.dz\\\/\",\"logo\":{\"@type\":\"ImageObject\",\"inLanguage\":\"fr-FR\",\"@id\":\"https:\\\/\\\/lasentinelle.dz\\\/#\\\/schema\\\/logo\\\/image\\\/\",\"url\":\"https:\\\/\\\/lasentinelle.dz\\\/wp-content\\\/uploads\\\/2021\\\/09\\\/logo-sentinelleSLOGAN-1.png\",\"contentUrl\":\"https:\\\/\\\/lasentinelle.dz\\\/wp-content\\\/uploads\\\/2021\\\/09\\\/logo-sentinelleSLOGAN-1.png\",\"width\":615,\"height\":142,\"caption\":\"Quotidien La Sentinelle\"},\"image\":{\"@id\":\"https:\\\/\\\/lasentinelle.dz\\\/#\\\/schema\\\/logo\\\/image\\\/\"},\"sameAs\":[\"https:\\\/\\\/www.facebook.com\\\/La-Sentinelle-104059864394773\"]},{\"@type\":\"Person\",\"@id\":\"https:\\\/\\\/lasentinelle.dz\\\/#\\\/schema\\\/person\\\/729ee0024f24e0b8c5ec17232f8e8b41\",\"name\":\"admin\",\"image\":{\"@type\":\"ImageObject\",\"inLanguage\":\"fr-FR\",\"@id\":\"https:\\\/\\\/secure.gravatar.com\\\/avatar\\\/4c81fed838786e9b53f540bf46533e750f5d292099ae3b66cfc6fb1982e29df7?s=96&d=mm&r=g\",\"url\":\"https:\\\/\\\/secure.gravatar.com\\\/avatar\\\/4c81fed838786e9b53f540bf46533e750f5d292099ae3b66cfc6fb1982e29df7?s=96&d=mm&r=g\",\"contentUrl\":\"https:\\\/\\\/secure.gravatar.com\\\/avatar\\\/4c81fed838786e9b53f540bf46533e750f5d292099ae3b66cfc6fb1982e29df7?s=96&d=mm&r=g\",\"caption\":\"admin\"},\"description\":\"admin\",\"url\":\"https:\\\/\\\/lasentinelle.dz\\\/author\\\/admin\\\/\"}]}<\/script>\n<!-- \/ Yoast SEO plugin. -->","yoast_head_json":{"title":"Madjid Bougherra\u00a0: \u00ab\u00a0Les choses s\u00e9rieuses commencent\u00a0\u00bb - La Sentinelle","robots":{"index":"index","follow":"follow","max-snippet":"max-snippet:-1","max-image-preview":"max-image-preview:large","max-video-preview":"max-video-preview:-1"},"canonical":"https:\/\/lasentinelle.dz\/index.php\/2025\/12\/10\/madjid-bougherra-les-choses-serieuses-commencent\/","og_locale":"fr_FR","og_type":"article","og_title":"Madjid Bougherra\u00a0: \u00ab\u00a0Les choses s\u00e9rieuses commencent\u00a0\u00bb - La Sentinelle","og_description":"Terminant en t\u00eate du groupe D avec sept points, les Verts affronteront vendredi les \u00c9mirats arabes unis au stade Al-Bayt.","og_url":"https:\/\/lasentinelle.dz\/index.php\/2025\/12\/10\/madjid-bougherra-les-choses-serieuses-commencent\/","og_site_name":"La Sentinelle","article_publisher":"https:\/\/www.facebook.com\/La-Sentinelle-104059864394773","article_published_time":"2025-12-10T18:43:58+00:00","article_modified_time":"2025-12-10T18:44:00+00:00","og_image":[{"width":600,"height":390,"url":"https:\/\/lasentinelle.dz\/wp-content\/uploads\/2025\/08\/Bougherra.png","type":"image\/png"}],"author":"admin","twitter_card":"summary_large_image","twitter_misc":{"\u00c9crit par":"admin","Dur\u00e9e de lecture estim\u00e9e":"5 minutes"},"schema":{"@context":"https:\/\/schema.org","@graph":[{"@type":"Article","@id":"https:\/\/lasentinelle.dz\/index.php\/2025\/12\/10\/madjid-bougherra-les-choses-serieuses-commencent\/#article","isPartOf":{"@id":"https:\/\/lasentinelle.dz\/index.php\/2025\/12\/10\/madjid-bougherra-les-choses-serieuses-commencent\/"},"author":{"name":"admin","@id":"https:\/\/lasentinelle.dz\/#\/schema\/person\/729ee0024f24e0b8c5ec17232f8e8b41"},"headline":"Madjid Bougherra\u00a0: \u00ab\u00a0Les choses s\u00e9rieuses commencent\u00a0\u00bb","datePublished":"2025-12-10T18:43:58+00:00","dateModified":"2025-12-10T18:44:00+00:00","mainEntityOfPage":{"@id":"https:\/\/lasentinelle.dz\/index.php\/2025\/12\/10\/madjid-bougherra-les-choses-serieuses-commencent\/"},"wordCount":953,"commentCount":0,"publisher":{"@id":"https:\/\/lasentinelle.dz\/#organization"},"image":{"@id":"https:\/\/lasentinelle.dz\/index.php\/2025\/12\/10\/madjid-bougherra-les-choses-serieuses-commencent\/#primaryimage"},"thumbnailUrl":"https:\/\/lasentinelle.dz\/wp-content\/uploads\/2025\/08\/Bougherra.png","articleSection":["\u00c0 la Une","Sports"],"inLanguage":"fr-FR","potentialAction":[{"@type":"CommentAction","name":"Comment","target":["https:\/\/lasentinelle.dz\/index.php\/2025\/12\/10\/madjid-bougherra-les-choses-serieuses-commencent\/#respond"]}]},{"@type":"WebPage","@id":"https:\/\/lasentinelle.dz\/index.php\/2025\/12\/10\/madjid-bougherra-les-choses-serieuses-commencent\/","url":"https:\/\/lasentinelle.dz\/index.php\/2025\/12\/10\/madjid-bougherra-les-choses-serieuses-commencent\/","name":"Madjid Bougherra\u00a0: \u00ab\u00a0Les choses s\u00e9rieuses commencent\u00a0\u00bb - La Sentinelle","isPartOf":{"@id":"https:\/\/lasentinelle.dz\/#website"},"primaryImageOfPage":{"@id":"https:\/\/lasentinelle.dz\/index.php\/2025\/12\/10\/madjid-bougherra-les-choses-serieuses-commencent\/#primaryimage"},"image":{"@id":"https:\/\/lasentinelle.dz\/index.php\/2025\/12\/10\/madjid-bougherra-les-choses-serieuses-commencent\/#primaryimage"},"thumbnailUrl":"https:\/\/lasentinelle.dz\/wp-content\/uploads\/2025\/08\/Bougherra.png","datePublished":"2025-12-10T18:43:58+00:00","dateModified":"2025-12-10T18:44:00+00:00","breadcrumb":{"@id":"https:\/\/lasentinelle.dz\/index.php\/2025\/12\/10\/madjid-bougherra-les-choses-serieuses-commencent\/#breadcrumb"},"inLanguage":"fr-FR","potentialAction":[{"@type":"ReadAction","target":["https:\/\/lasentinelle.dz\/index.php\/2025\/12\/10\/madjid-bougherra-les-choses-serieuses-commencent\/"]}]},{"@type":"ImageObject","inLanguage":"fr-FR","@id":"https:\/\/lasentinelle.dz\/index.php\/2025\/12\/10\/madjid-bougherra-les-choses-serieuses-commencent\/#primaryimage","url":"https:\/\/lasentinelle.dz\/wp-content\/uploads\/2025\/08\/Bougherra.png","contentUrl":"https:\/\/lasentinelle.dz\/wp-content\/uploads\/2025\/08\/Bougherra.png","width":600,"height":390},{"@type":"BreadcrumbList","@id":"https:\/\/lasentinelle.dz\/index.php\/2025\/12\/10\/madjid-bougherra-les-choses-serieuses-commencent\/#breadcrumb","itemListElement":[{"@type":"ListItem","position":1,"name":"Accueil","item":"https:\/\/lasentinelle.dz\/"},{"@type":"ListItem","position":2,"name":"Madjid Bougherra\u00a0: \u00ab\u00a0Les choses s\u00e9rieuses commencent\u00a0\u00bb"}]},{"@type":"WebSite","@id":"https:\/\/lasentinelle.dz\/#website","url":"https:\/\/lasentinelle.dz\/","name":"La Sentinelle","description":"Quotidien national d&#039;information","publisher":{"@id":"https:\/\/lasentinelle.dz\/#organization"},"potentialAction":[{"@type":"SearchAction","target":{"@type":"EntryPoint","urlTemplate":"https:\/\/lasentinelle.dz\/?s={search_term_string}"},"query-input":{"@type":"PropertyValueSpecification","valueRequired":true,"valueName":"search_term_string"}}],"inLanguage":"fr-FR"},{"@type":"Organization","@id":"https:\/\/lasentinelle.dz\/#organization","name":"Quotidien La Sentinelle","url":"https:\/\/lasentinelle.dz\/","logo":{"@type":"ImageObject","inLanguage":"fr-FR","@id":"https:\/\/lasentinelle.dz\/#\/schema\/logo\/image\/","url":"https:\/\/lasentinelle.dz\/wp-content\/uploads\/2021\/09\/logo-sentinelleSLOGAN-1.png","contentUrl":"https:\/\/lasentinelle.dz\/wp-content\/uploads\/2021\/09\/logo-sentinelleSLOGAN-1.png","width":615,"height":142,"caption":"Quotidien La Sentinelle"},"image":{"@id":"https:\/\/lasentinelle.dz\/#\/schema\/logo\/image\/"},"sameAs":["https:\/\/www.facebook.com\/La-Sentinelle-104059864394773"]},{"@type":"Person","@id":"https:\/\/lasentinelle.dz\/#\/schema\/person\/729ee0024f24e0b8c5ec17232f8e8b41","name":"admin","image":{"@type":"ImageObject","inLanguage":"fr-FR","@id":"https:\/\/secure.gravatar.com\/avatar\/4c81fed838786e9b53f540bf46533e750f5d292099ae3b66cfc6fb1982e29df7?s=96&d=mm&r=g","url":"https:\/\/secure.gravatar.com\/avatar\/4c81fed838786e9b53f540bf46533e750f5d292099ae3b66cfc6fb1982e29df7?s=96&d=mm&r=g","contentUrl":"https:\/\/secure.gravatar.com\/avatar\/4c81fed838786e9b53f540bf46533e750f5d292099ae3b66cfc6fb1982e29df7?s=96&d=mm&r=g","caption":"admin"},"description":"admin","url":"https:\/\/lasentinelle.dz\/author\/admin\/"}]}},"_links":{"self":[{"href":"https:\/\/lasentinelle.dz\/index.php\/wp-json\/wp\/v2\/posts\/77625","targetHints":{"allow":["GET"]}}],"collection":[{"href":"https:\/\/lasentinelle.dz\/index.php\/wp-json\/wp\/v2\/posts"}],"about":[{"href":"https:\/\/lasentinelle.dz\/index.php\/wp-json\/wp\/v2\/types\/post"}],"author":[{"embeddable":true,"href":"https:\/\/lasentinelle.dz\/index.php\/wp-json\/wp\/v2\/users\/6"}],"replies":[{"embeddable":true,"href":"https:\/\/lasentinelle.dz\/index.php\/wp-json\/wp\/v2\/comments?post=77625"}],"version-history":[{"count":1,"href":"https:\/\/lasentinelle.dz\/index.php\/wp-json\/wp\/v2\/posts\/77625\/revisions"}],"predecessor-version":[{"id":77626,"href":"https:\/\/lasentinelle.dz\/index.php\/wp-json\/wp\/v2\/posts\/77625\/revisions\/77626"}],"wp:featuredmedia":[{"embeddable":true,"href":"https:\/\/lasentinelle.dz\/index.php\/wp-json\/wp\/v2\/media\/71501"}],"wp:attachment":[{"href":"https:\/\/lasentinelle.dz\/index.php\/wp-json\/wp\/v2\/media?parent=77625"}],"wp:term":[{"taxonomy":"category","embeddable":true,"href":"https:\/\/lasentinelle.dz\/index.php\/wp-json\/wp\/v2\/categories?post=77625"},{"taxonomy":"post_tag","embeddable":true,"href":"https:\/\/lasentinelle.dz\/index.php\/wp-json\/wp\/v2\/tags?post=77625"}],"curies":[{"name":"wp","href":"https:\/\/api.w.org\/{rel}","templated":true}]}}