{"id":77627,"date":"2025-12-10T19:45:07","date_gmt":"2025-12-10T18:45:07","guid":{"rendered":"https:\/\/lasentinelle.dz\/?p=77627"},"modified":"2025-12-10T19:45:09","modified_gmt":"2025-12-10T18:45:09","slug":"coupe-arabe-2025-les-verts-en-patrons","status":"publish","type":"post","link":"https:\/\/lasentinelle.dz\/index.php\/2025\/12\/10\/coupe-arabe-2025-les-verts-en-patrons\/","title":{"rendered":"Coupe Arabe 2025\u00a0:\u00a0Les Verts en\u00a0patrons\u00a0!"},"content":{"rendered":"\n<p><strong>L&rsquo;Alg\u00e9rie se qualifie en patron&nbsp;<\/strong><strong>aux quarts de finale de la Coupe arabe 2025&nbsp;et vise d\u00e9sormais le sacre final<\/strong><strong>.<\/strong><\/p>\n\n\n\n<p>Mission accomplie pour les Verts ! En dominant l&rsquo;Irak 2-0 mardi soir au stade Khalifa International, l&rsquo;\u00e9quipe nationale A&rsquo; a valid\u00e9 son billet pour les quarts de finale de la Coupe arabe FIFA Qatar-2025 avec la mani\u00e8re. Premiers du groupe D avec sept points, les hommes de Madjid Bougherra abordent d\u00e9sormais la phase \u00e0 \u00e9limination directe avec un objectif clair : conserver leur titre et rendre fiers les supporters alg\u00e9riens.&nbsp;La victoire face aux Irakiens n&rsquo;\u00e9tait pas qu&rsquo;une simple formalit\u00e9. Certes, l&rsquo;expulsion tr\u00e8s pr\u00e9coce d&rsquo;Hussein Al-Saedi \u00e0 la quatri\u00e8me minute a chang\u00e9 la physionomie du match, mais l&rsquo;Alg\u00e9rie a su faire preuve de s\u00e9rieux et d&rsquo;application pour ne rien laisser au hasard. Mohamed Amine Touga\u00ef, qui effectuait son retour dans le onze, a ouvert le score d&rsquo;une t\u00eate puissante juste avant la pause sur un coup franc millim\u00e9tr\u00e9 de Yassine Benzia. Deux minutes apr\u00e8s le retour des vestiaires, le capitaine Yacine Brahimi a provoqu\u00e9 le deuxi\u00e8me but, son centre en retrait \u00e9tant finalement d\u00e9tourn\u00e9 dans ses propres filets par le d\u00e9fenseur irakien Sa\u00e2d Natiq. Un succ\u00e8s logique qui permet aux Verts de terminer devant une \u00e9quipe d&rsquo;Irak pourtant r\u00e9put\u00e9e coriace.<\/p>\n\n\n\n<p><strong>Vendredi, un pi\u00e8ge nomm\u00e9 \u00c9mirats<\/strong><\/p>\n\n\n\n<p>Place d\u00e9sormais aux choses s\u00e9rieuses. Vendredi au stade Al-Bayt, l&rsquo;Alg\u00e9rie affrontera les \u00c9mirats arabes unis en quarts de finale, \u00e0 partir de 18h30 heure alg\u00e9rienne. Un rendez-vous que Madjid Bougherra aborde avec prudence et lucidit\u00e9. \u00ab\u00a0Les choses s\u00e9rieuses commencent maintenant\u00a0\u00bb, a pr\u00e9venu le s\u00e9lectionneur apr\u00e8s la rencontre face \u00e0 l&rsquo;Irak. Le technicien alg\u00e9rien sait que son \u00e9quipe devra hausser le niveau d&rsquo;un cran pour esp\u00e9rer franchir cet obstacle et se rapprocher du Graal.&nbsp;Car si les Verts partent favoris sur le papier, ils devront se m\u00e9fier d&rsquo;une formation \u00e9miratie qui n&rsquo;a rien \u00e0 perdre et qui pourrait jouer lib\u00e9r\u00e9e de toute pression. L&rsquo;histoire r\u00e9cente du football nous rappelle que les quarts de finale sont souvent le th\u00e9\u00e2tre de surprises, et l&rsquo;Alg\u00e9rie ne veut surtout pas tomber dans le pi\u00e8ge de l&rsquo;exc\u00e8s de confiance.<\/p>\n\n\n\n<p>Dans le vestiaire alg\u00e9rien, le discours est unanime : rester humbles, concentr\u00e9s et affam\u00e9s. \u00ab\u00a0On est venus ici pour conserver notre titre et on fera tout pour rendre fier notre peuple\u00a0\u00bb, a martel\u00e9 Islam Slimani, conscient de l&rsquo;enjeu et de l&rsquo;attente qui p\u00e8se sur les \u00e9paules de l&rsquo;\u00e9quipe. L&rsquo;attaquant, qui apporte toute son exp\u00e9rience au groupe, rappelle la ligne de conduite \u00e0 suivre : avancer match apr\u00e8s match, sans se projeter trop loin.<\/p>\n\n\n\n<p>Yacine Brahimi, imp\u00e9rial depuis le d\u00e9but du tournoi, affiche lui aussi cette d\u00e9termination teint\u00e9e d&rsquo;humilit\u00e9. \u00ab\u00a0Al Hamdoulillah, c&rsquo;est une tr\u00e8s belle victoire contre une belle \u00e9quipe d&rsquo;Irak. Nous, avec beaucoup d&rsquo;humilit\u00e9, on va continuer \u00e0 travailler. Il faut r\u00e9cup\u00e9rer car on a encore un gros match dans trois jours\u00a0\u00bb, a d\u00e9clar\u00e9 le capitaine des Verts, d\u00e9j\u00e0 tourn\u00e9 vers le prochain d\u00e9fi. Son \u00e9tat d&rsquo;esprit refl\u00e8te parfaitement la philosophie de ce groupe : respect de l&rsquo;adversaire, exigence envers soi-m\u00eame et ambition collective.<\/p>\n\n\n\n<p><strong>Des r\u00e9v\u00e9lations qui \u00e9mergent<\/strong><\/p>\n\n\n\n<p>Au-del\u00e0 des cadres habituels, cette Coupe arabe permet \u00e9galement \u00e0 certains joueurs de crever l&rsquo;\u00e9cran. C&rsquo;est notamment le cas d&rsquo;Achref Abada, le d\u00e9fenseur de l&rsquo;ASO Chlef, qui r\u00e9alise un tournoi de tr\u00e8s haut niveau. Face \u00e0 l&rsquo;Irak, le natif de Touggourt a livr\u00e9 une prestation XXL, encha\u00eenant les interventions d\u00e9cisives et d\u00e9montrant une qualit\u00e9 technique au pied rare pour un d\u00e9fenseur central. \u00c0 26 ans, Abada confirme qu&rsquo;il repr\u00e9sente l&rsquo;avenir de la charni\u00e8re alg\u00e9rienne, lui qui avait d\u00e9j\u00e0 impressionn\u00e9 lors du CHAN cet \u00e9t\u00e9 en Afrique de l&rsquo;Est. Son profil de stoppeur moderne, \u00e0 la fois rugueux dans les duels et propre techniquement, attise d\u00e9j\u00e0 les convoitises, notamment du c\u00f4t\u00e9 d&rsquo;Al Ahly selon certaines rumeurs.<\/p>\n\n\n\n<p>Si l&rsquo;Alg\u00e9rie passe l&rsquo;obstacle \u00e9mirati vendredi, elle retrouvera en demi-finale, lundi 15 d\u00e9cembre, le vainqueur du choc entre le Maroc et la Syrie. De quoi promettre un dernier carr\u00e9 de tr\u00e8s haut niveau. La finale, elle, est programm\u00e9e pour le jeudi 18 d\u00e9cembre au mythique stade de Lusail, celui-l\u00e0 m\u00eame qui a accueilli la finale de la Coupe du monde 2022.<\/p>\n\n\n\n<p>L&rsquo;enjeu financier n&rsquo;est pas n\u00e9gligeable : le vainqueur empochera plus de sept millions de dollars, tandis que le finaliste recevra plus de quatre millions. Mais pour les Verts, l&rsquo;argent passe au second plan. Ce qui compte, c&rsquo;est de conserver ce titre remport\u00e9 il y a quatre ans et d&rsquo;offrir au peuple alg\u00e9rien une nouvelle joie continentale.&nbsp;Apr\u00e8s un d\u00e9but de tournoi poussif marqu\u00e9 par un nul frustrant face au Soudan (0-0), l&rsquo;\u00e9quipe de Bougherra monte progressivement en puissance. La d\u00e9monstration face au Bahre\u00efn (5-1) puis le s\u00e9rieux affich\u00e9 contre l&rsquo;Irak t\u00e9moignent d&rsquo;un collectif qui trouve ses marques au bon moment. Reste d\u00e9sormais \u00e0 confirmer quand la pression va grimper d&rsquo;un cran.<\/p>\n\n\n\n<p>Rendez-vous vendredi au stade Al-Bayt pour le premier verdict. Les Verts sont pr\u00e9venus : le match de trop est toujours celui auquel on ne s&rsquo;attend pas.<\/p>\n\n\n\n<p>Moncef Dahleb<\/p>\n","protected":false},"excerpt":{"rendered":"<p>L&rsquo;Alg\u00e9rie se qualifie en patron&nbsp;aux quarts de finale de la Coupe arabe 2025&nbsp;et vise d\u00e9sormais le sacre final. Mission accomplie<\/p>\n","protected":false},"author":6,"featured_media":77628,"comment_status":"open","ping_status":"closed","sticky":false,"template":"","format":"standard","meta":{"colormag_page_container_layout":"default_layout","colormag_page_sidebar_layout":"default_layout","om_disable_all_campaigns":false,"_monsterinsights_skip_tracking":false,"_monsterinsights_sitenote_active":false,"_monsterinsights_sitenote_note":"","_monsterinsights_sitenote_category":0,"footnotes":"","_wpscppro_dont_share_socialmedia":false,"_wpscppro_custom_social_share_image":0,"_facebook_share_type":"default","_twitter_share_type":"default","_linkedin_share_type":"default","_pinterest_share_type":"default","_linkedin_share_type_page":"","_instagram_share_type":"default","_medium_share_type":"default","_threads_share_type":"default","_google_business_share_type":"default","_selected_social_profile":[],"_wpsp_enable_custom_social_template":false,"_wpsp_social_scheduling":{"enabled":false,"datetime":null,"platforms":[],"status":"template_only","dateOption":"today","timeOption":"now","customDays":"","customHours":"","customDate":"","customTime":"","schedulingType":"absolute"},"_wpsp_active_default_template":true},"categories":[33],"tags":[],"class_list":["post-77627","post","type-post","status-publish","format-standard","has-post-thumbnail","hentry","category-sports"],"aioseo_notices":[],"yoast_head":"<!-- This site is optimized with the Yoast SEO plugin v27.5 - https:\/\/yoast.com\/product\/yoast-seo-wordpress\/ -->\n<title>Coupe Arabe 2025\u00a0:\u00a0Les Verts en\u00a0patrons\u00a0! - La Sentinelle<\/title>\n<meta name=\"robots\" content=\"index, follow, max-snippet:-1, max-image-preview:large, max-video-preview:-1\" \/>\n<link rel=\"canonical\" href=\"https:\/\/lasentinelle.dz\/index.php\/2025\/12\/10\/coupe-arabe-2025-les-verts-en-patrons\/\" \/>\n<meta property=\"og:locale\" content=\"fr_FR\" \/>\n<meta property=\"og:type\" content=\"article\" \/>\n<meta property=\"og:title\" content=\"Coupe Arabe 2025\u00a0:\u00a0Les Verts en\u00a0patrons\u00a0! - La Sentinelle\" \/>\n<meta property=\"og:description\" content=\"L&rsquo;Alg\u00e9rie se qualifie en patron&nbsp;aux quarts de finale de la Coupe arabe 2025&nbsp;et vise d\u00e9sormais le sacre final. Mission accomplie\" \/>\n<meta property=\"og:url\" content=\"https:\/\/lasentinelle.dz\/index.php\/2025\/12\/10\/coupe-arabe-2025-les-verts-en-patrons\/\" \/>\n<meta property=\"og:site_name\" content=\"La Sentinelle\" \/>\n<meta property=\"article:publisher\" content=\"https:\/\/www.facebook.com\/La-Sentinelle-104059864394773\" \/>\n<meta property=\"article:published_time\" content=\"2025-12-10T18:45:07+00:00\" \/>\n<meta property=\"article:modified_time\" content=\"2025-12-10T18:45:09+00:00\" \/>\n<meta property=\"og:image\" content=\"https:\/\/lasentinelle.dz\/wp-content\/uploads\/2025\/12\/fennecs.webp\" \/>\n\t<meta property=\"og:image:width\" content=\"859\" \/>\n\t<meta property=\"og:image:height\" content=\"482\" \/>\n\t<meta property=\"og:image:type\" content=\"image\/webp\" \/>\n<meta name=\"author\" content=\"admin\" \/>\n<meta name=\"twitter:card\" content=\"summary_large_image\" \/>\n<meta name=\"twitter:label1\" content=\"\u00c9crit par\" \/>\n\t<meta name=\"twitter:data1\" content=\"admin\" \/>\n\t<meta name=\"twitter:label2\" content=\"Dur\u00e9e de lecture estim\u00e9e\" \/>\n\t<meta name=\"twitter:data2\" content=\"5 minutes\" \/>\n<script type=\"application\/ld+json\" class=\"yoast-schema-graph\">{\"@context\":\"https:\\\/\\\/schema.org\",\"@graph\":[{\"@type\":\"Article\",\"@id\":\"https:\\\/\\\/lasentinelle.dz\\\/index.php\\\/2025\\\/12\\\/10\\\/coupe-arabe-2025-les-verts-en-patrons\\\/#article\",\"isPartOf\":{\"@id\":\"https:\\\/\\\/lasentinelle.dz\\\/index.php\\\/2025\\\/12\\\/10\\\/coupe-arabe-2025-les-verts-en-patrons\\\/\"},\"author\":{\"name\":\"admin\",\"@id\":\"https:\\\/\\\/lasentinelle.dz\\\/#\\\/schema\\\/person\\\/729ee0024f24e0b8c5ec17232f8e8b41\"},\"headline\":\"Coupe Arabe 2025\u00a0:\u00a0Les Verts en\u00a0patrons\u00a0!\",\"datePublished\":\"2025-12-10T18:45:07+00:00\",\"dateModified\":\"2025-12-10T18:45:09+00:00\",\"mainEntityOfPage\":{\"@id\":\"https:\\\/\\\/lasentinelle.dz\\\/index.php\\\/2025\\\/12\\\/10\\\/coupe-arabe-2025-les-verts-en-patrons\\\/\"},\"wordCount\":946,\"commentCount\":0,\"publisher\":{\"@id\":\"https:\\\/\\\/lasentinelle.dz\\\/#organization\"},\"image\":{\"@id\":\"https:\\\/\\\/lasentinelle.dz\\\/index.php\\\/2025\\\/12\\\/10\\\/coupe-arabe-2025-les-verts-en-patrons\\\/#primaryimage\"},\"thumbnailUrl\":\"https:\\\/\\\/lasentinelle.dz\\\/wp-content\\\/uploads\\\/2025\\\/12\\\/fennecs.webp\",\"articleSection\":[\"Sports\"],\"inLanguage\":\"fr-FR\",\"potentialAction\":[{\"@type\":\"CommentAction\",\"name\":\"Comment\",\"target\":[\"https:\\\/\\\/lasentinelle.dz\\\/index.php\\\/2025\\\/12\\\/10\\\/coupe-arabe-2025-les-verts-en-patrons\\\/#respond\"]}]},{\"@type\":\"WebPage\",\"@id\":\"https:\\\/\\\/lasentinelle.dz\\\/index.php\\\/2025\\\/12\\\/10\\\/coupe-arabe-2025-les-verts-en-patrons\\\/\",\"url\":\"https:\\\/\\\/lasentinelle.dz\\\/index.php\\\/2025\\\/12\\\/10\\\/coupe-arabe-2025-les-verts-en-patrons\\\/\",\"name\":\"Coupe Arabe 2025\u00a0:\u00a0Les Verts en\u00a0patrons\u00a0! - La Sentinelle\",\"isPartOf\":{\"@id\":\"https:\\\/\\\/lasentinelle.dz\\\/#website\"},\"primaryImageOfPage\":{\"@id\":\"https:\\\/\\\/lasentinelle.dz\\\/index.php\\\/2025\\\/12\\\/10\\\/coupe-arabe-2025-les-verts-en-patrons\\\/#primaryimage\"},\"image\":{\"@id\":\"https:\\\/\\\/lasentinelle.dz\\\/index.php\\\/2025\\\/12\\\/10\\\/coupe-arabe-2025-les-verts-en-patrons\\\/#primaryimage\"},\"thumbnailUrl\":\"https:\\\/\\\/lasentinelle.dz\\\/wp-content\\\/uploads\\\/2025\\\/12\\\/fennecs.webp\",\"datePublished\":\"2025-12-10T18:45:07+00:00\",\"dateModified\":\"2025-12-10T18:45:09+00:00\",\"breadcrumb\":{\"@id\":\"https:\\\/\\\/lasentinelle.dz\\\/index.php\\\/2025\\\/12\\\/10\\\/coupe-arabe-2025-les-verts-en-patrons\\\/#breadcrumb\"},\"inLanguage\":\"fr-FR\",\"potentialAction\":[{\"@type\":\"ReadAction\",\"target\":[\"https:\\\/\\\/lasentinelle.dz\\\/index.php\\\/2025\\\/12\\\/10\\\/coupe-arabe-2025-les-verts-en-patrons\\\/\"]}]},{\"@type\":\"ImageObject\",\"inLanguage\":\"fr-FR\",\"@id\":\"https:\\\/\\\/lasentinelle.dz\\\/index.php\\\/2025\\\/12\\\/10\\\/coupe-arabe-2025-les-verts-en-patrons\\\/#primaryimage\",\"url\":\"https:\\\/\\\/lasentinelle.dz\\\/wp-content\\\/uploads\\\/2025\\\/12\\\/fennecs.webp\",\"contentUrl\":\"https:\\\/\\\/lasentinelle.dz\\\/wp-content\\\/uploads\\\/2025\\\/12\\\/fennecs.webp\",\"width\":859,\"height\":482},{\"@type\":\"BreadcrumbList\",\"@id\":\"https:\\\/\\\/lasentinelle.dz\\\/index.php\\\/2025\\\/12\\\/10\\\/coupe-arabe-2025-les-verts-en-patrons\\\/#breadcrumb\",\"itemListElement\":[{\"@type\":\"ListItem\",\"position\":1,\"name\":\"Accueil\",\"item\":\"https:\\\/\\\/lasentinelle.dz\\\/\"},{\"@type\":\"ListItem\",\"position\":2,\"name\":\"Coupe Arabe 2025\u00a0:\u00a0Les Verts en\u00a0patrons\u00a0!\"}]},{\"@type\":\"WebSite\",\"@id\":\"https:\\\/\\\/lasentinelle.dz\\\/#website\",\"url\":\"https:\\\/\\\/lasentinelle.dz\\\/\",\"name\":\"La Sentinelle\",\"description\":\"Quotidien national d&#039;information\",\"publisher\":{\"@id\":\"https:\\\/\\\/lasentinelle.dz\\\/#organization\"},\"potentialAction\":[{\"@type\":\"SearchAction\",\"target\":{\"@type\":\"EntryPoint\",\"urlTemplate\":\"https:\\\/\\\/lasentinelle.dz\\\/?s={search_term_string}\"},\"query-input\":{\"@type\":\"PropertyValueSpecification\",\"valueRequired\":true,\"valueName\":\"search_term_string\"}}],\"inLanguage\":\"fr-FR\"},{\"@type\":\"Organization\",\"@id\":\"https:\\\/\\\/lasentinelle.dz\\\/#organization\",\"name\":\"Quotidien La Sentinelle\",\"url\":\"https:\\\/\\\/lasentinelle.dz\\\/\",\"logo\":{\"@type\":\"ImageObject\",\"inLanguage\":\"fr-FR\",\"@id\":\"https:\\\/\\\/lasentinelle.dz\\\/#\\\/schema\\\/logo\\\/image\\\/\",\"url\":\"https:\\\/\\\/lasentinelle.dz\\\/wp-content\\\/uploads\\\/2021\\\/09\\\/logo-sentinelleSLOGAN-1.png\",\"contentUrl\":\"https:\\\/\\\/lasentinelle.dz\\\/wp-content\\\/uploads\\\/2021\\\/09\\\/logo-sentinelleSLOGAN-1.png\",\"width\":615,\"height\":142,\"caption\":\"Quotidien La Sentinelle\"},\"image\":{\"@id\":\"https:\\\/\\\/lasentinelle.dz\\\/#\\\/schema\\\/logo\\\/image\\\/\"},\"sameAs\":[\"https:\\\/\\\/www.facebook.com\\\/La-Sentinelle-104059864394773\"]},{\"@type\":\"Person\",\"@id\":\"https:\\\/\\\/lasentinelle.dz\\\/#\\\/schema\\\/person\\\/729ee0024f24e0b8c5ec17232f8e8b41\",\"name\":\"admin\",\"image\":{\"@type\":\"ImageObject\",\"inLanguage\":\"fr-FR\",\"@id\":\"https:\\\/\\\/secure.gravatar.com\\\/avatar\\\/4c81fed838786e9b53f540bf46533e750f5d292099ae3b66cfc6fb1982e29df7?s=96&d=mm&r=g\",\"url\":\"https:\\\/\\\/secure.gravatar.com\\\/avatar\\\/4c81fed838786e9b53f540bf46533e750f5d292099ae3b66cfc6fb1982e29df7?s=96&d=mm&r=g\",\"contentUrl\":\"https:\\\/\\\/secure.gravatar.com\\\/avatar\\\/4c81fed838786e9b53f540bf46533e750f5d292099ae3b66cfc6fb1982e29df7?s=96&d=mm&r=g\",\"caption\":\"admin\"},\"description\":\"admin\",\"url\":\"https:\\\/\\\/lasentinelle.dz\\\/author\\\/admin\\\/\"}]}<\/script>\n<!-- \/ Yoast SEO plugin. -->","yoast_head_json":{"title":"Coupe Arabe 2025\u00a0:\u00a0Les Verts en\u00a0patrons\u00a0! - La Sentinelle","robots":{"index":"index","follow":"follow","max-snippet":"max-snippet:-1","max-image-preview":"max-image-preview:large","max-video-preview":"max-video-preview:-1"},"canonical":"https:\/\/lasentinelle.dz\/index.php\/2025\/12\/10\/coupe-arabe-2025-les-verts-en-patrons\/","og_locale":"fr_FR","og_type":"article","og_title":"Coupe Arabe 2025\u00a0:\u00a0Les Verts en\u00a0patrons\u00a0! - La Sentinelle","og_description":"L&rsquo;Alg\u00e9rie se qualifie en patron&nbsp;aux quarts de finale de la Coupe arabe 2025&nbsp;et vise d\u00e9sormais le sacre final. Mission accomplie","og_url":"https:\/\/lasentinelle.dz\/index.php\/2025\/12\/10\/coupe-arabe-2025-les-verts-en-patrons\/","og_site_name":"La Sentinelle","article_publisher":"https:\/\/www.facebook.com\/La-Sentinelle-104059864394773","article_published_time":"2025-12-10T18:45:07+00:00","article_modified_time":"2025-12-10T18:45:09+00:00","og_image":[{"width":859,"height":482,"url":"https:\/\/lasentinelle.dz\/wp-content\/uploads\/2025\/12\/fennecs.webp","type":"image\/webp"}],"author":"admin","twitter_card":"summary_large_image","twitter_misc":{"\u00c9crit par":"admin","Dur\u00e9e de lecture estim\u00e9e":"5 minutes"},"schema":{"@context":"https:\/\/schema.org","@graph":[{"@type":"Article","@id":"https:\/\/lasentinelle.dz\/index.php\/2025\/12\/10\/coupe-arabe-2025-les-verts-en-patrons\/#article","isPartOf":{"@id":"https:\/\/lasentinelle.dz\/index.php\/2025\/12\/10\/coupe-arabe-2025-les-verts-en-patrons\/"},"author":{"name":"admin","@id":"https:\/\/lasentinelle.dz\/#\/schema\/person\/729ee0024f24e0b8c5ec17232f8e8b41"},"headline":"Coupe Arabe 2025\u00a0:\u00a0Les Verts en\u00a0patrons\u00a0!","datePublished":"2025-12-10T18:45:07+00:00","dateModified":"2025-12-10T18:45:09+00:00","mainEntityOfPage":{"@id":"https:\/\/lasentinelle.dz\/index.php\/2025\/12\/10\/coupe-arabe-2025-les-verts-en-patrons\/"},"wordCount":946,"commentCount":0,"publisher":{"@id":"https:\/\/lasentinelle.dz\/#organization"},"image":{"@id":"https:\/\/lasentinelle.dz\/index.php\/2025\/12\/10\/coupe-arabe-2025-les-verts-en-patrons\/#primaryimage"},"thumbnailUrl":"https:\/\/lasentinelle.dz\/wp-content\/uploads\/2025\/12\/fennecs.webp","articleSection":["Sports"],"inLanguage":"fr-FR","potentialAction":[{"@type":"CommentAction","name":"Comment","target":["https:\/\/lasentinelle.dz\/index.php\/2025\/12\/10\/coupe-arabe-2025-les-verts-en-patrons\/#respond"]}]},{"@type":"WebPage","@id":"https:\/\/lasentinelle.dz\/index.php\/2025\/12\/10\/coupe-arabe-2025-les-verts-en-patrons\/","url":"https:\/\/lasentinelle.dz\/index.php\/2025\/12\/10\/coupe-arabe-2025-les-verts-en-patrons\/","name":"Coupe Arabe 2025\u00a0:\u00a0Les Verts en\u00a0patrons\u00a0! - La Sentinelle","isPartOf":{"@id":"https:\/\/lasentinelle.dz\/#website"},"primaryImageOfPage":{"@id":"https:\/\/lasentinelle.dz\/index.php\/2025\/12\/10\/coupe-arabe-2025-les-verts-en-patrons\/#primaryimage"},"image":{"@id":"https:\/\/lasentinelle.dz\/index.php\/2025\/12\/10\/coupe-arabe-2025-les-verts-en-patrons\/#primaryimage"},"thumbnailUrl":"https:\/\/lasentinelle.dz\/wp-content\/uploads\/2025\/12\/fennecs.webp","datePublished":"2025-12-10T18:45:07+00:00","dateModified":"2025-12-10T18:45:09+00:00","breadcrumb":{"@id":"https:\/\/lasentinelle.dz\/index.php\/2025\/12\/10\/coupe-arabe-2025-les-verts-en-patrons\/#breadcrumb"},"inLanguage":"fr-FR","potentialAction":[{"@type":"ReadAction","target":["https:\/\/lasentinelle.dz\/index.php\/2025\/12\/10\/coupe-arabe-2025-les-verts-en-patrons\/"]}]},{"@type":"ImageObject","inLanguage":"fr-FR","@id":"https:\/\/lasentinelle.dz\/index.php\/2025\/12\/10\/coupe-arabe-2025-les-verts-en-patrons\/#primaryimage","url":"https:\/\/lasentinelle.dz\/wp-content\/uploads\/2025\/12\/fennecs.webp","contentUrl":"https:\/\/lasentinelle.dz\/wp-content\/uploads\/2025\/12\/fennecs.webp","width":859,"height":482},{"@type":"BreadcrumbList","@id":"https:\/\/lasentinelle.dz\/index.php\/2025\/12\/10\/coupe-arabe-2025-les-verts-en-patrons\/#breadcrumb","itemListElement":[{"@type":"ListItem","position":1,"name":"Accueil","item":"https:\/\/lasentinelle.dz\/"},{"@type":"ListItem","position":2,"name":"Coupe Arabe 2025\u00a0:\u00a0Les Verts en\u00a0patrons\u00a0!"}]},{"@type":"WebSite","@id":"https:\/\/lasentinelle.dz\/#website","url":"https:\/\/lasentinelle.dz\/","name":"La Sentinelle","description":"Quotidien national d&#039;information","publisher":{"@id":"https:\/\/lasentinelle.dz\/#organization"},"potentialAction":[{"@type":"SearchAction","target":{"@type":"EntryPoint","urlTemplate":"https:\/\/lasentinelle.dz\/?s={search_term_string}"},"query-input":{"@type":"PropertyValueSpecification","valueRequired":true,"valueName":"search_term_string"}}],"inLanguage":"fr-FR"},{"@type":"Organization","@id":"https:\/\/lasentinelle.dz\/#organization","name":"Quotidien La Sentinelle","url":"https:\/\/lasentinelle.dz\/","logo":{"@type":"ImageObject","inLanguage":"fr-FR","@id":"https:\/\/lasentinelle.dz\/#\/schema\/logo\/image\/","url":"https:\/\/lasentinelle.dz\/wp-content\/uploads\/2021\/09\/logo-sentinelleSLOGAN-1.png","contentUrl":"https:\/\/lasentinelle.dz\/wp-content\/uploads\/2021\/09\/logo-sentinelleSLOGAN-1.png","width":615,"height":142,"caption":"Quotidien La Sentinelle"},"image":{"@id":"https:\/\/lasentinelle.dz\/#\/schema\/logo\/image\/"},"sameAs":["https:\/\/www.facebook.com\/La-Sentinelle-104059864394773"]},{"@type":"Person","@id":"https:\/\/lasentinelle.dz\/#\/schema\/person\/729ee0024f24e0b8c5ec17232f8e8b41","name":"admin","image":{"@type":"ImageObject","inLanguage":"fr-FR","@id":"https:\/\/secure.gravatar.com\/avatar\/4c81fed838786e9b53f540bf46533e750f5d292099ae3b66cfc6fb1982e29df7?s=96&d=mm&r=g","url":"https:\/\/secure.gravatar.com\/avatar\/4c81fed838786e9b53f540bf46533e750f5d292099ae3b66cfc6fb1982e29df7?s=96&d=mm&r=g","contentUrl":"https:\/\/secure.gravatar.com\/avatar\/4c81fed838786e9b53f540bf46533e750f5d292099ae3b66cfc6fb1982e29df7?s=96&d=mm&r=g","caption":"admin"},"description":"admin","url":"https:\/\/lasentinelle.dz\/author\/admin\/"}]}},"_links":{"self":[{"href":"https:\/\/lasentinelle.dz\/index.php\/wp-json\/wp\/v2\/posts\/77627","targetHints":{"allow":["GET"]}}],"collection":[{"href":"https:\/\/lasentinelle.dz\/index.php\/wp-json\/wp\/v2\/posts"}],"about":[{"href":"https:\/\/lasentinelle.dz\/index.php\/wp-json\/wp\/v2\/types\/post"}],"author":[{"embeddable":true,"href":"https:\/\/lasentinelle.dz\/index.php\/wp-json\/wp\/v2\/users\/6"}],"replies":[{"embeddable":true,"href":"https:\/\/lasentinelle.dz\/index.php\/wp-json\/wp\/v2\/comments?post=77627"}],"version-history":[{"count":1,"href":"https:\/\/lasentinelle.dz\/index.php\/wp-json\/wp\/v2\/posts\/77627\/revisions"}],"predecessor-version":[{"id":77629,"href":"https:\/\/lasentinelle.dz\/index.php\/wp-json\/wp\/v2\/posts\/77627\/revisions\/77629"}],"wp:featuredmedia":[{"embeddable":true,"href":"https:\/\/lasentinelle.dz\/index.php\/wp-json\/wp\/v2\/media\/77628"}],"wp:attachment":[{"href":"https:\/\/lasentinelle.dz\/index.php\/wp-json\/wp\/v2\/media?parent=77627"}],"wp:term":[{"taxonomy":"category","embeddable":true,"href":"https:\/\/lasentinelle.dz\/index.php\/wp-json\/wp\/v2\/categories?post=77627"},{"taxonomy":"post_tag","embeddable":true,"href":"https:\/\/lasentinelle.dz\/index.php\/wp-json\/wp\/v2\/tags?post=77627"}],"curies":[{"name":"wp","href":"https:\/\/api.w.org\/{rel}","templated":true}]}}