{"id":77630,"date":"2025-12-10T19:46:18","date_gmt":"2025-12-10T18:46:18","guid":{"rendered":"https:\/\/lasentinelle.dz\/?p=77630"},"modified":"2025-12-10T19:46:19","modified_gmt":"2025-12-10T18:46:19","slug":"naama-une-production-de-plus-de-178-000-quintaux-de-pomme-de-terre-hors-saison-attendue","status":"publish","type":"post","link":"https:\/\/lasentinelle.dz\/index.php\/2025\/12\/10\/naama-une-production-de-plus-de-178-000-quintaux-de-pomme-de-terre-hors-saison-attendue\/","title":{"rendered":"N\u00e2ama\u00a0: Une production de plus de 178.000 quintaux de pomme de terre hors saison attendue"},"content":{"rendered":"\n<p>La wilaya de N\u00e2ama table sur une r\u00e9colte d\u00e9passant les 178.000 quintaux de pommes de terre hors saison durant la campagne r\u00e9cemment lanc\u00e9e, r\u00e9v\u00e8le la direction des Services agricoles dans un communiqu\u00e9 publi\u00e9 mercredi.&nbsp;Cette pr\u00e9vision optimiste s&rsquo;appuie sur une superficie totale de 595 hectares consacr\u00e9s \u00e0 cette culture strat\u00e9gique, r\u00e9partis entre 555 hectares d\u00e9di\u00e9s \u00e0 la pomme de terre de consommation et 40 hectares r\u00e9serv\u00e9s \u00e0 la production de semences. Selon les services agricoles de la wilaya, le rendement moyen escompt\u00e9 s&rsquo;\u00e9tablit \u00e0 300 quintaux par hectare, un niveau qui t\u00e9moigne des bonnes conditions de culture et de l&rsquo;encadrement technique dont b\u00e9n\u00e9ficient les exploitants.&nbsp;L&rsquo;expansion de cette fili\u00e8re dans la r\u00e9gion se traduit par une augmentation notable des superficies cultiv\u00e9es. Les terres consacr\u00e9es \u00e0 la culture de la pomme de terre hors saison ont en effet progress\u00e9 de 80 hectares par rapport \u00e0 la saison pr\u00e9c\u00e9dente, soit une croissance de plus de 15% qui illustre le dynamisme du secteur agricole local. Cette \u00e9volution s&rsquo;inscrit dans une politique volontariste men\u00e9e par les autorit\u00e9s pour renforcer la s\u00e9curit\u00e9 alimentaire et diversifier la production agricole dans les zones sahariennes et steppiques.&nbsp;Cette progression s&rsquo;explique par les mesures prises par le minist\u00e8re de tutelle, notamment la r\u00e9gularisation des contrats d&rsquo;exploitation des terres agricoles dans le cadre de la mise en conformit\u00e9, la d\u00e9livrance d&rsquo;autorisations de forage de puits, ainsi que l&rsquo;appui accord\u00e9 aux agriculteurs. Ces dispositifs institutionnels ont permis de lever plusieurs obstacles qui freinaient auparavant le d\u00e9veloppement de cette culture exigeante en eau et en suivi technique. La s\u00e9curisation fonci\u00e8re des exploitants et l&rsquo;acc\u00e8s facilit\u00e9 aux ressources hydriques constituent des facteurs d\u00e9terminants pour encourager les investissements dans cette fili\u00e8re et garantir la rentabilit\u00e9 des exploitations.<\/p>\n\n\n\n<p>La plupart des p\u00e9rim\u00e8tres de culture de la pomme de terre dans la wilaya se situent dans les communes de Mekmen Ben Amar, El Kasdir, A\u00efn Benkhelil, A\u00efn Sefra, Tiout et Sfissifa, territoires reconnus pour leurs hautes potentialit\u00e9s productives.&nbsp;&nbsp;La production de pomme de terre hors saison rev\u00eat une importance strat\u00e9gique pour l&rsquo;approvisionnement du march\u00e9 national durant les p\u00e9riodes de faible disponibilit\u00e9. En compl\u00e9ment des r\u00e9gions traditionnellement productrices du nord du pays, les wilayas du sud et des hauts plateaux comme N\u00e2ama contribuent d\u00e9sormais significativement \u00e0 la r\u00e9gulation du march\u00e9 et \u00e0 la stabilisation des prix pour les consommateurs.&nbsp;<\/p>\n\n\n\n<p>R.R.<\/p>\n","protected":false},"excerpt":{"rendered":"<p>La wilaya de N\u00e2ama table sur une r\u00e9colte d\u00e9passant les 178.000 quintaux de pommes de terre hors saison durant la<\/p>\n","protected":false},"author":6,"featured_media":19816,"comment_status":"open","ping_status":"closed","sticky":false,"template":"","format":"standard","meta":{"colormag_page_container_layout":"default_layout","colormag_page_sidebar_layout":"default_layout","om_disable_all_campaigns":false,"_monsterinsights_skip_tracking":false,"_monsterinsights_sitenote_active":false,"_monsterinsights_sitenote_note":"","_monsterinsights_sitenote_category":0,"footnotes":"","_wpscppro_dont_share_socialmedia":false,"_wpscppro_custom_social_share_image":0,"_facebook_share_type":"default","_twitter_share_type":"default","_linkedin_share_type":"default","_pinterest_share_type":"default","_linkedin_share_type_page":"","_instagram_share_type":"default","_medium_share_type":"default","_threads_share_type":"default","_google_business_share_type":"default","_selected_social_profile":[],"_wpsp_enable_custom_social_template":false,"_wpsp_social_scheduling":{"enabled":false,"datetime":null,"platforms":[],"status":"template_only","dateOption":"today","timeOption":"now","customDays":"","customHours":"","customDate":"","customTime":"","schedulingType":"absolute"},"_wpsp_active_default_template":true},"categories":[31],"tags":[],"class_list":["post-77630","post","type-post","status-publish","format-standard","has-post-thumbnail","hentry","category-regions"],"aioseo_notices":[],"yoast_head":"<!-- This site is optimized with the Yoast SEO plugin v27.5 - https:\/\/yoast.com\/product\/yoast-seo-wordpress\/ -->\n<title>N\u00e2ama\u00a0: Une production de plus de 178.000 quintaux de pomme de terre hors saison attendue - La Sentinelle<\/title>\n<meta name=\"robots\" content=\"index, follow, max-snippet:-1, max-image-preview:large, max-video-preview:-1\" \/>\n<link rel=\"canonical\" href=\"https:\/\/lasentinelle.dz\/index.php\/2025\/12\/10\/naama-une-production-de-plus-de-178-000-quintaux-de-pomme-de-terre-hors-saison-attendue\/\" \/>\n<meta property=\"og:locale\" content=\"fr_FR\" \/>\n<meta property=\"og:type\" content=\"article\" \/>\n<meta property=\"og:title\" content=\"N\u00e2ama\u00a0: Une production de plus de 178.000 quintaux de pomme de terre hors saison attendue - La Sentinelle\" \/>\n<meta property=\"og:description\" content=\"La wilaya de N\u00e2ama table sur une r\u00e9colte d\u00e9passant les 178.000 quintaux de pommes de terre hors saison durant la\" \/>\n<meta property=\"og:url\" content=\"https:\/\/lasentinelle.dz\/index.php\/2025\/12\/10\/naama-une-production-de-plus-de-178-000-quintaux-de-pomme-de-terre-hors-saison-attendue\/\" \/>\n<meta property=\"og:site_name\" content=\"La Sentinelle\" \/>\n<meta property=\"article:publisher\" content=\"https:\/\/www.facebook.com\/La-Sentinelle-104059864394773\" \/>\n<meta property=\"article:published_time\" content=\"2025-12-10T18:46:18+00:00\" \/>\n<meta property=\"article:modified_time\" content=\"2025-12-10T18:46:19+00:00\" \/>\n<meta property=\"og:image\" content=\"https:\/\/lasentinelle.dz\/wp-content\/uploads\/2022\/04\/pomme-de-terre.png\" \/>\n\t<meta property=\"og:image:width\" content=\"1491\" \/>\n\t<meta property=\"og:image:height\" content=\"900\" \/>\n\t<meta property=\"og:image:type\" content=\"image\/png\" \/>\n<meta name=\"author\" content=\"admin\" \/>\n<meta name=\"twitter:card\" content=\"summary_large_image\" \/>\n<meta name=\"twitter:label1\" content=\"\u00c9crit par\" \/>\n\t<meta name=\"twitter:data1\" content=\"admin\" \/>\n\t<meta name=\"twitter:label2\" content=\"Dur\u00e9e de lecture estim\u00e9e\" \/>\n\t<meta name=\"twitter:data2\" content=\"3 minutes\" \/>\n<script type=\"application\/ld+json\" class=\"yoast-schema-graph\">{\"@context\":\"https:\\\/\\\/schema.org\",\"@graph\":[{\"@type\":\"Article\",\"@id\":\"https:\\\/\\\/lasentinelle.dz\\\/index.php\\\/2025\\\/12\\\/10\\\/naama-une-production-de-plus-de-178-000-quintaux-de-pomme-de-terre-hors-saison-attendue\\\/#article\",\"isPartOf\":{\"@id\":\"https:\\\/\\\/lasentinelle.dz\\\/index.php\\\/2025\\\/12\\\/10\\\/naama-une-production-de-plus-de-178-000-quintaux-de-pomme-de-terre-hors-saison-attendue\\\/\"},\"author\":{\"name\":\"admin\",\"@id\":\"https:\\\/\\\/lasentinelle.dz\\\/#\\\/schema\\\/person\\\/729ee0024f24e0b8c5ec17232f8e8b41\"},\"headline\":\"N\u00e2ama\u00a0: Une production de plus de 178.000 quintaux de pomme de terre hors saison attendue\",\"datePublished\":\"2025-12-10T18:46:18+00:00\",\"dateModified\":\"2025-12-10T18:46:19+00:00\",\"mainEntityOfPage\":{\"@id\":\"https:\\\/\\\/lasentinelle.dz\\\/index.php\\\/2025\\\/12\\\/10\\\/naama-une-production-de-plus-de-178-000-quintaux-de-pomme-de-terre-hors-saison-attendue\\\/\"},\"wordCount\":450,\"commentCount\":0,\"publisher\":{\"@id\":\"https:\\\/\\\/lasentinelle.dz\\\/#organization\"},\"image\":{\"@id\":\"https:\\\/\\\/lasentinelle.dz\\\/index.php\\\/2025\\\/12\\\/10\\\/naama-une-production-de-plus-de-178-000-quintaux-de-pomme-de-terre-hors-saison-attendue\\\/#primaryimage\"},\"thumbnailUrl\":\"https:\\\/\\\/lasentinelle.dz\\\/wp-content\\\/uploads\\\/2022\\\/04\\\/pomme-de-terre.png\",\"articleSection\":[\"R\u00e9gions\"],\"inLanguage\":\"fr-FR\",\"potentialAction\":[{\"@type\":\"CommentAction\",\"name\":\"Comment\",\"target\":[\"https:\\\/\\\/lasentinelle.dz\\\/index.php\\\/2025\\\/12\\\/10\\\/naama-une-production-de-plus-de-178-000-quintaux-de-pomme-de-terre-hors-saison-attendue\\\/#respond\"]}]},{\"@type\":\"WebPage\",\"@id\":\"https:\\\/\\\/lasentinelle.dz\\\/index.php\\\/2025\\\/12\\\/10\\\/naama-une-production-de-plus-de-178-000-quintaux-de-pomme-de-terre-hors-saison-attendue\\\/\",\"url\":\"https:\\\/\\\/lasentinelle.dz\\\/index.php\\\/2025\\\/12\\\/10\\\/naama-une-production-de-plus-de-178-000-quintaux-de-pomme-de-terre-hors-saison-attendue\\\/\",\"name\":\"N\u00e2ama\u00a0: Une production de plus de 178.000 quintaux de pomme de terre hors saison attendue - La Sentinelle\",\"isPartOf\":{\"@id\":\"https:\\\/\\\/lasentinelle.dz\\\/#website\"},\"primaryImageOfPage\":{\"@id\":\"https:\\\/\\\/lasentinelle.dz\\\/index.php\\\/2025\\\/12\\\/10\\\/naama-une-production-de-plus-de-178-000-quintaux-de-pomme-de-terre-hors-saison-attendue\\\/#primaryimage\"},\"image\":{\"@id\":\"https:\\\/\\\/lasentinelle.dz\\\/index.php\\\/2025\\\/12\\\/10\\\/naama-une-production-de-plus-de-178-000-quintaux-de-pomme-de-terre-hors-saison-attendue\\\/#primaryimage\"},\"thumbnailUrl\":\"https:\\\/\\\/lasentinelle.dz\\\/wp-content\\\/uploads\\\/2022\\\/04\\\/pomme-de-terre.png\",\"datePublished\":\"2025-12-10T18:46:18+00:00\",\"dateModified\":\"2025-12-10T18:46:19+00:00\",\"breadcrumb\":{\"@id\":\"https:\\\/\\\/lasentinelle.dz\\\/index.php\\\/2025\\\/12\\\/10\\\/naama-une-production-de-plus-de-178-000-quintaux-de-pomme-de-terre-hors-saison-attendue\\\/#breadcrumb\"},\"inLanguage\":\"fr-FR\",\"potentialAction\":[{\"@type\":\"ReadAction\",\"target\":[\"https:\\\/\\\/lasentinelle.dz\\\/index.php\\\/2025\\\/12\\\/10\\\/naama-une-production-de-plus-de-178-000-quintaux-de-pomme-de-terre-hors-saison-attendue\\\/\"]}]},{\"@type\":\"ImageObject\",\"inLanguage\":\"fr-FR\",\"@id\":\"https:\\\/\\\/lasentinelle.dz\\\/index.php\\\/2025\\\/12\\\/10\\\/naama-une-production-de-plus-de-178-000-quintaux-de-pomme-de-terre-hors-saison-attendue\\\/#primaryimage\",\"url\":\"https:\\\/\\\/lasentinelle.dz\\\/wp-content\\\/uploads\\\/2022\\\/04\\\/pomme-de-terre.png\",\"contentUrl\":\"https:\\\/\\\/lasentinelle.dz\\\/wp-content\\\/uploads\\\/2022\\\/04\\\/pomme-de-terre.png\",\"width\":1491,\"height\":900},{\"@type\":\"BreadcrumbList\",\"@id\":\"https:\\\/\\\/lasentinelle.dz\\\/index.php\\\/2025\\\/12\\\/10\\\/naama-une-production-de-plus-de-178-000-quintaux-de-pomme-de-terre-hors-saison-attendue\\\/#breadcrumb\",\"itemListElement\":[{\"@type\":\"ListItem\",\"position\":1,\"name\":\"Accueil\",\"item\":\"https:\\\/\\\/lasentinelle.dz\\\/\"},{\"@type\":\"ListItem\",\"position\":2,\"name\":\"N\u00e2ama\u00a0: Une production de plus de 178.000 quintaux de pomme de terre hors saison attendue\"}]},{\"@type\":\"WebSite\",\"@id\":\"https:\\\/\\\/lasentinelle.dz\\\/#website\",\"url\":\"https:\\\/\\\/lasentinelle.dz\\\/\",\"name\":\"La Sentinelle\",\"description\":\"Quotidien national d&#039;information\",\"publisher\":{\"@id\":\"https:\\\/\\\/lasentinelle.dz\\\/#organization\"},\"potentialAction\":[{\"@type\":\"SearchAction\",\"target\":{\"@type\":\"EntryPoint\",\"urlTemplate\":\"https:\\\/\\\/lasentinelle.dz\\\/?s={search_term_string}\"},\"query-input\":{\"@type\":\"PropertyValueSpecification\",\"valueRequired\":true,\"valueName\":\"search_term_string\"}}],\"inLanguage\":\"fr-FR\"},{\"@type\":\"Organization\",\"@id\":\"https:\\\/\\\/lasentinelle.dz\\\/#organization\",\"name\":\"Quotidien La Sentinelle\",\"url\":\"https:\\\/\\\/lasentinelle.dz\\\/\",\"logo\":{\"@type\":\"ImageObject\",\"inLanguage\":\"fr-FR\",\"@id\":\"https:\\\/\\\/lasentinelle.dz\\\/#\\\/schema\\\/logo\\\/image\\\/\",\"url\":\"https:\\\/\\\/lasentinelle.dz\\\/wp-content\\\/uploads\\\/2021\\\/09\\\/logo-sentinelleSLOGAN-1.png\",\"contentUrl\":\"https:\\\/\\\/lasentinelle.dz\\\/wp-content\\\/uploads\\\/2021\\\/09\\\/logo-sentinelleSLOGAN-1.png\",\"width\":615,\"height\":142,\"caption\":\"Quotidien La Sentinelle\"},\"image\":{\"@id\":\"https:\\\/\\\/lasentinelle.dz\\\/#\\\/schema\\\/logo\\\/image\\\/\"},\"sameAs\":[\"https:\\\/\\\/www.facebook.com\\\/La-Sentinelle-104059864394773\"]},{\"@type\":\"Person\",\"@id\":\"https:\\\/\\\/lasentinelle.dz\\\/#\\\/schema\\\/person\\\/729ee0024f24e0b8c5ec17232f8e8b41\",\"name\":\"admin\",\"image\":{\"@type\":\"ImageObject\",\"inLanguage\":\"fr-FR\",\"@id\":\"https:\\\/\\\/secure.gravatar.com\\\/avatar\\\/4c81fed838786e9b53f540bf46533e750f5d292099ae3b66cfc6fb1982e29df7?s=96&d=mm&r=g\",\"url\":\"https:\\\/\\\/secure.gravatar.com\\\/avatar\\\/4c81fed838786e9b53f540bf46533e750f5d292099ae3b66cfc6fb1982e29df7?s=96&d=mm&r=g\",\"contentUrl\":\"https:\\\/\\\/secure.gravatar.com\\\/avatar\\\/4c81fed838786e9b53f540bf46533e750f5d292099ae3b66cfc6fb1982e29df7?s=96&d=mm&r=g\",\"caption\":\"admin\"},\"description\":\"admin\",\"url\":\"https:\\\/\\\/lasentinelle.dz\\\/author\\\/admin\\\/\"}]}<\/script>\n<!-- \/ Yoast SEO plugin. -->","yoast_head_json":{"title":"N\u00e2ama\u00a0: Une production de plus de 178.000 quintaux de pomme de terre hors saison attendue - La Sentinelle","robots":{"index":"index","follow":"follow","max-snippet":"max-snippet:-1","max-image-preview":"max-image-preview:large","max-video-preview":"max-video-preview:-1"},"canonical":"https:\/\/lasentinelle.dz\/index.php\/2025\/12\/10\/naama-une-production-de-plus-de-178-000-quintaux-de-pomme-de-terre-hors-saison-attendue\/","og_locale":"fr_FR","og_type":"article","og_title":"N\u00e2ama\u00a0: Une production de plus de 178.000 quintaux de pomme de terre hors saison attendue - La Sentinelle","og_description":"La wilaya de N\u00e2ama table sur une r\u00e9colte d\u00e9passant les 178.000 quintaux de pommes de terre hors saison durant la","og_url":"https:\/\/lasentinelle.dz\/index.php\/2025\/12\/10\/naama-une-production-de-plus-de-178-000-quintaux-de-pomme-de-terre-hors-saison-attendue\/","og_site_name":"La Sentinelle","article_publisher":"https:\/\/www.facebook.com\/La-Sentinelle-104059864394773","article_published_time":"2025-12-10T18:46:18+00:00","article_modified_time":"2025-12-10T18:46:19+00:00","og_image":[{"width":1491,"height":900,"url":"https:\/\/lasentinelle.dz\/wp-content\/uploads\/2022\/04\/pomme-de-terre.png","type":"image\/png"}],"author":"admin","twitter_card":"summary_large_image","twitter_misc":{"\u00c9crit par":"admin","Dur\u00e9e de lecture estim\u00e9e":"3 minutes"},"schema":{"@context":"https:\/\/schema.org","@graph":[{"@type":"Article","@id":"https:\/\/lasentinelle.dz\/index.php\/2025\/12\/10\/naama-une-production-de-plus-de-178-000-quintaux-de-pomme-de-terre-hors-saison-attendue\/#article","isPartOf":{"@id":"https:\/\/lasentinelle.dz\/index.php\/2025\/12\/10\/naama-une-production-de-plus-de-178-000-quintaux-de-pomme-de-terre-hors-saison-attendue\/"},"author":{"name":"admin","@id":"https:\/\/lasentinelle.dz\/#\/schema\/person\/729ee0024f24e0b8c5ec17232f8e8b41"},"headline":"N\u00e2ama\u00a0: Une production de plus de 178.000 quintaux de pomme de terre hors saison attendue","datePublished":"2025-12-10T18:46:18+00:00","dateModified":"2025-12-10T18:46:19+00:00","mainEntityOfPage":{"@id":"https:\/\/lasentinelle.dz\/index.php\/2025\/12\/10\/naama-une-production-de-plus-de-178-000-quintaux-de-pomme-de-terre-hors-saison-attendue\/"},"wordCount":450,"commentCount":0,"publisher":{"@id":"https:\/\/lasentinelle.dz\/#organization"},"image":{"@id":"https:\/\/lasentinelle.dz\/index.php\/2025\/12\/10\/naama-une-production-de-plus-de-178-000-quintaux-de-pomme-de-terre-hors-saison-attendue\/#primaryimage"},"thumbnailUrl":"https:\/\/lasentinelle.dz\/wp-content\/uploads\/2022\/04\/pomme-de-terre.png","articleSection":["R\u00e9gions"],"inLanguage":"fr-FR","potentialAction":[{"@type":"CommentAction","name":"Comment","target":["https:\/\/lasentinelle.dz\/index.php\/2025\/12\/10\/naama-une-production-de-plus-de-178-000-quintaux-de-pomme-de-terre-hors-saison-attendue\/#respond"]}]},{"@type":"WebPage","@id":"https:\/\/lasentinelle.dz\/index.php\/2025\/12\/10\/naama-une-production-de-plus-de-178-000-quintaux-de-pomme-de-terre-hors-saison-attendue\/","url":"https:\/\/lasentinelle.dz\/index.php\/2025\/12\/10\/naama-une-production-de-plus-de-178-000-quintaux-de-pomme-de-terre-hors-saison-attendue\/","name":"N\u00e2ama\u00a0: Une production de plus de 178.000 quintaux de pomme de terre hors saison attendue - La Sentinelle","isPartOf":{"@id":"https:\/\/lasentinelle.dz\/#website"},"primaryImageOfPage":{"@id":"https:\/\/lasentinelle.dz\/index.php\/2025\/12\/10\/naama-une-production-de-plus-de-178-000-quintaux-de-pomme-de-terre-hors-saison-attendue\/#primaryimage"},"image":{"@id":"https:\/\/lasentinelle.dz\/index.php\/2025\/12\/10\/naama-une-production-de-plus-de-178-000-quintaux-de-pomme-de-terre-hors-saison-attendue\/#primaryimage"},"thumbnailUrl":"https:\/\/lasentinelle.dz\/wp-content\/uploads\/2022\/04\/pomme-de-terre.png","datePublished":"2025-12-10T18:46:18+00:00","dateModified":"2025-12-10T18:46:19+00:00","breadcrumb":{"@id":"https:\/\/lasentinelle.dz\/index.php\/2025\/12\/10\/naama-une-production-de-plus-de-178-000-quintaux-de-pomme-de-terre-hors-saison-attendue\/#breadcrumb"},"inLanguage":"fr-FR","potentialAction":[{"@type":"ReadAction","target":["https:\/\/lasentinelle.dz\/index.php\/2025\/12\/10\/naama-une-production-de-plus-de-178-000-quintaux-de-pomme-de-terre-hors-saison-attendue\/"]}]},{"@type":"ImageObject","inLanguage":"fr-FR","@id":"https:\/\/lasentinelle.dz\/index.php\/2025\/12\/10\/naama-une-production-de-plus-de-178-000-quintaux-de-pomme-de-terre-hors-saison-attendue\/#primaryimage","url":"https:\/\/lasentinelle.dz\/wp-content\/uploads\/2022\/04\/pomme-de-terre.png","contentUrl":"https:\/\/lasentinelle.dz\/wp-content\/uploads\/2022\/04\/pomme-de-terre.png","width":1491,"height":900},{"@type":"BreadcrumbList","@id":"https:\/\/lasentinelle.dz\/index.php\/2025\/12\/10\/naama-une-production-de-plus-de-178-000-quintaux-de-pomme-de-terre-hors-saison-attendue\/#breadcrumb","itemListElement":[{"@type":"ListItem","position":1,"name":"Accueil","item":"https:\/\/lasentinelle.dz\/"},{"@type":"ListItem","position":2,"name":"N\u00e2ama\u00a0: Une production de plus de 178.000 quintaux de pomme de terre hors saison attendue"}]},{"@type":"WebSite","@id":"https:\/\/lasentinelle.dz\/#website","url":"https:\/\/lasentinelle.dz\/","name":"La Sentinelle","description":"Quotidien national d&#039;information","publisher":{"@id":"https:\/\/lasentinelle.dz\/#organization"},"potentialAction":[{"@type":"SearchAction","target":{"@type":"EntryPoint","urlTemplate":"https:\/\/lasentinelle.dz\/?s={search_term_string}"},"query-input":{"@type":"PropertyValueSpecification","valueRequired":true,"valueName":"search_term_string"}}],"inLanguage":"fr-FR"},{"@type":"Organization","@id":"https:\/\/lasentinelle.dz\/#organization","name":"Quotidien La Sentinelle","url":"https:\/\/lasentinelle.dz\/","logo":{"@type":"ImageObject","inLanguage":"fr-FR","@id":"https:\/\/lasentinelle.dz\/#\/schema\/logo\/image\/","url":"https:\/\/lasentinelle.dz\/wp-content\/uploads\/2021\/09\/logo-sentinelleSLOGAN-1.png","contentUrl":"https:\/\/lasentinelle.dz\/wp-content\/uploads\/2021\/09\/logo-sentinelleSLOGAN-1.png","width":615,"height":142,"caption":"Quotidien La Sentinelle"},"image":{"@id":"https:\/\/lasentinelle.dz\/#\/schema\/logo\/image\/"},"sameAs":["https:\/\/www.facebook.com\/La-Sentinelle-104059864394773"]},{"@type":"Person","@id":"https:\/\/lasentinelle.dz\/#\/schema\/person\/729ee0024f24e0b8c5ec17232f8e8b41","name":"admin","image":{"@type":"ImageObject","inLanguage":"fr-FR","@id":"https:\/\/secure.gravatar.com\/avatar\/4c81fed838786e9b53f540bf46533e750f5d292099ae3b66cfc6fb1982e29df7?s=96&d=mm&r=g","url":"https:\/\/secure.gravatar.com\/avatar\/4c81fed838786e9b53f540bf46533e750f5d292099ae3b66cfc6fb1982e29df7?s=96&d=mm&r=g","contentUrl":"https:\/\/secure.gravatar.com\/avatar\/4c81fed838786e9b53f540bf46533e750f5d292099ae3b66cfc6fb1982e29df7?s=96&d=mm&r=g","caption":"admin"},"description":"admin","url":"https:\/\/lasentinelle.dz\/author\/admin\/"}]}},"_links":{"self":[{"href":"https:\/\/lasentinelle.dz\/index.php\/wp-json\/wp\/v2\/posts\/77630","targetHints":{"allow":["GET"]}}],"collection":[{"href":"https:\/\/lasentinelle.dz\/index.php\/wp-json\/wp\/v2\/posts"}],"about":[{"href":"https:\/\/lasentinelle.dz\/index.php\/wp-json\/wp\/v2\/types\/post"}],"author":[{"embeddable":true,"href":"https:\/\/lasentinelle.dz\/index.php\/wp-json\/wp\/v2\/users\/6"}],"replies":[{"embeddable":true,"href":"https:\/\/lasentinelle.dz\/index.php\/wp-json\/wp\/v2\/comments?post=77630"}],"version-history":[{"count":1,"href":"https:\/\/lasentinelle.dz\/index.php\/wp-json\/wp\/v2\/posts\/77630\/revisions"}],"predecessor-version":[{"id":77631,"href":"https:\/\/lasentinelle.dz\/index.php\/wp-json\/wp\/v2\/posts\/77630\/revisions\/77631"}],"wp:featuredmedia":[{"embeddable":true,"href":"https:\/\/lasentinelle.dz\/index.php\/wp-json\/wp\/v2\/media\/19816"}],"wp:attachment":[{"href":"https:\/\/lasentinelle.dz\/index.php\/wp-json\/wp\/v2\/media?parent=77630"}],"wp:term":[{"taxonomy":"category","embeddable":true,"href":"https:\/\/lasentinelle.dz\/index.php\/wp-json\/wp\/v2\/categories?post=77630"},{"taxonomy":"post_tag","embeddable":true,"href":"https:\/\/lasentinelle.dz\/index.php\/wp-json\/wp\/v2\/tags?post=77630"}],"curies":[{"name":"wp","href":"https:\/\/api.w.org\/{rel}","templated":true}]}}