{"id":77632,"date":"2025-12-10T19:48:21","date_gmt":"2025-12-10T18:48:21","guid":{"rendered":"https:\/\/lasentinelle.dz\/?p=77632"},"modified":"2025-12-10T19:48:22","modified_gmt":"2025-12-10T18:48:22","slug":"alger-le-dispositif-daccueil-des-enfants-en-situation-de-handicap-moteur-renforce","status":"publish","type":"post","link":"https:\/\/lasentinelle.dz\/index.php\/2025\/12\/10\/alger-le-dispositif-daccueil-des-enfants-en-situation-de-handicap-moteur-renforce\/","title":{"rendered":"Alger\u00a0: Le\u00a0dispositif d&rsquo;accueil des enfants en situation de handicap moteur\u00a0renforc\u00e9"},"content":{"rendered":"\n<p>Le ministre, wali d&rsquo;Alger, Mohamed Abdenour Rabehi, a ordonn\u00e9 mardi l&rsquo;ach\u00e8vement rapide des travaux de trois centres psychop\u00e9dagogiques situ\u00e9s \u00e0 Bouzar\u00e9ah, Staou\u00e9li et Khraicia, destin\u00e9s \u00e0 am\u00e9liorer la prise en charge des enfants en situation de handicap moteur et l&rsquo;accompagnement de leurs familles.&nbsp;Cette d\u00e9cision s&rsquo;inscrit dans une politique volontariste de la wilaya d&rsquo;Alger visant \u00e0 d\u00e9ployer un r\u00e9seau complet d&rsquo;\u00e9tablissements sp\u00e9cialis\u00e9s sur l&rsquo;ensemble du territoire de la capitale. Le wali s&rsquo;est rendu sur le terrain pour constater l&rsquo;\u00e9tat d&rsquo;avancement des am\u00e9nagements en cours dans ces trois nouvelles structures, dont la mise en service est attendue dans les prochaines semaines. Lors de cette inspection, Mohamed Abdenour Rabehi a insist\u00e9 sur \u00ab\u00a0la n\u00e9cessit\u00e9 d&rsquo;acc\u00e9l\u00e9rer la cadence des travaux pour la mise en service de ces centres dans les prochaines semaines, en veillant particuli\u00e8rement \u00e0 l&rsquo;am\u00e9nagement d&rsquo;espaces verts\u00a0\u00bb, selon le communiqu\u00e9 des services de la wilaya.&nbsp;Cette visite intervient deux mois apr\u00e8s l&rsquo;ouverture, en octobre dernier, de trois premiers centres psychop\u00e9dagogiques au niveau de la wilaya d&rsquo;Alger. Ces \u00e9tablissements, plac\u00e9s sous la supervision de l&rsquo;Etablissement de gestion des jardins d&rsquo;enfants, des cr\u00e8ches et des pouponni\u00e8res de la wilaya d&rsquo;Alger, connu sous le sigle Presco, marquent une premi\u00e8re \u00e9tape dans le d\u00e9ploiement d&rsquo;un dispositif d&rsquo;envergure. L&rsquo;objectif affich\u00e9 par les autorit\u00e9s locales est ambitieux : permettre \u00e0 chaque circonscription administrative de disposer d&rsquo;au minimum un centre de ce type, garantissant ainsi une couverture territoriale optimale et une proximit\u00e9 g\u00e9ographique pour les familles concern\u00e9es.&nbsp;Cette dynamique r\u00e9pond \u00e0 un besoin crucial d&rsquo;accompagnement des enfants pr\u00e9sentant un handicap moteur et de soutien \u00e0 leurs parents, souvent confront\u00e9s \u00e0 des difficult\u00e9s importantes dans la recherche de structures adapt\u00e9es. La multiplication de ces centres psychop\u00e9dagogiques vise \u00e0 offrir une prise en charge globale, combinant r\u00e9\u00e9ducation, stimulation cognitive et suivi personnalis\u00e9, tout en int\u00e9grant la dimension familiale indispensable au d\u00e9veloppement de ces jeunes patients.&nbsp;<\/p>\n\n\n\n<p><strong>R.R.<\/strong><\/p>\n","protected":false},"excerpt":{"rendered":"<p>Le ministre, wali d&rsquo;Alger, Mohamed Abdenour Rabehi, a ordonn\u00e9 mardi l&rsquo;ach\u00e8vement rapide des travaux de trois centres psychop\u00e9dagogiques situ\u00e9s \u00e0<\/p>\n","protected":false},"author":6,"featured_media":77633,"comment_status":"open","ping_status":"closed","sticky":false,"template":"","format":"standard","meta":{"colormag_page_container_layout":"default_layout","colormag_page_sidebar_layout":"default_layout","om_disable_all_campaigns":false,"_monsterinsights_skip_tracking":false,"_monsterinsights_sitenote_active":false,"_monsterinsights_sitenote_note":"","_monsterinsights_sitenote_category":0,"footnotes":"","_wpscppro_dont_share_socialmedia":false,"_wpscppro_custom_social_share_image":0,"_facebook_share_type":"default","_twitter_share_type":"default","_linkedin_share_type":"default","_pinterest_share_type":"default","_linkedin_share_type_page":"","_instagram_share_type":"default","_medium_share_type":"default","_threads_share_type":"default","_google_business_share_type":"default","_selected_social_profile":[],"_wpsp_enable_custom_social_template":false,"_wpsp_social_scheduling":{"enabled":false,"datetime":null,"platforms":[],"status":"template_only","dateOption":"today","timeOption":"now","customDays":"","customHours":"","customDate":"","customTime":"","schedulingType":"absolute"},"_wpsp_active_default_template":true},"categories":[31],"tags":[],"class_list":["post-77632","post","type-post","status-publish","format-standard","has-post-thumbnail","hentry","category-regions"],"aioseo_notices":[],"yoast_head":"<!-- This site is optimized with the Yoast SEO plugin v27.5 - https:\/\/yoast.com\/product\/yoast-seo-wordpress\/ -->\n<title>Alger\u00a0: Le\u00a0dispositif d&rsquo;accueil des enfants en situation de handicap moteur\u00a0renforc\u00e9 - La Sentinelle<\/title>\n<meta name=\"robots\" content=\"index, follow, max-snippet:-1, max-image-preview:large, max-video-preview:-1\" \/>\n<link rel=\"canonical\" href=\"https:\/\/lasentinelle.dz\/index.php\/2025\/12\/10\/alger-le-dispositif-daccueil-des-enfants-en-situation-de-handicap-moteur-renforce\/\" \/>\n<meta property=\"og:locale\" content=\"fr_FR\" \/>\n<meta property=\"og:type\" content=\"article\" \/>\n<meta property=\"og:title\" content=\"Alger\u00a0: Le\u00a0dispositif d&rsquo;accueil des enfants en situation de handicap moteur\u00a0renforc\u00e9 - La Sentinelle\" \/>\n<meta property=\"og:description\" content=\"Le ministre, wali d&rsquo;Alger, Mohamed Abdenour Rabehi, a ordonn\u00e9 mardi l&rsquo;ach\u00e8vement rapide des travaux de trois centres psychop\u00e9dagogiques situ\u00e9s \u00e0\" \/>\n<meta property=\"og:url\" content=\"https:\/\/lasentinelle.dz\/index.php\/2025\/12\/10\/alger-le-dispositif-daccueil-des-enfants-en-situation-de-handicap-moteur-renforce\/\" \/>\n<meta property=\"og:site_name\" content=\"La Sentinelle\" \/>\n<meta property=\"article:publisher\" content=\"https:\/\/www.facebook.com\/La-Sentinelle-104059864394773\" \/>\n<meta property=\"article:published_time\" content=\"2025-12-10T18:48:21+00:00\" \/>\n<meta property=\"article:modified_time\" content=\"2025-12-10T18:48:22+00:00\" \/>\n<meta property=\"og:image\" content=\"https:\/\/lasentinelle.dz\/wp-content\/uploads\/2025\/12\/598363447_1310180077816435_8152563598399259889_n.jpeg\" \/>\n\t<meta property=\"og:image:width\" content=\"2048\" \/>\n\t<meta property=\"og:image:height\" content=\"1152\" \/>\n\t<meta property=\"og:image:type\" content=\"image\/jpeg\" \/>\n<meta name=\"author\" content=\"admin\" \/>\n<meta name=\"twitter:card\" content=\"summary_large_image\" \/>\n<meta name=\"twitter:label1\" content=\"\u00c9crit par\" \/>\n\t<meta name=\"twitter:data1\" content=\"admin\" \/>\n\t<meta name=\"twitter:label2\" content=\"Dur\u00e9e de lecture estim\u00e9e\" \/>\n\t<meta name=\"twitter:data2\" content=\"2 minutes\" \/>\n<script type=\"application\/ld+json\" class=\"yoast-schema-graph\">{\"@context\":\"https:\\\/\\\/schema.org\",\"@graph\":[{\"@type\":\"Article\",\"@id\":\"https:\\\/\\\/lasentinelle.dz\\\/index.php\\\/2025\\\/12\\\/10\\\/alger-le-dispositif-daccueil-des-enfants-en-situation-de-handicap-moteur-renforce\\\/#article\",\"isPartOf\":{\"@id\":\"https:\\\/\\\/lasentinelle.dz\\\/index.php\\\/2025\\\/12\\\/10\\\/alger-le-dispositif-daccueil-des-enfants-en-situation-de-handicap-moteur-renforce\\\/\"},\"author\":{\"name\":\"admin\",\"@id\":\"https:\\\/\\\/lasentinelle.dz\\\/#\\\/schema\\\/person\\\/729ee0024f24e0b8c5ec17232f8e8b41\"},\"headline\":\"Alger\u00a0: Le\u00a0dispositif d&rsquo;accueil des enfants en situation de handicap moteur\u00a0renforc\u00e9\",\"datePublished\":\"2025-12-10T18:48:21+00:00\",\"dateModified\":\"2025-12-10T18:48:22+00:00\",\"mainEntityOfPage\":{\"@id\":\"https:\\\/\\\/lasentinelle.dz\\\/index.php\\\/2025\\\/12\\\/10\\\/alger-le-dispositif-daccueil-des-enfants-en-situation-de-handicap-moteur-renforce\\\/\"},\"wordCount\":375,\"commentCount\":0,\"publisher\":{\"@id\":\"https:\\\/\\\/lasentinelle.dz\\\/#organization\"},\"image\":{\"@id\":\"https:\\\/\\\/lasentinelle.dz\\\/index.php\\\/2025\\\/12\\\/10\\\/alger-le-dispositif-daccueil-des-enfants-en-situation-de-handicap-moteur-renforce\\\/#primaryimage\"},\"thumbnailUrl\":\"https:\\\/\\\/lasentinelle.dz\\\/wp-content\\\/uploads\\\/2025\\\/12\\\/598363447_1310180077816435_8152563598399259889_n.jpeg\",\"articleSection\":[\"R\u00e9gions\"],\"inLanguage\":\"fr-FR\",\"potentialAction\":[{\"@type\":\"CommentAction\",\"name\":\"Comment\",\"target\":[\"https:\\\/\\\/lasentinelle.dz\\\/index.php\\\/2025\\\/12\\\/10\\\/alger-le-dispositif-daccueil-des-enfants-en-situation-de-handicap-moteur-renforce\\\/#respond\"]}]},{\"@type\":\"WebPage\",\"@id\":\"https:\\\/\\\/lasentinelle.dz\\\/index.php\\\/2025\\\/12\\\/10\\\/alger-le-dispositif-daccueil-des-enfants-en-situation-de-handicap-moteur-renforce\\\/\",\"url\":\"https:\\\/\\\/lasentinelle.dz\\\/index.php\\\/2025\\\/12\\\/10\\\/alger-le-dispositif-daccueil-des-enfants-en-situation-de-handicap-moteur-renforce\\\/\",\"name\":\"Alger\u00a0: Le\u00a0dispositif d&rsquo;accueil des enfants en situation de handicap moteur\u00a0renforc\u00e9 - La Sentinelle\",\"isPartOf\":{\"@id\":\"https:\\\/\\\/lasentinelle.dz\\\/#website\"},\"primaryImageOfPage\":{\"@id\":\"https:\\\/\\\/lasentinelle.dz\\\/index.php\\\/2025\\\/12\\\/10\\\/alger-le-dispositif-daccueil-des-enfants-en-situation-de-handicap-moteur-renforce\\\/#primaryimage\"},\"image\":{\"@id\":\"https:\\\/\\\/lasentinelle.dz\\\/index.php\\\/2025\\\/12\\\/10\\\/alger-le-dispositif-daccueil-des-enfants-en-situation-de-handicap-moteur-renforce\\\/#primaryimage\"},\"thumbnailUrl\":\"https:\\\/\\\/lasentinelle.dz\\\/wp-content\\\/uploads\\\/2025\\\/12\\\/598363447_1310180077816435_8152563598399259889_n.jpeg\",\"datePublished\":\"2025-12-10T18:48:21+00:00\",\"dateModified\":\"2025-12-10T18:48:22+00:00\",\"breadcrumb\":{\"@id\":\"https:\\\/\\\/lasentinelle.dz\\\/index.php\\\/2025\\\/12\\\/10\\\/alger-le-dispositif-daccueil-des-enfants-en-situation-de-handicap-moteur-renforce\\\/#breadcrumb\"},\"inLanguage\":\"fr-FR\",\"potentialAction\":[{\"@type\":\"ReadAction\",\"target\":[\"https:\\\/\\\/lasentinelle.dz\\\/index.php\\\/2025\\\/12\\\/10\\\/alger-le-dispositif-daccueil-des-enfants-en-situation-de-handicap-moteur-renforce\\\/\"]}]},{\"@type\":\"ImageObject\",\"inLanguage\":\"fr-FR\",\"@id\":\"https:\\\/\\\/lasentinelle.dz\\\/index.php\\\/2025\\\/12\\\/10\\\/alger-le-dispositif-daccueil-des-enfants-en-situation-de-handicap-moteur-renforce\\\/#primaryimage\",\"url\":\"https:\\\/\\\/lasentinelle.dz\\\/wp-content\\\/uploads\\\/2025\\\/12\\\/598363447_1310180077816435_8152563598399259889_n.jpeg\",\"contentUrl\":\"https:\\\/\\\/lasentinelle.dz\\\/wp-content\\\/uploads\\\/2025\\\/12\\\/598363447_1310180077816435_8152563598399259889_n.jpeg\",\"width\":2048,\"height\":1152},{\"@type\":\"BreadcrumbList\",\"@id\":\"https:\\\/\\\/lasentinelle.dz\\\/index.php\\\/2025\\\/12\\\/10\\\/alger-le-dispositif-daccueil-des-enfants-en-situation-de-handicap-moteur-renforce\\\/#breadcrumb\",\"itemListElement\":[{\"@type\":\"ListItem\",\"position\":1,\"name\":\"Accueil\",\"item\":\"https:\\\/\\\/lasentinelle.dz\\\/\"},{\"@type\":\"ListItem\",\"position\":2,\"name\":\"Alger\u00a0: Le\u00a0dispositif d&rsquo;accueil des enfants en situation de handicap moteur\u00a0renforc\u00e9\"}]},{\"@type\":\"WebSite\",\"@id\":\"https:\\\/\\\/lasentinelle.dz\\\/#website\",\"url\":\"https:\\\/\\\/lasentinelle.dz\\\/\",\"name\":\"La Sentinelle\",\"description\":\"Quotidien national d&#039;information\",\"publisher\":{\"@id\":\"https:\\\/\\\/lasentinelle.dz\\\/#organization\"},\"potentialAction\":[{\"@type\":\"SearchAction\",\"target\":{\"@type\":\"EntryPoint\",\"urlTemplate\":\"https:\\\/\\\/lasentinelle.dz\\\/?s={search_term_string}\"},\"query-input\":{\"@type\":\"PropertyValueSpecification\",\"valueRequired\":true,\"valueName\":\"search_term_string\"}}],\"inLanguage\":\"fr-FR\"},{\"@type\":\"Organization\",\"@id\":\"https:\\\/\\\/lasentinelle.dz\\\/#organization\",\"name\":\"Quotidien La Sentinelle\",\"url\":\"https:\\\/\\\/lasentinelle.dz\\\/\",\"logo\":{\"@type\":\"ImageObject\",\"inLanguage\":\"fr-FR\",\"@id\":\"https:\\\/\\\/lasentinelle.dz\\\/#\\\/schema\\\/logo\\\/image\\\/\",\"url\":\"https:\\\/\\\/lasentinelle.dz\\\/wp-content\\\/uploads\\\/2021\\\/09\\\/logo-sentinelleSLOGAN-1.png\",\"contentUrl\":\"https:\\\/\\\/lasentinelle.dz\\\/wp-content\\\/uploads\\\/2021\\\/09\\\/logo-sentinelleSLOGAN-1.png\",\"width\":615,\"height\":142,\"caption\":\"Quotidien La Sentinelle\"},\"image\":{\"@id\":\"https:\\\/\\\/lasentinelle.dz\\\/#\\\/schema\\\/logo\\\/image\\\/\"},\"sameAs\":[\"https:\\\/\\\/www.facebook.com\\\/La-Sentinelle-104059864394773\"]},{\"@type\":\"Person\",\"@id\":\"https:\\\/\\\/lasentinelle.dz\\\/#\\\/schema\\\/person\\\/729ee0024f24e0b8c5ec17232f8e8b41\",\"name\":\"admin\",\"image\":{\"@type\":\"ImageObject\",\"inLanguage\":\"fr-FR\",\"@id\":\"https:\\\/\\\/secure.gravatar.com\\\/avatar\\\/4c81fed838786e9b53f540bf46533e750f5d292099ae3b66cfc6fb1982e29df7?s=96&d=mm&r=g\",\"url\":\"https:\\\/\\\/secure.gravatar.com\\\/avatar\\\/4c81fed838786e9b53f540bf46533e750f5d292099ae3b66cfc6fb1982e29df7?s=96&d=mm&r=g\",\"contentUrl\":\"https:\\\/\\\/secure.gravatar.com\\\/avatar\\\/4c81fed838786e9b53f540bf46533e750f5d292099ae3b66cfc6fb1982e29df7?s=96&d=mm&r=g\",\"caption\":\"admin\"},\"description\":\"admin\",\"url\":\"https:\\\/\\\/lasentinelle.dz\\\/author\\\/admin\\\/\"}]}<\/script>\n<!-- \/ Yoast SEO plugin. -->","yoast_head_json":{"title":"Alger\u00a0: Le\u00a0dispositif d&rsquo;accueil des enfants en situation de handicap moteur\u00a0renforc\u00e9 - La Sentinelle","robots":{"index":"index","follow":"follow","max-snippet":"max-snippet:-1","max-image-preview":"max-image-preview:large","max-video-preview":"max-video-preview:-1"},"canonical":"https:\/\/lasentinelle.dz\/index.php\/2025\/12\/10\/alger-le-dispositif-daccueil-des-enfants-en-situation-de-handicap-moteur-renforce\/","og_locale":"fr_FR","og_type":"article","og_title":"Alger\u00a0: Le\u00a0dispositif d&rsquo;accueil des enfants en situation de handicap moteur\u00a0renforc\u00e9 - La Sentinelle","og_description":"Le ministre, wali d&rsquo;Alger, Mohamed Abdenour Rabehi, a ordonn\u00e9 mardi l&rsquo;ach\u00e8vement rapide des travaux de trois centres psychop\u00e9dagogiques situ\u00e9s \u00e0","og_url":"https:\/\/lasentinelle.dz\/index.php\/2025\/12\/10\/alger-le-dispositif-daccueil-des-enfants-en-situation-de-handicap-moteur-renforce\/","og_site_name":"La Sentinelle","article_publisher":"https:\/\/www.facebook.com\/La-Sentinelle-104059864394773","article_published_time":"2025-12-10T18:48:21+00:00","article_modified_time":"2025-12-10T18:48:22+00:00","og_image":[{"width":2048,"height":1152,"url":"https:\/\/lasentinelle.dz\/wp-content\/uploads\/2025\/12\/598363447_1310180077816435_8152563598399259889_n.jpeg","type":"image\/jpeg"}],"author":"admin","twitter_card":"summary_large_image","twitter_misc":{"\u00c9crit par":"admin","Dur\u00e9e de lecture estim\u00e9e":"2 minutes"},"schema":{"@context":"https:\/\/schema.org","@graph":[{"@type":"Article","@id":"https:\/\/lasentinelle.dz\/index.php\/2025\/12\/10\/alger-le-dispositif-daccueil-des-enfants-en-situation-de-handicap-moteur-renforce\/#article","isPartOf":{"@id":"https:\/\/lasentinelle.dz\/index.php\/2025\/12\/10\/alger-le-dispositif-daccueil-des-enfants-en-situation-de-handicap-moteur-renforce\/"},"author":{"name":"admin","@id":"https:\/\/lasentinelle.dz\/#\/schema\/person\/729ee0024f24e0b8c5ec17232f8e8b41"},"headline":"Alger\u00a0: Le\u00a0dispositif d&rsquo;accueil des enfants en situation de handicap moteur\u00a0renforc\u00e9","datePublished":"2025-12-10T18:48:21+00:00","dateModified":"2025-12-10T18:48:22+00:00","mainEntityOfPage":{"@id":"https:\/\/lasentinelle.dz\/index.php\/2025\/12\/10\/alger-le-dispositif-daccueil-des-enfants-en-situation-de-handicap-moteur-renforce\/"},"wordCount":375,"commentCount":0,"publisher":{"@id":"https:\/\/lasentinelle.dz\/#organization"},"image":{"@id":"https:\/\/lasentinelle.dz\/index.php\/2025\/12\/10\/alger-le-dispositif-daccueil-des-enfants-en-situation-de-handicap-moteur-renforce\/#primaryimage"},"thumbnailUrl":"https:\/\/lasentinelle.dz\/wp-content\/uploads\/2025\/12\/598363447_1310180077816435_8152563598399259889_n.jpeg","articleSection":["R\u00e9gions"],"inLanguage":"fr-FR","potentialAction":[{"@type":"CommentAction","name":"Comment","target":["https:\/\/lasentinelle.dz\/index.php\/2025\/12\/10\/alger-le-dispositif-daccueil-des-enfants-en-situation-de-handicap-moteur-renforce\/#respond"]}]},{"@type":"WebPage","@id":"https:\/\/lasentinelle.dz\/index.php\/2025\/12\/10\/alger-le-dispositif-daccueil-des-enfants-en-situation-de-handicap-moteur-renforce\/","url":"https:\/\/lasentinelle.dz\/index.php\/2025\/12\/10\/alger-le-dispositif-daccueil-des-enfants-en-situation-de-handicap-moteur-renforce\/","name":"Alger\u00a0: Le\u00a0dispositif d&rsquo;accueil des enfants en situation de handicap moteur\u00a0renforc\u00e9 - La Sentinelle","isPartOf":{"@id":"https:\/\/lasentinelle.dz\/#website"},"primaryImageOfPage":{"@id":"https:\/\/lasentinelle.dz\/index.php\/2025\/12\/10\/alger-le-dispositif-daccueil-des-enfants-en-situation-de-handicap-moteur-renforce\/#primaryimage"},"image":{"@id":"https:\/\/lasentinelle.dz\/index.php\/2025\/12\/10\/alger-le-dispositif-daccueil-des-enfants-en-situation-de-handicap-moteur-renforce\/#primaryimage"},"thumbnailUrl":"https:\/\/lasentinelle.dz\/wp-content\/uploads\/2025\/12\/598363447_1310180077816435_8152563598399259889_n.jpeg","datePublished":"2025-12-10T18:48:21+00:00","dateModified":"2025-12-10T18:48:22+00:00","breadcrumb":{"@id":"https:\/\/lasentinelle.dz\/index.php\/2025\/12\/10\/alger-le-dispositif-daccueil-des-enfants-en-situation-de-handicap-moteur-renforce\/#breadcrumb"},"inLanguage":"fr-FR","potentialAction":[{"@type":"ReadAction","target":["https:\/\/lasentinelle.dz\/index.php\/2025\/12\/10\/alger-le-dispositif-daccueil-des-enfants-en-situation-de-handicap-moteur-renforce\/"]}]},{"@type":"ImageObject","inLanguage":"fr-FR","@id":"https:\/\/lasentinelle.dz\/index.php\/2025\/12\/10\/alger-le-dispositif-daccueil-des-enfants-en-situation-de-handicap-moteur-renforce\/#primaryimage","url":"https:\/\/lasentinelle.dz\/wp-content\/uploads\/2025\/12\/598363447_1310180077816435_8152563598399259889_n.jpeg","contentUrl":"https:\/\/lasentinelle.dz\/wp-content\/uploads\/2025\/12\/598363447_1310180077816435_8152563598399259889_n.jpeg","width":2048,"height":1152},{"@type":"BreadcrumbList","@id":"https:\/\/lasentinelle.dz\/index.php\/2025\/12\/10\/alger-le-dispositif-daccueil-des-enfants-en-situation-de-handicap-moteur-renforce\/#breadcrumb","itemListElement":[{"@type":"ListItem","position":1,"name":"Accueil","item":"https:\/\/lasentinelle.dz\/"},{"@type":"ListItem","position":2,"name":"Alger\u00a0: Le\u00a0dispositif d&rsquo;accueil des enfants en situation de handicap moteur\u00a0renforc\u00e9"}]},{"@type":"WebSite","@id":"https:\/\/lasentinelle.dz\/#website","url":"https:\/\/lasentinelle.dz\/","name":"La Sentinelle","description":"Quotidien national d&#039;information","publisher":{"@id":"https:\/\/lasentinelle.dz\/#organization"},"potentialAction":[{"@type":"SearchAction","target":{"@type":"EntryPoint","urlTemplate":"https:\/\/lasentinelle.dz\/?s={search_term_string}"},"query-input":{"@type":"PropertyValueSpecification","valueRequired":true,"valueName":"search_term_string"}}],"inLanguage":"fr-FR"},{"@type":"Organization","@id":"https:\/\/lasentinelle.dz\/#organization","name":"Quotidien La Sentinelle","url":"https:\/\/lasentinelle.dz\/","logo":{"@type":"ImageObject","inLanguage":"fr-FR","@id":"https:\/\/lasentinelle.dz\/#\/schema\/logo\/image\/","url":"https:\/\/lasentinelle.dz\/wp-content\/uploads\/2021\/09\/logo-sentinelleSLOGAN-1.png","contentUrl":"https:\/\/lasentinelle.dz\/wp-content\/uploads\/2021\/09\/logo-sentinelleSLOGAN-1.png","width":615,"height":142,"caption":"Quotidien La Sentinelle"},"image":{"@id":"https:\/\/lasentinelle.dz\/#\/schema\/logo\/image\/"},"sameAs":["https:\/\/www.facebook.com\/La-Sentinelle-104059864394773"]},{"@type":"Person","@id":"https:\/\/lasentinelle.dz\/#\/schema\/person\/729ee0024f24e0b8c5ec17232f8e8b41","name":"admin","image":{"@type":"ImageObject","inLanguage":"fr-FR","@id":"https:\/\/secure.gravatar.com\/avatar\/4c81fed838786e9b53f540bf46533e750f5d292099ae3b66cfc6fb1982e29df7?s=96&d=mm&r=g","url":"https:\/\/secure.gravatar.com\/avatar\/4c81fed838786e9b53f540bf46533e750f5d292099ae3b66cfc6fb1982e29df7?s=96&d=mm&r=g","contentUrl":"https:\/\/secure.gravatar.com\/avatar\/4c81fed838786e9b53f540bf46533e750f5d292099ae3b66cfc6fb1982e29df7?s=96&d=mm&r=g","caption":"admin"},"description":"admin","url":"https:\/\/lasentinelle.dz\/author\/admin\/"}]}},"_links":{"self":[{"href":"https:\/\/lasentinelle.dz\/index.php\/wp-json\/wp\/v2\/posts\/77632","targetHints":{"allow":["GET"]}}],"collection":[{"href":"https:\/\/lasentinelle.dz\/index.php\/wp-json\/wp\/v2\/posts"}],"about":[{"href":"https:\/\/lasentinelle.dz\/index.php\/wp-json\/wp\/v2\/types\/post"}],"author":[{"embeddable":true,"href":"https:\/\/lasentinelle.dz\/index.php\/wp-json\/wp\/v2\/users\/6"}],"replies":[{"embeddable":true,"href":"https:\/\/lasentinelle.dz\/index.php\/wp-json\/wp\/v2\/comments?post=77632"}],"version-history":[{"count":2,"href":"https:\/\/lasentinelle.dz\/index.php\/wp-json\/wp\/v2\/posts\/77632\/revisions"}],"predecessor-version":[{"id":77635,"href":"https:\/\/lasentinelle.dz\/index.php\/wp-json\/wp\/v2\/posts\/77632\/revisions\/77635"}],"wp:featuredmedia":[{"embeddable":true,"href":"https:\/\/lasentinelle.dz\/index.php\/wp-json\/wp\/v2\/media\/77633"}],"wp:attachment":[{"href":"https:\/\/lasentinelle.dz\/index.php\/wp-json\/wp\/v2\/media?parent=77632"}],"wp:term":[{"taxonomy":"category","embeddable":true,"href":"https:\/\/lasentinelle.dz\/index.php\/wp-json\/wp\/v2\/categories?post=77632"},{"taxonomy":"post_tag","embeddable":true,"href":"https:\/\/lasentinelle.dz\/index.php\/wp-json\/wp\/v2\/tags?post=77632"}],"curies":[{"name":"wp","href":"https:\/\/api.w.org\/{rel}","templated":true}]}}