{"id":77643,"date":"2025-12-10T19:51:55","date_gmt":"2025-12-10T18:51:55","guid":{"rendered":"https:\/\/lasentinelle.dz\/?p=77643"},"modified":"2025-12-10T19:51:59","modified_gmt":"2025-12-10T18:51:59","slug":"e-commerce-une-nouvelle-loi-pour-encadrer-le-secteur","status":"publish","type":"post","link":"https:\/\/lasentinelle.dz\/index.php\/2025\/12\/10\/e-commerce-une-nouvelle-loi-pour-encadrer-le-secteur\/","title":{"rendered":"e-commerce\u00a0: Une nouvelle loi\u00a0pour encadrer le secteur"},"content":{"rendered":"\n<p>Le gouvernement s&rsquo;oriente vers l&rsquo;encadrement juridique du commerce \u00e9lectronique, un secteur en pleine expansion qui a atteint 1,9 milliard de dollars en 2023 selon les estimations de la Conf\u00e9rence des Nations Unies sur le commerce et le d\u00e9veloppement. Avec plus de 42 millions de colis enregistr\u00e9s annuellement, ce march\u00e9 virtuel largement informel s&rsquo;impose d\u00e9sormais comme un enjeu \u00e9conomique majeur n\u00e9cessitant une structuration urgente.&nbsp;Dans ce contexte, la ministre du Commerce int\u00e9rieur et de la R\u00e9gulation du march\u00e9, Amel Abdlatif, a pr\u00e9cis\u00e9 mercredi lors de sa participation au premier forum national sur l&#8217;emploi que ce secteur est devenu \u00ab\u00a0l&rsquo;un des secteurs cr\u00e9ant le plus d&rsquo;opportunit\u00e9s\u00a0\u00bb.&nbsp;La ministre a annonc\u00e9 la pr\u00e9paration d&rsquo;une nouvelle l\u00e9gislation sp\u00e9cifique visant \u00e0 transformer ce march\u00e9 virtuel anarchique en un v\u00e9ritable levier \u00e9conomique organis\u00e9 et s\u00e9curis\u00e9.<\/p>\n\n\n\n<p>Le projet de loi s&rsquo;inscrit dans une vision globale de num\u00e9risation de l&rsquo;\u00e9conomie nationale reposant sur trois piliers fondamentaux : la modernisation du cadre juridique, le renforcement de la culture du paiement \u00e9lectronique et l&rsquo;acc\u00e9l\u00e9ration de la transformation des services administratifs du minist\u00e8re en plateformes num\u00e9riques. Cette approche int\u00e9gr\u00e9e t\u00e9moigne d&rsquo;une volont\u00e9 de ne pas se limiter \u00e0 une simple r\u00e9gulation mais de construire un \u00e9cosyst\u00e8me digital coh\u00e9rent.&nbsp;Selon la responsable, l&rsquo;objectif est \u00ab\u00a0d&rsquo;\u00e9viter l&rsquo;\u00e9mergence d&rsquo;un march\u00e9 virtuel chaotique\u00a0\u00bb et d&rsquo;\u00e9tablir \u00ab\u00a0un cadre clair pour d\u00e9velopper cette activit\u00e9 et ouvrir de nouvelles perspectives d&rsquo;int\u00e9gration des jeunes dans l&rsquo;\u00e9conomie num\u00e9rique par des moyens modernes et efficaces\u00a0\u00bb. Le nouveau texte l\u00e9gislatif devrait ainsi garantir un triple objectif : protection du consommateur, s\u00e9curisation des transactions et encouragement de l&rsquo;entrepreneuriat digital, particuli\u00e8rement aupr\u00e8s de la jeunesse alg\u00e9rienne qui repr\u00e9sente le principal moteur de cette \u00e9conomie en ligne.<\/p>\n\n\n\n<p>La ministre a soulign\u00e9 l&rsquo;ambition transformatrice de cette initiative : \u00ab\u00a0Nous cherchons \u00e0 transformer la dynamique actuelle \u2013 qui reste en grande partie non r\u00e9glement\u00e9e \u2013 en une v\u00e9ritable cha\u00eene \u00e9conomique contribuant \u00e0 produire de la valeur ajout\u00e9e pour l&rsquo;\u00e9conomie nationale et des emplois durables\u00a0\u00bb.&nbsp;&nbsp;Cette orientation s&rsquo;inscrit dans la strat\u00e9gie gouvernementale plus large de r\u00e9gulation du march\u00e9 national, fond\u00e9e sur une num\u00e9risation ax\u00e9e sur la confiance, la connaissance et la transparence.&nbsp;<\/p>\n\n\n\n<p>Salim Benisid<\/p>\n","protected":false},"excerpt":{"rendered":"<p>Le gouvernement s&rsquo;oriente vers l&rsquo;encadrement juridique du commerce \u00e9lectronique, un secteur en pleine expansion qui a atteint 1,9 milliard de<\/p>\n","protected":false},"author":6,"featured_media":73853,"comment_status":"open","ping_status":"closed","sticky":false,"template":"","format":"standard","meta":{"colormag_page_container_layout":"default_layout","colormag_page_sidebar_layout":"default_layout","om_disable_all_campaigns":false,"_monsterinsights_skip_tracking":false,"_monsterinsights_sitenote_active":false,"_monsterinsights_sitenote_note":"","_monsterinsights_sitenote_category":0,"footnotes":"","_wpscppro_dont_share_socialmedia":false,"_wpscppro_custom_social_share_image":0,"_facebook_share_type":"default","_twitter_share_type":"default","_linkedin_share_type":"default","_pinterest_share_type":"default","_linkedin_share_type_page":"","_instagram_share_type":"default","_medium_share_type":"default","_threads_share_type":"default","_google_business_share_type":"default","_selected_social_profile":[],"_wpsp_enable_custom_social_template":false,"_wpsp_social_scheduling":{"enabled":false,"datetime":null,"platforms":[],"status":"template_only","dateOption":"today","timeOption":"now","customDays":"","customHours":"","customDate":"","customTime":"","schedulingType":"absolute"},"_wpsp_active_default_template":true},"categories":[29],"tags":[],"class_list":["post-77643","post","type-post","status-publish","format-standard","has-post-thumbnail","hentry","category-economie"],"aioseo_notices":[],"yoast_head":"<!-- This site is optimized with the Yoast SEO plugin v27.5 - https:\/\/yoast.com\/product\/yoast-seo-wordpress\/ -->\n<title>e-commerce\u00a0: Une nouvelle loi\u00a0pour encadrer le secteur - La Sentinelle<\/title>\n<meta name=\"robots\" content=\"index, follow, max-snippet:-1, max-image-preview:large, max-video-preview:-1\" \/>\n<link rel=\"canonical\" href=\"https:\/\/lasentinelle.dz\/index.php\/2025\/12\/10\/e-commerce-une-nouvelle-loi-pour-encadrer-le-secteur\/\" \/>\n<meta property=\"og:locale\" content=\"fr_FR\" \/>\n<meta property=\"og:type\" content=\"article\" \/>\n<meta property=\"og:title\" content=\"e-commerce\u00a0: Une nouvelle loi\u00a0pour encadrer le secteur - La Sentinelle\" \/>\n<meta property=\"og:description\" content=\"Le gouvernement s&rsquo;oriente vers l&rsquo;encadrement juridique du commerce \u00e9lectronique, un secteur en pleine expansion qui a atteint 1,9 milliard de\" \/>\n<meta property=\"og:url\" content=\"https:\/\/lasentinelle.dz\/index.php\/2025\/12\/10\/e-commerce-une-nouvelle-loi-pour-encadrer-le-secteur\/\" \/>\n<meta property=\"og:site_name\" content=\"La Sentinelle\" \/>\n<meta property=\"article:publisher\" content=\"https:\/\/www.facebook.com\/La-Sentinelle-104059864394773\" \/>\n<meta property=\"article:published_time\" content=\"2025-12-10T18:51:55+00:00\" \/>\n<meta property=\"article:modified_time\" content=\"2025-12-10T18:51:59+00:00\" \/>\n<meta property=\"og:image\" content=\"https:\/\/lasentinelle.dz\/wp-content\/uploads\/2025\/09\/ecommerce-scaled.webp\" \/>\n\t<meta property=\"og:image:width\" content=\"2560\" \/>\n\t<meta property=\"og:image:height\" content=\"1582\" \/>\n\t<meta property=\"og:image:type\" content=\"image\/webp\" \/>\n<meta name=\"author\" content=\"admin\" \/>\n<meta name=\"twitter:card\" content=\"summary_large_image\" \/>\n<meta name=\"twitter:label1\" content=\"\u00c9crit par\" \/>\n\t<meta name=\"twitter:data1\" content=\"admin\" \/>\n\t<meta name=\"twitter:label2\" content=\"Dur\u00e9e de lecture estim\u00e9e\" \/>\n\t<meta name=\"twitter:data2\" content=\"2 minutes\" \/>\n<script type=\"application\/ld+json\" class=\"yoast-schema-graph\">{\"@context\":\"https:\\\/\\\/schema.org\",\"@graph\":[{\"@type\":\"Article\",\"@id\":\"https:\\\/\\\/lasentinelle.dz\\\/index.php\\\/2025\\\/12\\\/10\\\/e-commerce-une-nouvelle-loi-pour-encadrer-le-secteur\\\/#article\",\"isPartOf\":{\"@id\":\"https:\\\/\\\/lasentinelle.dz\\\/index.php\\\/2025\\\/12\\\/10\\\/e-commerce-une-nouvelle-loi-pour-encadrer-le-secteur\\\/\"},\"author\":{\"name\":\"admin\",\"@id\":\"https:\\\/\\\/lasentinelle.dz\\\/#\\\/schema\\\/person\\\/729ee0024f24e0b8c5ec17232f8e8b41\"},\"headline\":\"e-commerce\u00a0: Une nouvelle loi\u00a0pour encadrer le secteur\",\"datePublished\":\"2025-12-10T18:51:55+00:00\",\"dateModified\":\"2025-12-10T18:51:59+00:00\",\"mainEntityOfPage\":{\"@id\":\"https:\\\/\\\/lasentinelle.dz\\\/index.php\\\/2025\\\/12\\\/10\\\/e-commerce-une-nouvelle-loi-pour-encadrer-le-secteur\\\/\"},\"wordCount\":415,\"commentCount\":0,\"publisher\":{\"@id\":\"https:\\\/\\\/lasentinelle.dz\\\/#organization\"},\"image\":{\"@id\":\"https:\\\/\\\/lasentinelle.dz\\\/index.php\\\/2025\\\/12\\\/10\\\/e-commerce-une-nouvelle-loi-pour-encadrer-le-secteur\\\/#primaryimage\"},\"thumbnailUrl\":\"https:\\\/\\\/lasentinelle.dz\\\/wp-content\\\/uploads\\\/2025\\\/09\\\/ecommerce-scaled.webp\",\"articleSection\":[\"\u00c9conomie\"],\"inLanguage\":\"fr-FR\",\"potentialAction\":[{\"@type\":\"CommentAction\",\"name\":\"Comment\",\"target\":[\"https:\\\/\\\/lasentinelle.dz\\\/index.php\\\/2025\\\/12\\\/10\\\/e-commerce-une-nouvelle-loi-pour-encadrer-le-secteur\\\/#respond\"]}]},{\"@type\":\"WebPage\",\"@id\":\"https:\\\/\\\/lasentinelle.dz\\\/index.php\\\/2025\\\/12\\\/10\\\/e-commerce-une-nouvelle-loi-pour-encadrer-le-secteur\\\/\",\"url\":\"https:\\\/\\\/lasentinelle.dz\\\/index.php\\\/2025\\\/12\\\/10\\\/e-commerce-une-nouvelle-loi-pour-encadrer-le-secteur\\\/\",\"name\":\"e-commerce\u00a0: Une nouvelle loi\u00a0pour encadrer le secteur - La Sentinelle\",\"isPartOf\":{\"@id\":\"https:\\\/\\\/lasentinelle.dz\\\/#website\"},\"primaryImageOfPage\":{\"@id\":\"https:\\\/\\\/lasentinelle.dz\\\/index.php\\\/2025\\\/12\\\/10\\\/e-commerce-une-nouvelle-loi-pour-encadrer-le-secteur\\\/#primaryimage\"},\"image\":{\"@id\":\"https:\\\/\\\/lasentinelle.dz\\\/index.php\\\/2025\\\/12\\\/10\\\/e-commerce-une-nouvelle-loi-pour-encadrer-le-secteur\\\/#primaryimage\"},\"thumbnailUrl\":\"https:\\\/\\\/lasentinelle.dz\\\/wp-content\\\/uploads\\\/2025\\\/09\\\/ecommerce-scaled.webp\",\"datePublished\":\"2025-12-10T18:51:55+00:00\",\"dateModified\":\"2025-12-10T18:51:59+00:00\",\"breadcrumb\":{\"@id\":\"https:\\\/\\\/lasentinelle.dz\\\/index.php\\\/2025\\\/12\\\/10\\\/e-commerce-une-nouvelle-loi-pour-encadrer-le-secteur\\\/#breadcrumb\"},\"inLanguage\":\"fr-FR\",\"potentialAction\":[{\"@type\":\"ReadAction\",\"target\":[\"https:\\\/\\\/lasentinelle.dz\\\/index.php\\\/2025\\\/12\\\/10\\\/e-commerce-une-nouvelle-loi-pour-encadrer-le-secteur\\\/\"]}]},{\"@type\":\"ImageObject\",\"inLanguage\":\"fr-FR\",\"@id\":\"https:\\\/\\\/lasentinelle.dz\\\/index.php\\\/2025\\\/12\\\/10\\\/e-commerce-une-nouvelle-loi-pour-encadrer-le-secteur\\\/#primaryimage\",\"url\":\"https:\\\/\\\/lasentinelle.dz\\\/wp-content\\\/uploads\\\/2025\\\/09\\\/ecommerce-scaled.webp\",\"contentUrl\":\"https:\\\/\\\/lasentinelle.dz\\\/wp-content\\\/uploads\\\/2025\\\/09\\\/ecommerce-scaled.webp\",\"width\":2560,\"height\":1582},{\"@type\":\"BreadcrumbList\",\"@id\":\"https:\\\/\\\/lasentinelle.dz\\\/index.php\\\/2025\\\/12\\\/10\\\/e-commerce-une-nouvelle-loi-pour-encadrer-le-secteur\\\/#breadcrumb\",\"itemListElement\":[{\"@type\":\"ListItem\",\"position\":1,\"name\":\"Accueil\",\"item\":\"https:\\\/\\\/lasentinelle.dz\\\/\"},{\"@type\":\"ListItem\",\"position\":2,\"name\":\"e-commerce\u00a0: Une nouvelle loi\u00a0pour encadrer le secteur\"}]},{\"@type\":\"WebSite\",\"@id\":\"https:\\\/\\\/lasentinelle.dz\\\/#website\",\"url\":\"https:\\\/\\\/lasentinelle.dz\\\/\",\"name\":\"La Sentinelle\",\"description\":\"Quotidien national d&#039;information\",\"publisher\":{\"@id\":\"https:\\\/\\\/lasentinelle.dz\\\/#organization\"},\"potentialAction\":[{\"@type\":\"SearchAction\",\"target\":{\"@type\":\"EntryPoint\",\"urlTemplate\":\"https:\\\/\\\/lasentinelle.dz\\\/?s={search_term_string}\"},\"query-input\":{\"@type\":\"PropertyValueSpecification\",\"valueRequired\":true,\"valueName\":\"search_term_string\"}}],\"inLanguage\":\"fr-FR\"},{\"@type\":\"Organization\",\"@id\":\"https:\\\/\\\/lasentinelle.dz\\\/#organization\",\"name\":\"Quotidien La Sentinelle\",\"url\":\"https:\\\/\\\/lasentinelle.dz\\\/\",\"logo\":{\"@type\":\"ImageObject\",\"inLanguage\":\"fr-FR\",\"@id\":\"https:\\\/\\\/lasentinelle.dz\\\/#\\\/schema\\\/logo\\\/image\\\/\",\"url\":\"https:\\\/\\\/lasentinelle.dz\\\/wp-content\\\/uploads\\\/2021\\\/09\\\/logo-sentinelleSLOGAN-1.png\",\"contentUrl\":\"https:\\\/\\\/lasentinelle.dz\\\/wp-content\\\/uploads\\\/2021\\\/09\\\/logo-sentinelleSLOGAN-1.png\",\"width\":615,\"height\":142,\"caption\":\"Quotidien La Sentinelle\"},\"image\":{\"@id\":\"https:\\\/\\\/lasentinelle.dz\\\/#\\\/schema\\\/logo\\\/image\\\/\"},\"sameAs\":[\"https:\\\/\\\/www.facebook.com\\\/La-Sentinelle-104059864394773\"]},{\"@type\":\"Person\",\"@id\":\"https:\\\/\\\/lasentinelle.dz\\\/#\\\/schema\\\/person\\\/729ee0024f24e0b8c5ec17232f8e8b41\",\"name\":\"admin\",\"image\":{\"@type\":\"ImageObject\",\"inLanguage\":\"fr-FR\",\"@id\":\"https:\\\/\\\/secure.gravatar.com\\\/avatar\\\/4c81fed838786e9b53f540bf46533e750f5d292099ae3b66cfc6fb1982e29df7?s=96&d=mm&r=g\",\"url\":\"https:\\\/\\\/secure.gravatar.com\\\/avatar\\\/4c81fed838786e9b53f540bf46533e750f5d292099ae3b66cfc6fb1982e29df7?s=96&d=mm&r=g\",\"contentUrl\":\"https:\\\/\\\/secure.gravatar.com\\\/avatar\\\/4c81fed838786e9b53f540bf46533e750f5d292099ae3b66cfc6fb1982e29df7?s=96&d=mm&r=g\",\"caption\":\"admin\"},\"description\":\"admin\",\"url\":\"https:\\\/\\\/lasentinelle.dz\\\/author\\\/admin\\\/\"}]}<\/script>\n<!-- \/ Yoast SEO plugin. -->","yoast_head_json":{"title":"e-commerce\u00a0: Une nouvelle loi\u00a0pour encadrer le secteur - La Sentinelle","robots":{"index":"index","follow":"follow","max-snippet":"max-snippet:-1","max-image-preview":"max-image-preview:large","max-video-preview":"max-video-preview:-1"},"canonical":"https:\/\/lasentinelle.dz\/index.php\/2025\/12\/10\/e-commerce-une-nouvelle-loi-pour-encadrer-le-secteur\/","og_locale":"fr_FR","og_type":"article","og_title":"e-commerce\u00a0: Une nouvelle loi\u00a0pour encadrer le secteur - La Sentinelle","og_description":"Le gouvernement s&rsquo;oriente vers l&rsquo;encadrement juridique du commerce \u00e9lectronique, un secteur en pleine expansion qui a atteint 1,9 milliard de","og_url":"https:\/\/lasentinelle.dz\/index.php\/2025\/12\/10\/e-commerce-une-nouvelle-loi-pour-encadrer-le-secteur\/","og_site_name":"La Sentinelle","article_publisher":"https:\/\/www.facebook.com\/La-Sentinelle-104059864394773","article_published_time":"2025-12-10T18:51:55+00:00","article_modified_time":"2025-12-10T18:51:59+00:00","og_image":[{"width":2560,"height":1582,"url":"https:\/\/lasentinelle.dz\/wp-content\/uploads\/2025\/09\/ecommerce-scaled.webp","type":"image\/webp"}],"author":"admin","twitter_card":"summary_large_image","twitter_misc":{"\u00c9crit par":"admin","Dur\u00e9e de lecture estim\u00e9e":"2 minutes"},"schema":{"@context":"https:\/\/schema.org","@graph":[{"@type":"Article","@id":"https:\/\/lasentinelle.dz\/index.php\/2025\/12\/10\/e-commerce-une-nouvelle-loi-pour-encadrer-le-secteur\/#article","isPartOf":{"@id":"https:\/\/lasentinelle.dz\/index.php\/2025\/12\/10\/e-commerce-une-nouvelle-loi-pour-encadrer-le-secteur\/"},"author":{"name":"admin","@id":"https:\/\/lasentinelle.dz\/#\/schema\/person\/729ee0024f24e0b8c5ec17232f8e8b41"},"headline":"e-commerce\u00a0: Une nouvelle loi\u00a0pour encadrer le secteur","datePublished":"2025-12-10T18:51:55+00:00","dateModified":"2025-12-10T18:51:59+00:00","mainEntityOfPage":{"@id":"https:\/\/lasentinelle.dz\/index.php\/2025\/12\/10\/e-commerce-une-nouvelle-loi-pour-encadrer-le-secteur\/"},"wordCount":415,"commentCount":0,"publisher":{"@id":"https:\/\/lasentinelle.dz\/#organization"},"image":{"@id":"https:\/\/lasentinelle.dz\/index.php\/2025\/12\/10\/e-commerce-une-nouvelle-loi-pour-encadrer-le-secteur\/#primaryimage"},"thumbnailUrl":"https:\/\/lasentinelle.dz\/wp-content\/uploads\/2025\/09\/ecommerce-scaled.webp","articleSection":["\u00c9conomie"],"inLanguage":"fr-FR","potentialAction":[{"@type":"CommentAction","name":"Comment","target":["https:\/\/lasentinelle.dz\/index.php\/2025\/12\/10\/e-commerce-une-nouvelle-loi-pour-encadrer-le-secteur\/#respond"]}]},{"@type":"WebPage","@id":"https:\/\/lasentinelle.dz\/index.php\/2025\/12\/10\/e-commerce-une-nouvelle-loi-pour-encadrer-le-secteur\/","url":"https:\/\/lasentinelle.dz\/index.php\/2025\/12\/10\/e-commerce-une-nouvelle-loi-pour-encadrer-le-secteur\/","name":"e-commerce\u00a0: Une nouvelle loi\u00a0pour encadrer le secteur - La Sentinelle","isPartOf":{"@id":"https:\/\/lasentinelle.dz\/#website"},"primaryImageOfPage":{"@id":"https:\/\/lasentinelle.dz\/index.php\/2025\/12\/10\/e-commerce-une-nouvelle-loi-pour-encadrer-le-secteur\/#primaryimage"},"image":{"@id":"https:\/\/lasentinelle.dz\/index.php\/2025\/12\/10\/e-commerce-une-nouvelle-loi-pour-encadrer-le-secteur\/#primaryimage"},"thumbnailUrl":"https:\/\/lasentinelle.dz\/wp-content\/uploads\/2025\/09\/ecommerce-scaled.webp","datePublished":"2025-12-10T18:51:55+00:00","dateModified":"2025-12-10T18:51:59+00:00","breadcrumb":{"@id":"https:\/\/lasentinelle.dz\/index.php\/2025\/12\/10\/e-commerce-une-nouvelle-loi-pour-encadrer-le-secteur\/#breadcrumb"},"inLanguage":"fr-FR","potentialAction":[{"@type":"ReadAction","target":["https:\/\/lasentinelle.dz\/index.php\/2025\/12\/10\/e-commerce-une-nouvelle-loi-pour-encadrer-le-secteur\/"]}]},{"@type":"ImageObject","inLanguage":"fr-FR","@id":"https:\/\/lasentinelle.dz\/index.php\/2025\/12\/10\/e-commerce-une-nouvelle-loi-pour-encadrer-le-secteur\/#primaryimage","url":"https:\/\/lasentinelle.dz\/wp-content\/uploads\/2025\/09\/ecommerce-scaled.webp","contentUrl":"https:\/\/lasentinelle.dz\/wp-content\/uploads\/2025\/09\/ecommerce-scaled.webp","width":2560,"height":1582},{"@type":"BreadcrumbList","@id":"https:\/\/lasentinelle.dz\/index.php\/2025\/12\/10\/e-commerce-une-nouvelle-loi-pour-encadrer-le-secteur\/#breadcrumb","itemListElement":[{"@type":"ListItem","position":1,"name":"Accueil","item":"https:\/\/lasentinelle.dz\/"},{"@type":"ListItem","position":2,"name":"e-commerce\u00a0: Une nouvelle loi\u00a0pour encadrer le secteur"}]},{"@type":"WebSite","@id":"https:\/\/lasentinelle.dz\/#website","url":"https:\/\/lasentinelle.dz\/","name":"La Sentinelle","description":"Quotidien national d&#039;information","publisher":{"@id":"https:\/\/lasentinelle.dz\/#organization"},"potentialAction":[{"@type":"SearchAction","target":{"@type":"EntryPoint","urlTemplate":"https:\/\/lasentinelle.dz\/?s={search_term_string}"},"query-input":{"@type":"PropertyValueSpecification","valueRequired":true,"valueName":"search_term_string"}}],"inLanguage":"fr-FR"},{"@type":"Organization","@id":"https:\/\/lasentinelle.dz\/#organization","name":"Quotidien La Sentinelle","url":"https:\/\/lasentinelle.dz\/","logo":{"@type":"ImageObject","inLanguage":"fr-FR","@id":"https:\/\/lasentinelle.dz\/#\/schema\/logo\/image\/","url":"https:\/\/lasentinelle.dz\/wp-content\/uploads\/2021\/09\/logo-sentinelleSLOGAN-1.png","contentUrl":"https:\/\/lasentinelle.dz\/wp-content\/uploads\/2021\/09\/logo-sentinelleSLOGAN-1.png","width":615,"height":142,"caption":"Quotidien La Sentinelle"},"image":{"@id":"https:\/\/lasentinelle.dz\/#\/schema\/logo\/image\/"},"sameAs":["https:\/\/www.facebook.com\/La-Sentinelle-104059864394773"]},{"@type":"Person","@id":"https:\/\/lasentinelle.dz\/#\/schema\/person\/729ee0024f24e0b8c5ec17232f8e8b41","name":"admin","image":{"@type":"ImageObject","inLanguage":"fr-FR","@id":"https:\/\/secure.gravatar.com\/avatar\/4c81fed838786e9b53f540bf46533e750f5d292099ae3b66cfc6fb1982e29df7?s=96&d=mm&r=g","url":"https:\/\/secure.gravatar.com\/avatar\/4c81fed838786e9b53f540bf46533e750f5d292099ae3b66cfc6fb1982e29df7?s=96&d=mm&r=g","contentUrl":"https:\/\/secure.gravatar.com\/avatar\/4c81fed838786e9b53f540bf46533e750f5d292099ae3b66cfc6fb1982e29df7?s=96&d=mm&r=g","caption":"admin"},"description":"admin","url":"https:\/\/lasentinelle.dz\/author\/admin\/"}]}},"_links":{"self":[{"href":"https:\/\/lasentinelle.dz\/index.php\/wp-json\/wp\/v2\/posts\/77643","targetHints":{"allow":["GET"]}}],"collection":[{"href":"https:\/\/lasentinelle.dz\/index.php\/wp-json\/wp\/v2\/posts"}],"about":[{"href":"https:\/\/lasentinelle.dz\/index.php\/wp-json\/wp\/v2\/types\/post"}],"author":[{"embeddable":true,"href":"https:\/\/lasentinelle.dz\/index.php\/wp-json\/wp\/v2\/users\/6"}],"replies":[{"embeddable":true,"href":"https:\/\/lasentinelle.dz\/index.php\/wp-json\/wp\/v2\/comments?post=77643"}],"version-history":[{"count":1,"href":"https:\/\/lasentinelle.dz\/index.php\/wp-json\/wp\/v2\/posts\/77643\/revisions"}],"predecessor-version":[{"id":77644,"href":"https:\/\/lasentinelle.dz\/index.php\/wp-json\/wp\/v2\/posts\/77643\/revisions\/77644"}],"wp:featuredmedia":[{"embeddable":true,"href":"https:\/\/lasentinelle.dz\/index.php\/wp-json\/wp\/v2\/media\/73853"}],"wp:attachment":[{"href":"https:\/\/lasentinelle.dz\/index.php\/wp-json\/wp\/v2\/media?parent=77643"}],"wp:term":[{"taxonomy":"category","embeddable":true,"href":"https:\/\/lasentinelle.dz\/index.php\/wp-json\/wp\/v2\/categories?post=77643"},{"taxonomy":"post_tag","embeddable":true,"href":"https:\/\/lasentinelle.dz\/index.php\/wp-json\/wp\/v2\/tags?post=77643"}],"curies":[{"name":"wp","href":"https:\/\/api.w.org\/{rel}","templated":true}]}}