{"id":77648,"date":"2025-12-10T19:54:08","date_gmt":"2025-12-10T18:54:08","guid":{"rendered":"https:\/\/lasentinelle.dz\/?p=77648"},"modified":"2025-12-10T19:54:10","modified_gmt":"2025-12-10T18:54:10","slug":"education-nationale-sadaoui-fixe-la-date-de-remise-des-bulletins-au-18-decembre","status":"publish","type":"post","link":"https:\/\/lasentinelle.dz\/index.php\/2025\/12\/10\/education-nationale-sadaoui-fixe-la-date-de-remise-des-bulletins-au-18-decembre\/","title":{"rendered":"\u00c9ducation\u00a0nationale\u00a0:\u00a0Sadaoui\u00a0fixe la date de remise\u00a0des bulletins\u00a0au\u00a018 d\u00e9cembre"},"content":{"rendered":"\n<p>Le ministre de l&rsquo;\u00c9ducation nationale a pr\u00e9sid\u00e9 mardi une conf\u00e9rence nationale par visioconf\u00e9rence pour \u00e9valuer le premier trimestre scolaire, insistant sur le respect des d\u00e9lais pour les conseils de classes et fixant la journ\u00e9e du 18 d\u00e9cembre pour la remise des bulletins aux parents.&nbsp;Mohammed Seghir Sadaoui a r\u00e9uni par visioconf\u00e9rence les cadres de l&rsquo;administration centrale, les directeurs de l&rsquo;\u00e9ducation et leurs d\u00e9l\u00e9gu\u00e9s pour dresser le bilan du premier trimestre de l&rsquo;ann\u00e9e scolaire en cours et \u00e9valuer la mise en \u0153uvre des programmes d&rsquo;am\u00e9nagement \u00e0 travers le territoire national. \u00c0 l&rsquo;issue de cette rencontre, le ministre a donn\u00e9 des instructions pr\u00e9cises concernant l&rsquo;ach\u00e8vement du trimestre et la tenue des conseils de classes, selon un communiqu\u00e9 du minist\u00e8re publi\u00e9 mercredi.&nbsp;\u00abIl est n\u00e9cessaire de poursuivre le suivi pour ce qui reste de la p\u00e9riode des examens et des conseils de classes, en veillant \u00e0 assurer la discipline dans tous les \u00e9tablissements \u00e9ducatifs publics et priv\u00e9s\u00bb, a soulign\u00e9 Mohammed Seghir Sadaoui. Le ministre a fix\u00e9 la journ\u00e9e du 18 d\u00e9cembre 2025 pour la r\u00e9ception des parents et la remise des bulletins de notes, ordonnant aux directeurs d&rsquo;\u00e9tablissement d&rsquo;assurer un suivi rigoureux sur le terrain pour le parach\u00e8vement de cette \u00e9tape cruciale dans les d\u00e9lais impartis.&nbsp;Abordant la question sensible de la protection des \u00e9l\u00e8ves, le ministre a mis l&rsquo;accent sur le plan de pr\u00e9vention \u00e9labor\u00e9 en coordination avec le minist\u00e8re de la Sant\u00e9 contre les dangers de la drogue et des comprim\u00e9s psychotropes. Mohammed Seghir Sadaoui a affirm\u00e9 l&rsquo;importance du discours pr\u00e9ventif, rappelant que le minist\u00e8re a mis \u00e0 la disposition de la famille \u00e9ducative la ligne t\u00e9l\u00e9phonique 11-11 relevant de l&rsquo;Organe national de protection et de promotion de l&rsquo;enfance, destin\u00e9e \u00e0 activer les m\u00e9canismes de signalement et de sensibilisation face \u00e0 ce fl\u00e9au qui menace la jeunesse scolaris\u00e9e.&nbsp;Sur le volet de la gestion administrative, le ministre a rappel\u00e9 ses instructions concernant la num\u00e9risation compl\u00e8te des dossiers des \u00e9l\u00e8ves, insistant sur l&rsquo;importance d&rsquo;op\u00e9rer un contr\u00f4le rigoureux de ces proc\u00e9dures, particuli\u00e8rement pour les candidats qui s&rsquo;appr\u00eatent \u00e0 passer les examens scolaires nationaux. \u00c0 ce titre, il a rappel\u00e9 l&rsquo;expiration des d\u00e9lais d&rsquo;inscription aux examens nationaux fix\u00e9e au 17 d\u00e9cembre, affirmant la n\u00e9cessit\u00e9 pour les directeurs d&rsquo;intensifier les efforts de sensibilisation aupr\u00e8s des \u00e9l\u00e8ves et de leurs parents pour finaliser les inscriptions dans les temps.&nbsp;Mohammed Seghir Sadaoui a \u00e9galement salu\u00e9 les efforts consentis par les directeurs de l&rsquo;\u00e9ducation durant le premier trimestre, remerciant l&rsquo;ensemble de la famille \u00e9ducative pour son engagement dans les activit\u00e9s p\u00e9dagogiques. Il a soulign\u00e9 l&rsquo;importance de promouvoir la communication pour optimiser la performance administrative et am\u00e9liorer la gestion des \u00e9tablissements, affirmant que l&rsquo;instauration d&rsquo;un climat professionnel bas\u00e9 sur le respect mutuel et l&rsquo;\u00e9coute constitue un pilier fondamental pour renforcer la stabilit\u00e9 et assurer un enseignement de qualit\u00e9. Dans ce cadre, il a insist\u00e9 sur la n\u00e9cessit\u00e9 de renforcer l&rsquo;encadrement administratif et d&rsquo;assurer une communication efficace avec les directeurs d&rsquo;\u00e9tablissement en leur apportant le soutien n\u00e9cessaire.&nbsp;Concernant le programme compl\u00e9mentaire d&rsquo;am\u00e9nagement des \u00e9tablissements \u00e9ducatifs de 2024 visant les coll\u00e8ges et lyc\u00e9es, le ministre a appel\u00e9 \u00e0 acc\u00e9l\u00e9rer la cadence de r\u00e9alisation dans les wilayas o\u00f9 les travaux n&rsquo;ont pas encore \u00e9t\u00e9 achev\u00e9s, ordonnant un suivi rigoureux afin de clore ce dossier avant la fin de l&rsquo;ann\u00e9e. Il est \u00e9galement revenu sur l&rsquo;op\u00e9rationnalit\u00e9 du m\u00e9canisme de suivi de l&rsquo;application des recommandations des rapports d&rsquo;inspection, permettant de traduire imm\u00e9diatement tout constat en proc\u00e9dures ex\u00e9cutives claires au niveau des directions de l&rsquo;\u00e9ducation pour renforcer la performance globale du secteur.<\/p>\n\n\n\n<p>Lyna Larbi<\/p>\n","protected":false},"excerpt":{"rendered":"<p>Le ministre de l&rsquo;\u00c9ducation nationale a pr\u00e9sid\u00e9 mardi une conf\u00e9rence nationale par visioconf\u00e9rence pour \u00e9valuer le premier trimestre scolaire, insistant<\/p>\n","protected":false},"author":6,"featured_media":60657,"comment_status":"open","ping_status":"closed","sticky":false,"template":"","format":"standard","meta":{"colormag_page_container_layout":"default_layout","colormag_page_sidebar_layout":"default_layout","om_disable_all_campaigns":false,"_monsterinsights_skip_tracking":false,"_monsterinsights_sitenote_active":false,"_monsterinsights_sitenote_note":"","_monsterinsights_sitenote_category":0,"footnotes":"","_wpscppro_dont_share_socialmedia":false,"_wpscppro_custom_social_share_image":0,"_facebook_share_type":"default","_twitter_share_type":"default","_linkedin_share_type":"default","_pinterest_share_type":"default","_linkedin_share_type_page":"","_instagram_share_type":"default","_medium_share_type":"default","_threads_share_type":"default","_google_business_share_type":"default","_selected_social_profile":[],"_wpsp_enable_custom_social_template":false,"_wpsp_social_scheduling":{"enabled":false,"datetime":null,"platforms":[],"status":"template_only","dateOption":"today","timeOption":"now","customDays":"","customHours":"","customDate":"","customTime":"","schedulingType":"absolute"},"_wpsp_active_default_template":true},"categories":[27],"tags":[],"class_list":["post-77648","post","type-post","status-publish","format-standard","has-post-thumbnail","hentry","category-actualite"],"aioseo_notices":[],"yoast_head":"<!-- This site is optimized with the Yoast SEO plugin v27.5 - https:\/\/yoast.com\/product\/yoast-seo-wordpress\/ -->\n<title>\u00c9ducation\u00a0nationale\u00a0:\u00a0Sadaoui\u00a0fixe la date de remise\u00a0des bulletins\u00a0au\u00a018 d\u00e9cembre - La Sentinelle<\/title>\n<meta name=\"robots\" content=\"index, follow, max-snippet:-1, max-image-preview:large, max-video-preview:-1\" \/>\n<link rel=\"canonical\" href=\"https:\/\/lasentinelle.dz\/index.php\/2025\/12\/10\/education-nationale-sadaoui-fixe-la-date-de-remise-des-bulletins-au-18-decembre\/\" \/>\n<meta property=\"og:locale\" content=\"fr_FR\" \/>\n<meta property=\"og:type\" content=\"article\" \/>\n<meta property=\"og:title\" content=\"\u00c9ducation\u00a0nationale\u00a0:\u00a0Sadaoui\u00a0fixe la date de remise\u00a0des bulletins\u00a0au\u00a018 d\u00e9cembre - La Sentinelle\" \/>\n<meta property=\"og:description\" content=\"Le ministre de l&rsquo;\u00c9ducation nationale a pr\u00e9sid\u00e9 mardi une conf\u00e9rence nationale par visioconf\u00e9rence pour \u00e9valuer le premier trimestre scolaire, insistant\" \/>\n<meta property=\"og:url\" content=\"https:\/\/lasentinelle.dz\/index.php\/2025\/12\/10\/education-nationale-sadaoui-fixe-la-date-de-remise-des-bulletins-au-18-decembre\/\" \/>\n<meta property=\"og:site_name\" content=\"La Sentinelle\" \/>\n<meta property=\"article:publisher\" content=\"https:\/\/www.facebook.com\/La-Sentinelle-104059864394773\" \/>\n<meta property=\"article:published_time\" content=\"2025-12-10T18:54:08+00:00\" \/>\n<meta property=\"article:modified_time\" content=\"2025-12-10T18:54:10+00:00\" \/>\n<meta property=\"og:image\" content=\"https:\/\/lasentinelle.dz\/wp-content\/uploads\/2024\/12\/saadaoui-1.jpg\" \/>\n\t<meta property=\"og:image:width\" content=\"1264\" \/>\n\t<meta property=\"og:image:height\" content=\"837\" \/>\n\t<meta property=\"og:image:type\" content=\"image\/jpeg\" \/>\n<meta name=\"author\" content=\"admin\" \/>\n<meta name=\"twitter:card\" content=\"summary_large_image\" \/>\n<meta name=\"twitter:label1\" content=\"\u00c9crit par\" \/>\n\t<meta name=\"twitter:data1\" content=\"admin\" \/>\n\t<meta name=\"twitter:label2\" content=\"Dur\u00e9e de lecture estim\u00e9e\" \/>\n\t<meta name=\"twitter:data2\" content=\"4 minutes\" \/>\n<script type=\"application\/ld+json\" class=\"yoast-schema-graph\">{\"@context\":\"https:\\\/\\\/schema.org\",\"@graph\":[{\"@type\":\"Article\",\"@id\":\"https:\\\/\\\/lasentinelle.dz\\\/index.php\\\/2025\\\/12\\\/10\\\/education-nationale-sadaoui-fixe-la-date-de-remise-des-bulletins-au-18-decembre\\\/#article\",\"isPartOf\":{\"@id\":\"https:\\\/\\\/lasentinelle.dz\\\/index.php\\\/2025\\\/12\\\/10\\\/education-nationale-sadaoui-fixe-la-date-de-remise-des-bulletins-au-18-decembre\\\/\"},\"author\":{\"name\":\"admin\",\"@id\":\"https:\\\/\\\/lasentinelle.dz\\\/#\\\/schema\\\/person\\\/729ee0024f24e0b8c5ec17232f8e8b41\"},\"headline\":\"\u00c9ducation\u00a0nationale\u00a0:\u00a0Sadaoui\u00a0fixe la date de remise\u00a0des bulletins\u00a0au\u00a018 d\u00e9cembre\",\"datePublished\":\"2025-12-10T18:54:08+00:00\",\"dateModified\":\"2025-12-10T18:54:10+00:00\",\"mainEntityOfPage\":{\"@id\":\"https:\\\/\\\/lasentinelle.dz\\\/index.php\\\/2025\\\/12\\\/10\\\/education-nationale-sadaoui-fixe-la-date-de-remise-des-bulletins-au-18-decembre\\\/\"},\"wordCount\":688,\"commentCount\":0,\"publisher\":{\"@id\":\"https:\\\/\\\/lasentinelle.dz\\\/#organization\"},\"image\":{\"@id\":\"https:\\\/\\\/lasentinelle.dz\\\/index.php\\\/2025\\\/12\\\/10\\\/education-nationale-sadaoui-fixe-la-date-de-remise-des-bulletins-au-18-decembre\\\/#primaryimage\"},\"thumbnailUrl\":\"https:\\\/\\\/lasentinelle.dz\\\/wp-content\\\/uploads\\\/2024\\\/12\\\/saadaoui-1.jpg\",\"articleSection\":[\"Actualit\u00e9\"],\"inLanguage\":\"fr-FR\",\"potentialAction\":[{\"@type\":\"CommentAction\",\"name\":\"Comment\",\"target\":[\"https:\\\/\\\/lasentinelle.dz\\\/index.php\\\/2025\\\/12\\\/10\\\/education-nationale-sadaoui-fixe-la-date-de-remise-des-bulletins-au-18-decembre\\\/#respond\"]}]},{\"@type\":\"WebPage\",\"@id\":\"https:\\\/\\\/lasentinelle.dz\\\/index.php\\\/2025\\\/12\\\/10\\\/education-nationale-sadaoui-fixe-la-date-de-remise-des-bulletins-au-18-decembre\\\/\",\"url\":\"https:\\\/\\\/lasentinelle.dz\\\/index.php\\\/2025\\\/12\\\/10\\\/education-nationale-sadaoui-fixe-la-date-de-remise-des-bulletins-au-18-decembre\\\/\",\"name\":\"\u00c9ducation\u00a0nationale\u00a0:\u00a0Sadaoui\u00a0fixe la date de remise\u00a0des bulletins\u00a0au\u00a018 d\u00e9cembre - La Sentinelle\",\"isPartOf\":{\"@id\":\"https:\\\/\\\/lasentinelle.dz\\\/#website\"},\"primaryImageOfPage\":{\"@id\":\"https:\\\/\\\/lasentinelle.dz\\\/index.php\\\/2025\\\/12\\\/10\\\/education-nationale-sadaoui-fixe-la-date-de-remise-des-bulletins-au-18-decembre\\\/#primaryimage\"},\"image\":{\"@id\":\"https:\\\/\\\/lasentinelle.dz\\\/index.php\\\/2025\\\/12\\\/10\\\/education-nationale-sadaoui-fixe-la-date-de-remise-des-bulletins-au-18-decembre\\\/#primaryimage\"},\"thumbnailUrl\":\"https:\\\/\\\/lasentinelle.dz\\\/wp-content\\\/uploads\\\/2024\\\/12\\\/saadaoui-1.jpg\",\"datePublished\":\"2025-12-10T18:54:08+00:00\",\"dateModified\":\"2025-12-10T18:54:10+00:00\",\"breadcrumb\":{\"@id\":\"https:\\\/\\\/lasentinelle.dz\\\/index.php\\\/2025\\\/12\\\/10\\\/education-nationale-sadaoui-fixe-la-date-de-remise-des-bulletins-au-18-decembre\\\/#breadcrumb\"},\"inLanguage\":\"fr-FR\",\"potentialAction\":[{\"@type\":\"ReadAction\",\"target\":[\"https:\\\/\\\/lasentinelle.dz\\\/index.php\\\/2025\\\/12\\\/10\\\/education-nationale-sadaoui-fixe-la-date-de-remise-des-bulletins-au-18-decembre\\\/\"]}]},{\"@type\":\"ImageObject\",\"inLanguage\":\"fr-FR\",\"@id\":\"https:\\\/\\\/lasentinelle.dz\\\/index.php\\\/2025\\\/12\\\/10\\\/education-nationale-sadaoui-fixe-la-date-de-remise-des-bulletins-au-18-decembre\\\/#primaryimage\",\"url\":\"https:\\\/\\\/lasentinelle.dz\\\/wp-content\\\/uploads\\\/2024\\\/12\\\/saadaoui-1.jpg\",\"contentUrl\":\"https:\\\/\\\/lasentinelle.dz\\\/wp-content\\\/uploads\\\/2024\\\/12\\\/saadaoui-1.jpg\",\"width\":1264,\"height\":837},{\"@type\":\"BreadcrumbList\",\"@id\":\"https:\\\/\\\/lasentinelle.dz\\\/index.php\\\/2025\\\/12\\\/10\\\/education-nationale-sadaoui-fixe-la-date-de-remise-des-bulletins-au-18-decembre\\\/#breadcrumb\",\"itemListElement\":[{\"@type\":\"ListItem\",\"position\":1,\"name\":\"Accueil\",\"item\":\"https:\\\/\\\/lasentinelle.dz\\\/\"},{\"@type\":\"ListItem\",\"position\":2,\"name\":\"\u00c9ducation\u00a0nationale\u00a0:\u00a0Sadaoui\u00a0fixe la date de remise\u00a0des bulletins\u00a0au\u00a018 d\u00e9cembre\"}]},{\"@type\":\"WebSite\",\"@id\":\"https:\\\/\\\/lasentinelle.dz\\\/#website\",\"url\":\"https:\\\/\\\/lasentinelle.dz\\\/\",\"name\":\"La Sentinelle\",\"description\":\"Quotidien national d&#039;information\",\"publisher\":{\"@id\":\"https:\\\/\\\/lasentinelle.dz\\\/#organization\"},\"potentialAction\":[{\"@type\":\"SearchAction\",\"target\":{\"@type\":\"EntryPoint\",\"urlTemplate\":\"https:\\\/\\\/lasentinelle.dz\\\/?s={search_term_string}\"},\"query-input\":{\"@type\":\"PropertyValueSpecification\",\"valueRequired\":true,\"valueName\":\"search_term_string\"}}],\"inLanguage\":\"fr-FR\"},{\"@type\":\"Organization\",\"@id\":\"https:\\\/\\\/lasentinelle.dz\\\/#organization\",\"name\":\"Quotidien La Sentinelle\",\"url\":\"https:\\\/\\\/lasentinelle.dz\\\/\",\"logo\":{\"@type\":\"ImageObject\",\"inLanguage\":\"fr-FR\",\"@id\":\"https:\\\/\\\/lasentinelle.dz\\\/#\\\/schema\\\/logo\\\/image\\\/\",\"url\":\"https:\\\/\\\/lasentinelle.dz\\\/wp-content\\\/uploads\\\/2021\\\/09\\\/logo-sentinelleSLOGAN-1.png\",\"contentUrl\":\"https:\\\/\\\/lasentinelle.dz\\\/wp-content\\\/uploads\\\/2021\\\/09\\\/logo-sentinelleSLOGAN-1.png\",\"width\":615,\"height\":142,\"caption\":\"Quotidien La Sentinelle\"},\"image\":{\"@id\":\"https:\\\/\\\/lasentinelle.dz\\\/#\\\/schema\\\/logo\\\/image\\\/\"},\"sameAs\":[\"https:\\\/\\\/www.facebook.com\\\/La-Sentinelle-104059864394773\"]},{\"@type\":\"Person\",\"@id\":\"https:\\\/\\\/lasentinelle.dz\\\/#\\\/schema\\\/person\\\/729ee0024f24e0b8c5ec17232f8e8b41\",\"name\":\"admin\",\"image\":{\"@type\":\"ImageObject\",\"inLanguage\":\"fr-FR\",\"@id\":\"https:\\\/\\\/secure.gravatar.com\\\/avatar\\\/4c81fed838786e9b53f540bf46533e750f5d292099ae3b66cfc6fb1982e29df7?s=96&d=mm&r=g\",\"url\":\"https:\\\/\\\/secure.gravatar.com\\\/avatar\\\/4c81fed838786e9b53f540bf46533e750f5d292099ae3b66cfc6fb1982e29df7?s=96&d=mm&r=g\",\"contentUrl\":\"https:\\\/\\\/secure.gravatar.com\\\/avatar\\\/4c81fed838786e9b53f540bf46533e750f5d292099ae3b66cfc6fb1982e29df7?s=96&d=mm&r=g\",\"caption\":\"admin\"},\"description\":\"admin\",\"url\":\"https:\\\/\\\/lasentinelle.dz\\\/author\\\/admin\\\/\"}]}<\/script>\n<!-- \/ Yoast SEO plugin. -->","yoast_head_json":{"title":"\u00c9ducation\u00a0nationale\u00a0:\u00a0Sadaoui\u00a0fixe la date de remise\u00a0des bulletins\u00a0au\u00a018 d\u00e9cembre - La Sentinelle","robots":{"index":"index","follow":"follow","max-snippet":"max-snippet:-1","max-image-preview":"max-image-preview:large","max-video-preview":"max-video-preview:-1"},"canonical":"https:\/\/lasentinelle.dz\/index.php\/2025\/12\/10\/education-nationale-sadaoui-fixe-la-date-de-remise-des-bulletins-au-18-decembre\/","og_locale":"fr_FR","og_type":"article","og_title":"\u00c9ducation\u00a0nationale\u00a0:\u00a0Sadaoui\u00a0fixe la date de remise\u00a0des bulletins\u00a0au\u00a018 d\u00e9cembre - La Sentinelle","og_description":"Le ministre de l&rsquo;\u00c9ducation nationale a pr\u00e9sid\u00e9 mardi une conf\u00e9rence nationale par visioconf\u00e9rence pour \u00e9valuer le premier trimestre scolaire, insistant","og_url":"https:\/\/lasentinelle.dz\/index.php\/2025\/12\/10\/education-nationale-sadaoui-fixe-la-date-de-remise-des-bulletins-au-18-decembre\/","og_site_name":"La Sentinelle","article_publisher":"https:\/\/www.facebook.com\/La-Sentinelle-104059864394773","article_published_time":"2025-12-10T18:54:08+00:00","article_modified_time":"2025-12-10T18:54:10+00:00","og_image":[{"width":1264,"height":837,"url":"https:\/\/lasentinelle.dz\/wp-content\/uploads\/2024\/12\/saadaoui-1.jpg","type":"image\/jpeg"}],"author":"admin","twitter_card":"summary_large_image","twitter_misc":{"\u00c9crit par":"admin","Dur\u00e9e de lecture estim\u00e9e":"4 minutes"},"schema":{"@context":"https:\/\/schema.org","@graph":[{"@type":"Article","@id":"https:\/\/lasentinelle.dz\/index.php\/2025\/12\/10\/education-nationale-sadaoui-fixe-la-date-de-remise-des-bulletins-au-18-decembre\/#article","isPartOf":{"@id":"https:\/\/lasentinelle.dz\/index.php\/2025\/12\/10\/education-nationale-sadaoui-fixe-la-date-de-remise-des-bulletins-au-18-decembre\/"},"author":{"name":"admin","@id":"https:\/\/lasentinelle.dz\/#\/schema\/person\/729ee0024f24e0b8c5ec17232f8e8b41"},"headline":"\u00c9ducation\u00a0nationale\u00a0:\u00a0Sadaoui\u00a0fixe la date de remise\u00a0des bulletins\u00a0au\u00a018 d\u00e9cembre","datePublished":"2025-12-10T18:54:08+00:00","dateModified":"2025-12-10T18:54:10+00:00","mainEntityOfPage":{"@id":"https:\/\/lasentinelle.dz\/index.php\/2025\/12\/10\/education-nationale-sadaoui-fixe-la-date-de-remise-des-bulletins-au-18-decembre\/"},"wordCount":688,"commentCount":0,"publisher":{"@id":"https:\/\/lasentinelle.dz\/#organization"},"image":{"@id":"https:\/\/lasentinelle.dz\/index.php\/2025\/12\/10\/education-nationale-sadaoui-fixe-la-date-de-remise-des-bulletins-au-18-decembre\/#primaryimage"},"thumbnailUrl":"https:\/\/lasentinelle.dz\/wp-content\/uploads\/2024\/12\/saadaoui-1.jpg","articleSection":["Actualit\u00e9"],"inLanguage":"fr-FR","potentialAction":[{"@type":"CommentAction","name":"Comment","target":["https:\/\/lasentinelle.dz\/index.php\/2025\/12\/10\/education-nationale-sadaoui-fixe-la-date-de-remise-des-bulletins-au-18-decembre\/#respond"]}]},{"@type":"WebPage","@id":"https:\/\/lasentinelle.dz\/index.php\/2025\/12\/10\/education-nationale-sadaoui-fixe-la-date-de-remise-des-bulletins-au-18-decembre\/","url":"https:\/\/lasentinelle.dz\/index.php\/2025\/12\/10\/education-nationale-sadaoui-fixe-la-date-de-remise-des-bulletins-au-18-decembre\/","name":"\u00c9ducation\u00a0nationale\u00a0:\u00a0Sadaoui\u00a0fixe la date de remise\u00a0des bulletins\u00a0au\u00a018 d\u00e9cembre - La Sentinelle","isPartOf":{"@id":"https:\/\/lasentinelle.dz\/#website"},"primaryImageOfPage":{"@id":"https:\/\/lasentinelle.dz\/index.php\/2025\/12\/10\/education-nationale-sadaoui-fixe-la-date-de-remise-des-bulletins-au-18-decembre\/#primaryimage"},"image":{"@id":"https:\/\/lasentinelle.dz\/index.php\/2025\/12\/10\/education-nationale-sadaoui-fixe-la-date-de-remise-des-bulletins-au-18-decembre\/#primaryimage"},"thumbnailUrl":"https:\/\/lasentinelle.dz\/wp-content\/uploads\/2024\/12\/saadaoui-1.jpg","datePublished":"2025-12-10T18:54:08+00:00","dateModified":"2025-12-10T18:54:10+00:00","breadcrumb":{"@id":"https:\/\/lasentinelle.dz\/index.php\/2025\/12\/10\/education-nationale-sadaoui-fixe-la-date-de-remise-des-bulletins-au-18-decembre\/#breadcrumb"},"inLanguage":"fr-FR","potentialAction":[{"@type":"ReadAction","target":["https:\/\/lasentinelle.dz\/index.php\/2025\/12\/10\/education-nationale-sadaoui-fixe-la-date-de-remise-des-bulletins-au-18-decembre\/"]}]},{"@type":"ImageObject","inLanguage":"fr-FR","@id":"https:\/\/lasentinelle.dz\/index.php\/2025\/12\/10\/education-nationale-sadaoui-fixe-la-date-de-remise-des-bulletins-au-18-decembre\/#primaryimage","url":"https:\/\/lasentinelle.dz\/wp-content\/uploads\/2024\/12\/saadaoui-1.jpg","contentUrl":"https:\/\/lasentinelle.dz\/wp-content\/uploads\/2024\/12\/saadaoui-1.jpg","width":1264,"height":837},{"@type":"BreadcrumbList","@id":"https:\/\/lasentinelle.dz\/index.php\/2025\/12\/10\/education-nationale-sadaoui-fixe-la-date-de-remise-des-bulletins-au-18-decembre\/#breadcrumb","itemListElement":[{"@type":"ListItem","position":1,"name":"Accueil","item":"https:\/\/lasentinelle.dz\/"},{"@type":"ListItem","position":2,"name":"\u00c9ducation\u00a0nationale\u00a0:\u00a0Sadaoui\u00a0fixe la date de remise\u00a0des bulletins\u00a0au\u00a018 d\u00e9cembre"}]},{"@type":"WebSite","@id":"https:\/\/lasentinelle.dz\/#website","url":"https:\/\/lasentinelle.dz\/","name":"La Sentinelle","description":"Quotidien national d&#039;information","publisher":{"@id":"https:\/\/lasentinelle.dz\/#organization"},"potentialAction":[{"@type":"SearchAction","target":{"@type":"EntryPoint","urlTemplate":"https:\/\/lasentinelle.dz\/?s={search_term_string}"},"query-input":{"@type":"PropertyValueSpecification","valueRequired":true,"valueName":"search_term_string"}}],"inLanguage":"fr-FR"},{"@type":"Organization","@id":"https:\/\/lasentinelle.dz\/#organization","name":"Quotidien La Sentinelle","url":"https:\/\/lasentinelle.dz\/","logo":{"@type":"ImageObject","inLanguage":"fr-FR","@id":"https:\/\/lasentinelle.dz\/#\/schema\/logo\/image\/","url":"https:\/\/lasentinelle.dz\/wp-content\/uploads\/2021\/09\/logo-sentinelleSLOGAN-1.png","contentUrl":"https:\/\/lasentinelle.dz\/wp-content\/uploads\/2021\/09\/logo-sentinelleSLOGAN-1.png","width":615,"height":142,"caption":"Quotidien La Sentinelle"},"image":{"@id":"https:\/\/lasentinelle.dz\/#\/schema\/logo\/image\/"},"sameAs":["https:\/\/www.facebook.com\/La-Sentinelle-104059864394773"]},{"@type":"Person","@id":"https:\/\/lasentinelle.dz\/#\/schema\/person\/729ee0024f24e0b8c5ec17232f8e8b41","name":"admin","image":{"@type":"ImageObject","inLanguage":"fr-FR","@id":"https:\/\/secure.gravatar.com\/avatar\/4c81fed838786e9b53f540bf46533e750f5d292099ae3b66cfc6fb1982e29df7?s=96&d=mm&r=g","url":"https:\/\/secure.gravatar.com\/avatar\/4c81fed838786e9b53f540bf46533e750f5d292099ae3b66cfc6fb1982e29df7?s=96&d=mm&r=g","contentUrl":"https:\/\/secure.gravatar.com\/avatar\/4c81fed838786e9b53f540bf46533e750f5d292099ae3b66cfc6fb1982e29df7?s=96&d=mm&r=g","caption":"admin"},"description":"admin","url":"https:\/\/lasentinelle.dz\/author\/admin\/"}]}},"_links":{"self":[{"href":"https:\/\/lasentinelle.dz\/index.php\/wp-json\/wp\/v2\/posts\/77648","targetHints":{"allow":["GET"]}}],"collection":[{"href":"https:\/\/lasentinelle.dz\/index.php\/wp-json\/wp\/v2\/posts"}],"about":[{"href":"https:\/\/lasentinelle.dz\/index.php\/wp-json\/wp\/v2\/types\/post"}],"author":[{"embeddable":true,"href":"https:\/\/lasentinelle.dz\/index.php\/wp-json\/wp\/v2\/users\/6"}],"replies":[{"embeddable":true,"href":"https:\/\/lasentinelle.dz\/index.php\/wp-json\/wp\/v2\/comments?post=77648"}],"version-history":[{"count":1,"href":"https:\/\/lasentinelle.dz\/index.php\/wp-json\/wp\/v2\/posts\/77648\/revisions"}],"predecessor-version":[{"id":77649,"href":"https:\/\/lasentinelle.dz\/index.php\/wp-json\/wp\/v2\/posts\/77648\/revisions\/77649"}],"wp:featuredmedia":[{"embeddable":true,"href":"https:\/\/lasentinelle.dz\/index.php\/wp-json\/wp\/v2\/media\/60657"}],"wp:attachment":[{"href":"https:\/\/lasentinelle.dz\/index.php\/wp-json\/wp\/v2\/media?parent=77648"}],"wp:term":[{"taxonomy":"category","embeddable":true,"href":"https:\/\/lasentinelle.dz\/index.php\/wp-json\/wp\/v2\/categories?post=77648"},{"taxonomy":"post_tag","embeddable":true,"href":"https:\/\/lasentinelle.dz\/index.php\/wp-json\/wp\/v2\/tags?post=77648"}],"curies":[{"name":"wp","href":"https:\/\/api.w.org\/{rel}","templated":true}]}}