{"id":77655,"date":"2025-12-10T20:01:55","date_gmt":"2025-12-10T19:01:55","guid":{"rendered":"https:\/\/lasentinelle.dz\/?p=77655"},"modified":"2025-12-10T20:02:03","modified_gmt":"2025-12-10T19:02:03","slug":"legislatives-et-locales-2026-lanie-anticipe-le-nouveau-decoupage-territorial","status":"publish","type":"post","link":"https:\/\/lasentinelle.dz\/index.php\/2025\/12\/10\/legislatives-et-locales-2026-lanie-anticipe-le-nouveau-decoupage-territorial\/","title":{"rendered":"L\u00e9gislatives et locales 2026\u00a0: L&rsquo;ANIE anticipe le nouveau d\u00e9coupage territorial"},"content":{"rendered":"\n<p>Alors que la classe politique se mobilise en vue des prochaines \u00e9ch\u00e9ances \u00e9lectorales, l&rsquo;Autorit\u00e9 nationale ind\u00e9pendante des \u00e9lections assure \u00eatre pr\u00eate \u00e0 organiser le scrutin dans les onze nouvelles wilayas, avec une r\u00e9partition du corps \u00e9lectoral d\u00e9j\u00e0 finalis\u00e9e sur la base des donn\u00e9es de la pr\u00e9sidentielle de 2024.<\/p>\n\n\n\n<p>L&rsquo;Autorit\u00e9 nationale ind\u00e9pendante des \u00e9lections affiche sa pr\u00e9paration pour les l\u00e9gislatives et locales de 2026. Mercredi \u00e0 Alger, devant la commission des affaires juridiques et administratives du Conseil de la nation, son pr\u00e9sident par int\u00e9rim Karim Khelfane a d\u00e9taill\u00e9 le dispositif mis en place pour adapter le corps \u00e9lectoral au nouveau d\u00e9coupage administratif du pays. Une anticipation rendue n\u00e9cessaire par la promotion r\u00e9cente de onze circonscriptions des Hauts Plateaux au rang de wilayas \u00e0 part enti\u00e8re, d\u00e9cid\u00e9e par le Conseil des ministres le 16 novembre dernier.&nbsp;Face aux parlementaires r\u00e9unis pour examiner le projet de loi modifiant l&rsquo;organisation territoriale, Karim Khelfane s&rsquo;est voulu rassurant. \u00abNous sommes pr\u00eats \u00e0 organiser des \u00e9ch\u00e9ances \u00e9lectorales dans ces nouvelles wilayas cr\u00e9\u00e9es. Nous sommes venus pour rassurer tout le monde, en consid\u00e9rant que ce travail a \u00e9t\u00e9 men\u00e9 de mani\u00e8re anticipative, car il est de notre devoir de pr\u00e9voir les choses, d&rsquo;anticiper et de pr\u00e9parer l&rsquo;avenir, \u00e9tant donn\u00e9 qu&rsquo;il y aura des \u00e9ch\u00e9ances importantes \u00e0 venir dans la vie institutionnelle et politique du pays\u00bb, a-t-il affirm\u00e9. Une d\u00e9claration qui intervient alors que les formations politiques commencent d\u00e9j\u00e0 \u00e0 se positionner pour les scrutins l\u00e9gislatif et locaux pr\u00e9vus l&rsquo;ann\u00e9e prochaine.<\/p>\n\n\n\n<p>Pour mener \u00e0 bien cette mission complexe, l&rsquo;ANIE a constitu\u00e9 d\u00e8s le 16 novembre une commission sp\u00e9ciale compos\u00e9e de membres du Conseil de l&rsquo;Autorit\u00e9 et de cadres techniques. Leur mandat consiste \u00e0 \u00e9laborer une vision compl\u00e8te concernant la r\u00e9partition du corps \u00e9lectoral dans les nouvelles wilayas et \u00e0 l&rsquo;int\u00e9grer dans le projet de loi modifiant la loi du 4 f\u00e9vrier 1984 relative \u00e0 l&rsquo;organisation territoriale. La commission s&rsquo;appuie sur les donn\u00e9es de la r\u00e9vision exceptionnelle des listes \u00e9lectorales effectu\u00e9e du 12 au 27 juin 2024, en pr\u00e9vision de l&rsquo;\u00e9lection pr\u00e9sidentielle anticip\u00e9e du 7 septembre de la m\u00eame ann\u00e9e, qui avait enregistr\u00e9 un total de 24.351.551 \u00e9lecteurs, communaut\u00e9 alg\u00e9rienne \u00e0 l&rsquo;\u00e9tranger comprise.&nbsp;Il a par ailleurs soulign\u00e9 que ce nouveau d\u00e9coupage territorial r\u00e9pondait \u00e0 des objectifs pr\u00e9cis et n&rsquo;avait pas \u00e9t\u00e9 r\u00e9alis\u00e9 de mani\u00e8re arbitraire, \u00e0 l&rsquo;instar des dix wilayas cr\u00e9\u00e9es pr\u00e9c\u00e9demment.<\/p>\n\n\n\n<p>La mise \u00e0 jour d\u00e9finitive de la r\u00e9partition du corps \u00e9lectoral interviendra \u00e0 l&rsquo;issue de la p\u00e9riode des recours li\u00e9s \u00e0 la r\u00e9vision annuelle des listes \u00e9lectorales pour 2025. Le dernier d\u00e9lai de r\u00e9ception des recours, initialement fix\u00e9 au 19 d\u00e9cembre, a \u00e9t\u00e9 prolong\u00e9 jusqu&rsquo;au dimanche 21 d\u00e9cembre pour permettre d&rsquo;\u00e9tablir un bilan global \u00e0 travers les 69 wilayas et les 117 centres diplomatiques et consulaires r\u00e9partis dans le monde.&nbsp;<\/p>\n\n\n\n<p>Cette audience s&rsquo;est tenue quelques heures apr\u00e8s la rencontre entre Karim Khelfane et le pr\u00e9sident du Conseil de la nation, Azzouze Nasri, qui a insist\u00e9 sur l&rsquo;importance de la coordination entre les institutions nationales pour consolider la gouvernance et renforcer les r\u00e9formes engag\u00e9es par le pays. De son c\u00f4t\u00e9, le responsable de l&rsquo;ANIE a r\u00e9affirm\u00e9 la disponibilit\u00e9 de son institution \u00e0 maintenir le dialogue avec l&rsquo;ensemble des organes constitutionnels afin de renforcer la pratique d\u00e9mocratique et la culture de participation citoyenne. Dans ce contexte de mobilisation g\u00e9n\u00e9rale de la classe politique pour les \u00e9ch\u00e9ances de 2026, l&rsquo;Autorit\u00e9 entend d\u00e9montrer sa capacit\u00e9 \u00e0 garantir la transparence et la r\u00e9gularit\u00e9 du processus \u00e9lectoral sur l&rsquo;ensemble du territoire national, y compris dans les nouvelles wilayas des Hauts Plateaux.<\/p>\n\n\n\n<p>Hocine Fadheli<\/p>\n","protected":false},"excerpt":{"rendered":"<p>Alors que la classe politique se mobilise en vue des prochaines \u00e9ch\u00e9ances \u00e9lectorales, l&rsquo;Autorit\u00e9 nationale ind\u00e9pendante des \u00e9lections assure \u00eatre<\/p>\n","protected":false},"author":6,"featured_media":77656,"comment_status":"open","ping_status":"closed","sticky":false,"template":"","format":"standard","meta":{"colormag_page_container_layout":"default_layout","colormag_page_sidebar_layout":"default_layout","om_disable_all_campaigns":false,"_monsterinsights_skip_tracking":false,"_monsterinsights_sitenote_active":false,"_monsterinsights_sitenote_note":"","_monsterinsights_sitenote_category":0,"footnotes":"","_wpscppro_dont_share_socialmedia":false,"_wpscppro_custom_social_share_image":0,"_facebook_share_type":"default","_twitter_share_type":"default","_linkedin_share_type":"default","_pinterest_share_type":"default","_linkedin_share_type_page":"","_instagram_share_type":"default","_medium_share_type":"default","_threads_share_type":"default","_google_business_share_type":"default","_selected_social_profile":[],"_wpsp_enable_custom_social_template":false,"_wpsp_social_scheduling":{"enabled":false,"datetime":null,"platforms":[],"status":"template_only","dateOption":"today","timeOption":"now","customDays":"","customHours":"","customDate":"","customTime":"","schedulingType":"absolute"},"_wpsp_active_default_template":true},"categories":[52,27],"tags":[],"class_list":["post-77655","post","type-post","status-publish","format-standard","has-post-thumbnail","hentry","category-a-la-une","category-actualite"],"aioseo_notices":[],"yoast_head":"<!-- This site is optimized with the Yoast SEO plugin v27.5 - https:\/\/yoast.com\/product\/yoast-seo-wordpress\/ -->\n<title>L\u00e9gislatives et locales 2026\u00a0: L&rsquo;ANIE anticipe le nouveau d\u00e9coupage territorial - La Sentinelle<\/title>\n<meta name=\"robots\" content=\"index, follow, max-snippet:-1, max-image-preview:large, max-video-preview:-1\" \/>\n<link rel=\"canonical\" href=\"https:\/\/lasentinelle.dz\/index.php\/2025\/12\/10\/legislatives-et-locales-2026-lanie-anticipe-le-nouveau-decoupage-territorial\/\" \/>\n<meta property=\"og:locale\" content=\"fr_FR\" \/>\n<meta property=\"og:type\" content=\"article\" \/>\n<meta property=\"og:title\" content=\"L\u00e9gislatives et locales 2026\u00a0: L&rsquo;ANIE anticipe le nouveau d\u00e9coupage territorial - La Sentinelle\" \/>\n<meta property=\"og:description\" content=\"Alors que la classe politique se mobilise en vue des prochaines \u00e9ch\u00e9ances \u00e9lectorales, l&rsquo;Autorit\u00e9 nationale ind\u00e9pendante des \u00e9lections assure \u00eatre\" \/>\n<meta property=\"og:url\" content=\"https:\/\/lasentinelle.dz\/index.php\/2025\/12\/10\/legislatives-et-locales-2026-lanie-anticipe-le-nouveau-decoupage-territorial\/\" \/>\n<meta property=\"og:site_name\" content=\"La Sentinelle\" \/>\n<meta property=\"article:publisher\" content=\"https:\/\/www.facebook.com\/La-Sentinelle-104059864394773\" \/>\n<meta property=\"article:published_time\" content=\"2025-12-10T19:01:55+00:00\" \/>\n<meta property=\"article:modified_time\" content=\"2025-12-10T19:02:03+00:00\" \/>\n<meta property=\"og:image\" content=\"https:\/\/lasentinelle.dz\/wp-content\/uploads\/2025\/12\/Khalfane.jpeg\" \/>\n\t<meta property=\"og:image:width\" content=\"2048\" \/>\n\t<meta property=\"og:image:height\" content=\"1365\" \/>\n\t<meta property=\"og:image:type\" content=\"image\/jpeg\" \/>\n<meta name=\"author\" content=\"admin\" \/>\n<meta name=\"twitter:card\" content=\"summary_large_image\" \/>\n<meta name=\"twitter:label1\" content=\"\u00c9crit par\" \/>\n\t<meta name=\"twitter:data1\" content=\"admin\" \/>\n\t<meta name=\"twitter:label2\" content=\"Dur\u00e9e de lecture estim\u00e9e\" \/>\n\t<meta name=\"twitter:data2\" content=\"4 minutes\" \/>\n<script type=\"application\/ld+json\" class=\"yoast-schema-graph\">{\"@context\":\"https:\\\/\\\/schema.org\",\"@graph\":[{\"@type\":\"Article\",\"@id\":\"https:\\\/\\\/lasentinelle.dz\\\/index.php\\\/2025\\\/12\\\/10\\\/legislatives-et-locales-2026-lanie-anticipe-le-nouveau-decoupage-territorial\\\/#article\",\"isPartOf\":{\"@id\":\"https:\\\/\\\/lasentinelle.dz\\\/index.php\\\/2025\\\/12\\\/10\\\/legislatives-et-locales-2026-lanie-anticipe-le-nouveau-decoupage-territorial\\\/\"},\"author\":{\"name\":\"admin\",\"@id\":\"https:\\\/\\\/lasentinelle.dz\\\/#\\\/schema\\\/person\\\/729ee0024f24e0b8c5ec17232f8e8b41\"},\"headline\":\"L\u00e9gislatives et locales 2026\u00a0: L&rsquo;ANIE anticipe le nouveau d\u00e9coupage territorial\",\"datePublished\":\"2025-12-10T19:01:55+00:00\",\"dateModified\":\"2025-12-10T19:02:03+00:00\",\"mainEntityOfPage\":{\"@id\":\"https:\\\/\\\/lasentinelle.dz\\\/index.php\\\/2025\\\/12\\\/10\\\/legislatives-et-locales-2026-lanie-anticipe-le-nouveau-decoupage-territorial\\\/\"},\"wordCount\":666,\"commentCount\":0,\"publisher\":{\"@id\":\"https:\\\/\\\/lasentinelle.dz\\\/#organization\"},\"image\":{\"@id\":\"https:\\\/\\\/lasentinelle.dz\\\/index.php\\\/2025\\\/12\\\/10\\\/legislatives-et-locales-2026-lanie-anticipe-le-nouveau-decoupage-territorial\\\/#primaryimage\"},\"thumbnailUrl\":\"https:\\\/\\\/lasentinelle.dz\\\/wp-content\\\/uploads\\\/2025\\\/12\\\/Khalfane.jpeg\",\"articleSection\":[\"\u00c0 la Une\",\"Actualit\u00e9\"],\"inLanguage\":\"fr-FR\",\"potentialAction\":[{\"@type\":\"CommentAction\",\"name\":\"Comment\",\"target\":[\"https:\\\/\\\/lasentinelle.dz\\\/index.php\\\/2025\\\/12\\\/10\\\/legislatives-et-locales-2026-lanie-anticipe-le-nouveau-decoupage-territorial\\\/#respond\"]}]},{\"@type\":\"WebPage\",\"@id\":\"https:\\\/\\\/lasentinelle.dz\\\/index.php\\\/2025\\\/12\\\/10\\\/legislatives-et-locales-2026-lanie-anticipe-le-nouveau-decoupage-territorial\\\/\",\"url\":\"https:\\\/\\\/lasentinelle.dz\\\/index.php\\\/2025\\\/12\\\/10\\\/legislatives-et-locales-2026-lanie-anticipe-le-nouveau-decoupage-territorial\\\/\",\"name\":\"L\u00e9gislatives et locales 2026\u00a0: L&rsquo;ANIE anticipe le nouveau d\u00e9coupage territorial - La Sentinelle\",\"isPartOf\":{\"@id\":\"https:\\\/\\\/lasentinelle.dz\\\/#website\"},\"primaryImageOfPage\":{\"@id\":\"https:\\\/\\\/lasentinelle.dz\\\/index.php\\\/2025\\\/12\\\/10\\\/legislatives-et-locales-2026-lanie-anticipe-le-nouveau-decoupage-territorial\\\/#primaryimage\"},\"image\":{\"@id\":\"https:\\\/\\\/lasentinelle.dz\\\/index.php\\\/2025\\\/12\\\/10\\\/legislatives-et-locales-2026-lanie-anticipe-le-nouveau-decoupage-territorial\\\/#primaryimage\"},\"thumbnailUrl\":\"https:\\\/\\\/lasentinelle.dz\\\/wp-content\\\/uploads\\\/2025\\\/12\\\/Khalfane.jpeg\",\"datePublished\":\"2025-12-10T19:01:55+00:00\",\"dateModified\":\"2025-12-10T19:02:03+00:00\",\"breadcrumb\":{\"@id\":\"https:\\\/\\\/lasentinelle.dz\\\/index.php\\\/2025\\\/12\\\/10\\\/legislatives-et-locales-2026-lanie-anticipe-le-nouveau-decoupage-territorial\\\/#breadcrumb\"},\"inLanguage\":\"fr-FR\",\"potentialAction\":[{\"@type\":\"ReadAction\",\"target\":[\"https:\\\/\\\/lasentinelle.dz\\\/index.php\\\/2025\\\/12\\\/10\\\/legislatives-et-locales-2026-lanie-anticipe-le-nouveau-decoupage-territorial\\\/\"]}]},{\"@type\":\"ImageObject\",\"inLanguage\":\"fr-FR\",\"@id\":\"https:\\\/\\\/lasentinelle.dz\\\/index.php\\\/2025\\\/12\\\/10\\\/legislatives-et-locales-2026-lanie-anticipe-le-nouveau-decoupage-territorial\\\/#primaryimage\",\"url\":\"https:\\\/\\\/lasentinelle.dz\\\/wp-content\\\/uploads\\\/2025\\\/12\\\/Khalfane.jpeg\",\"contentUrl\":\"https:\\\/\\\/lasentinelle.dz\\\/wp-content\\\/uploads\\\/2025\\\/12\\\/Khalfane.jpeg\",\"width\":2048,\"height\":1365},{\"@type\":\"BreadcrumbList\",\"@id\":\"https:\\\/\\\/lasentinelle.dz\\\/index.php\\\/2025\\\/12\\\/10\\\/legislatives-et-locales-2026-lanie-anticipe-le-nouveau-decoupage-territorial\\\/#breadcrumb\",\"itemListElement\":[{\"@type\":\"ListItem\",\"position\":1,\"name\":\"Accueil\",\"item\":\"https:\\\/\\\/lasentinelle.dz\\\/\"},{\"@type\":\"ListItem\",\"position\":2,\"name\":\"L\u00e9gislatives et locales 2026\u00a0: L&rsquo;ANIE anticipe le nouveau d\u00e9coupage territorial\"}]},{\"@type\":\"WebSite\",\"@id\":\"https:\\\/\\\/lasentinelle.dz\\\/#website\",\"url\":\"https:\\\/\\\/lasentinelle.dz\\\/\",\"name\":\"La Sentinelle\",\"description\":\"Quotidien national d&#039;information\",\"publisher\":{\"@id\":\"https:\\\/\\\/lasentinelle.dz\\\/#organization\"},\"potentialAction\":[{\"@type\":\"SearchAction\",\"target\":{\"@type\":\"EntryPoint\",\"urlTemplate\":\"https:\\\/\\\/lasentinelle.dz\\\/?s={search_term_string}\"},\"query-input\":{\"@type\":\"PropertyValueSpecification\",\"valueRequired\":true,\"valueName\":\"search_term_string\"}}],\"inLanguage\":\"fr-FR\"},{\"@type\":\"Organization\",\"@id\":\"https:\\\/\\\/lasentinelle.dz\\\/#organization\",\"name\":\"Quotidien La Sentinelle\",\"url\":\"https:\\\/\\\/lasentinelle.dz\\\/\",\"logo\":{\"@type\":\"ImageObject\",\"inLanguage\":\"fr-FR\",\"@id\":\"https:\\\/\\\/lasentinelle.dz\\\/#\\\/schema\\\/logo\\\/image\\\/\",\"url\":\"https:\\\/\\\/lasentinelle.dz\\\/wp-content\\\/uploads\\\/2021\\\/09\\\/logo-sentinelleSLOGAN-1.png\",\"contentUrl\":\"https:\\\/\\\/lasentinelle.dz\\\/wp-content\\\/uploads\\\/2021\\\/09\\\/logo-sentinelleSLOGAN-1.png\",\"width\":615,\"height\":142,\"caption\":\"Quotidien La Sentinelle\"},\"image\":{\"@id\":\"https:\\\/\\\/lasentinelle.dz\\\/#\\\/schema\\\/logo\\\/image\\\/\"},\"sameAs\":[\"https:\\\/\\\/www.facebook.com\\\/La-Sentinelle-104059864394773\"]},{\"@type\":\"Person\",\"@id\":\"https:\\\/\\\/lasentinelle.dz\\\/#\\\/schema\\\/person\\\/729ee0024f24e0b8c5ec17232f8e8b41\",\"name\":\"admin\",\"image\":{\"@type\":\"ImageObject\",\"inLanguage\":\"fr-FR\",\"@id\":\"https:\\\/\\\/secure.gravatar.com\\\/avatar\\\/4c81fed838786e9b53f540bf46533e750f5d292099ae3b66cfc6fb1982e29df7?s=96&d=mm&r=g\",\"url\":\"https:\\\/\\\/secure.gravatar.com\\\/avatar\\\/4c81fed838786e9b53f540bf46533e750f5d292099ae3b66cfc6fb1982e29df7?s=96&d=mm&r=g\",\"contentUrl\":\"https:\\\/\\\/secure.gravatar.com\\\/avatar\\\/4c81fed838786e9b53f540bf46533e750f5d292099ae3b66cfc6fb1982e29df7?s=96&d=mm&r=g\",\"caption\":\"admin\"},\"description\":\"admin\",\"url\":\"https:\\\/\\\/lasentinelle.dz\\\/author\\\/admin\\\/\"}]}<\/script>\n<!-- \/ Yoast SEO plugin. -->","yoast_head_json":{"title":"L\u00e9gislatives et locales 2026\u00a0: L&rsquo;ANIE anticipe le nouveau d\u00e9coupage territorial - La Sentinelle","robots":{"index":"index","follow":"follow","max-snippet":"max-snippet:-1","max-image-preview":"max-image-preview:large","max-video-preview":"max-video-preview:-1"},"canonical":"https:\/\/lasentinelle.dz\/index.php\/2025\/12\/10\/legislatives-et-locales-2026-lanie-anticipe-le-nouveau-decoupage-territorial\/","og_locale":"fr_FR","og_type":"article","og_title":"L\u00e9gislatives et locales 2026\u00a0: L&rsquo;ANIE anticipe le nouveau d\u00e9coupage territorial - La Sentinelle","og_description":"Alors que la classe politique se mobilise en vue des prochaines \u00e9ch\u00e9ances \u00e9lectorales, l&rsquo;Autorit\u00e9 nationale ind\u00e9pendante des \u00e9lections assure \u00eatre","og_url":"https:\/\/lasentinelle.dz\/index.php\/2025\/12\/10\/legislatives-et-locales-2026-lanie-anticipe-le-nouveau-decoupage-territorial\/","og_site_name":"La Sentinelle","article_publisher":"https:\/\/www.facebook.com\/La-Sentinelle-104059864394773","article_published_time":"2025-12-10T19:01:55+00:00","article_modified_time":"2025-12-10T19:02:03+00:00","og_image":[{"width":2048,"height":1365,"url":"https:\/\/lasentinelle.dz\/wp-content\/uploads\/2025\/12\/Khalfane.jpeg","type":"image\/jpeg"}],"author":"admin","twitter_card":"summary_large_image","twitter_misc":{"\u00c9crit par":"admin","Dur\u00e9e de lecture estim\u00e9e":"4 minutes"},"schema":{"@context":"https:\/\/schema.org","@graph":[{"@type":"Article","@id":"https:\/\/lasentinelle.dz\/index.php\/2025\/12\/10\/legislatives-et-locales-2026-lanie-anticipe-le-nouveau-decoupage-territorial\/#article","isPartOf":{"@id":"https:\/\/lasentinelle.dz\/index.php\/2025\/12\/10\/legislatives-et-locales-2026-lanie-anticipe-le-nouveau-decoupage-territorial\/"},"author":{"name":"admin","@id":"https:\/\/lasentinelle.dz\/#\/schema\/person\/729ee0024f24e0b8c5ec17232f8e8b41"},"headline":"L\u00e9gislatives et locales 2026\u00a0: L&rsquo;ANIE anticipe le nouveau d\u00e9coupage territorial","datePublished":"2025-12-10T19:01:55+00:00","dateModified":"2025-12-10T19:02:03+00:00","mainEntityOfPage":{"@id":"https:\/\/lasentinelle.dz\/index.php\/2025\/12\/10\/legislatives-et-locales-2026-lanie-anticipe-le-nouveau-decoupage-territorial\/"},"wordCount":666,"commentCount":0,"publisher":{"@id":"https:\/\/lasentinelle.dz\/#organization"},"image":{"@id":"https:\/\/lasentinelle.dz\/index.php\/2025\/12\/10\/legislatives-et-locales-2026-lanie-anticipe-le-nouveau-decoupage-territorial\/#primaryimage"},"thumbnailUrl":"https:\/\/lasentinelle.dz\/wp-content\/uploads\/2025\/12\/Khalfane.jpeg","articleSection":["\u00c0 la Une","Actualit\u00e9"],"inLanguage":"fr-FR","potentialAction":[{"@type":"CommentAction","name":"Comment","target":["https:\/\/lasentinelle.dz\/index.php\/2025\/12\/10\/legislatives-et-locales-2026-lanie-anticipe-le-nouveau-decoupage-territorial\/#respond"]}]},{"@type":"WebPage","@id":"https:\/\/lasentinelle.dz\/index.php\/2025\/12\/10\/legislatives-et-locales-2026-lanie-anticipe-le-nouveau-decoupage-territorial\/","url":"https:\/\/lasentinelle.dz\/index.php\/2025\/12\/10\/legislatives-et-locales-2026-lanie-anticipe-le-nouveau-decoupage-territorial\/","name":"L\u00e9gislatives et locales 2026\u00a0: L&rsquo;ANIE anticipe le nouveau d\u00e9coupage territorial - La Sentinelle","isPartOf":{"@id":"https:\/\/lasentinelle.dz\/#website"},"primaryImageOfPage":{"@id":"https:\/\/lasentinelle.dz\/index.php\/2025\/12\/10\/legislatives-et-locales-2026-lanie-anticipe-le-nouveau-decoupage-territorial\/#primaryimage"},"image":{"@id":"https:\/\/lasentinelle.dz\/index.php\/2025\/12\/10\/legislatives-et-locales-2026-lanie-anticipe-le-nouveau-decoupage-territorial\/#primaryimage"},"thumbnailUrl":"https:\/\/lasentinelle.dz\/wp-content\/uploads\/2025\/12\/Khalfane.jpeg","datePublished":"2025-12-10T19:01:55+00:00","dateModified":"2025-12-10T19:02:03+00:00","breadcrumb":{"@id":"https:\/\/lasentinelle.dz\/index.php\/2025\/12\/10\/legislatives-et-locales-2026-lanie-anticipe-le-nouveau-decoupage-territorial\/#breadcrumb"},"inLanguage":"fr-FR","potentialAction":[{"@type":"ReadAction","target":["https:\/\/lasentinelle.dz\/index.php\/2025\/12\/10\/legislatives-et-locales-2026-lanie-anticipe-le-nouveau-decoupage-territorial\/"]}]},{"@type":"ImageObject","inLanguage":"fr-FR","@id":"https:\/\/lasentinelle.dz\/index.php\/2025\/12\/10\/legislatives-et-locales-2026-lanie-anticipe-le-nouveau-decoupage-territorial\/#primaryimage","url":"https:\/\/lasentinelle.dz\/wp-content\/uploads\/2025\/12\/Khalfane.jpeg","contentUrl":"https:\/\/lasentinelle.dz\/wp-content\/uploads\/2025\/12\/Khalfane.jpeg","width":2048,"height":1365},{"@type":"BreadcrumbList","@id":"https:\/\/lasentinelle.dz\/index.php\/2025\/12\/10\/legislatives-et-locales-2026-lanie-anticipe-le-nouveau-decoupage-territorial\/#breadcrumb","itemListElement":[{"@type":"ListItem","position":1,"name":"Accueil","item":"https:\/\/lasentinelle.dz\/"},{"@type":"ListItem","position":2,"name":"L\u00e9gislatives et locales 2026\u00a0: L&rsquo;ANIE anticipe le nouveau d\u00e9coupage territorial"}]},{"@type":"WebSite","@id":"https:\/\/lasentinelle.dz\/#website","url":"https:\/\/lasentinelle.dz\/","name":"La Sentinelle","description":"Quotidien national d&#039;information","publisher":{"@id":"https:\/\/lasentinelle.dz\/#organization"},"potentialAction":[{"@type":"SearchAction","target":{"@type":"EntryPoint","urlTemplate":"https:\/\/lasentinelle.dz\/?s={search_term_string}"},"query-input":{"@type":"PropertyValueSpecification","valueRequired":true,"valueName":"search_term_string"}}],"inLanguage":"fr-FR"},{"@type":"Organization","@id":"https:\/\/lasentinelle.dz\/#organization","name":"Quotidien La Sentinelle","url":"https:\/\/lasentinelle.dz\/","logo":{"@type":"ImageObject","inLanguage":"fr-FR","@id":"https:\/\/lasentinelle.dz\/#\/schema\/logo\/image\/","url":"https:\/\/lasentinelle.dz\/wp-content\/uploads\/2021\/09\/logo-sentinelleSLOGAN-1.png","contentUrl":"https:\/\/lasentinelle.dz\/wp-content\/uploads\/2021\/09\/logo-sentinelleSLOGAN-1.png","width":615,"height":142,"caption":"Quotidien La Sentinelle"},"image":{"@id":"https:\/\/lasentinelle.dz\/#\/schema\/logo\/image\/"},"sameAs":["https:\/\/www.facebook.com\/La-Sentinelle-104059864394773"]},{"@type":"Person","@id":"https:\/\/lasentinelle.dz\/#\/schema\/person\/729ee0024f24e0b8c5ec17232f8e8b41","name":"admin","image":{"@type":"ImageObject","inLanguage":"fr-FR","@id":"https:\/\/secure.gravatar.com\/avatar\/4c81fed838786e9b53f540bf46533e750f5d292099ae3b66cfc6fb1982e29df7?s=96&d=mm&r=g","url":"https:\/\/secure.gravatar.com\/avatar\/4c81fed838786e9b53f540bf46533e750f5d292099ae3b66cfc6fb1982e29df7?s=96&d=mm&r=g","contentUrl":"https:\/\/secure.gravatar.com\/avatar\/4c81fed838786e9b53f540bf46533e750f5d292099ae3b66cfc6fb1982e29df7?s=96&d=mm&r=g","caption":"admin"},"description":"admin","url":"https:\/\/lasentinelle.dz\/author\/admin\/"}]}},"_links":{"self":[{"href":"https:\/\/lasentinelle.dz\/index.php\/wp-json\/wp\/v2\/posts\/77655","targetHints":{"allow":["GET"]}}],"collection":[{"href":"https:\/\/lasentinelle.dz\/index.php\/wp-json\/wp\/v2\/posts"}],"about":[{"href":"https:\/\/lasentinelle.dz\/index.php\/wp-json\/wp\/v2\/types\/post"}],"author":[{"embeddable":true,"href":"https:\/\/lasentinelle.dz\/index.php\/wp-json\/wp\/v2\/users\/6"}],"replies":[{"embeddable":true,"href":"https:\/\/lasentinelle.dz\/index.php\/wp-json\/wp\/v2\/comments?post=77655"}],"version-history":[{"count":2,"href":"https:\/\/lasentinelle.dz\/index.php\/wp-json\/wp\/v2\/posts\/77655\/revisions"}],"predecessor-version":[{"id":77658,"href":"https:\/\/lasentinelle.dz\/index.php\/wp-json\/wp\/v2\/posts\/77655\/revisions\/77658"}],"wp:featuredmedia":[{"embeddable":true,"href":"https:\/\/lasentinelle.dz\/index.php\/wp-json\/wp\/v2\/media\/77656"}],"wp:attachment":[{"href":"https:\/\/lasentinelle.dz\/index.php\/wp-json\/wp\/v2\/media?parent=77655"}],"wp:term":[{"taxonomy":"category","embeddable":true,"href":"https:\/\/lasentinelle.dz\/index.php\/wp-json\/wp\/v2\/categories?post=77655"},{"taxonomy":"post_tag","embeddable":true,"href":"https:\/\/lasentinelle.dz\/index.php\/wp-json\/wp\/v2\/tags?post=77655"}],"curies":[{"name":"wp","href":"https:\/\/api.w.org\/{rel}","templated":true}]}}