{"id":77659,"date":"2025-12-10T20:04:19","date_gmt":"2025-12-10T19:04:19","guid":{"rendered":"https:\/\/lasentinelle.dz\/?p=77659"},"modified":"2025-12-10T20:04:20","modified_gmt":"2025-12-10T19:04:20","slug":"le-journaliste-algerien-mehdi-ghezzar-interpelle-puis-relache-en-france-le-double-langage-de-paris","status":"publish","type":"post","link":"https:\/\/lasentinelle.dz\/index.php\/2025\/12\/10\/le-journaliste-algerien-mehdi-ghezzar-interpelle-puis-relache-en-france-le-double-langage-de-paris\/","title":{"rendered":"Le journaliste alg\u00e9rien Mehdi Ghezzar interpell\u00e9 puis rel\u00e2ch\u00e9\u00a0en France\u00a0: Le double langage de Paris"},"content":{"rendered":"\n<p>Mehdi Ghezzar, entrepreneur et \u00e9ditorialiste de la cha\u00eene internationale AL24 News, a v\u00e9cu une interpellation qui illustre les contradictions de la relation franco-alg\u00e9rienne actuelle. Arr\u00eat\u00e9 mardi \u00e0 Paris pr\u00e8s de son domicile par les forces de l&rsquo;ordre fran\u00e7aises, le journaliste alg\u00e9rien s&rsquo;est vu signifier qu&rsquo;il \u00e9tait inscrit au fichier S ainsi qu&rsquo;au fichier des personnes recherch\u00e9es, selon l&rsquo;agence APS. Il s&rsquo;agit l\u00e0 de dispositifs d&rsquo;exception r\u00e9serv\u00e9s aux individus consid\u00e9r\u00e9s comme pouvant repr\u00e9senter une menace grave pour la s\u00fbret\u00e9 publique, ce qui soul\u00e8ve de nombreuses questions quant aux motifs d&rsquo;une telle classification.&nbsp;Retenu pendant plusieurs heures par la police fran\u00e7aise, Mehdi Ghezzar a \u00e9t\u00e9 rel\u00e2ch\u00e9 mercredi matin, comme il l&rsquo;a confirm\u00e9 lui-m\u00eame \u00e0 AL24 News. Cette interpellation intervient dans un contexte de harc\u00e8lement r\u00e9p\u00e9t\u00e9 dont se plaint le journaliste depuis plusieurs mois. \u00ab\u00a0Sans aucune raison, c&rsquo;est de l&rsquo;intimidation\u00a0\u00bb, d\u00e9plore-t-il, faisant \u00e9tat de contr\u00f4les syst\u00e9matiques lors de ses passages dans les a\u00e9roports parisiens, tant \u00e0 l&rsquo;entr\u00e9e qu&rsquo;\u00e0 la sortie du territoire fran\u00e7ais, dans un climat d&rsquo;hostilit\u00e9 qui ne cesse de s&rsquo;alourdir.<\/p>\n\n\n\n<p>La trajectoire professionnelle de Mehdi Ghezzar explique en partie l&rsquo;attention dont il fait l&rsquo;objet. Ancien chroniqueur de la radio RMC o\u00f9 il comptait parmi les voix les plus \u00e9cout\u00e9es de l&rsquo;\u00e9mission Les Grandes Gueules, il a \u00e9t\u00e9 \u00e9cart\u00e9 de l&rsquo;antenne \u00e0 la suite de ses prises de position sur le g\u00e9nocide \u00e0 Gaza et de propos controvers\u00e9s sur Andr\u00e9 Azoulay, conseiller du roi Mohammed VI, et le Maroc. D\u00e9sormais \u00e9ditorialiste chez la cha\u00eene publique AL24 News, il continue d&rsquo;exercer son m\u00e9tier tout en subissant cette pression administrative.<\/p>\n\n\n\n<p>L&rsquo;agence APS souligne un paradoxe troublant dans cette affaire. \u00ab\u00a0Finalement, et malgr\u00e9 le d\u00e9part de Retailleau, rien n&rsquo;a chang\u00e9 : ses m\u00e9thodes sont bien enracin\u00e9es au sein des institutions de la R\u00e9publique fran\u00e7aise\u00a0\u00bb, constate-elle. Bruno Retailleau, l&rsquo;ancien ministre de l&rsquo;Int\u00e9rieur connu&nbsp;ses positions anti-alg\u00e9riennes assum\u00e9es, a quitt\u00e9 le gouvernement d\u00e9but d\u00e9cembre dernier. Son successeur Laurent Nunez a pourtant apport\u00e9 un discours apais\u00e9 qui a permis de faire bouger les choses et de renouer le contact avec l&rsquo;Alg\u00e9rie. Le nouveau ministre de l&rsquo;Int\u00e9rieur est d&rsquo;ailleurs attendu \u00e0 Alger o\u00f9 il a \u00e9t\u00e9 pr\u00e9c\u00e9d\u00e9 fin novembre par la secr\u00e9taire g\u00e9n\u00e9rale du Quai d&rsquo;Orsay, Anne-Marie Desc\u00f4tes.&nbsp;Les pr\u00e9mices d&rsquo;un r\u00e9chauffement entre Alger et Paris constat\u00e9es depuis quelques semaines tardent manifestement \u00e0 se traduire en actes concrets sur le terrain, notamment du c\u00f4t\u00e9 fran\u00e7ais o\u00f9 les mesures ciblant sp\u00e9cifiquement les voyageurs alg\u00e9riens ont subitement refait surface. Les observateurs se demandent s&rsquo;il s&rsquo;agit d&rsquo;un double langage de Paris ou d&rsquo;une action n\u00e9faste des relais de l&rsquo;ancien ministre Retailleau dans l&rsquo;administration pour mettre en difficult\u00e9 Laurent Nunez dans son entreprise de renouer le dialogue avec l&rsquo;Alg\u00e9rie et bloquer la phase de r\u00e9engagement entre les deux pays.<\/p>\n\n\n\n<p>Au-del\u00e0 du cas Ghezzar, de nombreux t\u00e9moignages concordants font \u00e9tat d&rsquo;un mauvais accueil r\u00e9serv\u00e9 aux voyageurs alg\u00e9riens dans certains a\u00e9roports fran\u00e7ais, particuli\u00e8rement en dehors de Paris. Les Alg\u00e9riens ne sont pas refoul\u00e9s mais subissent de longs d\u00e9lais d&rsquo;attente et des tracasseries avant de pouvoir entrer sur le territoire fran\u00e7ais. \u00c0 la sortie, ils sont interrog\u00e9s sur l&rsquo;objet de leur visite et leur lieu de s\u00e9jour. \u00c0 l&rsquo;entr\u00e9e, ils doivent pr\u00e9senter l&rsquo;ensemble des documents avec lesquels ils ont obtenu le visa, incluant h\u00e9bergement, r\u00e9servation d&rsquo;h\u00f4tel, ressources financi\u00e8res et assurance voyage. Ces comportements ont \u00e9t\u00e9 signal\u00e9s dans plusieurs a\u00e9roports fran\u00e7ais, cr\u00e9ant un d\u00e9calage manifeste entre les intentions affich\u00e9es au plus haut niveau et la r\u00e9alit\u00e9 v\u00e9cue par les ressortissants alg\u00e9riens.<\/p>\n\n\n\n<p>Salim Amokrane<\/p>\n","protected":false},"excerpt":{"rendered":"<p>Mehdi Ghezzar, entrepreneur et \u00e9ditorialiste de la cha\u00eene internationale AL24 News, a v\u00e9cu une interpellation qui illustre les contradictions de<\/p>\n","protected":false},"author":6,"featured_media":77660,"comment_status":"open","ping_status":"closed","sticky":false,"template":"","format":"standard","meta":{"colormag_page_container_layout":"default_layout","colormag_page_sidebar_layout":"default_layout","om_disable_all_campaigns":false,"_monsterinsights_skip_tracking":false,"_monsterinsights_sitenote_active":false,"_monsterinsights_sitenote_note":"","_monsterinsights_sitenote_category":0,"footnotes":"","_wpscppro_dont_share_socialmedia":false,"_wpscppro_custom_social_share_image":0,"_facebook_share_type":"default","_twitter_share_type":"default","_linkedin_share_type":"default","_pinterest_share_type":"default","_linkedin_share_type_page":"","_instagram_share_type":"default","_medium_share_type":"default","_threads_share_type":"default","_google_business_share_type":"default","_selected_social_profile":[],"_wpsp_enable_custom_social_template":false,"_wpsp_social_scheduling":{"enabled":false,"datetime":null,"platforms":[],"status":"template_only","dateOption":"today","timeOption":"now","customDays":"","customHours":"","customDate":"","customTime":"","schedulingType":"absolute"},"_wpsp_active_default_template":true},"categories":[27],"tags":[],"class_list":["post-77659","post","type-post","status-publish","format-standard","has-post-thumbnail","hentry","category-actualite"],"aioseo_notices":[],"yoast_head":"<!-- This site is optimized with the Yoast SEO plugin v27.5 - https:\/\/yoast.com\/product\/yoast-seo-wordpress\/ -->\n<title>Le journaliste alg\u00e9rien Mehdi Ghezzar interpell\u00e9 puis rel\u00e2ch\u00e9\u00a0en France\u00a0: Le double langage de Paris - La Sentinelle<\/title>\n<meta name=\"robots\" content=\"index, follow, max-snippet:-1, max-image-preview:large, max-video-preview:-1\" \/>\n<link rel=\"canonical\" href=\"https:\/\/lasentinelle.dz\/index.php\/2025\/12\/10\/le-journaliste-algerien-mehdi-ghezzar-interpelle-puis-relache-en-france-le-double-langage-de-paris\/\" \/>\n<meta property=\"og:locale\" content=\"fr_FR\" \/>\n<meta property=\"og:type\" content=\"article\" \/>\n<meta property=\"og:title\" content=\"Le journaliste alg\u00e9rien Mehdi Ghezzar interpell\u00e9 puis rel\u00e2ch\u00e9\u00a0en France\u00a0: Le double langage de Paris - La Sentinelle\" \/>\n<meta property=\"og:description\" content=\"Mehdi Ghezzar, entrepreneur et \u00e9ditorialiste de la cha\u00eene internationale AL24 News, a v\u00e9cu une interpellation qui illustre les contradictions de\" \/>\n<meta property=\"og:url\" content=\"https:\/\/lasentinelle.dz\/index.php\/2025\/12\/10\/le-journaliste-algerien-mehdi-ghezzar-interpelle-puis-relache-en-france-le-double-langage-de-paris\/\" \/>\n<meta property=\"og:site_name\" content=\"La Sentinelle\" \/>\n<meta property=\"article:publisher\" content=\"https:\/\/www.facebook.com\/La-Sentinelle-104059864394773\" \/>\n<meta property=\"article:published_time\" content=\"2025-12-10T19:04:19+00:00\" \/>\n<meta property=\"article:modified_time\" content=\"2025-12-10T19:04:20+00:00\" \/>\n<meta property=\"og:image\" content=\"https:\/\/lasentinelle.dz\/wp-content\/uploads\/2025\/12\/mehdi-ghezzar.webp\" \/>\n\t<meta property=\"og:image:width\" content=\"1080\" \/>\n\t<meta property=\"og:image:height\" content=\"720\" \/>\n\t<meta property=\"og:image:type\" content=\"image\/webp\" \/>\n<meta name=\"author\" content=\"admin\" \/>\n<meta name=\"twitter:card\" content=\"summary_large_image\" \/>\n<meta name=\"twitter:label1\" content=\"\u00c9crit par\" \/>\n\t<meta name=\"twitter:data1\" content=\"admin\" \/>\n\t<meta name=\"twitter:label2\" content=\"Dur\u00e9e de lecture estim\u00e9e\" \/>\n\t<meta name=\"twitter:data2\" content=\"4 minutes\" \/>\n<script type=\"application\/ld+json\" class=\"yoast-schema-graph\">{\"@context\":\"https:\\\/\\\/schema.org\",\"@graph\":[{\"@type\":\"Article\",\"@id\":\"https:\\\/\\\/lasentinelle.dz\\\/index.php\\\/2025\\\/12\\\/10\\\/le-journaliste-algerien-mehdi-ghezzar-interpelle-puis-relache-en-france-le-double-langage-de-paris\\\/#article\",\"isPartOf\":{\"@id\":\"https:\\\/\\\/lasentinelle.dz\\\/index.php\\\/2025\\\/12\\\/10\\\/le-journaliste-algerien-mehdi-ghezzar-interpelle-puis-relache-en-france-le-double-langage-de-paris\\\/\"},\"author\":{\"name\":\"admin\",\"@id\":\"https:\\\/\\\/lasentinelle.dz\\\/#\\\/schema\\\/person\\\/729ee0024f24e0b8c5ec17232f8e8b41\"},\"headline\":\"Le journaliste alg\u00e9rien Mehdi Ghezzar interpell\u00e9 puis rel\u00e2ch\u00e9\u00a0en France\u00a0: Le double langage de Paris\",\"datePublished\":\"2025-12-10T19:04:19+00:00\",\"dateModified\":\"2025-12-10T19:04:20+00:00\",\"mainEntityOfPage\":{\"@id\":\"https:\\\/\\\/lasentinelle.dz\\\/index.php\\\/2025\\\/12\\\/10\\\/le-journaliste-algerien-mehdi-ghezzar-interpelle-puis-relache-en-france-le-double-langage-de-paris\\\/\"},\"wordCount\":705,\"commentCount\":0,\"publisher\":{\"@id\":\"https:\\\/\\\/lasentinelle.dz\\\/#organization\"},\"image\":{\"@id\":\"https:\\\/\\\/lasentinelle.dz\\\/index.php\\\/2025\\\/12\\\/10\\\/le-journaliste-algerien-mehdi-ghezzar-interpelle-puis-relache-en-france-le-double-langage-de-paris\\\/#primaryimage\"},\"thumbnailUrl\":\"https:\\\/\\\/lasentinelle.dz\\\/wp-content\\\/uploads\\\/2025\\\/12\\\/mehdi-ghezzar.webp\",\"articleSection\":[\"Actualit\u00e9\"],\"inLanguage\":\"fr-FR\",\"potentialAction\":[{\"@type\":\"CommentAction\",\"name\":\"Comment\",\"target\":[\"https:\\\/\\\/lasentinelle.dz\\\/index.php\\\/2025\\\/12\\\/10\\\/le-journaliste-algerien-mehdi-ghezzar-interpelle-puis-relache-en-france-le-double-langage-de-paris\\\/#respond\"]}]},{\"@type\":\"WebPage\",\"@id\":\"https:\\\/\\\/lasentinelle.dz\\\/index.php\\\/2025\\\/12\\\/10\\\/le-journaliste-algerien-mehdi-ghezzar-interpelle-puis-relache-en-france-le-double-langage-de-paris\\\/\",\"url\":\"https:\\\/\\\/lasentinelle.dz\\\/index.php\\\/2025\\\/12\\\/10\\\/le-journaliste-algerien-mehdi-ghezzar-interpelle-puis-relache-en-france-le-double-langage-de-paris\\\/\",\"name\":\"Le journaliste alg\u00e9rien Mehdi Ghezzar interpell\u00e9 puis rel\u00e2ch\u00e9\u00a0en France\u00a0: Le double langage de Paris - La Sentinelle\",\"isPartOf\":{\"@id\":\"https:\\\/\\\/lasentinelle.dz\\\/#website\"},\"primaryImageOfPage\":{\"@id\":\"https:\\\/\\\/lasentinelle.dz\\\/index.php\\\/2025\\\/12\\\/10\\\/le-journaliste-algerien-mehdi-ghezzar-interpelle-puis-relache-en-france-le-double-langage-de-paris\\\/#primaryimage\"},\"image\":{\"@id\":\"https:\\\/\\\/lasentinelle.dz\\\/index.php\\\/2025\\\/12\\\/10\\\/le-journaliste-algerien-mehdi-ghezzar-interpelle-puis-relache-en-france-le-double-langage-de-paris\\\/#primaryimage\"},\"thumbnailUrl\":\"https:\\\/\\\/lasentinelle.dz\\\/wp-content\\\/uploads\\\/2025\\\/12\\\/mehdi-ghezzar.webp\",\"datePublished\":\"2025-12-10T19:04:19+00:00\",\"dateModified\":\"2025-12-10T19:04:20+00:00\",\"breadcrumb\":{\"@id\":\"https:\\\/\\\/lasentinelle.dz\\\/index.php\\\/2025\\\/12\\\/10\\\/le-journaliste-algerien-mehdi-ghezzar-interpelle-puis-relache-en-france-le-double-langage-de-paris\\\/#breadcrumb\"},\"inLanguage\":\"fr-FR\",\"potentialAction\":[{\"@type\":\"ReadAction\",\"target\":[\"https:\\\/\\\/lasentinelle.dz\\\/index.php\\\/2025\\\/12\\\/10\\\/le-journaliste-algerien-mehdi-ghezzar-interpelle-puis-relache-en-france-le-double-langage-de-paris\\\/\"]}]},{\"@type\":\"ImageObject\",\"inLanguage\":\"fr-FR\",\"@id\":\"https:\\\/\\\/lasentinelle.dz\\\/index.php\\\/2025\\\/12\\\/10\\\/le-journaliste-algerien-mehdi-ghezzar-interpelle-puis-relache-en-france-le-double-langage-de-paris\\\/#primaryimage\",\"url\":\"https:\\\/\\\/lasentinelle.dz\\\/wp-content\\\/uploads\\\/2025\\\/12\\\/mehdi-ghezzar.webp\",\"contentUrl\":\"https:\\\/\\\/lasentinelle.dz\\\/wp-content\\\/uploads\\\/2025\\\/12\\\/mehdi-ghezzar.webp\",\"width\":1080,\"height\":720},{\"@type\":\"BreadcrumbList\",\"@id\":\"https:\\\/\\\/lasentinelle.dz\\\/index.php\\\/2025\\\/12\\\/10\\\/le-journaliste-algerien-mehdi-ghezzar-interpelle-puis-relache-en-france-le-double-langage-de-paris\\\/#breadcrumb\",\"itemListElement\":[{\"@type\":\"ListItem\",\"position\":1,\"name\":\"Accueil\",\"item\":\"https:\\\/\\\/lasentinelle.dz\\\/\"},{\"@type\":\"ListItem\",\"position\":2,\"name\":\"Le journaliste alg\u00e9rien Mehdi Ghezzar interpell\u00e9 puis rel\u00e2ch\u00e9\u00a0en France\u00a0: Le double langage de Paris\"}]},{\"@type\":\"WebSite\",\"@id\":\"https:\\\/\\\/lasentinelle.dz\\\/#website\",\"url\":\"https:\\\/\\\/lasentinelle.dz\\\/\",\"name\":\"La Sentinelle\",\"description\":\"Quotidien national d&#039;information\",\"publisher\":{\"@id\":\"https:\\\/\\\/lasentinelle.dz\\\/#organization\"},\"potentialAction\":[{\"@type\":\"SearchAction\",\"target\":{\"@type\":\"EntryPoint\",\"urlTemplate\":\"https:\\\/\\\/lasentinelle.dz\\\/?s={search_term_string}\"},\"query-input\":{\"@type\":\"PropertyValueSpecification\",\"valueRequired\":true,\"valueName\":\"search_term_string\"}}],\"inLanguage\":\"fr-FR\"},{\"@type\":\"Organization\",\"@id\":\"https:\\\/\\\/lasentinelle.dz\\\/#organization\",\"name\":\"Quotidien La Sentinelle\",\"url\":\"https:\\\/\\\/lasentinelle.dz\\\/\",\"logo\":{\"@type\":\"ImageObject\",\"inLanguage\":\"fr-FR\",\"@id\":\"https:\\\/\\\/lasentinelle.dz\\\/#\\\/schema\\\/logo\\\/image\\\/\",\"url\":\"https:\\\/\\\/lasentinelle.dz\\\/wp-content\\\/uploads\\\/2021\\\/09\\\/logo-sentinelleSLOGAN-1.png\",\"contentUrl\":\"https:\\\/\\\/lasentinelle.dz\\\/wp-content\\\/uploads\\\/2021\\\/09\\\/logo-sentinelleSLOGAN-1.png\",\"width\":615,\"height\":142,\"caption\":\"Quotidien La Sentinelle\"},\"image\":{\"@id\":\"https:\\\/\\\/lasentinelle.dz\\\/#\\\/schema\\\/logo\\\/image\\\/\"},\"sameAs\":[\"https:\\\/\\\/www.facebook.com\\\/La-Sentinelle-104059864394773\"]},{\"@type\":\"Person\",\"@id\":\"https:\\\/\\\/lasentinelle.dz\\\/#\\\/schema\\\/person\\\/729ee0024f24e0b8c5ec17232f8e8b41\",\"name\":\"admin\",\"image\":{\"@type\":\"ImageObject\",\"inLanguage\":\"fr-FR\",\"@id\":\"https:\\\/\\\/secure.gravatar.com\\\/avatar\\\/4c81fed838786e9b53f540bf46533e750f5d292099ae3b66cfc6fb1982e29df7?s=96&d=mm&r=g\",\"url\":\"https:\\\/\\\/secure.gravatar.com\\\/avatar\\\/4c81fed838786e9b53f540bf46533e750f5d292099ae3b66cfc6fb1982e29df7?s=96&d=mm&r=g\",\"contentUrl\":\"https:\\\/\\\/secure.gravatar.com\\\/avatar\\\/4c81fed838786e9b53f540bf46533e750f5d292099ae3b66cfc6fb1982e29df7?s=96&d=mm&r=g\",\"caption\":\"admin\"},\"description\":\"admin\",\"url\":\"https:\\\/\\\/lasentinelle.dz\\\/author\\\/admin\\\/\"}]}<\/script>\n<!-- \/ Yoast SEO plugin. -->","yoast_head_json":{"title":"Le journaliste alg\u00e9rien Mehdi Ghezzar interpell\u00e9 puis rel\u00e2ch\u00e9\u00a0en France\u00a0: Le double langage de Paris - La Sentinelle","robots":{"index":"index","follow":"follow","max-snippet":"max-snippet:-1","max-image-preview":"max-image-preview:large","max-video-preview":"max-video-preview:-1"},"canonical":"https:\/\/lasentinelle.dz\/index.php\/2025\/12\/10\/le-journaliste-algerien-mehdi-ghezzar-interpelle-puis-relache-en-france-le-double-langage-de-paris\/","og_locale":"fr_FR","og_type":"article","og_title":"Le journaliste alg\u00e9rien Mehdi Ghezzar interpell\u00e9 puis rel\u00e2ch\u00e9\u00a0en France\u00a0: Le double langage de Paris - La Sentinelle","og_description":"Mehdi Ghezzar, entrepreneur et \u00e9ditorialiste de la cha\u00eene internationale AL24 News, a v\u00e9cu une interpellation qui illustre les contradictions de","og_url":"https:\/\/lasentinelle.dz\/index.php\/2025\/12\/10\/le-journaliste-algerien-mehdi-ghezzar-interpelle-puis-relache-en-france-le-double-langage-de-paris\/","og_site_name":"La Sentinelle","article_publisher":"https:\/\/www.facebook.com\/La-Sentinelle-104059864394773","article_published_time":"2025-12-10T19:04:19+00:00","article_modified_time":"2025-12-10T19:04:20+00:00","og_image":[{"width":1080,"height":720,"url":"https:\/\/lasentinelle.dz\/wp-content\/uploads\/2025\/12\/mehdi-ghezzar.webp","type":"image\/webp"}],"author":"admin","twitter_card":"summary_large_image","twitter_misc":{"\u00c9crit par":"admin","Dur\u00e9e de lecture estim\u00e9e":"4 minutes"},"schema":{"@context":"https:\/\/schema.org","@graph":[{"@type":"Article","@id":"https:\/\/lasentinelle.dz\/index.php\/2025\/12\/10\/le-journaliste-algerien-mehdi-ghezzar-interpelle-puis-relache-en-france-le-double-langage-de-paris\/#article","isPartOf":{"@id":"https:\/\/lasentinelle.dz\/index.php\/2025\/12\/10\/le-journaliste-algerien-mehdi-ghezzar-interpelle-puis-relache-en-france-le-double-langage-de-paris\/"},"author":{"name":"admin","@id":"https:\/\/lasentinelle.dz\/#\/schema\/person\/729ee0024f24e0b8c5ec17232f8e8b41"},"headline":"Le journaliste alg\u00e9rien Mehdi Ghezzar interpell\u00e9 puis rel\u00e2ch\u00e9\u00a0en France\u00a0: Le double langage de Paris","datePublished":"2025-12-10T19:04:19+00:00","dateModified":"2025-12-10T19:04:20+00:00","mainEntityOfPage":{"@id":"https:\/\/lasentinelle.dz\/index.php\/2025\/12\/10\/le-journaliste-algerien-mehdi-ghezzar-interpelle-puis-relache-en-france-le-double-langage-de-paris\/"},"wordCount":705,"commentCount":0,"publisher":{"@id":"https:\/\/lasentinelle.dz\/#organization"},"image":{"@id":"https:\/\/lasentinelle.dz\/index.php\/2025\/12\/10\/le-journaliste-algerien-mehdi-ghezzar-interpelle-puis-relache-en-france-le-double-langage-de-paris\/#primaryimage"},"thumbnailUrl":"https:\/\/lasentinelle.dz\/wp-content\/uploads\/2025\/12\/mehdi-ghezzar.webp","articleSection":["Actualit\u00e9"],"inLanguage":"fr-FR","potentialAction":[{"@type":"CommentAction","name":"Comment","target":["https:\/\/lasentinelle.dz\/index.php\/2025\/12\/10\/le-journaliste-algerien-mehdi-ghezzar-interpelle-puis-relache-en-france-le-double-langage-de-paris\/#respond"]}]},{"@type":"WebPage","@id":"https:\/\/lasentinelle.dz\/index.php\/2025\/12\/10\/le-journaliste-algerien-mehdi-ghezzar-interpelle-puis-relache-en-france-le-double-langage-de-paris\/","url":"https:\/\/lasentinelle.dz\/index.php\/2025\/12\/10\/le-journaliste-algerien-mehdi-ghezzar-interpelle-puis-relache-en-france-le-double-langage-de-paris\/","name":"Le journaliste alg\u00e9rien Mehdi Ghezzar interpell\u00e9 puis rel\u00e2ch\u00e9\u00a0en France\u00a0: Le double langage de Paris - La Sentinelle","isPartOf":{"@id":"https:\/\/lasentinelle.dz\/#website"},"primaryImageOfPage":{"@id":"https:\/\/lasentinelle.dz\/index.php\/2025\/12\/10\/le-journaliste-algerien-mehdi-ghezzar-interpelle-puis-relache-en-france-le-double-langage-de-paris\/#primaryimage"},"image":{"@id":"https:\/\/lasentinelle.dz\/index.php\/2025\/12\/10\/le-journaliste-algerien-mehdi-ghezzar-interpelle-puis-relache-en-france-le-double-langage-de-paris\/#primaryimage"},"thumbnailUrl":"https:\/\/lasentinelle.dz\/wp-content\/uploads\/2025\/12\/mehdi-ghezzar.webp","datePublished":"2025-12-10T19:04:19+00:00","dateModified":"2025-12-10T19:04:20+00:00","breadcrumb":{"@id":"https:\/\/lasentinelle.dz\/index.php\/2025\/12\/10\/le-journaliste-algerien-mehdi-ghezzar-interpelle-puis-relache-en-france-le-double-langage-de-paris\/#breadcrumb"},"inLanguage":"fr-FR","potentialAction":[{"@type":"ReadAction","target":["https:\/\/lasentinelle.dz\/index.php\/2025\/12\/10\/le-journaliste-algerien-mehdi-ghezzar-interpelle-puis-relache-en-france-le-double-langage-de-paris\/"]}]},{"@type":"ImageObject","inLanguage":"fr-FR","@id":"https:\/\/lasentinelle.dz\/index.php\/2025\/12\/10\/le-journaliste-algerien-mehdi-ghezzar-interpelle-puis-relache-en-france-le-double-langage-de-paris\/#primaryimage","url":"https:\/\/lasentinelle.dz\/wp-content\/uploads\/2025\/12\/mehdi-ghezzar.webp","contentUrl":"https:\/\/lasentinelle.dz\/wp-content\/uploads\/2025\/12\/mehdi-ghezzar.webp","width":1080,"height":720},{"@type":"BreadcrumbList","@id":"https:\/\/lasentinelle.dz\/index.php\/2025\/12\/10\/le-journaliste-algerien-mehdi-ghezzar-interpelle-puis-relache-en-france-le-double-langage-de-paris\/#breadcrumb","itemListElement":[{"@type":"ListItem","position":1,"name":"Accueil","item":"https:\/\/lasentinelle.dz\/"},{"@type":"ListItem","position":2,"name":"Le journaliste alg\u00e9rien Mehdi Ghezzar interpell\u00e9 puis rel\u00e2ch\u00e9\u00a0en France\u00a0: Le double langage de Paris"}]},{"@type":"WebSite","@id":"https:\/\/lasentinelle.dz\/#website","url":"https:\/\/lasentinelle.dz\/","name":"La Sentinelle","description":"Quotidien national d&#039;information","publisher":{"@id":"https:\/\/lasentinelle.dz\/#organization"},"potentialAction":[{"@type":"SearchAction","target":{"@type":"EntryPoint","urlTemplate":"https:\/\/lasentinelle.dz\/?s={search_term_string}"},"query-input":{"@type":"PropertyValueSpecification","valueRequired":true,"valueName":"search_term_string"}}],"inLanguage":"fr-FR"},{"@type":"Organization","@id":"https:\/\/lasentinelle.dz\/#organization","name":"Quotidien La Sentinelle","url":"https:\/\/lasentinelle.dz\/","logo":{"@type":"ImageObject","inLanguage":"fr-FR","@id":"https:\/\/lasentinelle.dz\/#\/schema\/logo\/image\/","url":"https:\/\/lasentinelle.dz\/wp-content\/uploads\/2021\/09\/logo-sentinelleSLOGAN-1.png","contentUrl":"https:\/\/lasentinelle.dz\/wp-content\/uploads\/2021\/09\/logo-sentinelleSLOGAN-1.png","width":615,"height":142,"caption":"Quotidien La Sentinelle"},"image":{"@id":"https:\/\/lasentinelle.dz\/#\/schema\/logo\/image\/"},"sameAs":["https:\/\/www.facebook.com\/La-Sentinelle-104059864394773"]},{"@type":"Person","@id":"https:\/\/lasentinelle.dz\/#\/schema\/person\/729ee0024f24e0b8c5ec17232f8e8b41","name":"admin","image":{"@type":"ImageObject","inLanguage":"fr-FR","@id":"https:\/\/secure.gravatar.com\/avatar\/4c81fed838786e9b53f540bf46533e750f5d292099ae3b66cfc6fb1982e29df7?s=96&d=mm&r=g","url":"https:\/\/secure.gravatar.com\/avatar\/4c81fed838786e9b53f540bf46533e750f5d292099ae3b66cfc6fb1982e29df7?s=96&d=mm&r=g","contentUrl":"https:\/\/secure.gravatar.com\/avatar\/4c81fed838786e9b53f540bf46533e750f5d292099ae3b66cfc6fb1982e29df7?s=96&d=mm&r=g","caption":"admin"},"description":"admin","url":"https:\/\/lasentinelle.dz\/author\/admin\/"}]}},"_links":{"self":[{"href":"https:\/\/lasentinelle.dz\/index.php\/wp-json\/wp\/v2\/posts\/77659","targetHints":{"allow":["GET"]}}],"collection":[{"href":"https:\/\/lasentinelle.dz\/index.php\/wp-json\/wp\/v2\/posts"}],"about":[{"href":"https:\/\/lasentinelle.dz\/index.php\/wp-json\/wp\/v2\/types\/post"}],"author":[{"embeddable":true,"href":"https:\/\/lasentinelle.dz\/index.php\/wp-json\/wp\/v2\/users\/6"}],"replies":[{"embeddable":true,"href":"https:\/\/lasentinelle.dz\/index.php\/wp-json\/wp\/v2\/comments?post=77659"}],"version-history":[{"count":1,"href":"https:\/\/lasentinelle.dz\/index.php\/wp-json\/wp\/v2\/posts\/77659\/revisions"}],"predecessor-version":[{"id":77661,"href":"https:\/\/lasentinelle.dz\/index.php\/wp-json\/wp\/v2\/posts\/77659\/revisions\/77661"}],"wp:featuredmedia":[{"embeddable":true,"href":"https:\/\/lasentinelle.dz\/index.php\/wp-json\/wp\/v2\/media\/77660"}],"wp:attachment":[{"href":"https:\/\/lasentinelle.dz\/index.php\/wp-json\/wp\/v2\/media?parent=77659"}],"wp:term":[{"taxonomy":"category","embeddable":true,"href":"https:\/\/lasentinelle.dz\/index.php\/wp-json\/wp\/v2\/categories?post=77659"},{"taxonomy":"post_tag","embeddable":true,"href":"https:\/\/lasentinelle.dz\/index.php\/wp-json\/wp\/v2\/tags?post=77659"}],"curies":[{"name":"wp","href":"https:\/\/api.w.org\/{rel}","templated":true}]}}