{"id":77662,"date":"2025-12-10T20:05:43","date_gmt":"2025-12-10T19:05:43","guid":{"rendered":"https:\/\/lasentinelle.dz\/?p=77662"},"modified":"2025-12-10T20:05:48","modified_gmt":"2025-12-10T19:05:48","slug":"face-aux-guerres-des-interets-et-aux-propagandes-hostiles-le-president-tebboune-appelle-a-la-vigilance","status":"publish","type":"post","link":"https:\/\/lasentinelle.dz\/index.php\/2025\/12\/10\/face-aux-guerres-des-interets-et-aux-propagandes-hostiles-le-president-tebboune-appelle-a-la-vigilance\/","title":{"rendered":"Face aux guerres des int\u00e9r\u00eats\u00a0\u00bb et aux propagandes hostiles\u00a0: Le Pr\u00e9sident\u00a0Tebboune appelle \u00e0 la vigilance\u00a0"},"content":{"rendered":"\n<p>Le pr\u00e9sident de la R\u00e9publique, Abdelmadjid Tebboune, a appel\u00e9 mardi le peuple alg\u00e9rien \u00e0 puiser dans son h\u00e9ritage r\u00e9volutionnaire la lucidit\u00e9 n\u00e9cessaire pour d\u00e9jouer les man\u0153uvres visant l&rsquo;\u00c9tat et ses int\u00e9r\u00eats, \u00e0 l&rsquo;occasion du 65e anniversaire des manifestations du 11 d\u00e9cembre 1960.&nbsp;<\/p>\n\n\n\n<p>Dans un message prononc\u00e9 pour cette comm\u00e9moration historique, le chef de l&rsquo;\u00c9tat a mis en garde contre les menaces contemporaines tout en r\u00e9affirmant la d\u00e9termination de l&rsquo;Alg\u00e9rie \u00e0 poursuivre son projet de d\u00e9veloppement et \u00e0 consolider sa place sur la sc\u00e8ne internationale.&nbsp;Le&nbsp;Pr\u00e9sident Tebboune a rendu hommage \u00e0 cette journ\u00e9e embl\u00e9matique qui avait incarn\u00e9, dans les rues et sur les places publiques, l&rsquo;adh\u00e9sion massive du peuple alg\u00e9rien \u00e0 l&rsquo;appel du 1er novembre 1954 et sa foi dans la r\u00e9alisation compl\u00e8te des objectifs de la r\u00e9volution. Les manifestations du 11 d\u00e9cembre 1960 avaient constitu\u00e9, selon ses termes, une c\u00e9l\u00e9bration du lien ind\u00e9fectible avec les hommes et femmes qui s&rsquo;\u00e9taient pr\u00e9cipit\u00e9s aux horreurs de la guerre de lib\u00e9ration, se bousculant pour sacrifier leurs vies dans les villes, villages et hameaux afin que vive l&rsquo;Alg\u00e9rie.<\/p>\n\n\n\n<p>Citant la maxime embl\u00e9matique du martyr Larbi Ben M&rsquo;hidi, \u00ab\u00a0jetez la r\u00e9volution dans la rue, le peuple l&#8217;embrassera\u00a0\u00bb, le pr\u00e9sident a soulign\u00e9 que ces manifestations avaient marqu\u00e9 un tournant d\u00e9cisif dans le retentissement international d&rsquo;une r\u00e9volution porteuse de principes nobles et d&rsquo;objectifs \u00e9lev\u00e9s. Il a \u00e9galement rappel\u00e9 le testament du martyr Didouche Mourad : \u00ab\u00a0si nous tombons en martyrs, pr\u00e9servez notre m\u00e9moire\u00a0\u00bb.<\/p>\n\n\n\n<p>C&rsquo;est dans le contexte r\u00e9gional et international actuel que le message pr\u00e9sidentiel prend toute sa dimension d&rsquo;actualit\u00e9. Le chef de l&rsquo;\u00c9tat a insist\u00e9 sur le fait que l&rsquo;h\u00e9ritage r\u00e9volutionnaire glorieux constitue, dans la conscience de chaque Alg\u00e9rienne et de chaque Alg\u00e9rien, la source de l&rsquo;unit\u00e9 et de la force du peuple ainsi que sa r\u00e9f\u00e9rence commune. Surtout, a-t-il martel\u00e9, \u00ab\u00a0c&rsquo;est un h\u00e9ritage dont le peuple alg\u00e9rien fier tire, dans les circonstances r\u00e9gionales et internationales actuelles, sa capacit\u00e9 \u00e0 discerner les fils des guerres des int\u00e9r\u00eats intelligentes dirig\u00e9es, et un h\u00e9ritage d&rsquo;o\u00f9 \u00e9merge une conscience nationale qui per\u00e7oit les arcanes de la propagande mercenaire sous toutes ses formes et les intentions de ceux qui y sont entra\u00een\u00e9s, parmi ceux qui cherchent \u00e0 porter atteinte \u00e0 l&rsquo;\u00c9tat et \u00e0 nuire \u00e0 ses int\u00e9r\u00eats\u00a0\u00bb.&nbsp;Cette mise en garde explicite contre les tentatives de d\u00e9stabilisation s&rsquo;inscrit dans une vision plus large de pr\u00e9servation du projet national. Le pr\u00e9sident&nbsp;de la R\u00e9publique&nbsp;a soulign\u00e9 qu&rsquo;un peuple n\u00e9 du sein d&rsquo;une histoire mill\u00e9naire, uni et forg\u00e9 dans une identit\u00e9 alg\u00e9rienne enracin\u00e9e dans la terre, accueillant la diversit\u00e9 tout en \u00e9tant unifi\u00e9 dans sa foi, un peuple qui s&rsquo;est soud\u00e9 en front national durant les ann\u00e9es de trag\u00e9die sanglante, demeure aujourd&rsquo;hui \u00ab\u00a0on ne peut plus vigilant dans la conduite de sa marche pr\u00e9sente face aux tentatives de perturbation de son projet national\u00a0\u00bb.<\/p>\n\n\n\n<p>Le chef de l&rsquo;\u00c9tat a \u00e9galement insist\u00e9 sur la dimension prospective, \u00e9voquant une boussole orient\u00e9e vers l&rsquo;avenir des g\u00e9n\u00e9rations qui aspirent \u00e0 vivre dans un pays \u00e0 l&rsquo;\u00e9coute des espoirs de la jeunesse, dans une Alg\u00e9rie gardienne de ses ambitions et au sein d&rsquo;une soci\u00e9t\u00e9 qui c\u00e9l\u00e8bre les talents et comp\u00e9tences de ses filles et fils. Cette jeunesse, a-t-il affirm\u00e9, doit voir ses capacit\u00e9s investies dans la dynamique de transformation r\u00e9elle vers l&rsquo;ancrage des jalons du d\u00e9veloppement durable \u00e0 l&rsquo;int\u00e9rieur du pays et l&rsquo;affirmation d&rsquo;un r\u00f4le actif et d&rsquo;une place pr\u00e9serv\u00e9e \u00e0 l&rsquo;\u00e9tranger.<\/p>\n\n\n\n<p>Dans sa conclusion, le&nbsp;Pr\u00e9sident Tebboune a consid\u00e9r\u00e9 que cette 65e comm\u00e9moration, comme d&rsquo;autres \u00e9tapes historiques glorieuses, devait \u00eatre l&rsquo;occasion de m\u00e9diter sur les le\u00e7ons et enseignements tir\u00e9s des phases de construction de l&rsquo;\u00c9tat national ind\u00e9pendant, avec ses victoires et les difficult\u00e9s qui l&rsquo;ont marqu\u00e9 dans des circonstances et p\u00e9riodes particuli\u00e8res. Ces r\u00e9flexions doivent servir de point de d\u00e9part et de stimulant pour une appr\u00e9ciation juste de l&rsquo;ampleur des efforts attendus de tous, \u00e0 tous les niveaux et dans toutes les positions, afin de parachever le renforcement des indicateurs \u00e9conomiques et sociaux r\u00e9alis\u00e9s par le peuple alg\u00e9rien depuis qu&rsquo;il lui a accord\u00e9 sa confiance.<\/p>\n\n\n\n<p>\u00ab\u00a0Nous y parviendrons in\u00e9luctablement dans un avenir proche\u00a0\u00bb, a-t-il assur\u00e9, en fid\u00e9lit\u00e9 au message des martyrs, avant de conclure par un hommage appuy\u00e9 aux moudjahidates et moudjahidine, rendant gloire et immortalit\u00e9 aux martyrs de la nation.<\/p>\n\n\n\n<p>Chokri Hafed<\/p>\n","protected":false},"excerpt":{"rendered":"<p>Le pr\u00e9sident de la R\u00e9publique, Abdelmadjid Tebboune, a appel\u00e9 mardi le peuple alg\u00e9rien \u00e0 puiser dans son h\u00e9ritage r\u00e9volutionnaire la<\/p>\n","protected":false},"author":6,"featured_media":63248,"comment_status":"open","ping_status":"closed","sticky":false,"template":"","format":"standard","meta":{"colormag_page_container_layout":"default_layout","colormag_page_sidebar_layout":"default_layout","om_disable_all_campaigns":false,"_monsterinsights_skip_tracking":false,"_monsterinsights_sitenote_active":false,"_monsterinsights_sitenote_note":"","_monsterinsights_sitenote_category":0,"footnotes":"","_wpscppro_dont_share_socialmedia":false,"_wpscppro_custom_social_share_image":0,"_facebook_share_type":"default","_twitter_share_type":"default","_linkedin_share_type":"default","_pinterest_share_type":"default","_linkedin_share_type_page":"","_instagram_share_type":"default","_medium_share_type":"default","_threads_share_type":"default","_google_business_share_type":"default","_selected_social_profile":[],"_wpsp_enable_custom_social_template":false,"_wpsp_social_scheduling":{"enabled":false,"datetime":null,"platforms":[],"status":"template_only","dateOption":"today","timeOption":"now","customDays":"","customHours":"","customDate":"","customTime":"","schedulingType":"absolute"},"_wpsp_active_default_template":true},"categories":[52,27],"tags":[],"class_list":["post-77662","post","type-post","status-publish","format-standard","has-post-thumbnail","hentry","category-a-la-une","category-actualite"],"aioseo_notices":[],"yoast_head":"<!-- This site is optimized with the Yoast SEO plugin v27.5 - https:\/\/yoast.com\/product\/yoast-seo-wordpress\/ -->\n<title>Face aux guerres des int\u00e9r\u00eats\u00a0\u00bb et aux propagandes hostiles\u00a0: Le Pr\u00e9sident\u00a0Tebboune appelle \u00e0 la vigilance\u00a0 - La Sentinelle<\/title>\n<meta name=\"robots\" content=\"index, follow, max-snippet:-1, max-image-preview:large, max-video-preview:-1\" \/>\n<link rel=\"canonical\" href=\"https:\/\/lasentinelle.dz\/index.php\/2025\/12\/10\/face-aux-guerres-des-interets-et-aux-propagandes-hostiles-le-president-tebboune-appelle-a-la-vigilance\/\" \/>\n<meta property=\"og:locale\" content=\"fr_FR\" \/>\n<meta property=\"og:type\" content=\"article\" \/>\n<meta property=\"og:title\" content=\"Face aux guerres des int\u00e9r\u00eats\u00a0\u00bb et aux propagandes hostiles\u00a0: Le Pr\u00e9sident\u00a0Tebboune appelle \u00e0 la vigilance\u00a0 - La Sentinelle\" \/>\n<meta property=\"og:description\" content=\"Le pr\u00e9sident de la R\u00e9publique, Abdelmadjid Tebboune, a appel\u00e9 mardi le peuple alg\u00e9rien \u00e0 puiser dans son h\u00e9ritage r\u00e9volutionnaire la\" \/>\n<meta property=\"og:url\" content=\"https:\/\/lasentinelle.dz\/index.php\/2025\/12\/10\/face-aux-guerres-des-interets-et-aux-propagandes-hostiles-le-president-tebboune-appelle-a-la-vigilance\/\" \/>\n<meta property=\"og:site_name\" content=\"La Sentinelle\" \/>\n<meta property=\"article:publisher\" content=\"https:\/\/www.facebook.com\/La-Sentinelle-104059864394773\" \/>\n<meta property=\"article:published_time\" content=\"2025-12-10T19:05:43+00:00\" \/>\n<meta property=\"article:modified_time\" content=\"2025-12-10T19:05:48+00:00\" \/>\n<meta property=\"og:image\" content=\"https:\/\/lasentinelle.dz\/wp-content\/uploads\/2025\/02\/Tebboune-1.jpg\" \/>\n\t<meta property=\"og:image:width\" content=\"958\" \/>\n\t<meta property=\"og:image:height\" content=\"718\" \/>\n\t<meta property=\"og:image:type\" content=\"image\/jpeg\" \/>\n<meta name=\"author\" content=\"admin\" \/>\n<meta name=\"twitter:card\" content=\"summary_large_image\" \/>\n<meta name=\"twitter:label1\" content=\"\u00c9crit par\" \/>\n\t<meta name=\"twitter:data1\" content=\"admin\" \/>\n\t<meta name=\"twitter:label2\" content=\"Dur\u00e9e de lecture estim\u00e9e\" \/>\n\t<meta name=\"twitter:data2\" content=\"4 minutes\" \/>\n<script type=\"application\/ld+json\" class=\"yoast-schema-graph\">{\"@context\":\"https:\\\/\\\/schema.org\",\"@graph\":[{\"@type\":\"Article\",\"@id\":\"https:\\\/\\\/lasentinelle.dz\\\/index.php\\\/2025\\\/12\\\/10\\\/face-aux-guerres-des-interets-et-aux-propagandes-hostiles-le-president-tebboune-appelle-a-la-vigilance\\\/#article\",\"isPartOf\":{\"@id\":\"https:\\\/\\\/lasentinelle.dz\\\/index.php\\\/2025\\\/12\\\/10\\\/face-aux-guerres-des-interets-et-aux-propagandes-hostiles-le-president-tebboune-appelle-a-la-vigilance\\\/\"},\"author\":{\"name\":\"admin\",\"@id\":\"https:\\\/\\\/lasentinelle.dz\\\/#\\\/schema\\\/person\\\/729ee0024f24e0b8c5ec17232f8e8b41\"},\"headline\":\"Face aux guerres des int\u00e9r\u00eats\u00a0\u00bb et aux propagandes hostiles\u00a0: Le Pr\u00e9sident\u00a0Tebboune appelle \u00e0 la vigilance\u00a0\",\"datePublished\":\"2025-12-10T19:05:43+00:00\",\"dateModified\":\"2025-12-10T19:05:48+00:00\",\"mainEntityOfPage\":{\"@id\":\"https:\\\/\\\/lasentinelle.dz\\\/index.php\\\/2025\\\/12\\\/10\\\/face-aux-guerres-des-interets-et-aux-propagandes-hostiles-le-president-tebboune-appelle-a-la-vigilance\\\/\"},\"wordCount\":845,\"commentCount\":0,\"publisher\":{\"@id\":\"https:\\\/\\\/lasentinelle.dz\\\/#organization\"},\"image\":{\"@id\":\"https:\\\/\\\/lasentinelle.dz\\\/index.php\\\/2025\\\/12\\\/10\\\/face-aux-guerres-des-interets-et-aux-propagandes-hostiles-le-president-tebboune-appelle-a-la-vigilance\\\/#primaryimage\"},\"thumbnailUrl\":\"https:\\\/\\\/lasentinelle.dz\\\/wp-content\\\/uploads\\\/2025\\\/02\\\/Tebboune-1.jpg\",\"articleSection\":[\"\u00c0 la Une\",\"Actualit\u00e9\"],\"inLanguage\":\"fr-FR\",\"potentialAction\":[{\"@type\":\"CommentAction\",\"name\":\"Comment\",\"target\":[\"https:\\\/\\\/lasentinelle.dz\\\/index.php\\\/2025\\\/12\\\/10\\\/face-aux-guerres-des-interets-et-aux-propagandes-hostiles-le-president-tebboune-appelle-a-la-vigilance\\\/#respond\"]}]},{\"@type\":\"WebPage\",\"@id\":\"https:\\\/\\\/lasentinelle.dz\\\/index.php\\\/2025\\\/12\\\/10\\\/face-aux-guerres-des-interets-et-aux-propagandes-hostiles-le-president-tebboune-appelle-a-la-vigilance\\\/\",\"url\":\"https:\\\/\\\/lasentinelle.dz\\\/index.php\\\/2025\\\/12\\\/10\\\/face-aux-guerres-des-interets-et-aux-propagandes-hostiles-le-president-tebboune-appelle-a-la-vigilance\\\/\",\"name\":\"Face aux guerres des int\u00e9r\u00eats\u00a0\u00bb et aux propagandes hostiles\u00a0: Le Pr\u00e9sident\u00a0Tebboune appelle \u00e0 la vigilance\u00a0 - La Sentinelle\",\"isPartOf\":{\"@id\":\"https:\\\/\\\/lasentinelle.dz\\\/#website\"},\"primaryImageOfPage\":{\"@id\":\"https:\\\/\\\/lasentinelle.dz\\\/index.php\\\/2025\\\/12\\\/10\\\/face-aux-guerres-des-interets-et-aux-propagandes-hostiles-le-president-tebboune-appelle-a-la-vigilance\\\/#primaryimage\"},\"image\":{\"@id\":\"https:\\\/\\\/lasentinelle.dz\\\/index.php\\\/2025\\\/12\\\/10\\\/face-aux-guerres-des-interets-et-aux-propagandes-hostiles-le-president-tebboune-appelle-a-la-vigilance\\\/#primaryimage\"},\"thumbnailUrl\":\"https:\\\/\\\/lasentinelle.dz\\\/wp-content\\\/uploads\\\/2025\\\/02\\\/Tebboune-1.jpg\",\"datePublished\":\"2025-12-10T19:05:43+00:00\",\"dateModified\":\"2025-12-10T19:05:48+00:00\",\"breadcrumb\":{\"@id\":\"https:\\\/\\\/lasentinelle.dz\\\/index.php\\\/2025\\\/12\\\/10\\\/face-aux-guerres-des-interets-et-aux-propagandes-hostiles-le-president-tebboune-appelle-a-la-vigilance\\\/#breadcrumb\"},\"inLanguage\":\"fr-FR\",\"potentialAction\":[{\"@type\":\"ReadAction\",\"target\":[\"https:\\\/\\\/lasentinelle.dz\\\/index.php\\\/2025\\\/12\\\/10\\\/face-aux-guerres-des-interets-et-aux-propagandes-hostiles-le-president-tebboune-appelle-a-la-vigilance\\\/\"]}]},{\"@type\":\"ImageObject\",\"inLanguage\":\"fr-FR\",\"@id\":\"https:\\\/\\\/lasentinelle.dz\\\/index.php\\\/2025\\\/12\\\/10\\\/face-aux-guerres-des-interets-et-aux-propagandes-hostiles-le-president-tebboune-appelle-a-la-vigilance\\\/#primaryimage\",\"url\":\"https:\\\/\\\/lasentinelle.dz\\\/wp-content\\\/uploads\\\/2025\\\/02\\\/Tebboune-1.jpg\",\"contentUrl\":\"https:\\\/\\\/lasentinelle.dz\\\/wp-content\\\/uploads\\\/2025\\\/02\\\/Tebboune-1.jpg\",\"width\":958,\"height\":718},{\"@type\":\"BreadcrumbList\",\"@id\":\"https:\\\/\\\/lasentinelle.dz\\\/index.php\\\/2025\\\/12\\\/10\\\/face-aux-guerres-des-interets-et-aux-propagandes-hostiles-le-president-tebboune-appelle-a-la-vigilance\\\/#breadcrumb\",\"itemListElement\":[{\"@type\":\"ListItem\",\"position\":1,\"name\":\"Accueil\",\"item\":\"https:\\\/\\\/lasentinelle.dz\\\/\"},{\"@type\":\"ListItem\",\"position\":2,\"name\":\"Face aux guerres des int\u00e9r\u00eats\u00a0\u00bb et aux propagandes hostiles\u00a0: Le Pr\u00e9sident\u00a0Tebboune appelle \u00e0 la vigilance\u00a0\"}]},{\"@type\":\"WebSite\",\"@id\":\"https:\\\/\\\/lasentinelle.dz\\\/#website\",\"url\":\"https:\\\/\\\/lasentinelle.dz\\\/\",\"name\":\"La Sentinelle\",\"description\":\"Quotidien national d&#039;information\",\"publisher\":{\"@id\":\"https:\\\/\\\/lasentinelle.dz\\\/#organization\"},\"potentialAction\":[{\"@type\":\"SearchAction\",\"target\":{\"@type\":\"EntryPoint\",\"urlTemplate\":\"https:\\\/\\\/lasentinelle.dz\\\/?s={search_term_string}\"},\"query-input\":{\"@type\":\"PropertyValueSpecification\",\"valueRequired\":true,\"valueName\":\"search_term_string\"}}],\"inLanguage\":\"fr-FR\"},{\"@type\":\"Organization\",\"@id\":\"https:\\\/\\\/lasentinelle.dz\\\/#organization\",\"name\":\"Quotidien La Sentinelle\",\"url\":\"https:\\\/\\\/lasentinelle.dz\\\/\",\"logo\":{\"@type\":\"ImageObject\",\"inLanguage\":\"fr-FR\",\"@id\":\"https:\\\/\\\/lasentinelle.dz\\\/#\\\/schema\\\/logo\\\/image\\\/\",\"url\":\"https:\\\/\\\/lasentinelle.dz\\\/wp-content\\\/uploads\\\/2021\\\/09\\\/logo-sentinelleSLOGAN-1.png\",\"contentUrl\":\"https:\\\/\\\/lasentinelle.dz\\\/wp-content\\\/uploads\\\/2021\\\/09\\\/logo-sentinelleSLOGAN-1.png\",\"width\":615,\"height\":142,\"caption\":\"Quotidien La Sentinelle\"},\"image\":{\"@id\":\"https:\\\/\\\/lasentinelle.dz\\\/#\\\/schema\\\/logo\\\/image\\\/\"},\"sameAs\":[\"https:\\\/\\\/www.facebook.com\\\/La-Sentinelle-104059864394773\"]},{\"@type\":\"Person\",\"@id\":\"https:\\\/\\\/lasentinelle.dz\\\/#\\\/schema\\\/person\\\/729ee0024f24e0b8c5ec17232f8e8b41\",\"name\":\"admin\",\"image\":{\"@type\":\"ImageObject\",\"inLanguage\":\"fr-FR\",\"@id\":\"https:\\\/\\\/secure.gravatar.com\\\/avatar\\\/4c81fed838786e9b53f540bf46533e750f5d292099ae3b66cfc6fb1982e29df7?s=96&d=mm&r=g\",\"url\":\"https:\\\/\\\/secure.gravatar.com\\\/avatar\\\/4c81fed838786e9b53f540bf46533e750f5d292099ae3b66cfc6fb1982e29df7?s=96&d=mm&r=g\",\"contentUrl\":\"https:\\\/\\\/secure.gravatar.com\\\/avatar\\\/4c81fed838786e9b53f540bf46533e750f5d292099ae3b66cfc6fb1982e29df7?s=96&d=mm&r=g\",\"caption\":\"admin\"},\"description\":\"admin\",\"url\":\"https:\\\/\\\/lasentinelle.dz\\\/author\\\/admin\\\/\"}]}<\/script>\n<!-- \/ Yoast SEO plugin. -->","yoast_head_json":{"title":"Face aux guerres des int\u00e9r\u00eats\u00a0\u00bb et aux propagandes hostiles\u00a0: Le Pr\u00e9sident\u00a0Tebboune appelle \u00e0 la vigilance\u00a0 - La Sentinelle","robots":{"index":"index","follow":"follow","max-snippet":"max-snippet:-1","max-image-preview":"max-image-preview:large","max-video-preview":"max-video-preview:-1"},"canonical":"https:\/\/lasentinelle.dz\/index.php\/2025\/12\/10\/face-aux-guerres-des-interets-et-aux-propagandes-hostiles-le-president-tebboune-appelle-a-la-vigilance\/","og_locale":"fr_FR","og_type":"article","og_title":"Face aux guerres des int\u00e9r\u00eats\u00a0\u00bb et aux propagandes hostiles\u00a0: Le Pr\u00e9sident\u00a0Tebboune appelle \u00e0 la vigilance\u00a0 - La Sentinelle","og_description":"Le pr\u00e9sident de la R\u00e9publique, Abdelmadjid Tebboune, a appel\u00e9 mardi le peuple alg\u00e9rien \u00e0 puiser dans son h\u00e9ritage r\u00e9volutionnaire la","og_url":"https:\/\/lasentinelle.dz\/index.php\/2025\/12\/10\/face-aux-guerres-des-interets-et-aux-propagandes-hostiles-le-president-tebboune-appelle-a-la-vigilance\/","og_site_name":"La Sentinelle","article_publisher":"https:\/\/www.facebook.com\/La-Sentinelle-104059864394773","article_published_time":"2025-12-10T19:05:43+00:00","article_modified_time":"2025-12-10T19:05:48+00:00","og_image":[{"width":958,"height":718,"url":"https:\/\/lasentinelle.dz\/wp-content\/uploads\/2025\/02\/Tebboune-1.jpg","type":"image\/jpeg"}],"author":"admin","twitter_card":"summary_large_image","twitter_misc":{"\u00c9crit par":"admin","Dur\u00e9e de lecture estim\u00e9e":"4 minutes"},"schema":{"@context":"https:\/\/schema.org","@graph":[{"@type":"Article","@id":"https:\/\/lasentinelle.dz\/index.php\/2025\/12\/10\/face-aux-guerres-des-interets-et-aux-propagandes-hostiles-le-president-tebboune-appelle-a-la-vigilance\/#article","isPartOf":{"@id":"https:\/\/lasentinelle.dz\/index.php\/2025\/12\/10\/face-aux-guerres-des-interets-et-aux-propagandes-hostiles-le-president-tebboune-appelle-a-la-vigilance\/"},"author":{"name":"admin","@id":"https:\/\/lasentinelle.dz\/#\/schema\/person\/729ee0024f24e0b8c5ec17232f8e8b41"},"headline":"Face aux guerres des int\u00e9r\u00eats\u00a0\u00bb et aux propagandes hostiles\u00a0: Le Pr\u00e9sident\u00a0Tebboune appelle \u00e0 la vigilance\u00a0","datePublished":"2025-12-10T19:05:43+00:00","dateModified":"2025-12-10T19:05:48+00:00","mainEntityOfPage":{"@id":"https:\/\/lasentinelle.dz\/index.php\/2025\/12\/10\/face-aux-guerres-des-interets-et-aux-propagandes-hostiles-le-president-tebboune-appelle-a-la-vigilance\/"},"wordCount":845,"commentCount":0,"publisher":{"@id":"https:\/\/lasentinelle.dz\/#organization"},"image":{"@id":"https:\/\/lasentinelle.dz\/index.php\/2025\/12\/10\/face-aux-guerres-des-interets-et-aux-propagandes-hostiles-le-president-tebboune-appelle-a-la-vigilance\/#primaryimage"},"thumbnailUrl":"https:\/\/lasentinelle.dz\/wp-content\/uploads\/2025\/02\/Tebboune-1.jpg","articleSection":["\u00c0 la Une","Actualit\u00e9"],"inLanguage":"fr-FR","potentialAction":[{"@type":"CommentAction","name":"Comment","target":["https:\/\/lasentinelle.dz\/index.php\/2025\/12\/10\/face-aux-guerres-des-interets-et-aux-propagandes-hostiles-le-president-tebboune-appelle-a-la-vigilance\/#respond"]}]},{"@type":"WebPage","@id":"https:\/\/lasentinelle.dz\/index.php\/2025\/12\/10\/face-aux-guerres-des-interets-et-aux-propagandes-hostiles-le-president-tebboune-appelle-a-la-vigilance\/","url":"https:\/\/lasentinelle.dz\/index.php\/2025\/12\/10\/face-aux-guerres-des-interets-et-aux-propagandes-hostiles-le-president-tebboune-appelle-a-la-vigilance\/","name":"Face aux guerres des int\u00e9r\u00eats\u00a0\u00bb et aux propagandes hostiles\u00a0: Le Pr\u00e9sident\u00a0Tebboune appelle \u00e0 la vigilance\u00a0 - La Sentinelle","isPartOf":{"@id":"https:\/\/lasentinelle.dz\/#website"},"primaryImageOfPage":{"@id":"https:\/\/lasentinelle.dz\/index.php\/2025\/12\/10\/face-aux-guerres-des-interets-et-aux-propagandes-hostiles-le-president-tebboune-appelle-a-la-vigilance\/#primaryimage"},"image":{"@id":"https:\/\/lasentinelle.dz\/index.php\/2025\/12\/10\/face-aux-guerres-des-interets-et-aux-propagandes-hostiles-le-president-tebboune-appelle-a-la-vigilance\/#primaryimage"},"thumbnailUrl":"https:\/\/lasentinelle.dz\/wp-content\/uploads\/2025\/02\/Tebboune-1.jpg","datePublished":"2025-12-10T19:05:43+00:00","dateModified":"2025-12-10T19:05:48+00:00","breadcrumb":{"@id":"https:\/\/lasentinelle.dz\/index.php\/2025\/12\/10\/face-aux-guerres-des-interets-et-aux-propagandes-hostiles-le-president-tebboune-appelle-a-la-vigilance\/#breadcrumb"},"inLanguage":"fr-FR","potentialAction":[{"@type":"ReadAction","target":["https:\/\/lasentinelle.dz\/index.php\/2025\/12\/10\/face-aux-guerres-des-interets-et-aux-propagandes-hostiles-le-president-tebboune-appelle-a-la-vigilance\/"]}]},{"@type":"ImageObject","inLanguage":"fr-FR","@id":"https:\/\/lasentinelle.dz\/index.php\/2025\/12\/10\/face-aux-guerres-des-interets-et-aux-propagandes-hostiles-le-president-tebboune-appelle-a-la-vigilance\/#primaryimage","url":"https:\/\/lasentinelle.dz\/wp-content\/uploads\/2025\/02\/Tebboune-1.jpg","contentUrl":"https:\/\/lasentinelle.dz\/wp-content\/uploads\/2025\/02\/Tebboune-1.jpg","width":958,"height":718},{"@type":"BreadcrumbList","@id":"https:\/\/lasentinelle.dz\/index.php\/2025\/12\/10\/face-aux-guerres-des-interets-et-aux-propagandes-hostiles-le-president-tebboune-appelle-a-la-vigilance\/#breadcrumb","itemListElement":[{"@type":"ListItem","position":1,"name":"Accueil","item":"https:\/\/lasentinelle.dz\/"},{"@type":"ListItem","position":2,"name":"Face aux guerres des int\u00e9r\u00eats\u00a0\u00bb et aux propagandes hostiles\u00a0: Le Pr\u00e9sident\u00a0Tebboune appelle \u00e0 la vigilance\u00a0"}]},{"@type":"WebSite","@id":"https:\/\/lasentinelle.dz\/#website","url":"https:\/\/lasentinelle.dz\/","name":"La Sentinelle","description":"Quotidien national d&#039;information","publisher":{"@id":"https:\/\/lasentinelle.dz\/#organization"},"potentialAction":[{"@type":"SearchAction","target":{"@type":"EntryPoint","urlTemplate":"https:\/\/lasentinelle.dz\/?s={search_term_string}"},"query-input":{"@type":"PropertyValueSpecification","valueRequired":true,"valueName":"search_term_string"}}],"inLanguage":"fr-FR"},{"@type":"Organization","@id":"https:\/\/lasentinelle.dz\/#organization","name":"Quotidien La Sentinelle","url":"https:\/\/lasentinelle.dz\/","logo":{"@type":"ImageObject","inLanguage":"fr-FR","@id":"https:\/\/lasentinelle.dz\/#\/schema\/logo\/image\/","url":"https:\/\/lasentinelle.dz\/wp-content\/uploads\/2021\/09\/logo-sentinelleSLOGAN-1.png","contentUrl":"https:\/\/lasentinelle.dz\/wp-content\/uploads\/2021\/09\/logo-sentinelleSLOGAN-1.png","width":615,"height":142,"caption":"Quotidien La Sentinelle"},"image":{"@id":"https:\/\/lasentinelle.dz\/#\/schema\/logo\/image\/"},"sameAs":["https:\/\/www.facebook.com\/La-Sentinelle-104059864394773"]},{"@type":"Person","@id":"https:\/\/lasentinelle.dz\/#\/schema\/person\/729ee0024f24e0b8c5ec17232f8e8b41","name":"admin","image":{"@type":"ImageObject","inLanguage":"fr-FR","@id":"https:\/\/secure.gravatar.com\/avatar\/4c81fed838786e9b53f540bf46533e750f5d292099ae3b66cfc6fb1982e29df7?s=96&d=mm&r=g","url":"https:\/\/secure.gravatar.com\/avatar\/4c81fed838786e9b53f540bf46533e750f5d292099ae3b66cfc6fb1982e29df7?s=96&d=mm&r=g","contentUrl":"https:\/\/secure.gravatar.com\/avatar\/4c81fed838786e9b53f540bf46533e750f5d292099ae3b66cfc6fb1982e29df7?s=96&d=mm&r=g","caption":"admin"},"description":"admin","url":"https:\/\/lasentinelle.dz\/author\/admin\/"}]}},"_links":{"self":[{"href":"https:\/\/lasentinelle.dz\/index.php\/wp-json\/wp\/v2\/posts\/77662","targetHints":{"allow":["GET"]}}],"collection":[{"href":"https:\/\/lasentinelle.dz\/index.php\/wp-json\/wp\/v2\/posts"}],"about":[{"href":"https:\/\/lasentinelle.dz\/index.php\/wp-json\/wp\/v2\/types\/post"}],"author":[{"embeddable":true,"href":"https:\/\/lasentinelle.dz\/index.php\/wp-json\/wp\/v2\/users\/6"}],"replies":[{"embeddable":true,"href":"https:\/\/lasentinelle.dz\/index.php\/wp-json\/wp\/v2\/comments?post=77662"}],"version-history":[{"count":2,"href":"https:\/\/lasentinelle.dz\/index.php\/wp-json\/wp\/v2\/posts\/77662\/revisions"}],"predecessor-version":[{"id":77664,"href":"https:\/\/lasentinelle.dz\/index.php\/wp-json\/wp\/v2\/posts\/77662\/revisions\/77664"}],"wp:featuredmedia":[{"embeddable":true,"href":"https:\/\/lasentinelle.dz\/index.php\/wp-json\/wp\/v2\/media\/63248"}],"wp:attachment":[{"href":"https:\/\/lasentinelle.dz\/index.php\/wp-json\/wp\/v2\/media?parent=77662"}],"wp:term":[{"taxonomy":"category","embeddable":true,"href":"https:\/\/lasentinelle.dz\/index.php\/wp-json\/wp\/v2\/categories?post=77662"},{"taxonomy":"post_tag","embeddable":true,"href":"https:\/\/lasentinelle.dz\/index.php\/wp-json\/wp\/v2\/tags?post=77662"}],"curies":[{"name":"wp","href":"https:\/\/api.w.org\/{rel}","templated":true}]}}