{"id":77667,"date":"2025-12-10T20:10:06","date_gmt":"2025-12-10T19:10:06","guid":{"rendered":"https:\/\/lasentinelle.dz\/?p=77667"},"modified":"2025-12-10T20:10:08","modified_gmt":"2025-12-10T19:10:08","slug":"gara-djebilet-une-ambition-industrielle","status":"publish","type":"post","link":"https:\/\/lasentinelle.dz\/index.php\/2025\/12\/10\/gara-djebilet-une-ambition-industrielle\/","title":{"rendered":"Gara Djebilet, une ambition industrielle"},"content":{"rendered":"\n<p>Gara Djebilet, consid\u00e9r\u00e9 comme l&rsquo;un des plus importants gisements de fer au monde avec des r\u00e9serves estim\u00e9es \u00e0 plusieurs milliards de tonnes, cristallise aujourd&rsquo;hui les ambitions industrielles de l&rsquo;Alg\u00e9rie.<\/p>\n\n\n\n<p>Le projet minier de Gara Djebilet franchit une \u00e9tape majeure avec plus de 400 000 tonnes de minerai de fer d\u00e9j\u00e0 extraites et la mise en service prochaine de deux unit\u00e9s de traitement qui g\u00e9n\u00e8reront 500 emplois directs, a annonc\u00e9 mercredi la secr\u00e9taire d&rsquo;\u00c9tat charg\u00e9e des mines, Karima Bakir Tafer, lors d&rsquo;une visite d&rsquo;inspection sur le site. Cette avanc\u00e9e spectaculaire confirme la volont\u00e9 du&nbsp;Pr\u00e9sident Tebboune de faire de ce gisement exceptionnel un pilier de la souverainet\u00e9 industrielle alg\u00e9rienne et un levier strat\u00e9gique pour la diversification \u00e9conomique hors hydrocarbures.&nbsp;La visite conjointe de Karima Bakir Tafer et du ministre des Travaux publics, Abdelkader Djelaoui, \u00e0&nbsp;Tindouf t\u00e9moigne de l&rsquo;importance que les autorit\u00e9s accordent \u00e0 ce projet titanesque. Gara Djebilet, consid\u00e9r\u00e9 comme l&rsquo;un des plus importants gisements de fer au monde avec des r\u00e9serves estim\u00e9es \u00e0 plusieurs milliards de tonnes, cristallise aujourd&rsquo;hui les ambitions industrielles de l&rsquo;Alg\u00e9rie. Le site incarne la volont\u00e9 du pays de valoriser ses richesses mini\u00e8res pour b\u00e2tir une v\u00e9ritable base industrielle nationale et r\u00e9duire sa d\u00e9pendance aux revenus p\u00e9troliers.&nbsp;La secr\u00e9taire d&rsquo;\u00c9tat a soulign\u00e9 que cette visite s&rsquo;inscrivait dans le cadre du suivi sur le terrain des grands projets structurants du secteur minier. \u00ab\u00a0Le projet de d\u00e9veloppement du minerai de fer sur ce site constitue un projet strat\u00e9gique important et repr\u00e9sente l&rsquo;un des fondements de la strat\u00e9gie de l&rsquo;\u00c9tat dans la construction d&rsquo;une base industrielle dans le domaine minier\u00a0\u00bb, a-t-elle d\u00e9clar\u00e9, insistant sur la dimension nationale de cette initiative. Elle a \u00e9galement rappel\u00e9 que \u00ab\u00a0le projet Gara Djebilet est aujourd&rsquo;hui une r\u00e9alit\u00e9 concr\u00e8te gr\u00e2ce au soutien continu du pr\u00e9sident de la R\u00e9publique, Monsieur Abdelmadjid Tebboune\u00a0\u00bb, saluant les progr\u00e8s consid\u00e9rables enregistr\u00e9s dans la r\u00e9alisation des infrastructures de transport du minerai, notamment les r\u00e9seaux routiers de raccordement et les installations logistiques.<\/p>\n\n\n\n<p>Sur le plan op\u00e9rationnel, les chiffres t\u00e9moignent d&rsquo;une mont\u00e9e en puissance rapide. La quantit\u00e9 extraite de minerai de fer a d\u00e9pass\u00e9 les 400 000 tonnes, et le d\u00e9marrage de l&rsquo;utilisation d&rsquo;explosifs pour poursuivre les op\u00e9rations d&rsquo;extraction est pr\u00e9vu dans les prochains jours, ce qui permettra d&rsquo;acc\u00e9l\u00e9rer significativement la cadence de production. L&rsquo;exp\u00e9dition des quantit\u00e9s trait\u00e9es devrait intervenir prochainement, marquant ainsi le d\u00e9but effectif de la cha\u00eene de valorisation du minerai.&nbsp;Les installations de traitement primaire, dont le taux d&rsquo;avancement d\u00e9passe d\u00e9sormais 48%, constituent le c\u0153ur technologique du projet. Ces unit\u00e9s auront pour mission le concassage, le criblage et l&rsquo;enrichissement du minerai, avec un objectif ambitieux : augmenter la teneur en fer tout en r\u00e9duisant drastiquement le taux de phosphore de 0,8% \u00e0 0,2%. Cette prouesse technique, rendue possible par l&rsquo;adoption des technologies les plus r\u00e9centes de traitement du phosphore, conditionnera la qualit\u00e9 du produit final et sa comp\u00e9titivit\u00e9 sur les march\u00e9s internationaux. La trajectoire de production s&rsquo;annonce impressionnante, avec une capacit\u00e9 initiale d&rsquo;un million de tonnes en 2026, devant atteindre huit millions de tonnes \u00e0 l&rsquo;horizon 2030, soit pr\u00e9cis\u00e9ment la quantit\u00e9 n\u00e9cessaire pour approvisionner l&rsquo;usine de B\u00e9char en mati\u00e8re premi\u00e8re.<\/p>\n\n\n\n<p><strong>500&nbsp;emplois directs pour dynamiser la r\u00e9gion<\/strong><\/p>\n\n\n\n<p>Au-del\u00e0 des consid\u00e9rations techniques et industrielles, le projet de Gara Djebilet se veut \u00e9galement un vecteur de d\u00e9veloppement territorial et social. Karima Bakir Tafer a annonc\u00e9 que les deux unit\u00e9s de traitement cr\u00e9eront 500 postes d&#8217;emploi directs, avec une priorit\u00e9 explicite accord\u00e9e aux jeunes de la r\u00e9gion. Cette injection de main-d&rsquo;\u0153uvre qualifi\u00e9e dans une zone traditionnellement enclav\u00e9e repr\u00e9sente une opportunit\u00e9 in\u00e9dite de d\u00e9veloppement local et de fixation des populations. Les autorit\u00e9s misent sur cet effet d&rsquo;entra\u00eenement pour dynamiser l&rsquo;ensemble de l&rsquo;\u00e9cosyst\u00e8me \u00e9conomique de Tindouf et des wilayas environnantes, en g\u00e9n\u00e9rant \u00e9galement des milliers d&#8217;emplois indirects dans les secteurs du transport, de la logistique et des services.<\/p>\n\n\n\n<p>Rappelons que l\u2019Assembl\u00e9e&nbsp;g\u00e9n\u00e9rale constitutive de la soci\u00e9t\u00e9 mixte entre le groupe public Sonarim, via sa filiale Feraal, et la soci\u00e9t\u00e9 turque Tosyali Alg\u00e9rie, s&rsquo;est tenue&nbsp;lundi, scellant une collaboration strat\u00e9gique fond\u00e9e sur le transfert de technologies et l&rsquo;int\u00e9gration industrielle.&nbsp;&nbsp;L&rsquo;infrastructure de transport constitue l&rsquo;\u00e9pine dorsale logistique du projet. La nouvelle ligne ferroviaire reliant Gara Djebilet \u00e0 B\u00e9char sur 950 kilom\u00e8tres, enti\u00e8rement achev\u00e9e, sera inaugur\u00e9e en janvier 2026 sur instruction du pr\u00e9sident Tebboune. Cette liaison permettra d&rsquo;acheminer le premier chargement de minerai vers le complexe Tosyali d&rsquo;Oran d\u00e8s 2026, cr\u00e9ant ainsi une cha\u00eene de valeur int\u00e9gr\u00e9e du gisement jusqu&rsquo;\u00e0 la transformation sid\u00e9rurgique finale. Le pr\u00e9sident de la R\u00e9publique a express\u00e9ment ordonn\u00e9 le lancement de l&rsquo;exploitation au premier trimestre 2026, qualifiant cet \u00e9v\u00e9nement de \u00ab\u00a0message fort pour un nouvel \u00e9lan alg\u00e9rien consolidant le principe de souverainet\u00e9 \u00e9conomique\u00a0\u00bb.<\/p>\n\n\n\n<p>La secr\u00e9taire d&rsquo;\u00c9tat a soulign\u00e9 que la r\u00e9ussite du projet repose sur une coordination exemplaire entre plusieurs secteurs minist\u00e9riels et les autorit\u00e9s locales, un facteur qu&rsquo;elle consid\u00e8re comme \u00ab\u00a0essentiel dans la r\u00e9alisation des progr\u00e8s sur le terrain\u00a0\u00bb. Cette gouvernance transversale, associ\u00e9e au respect scrupuleux des d\u00e9lais par les \u00e9quipes d&rsquo;ouvriers mobilis\u00e9es sur le chantier, augure d&rsquo;une concr\u00e9tisation dans les temps impartis de cette infrastructure strat\u00e9gique. Gara Djebilet s&rsquo;impose d\u00e9sormais comme un symbole tangible de la capacit\u00e9 de l&rsquo;Alg\u00e9rie \u00e0 mener \u00e0 bien des projets d&rsquo;envergure continentale, transformant ses immenses r\u00e9serves mini\u00e8res en leviers de croissance durable et de rayonnement industriel r\u00e9gional et international.<\/p>\n\n\n\n<p>Samira Ghrib<\/p>\n","protected":false},"excerpt":{"rendered":"<p>Gara Djebilet, consid\u00e9r\u00e9 comme l&rsquo;un des plus importants gisements de fer au monde avec des r\u00e9serves estim\u00e9es \u00e0 plusieurs milliards<\/p>\n","protected":false},"author":6,"featured_media":77668,"comment_status":"open","ping_status":"closed","sticky":false,"template":"","format":"standard","meta":{"colormag_page_container_layout":"default_layout","colormag_page_sidebar_layout":"default_layout","om_disable_all_campaigns":false,"_monsterinsights_skip_tracking":false,"_monsterinsights_sitenote_active":false,"_monsterinsights_sitenote_note":"","_monsterinsights_sitenote_category":0,"footnotes":"","_wpscppro_dont_share_socialmedia":false,"_wpscppro_custom_social_share_image":0,"_facebook_share_type":"default","_twitter_share_type":"default","_linkedin_share_type":"default","_pinterest_share_type":"default","_linkedin_share_type_page":"","_instagram_share_type":"default","_medium_share_type":"default","_threads_share_type":"default","_google_business_share_type":"default","_selected_social_profile":[],"_wpsp_enable_custom_social_template":false,"_wpsp_social_scheduling":{"enabled":false,"datetime":null,"platforms":[],"status":"template_only","dateOption":"today","timeOption":"now","customDays":"","customHours":"","customDate":"","customTime":"","schedulingType":"absolute"},"_wpsp_active_default_template":true},"categories":[52,29],"tags":[],"class_list":["post-77667","post","type-post","status-publish","format-standard","has-post-thumbnail","hentry","category-a-la-une","category-economie"],"aioseo_notices":[],"yoast_head":"<!-- This site is optimized with the Yoast SEO plugin v27.5 - https:\/\/yoast.com\/product\/yoast-seo-wordpress\/ -->\n<title>Gara Djebilet, une ambition industrielle - La Sentinelle<\/title>\n<meta name=\"robots\" content=\"index, follow, max-snippet:-1, max-image-preview:large, max-video-preview:-1\" \/>\n<link rel=\"canonical\" href=\"https:\/\/lasentinelle.dz\/index.php\/2025\/12\/10\/gara-djebilet-une-ambition-industrielle\/\" \/>\n<meta property=\"og:locale\" content=\"fr_FR\" \/>\n<meta property=\"og:type\" content=\"article\" \/>\n<meta property=\"og:title\" content=\"Gara Djebilet, une ambition industrielle - La Sentinelle\" \/>\n<meta property=\"og:description\" content=\"Gara Djebilet, consid\u00e9r\u00e9 comme l&rsquo;un des plus importants gisements de fer au monde avec des r\u00e9serves estim\u00e9es \u00e0 plusieurs milliards\" \/>\n<meta property=\"og:url\" content=\"https:\/\/lasentinelle.dz\/index.php\/2025\/12\/10\/gara-djebilet-une-ambition-industrielle\/\" \/>\n<meta property=\"og:site_name\" content=\"La Sentinelle\" \/>\n<meta property=\"article:publisher\" content=\"https:\/\/www.facebook.com\/La-Sentinelle-104059864394773\" \/>\n<meta property=\"article:published_time\" content=\"2025-12-10T19:10:06+00:00\" \/>\n<meta property=\"article:modified_time\" content=\"2025-12-10T19:10:08+00:00\" \/>\n<meta property=\"og:image\" content=\"https:\/\/lasentinelle.dz\/wp-content\/uploads\/2025\/12\/Unite-mine-gara-djebilet-e1765393791236.jpeg\" \/>\n\t<meta property=\"og:image:width\" content=\"2048\" \/>\n\t<meta property=\"og:image:height\" content=\"1348\" \/>\n\t<meta property=\"og:image:type\" content=\"image\/jpeg\" \/>\n<meta name=\"author\" content=\"admin\" \/>\n<meta name=\"twitter:card\" content=\"summary_large_image\" \/>\n<meta name=\"twitter:label1\" content=\"\u00c9crit par\" \/>\n\t<meta name=\"twitter:data1\" content=\"admin\" \/>\n\t<meta name=\"twitter:label2\" content=\"Dur\u00e9e de lecture estim\u00e9e\" \/>\n\t<meta name=\"twitter:data2\" content=\"5 minutes\" \/>\n<script type=\"application\/ld+json\" class=\"yoast-schema-graph\">{\"@context\":\"https:\\\/\\\/schema.org\",\"@graph\":[{\"@type\":\"Article\",\"@id\":\"https:\\\/\\\/lasentinelle.dz\\\/index.php\\\/2025\\\/12\\\/10\\\/gara-djebilet-une-ambition-industrielle\\\/#article\",\"isPartOf\":{\"@id\":\"https:\\\/\\\/lasentinelle.dz\\\/index.php\\\/2025\\\/12\\\/10\\\/gara-djebilet-une-ambition-industrielle\\\/\"},\"author\":{\"name\":\"admin\",\"@id\":\"https:\\\/\\\/lasentinelle.dz\\\/#\\\/schema\\\/person\\\/729ee0024f24e0b8c5ec17232f8e8b41\"},\"headline\":\"Gara Djebilet, une ambition industrielle\",\"datePublished\":\"2025-12-10T19:10:06+00:00\",\"dateModified\":\"2025-12-10T19:10:08+00:00\",\"mainEntityOfPage\":{\"@id\":\"https:\\\/\\\/lasentinelle.dz\\\/index.php\\\/2025\\\/12\\\/10\\\/gara-djebilet-une-ambition-industrielle\\\/\"},\"wordCount\":1034,\"commentCount\":0,\"publisher\":{\"@id\":\"https:\\\/\\\/lasentinelle.dz\\\/#organization\"},\"image\":{\"@id\":\"https:\\\/\\\/lasentinelle.dz\\\/index.php\\\/2025\\\/12\\\/10\\\/gara-djebilet-une-ambition-industrielle\\\/#primaryimage\"},\"thumbnailUrl\":\"https:\\\/\\\/lasentinelle.dz\\\/wp-content\\\/uploads\\\/2025\\\/12\\\/Unite-mine-gara-djebilet-e1765393791236.jpeg\",\"articleSection\":[\"\u00c0 la Une\",\"\u00c9conomie\"],\"inLanguage\":\"fr-FR\",\"potentialAction\":[{\"@type\":\"CommentAction\",\"name\":\"Comment\",\"target\":[\"https:\\\/\\\/lasentinelle.dz\\\/index.php\\\/2025\\\/12\\\/10\\\/gara-djebilet-une-ambition-industrielle\\\/#respond\"]}]},{\"@type\":\"WebPage\",\"@id\":\"https:\\\/\\\/lasentinelle.dz\\\/index.php\\\/2025\\\/12\\\/10\\\/gara-djebilet-une-ambition-industrielle\\\/\",\"url\":\"https:\\\/\\\/lasentinelle.dz\\\/index.php\\\/2025\\\/12\\\/10\\\/gara-djebilet-une-ambition-industrielle\\\/\",\"name\":\"Gara Djebilet, une ambition industrielle - La Sentinelle\",\"isPartOf\":{\"@id\":\"https:\\\/\\\/lasentinelle.dz\\\/#website\"},\"primaryImageOfPage\":{\"@id\":\"https:\\\/\\\/lasentinelle.dz\\\/index.php\\\/2025\\\/12\\\/10\\\/gara-djebilet-une-ambition-industrielle\\\/#primaryimage\"},\"image\":{\"@id\":\"https:\\\/\\\/lasentinelle.dz\\\/index.php\\\/2025\\\/12\\\/10\\\/gara-djebilet-une-ambition-industrielle\\\/#primaryimage\"},\"thumbnailUrl\":\"https:\\\/\\\/lasentinelle.dz\\\/wp-content\\\/uploads\\\/2025\\\/12\\\/Unite-mine-gara-djebilet-e1765393791236.jpeg\",\"datePublished\":\"2025-12-10T19:10:06+00:00\",\"dateModified\":\"2025-12-10T19:10:08+00:00\",\"breadcrumb\":{\"@id\":\"https:\\\/\\\/lasentinelle.dz\\\/index.php\\\/2025\\\/12\\\/10\\\/gara-djebilet-une-ambition-industrielle\\\/#breadcrumb\"},\"inLanguage\":\"fr-FR\",\"potentialAction\":[{\"@type\":\"ReadAction\",\"target\":[\"https:\\\/\\\/lasentinelle.dz\\\/index.php\\\/2025\\\/12\\\/10\\\/gara-djebilet-une-ambition-industrielle\\\/\"]}]},{\"@type\":\"ImageObject\",\"inLanguage\":\"fr-FR\",\"@id\":\"https:\\\/\\\/lasentinelle.dz\\\/index.php\\\/2025\\\/12\\\/10\\\/gara-djebilet-une-ambition-industrielle\\\/#primaryimage\",\"url\":\"https:\\\/\\\/lasentinelle.dz\\\/wp-content\\\/uploads\\\/2025\\\/12\\\/Unite-mine-gara-djebilet-e1765393791236.jpeg\",\"contentUrl\":\"https:\\\/\\\/lasentinelle.dz\\\/wp-content\\\/uploads\\\/2025\\\/12\\\/Unite-mine-gara-djebilet-e1765393791236.jpeg\",\"width\":2048,\"height\":1348},{\"@type\":\"BreadcrumbList\",\"@id\":\"https:\\\/\\\/lasentinelle.dz\\\/index.php\\\/2025\\\/12\\\/10\\\/gara-djebilet-une-ambition-industrielle\\\/#breadcrumb\",\"itemListElement\":[{\"@type\":\"ListItem\",\"position\":1,\"name\":\"Accueil\",\"item\":\"https:\\\/\\\/lasentinelle.dz\\\/\"},{\"@type\":\"ListItem\",\"position\":2,\"name\":\"Gara Djebilet, une ambition industrielle\"}]},{\"@type\":\"WebSite\",\"@id\":\"https:\\\/\\\/lasentinelle.dz\\\/#website\",\"url\":\"https:\\\/\\\/lasentinelle.dz\\\/\",\"name\":\"La Sentinelle\",\"description\":\"Quotidien national d&#039;information\",\"publisher\":{\"@id\":\"https:\\\/\\\/lasentinelle.dz\\\/#organization\"},\"potentialAction\":[{\"@type\":\"SearchAction\",\"target\":{\"@type\":\"EntryPoint\",\"urlTemplate\":\"https:\\\/\\\/lasentinelle.dz\\\/?s={search_term_string}\"},\"query-input\":{\"@type\":\"PropertyValueSpecification\",\"valueRequired\":true,\"valueName\":\"search_term_string\"}}],\"inLanguage\":\"fr-FR\"},{\"@type\":\"Organization\",\"@id\":\"https:\\\/\\\/lasentinelle.dz\\\/#organization\",\"name\":\"Quotidien La Sentinelle\",\"url\":\"https:\\\/\\\/lasentinelle.dz\\\/\",\"logo\":{\"@type\":\"ImageObject\",\"inLanguage\":\"fr-FR\",\"@id\":\"https:\\\/\\\/lasentinelle.dz\\\/#\\\/schema\\\/logo\\\/image\\\/\",\"url\":\"https:\\\/\\\/lasentinelle.dz\\\/wp-content\\\/uploads\\\/2021\\\/09\\\/logo-sentinelleSLOGAN-1.png\",\"contentUrl\":\"https:\\\/\\\/lasentinelle.dz\\\/wp-content\\\/uploads\\\/2021\\\/09\\\/logo-sentinelleSLOGAN-1.png\",\"width\":615,\"height\":142,\"caption\":\"Quotidien La Sentinelle\"},\"image\":{\"@id\":\"https:\\\/\\\/lasentinelle.dz\\\/#\\\/schema\\\/logo\\\/image\\\/\"},\"sameAs\":[\"https:\\\/\\\/www.facebook.com\\\/La-Sentinelle-104059864394773\"]},{\"@type\":\"Person\",\"@id\":\"https:\\\/\\\/lasentinelle.dz\\\/#\\\/schema\\\/person\\\/729ee0024f24e0b8c5ec17232f8e8b41\",\"name\":\"admin\",\"image\":{\"@type\":\"ImageObject\",\"inLanguage\":\"fr-FR\",\"@id\":\"https:\\\/\\\/secure.gravatar.com\\\/avatar\\\/4c81fed838786e9b53f540bf46533e750f5d292099ae3b66cfc6fb1982e29df7?s=96&d=mm&r=g\",\"url\":\"https:\\\/\\\/secure.gravatar.com\\\/avatar\\\/4c81fed838786e9b53f540bf46533e750f5d292099ae3b66cfc6fb1982e29df7?s=96&d=mm&r=g\",\"contentUrl\":\"https:\\\/\\\/secure.gravatar.com\\\/avatar\\\/4c81fed838786e9b53f540bf46533e750f5d292099ae3b66cfc6fb1982e29df7?s=96&d=mm&r=g\",\"caption\":\"admin\"},\"description\":\"admin\",\"url\":\"https:\\\/\\\/lasentinelle.dz\\\/author\\\/admin\\\/\"}]}<\/script>\n<!-- \/ Yoast SEO plugin. -->","yoast_head_json":{"title":"Gara Djebilet, une ambition industrielle - La Sentinelle","robots":{"index":"index","follow":"follow","max-snippet":"max-snippet:-1","max-image-preview":"max-image-preview:large","max-video-preview":"max-video-preview:-1"},"canonical":"https:\/\/lasentinelle.dz\/index.php\/2025\/12\/10\/gara-djebilet-une-ambition-industrielle\/","og_locale":"fr_FR","og_type":"article","og_title":"Gara Djebilet, une ambition industrielle - La Sentinelle","og_description":"Gara Djebilet, consid\u00e9r\u00e9 comme l&rsquo;un des plus importants gisements de fer au monde avec des r\u00e9serves estim\u00e9es \u00e0 plusieurs milliards","og_url":"https:\/\/lasentinelle.dz\/index.php\/2025\/12\/10\/gara-djebilet-une-ambition-industrielle\/","og_site_name":"La Sentinelle","article_publisher":"https:\/\/www.facebook.com\/La-Sentinelle-104059864394773","article_published_time":"2025-12-10T19:10:06+00:00","article_modified_time":"2025-12-10T19:10:08+00:00","og_image":[{"width":2048,"height":1348,"url":"https:\/\/lasentinelle.dz\/wp-content\/uploads\/2025\/12\/Unite-mine-gara-djebilet-e1765393791236.jpeg","type":"image\/jpeg"}],"author":"admin","twitter_card":"summary_large_image","twitter_misc":{"\u00c9crit par":"admin","Dur\u00e9e de lecture estim\u00e9e":"5 minutes"},"schema":{"@context":"https:\/\/schema.org","@graph":[{"@type":"Article","@id":"https:\/\/lasentinelle.dz\/index.php\/2025\/12\/10\/gara-djebilet-une-ambition-industrielle\/#article","isPartOf":{"@id":"https:\/\/lasentinelle.dz\/index.php\/2025\/12\/10\/gara-djebilet-une-ambition-industrielle\/"},"author":{"name":"admin","@id":"https:\/\/lasentinelle.dz\/#\/schema\/person\/729ee0024f24e0b8c5ec17232f8e8b41"},"headline":"Gara Djebilet, une ambition industrielle","datePublished":"2025-12-10T19:10:06+00:00","dateModified":"2025-12-10T19:10:08+00:00","mainEntityOfPage":{"@id":"https:\/\/lasentinelle.dz\/index.php\/2025\/12\/10\/gara-djebilet-une-ambition-industrielle\/"},"wordCount":1034,"commentCount":0,"publisher":{"@id":"https:\/\/lasentinelle.dz\/#organization"},"image":{"@id":"https:\/\/lasentinelle.dz\/index.php\/2025\/12\/10\/gara-djebilet-une-ambition-industrielle\/#primaryimage"},"thumbnailUrl":"https:\/\/lasentinelle.dz\/wp-content\/uploads\/2025\/12\/Unite-mine-gara-djebilet-e1765393791236.jpeg","articleSection":["\u00c0 la Une","\u00c9conomie"],"inLanguage":"fr-FR","potentialAction":[{"@type":"CommentAction","name":"Comment","target":["https:\/\/lasentinelle.dz\/index.php\/2025\/12\/10\/gara-djebilet-une-ambition-industrielle\/#respond"]}]},{"@type":"WebPage","@id":"https:\/\/lasentinelle.dz\/index.php\/2025\/12\/10\/gara-djebilet-une-ambition-industrielle\/","url":"https:\/\/lasentinelle.dz\/index.php\/2025\/12\/10\/gara-djebilet-une-ambition-industrielle\/","name":"Gara Djebilet, une ambition industrielle - La Sentinelle","isPartOf":{"@id":"https:\/\/lasentinelle.dz\/#website"},"primaryImageOfPage":{"@id":"https:\/\/lasentinelle.dz\/index.php\/2025\/12\/10\/gara-djebilet-une-ambition-industrielle\/#primaryimage"},"image":{"@id":"https:\/\/lasentinelle.dz\/index.php\/2025\/12\/10\/gara-djebilet-une-ambition-industrielle\/#primaryimage"},"thumbnailUrl":"https:\/\/lasentinelle.dz\/wp-content\/uploads\/2025\/12\/Unite-mine-gara-djebilet-e1765393791236.jpeg","datePublished":"2025-12-10T19:10:06+00:00","dateModified":"2025-12-10T19:10:08+00:00","breadcrumb":{"@id":"https:\/\/lasentinelle.dz\/index.php\/2025\/12\/10\/gara-djebilet-une-ambition-industrielle\/#breadcrumb"},"inLanguage":"fr-FR","potentialAction":[{"@type":"ReadAction","target":["https:\/\/lasentinelle.dz\/index.php\/2025\/12\/10\/gara-djebilet-une-ambition-industrielle\/"]}]},{"@type":"ImageObject","inLanguage":"fr-FR","@id":"https:\/\/lasentinelle.dz\/index.php\/2025\/12\/10\/gara-djebilet-une-ambition-industrielle\/#primaryimage","url":"https:\/\/lasentinelle.dz\/wp-content\/uploads\/2025\/12\/Unite-mine-gara-djebilet-e1765393791236.jpeg","contentUrl":"https:\/\/lasentinelle.dz\/wp-content\/uploads\/2025\/12\/Unite-mine-gara-djebilet-e1765393791236.jpeg","width":2048,"height":1348},{"@type":"BreadcrumbList","@id":"https:\/\/lasentinelle.dz\/index.php\/2025\/12\/10\/gara-djebilet-une-ambition-industrielle\/#breadcrumb","itemListElement":[{"@type":"ListItem","position":1,"name":"Accueil","item":"https:\/\/lasentinelle.dz\/"},{"@type":"ListItem","position":2,"name":"Gara Djebilet, une ambition industrielle"}]},{"@type":"WebSite","@id":"https:\/\/lasentinelle.dz\/#website","url":"https:\/\/lasentinelle.dz\/","name":"La Sentinelle","description":"Quotidien national d&#039;information","publisher":{"@id":"https:\/\/lasentinelle.dz\/#organization"},"potentialAction":[{"@type":"SearchAction","target":{"@type":"EntryPoint","urlTemplate":"https:\/\/lasentinelle.dz\/?s={search_term_string}"},"query-input":{"@type":"PropertyValueSpecification","valueRequired":true,"valueName":"search_term_string"}}],"inLanguage":"fr-FR"},{"@type":"Organization","@id":"https:\/\/lasentinelle.dz\/#organization","name":"Quotidien La Sentinelle","url":"https:\/\/lasentinelle.dz\/","logo":{"@type":"ImageObject","inLanguage":"fr-FR","@id":"https:\/\/lasentinelle.dz\/#\/schema\/logo\/image\/","url":"https:\/\/lasentinelle.dz\/wp-content\/uploads\/2021\/09\/logo-sentinelleSLOGAN-1.png","contentUrl":"https:\/\/lasentinelle.dz\/wp-content\/uploads\/2021\/09\/logo-sentinelleSLOGAN-1.png","width":615,"height":142,"caption":"Quotidien La Sentinelle"},"image":{"@id":"https:\/\/lasentinelle.dz\/#\/schema\/logo\/image\/"},"sameAs":["https:\/\/www.facebook.com\/La-Sentinelle-104059864394773"]},{"@type":"Person","@id":"https:\/\/lasentinelle.dz\/#\/schema\/person\/729ee0024f24e0b8c5ec17232f8e8b41","name":"admin","image":{"@type":"ImageObject","inLanguage":"fr-FR","@id":"https:\/\/secure.gravatar.com\/avatar\/4c81fed838786e9b53f540bf46533e750f5d292099ae3b66cfc6fb1982e29df7?s=96&d=mm&r=g","url":"https:\/\/secure.gravatar.com\/avatar\/4c81fed838786e9b53f540bf46533e750f5d292099ae3b66cfc6fb1982e29df7?s=96&d=mm&r=g","contentUrl":"https:\/\/secure.gravatar.com\/avatar\/4c81fed838786e9b53f540bf46533e750f5d292099ae3b66cfc6fb1982e29df7?s=96&d=mm&r=g","caption":"admin"},"description":"admin","url":"https:\/\/lasentinelle.dz\/author\/admin\/"}]}},"_links":{"self":[{"href":"https:\/\/lasentinelle.dz\/index.php\/wp-json\/wp\/v2\/posts\/77667","targetHints":{"allow":["GET"]}}],"collection":[{"href":"https:\/\/lasentinelle.dz\/index.php\/wp-json\/wp\/v2\/posts"}],"about":[{"href":"https:\/\/lasentinelle.dz\/index.php\/wp-json\/wp\/v2\/types\/post"}],"author":[{"embeddable":true,"href":"https:\/\/lasentinelle.dz\/index.php\/wp-json\/wp\/v2\/users\/6"}],"replies":[{"embeddable":true,"href":"https:\/\/lasentinelle.dz\/index.php\/wp-json\/wp\/v2\/comments?post=77667"}],"version-history":[{"count":1,"href":"https:\/\/lasentinelle.dz\/index.php\/wp-json\/wp\/v2\/posts\/77667\/revisions"}],"predecessor-version":[{"id":77669,"href":"https:\/\/lasentinelle.dz\/index.php\/wp-json\/wp\/v2\/posts\/77667\/revisions\/77669"}],"wp:featuredmedia":[{"embeddable":true,"href":"https:\/\/lasentinelle.dz\/index.php\/wp-json\/wp\/v2\/media\/77668"}],"wp:attachment":[{"href":"https:\/\/lasentinelle.dz\/index.php\/wp-json\/wp\/v2\/media?parent=77667"}],"wp:term":[{"taxonomy":"category","embeddable":true,"href":"https:\/\/lasentinelle.dz\/index.php\/wp-json\/wp\/v2\/categories?post=77667"},{"taxonomy":"post_tag","embeddable":true,"href":"https:\/\/lasentinelle.dz\/index.php\/wp-json\/wp\/v2\/tags?post=77667"}],"curies":[{"name":"wp","href":"https:\/\/api.w.org\/{rel}","templated":true}]}}