{"id":77674,"date":"2025-12-13T19:14:11","date_gmt":"2025-12-13T18:14:11","guid":{"rendered":"https:\/\/lasentinelle.dz\/?p=77674"},"modified":"2025-12-13T19:14:12","modified_gmt":"2025-12-13T18:14:12","slug":"des-milliers-de-soudanais-pris-au-piege-a-el-fasher-des-humanitaires-de-lonu-sinquietent","status":"publish","type":"post","link":"https:\/\/lasentinelle.dz\/index.php\/2025\/12\/13\/des-milliers-de-soudanais-pris-au-piege-a-el-fasher-des-humanitaires-de-lonu-sinquietent\/","title":{"rendered":"Des milliers de Soudanais pris au pi\u00e8ge \u00e0 El Fasher\u00a0:\u00a0Des humanitaires de l&rsquo;ONU s&rsquo;inqui\u00e8tent\u00a0\u00a0"},"content":{"rendered":"\n<p>Des responsables humanitaires de l&rsquo;ONU ont exprim\u00e9 vendredi leur vive inqui\u00e9tude pour les dizaines de milliers de Soudanais encore pris au pi\u00e8ge dans la ville d&rsquo;El Fasher, dans la r\u00e9gion du Darfour, en raison de la destruction compl\u00e8te de leurs moyens de survie dans cette ville d\u00e9sormais aux mains des paramilitaires des Forces de soutien rapide.&nbsp;Ross Smith, Directeur de la r\u00e9ponse aux situations d&rsquo;urgence pour le Programme alimentaire mondial, a d\u00e9clar\u00e9 que \u00ab\u00a0le peu que l&rsquo;on sait actuellement sur les conditions \u00e0 El Fasher est vraiment plus qu&rsquo;horrible\u00a0\u00bb. Il a pr\u00e9cis\u00e9 qu&rsquo;entre 70.000 et 100.000 personnes pourraient \u00eatre encore pi\u00e9g\u00e9es dans la ville m\u00eame. Les paramilitaires des Forces de soutien rapide&nbsp;ont envahi El Fasher, la capitale r\u00e9gionale du Darfour du Nord, en octobre, apr\u00e8s un si\u00e8ge de 500 jours.<\/p>\n\n\n\n<p>Les images satellites et les t\u00e9moignages des survivants d\u00e9crivent la ville comme une sc\u00e8ne de crime avec des massacres, des corps br\u00fbl\u00e9s et des march\u00e9s abandonn\u00e9s, a expliqu\u00e9 Ross Smith. Il a fait remarquer que ceux qui ont r\u00e9ussi \u00e0 fuir El Fasher ont risqu\u00e9 leur vie sur des routes jonch\u00e9es de mines et de munitions non explos\u00e9es. Au total, plus de 106.000 personnes ont fui El Fasher depuis sa prise par les FSR, dont environ 15.000 sont arriv\u00e9es \u00e0 Tawila, une petite ville voisine contr\u00f4l\u00e9e par des forces neutres.<\/p>\n\n\n\n<p>En \u00e9cho \u00e0 cette alerte du PAM, le Haut-Commissariat des Nations Unies pour les r\u00e9fugi\u00e9s note que beaucoup ne peuvent pas partir en raison des co\u00fbts de transport exorbitants, des demandes de ran\u00e7on et de l&rsquo;absence de passage s\u00fbr. Des entretiens avec des familles r\u00e9cemment d\u00e9plac\u00e9es \u00e0 Ad Dabbah, dans l&rsquo;\u00c9tat du Nord, confirment que certains civils sont toujours pris au pi\u00e8ge \u00e0 El Fasher, a d\u00e9taill\u00e9 le HCR, relevant que les conditions y sont d\u00e9sastreuses, la famine est confirm\u00e9e et les familles n&rsquo;ont pas les moyens d&rsquo;acheter le peu de nourriture disponible.&nbsp;L&rsquo;agence onusienne s&rsquo;est \u00e9galement inqui\u00e9t\u00e9e du fait que l&rsquo;aide humanitaire n&rsquo;est pas en mesure de r\u00e9pondre aux besoins sur le terrain \u00e0 Tawila en raison de difficult\u00e9s logistiques, telles que les n\u00e9gociations pour obtenir l&rsquo;autorisation de se d\u00e9placer entre les zones, et de probl\u00e8mes de financement.<\/p>\n\n\n\n<p>L&rsquo;Organisation des Nations unies veut organiser une rencontre entre les deux parties en conflit au Soudan depuis le 15 avril 2023, l&rsquo;arm\u00e9e r\u00e9guli\u00e8re et les paramilitaires du&nbsp;FSR. C&rsquo;est ce qu&rsquo;a annonc\u00e9 jeudi le secr\u00e9taire g\u00e9n\u00e9ral de l&rsquo;ONU, Antonio Guterres, en visite \u00e0 Riyad. Il a indiqu\u00e9 \u00e0 la presse que l&rsquo;organisation tiendrait \u00e0 Gen\u00e8ve des r\u00e9unions avec les deux c\u00f4t\u00e9s.<\/p>\n\n\n\n<p>Antonio Guterres a qualifi\u00e9 cette guerre au Soudan de v\u00e9ritable scandale et indiqu\u00e9 que l&rsquo;ONU s&rsquo;\u00e9tait vu promettre un acc\u00e8s \u00e0 El Fasher. Ce conflit a fait des dizaines de milliers de morts, provoqu\u00e9 le d\u00e9placement de douze millions d&rsquo;habitants et d\u00e9vast\u00e9 les infrastructures du pays, plong\u00e9 dans une grave crise humanitaire.<\/p>\n\n\n\n<p>L.S.<\/p>\n","protected":false},"excerpt":{"rendered":"<p>Des responsables humanitaires de l&rsquo;ONU ont exprim\u00e9 vendredi leur vive inqui\u00e9tude pour les dizaines de milliers de Soudanais encore pris<\/p>\n","protected":false},"author":6,"featured_media":56884,"comment_status":"open","ping_status":"closed","sticky":false,"template":"","format":"standard","meta":{"colormag_page_container_layout":"default_layout","colormag_page_sidebar_layout":"default_layout","om_disable_all_campaigns":false,"_monsterinsights_skip_tracking":false,"_monsterinsights_sitenote_active":false,"_monsterinsights_sitenote_note":"","_monsterinsights_sitenote_category":0,"footnotes":"","_wpscppro_dont_share_socialmedia":false,"_wpscppro_custom_social_share_image":0,"_facebook_share_type":"default","_twitter_share_type":"default","_linkedin_share_type":"default","_pinterest_share_type":"default","_linkedin_share_type_page":"","_instagram_share_type":"default","_medium_share_type":"default","_threads_share_type":"default","_google_business_share_type":"default","_selected_social_profile":[],"_wpsp_enable_custom_social_template":false,"_wpsp_social_scheduling":{"enabled":false,"datetime":null,"platforms":[],"status":"template_only","dateOption":"today","timeOption":"now","customDays":"","customHours":"","customDate":"","customTime":"","schedulingType":"absolute"},"_wpsp_active_default_template":true},"categories":[37],"tags":[],"class_list":["post-77674","post","type-post","status-publish","format-standard","has-post-thumbnail","hentry","category-monde"],"aioseo_notices":[],"yoast_head":"<!-- This site is optimized with the Yoast SEO plugin v27.5 - https:\/\/yoast.com\/product\/yoast-seo-wordpress\/ -->\n<title>Des milliers de Soudanais pris au pi\u00e8ge \u00e0 El Fasher\u00a0:\u00a0Des humanitaires de l&rsquo;ONU s&rsquo;inqui\u00e8tent\u00a0\u00a0 - La Sentinelle<\/title>\n<meta name=\"robots\" content=\"index, follow, max-snippet:-1, max-image-preview:large, max-video-preview:-1\" \/>\n<link rel=\"canonical\" href=\"https:\/\/lasentinelle.dz\/index.php\/2025\/12\/13\/des-milliers-de-soudanais-pris-au-piege-a-el-fasher-des-humanitaires-de-lonu-sinquietent\/\" \/>\n<meta property=\"og:locale\" content=\"fr_FR\" \/>\n<meta property=\"og:type\" content=\"article\" \/>\n<meta property=\"og:title\" content=\"Des milliers de Soudanais pris au pi\u00e8ge \u00e0 El Fasher\u00a0:\u00a0Des humanitaires de l&rsquo;ONU s&rsquo;inqui\u00e8tent\u00a0\u00a0 - La Sentinelle\" \/>\n<meta property=\"og:description\" content=\"Des responsables humanitaires de l&rsquo;ONU ont exprim\u00e9 vendredi leur vive inqui\u00e9tude pour les dizaines de milliers de Soudanais encore pris\" \/>\n<meta property=\"og:url\" content=\"https:\/\/lasentinelle.dz\/index.php\/2025\/12\/13\/des-milliers-de-soudanais-pris-au-piege-a-el-fasher-des-humanitaires-de-lonu-sinquietent\/\" \/>\n<meta property=\"og:site_name\" content=\"La Sentinelle\" \/>\n<meta property=\"article:publisher\" content=\"https:\/\/www.facebook.com\/La-Sentinelle-104059864394773\" \/>\n<meta property=\"article:published_time\" content=\"2025-12-13T18:14:11+00:00\" \/>\n<meta property=\"article:modified_time\" content=\"2025-12-13T18:14:12+00:00\" \/>\n<meta property=\"og:image\" content=\"https:\/\/lasentinelle.dz\/wp-content\/uploads\/2024\/09\/el-fasher.jpg\" \/>\n\t<meta property=\"og:image:width\" content=\"696\" \/>\n\t<meta property=\"og:image:height\" content=\"392\" \/>\n\t<meta property=\"og:image:type\" content=\"image\/jpeg\" \/>\n<meta name=\"author\" content=\"admin\" \/>\n<meta name=\"twitter:card\" content=\"summary_large_image\" \/>\n<meta name=\"twitter:label1\" content=\"\u00c9crit par\" \/>\n\t<meta name=\"twitter:data1\" content=\"admin\" \/>\n\t<meta name=\"twitter:label2\" content=\"Dur\u00e9e de lecture estim\u00e9e\" \/>\n\t<meta name=\"twitter:data2\" content=\"3 minutes\" \/>\n<script type=\"application\/ld+json\" class=\"yoast-schema-graph\">{\"@context\":\"https:\\\/\\\/schema.org\",\"@graph\":[{\"@type\":\"Article\",\"@id\":\"https:\\\/\\\/lasentinelle.dz\\\/index.php\\\/2025\\\/12\\\/13\\\/des-milliers-de-soudanais-pris-au-piege-a-el-fasher-des-humanitaires-de-lonu-sinquietent\\\/#article\",\"isPartOf\":{\"@id\":\"https:\\\/\\\/lasentinelle.dz\\\/index.php\\\/2025\\\/12\\\/13\\\/des-milliers-de-soudanais-pris-au-piege-a-el-fasher-des-humanitaires-de-lonu-sinquietent\\\/\"},\"author\":{\"name\":\"admin\",\"@id\":\"https:\\\/\\\/lasentinelle.dz\\\/#\\\/schema\\\/person\\\/729ee0024f24e0b8c5ec17232f8e8b41\"},\"headline\":\"Des milliers de Soudanais pris au pi\u00e8ge \u00e0 El Fasher\u00a0:\u00a0Des humanitaires de l&rsquo;ONU s&rsquo;inqui\u00e8tent\u00a0\u00a0\",\"datePublished\":\"2025-12-13T18:14:11+00:00\",\"dateModified\":\"2025-12-13T18:14:12+00:00\",\"mainEntityOfPage\":{\"@id\":\"https:\\\/\\\/lasentinelle.dz\\\/index.php\\\/2025\\\/12\\\/13\\\/des-milliers-de-soudanais-pris-au-piege-a-el-fasher-des-humanitaires-de-lonu-sinquietent\\\/\"},\"wordCount\":565,\"commentCount\":0,\"publisher\":{\"@id\":\"https:\\\/\\\/lasentinelle.dz\\\/#organization\"},\"image\":{\"@id\":\"https:\\\/\\\/lasentinelle.dz\\\/index.php\\\/2025\\\/12\\\/13\\\/des-milliers-de-soudanais-pris-au-piege-a-el-fasher-des-humanitaires-de-lonu-sinquietent\\\/#primaryimage\"},\"thumbnailUrl\":\"https:\\\/\\\/lasentinelle.dz\\\/wp-content\\\/uploads\\\/2024\\\/09\\\/el-fasher.jpg\",\"articleSection\":[\"Monde\"],\"inLanguage\":\"fr-FR\",\"potentialAction\":[{\"@type\":\"CommentAction\",\"name\":\"Comment\",\"target\":[\"https:\\\/\\\/lasentinelle.dz\\\/index.php\\\/2025\\\/12\\\/13\\\/des-milliers-de-soudanais-pris-au-piege-a-el-fasher-des-humanitaires-de-lonu-sinquietent\\\/#respond\"]}]},{\"@type\":\"WebPage\",\"@id\":\"https:\\\/\\\/lasentinelle.dz\\\/index.php\\\/2025\\\/12\\\/13\\\/des-milliers-de-soudanais-pris-au-piege-a-el-fasher-des-humanitaires-de-lonu-sinquietent\\\/\",\"url\":\"https:\\\/\\\/lasentinelle.dz\\\/index.php\\\/2025\\\/12\\\/13\\\/des-milliers-de-soudanais-pris-au-piege-a-el-fasher-des-humanitaires-de-lonu-sinquietent\\\/\",\"name\":\"Des milliers de Soudanais pris au pi\u00e8ge \u00e0 El Fasher\u00a0:\u00a0Des humanitaires de l&rsquo;ONU s&rsquo;inqui\u00e8tent\u00a0\u00a0 - La Sentinelle\",\"isPartOf\":{\"@id\":\"https:\\\/\\\/lasentinelle.dz\\\/#website\"},\"primaryImageOfPage\":{\"@id\":\"https:\\\/\\\/lasentinelle.dz\\\/index.php\\\/2025\\\/12\\\/13\\\/des-milliers-de-soudanais-pris-au-piege-a-el-fasher-des-humanitaires-de-lonu-sinquietent\\\/#primaryimage\"},\"image\":{\"@id\":\"https:\\\/\\\/lasentinelle.dz\\\/index.php\\\/2025\\\/12\\\/13\\\/des-milliers-de-soudanais-pris-au-piege-a-el-fasher-des-humanitaires-de-lonu-sinquietent\\\/#primaryimage\"},\"thumbnailUrl\":\"https:\\\/\\\/lasentinelle.dz\\\/wp-content\\\/uploads\\\/2024\\\/09\\\/el-fasher.jpg\",\"datePublished\":\"2025-12-13T18:14:11+00:00\",\"dateModified\":\"2025-12-13T18:14:12+00:00\",\"breadcrumb\":{\"@id\":\"https:\\\/\\\/lasentinelle.dz\\\/index.php\\\/2025\\\/12\\\/13\\\/des-milliers-de-soudanais-pris-au-piege-a-el-fasher-des-humanitaires-de-lonu-sinquietent\\\/#breadcrumb\"},\"inLanguage\":\"fr-FR\",\"potentialAction\":[{\"@type\":\"ReadAction\",\"target\":[\"https:\\\/\\\/lasentinelle.dz\\\/index.php\\\/2025\\\/12\\\/13\\\/des-milliers-de-soudanais-pris-au-piege-a-el-fasher-des-humanitaires-de-lonu-sinquietent\\\/\"]}]},{\"@type\":\"ImageObject\",\"inLanguage\":\"fr-FR\",\"@id\":\"https:\\\/\\\/lasentinelle.dz\\\/index.php\\\/2025\\\/12\\\/13\\\/des-milliers-de-soudanais-pris-au-piege-a-el-fasher-des-humanitaires-de-lonu-sinquietent\\\/#primaryimage\",\"url\":\"https:\\\/\\\/lasentinelle.dz\\\/wp-content\\\/uploads\\\/2024\\\/09\\\/el-fasher.jpg\",\"contentUrl\":\"https:\\\/\\\/lasentinelle.dz\\\/wp-content\\\/uploads\\\/2024\\\/09\\\/el-fasher.jpg\",\"width\":696,\"height\":392},{\"@type\":\"BreadcrumbList\",\"@id\":\"https:\\\/\\\/lasentinelle.dz\\\/index.php\\\/2025\\\/12\\\/13\\\/des-milliers-de-soudanais-pris-au-piege-a-el-fasher-des-humanitaires-de-lonu-sinquietent\\\/#breadcrumb\",\"itemListElement\":[{\"@type\":\"ListItem\",\"position\":1,\"name\":\"Accueil\",\"item\":\"https:\\\/\\\/lasentinelle.dz\\\/\"},{\"@type\":\"ListItem\",\"position\":2,\"name\":\"Des milliers de Soudanais pris au pi\u00e8ge \u00e0 El Fasher\u00a0:\u00a0Des humanitaires de l&rsquo;ONU s&rsquo;inqui\u00e8tent\u00a0\u00a0\"}]},{\"@type\":\"WebSite\",\"@id\":\"https:\\\/\\\/lasentinelle.dz\\\/#website\",\"url\":\"https:\\\/\\\/lasentinelle.dz\\\/\",\"name\":\"La Sentinelle\",\"description\":\"Quotidien national d&#039;information\",\"publisher\":{\"@id\":\"https:\\\/\\\/lasentinelle.dz\\\/#organization\"},\"potentialAction\":[{\"@type\":\"SearchAction\",\"target\":{\"@type\":\"EntryPoint\",\"urlTemplate\":\"https:\\\/\\\/lasentinelle.dz\\\/?s={search_term_string}\"},\"query-input\":{\"@type\":\"PropertyValueSpecification\",\"valueRequired\":true,\"valueName\":\"search_term_string\"}}],\"inLanguage\":\"fr-FR\"},{\"@type\":\"Organization\",\"@id\":\"https:\\\/\\\/lasentinelle.dz\\\/#organization\",\"name\":\"Quotidien La Sentinelle\",\"url\":\"https:\\\/\\\/lasentinelle.dz\\\/\",\"logo\":{\"@type\":\"ImageObject\",\"inLanguage\":\"fr-FR\",\"@id\":\"https:\\\/\\\/lasentinelle.dz\\\/#\\\/schema\\\/logo\\\/image\\\/\",\"url\":\"https:\\\/\\\/lasentinelle.dz\\\/wp-content\\\/uploads\\\/2021\\\/09\\\/logo-sentinelleSLOGAN-1.png\",\"contentUrl\":\"https:\\\/\\\/lasentinelle.dz\\\/wp-content\\\/uploads\\\/2021\\\/09\\\/logo-sentinelleSLOGAN-1.png\",\"width\":615,\"height\":142,\"caption\":\"Quotidien La Sentinelle\"},\"image\":{\"@id\":\"https:\\\/\\\/lasentinelle.dz\\\/#\\\/schema\\\/logo\\\/image\\\/\"},\"sameAs\":[\"https:\\\/\\\/www.facebook.com\\\/La-Sentinelle-104059864394773\"]},{\"@type\":\"Person\",\"@id\":\"https:\\\/\\\/lasentinelle.dz\\\/#\\\/schema\\\/person\\\/729ee0024f24e0b8c5ec17232f8e8b41\",\"name\":\"admin\",\"image\":{\"@type\":\"ImageObject\",\"inLanguage\":\"fr-FR\",\"@id\":\"https:\\\/\\\/secure.gravatar.com\\\/avatar\\\/4c81fed838786e9b53f540bf46533e750f5d292099ae3b66cfc6fb1982e29df7?s=96&d=mm&r=g\",\"url\":\"https:\\\/\\\/secure.gravatar.com\\\/avatar\\\/4c81fed838786e9b53f540bf46533e750f5d292099ae3b66cfc6fb1982e29df7?s=96&d=mm&r=g\",\"contentUrl\":\"https:\\\/\\\/secure.gravatar.com\\\/avatar\\\/4c81fed838786e9b53f540bf46533e750f5d292099ae3b66cfc6fb1982e29df7?s=96&d=mm&r=g\",\"caption\":\"admin\"},\"description\":\"admin\",\"url\":\"https:\\\/\\\/lasentinelle.dz\\\/author\\\/admin\\\/\"}]}<\/script>\n<!-- \/ Yoast SEO plugin. -->","yoast_head_json":{"title":"Des milliers de Soudanais pris au pi\u00e8ge \u00e0 El Fasher\u00a0:\u00a0Des humanitaires de l&rsquo;ONU s&rsquo;inqui\u00e8tent\u00a0\u00a0 - La Sentinelle","robots":{"index":"index","follow":"follow","max-snippet":"max-snippet:-1","max-image-preview":"max-image-preview:large","max-video-preview":"max-video-preview:-1"},"canonical":"https:\/\/lasentinelle.dz\/index.php\/2025\/12\/13\/des-milliers-de-soudanais-pris-au-piege-a-el-fasher-des-humanitaires-de-lonu-sinquietent\/","og_locale":"fr_FR","og_type":"article","og_title":"Des milliers de Soudanais pris au pi\u00e8ge \u00e0 El Fasher\u00a0:\u00a0Des humanitaires de l&rsquo;ONU s&rsquo;inqui\u00e8tent\u00a0\u00a0 - La Sentinelle","og_description":"Des responsables humanitaires de l&rsquo;ONU ont exprim\u00e9 vendredi leur vive inqui\u00e9tude pour les dizaines de milliers de Soudanais encore pris","og_url":"https:\/\/lasentinelle.dz\/index.php\/2025\/12\/13\/des-milliers-de-soudanais-pris-au-piege-a-el-fasher-des-humanitaires-de-lonu-sinquietent\/","og_site_name":"La Sentinelle","article_publisher":"https:\/\/www.facebook.com\/La-Sentinelle-104059864394773","article_published_time":"2025-12-13T18:14:11+00:00","article_modified_time":"2025-12-13T18:14:12+00:00","og_image":[{"width":696,"height":392,"url":"https:\/\/lasentinelle.dz\/wp-content\/uploads\/2024\/09\/el-fasher.jpg","type":"image\/jpeg"}],"author":"admin","twitter_card":"summary_large_image","twitter_misc":{"\u00c9crit par":"admin","Dur\u00e9e de lecture estim\u00e9e":"3 minutes"},"schema":{"@context":"https:\/\/schema.org","@graph":[{"@type":"Article","@id":"https:\/\/lasentinelle.dz\/index.php\/2025\/12\/13\/des-milliers-de-soudanais-pris-au-piege-a-el-fasher-des-humanitaires-de-lonu-sinquietent\/#article","isPartOf":{"@id":"https:\/\/lasentinelle.dz\/index.php\/2025\/12\/13\/des-milliers-de-soudanais-pris-au-piege-a-el-fasher-des-humanitaires-de-lonu-sinquietent\/"},"author":{"name":"admin","@id":"https:\/\/lasentinelle.dz\/#\/schema\/person\/729ee0024f24e0b8c5ec17232f8e8b41"},"headline":"Des milliers de Soudanais pris au pi\u00e8ge \u00e0 El Fasher\u00a0:\u00a0Des humanitaires de l&rsquo;ONU s&rsquo;inqui\u00e8tent\u00a0\u00a0","datePublished":"2025-12-13T18:14:11+00:00","dateModified":"2025-12-13T18:14:12+00:00","mainEntityOfPage":{"@id":"https:\/\/lasentinelle.dz\/index.php\/2025\/12\/13\/des-milliers-de-soudanais-pris-au-piege-a-el-fasher-des-humanitaires-de-lonu-sinquietent\/"},"wordCount":565,"commentCount":0,"publisher":{"@id":"https:\/\/lasentinelle.dz\/#organization"},"image":{"@id":"https:\/\/lasentinelle.dz\/index.php\/2025\/12\/13\/des-milliers-de-soudanais-pris-au-piege-a-el-fasher-des-humanitaires-de-lonu-sinquietent\/#primaryimage"},"thumbnailUrl":"https:\/\/lasentinelle.dz\/wp-content\/uploads\/2024\/09\/el-fasher.jpg","articleSection":["Monde"],"inLanguage":"fr-FR","potentialAction":[{"@type":"CommentAction","name":"Comment","target":["https:\/\/lasentinelle.dz\/index.php\/2025\/12\/13\/des-milliers-de-soudanais-pris-au-piege-a-el-fasher-des-humanitaires-de-lonu-sinquietent\/#respond"]}]},{"@type":"WebPage","@id":"https:\/\/lasentinelle.dz\/index.php\/2025\/12\/13\/des-milliers-de-soudanais-pris-au-piege-a-el-fasher-des-humanitaires-de-lonu-sinquietent\/","url":"https:\/\/lasentinelle.dz\/index.php\/2025\/12\/13\/des-milliers-de-soudanais-pris-au-piege-a-el-fasher-des-humanitaires-de-lonu-sinquietent\/","name":"Des milliers de Soudanais pris au pi\u00e8ge \u00e0 El Fasher\u00a0:\u00a0Des humanitaires de l&rsquo;ONU s&rsquo;inqui\u00e8tent\u00a0\u00a0 - La Sentinelle","isPartOf":{"@id":"https:\/\/lasentinelle.dz\/#website"},"primaryImageOfPage":{"@id":"https:\/\/lasentinelle.dz\/index.php\/2025\/12\/13\/des-milliers-de-soudanais-pris-au-piege-a-el-fasher-des-humanitaires-de-lonu-sinquietent\/#primaryimage"},"image":{"@id":"https:\/\/lasentinelle.dz\/index.php\/2025\/12\/13\/des-milliers-de-soudanais-pris-au-piege-a-el-fasher-des-humanitaires-de-lonu-sinquietent\/#primaryimage"},"thumbnailUrl":"https:\/\/lasentinelle.dz\/wp-content\/uploads\/2024\/09\/el-fasher.jpg","datePublished":"2025-12-13T18:14:11+00:00","dateModified":"2025-12-13T18:14:12+00:00","breadcrumb":{"@id":"https:\/\/lasentinelle.dz\/index.php\/2025\/12\/13\/des-milliers-de-soudanais-pris-au-piege-a-el-fasher-des-humanitaires-de-lonu-sinquietent\/#breadcrumb"},"inLanguage":"fr-FR","potentialAction":[{"@type":"ReadAction","target":["https:\/\/lasentinelle.dz\/index.php\/2025\/12\/13\/des-milliers-de-soudanais-pris-au-piege-a-el-fasher-des-humanitaires-de-lonu-sinquietent\/"]}]},{"@type":"ImageObject","inLanguage":"fr-FR","@id":"https:\/\/lasentinelle.dz\/index.php\/2025\/12\/13\/des-milliers-de-soudanais-pris-au-piege-a-el-fasher-des-humanitaires-de-lonu-sinquietent\/#primaryimage","url":"https:\/\/lasentinelle.dz\/wp-content\/uploads\/2024\/09\/el-fasher.jpg","contentUrl":"https:\/\/lasentinelle.dz\/wp-content\/uploads\/2024\/09\/el-fasher.jpg","width":696,"height":392},{"@type":"BreadcrumbList","@id":"https:\/\/lasentinelle.dz\/index.php\/2025\/12\/13\/des-milliers-de-soudanais-pris-au-piege-a-el-fasher-des-humanitaires-de-lonu-sinquietent\/#breadcrumb","itemListElement":[{"@type":"ListItem","position":1,"name":"Accueil","item":"https:\/\/lasentinelle.dz\/"},{"@type":"ListItem","position":2,"name":"Des milliers de Soudanais pris au pi\u00e8ge \u00e0 El Fasher\u00a0:\u00a0Des humanitaires de l&rsquo;ONU s&rsquo;inqui\u00e8tent\u00a0\u00a0"}]},{"@type":"WebSite","@id":"https:\/\/lasentinelle.dz\/#website","url":"https:\/\/lasentinelle.dz\/","name":"La Sentinelle","description":"Quotidien national d&#039;information","publisher":{"@id":"https:\/\/lasentinelle.dz\/#organization"},"potentialAction":[{"@type":"SearchAction","target":{"@type":"EntryPoint","urlTemplate":"https:\/\/lasentinelle.dz\/?s={search_term_string}"},"query-input":{"@type":"PropertyValueSpecification","valueRequired":true,"valueName":"search_term_string"}}],"inLanguage":"fr-FR"},{"@type":"Organization","@id":"https:\/\/lasentinelle.dz\/#organization","name":"Quotidien La Sentinelle","url":"https:\/\/lasentinelle.dz\/","logo":{"@type":"ImageObject","inLanguage":"fr-FR","@id":"https:\/\/lasentinelle.dz\/#\/schema\/logo\/image\/","url":"https:\/\/lasentinelle.dz\/wp-content\/uploads\/2021\/09\/logo-sentinelleSLOGAN-1.png","contentUrl":"https:\/\/lasentinelle.dz\/wp-content\/uploads\/2021\/09\/logo-sentinelleSLOGAN-1.png","width":615,"height":142,"caption":"Quotidien La Sentinelle"},"image":{"@id":"https:\/\/lasentinelle.dz\/#\/schema\/logo\/image\/"},"sameAs":["https:\/\/www.facebook.com\/La-Sentinelle-104059864394773"]},{"@type":"Person","@id":"https:\/\/lasentinelle.dz\/#\/schema\/person\/729ee0024f24e0b8c5ec17232f8e8b41","name":"admin","image":{"@type":"ImageObject","inLanguage":"fr-FR","@id":"https:\/\/secure.gravatar.com\/avatar\/4c81fed838786e9b53f540bf46533e750f5d292099ae3b66cfc6fb1982e29df7?s=96&d=mm&r=g","url":"https:\/\/secure.gravatar.com\/avatar\/4c81fed838786e9b53f540bf46533e750f5d292099ae3b66cfc6fb1982e29df7?s=96&d=mm&r=g","contentUrl":"https:\/\/secure.gravatar.com\/avatar\/4c81fed838786e9b53f540bf46533e750f5d292099ae3b66cfc6fb1982e29df7?s=96&d=mm&r=g","caption":"admin"},"description":"admin","url":"https:\/\/lasentinelle.dz\/author\/admin\/"}]}},"_links":{"self":[{"href":"https:\/\/lasentinelle.dz\/index.php\/wp-json\/wp\/v2\/posts\/77674","targetHints":{"allow":["GET"]}}],"collection":[{"href":"https:\/\/lasentinelle.dz\/index.php\/wp-json\/wp\/v2\/posts"}],"about":[{"href":"https:\/\/lasentinelle.dz\/index.php\/wp-json\/wp\/v2\/types\/post"}],"author":[{"embeddable":true,"href":"https:\/\/lasentinelle.dz\/index.php\/wp-json\/wp\/v2\/users\/6"}],"replies":[{"embeddable":true,"href":"https:\/\/lasentinelle.dz\/index.php\/wp-json\/wp\/v2\/comments?post=77674"}],"version-history":[{"count":2,"href":"https:\/\/lasentinelle.dz\/index.php\/wp-json\/wp\/v2\/posts\/77674\/revisions"}],"predecessor-version":[{"id":77676,"href":"https:\/\/lasentinelle.dz\/index.php\/wp-json\/wp\/v2\/posts\/77674\/revisions\/77676"}],"wp:featuredmedia":[{"embeddable":true,"href":"https:\/\/lasentinelle.dz\/index.php\/wp-json\/wp\/v2\/media\/56884"}],"wp:attachment":[{"href":"https:\/\/lasentinelle.dz\/index.php\/wp-json\/wp\/v2\/media?parent=77674"}],"wp:term":[{"taxonomy":"category","embeddable":true,"href":"https:\/\/lasentinelle.dz\/index.php\/wp-json\/wp\/v2\/categories?post=77674"},{"taxonomy":"post_tag","embeddable":true,"href":"https:\/\/lasentinelle.dz\/index.php\/wp-json\/wp\/v2\/tags?post=77674"}],"curies":[{"name":"wp","href":"https:\/\/api.w.org\/{rel}","templated":true}]}}