{"id":77680,"date":"2025-12-13T19:16:31","date_gmt":"2025-12-13T18:16:31","guid":{"rendered":"https:\/\/lasentinelle.dz\/?p=77680"},"modified":"2025-12-13T19:16:32","modified_gmt":"2025-12-13T18:16:32","slug":"timimoun-le-festival-international-du-couscous-celebre-la-diversite-du-patrimoine-culinaire-national","status":"publish","type":"post","link":"https:\/\/lasentinelle.dz\/index.php\/2025\/12\/13\/timimoun-le-festival-international-du-couscous-celebre-la-diversite-du-patrimoine-culinaire-national\/","title":{"rendered":"Timimoun\u00a0:\u00a0Le Festival international du couscous c\u00e9l\u00e8bre la diversit\u00e9\u00a0du\u00a0patrimoine culinaire\u00a0national"},"content":{"rendered":"\n<p>La huiti\u00e8me \u00e9dition du Festival international du couscous, qui se tient du 11 au 14 d\u00e9cembre \u00e0 Timimoun sous le th\u00e8me \u00ab Plat de rencontre, m\u00e9moire et cr\u00e9ativit\u00e9 \u00bb, s&rsquo;impose comme un v\u00e9ritable carrefour des savoirs culinaires, r\u00e9unissant chefs, artisans et chercheurs venus de dix pays pour c\u00e9l\u00e9brer ce patrimoine gastronomique inscrit au patrimoine culturel immat\u00e9riel de l&rsquo;humanit\u00e9.&nbsp;Ce samedi, participants et visiteurs ont unanimement salu\u00e9 l&rsquo;importance de cette manifestation culturelle qui va bien au-del\u00e0 d&rsquo;un simple \u00e9v\u00e9nement gastronomique. Organis\u00e9 sous la tutelle des minist\u00e8res du Tourisme et de l&rsquo;Artisanat ainsi que de la Culture et des Arts, ce festival constitue une plateforme d&rsquo;\u00e9changes et de transmission des savoir-faire entre professionnels de diff\u00e9rentes cultures, tout en mettant en lumi\u00e8re la richesse et la diversit\u00e9 du patrimoine culinaire alg\u00e9rien.&nbsp;Ismahane&nbsp;Benda\u00efkha, artisane et cuisini\u00e8re sp\u00e9cialis\u00e9e dans la gastronomie traditionnelle originaire de Tissemsilt, a soulign\u00e9&nbsp;\u00e0 l\u2019APS&nbsp;la dimension humaine et professionnelle de cet \u00e9v\u00e9nement. \u00ab Ce festival repr\u00e9sente une opportunit\u00e9 pr\u00e9cieuse de rencontre et d&rsquo;\u00e9change d&rsquo;exp\u00e9riences entre cuisiniers venus de l&rsquo;int\u00e9rieur et de l&rsquo;ext\u00e9rieur du pays \u00bb, a-t-elle d\u00e9clar\u00e9, insistant sur \u00ab la richesse du patrimoine gastronomique alg\u00e9rien, notamment en ce qui concerne le couscous qui refl\u00e8te la diversit\u00e9 de la cuisine alg\u00e9rienne \u00bb. La participante pr\u00e9sente plusieurs variantes de ce plat embl\u00e9matique, parmi lesquelles le \u00ab couscous au thym et au fenouil \u00bb et le \u00ab couscous matmour \u00bb, pr\u00e9par\u00e9s selon des m\u00e9thodes ancestrales qui garantissent leurs qualit\u00e9s nutritionnelles et leur authenticit\u00e9.&nbsp;Venue de Cherchell dans la wilaya de Tipaza, Hadjila&nbsp;Ouali a choisi de mettre \u00e0 l&rsquo;honneur une recette tomb\u00e9e dans l&rsquo;oubli : le \u00ab couscous aux caroubes \u00bb. \u00ab C&rsquo;est un plat traditionnel de notre r\u00e9gion qui \u00e9tait autrefois servi avec du lait ferment\u00e9, mais qui est malheureusement devenu m\u00e9connu aujourd&rsquo;hui \u00bb, explique-t-elle. Sa participation vise \u00e0 redonner vie \u00e0 cette sp\u00e9cialit\u00e9 ainsi qu&rsquo;\u00e0 d&rsquo;autres recettes traditionnelles qui ont fait la renomm\u00e9e de Cherchell, participant ainsi \u00e0 la pr\u00e9servation d&rsquo;un patrimoine culinaire en voie de disparition.<\/p>\n\n\n\n<p>La dimension saharienne du couscous est \u00e9galement repr\u00e9sent\u00e9e \u00e0 travers la participation de Bouchra \u00c2dhamo, originaire de Touggourt, qui pr\u00e9sente une variante d\u00e9sertique localement appel\u00e9e \u00ab couscous&nbsp;El-Bendrak\u00bb. Cette pr\u00e9paration se distingue par l&rsquo;utilisation de la pourpier, une plante locale finement hach\u00e9e et m\u00e9lang\u00e9e \u00e0 des l\u00e9gumes et de la viande. \u00ab C&rsquo;est un plat sain qui jouit d&rsquo;une grande popularit\u00e9 dans la r\u00e9gion \u00bb, affirme-t-elle, t\u00e9moignant de l&rsquo;adaptation du couscous aux ressources et traditions locales de chaque terroir alg\u00e9rien.<\/p>\n\n\n\n<p>La participation internationale conf\u00e8re \u00e0 ce festival une dimension universelle qui enrichit les \u00e9changes culturels. Hussein Abdel Kadhim, chef de la d\u00e9l\u00e9gation irakienne, a exprim\u00e9 sa grande satisfaction de participer \u00e0 cette manifestation. \u00ab Je suis impressionn\u00e9 par la grande diversit\u00e9 des plats patrimoniaux, notamment le couscous alg\u00e9rien r\u00e9put\u00e9 pour ses saveurs authentiques et sa m\u00e9thode de pr\u00e9paration traditionnelle qui refl\u00e8te la profondeur de la culture alg\u00e9rienne et ses valeurs ancestrales comme la g\u00e9n\u00e9rosit\u00e9 et l&rsquo;hospitalit\u00e9 \u00bb, a-t-il d\u00e9clar\u00e9, \u00e9tablissant un pont entre les traditions culinaires du monde arabe.<\/p>\n\n\n\n<p>Le chef camerounais Axel Mbitcha Tiezan a \u00e9galement salu\u00e9 l&rsquo;organisation de cet \u00e9v\u00e9nement. \u00ab Ce festival offre une image magnifique du couscous, ce merveilleux plat patrimonial, et met en valeur le r\u00f4le des femmes locales dans sa pr\u00e9paration, ainsi que les belles valeurs qu&rsquo;il incarne comme la coop\u00e9ration et l&rsquo;amiti\u00e9, particuli\u00e8rement avec la pr\u00e9sence de cuisiniers venus de diff\u00e9rentes wilayas d&rsquo;Alg\u00e9rie et de nombreux pays \u00bb, a-t-il soulign\u00e9, reconnaissant la dimension sociale et collective qui entoure la pr\u00e9paration de ce plat embl\u00e9matique.&nbsp;Pour sa part, le chef libanais Ha\u00efdar Khalil Da\u00efkh a mis l&rsquo;accent sur la dimension professionnelle de ces rendez-vous gastronomiques. \u00ab De tels festivals constituent une opportunit\u00e9 importante de rencontre et d&rsquo;\u00e9change d&rsquo;exp\u00e9riences entre professionnels de la cuisine issus de diff\u00e9rentes cultures \u00bb, a-t-il affirm\u00e9, rappelant que la gastronomie transcende les fronti\u00e8res et favorise le dialogue interculturel.<\/p>\n\n\n\n<p>Organis\u00e9e depuis 2018 par la Fondation \u00ab Chohra Prod \u00bb, cette huiti\u00e8me \u00e9dition accueille des chefs, chercheurs et experts venus de dix pays, avec le Sahara occidental comme invit\u00e9 d&rsquo;honneur. Au-del\u00e0 de la simple c\u00e9l\u00e9bration culinaire, cette manifestation poursuit des objectifs ambitieux en mati\u00e8re de sauvegarde patrimoniale et de diplomatie culturelle. Elle vise \u00e0 valoriser les pratiques li\u00e9es \u00e0 la pr\u00e9paration du couscous, inscrit au patrimoine culturel immat\u00e9riel de l&rsquo;UNESCO depuis 2020, et \u00e0 renforcer les relations culturelles entre l&rsquo;Alg\u00e9rie et les nations du monde entier.<\/p>\n\n\n\n<p>Ce festival t\u00e9moigne de la vitalit\u00e9 d&rsquo;une tradition culinaire qui, loin d&rsquo;\u00eatre fig\u00e9e dans le pass\u00e9, continue d&rsquo;\u00e9voluer et de s&rsquo;enrichir au contact des diff\u00e9rentes cultures, tout en pr\u00e9servant son essence et ses techniques ancestrales transmises de g\u00e9n\u00e9ration en g\u00e9n\u00e9ration.<\/p>\n\n\n\n<p>M.S.<\/p>\n","protected":false},"excerpt":{"rendered":"<p>La huiti\u00e8me \u00e9dition du Festival international du couscous, qui se tient du 11 au 14 d\u00e9cembre \u00e0 Timimoun sous le<\/p>\n","protected":false},"author":6,"featured_media":77009,"comment_status":"open","ping_status":"closed","sticky":false,"template":"","format":"standard","meta":{"colormag_page_container_layout":"default_layout","colormag_page_sidebar_layout":"default_layout","om_disable_all_campaigns":false,"_monsterinsights_skip_tracking":false,"_monsterinsights_sitenote_active":false,"_monsterinsights_sitenote_note":"","_monsterinsights_sitenote_category":0,"footnotes":"","_wpscppro_dont_share_socialmedia":false,"_wpscppro_custom_social_share_image":0,"_facebook_share_type":"default","_twitter_share_type":"default","_linkedin_share_type":"default","_pinterest_share_type":"default","_linkedin_share_type_page":"","_instagram_share_type":"default","_medium_share_type":"default","_threads_share_type":"default","_google_business_share_type":"default","_selected_social_profile":[],"_wpsp_enable_custom_social_template":false,"_wpsp_social_scheduling":{"enabled":false,"datetime":null,"platforms":[],"status":"template_only","dateOption":"today","timeOption":"now","customDays":"","customHours":"","customDate":"","customTime":"","schedulingType":"absolute"},"_wpsp_active_default_template":true},"categories":[36],"tags":[],"class_list":["post-77680","post","type-post","status-publish","format-standard","has-post-thumbnail","hentry","category-culture"],"aioseo_notices":[],"yoast_head":"<!-- This site is optimized with the Yoast SEO plugin v27.5 - https:\/\/yoast.com\/product\/yoast-seo-wordpress\/ -->\n<title>Timimoun\u00a0:\u00a0Le Festival international du couscous c\u00e9l\u00e8bre la diversit\u00e9\u00a0du\u00a0patrimoine culinaire\u00a0national - La Sentinelle<\/title>\n<meta name=\"robots\" content=\"index, follow, max-snippet:-1, max-image-preview:large, max-video-preview:-1\" \/>\n<link rel=\"canonical\" href=\"https:\/\/lasentinelle.dz\/index.php\/2025\/12\/13\/timimoun-le-festival-international-du-couscous-celebre-la-diversite-du-patrimoine-culinaire-national\/\" \/>\n<meta property=\"og:locale\" content=\"fr_FR\" \/>\n<meta property=\"og:type\" content=\"article\" \/>\n<meta property=\"og:title\" content=\"Timimoun\u00a0:\u00a0Le Festival international du couscous c\u00e9l\u00e8bre la diversit\u00e9\u00a0du\u00a0patrimoine culinaire\u00a0national - La Sentinelle\" \/>\n<meta property=\"og:description\" content=\"La huiti\u00e8me \u00e9dition du Festival international du couscous, qui se tient du 11 au 14 d\u00e9cembre \u00e0 Timimoun sous le\" \/>\n<meta property=\"og:url\" content=\"https:\/\/lasentinelle.dz\/index.php\/2025\/12\/13\/timimoun-le-festival-international-du-couscous-celebre-la-diversite-du-patrimoine-culinaire-national\/\" \/>\n<meta property=\"og:site_name\" content=\"La Sentinelle\" \/>\n<meta property=\"article:publisher\" content=\"https:\/\/www.facebook.com\/La-Sentinelle-104059864394773\" \/>\n<meta property=\"article:published_time\" content=\"2025-12-13T18:16:31+00:00\" \/>\n<meta property=\"article:modified_time\" content=\"2025-12-13T18:16:32+00:00\" \/>\n<meta property=\"og:image\" content=\"https:\/\/lasentinelle.dz\/wp-content\/uploads\/2025\/12\/couscous.jpg\" \/>\n\t<meta property=\"og:image:width\" content=\"960\" \/>\n\t<meta property=\"og:image:height\" content=\"640\" \/>\n\t<meta property=\"og:image:type\" content=\"image\/jpeg\" \/>\n<meta name=\"author\" content=\"admin\" \/>\n<meta name=\"twitter:card\" content=\"summary_large_image\" \/>\n<meta name=\"twitter:label1\" content=\"\u00c9crit par\" \/>\n\t<meta name=\"twitter:data1\" content=\"admin\" \/>\n\t<meta name=\"twitter:label2\" content=\"Dur\u00e9e de lecture estim\u00e9e\" \/>\n\t<meta name=\"twitter:data2\" content=\"4 minutes\" \/>\n<script type=\"application\/ld+json\" class=\"yoast-schema-graph\">{\"@context\":\"https:\\\/\\\/schema.org\",\"@graph\":[{\"@type\":\"Article\",\"@id\":\"https:\\\/\\\/lasentinelle.dz\\\/index.php\\\/2025\\\/12\\\/13\\\/timimoun-le-festival-international-du-couscous-celebre-la-diversite-du-patrimoine-culinaire-national\\\/#article\",\"isPartOf\":{\"@id\":\"https:\\\/\\\/lasentinelle.dz\\\/index.php\\\/2025\\\/12\\\/13\\\/timimoun-le-festival-international-du-couscous-celebre-la-diversite-du-patrimoine-culinaire-national\\\/\"},\"author\":{\"name\":\"admin\",\"@id\":\"https:\\\/\\\/lasentinelle.dz\\\/#\\\/schema\\\/person\\\/729ee0024f24e0b8c5ec17232f8e8b41\"},\"headline\":\"Timimoun\u00a0:\u00a0Le Festival international du couscous c\u00e9l\u00e8bre la diversit\u00e9\u00a0du\u00a0patrimoine culinaire\u00a0national\",\"datePublished\":\"2025-12-13T18:16:31+00:00\",\"dateModified\":\"2025-12-13T18:16:32+00:00\",\"mainEntityOfPage\":{\"@id\":\"https:\\\/\\\/lasentinelle.dz\\\/index.php\\\/2025\\\/12\\\/13\\\/timimoun-le-festival-international-du-couscous-celebre-la-diversite-du-patrimoine-culinaire-national\\\/\"},\"wordCount\":879,\"commentCount\":0,\"publisher\":{\"@id\":\"https:\\\/\\\/lasentinelle.dz\\\/#organization\"},\"image\":{\"@id\":\"https:\\\/\\\/lasentinelle.dz\\\/index.php\\\/2025\\\/12\\\/13\\\/timimoun-le-festival-international-du-couscous-celebre-la-diversite-du-patrimoine-culinaire-national\\\/#primaryimage\"},\"thumbnailUrl\":\"https:\\\/\\\/lasentinelle.dz\\\/wp-content\\\/uploads\\\/2025\\\/12\\\/couscous.jpg\",\"articleSection\":[\"Culture\"],\"inLanguage\":\"fr-FR\",\"potentialAction\":[{\"@type\":\"CommentAction\",\"name\":\"Comment\",\"target\":[\"https:\\\/\\\/lasentinelle.dz\\\/index.php\\\/2025\\\/12\\\/13\\\/timimoun-le-festival-international-du-couscous-celebre-la-diversite-du-patrimoine-culinaire-national\\\/#respond\"]}]},{\"@type\":\"WebPage\",\"@id\":\"https:\\\/\\\/lasentinelle.dz\\\/index.php\\\/2025\\\/12\\\/13\\\/timimoun-le-festival-international-du-couscous-celebre-la-diversite-du-patrimoine-culinaire-national\\\/\",\"url\":\"https:\\\/\\\/lasentinelle.dz\\\/index.php\\\/2025\\\/12\\\/13\\\/timimoun-le-festival-international-du-couscous-celebre-la-diversite-du-patrimoine-culinaire-national\\\/\",\"name\":\"Timimoun\u00a0:\u00a0Le Festival international du couscous c\u00e9l\u00e8bre la diversit\u00e9\u00a0du\u00a0patrimoine culinaire\u00a0national - La Sentinelle\",\"isPartOf\":{\"@id\":\"https:\\\/\\\/lasentinelle.dz\\\/#website\"},\"primaryImageOfPage\":{\"@id\":\"https:\\\/\\\/lasentinelle.dz\\\/index.php\\\/2025\\\/12\\\/13\\\/timimoun-le-festival-international-du-couscous-celebre-la-diversite-du-patrimoine-culinaire-national\\\/#primaryimage\"},\"image\":{\"@id\":\"https:\\\/\\\/lasentinelle.dz\\\/index.php\\\/2025\\\/12\\\/13\\\/timimoun-le-festival-international-du-couscous-celebre-la-diversite-du-patrimoine-culinaire-national\\\/#primaryimage\"},\"thumbnailUrl\":\"https:\\\/\\\/lasentinelle.dz\\\/wp-content\\\/uploads\\\/2025\\\/12\\\/couscous.jpg\",\"datePublished\":\"2025-12-13T18:16:31+00:00\",\"dateModified\":\"2025-12-13T18:16:32+00:00\",\"breadcrumb\":{\"@id\":\"https:\\\/\\\/lasentinelle.dz\\\/index.php\\\/2025\\\/12\\\/13\\\/timimoun-le-festival-international-du-couscous-celebre-la-diversite-du-patrimoine-culinaire-national\\\/#breadcrumb\"},\"inLanguage\":\"fr-FR\",\"potentialAction\":[{\"@type\":\"ReadAction\",\"target\":[\"https:\\\/\\\/lasentinelle.dz\\\/index.php\\\/2025\\\/12\\\/13\\\/timimoun-le-festival-international-du-couscous-celebre-la-diversite-du-patrimoine-culinaire-national\\\/\"]}]},{\"@type\":\"ImageObject\",\"inLanguage\":\"fr-FR\",\"@id\":\"https:\\\/\\\/lasentinelle.dz\\\/index.php\\\/2025\\\/12\\\/13\\\/timimoun-le-festival-international-du-couscous-celebre-la-diversite-du-patrimoine-culinaire-national\\\/#primaryimage\",\"url\":\"https:\\\/\\\/lasentinelle.dz\\\/wp-content\\\/uploads\\\/2025\\\/12\\\/couscous.jpg\",\"contentUrl\":\"https:\\\/\\\/lasentinelle.dz\\\/wp-content\\\/uploads\\\/2025\\\/12\\\/couscous.jpg\",\"width\":960,\"height\":640},{\"@type\":\"BreadcrumbList\",\"@id\":\"https:\\\/\\\/lasentinelle.dz\\\/index.php\\\/2025\\\/12\\\/13\\\/timimoun-le-festival-international-du-couscous-celebre-la-diversite-du-patrimoine-culinaire-national\\\/#breadcrumb\",\"itemListElement\":[{\"@type\":\"ListItem\",\"position\":1,\"name\":\"Accueil\",\"item\":\"https:\\\/\\\/lasentinelle.dz\\\/\"},{\"@type\":\"ListItem\",\"position\":2,\"name\":\"Timimoun\u00a0:\u00a0Le Festival international du couscous c\u00e9l\u00e8bre la diversit\u00e9\u00a0du\u00a0patrimoine culinaire\u00a0national\"}]},{\"@type\":\"WebSite\",\"@id\":\"https:\\\/\\\/lasentinelle.dz\\\/#website\",\"url\":\"https:\\\/\\\/lasentinelle.dz\\\/\",\"name\":\"La Sentinelle\",\"description\":\"Quotidien national d&#039;information\",\"publisher\":{\"@id\":\"https:\\\/\\\/lasentinelle.dz\\\/#organization\"},\"potentialAction\":[{\"@type\":\"SearchAction\",\"target\":{\"@type\":\"EntryPoint\",\"urlTemplate\":\"https:\\\/\\\/lasentinelle.dz\\\/?s={search_term_string}\"},\"query-input\":{\"@type\":\"PropertyValueSpecification\",\"valueRequired\":true,\"valueName\":\"search_term_string\"}}],\"inLanguage\":\"fr-FR\"},{\"@type\":\"Organization\",\"@id\":\"https:\\\/\\\/lasentinelle.dz\\\/#organization\",\"name\":\"Quotidien La Sentinelle\",\"url\":\"https:\\\/\\\/lasentinelle.dz\\\/\",\"logo\":{\"@type\":\"ImageObject\",\"inLanguage\":\"fr-FR\",\"@id\":\"https:\\\/\\\/lasentinelle.dz\\\/#\\\/schema\\\/logo\\\/image\\\/\",\"url\":\"https:\\\/\\\/lasentinelle.dz\\\/wp-content\\\/uploads\\\/2021\\\/09\\\/logo-sentinelleSLOGAN-1.png\",\"contentUrl\":\"https:\\\/\\\/lasentinelle.dz\\\/wp-content\\\/uploads\\\/2021\\\/09\\\/logo-sentinelleSLOGAN-1.png\",\"width\":615,\"height\":142,\"caption\":\"Quotidien La Sentinelle\"},\"image\":{\"@id\":\"https:\\\/\\\/lasentinelle.dz\\\/#\\\/schema\\\/logo\\\/image\\\/\"},\"sameAs\":[\"https:\\\/\\\/www.facebook.com\\\/La-Sentinelle-104059864394773\"]},{\"@type\":\"Person\",\"@id\":\"https:\\\/\\\/lasentinelle.dz\\\/#\\\/schema\\\/person\\\/729ee0024f24e0b8c5ec17232f8e8b41\",\"name\":\"admin\",\"image\":{\"@type\":\"ImageObject\",\"inLanguage\":\"fr-FR\",\"@id\":\"https:\\\/\\\/secure.gravatar.com\\\/avatar\\\/4c81fed838786e9b53f540bf46533e750f5d292099ae3b66cfc6fb1982e29df7?s=96&d=mm&r=g\",\"url\":\"https:\\\/\\\/secure.gravatar.com\\\/avatar\\\/4c81fed838786e9b53f540bf46533e750f5d292099ae3b66cfc6fb1982e29df7?s=96&d=mm&r=g\",\"contentUrl\":\"https:\\\/\\\/secure.gravatar.com\\\/avatar\\\/4c81fed838786e9b53f540bf46533e750f5d292099ae3b66cfc6fb1982e29df7?s=96&d=mm&r=g\",\"caption\":\"admin\"},\"description\":\"admin\",\"url\":\"https:\\\/\\\/lasentinelle.dz\\\/author\\\/admin\\\/\"}]}<\/script>\n<!-- \/ Yoast SEO plugin. -->","yoast_head_json":{"title":"Timimoun\u00a0:\u00a0Le Festival international du couscous c\u00e9l\u00e8bre la diversit\u00e9\u00a0du\u00a0patrimoine culinaire\u00a0national - La Sentinelle","robots":{"index":"index","follow":"follow","max-snippet":"max-snippet:-1","max-image-preview":"max-image-preview:large","max-video-preview":"max-video-preview:-1"},"canonical":"https:\/\/lasentinelle.dz\/index.php\/2025\/12\/13\/timimoun-le-festival-international-du-couscous-celebre-la-diversite-du-patrimoine-culinaire-national\/","og_locale":"fr_FR","og_type":"article","og_title":"Timimoun\u00a0:\u00a0Le Festival international du couscous c\u00e9l\u00e8bre la diversit\u00e9\u00a0du\u00a0patrimoine culinaire\u00a0national - La Sentinelle","og_description":"La huiti\u00e8me \u00e9dition du Festival international du couscous, qui se tient du 11 au 14 d\u00e9cembre \u00e0 Timimoun sous le","og_url":"https:\/\/lasentinelle.dz\/index.php\/2025\/12\/13\/timimoun-le-festival-international-du-couscous-celebre-la-diversite-du-patrimoine-culinaire-national\/","og_site_name":"La Sentinelle","article_publisher":"https:\/\/www.facebook.com\/La-Sentinelle-104059864394773","article_published_time":"2025-12-13T18:16:31+00:00","article_modified_time":"2025-12-13T18:16:32+00:00","og_image":[{"width":960,"height":640,"url":"https:\/\/lasentinelle.dz\/wp-content\/uploads\/2025\/12\/couscous.jpg","type":"image\/jpeg"}],"author":"admin","twitter_card":"summary_large_image","twitter_misc":{"\u00c9crit par":"admin","Dur\u00e9e de lecture estim\u00e9e":"4 minutes"},"schema":{"@context":"https:\/\/schema.org","@graph":[{"@type":"Article","@id":"https:\/\/lasentinelle.dz\/index.php\/2025\/12\/13\/timimoun-le-festival-international-du-couscous-celebre-la-diversite-du-patrimoine-culinaire-national\/#article","isPartOf":{"@id":"https:\/\/lasentinelle.dz\/index.php\/2025\/12\/13\/timimoun-le-festival-international-du-couscous-celebre-la-diversite-du-patrimoine-culinaire-national\/"},"author":{"name":"admin","@id":"https:\/\/lasentinelle.dz\/#\/schema\/person\/729ee0024f24e0b8c5ec17232f8e8b41"},"headline":"Timimoun\u00a0:\u00a0Le Festival international du couscous c\u00e9l\u00e8bre la diversit\u00e9\u00a0du\u00a0patrimoine culinaire\u00a0national","datePublished":"2025-12-13T18:16:31+00:00","dateModified":"2025-12-13T18:16:32+00:00","mainEntityOfPage":{"@id":"https:\/\/lasentinelle.dz\/index.php\/2025\/12\/13\/timimoun-le-festival-international-du-couscous-celebre-la-diversite-du-patrimoine-culinaire-national\/"},"wordCount":879,"commentCount":0,"publisher":{"@id":"https:\/\/lasentinelle.dz\/#organization"},"image":{"@id":"https:\/\/lasentinelle.dz\/index.php\/2025\/12\/13\/timimoun-le-festival-international-du-couscous-celebre-la-diversite-du-patrimoine-culinaire-national\/#primaryimage"},"thumbnailUrl":"https:\/\/lasentinelle.dz\/wp-content\/uploads\/2025\/12\/couscous.jpg","articleSection":["Culture"],"inLanguage":"fr-FR","potentialAction":[{"@type":"CommentAction","name":"Comment","target":["https:\/\/lasentinelle.dz\/index.php\/2025\/12\/13\/timimoun-le-festival-international-du-couscous-celebre-la-diversite-du-patrimoine-culinaire-national\/#respond"]}]},{"@type":"WebPage","@id":"https:\/\/lasentinelle.dz\/index.php\/2025\/12\/13\/timimoun-le-festival-international-du-couscous-celebre-la-diversite-du-patrimoine-culinaire-national\/","url":"https:\/\/lasentinelle.dz\/index.php\/2025\/12\/13\/timimoun-le-festival-international-du-couscous-celebre-la-diversite-du-patrimoine-culinaire-national\/","name":"Timimoun\u00a0:\u00a0Le Festival international du couscous c\u00e9l\u00e8bre la diversit\u00e9\u00a0du\u00a0patrimoine culinaire\u00a0national - La Sentinelle","isPartOf":{"@id":"https:\/\/lasentinelle.dz\/#website"},"primaryImageOfPage":{"@id":"https:\/\/lasentinelle.dz\/index.php\/2025\/12\/13\/timimoun-le-festival-international-du-couscous-celebre-la-diversite-du-patrimoine-culinaire-national\/#primaryimage"},"image":{"@id":"https:\/\/lasentinelle.dz\/index.php\/2025\/12\/13\/timimoun-le-festival-international-du-couscous-celebre-la-diversite-du-patrimoine-culinaire-national\/#primaryimage"},"thumbnailUrl":"https:\/\/lasentinelle.dz\/wp-content\/uploads\/2025\/12\/couscous.jpg","datePublished":"2025-12-13T18:16:31+00:00","dateModified":"2025-12-13T18:16:32+00:00","breadcrumb":{"@id":"https:\/\/lasentinelle.dz\/index.php\/2025\/12\/13\/timimoun-le-festival-international-du-couscous-celebre-la-diversite-du-patrimoine-culinaire-national\/#breadcrumb"},"inLanguage":"fr-FR","potentialAction":[{"@type":"ReadAction","target":["https:\/\/lasentinelle.dz\/index.php\/2025\/12\/13\/timimoun-le-festival-international-du-couscous-celebre-la-diversite-du-patrimoine-culinaire-national\/"]}]},{"@type":"ImageObject","inLanguage":"fr-FR","@id":"https:\/\/lasentinelle.dz\/index.php\/2025\/12\/13\/timimoun-le-festival-international-du-couscous-celebre-la-diversite-du-patrimoine-culinaire-national\/#primaryimage","url":"https:\/\/lasentinelle.dz\/wp-content\/uploads\/2025\/12\/couscous.jpg","contentUrl":"https:\/\/lasentinelle.dz\/wp-content\/uploads\/2025\/12\/couscous.jpg","width":960,"height":640},{"@type":"BreadcrumbList","@id":"https:\/\/lasentinelle.dz\/index.php\/2025\/12\/13\/timimoun-le-festival-international-du-couscous-celebre-la-diversite-du-patrimoine-culinaire-national\/#breadcrumb","itemListElement":[{"@type":"ListItem","position":1,"name":"Accueil","item":"https:\/\/lasentinelle.dz\/"},{"@type":"ListItem","position":2,"name":"Timimoun\u00a0:\u00a0Le Festival international du couscous c\u00e9l\u00e8bre la diversit\u00e9\u00a0du\u00a0patrimoine culinaire\u00a0national"}]},{"@type":"WebSite","@id":"https:\/\/lasentinelle.dz\/#website","url":"https:\/\/lasentinelle.dz\/","name":"La Sentinelle","description":"Quotidien national d&#039;information","publisher":{"@id":"https:\/\/lasentinelle.dz\/#organization"},"potentialAction":[{"@type":"SearchAction","target":{"@type":"EntryPoint","urlTemplate":"https:\/\/lasentinelle.dz\/?s={search_term_string}"},"query-input":{"@type":"PropertyValueSpecification","valueRequired":true,"valueName":"search_term_string"}}],"inLanguage":"fr-FR"},{"@type":"Organization","@id":"https:\/\/lasentinelle.dz\/#organization","name":"Quotidien La Sentinelle","url":"https:\/\/lasentinelle.dz\/","logo":{"@type":"ImageObject","inLanguage":"fr-FR","@id":"https:\/\/lasentinelle.dz\/#\/schema\/logo\/image\/","url":"https:\/\/lasentinelle.dz\/wp-content\/uploads\/2021\/09\/logo-sentinelleSLOGAN-1.png","contentUrl":"https:\/\/lasentinelle.dz\/wp-content\/uploads\/2021\/09\/logo-sentinelleSLOGAN-1.png","width":615,"height":142,"caption":"Quotidien La Sentinelle"},"image":{"@id":"https:\/\/lasentinelle.dz\/#\/schema\/logo\/image\/"},"sameAs":["https:\/\/www.facebook.com\/La-Sentinelle-104059864394773"]},{"@type":"Person","@id":"https:\/\/lasentinelle.dz\/#\/schema\/person\/729ee0024f24e0b8c5ec17232f8e8b41","name":"admin","image":{"@type":"ImageObject","inLanguage":"fr-FR","@id":"https:\/\/secure.gravatar.com\/avatar\/4c81fed838786e9b53f540bf46533e750f5d292099ae3b66cfc6fb1982e29df7?s=96&d=mm&r=g","url":"https:\/\/secure.gravatar.com\/avatar\/4c81fed838786e9b53f540bf46533e750f5d292099ae3b66cfc6fb1982e29df7?s=96&d=mm&r=g","contentUrl":"https:\/\/secure.gravatar.com\/avatar\/4c81fed838786e9b53f540bf46533e750f5d292099ae3b66cfc6fb1982e29df7?s=96&d=mm&r=g","caption":"admin"},"description":"admin","url":"https:\/\/lasentinelle.dz\/author\/admin\/"}]}},"_links":{"self":[{"href":"https:\/\/lasentinelle.dz\/index.php\/wp-json\/wp\/v2\/posts\/77680","targetHints":{"allow":["GET"]}}],"collection":[{"href":"https:\/\/lasentinelle.dz\/index.php\/wp-json\/wp\/v2\/posts"}],"about":[{"href":"https:\/\/lasentinelle.dz\/index.php\/wp-json\/wp\/v2\/types\/post"}],"author":[{"embeddable":true,"href":"https:\/\/lasentinelle.dz\/index.php\/wp-json\/wp\/v2\/users\/6"}],"replies":[{"embeddable":true,"href":"https:\/\/lasentinelle.dz\/index.php\/wp-json\/wp\/v2\/comments?post=77680"}],"version-history":[{"count":1,"href":"https:\/\/lasentinelle.dz\/index.php\/wp-json\/wp\/v2\/posts\/77680\/revisions"}],"predecessor-version":[{"id":77681,"href":"https:\/\/lasentinelle.dz\/index.php\/wp-json\/wp\/v2\/posts\/77680\/revisions\/77681"}],"wp:featuredmedia":[{"embeddable":true,"href":"https:\/\/lasentinelle.dz\/index.php\/wp-json\/wp\/v2\/media\/77009"}],"wp:attachment":[{"href":"https:\/\/lasentinelle.dz\/index.php\/wp-json\/wp\/v2\/media?parent=77680"}],"wp:term":[{"taxonomy":"category","embeddable":true,"href":"https:\/\/lasentinelle.dz\/index.php\/wp-json\/wp\/v2\/categories?post=77680"},{"taxonomy":"post_tag","embeddable":true,"href":"https:\/\/lasentinelle.dz\/index.php\/wp-json\/wp\/v2\/tags?post=77680"}],"curies":[{"name":"wp","href":"https:\/\/api.w.org\/{rel}","templated":true}]}}