{"id":77682,"date":"2025-12-13T19:17:11","date_gmt":"2025-12-13T18:17:11","guid":{"rendered":"https:\/\/lasentinelle.dz\/?p=77682"},"modified":"2025-12-13T19:17:12","modified_gmt":"2025-12-13T18:17:12","slug":"lalgerie-elue-vice-presidente-de-la-prochaine-session-du-comite-intergouvernemental-de-sauvegarde-du-patrimoine-culturel-immateriel","status":"publish","type":"post","link":"https:\/\/lasentinelle.dz\/index.php\/2025\/12\/13\/lalgerie-elue-vice-presidente-de-la-prochaine-session-du-comite-intergouvernemental-de-sauvegarde-du-patrimoine-culturel-immateriel\/","title":{"rendered":"L&rsquo;Alg\u00e9rie \u00e9lue vice-pr\u00e9sidente de la prochaine session du Comit\u00e9 intergouvernemental de sauvegarde du patrimoine culturel immat\u00e9riel"},"content":{"rendered":"\n<p>L&rsquo;Alg\u00e9rie a \u00e9t\u00e9 \u00e9lue vice-pr\u00e9sidente pour la 21e session du Comit\u00e9 intergouvernemental de sauvegarde du patrimoine culturel immat\u00e9riel de l&rsquo;UNESCO pour l&rsquo;ann\u00e9e 2026, lors de la 20e session ordinaire dudit Comit\u00e9 tenue vendredi \u00e0 New Delhi (Inde), indique un communiqu\u00e9 du minist\u00e8re de la Culture et des Arts.&nbsp;\u00ab\u00a0Lors de la 20e session ordinaire du Comit\u00e9, tenue vendredi 12 d\u00e9cembre 2025 \u00e0 New Delhi, Il a \u00e9t\u00e9 d\u00e9cid\u00e9 de la tenue de la 21e session dans la ville de Xiamen (R\u00e9publique populaire de Chine), du 30 novembre au 5 d\u00e9cembre 2026\u00a0\u00bb, pr\u00e9cise le communiqu\u00e9. \u00ab\u00a0Organe statutaire de la Convention pour la sauvegarde du patrimoine culturel immat\u00e9riel, ce Comit\u00e9 est charg\u00e9 de pr\u00e9parer la mise en oeuvre de la Convention et d&rsquo;\u00e9valuer les dossiers de candidature inscrits sur les listes du patrimoine mondial\u00a0\u00bb, selon la m\u00eame source.&nbsp;\u00ab\u00a0Cette \u00e9lection de haut niveau se veut une reconnaissance internationale de la place de premier plan de l&rsquo;Alg\u00e9rie et de ses efforts continus en mati\u00e8re de sauvegarde et de protection du patrimoine culturel immat\u00e9riel de l&rsquo;humanit\u00e9\u00a0\u00bb, ajoute le communiqu\u00e9.&nbsp;\u00ab\u00a0L&rsquo;\u00e9lection de l&rsquo;Alg\u00e9rie \u00e0 ce poste important lui offre la possibilit\u00e9 de contribuer \u00e0 l&rsquo;\u00e9laboration des politiques et \u00e0 l&rsquo;orientation des efforts internationaux pour la protection du patrimoine immat\u00e9riel de l&rsquo;humanit\u00e9, mais confirme \u00e9galement son engagement \u00e0 soutenir les causes d&rsquo;un patrimoine culturel juste et durable\u00a0\u00bb, conclut la m\u00eame source.&nbsp;<\/p>\n\n\n\n<p>APS<\/p>\n","protected":false},"excerpt":{"rendered":"<p>L&rsquo;Alg\u00e9rie a \u00e9t\u00e9 \u00e9lue vice-pr\u00e9sidente pour la 21e session du Comit\u00e9 intergouvernemental de sauvegarde du patrimoine culturel immat\u00e9riel de l&rsquo;UNESCO<\/p>\n","protected":false},"author":6,"featured_media":48628,"comment_status":"open","ping_status":"closed","sticky":false,"template":"","format":"standard","meta":{"colormag_page_container_layout":"default_layout","colormag_page_sidebar_layout":"default_layout","om_disable_all_campaigns":false,"_monsterinsights_skip_tracking":false,"_monsterinsights_sitenote_active":false,"_monsterinsights_sitenote_note":"","_monsterinsights_sitenote_category":0,"footnotes":"","_wpscppro_dont_share_socialmedia":false,"_wpscppro_custom_social_share_image":0,"_facebook_share_type":"default","_twitter_share_type":"default","_linkedin_share_type":"default","_pinterest_share_type":"default","_linkedin_share_type_page":"","_instagram_share_type":"default","_medium_share_type":"default","_threads_share_type":"default","_google_business_share_type":"default","_selected_social_profile":[],"_wpsp_enable_custom_social_template":false,"_wpsp_social_scheduling":{"enabled":false,"datetime":null,"platforms":[],"status":"template_only","dateOption":"today","timeOption":"now","customDays":"","customHours":"","customDate":"","customTime":"","schedulingType":"absolute"},"_wpsp_active_default_template":true},"categories":[36],"tags":[],"class_list":["post-77682","post","type-post","status-publish","format-standard","has-post-thumbnail","hentry","category-culture"],"aioseo_notices":[],"yoast_head":"<!-- This site is optimized with the Yoast SEO plugin v27.5 - https:\/\/yoast.com\/product\/yoast-seo-wordpress\/ -->\n<title>L&rsquo;Alg\u00e9rie \u00e9lue vice-pr\u00e9sidente de la prochaine session du Comit\u00e9 intergouvernemental de sauvegarde du patrimoine culturel immat\u00e9riel - La Sentinelle<\/title>\n<meta name=\"robots\" content=\"index, follow, max-snippet:-1, max-image-preview:large, max-video-preview:-1\" \/>\n<link rel=\"canonical\" href=\"https:\/\/lasentinelle.dz\/index.php\/2025\/12\/13\/lalgerie-elue-vice-presidente-de-la-prochaine-session-du-comite-intergouvernemental-de-sauvegarde-du-patrimoine-culturel-immateriel\/\" \/>\n<meta property=\"og:locale\" content=\"fr_FR\" \/>\n<meta property=\"og:type\" content=\"article\" \/>\n<meta property=\"og:title\" content=\"L&rsquo;Alg\u00e9rie \u00e9lue vice-pr\u00e9sidente de la prochaine session du Comit\u00e9 intergouvernemental de sauvegarde du patrimoine culturel immat\u00e9riel - La Sentinelle\" \/>\n<meta property=\"og:description\" content=\"L&rsquo;Alg\u00e9rie a \u00e9t\u00e9 \u00e9lue vice-pr\u00e9sidente pour la 21e session du Comit\u00e9 intergouvernemental de sauvegarde du patrimoine culturel immat\u00e9riel de l&rsquo;UNESCO\" \/>\n<meta property=\"og:url\" content=\"https:\/\/lasentinelle.dz\/index.php\/2025\/12\/13\/lalgerie-elue-vice-presidente-de-la-prochaine-session-du-comite-intergouvernemental-de-sauvegarde-du-patrimoine-culturel-immateriel\/\" \/>\n<meta property=\"og:site_name\" content=\"La Sentinelle\" \/>\n<meta property=\"article:publisher\" content=\"https:\/\/www.facebook.com\/La-Sentinelle-104059864394773\" \/>\n<meta property=\"article:published_time\" content=\"2025-12-13T18:17:11+00:00\" \/>\n<meta property=\"article:modified_time\" content=\"2025-12-13T18:17:12+00:00\" \/>\n<meta property=\"og:image\" content=\"https:\/\/lasentinelle.dz\/wp-content\/uploads\/2024\/01\/unesco_1.jpeg\" \/>\n\t<meta property=\"og:image:width\" content=\"2048\" \/>\n\t<meta property=\"og:image:height\" content=\"1365\" \/>\n\t<meta property=\"og:image:type\" content=\"image\/jpeg\" \/>\n<meta name=\"author\" content=\"admin\" \/>\n<meta name=\"twitter:card\" content=\"summary_large_image\" \/>\n<meta name=\"twitter:label1\" content=\"\u00c9crit par\" \/>\n\t<meta name=\"twitter:data1\" content=\"admin\" \/>\n\t<meta name=\"twitter:label2\" content=\"Dur\u00e9e de lecture estim\u00e9e\" \/>\n\t<meta name=\"twitter:data2\" content=\"2 minutes\" \/>\n<script type=\"application\/ld+json\" class=\"yoast-schema-graph\">{\"@context\":\"https:\\\/\\\/schema.org\",\"@graph\":[{\"@type\":\"Article\",\"@id\":\"https:\\\/\\\/lasentinelle.dz\\\/index.php\\\/2025\\\/12\\\/13\\\/lalgerie-elue-vice-presidente-de-la-prochaine-session-du-comite-intergouvernemental-de-sauvegarde-du-patrimoine-culturel-immateriel\\\/#article\",\"isPartOf\":{\"@id\":\"https:\\\/\\\/lasentinelle.dz\\\/index.php\\\/2025\\\/12\\\/13\\\/lalgerie-elue-vice-presidente-de-la-prochaine-session-du-comite-intergouvernemental-de-sauvegarde-du-patrimoine-culturel-immateriel\\\/\"},\"author\":{\"name\":\"admin\",\"@id\":\"https:\\\/\\\/lasentinelle.dz\\\/#\\\/schema\\\/person\\\/729ee0024f24e0b8c5ec17232f8e8b41\"},\"headline\":\"L&rsquo;Alg\u00e9rie \u00e9lue vice-pr\u00e9sidente de la prochaine session du Comit\u00e9 intergouvernemental de sauvegarde du patrimoine culturel immat\u00e9riel\",\"datePublished\":\"2025-12-13T18:17:11+00:00\",\"dateModified\":\"2025-12-13T18:17:12+00:00\",\"mainEntityOfPage\":{\"@id\":\"https:\\\/\\\/lasentinelle.dz\\\/index.php\\\/2025\\\/12\\\/13\\\/lalgerie-elue-vice-presidente-de-la-prochaine-session-du-comite-intergouvernemental-de-sauvegarde-du-patrimoine-culturel-immateriel\\\/\"},\"wordCount\":270,\"commentCount\":0,\"publisher\":{\"@id\":\"https:\\\/\\\/lasentinelle.dz\\\/#organization\"},\"image\":{\"@id\":\"https:\\\/\\\/lasentinelle.dz\\\/index.php\\\/2025\\\/12\\\/13\\\/lalgerie-elue-vice-presidente-de-la-prochaine-session-du-comite-intergouvernemental-de-sauvegarde-du-patrimoine-culturel-immateriel\\\/#primaryimage\"},\"thumbnailUrl\":\"https:\\\/\\\/lasentinelle.dz\\\/wp-content\\\/uploads\\\/2024\\\/01\\\/unesco_1.jpeg\",\"articleSection\":[\"Culture\"],\"inLanguage\":\"fr-FR\",\"potentialAction\":[{\"@type\":\"CommentAction\",\"name\":\"Comment\",\"target\":[\"https:\\\/\\\/lasentinelle.dz\\\/index.php\\\/2025\\\/12\\\/13\\\/lalgerie-elue-vice-presidente-de-la-prochaine-session-du-comite-intergouvernemental-de-sauvegarde-du-patrimoine-culturel-immateriel\\\/#respond\"]}]},{\"@type\":\"WebPage\",\"@id\":\"https:\\\/\\\/lasentinelle.dz\\\/index.php\\\/2025\\\/12\\\/13\\\/lalgerie-elue-vice-presidente-de-la-prochaine-session-du-comite-intergouvernemental-de-sauvegarde-du-patrimoine-culturel-immateriel\\\/\",\"url\":\"https:\\\/\\\/lasentinelle.dz\\\/index.php\\\/2025\\\/12\\\/13\\\/lalgerie-elue-vice-presidente-de-la-prochaine-session-du-comite-intergouvernemental-de-sauvegarde-du-patrimoine-culturel-immateriel\\\/\",\"name\":\"L&rsquo;Alg\u00e9rie \u00e9lue vice-pr\u00e9sidente de la prochaine session du Comit\u00e9 intergouvernemental de sauvegarde du patrimoine culturel immat\u00e9riel - La Sentinelle\",\"isPartOf\":{\"@id\":\"https:\\\/\\\/lasentinelle.dz\\\/#website\"},\"primaryImageOfPage\":{\"@id\":\"https:\\\/\\\/lasentinelle.dz\\\/index.php\\\/2025\\\/12\\\/13\\\/lalgerie-elue-vice-presidente-de-la-prochaine-session-du-comite-intergouvernemental-de-sauvegarde-du-patrimoine-culturel-immateriel\\\/#primaryimage\"},\"image\":{\"@id\":\"https:\\\/\\\/lasentinelle.dz\\\/index.php\\\/2025\\\/12\\\/13\\\/lalgerie-elue-vice-presidente-de-la-prochaine-session-du-comite-intergouvernemental-de-sauvegarde-du-patrimoine-culturel-immateriel\\\/#primaryimage\"},\"thumbnailUrl\":\"https:\\\/\\\/lasentinelle.dz\\\/wp-content\\\/uploads\\\/2024\\\/01\\\/unesco_1.jpeg\",\"datePublished\":\"2025-12-13T18:17:11+00:00\",\"dateModified\":\"2025-12-13T18:17:12+00:00\",\"breadcrumb\":{\"@id\":\"https:\\\/\\\/lasentinelle.dz\\\/index.php\\\/2025\\\/12\\\/13\\\/lalgerie-elue-vice-presidente-de-la-prochaine-session-du-comite-intergouvernemental-de-sauvegarde-du-patrimoine-culturel-immateriel\\\/#breadcrumb\"},\"inLanguage\":\"fr-FR\",\"potentialAction\":[{\"@type\":\"ReadAction\",\"target\":[\"https:\\\/\\\/lasentinelle.dz\\\/index.php\\\/2025\\\/12\\\/13\\\/lalgerie-elue-vice-presidente-de-la-prochaine-session-du-comite-intergouvernemental-de-sauvegarde-du-patrimoine-culturel-immateriel\\\/\"]}]},{\"@type\":\"ImageObject\",\"inLanguage\":\"fr-FR\",\"@id\":\"https:\\\/\\\/lasentinelle.dz\\\/index.php\\\/2025\\\/12\\\/13\\\/lalgerie-elue-vice-presidente-de-la-prochaine-session-du-comite-intergouvernemental-de-sauvegarde-du-patrimoine-culturel-immateriel\\\/#primaryimage\",\"url\":\"https:\\\/\\\/lasentinelle.dz\\\/wp-content\\\/uploads\\\/2024\\\/01\\\/unesco_1.jpeg\",\"contentUrl\":\"https:\\\/\\\/lasentinelle.dz\\\/wp-content\\\/uploads\\\/2024\\\/01\\\/unesco_1.jpeg\",\"width\":2048,\"height\":1365},{\"@type\":\"BreadcrumbList\",\"@id\":\"https:\\\/\\\/lasentinelle.dz\\\/index.php\\\/2025\\\/12\\\/13\\\/lalgerie-elue-vice-presidente-de-la-prochaine-session-du-comite-intergouvernemental-de-sauvegarde-du-patrimoine-culturel-immateriel\\\/#breadcrumb\",\"itemListElement\":[{\"@type\":\"ListItem\",\"position\":1,\"name\":\"Accueil\",\"item\":\"https:\\\/\\\/lasentinelle.dz\\\/\"},{\"@type\":\"ListItem\",\"position\":2,\"name\":\"L&rsquo;Alg\u00e9rie \u00e9lue vice-pr\u00e9sidente de la prochaine session du Comit\u00e9 intergouvernemental de sauvegarde du patrimoine culturel immat\u00e9riel\"}]},{\"@type\":\"WebSite\",\"@id\":\"https:\\\/\\\/lasentinelle.dz\\\/#website\",\"url\":\"https:\\\/\\\/lasentinelle.dz\\\/\",\"name\":\"La Sentinelle\",\"description\":\"Quotidien national d&#039;information\",\"publisher\":{\"@id\":\"https:\\\/\\\/lasentinelle.dz\\\/#organization\"},\"potentialAction\":[{\"@type\":\"SearchAction\",\"target\":{\"@type\":\"EntryPoint\",\"urlTemplate\":\"https:\\\/\\\/lasentinelle.dz\\\/?s={search_term_string}\"},\"query-input\":{\"@type\":\"PropertyValueSpecification\",\"valueRequired\":true,\"valueName\":\"search_term_string\"}}],\"inLanguage\":\"fr-FR\"},{\"@type\":\"Organization\",\"@id\":\"https:\\\/\\\/lasentinelle.dz\\\/#organization\",\"name\":\"Quotidien La Sentinelle\",\"url\":\"https:\\\/\\\/lasentinelle.dz\\\/\",\"logo\":{\"@type\":\"ImageObject\",\"inLanguage\":\"fr-FR\",\"@id\":\"https:\\\/\\\/lasentinelle.dz\\\/#\\\/schema\\\/logo\\\/image\\\/\",\"url\":\"https:\\\/\\\/lasentinelle.dz\\\/wp-content\\\/uploads\\\/2021\\\/09\\\/logo-sentinelleSLOGAN-1.png\",\"contentUrl\":\"https:\\\/\\\/lasentinelle.dz\\\/wp-content\\\/uploads\\\/2021\\\/09\\\/logo-sentinelleSLOGAN-1.png\",\"width\":615,\"height\":142,\"caption\":\"Quotidien La Sentinelle\"},\"image\":{\"@id\":\"https:\\\/\\\/lasentinelle.dz\\\/#\\\/schema\\\/logo\\\/image\\\/\"},\"sameAs\":[\"https:\\\/\\\/www.facebook.com\\\/La-Sentinelle-104059864394773\"]},{\"@type\":\"Person\",\"@id\":\"https:\\\/\\\/lasentinelle.dz\\\/#\\\/schema\\\/person\\\/729ee0024f24e0b8c5ec17232f8e8b41\",\"name\":\"admin\",\"image\":{\"@type\":\"ImageObject\",\"inLanguage\":\"fr-FR\",\"@id\":\"https:\\\/\\\/secure.gravatar.com\\\/avatar\\\/4c81fed838786e9b53f540bf46533e750f5d292099ae3b66cfc6fb1982e29df7?s=96&d=mm&r=g\",\"url\":\"https:\\\/\\\/secure.gravatar.com\\\/avatar\\\/4c81fed838786e9b53f540bf46533e750f5d292099ae3b66cfc6fb1982e29df7?s=96&d=mm&r=g\",\"contentUrl\":\"https:\\\/\\\/secure.gravatar.com\\\/avatar\\\/4c81fed838786e9b53f540bf46533e750f5d292099ae3b66cfc6fb1982e29df7?s=96&d=mm&r=g\",\"caption\":\"admin\"},\"description\":\"admin\",\"url\":\"https:\\\/\\\/lasentinelle.dz\\\/author\\\/admin\\\/\"}]}<\/script>\n<!-- \/ Yoast SEO plugin. -->","yoast_head_json":{"title":"L&rsquo;Alg\u00e9rie \u00e9lue vice-pr\u00e9sidente de la prochaine session du Comit\u00e9 intergouvernemental de sauvegarde du patrimoine culturel immat\u00e9riel - La Sentinelle","robots":{"index":"index","follow":"follow","max-snippet":"max-snippet:-1","max-image-preview":"max-image-preview:large","max-video-preview":"max-video-preview:-1"},"canonical":"https:\/\/lasentinelle.dz\/index.php\/2025\/12\/13\/lalgerie-elue-vice-presidente-de-la-prochaine-session-du-comite-intergouvernemental-de-sauvegarde-du-patrimoine-culturel-immateriel\/","og_locale":"fr_FR","og_type":"article","og_title":"L&rsquo;Alg\u00e9rie \u00e9lue vice-pr\u00e9sidente de la prochaine session du Comit\u00e9 intergouvernemental de sauvegarde du patrimoine culturel immat\u00e9riel - La Sentinelle","og_description":"L&rsquo;Alg\u00e9rie a \u00e9t\u00e9 \u00e9lue vice-pr\u00e9sidente pour la 21e session du Comit\u00e9 intergouvernemental de sauvegarde du patrimoine culturel immat\u00e9riel de l&rsquo;UNESCO","og_url":"https:\/\/lasentinelle.dz\/index.php\/2025\/12\/13\/lalgerie-elue-vice-presidente-de-la-prochaine-session-du-comite-intergouvernemental-de-sauvegarde-du-patrimoine-culturel-immateriel\/","og_site_name":"La Sentinelle","article_publisher":"https:\/\/www.facebook.com\/La-Sentinelle-104059864394773","article_published_time":"2025-12-13T18:17:11+00:00","article_modified_time":"2025-12-13T18:17:12+00:00","og_image":[{"width":2048,"height":1365,"url":"https:\/\/lasentinelle.dz\/wp-content\/uploads\/2024\/01\/unesco_1.jpeg","type":"image\/jpeg"}],"author":"admin","twitter_card":"summary_large_image","twitter_misc":{"\u00c9crit par":"admin","Dur\u00e9e de lecture estim\u00e9e":"2 minutes"},"schema":{"@context":"https:\/\/schema.org","@graph":[{"@type":"Article","@id":"https:\/\/lasentinelle.dz\/index.php\/2025\/12\/13\/lalgerie-elue-vice-presidente-de-la-prochaine-session-du-comite-intergouvernemental-de-sauvegarde-du-patrimoine-culturel-immateriel\/#article","isPartOf":{"@id":"https:\/\/lasentinelle.dz\/index.php\/2025\/12\/13\/lalgerie-elue-vice-presidente-de-la-prochaine-session-du-comite-intergouvernemental-de-sauvegarde-du-patrimoine-culturel-immateriel\/"},"author":{"name":"admin","@id":"https:\/\/lasentinelle.dz\/#\/schema\/person\/729ee0024f24e0b8c5ec17232f8e8b41"},"headline":"L&rsquo;Alg\u00e9rie \u00e9lue vice-pr\u00e9sidente de la prochaine session du Comit\u00e9 intergouvernemental de sauvegarde du patrimoine culturel immat\u00e9riel","datePublished":"2025-12-13T18:17:11+00:00","dateModified":"2025-12-13T18:17:12+00:00","mainEntityOfPage":{"@id":"https:\/\/lasentinelle.dz\/index.php\/2025\/12\/13\/lalgerie-elue-vice-presidente-de-la-prochaine-session-du-comite-intergouvernemental-de-sauvegarde-du-patrimoine-culturel-immateriel\/"},"wordCount":270,"commentCount":0,"publisher":{"@id":"https:\/\/lasentinelle.dz\/#organization"},"image":{"@id":"https:\/\/lasentinelle.dz\/index.php\/2025\/12\/13\/lalgerie-elue-vice-presidente-de-la-prochaine-session-du-comite-intergouvernemental-de-sauvegarde-du-patrimoine-culturel-immateriel\/#primaryimage"},"thumbnailUrl":"https:\/\/lasentinelle.dz\/wp-content\/uploads\/2024\/01\/unesco_1.jpeg","articleSection":["Culture"],"inLanguage":"fr-FR","potentialAction":[{"@type":"CommentAction","name":"Comment","target":["https:\/\/lasentinelle.dz\/index.php\/2025\/12\/13\/lalgerie-elue-vice-presidente-de-la-prochaine-session-du-comite-intergouvernemental-de-sauvegarde-du-patrimoine-culturel-immateriel\/#respond"]}]},{"@type":"WebPage","@id":"https:\/\/lasentinelle.dz\/index.php\/2025\/12\/13\/lalgerie-elue-vice-presidente-de-la-prochaine-session-du-comite-intergouvernemental-de-sauvegarde-du-patrimoine-culturel-immateriel\/","url":"https:\/\/lasentinelle.dz\/index.php\/2025\/12\/13\/lalgerie-elue-vice-presidente-de-la-prochaine-session-du-comite-intergouvernemental-de-sauvegarde-du-patrimoine-culturel-immateriel\/","name":"L&rsquo;Alg\u00e9rie \u00e9lue vice-pr\u00e9sidente de la prochaine session du Comit\u00e9 intergouvernemental de sauvegarde du patrimoine culturel immat\u00e9riel - La Sentinelle","isPartOf":{"@id":"https:\/\/lasentinelle.dz\/#website"},"primaryImageOfPage":{"@id":"https:\/\/lasentinelle.dz\/index.php\/2025\/12\/13\/lalgerie-elue-vice-presidente-de-la-prochaine-session-du-comite-intergouvernemental-de-sauvegarde-du-patrimoine-culturel-immateriel\/#primaryimage"},"image":{"@id":"https:\/\/lasentinelle.dz\/index.php\/2025\/12\/13\/lalgerie-elue-vice-presidente-de-la-prochaine-session-du-comite-intergouvernemental-de-sauvegarde-du-patrimoine-culturel-immateriel\/#primaryimage"},"thumbnailUrl":"https:\/\/lasentinelle.dz\/wp-content\/uploads\/2024\/01\/unesco_1.jpeg","datePublished":"2025-12-13T18:17:11+00:00","dateModified":"2025-12-13T18:17:12+00:00","breadcrumb":{"@id":"https:\/\/lasentinelle.dz\/index.php\/2025\/12\/13\/lalgerie-elue-vice-presidente-de-la-prochaine-session-du-comite-intergouvernemental-de-sauvegarde-du-patrimoine-culturel-immateriel\/#breadcrumb"},"inLanguage":"fr-FR","potentialAction":[{"@type":"ReadAction","target":["https:\/\/lasentinelle.dz\/index.php\/2025\/12\/13\/lalgerie-elue-vice-presidente-de-la-prochaine-session-du-comite-intergouvernemental-de-sauvegarde-du-patrimoine-culturel-immateriel\/"]}]},{"@type":"ImageObject","inLanguage":"fr-FR","@id":"https:\/\/lasentinelle.dz\/index.php\/2025\/12\/13\/lalgerie-elue-vice-presidente-de-la-prochaine-session-du-comite-intergouvernemental-de-sauvegarde-du-patrimoine-culturel-immateriel\/#primaryimage","url":"https:\/\/lasentinelle.dz\/wp-content\/uploads\/2024\/01\/unesco_1.jpeg","contentUrl":"https:\/\/lasentinelle.dz\/wp-content\/uploads\/2024\/01\/unesco_1.jpeg","width":2048,"height":1365},{"@type":"BreadcrumbList","@id":"https:\/\/lasentinelle.dz\/index.php\/2025\/12\/13\/lalgerie-elue-vice-presidente-de-la-prochaine-session-du-comite-intergouvernemental-de-sauvegarde-du-patrimoine-culturel-immateriel\/#breadcrumb","itemListElement":[{"@type":"ListItem","position":1,"name":"Accueil","item":"https:\/\/lasentinelle.dz\/"},{"@type":"ListItem","position":2,"name":"L&rsquo;Alg\u00e9rie \u00e9lue vice-pr\u00e9sidente de la prochaine session du Comit\u00e9 intergouvernemental de sauvegarde du patrimoine culturel immat\u00e9riel"}]},{"@type":"WebSite","@id":"https:\/\/lasentinelle.dz\/#website","url":"https:\/\/lasentinelle.dz\/","name":"La Sentinelle","description":"Quotidien national d&#039;information","publisher":{"@id":"https:\/\/lasentinelle.dz\/#organization"},"potentialAction":[{"@type":"SearchAction","target":{"@type":"EntryPoint","urlTemplate":"https:\/\/lasentinelle.dz\/?s={search_term_string}"},"query-input":{"@type":"PropertyValueSpecification","valueRequired":true,"valueName":"search_term_string"}}],"inLanguage":"fr-FR"},{"@type":"Organization","@id":"https:\/\/lasentinelle.dz\/#organization","name":"Quotidien La Sentinelle","url":"https:\/\/lasentinelle.dz\/","logo":{"@type":"ImageObject","inLanguage":"fr-FR","@id":"https:\/\/lasentinelle.dz\/#\/schema\/logo\/image\/","url":"https:\/\/lasentinelle.dz\/wp-content\/uploads\/2021\/09\/logo-sentinelleSLOGAN-1.png","contentUrl":"https:\/\/lasentinelle.dz\/wp-content\/uploads\/2021\/09\/logo-sentinelleSLOGAN-1.png","width":615,"height":142,"caption":"Quotidien La Sentinelle"},"image":{"@id":"https:\/\/lasentinelle.dz\/#\/schema\/logo\/image\/"},"sameAs":["https:\/\/www.facebook.com\/La-Sentinelle-104059864394773"]},{"@type":"Person","@id":"https:\/\/lasentinelle.dz\/#\/schema\/person\/729ee0024f24e0b8c5ec17232f8e8b41","name":"admin","image":{"@type":"ImageObject","inLanguage":"fr-FR","@id":"https:\/\/secure.gravatar.com\/avatar\/4c81fed838786e9b53f540bf46533e750f5d292099ae3b66cfc6fb1982e29df7?s=96&d=mm&r=g","url":"https:\/\/secure.gravatar.com\/avatar\/4c81fed838786e9b53f540bf46533e750f5d292099ae3b66cfc6fb1982e29df7?s=96&d=mm&r=g","contentUrl":"https:\/\/secure.gravatar.com\/avatar\/4c81fed838786e9b53f540bf46533e750f5d292099ae3b66cfc6fb1982e29df7?s=96&d=mm&r=g","caption":"admin"},"description":"admin","url":"https:\/\/lasentinelle.dz\/author\/admin\/"}]}},"_links":{"self":[{"href":"https:\/\/lasentinelle.dz\/index.php\/wp-json\/wp\/v2\/posts\/77682","targetHints":{"allow":["GET"]}}],"collection":[{"href":"https:\/\/lasentinelle.dz\/index.php\/wp-json\/wp\/v2\/posts"}],"about":[{"href":"https:\/\/lasentinelle.dz\/index.php\/wp-json\/wp\/v2\/types\/post"}],"author":[{"embeddable":true,"href":"https:\/\/lasentinelle.dz\/index.php\/wp-json\/wp\/v2\/users\/6"}],"replies":[{"embeddable":true,"href":"https:\/\/lasentinelle.dz\/index.php\/wp-json\/wp\/v2\/comments?post=77682"}],"version-history":[{"count":2,"href":"https:\/\/lasentinelle.dz\/index.php\/wp-json\/wp\/v2\/posts\/77682\/revisions"}],"predecessor-version":[{"id":77684,"href":"https:\/\/lasentinelle.dz\/index.php\/wp-json\/wp\/v2\/posts\/77682\/revisions\/77684"}],"wp:featuredmedia":[{"embeddable":true,"href":"https:\/\/lasentinelle.dz\/index.php\/wp-json\/wp\/v2\/media\/48628"}],"wp:attachment":[{"href":"https:\/\/lasentinelle.dz\/index.php\/wp-json\/wp\/v2\/media?parent=77682"}],"wp:term":[{"taxonomy":"category","embeddable":true,"href":"https:\/\/lasentinelle.dz\/index.php\/wp-json\/wp\/v2\/categories?post=77682"},{"taxonomy":"post_tag","embeddable":true,"href":"https:\/\/lasentinelle.dz\/index.php\/wp-json\/wp\/v2\/tags?post=77682"}],"curies":[{"name":"wp","href":"https:\/\/api.w.org\/{rel}","templated":true}]}}