{"id":77685,"date":"2025-12-13T19:17:59","date_gmt":"2025-12-13T18:17:59","guid":{"rendered":"https:\/\/lasentinelle.dz\/?p=77685"},"modified":"2025-12-13T19:18:00","modified_gmt":"2025-12-13T18:18:00","slug":"lunesco-consacre-la-primaute-algerienne-sur-le-caftan-une-victoire-diplomatique-majeure","status":"publish","type":"post","link":"https:\/\/lasentinelle.dz\/index.php\/2025\/12\/13\/lunesco-consacre-la-primaute-algerienne-sur-le-caftan-une-victoire-diplomatique-majeure\/","title":{"rendered":"L&rsquo;UNESCO consacre la primaut\u00e9 alg\u00e9rienne sur le Caftan\u00a0: Une victoire diplomatique\u00a0majeure"},"content":{"rendered":"\n<p>La 20e session du Comit\u00e9 intergouvernemental de sauvegarde du patrimoine culturel immat\u00e9riel de l&rsquo;UNESCO, r\u00e9unie jeudi \u00e0 New Delhi, a confirm\u00e9 de mani\u00e8re claire et sans \u00e9quivoque la primaut\u00e9 de l&rsquo;inscription du Caftan par l&rsquo;Alg\u00e9rie, consolidant ainsi la position du pays face aux&nbsp;tentatives d\u2019appropriation, notamment marocaines, sur cet \u00e9l\u00e9ment embl\u00e9matique&nbsp;de l\u2019identit\u00e9 nationale.<\/p>\n\n\n\n<p>Depuis plusieurs ann\u00e9es, l&rsquo;Alg\u00e9rie d\u00e9nonce les tentatives du Maroc de revendiquer des \u00e9l\u00e9ments patrimoniaux partag\u00e9s ou historiquement alg\u00e9riens. Le dossier du Caftan cristallise ces rivalit\u00e9s culturelles qui d\u00e9passent largement le cadre vestimentaire pour toucher \u00e0 l&rsquo;identit\u00e9 nationale et \u00e0 la reconnaissance internationale. La victoire alg\u00e9rienne \u00e0 New Delhi constitue donc un pr\u00e9c\u00e9dent majeur dans cette bataille pour la pr\u00e9servation de l&rsquo;authenticit\u00e9 patrimoniale.&nbsp;Le Comit\u00e9 intergouvernemental a proc\u00e9d\u00e9 \u00e0 une double modification des inscriptions alg\u00e9riennes existantes. D&rsquo;une part, l&rsquo;\u00e9l\u00e9ment inscrit en 2024 a vu son intitul\u00e9 \u00e9tendu pour devenir \u00ab\u00a0Le costume f\u00e9minin de c\u00e9r\u00e9monies dans le Grand Est alg\u00e9rien: savoirs et savoir-faire associ\u00e9s \u00e0 la confection et \u00e0 la parure de la Gandoura, la Melehfa, le Caftan, le Quat et le Lhaf\u00a0\u00bb. D&rsquo;autre part, le dossier relatif aux \u00ab\u00a0rites et les savoir-faire artisanaux associ\u00e9s \u00e0 la tradition du costume nuptial de Tlemcen\u00a0\u00bb, inscrit depuis 2012, int\u00e8gre d\u00e9sormais explicitement \u00ab\u00a0le Port du Caftan\u00a0\u00bb dans sa section B3, conform\u00e9ment au formulaire ICH-02.<\/p>\n\n\n\n<p>Selon le communiqu\u00e9 du minist\u00e8re des Affaires \u00e9trang\u00e8res, de la Communaut\u00e9 nationale \u00e0 l&rsquo;\u00e9tranger et des Affaires africaines, ces d\u00e9cisions constituent \u00ab\u00a0un nouveau succ\u00e8s diplomatique majeur pour l&rsquo;Alg\u00e9rie, tant sur la sc\u00e8ne culturelle internationale que dans le cadre de la diplomatie multilat\u00e9rale\u00a0\u00bb. Le texte souligne que cette reconnaissance \u00ab\u00a0r\u00e9affirme avec force la primaut\u00e9 historique et culturelle de l&rsquo;inscription du Caftan par l&rsquo;Alg\u00e9rie sur la Liste repr\u00e9sentative du patrimoine culturel immat\u00e9riel de l&rsquo;humanit\u00e9 et renforce la reconnaissance internationale de ce patrimoine immat\u00e9riel d&rsquo;une valeur exceptionnelle\u00a0\u00bb.<\/p>\n\n\n\n<p>Le minist\u00e8re y voit \u00e9galement \u00ab\u00a0une reconnaissance explicite et m\u00e9rit\u00e9e des efforts soutenus et constants de l&rsquo;\u00c9tat visant \u00e0 valoriser, pr\u00e9server et faire conna\u00eetre le riche patrimoine culturel de l&rsquo;Alg\u00e9rie, h\u00e9ritage de plusieurs si\u00e8cles d&rsquo;histoire refl\u00e9tant la profondeur et l&rsquo;authenticit\u00e9 de notre nation\u00a0\u00bb. Cette formulation met en lumi\u00e8re la strat\u00e9gie alg\u00e9rienne de documentation minutieuse et de d\u00e9fense active de son patrimoine face aux revendications infond\u00e9es.<\/p>\n\n\n\n<p>Au-del\u00e0 de sa dimension vestimentaire, le Caftan repr\u00e9sente un condens\u00e9 de savoir-faire transmis de g\u00e9n\u00e9ration en g\u00e9n\u00e9ration, associant broderie, couture et symboliques r\u00e9gionales. Son inscription refl\u00e8te la diversit\u00e9 des traditions alg\u00e9riennes, du Grand Est aux traditions tlemc\u00e9niennes, t\u00e9moignant d&rsquo;un artisanat vivant ancr\u00e9 dans les c\u00e9r\u00e9monies familiales et sociales. La reconnaissance de l&rsquo;UNESCO valide cette approche globale qui lie le v\u00eatement \u00e0 son contexte culturel et \u00e0 ses pratiques associ\u00e9es.<\/p>\n\n\n\n<p>Le communiqu\u00e9 officiel conclut en affirmant que cette reconnaissance \u00ab\u00a0incarne \u00e9galement la pertinence de l&rsquo;approche adopt\u00e9e dans la mise en \u0153uvre des instructions des hautes autorit\u00e9s du pays, visant \u00e0 promouvoir notre patrimoine culturel dans toutes ses composantes et formes, tout en le prot\u00e9geant de toute tentative d&rsquo;imitation, d&rsquo;appropriation et de falsification\u00a0\u00bb. Cette formulation sans ambigu\u00eft\u00e9 vise clairement les pratiques d&rsquo;appropriation culturelle.<\/p>\n\n\n\n<p>Mohand Seghir<\/p>\n","protected":false},"excerpt":{"rendered":"<p>La 20e session du Comit\u00e9 intergouvernemental de sauvegarde du patrimoine culturel immat\u00e9riel de l&rsquo;UNESCO, r\u00e9unie jeudi \u00e0 New Delhi, a<\/p>\n","protected":false},"author":6,"featured_media":72553,"comment_status":"open","ping_status":"closed","sticky":false,"template":"","format":"standard","meta":{"colormag_page_container_layout":"default_layout","colormag_page_sidebar_layout":"default_layout","om_disable_all_campaigns":false,"_monsterinsights_skip_tracking":false,"_monsterinsights_sitenote_active":false,"_monsterinsights_sitenote_note":"","_monsterinsights_sitenote_category":0,"footnotes":"","_wpscppro_dont_share_socialmedia":false,"_wpscppro_custom_social_share_image":0,"_facebook_share_type":"default","_twitter_share_type":"default","_linkedin_share_type":"default","_pinterest_share_type":"default","_linkedin_share_type_page":"","_instagram_share_type":"default","_medium_share_type":"default","_threads_share_type":"default","_google_business_share_type":"default","_selected_social_profile":[],"_wpsp_enable_custom_social_template":false,"_wpsp_social_scheduling":{"enabled":false,"datetime":null,"platforms":[],"status":"template_only","dateOption":"today","timeOption":"now","customDays":"","customHours":"","customDate":"","customTime":"","schedulingType":"absolute"},"_wpsp_active_default_template":true},"categories":[36],"tags":[],"class_list":["post-77685","post","type-post","status-publish","format-standard","has-post-thumbnail","hentry","category-culture"],"aioseo_notices":[],"yoast_head":"<!-- This site is optimized with the Yoast SEO plugin v27.5 - https:\/\/yoast.com\/product\/yoast-seo-wordpress\/ -->\n<title>L&rsquo;UNESCO consacre la primaut\u00e9 alg\u00e9rienne sur le Caftan\u00a0: Une victoire diplomatique\u00a0majeure - La Sentinelle<\/title>\n<meta name=\"robots\" content=\"index, follow, max-snippet:-1, max-image-preview:large, max-video-preview:-1\" \/>\n<link rel=\"canonical\" href=\"https:\/\/lasentinelle.dz\/index.php\/2025\/12\/13\/lunesco-consacre-la-primaute-algerienne-sur-le-caftan-une-victoire-diplomatique-majeure\/\" \/>\n<meta property=\"og:locale\" content=\"fr_FR\" \/>\n<meta property=\"og:type\" content=\"article\" \/>\n<meta property=\"og:title\" content=\"L&rsquo;UNESCO consacre la primaut\u00e9 alg\u00e9rienne sur le Caftan\u00a0: Une victoire diplomatique\u00a0majeure - La Sentinelle\" \/>\n<meta property=\"og:description\" content=\"La 20e session du Comit\u00e9 intergouvernemental de sauvegarde du patrimoine culturel immat\u00e9riel de l&rsquo;UNESCO, r\u00e9unie jeudi \u00e0 New Delhi, a\" \/>\n<meta property=\"og:url\" content=\"https:\/\/lasentinelle.dz\/index.php\/2025\/12\/13\/lunesco-consacre-la-primaute-algerienne-sur-le-caftan-une-victoire-diplomatique-majeure\/\" \/>\n<meta property=\"og:site_name\" content=\"La Sentinelle\" \/>\n<meta property=\"article:publisher\" content=\"https:\/\/www.facebook.com\/La-Sentinelle-104059864394773\" \/>\n<meta property=\"article:published_time\" content=\"2025-12-13T18:17:59+00:00\" \/>\n<meta property=\"article:modified_time\" content=\"2025-12-13T18:18:00+00:00\" \/>\n<meta property=\"og:image\" content=\"https:\/\/lasentinelle.dz\/wp-content\/uploads\/2025\/08\/caftan.jpg\" \/>\n\t<meta property=\"og:image:width\" content=\"580\" \/>\n\t<meta property=\"og:image:height\" content=\"350\" \/>\n\t<meta property=\"og:image:type\" content=\"image\/jpeg\" \/>\n<meta name=\"author\" content=\"admin\" \/>\n<meta name=\"twitter:card\" content=\"summary_large_image\" \/>\n<meta name=\"twitter:label1\" content=\"\u00c9crit par\" \/>\n\t<meta name=\"twitter:data1\" content=\"admin\" \/>\n\t<meta name=\"twitter:label2\" content=\"Dur\u00e9e de lecture estim\u00e9e\" \/>\n\t<meta name=\"twitter:data2\" content=\"3 minutes\" \/>\n<script type=\"application\/ld+json\" class=\"yoast-schema-graph\">{\"@context\":\"https:\\\/\\\/schema.org\",\"@graph\":[{\"@type\":\"Article\",\"@id\":\"https:\\\/\\\/lasentinelle.dz\\\/index.php\\\/2025\\\/12\\\/13\\\/lunesco-consacre-la-primaute-algerienne-sur-le-caftan-une-victoire-diplomatique-majeure\\\/#article\",\"isPartOf\":{\"@id\":\"https:\\\/\\\/lasentinelle.dz\\\/index.php\\\/2025\\\/12\\\/13\\\/lunesco-consacre-la-primaute-algerienne-sur-le-caftan-une-victoire-diplomatique-majeure\\\/\"},\"author\":{\"name\":\"admin\",\"@id\":\"https:\\\/\\\/lasentinelle.dz\\\/#\\\/schema\\\/person\\\/729ee0024f24e0b8c5ec17232f8e8b41\"},\"headline\":\"L&rsquo;UNESCO consacre la primaut\u00e9 alg\u00e9rienne sur le Caftan\u00a0: Une victoire diplomatique\u00a0majeure\",\"datePublished\":\"2025-12-13T18:17:59+00:00\",\"dateModified\":\"2025-12-13T18:18:00+00:00\",\"mainEntityOfPage\":{\"@id\":\"https:\\\/\\\/lasentinelle.dz\\\/index.php\\\/2025\\\/12\\\/13\\\/lunesco-consacre-la-primaute-algerienne-sur-le-caftan-une-victoire-diplomatique-majeure\\\/\"},\"wordCount\":599,\"commentCount\":0,\"publisher\":{\"@id\":\"https:\\\/\\\/lasentinelle.dz\\\/#organization\"},\"image\":{\"@id\":\"https:\\\/\\\/lasentinelle.dz\\\/index.php\\\/2025\\\/12\\\/13\\\/lunesco-consacre-la-primaute-algerienne-sur-le-caftan-une-victoire-diplomatique-majeure\\\/#primaryimage\"},\"thumbnailUrl\":\"https:\\\/\\\/lasentinelle.dz\\\/wp-content\\\/uploads\\\/2025\\\/08\\\/caftan.jpg\",\"articleSection\":[\"Culture\"],\"inLanguage\":\"fr-FR\",\"potentialAction\":[{\"@type\":\"CommentAction\",\"name\":\"Comment\",\"target\":[\"https:\\\/\\\/lasentinelle.dz\\\/index.php\\\/2025\\\/12\\\/13\\\/lunesco-consacre-la-primaute-algerienne-sur-le-caftan-une-victoire-diplomatique-majeure\\\/#respond\"]}]},{\"@type\":\"WebPage\",\"@id\":\"https:\\\/\\\/lasentinelle.dz\\\/index.php\\\/2025\\\/12\\\/13\\\/lunesco-consacre-la-primaute-algerienne-sur-le-caftan-une-victoire-diplomatique-majeure\\\/\",\"url\":\"https:\\\/\\\/lasentinelle.dz\\\/index.php\\\/2025\\\/12\\\/13\\\/lunesco-consacre-la-primaute-algerienne-sur-le-caftan-une-victoire-diplomatique-majeure\\\/\",\"name\":\"L&rsquo;UNESCO consacre la primaut\u00e9 alg\u00e9rienne sur le Caftan\u00a0: Une victoire diplomatique\u00a0majeure - La Sentinelle\",\"isPartOf\":{\"@id\":\"https:\\\/\\\/lasentinelle.dz\\\/#website\"},\"primaryImageOfPage\":{\"@id\":\"https:\\\/\\\/lasentinelle.dz\\\/index.php\\\/2025\\\/12\\\/13\\\/lunesco-consacre-la-primaute-algerienne-sur-le-caftan-une-victoire-diplomatique-majeure\\\/#primaryimage\"},\"image\":{\"@id\":\"https:\\\/\\\/lasentinelle.dz\\\/index.php\\\/2025\\\/12\\\/13\\\/lunesco-consacre-la-primaute-algerienne-sur-le-caftan-une-victoire-diplomatique-majeure\\\/#primaryimage\"},\"thumbnailUrl\":\"https:\\\/\\\/lasentinelle.dz\\\/wp-content\\\/uploads\\\/2025\\\/08\\\/caftan.jpg\",\"datePublished\":\"2025-12-13T18:17:59+00:00\",\"dateModified\":\"2025-12-13T18:18:00+00:00\",\"breadcrumb\":{\"@id\":\"https:\\\/\\\/lasentinelle.dz\\\/index.php\\\/2025\\\/12\\\/13\\\/lunesco-consacre-la-primaute-algerienne-sur-le-caftan-une-victoire-diplomatique-majeure\\\/#breadcrumb\"},\"inLanguage\":\"fr-FR\",\"potentialAction\":[{\"@type\":\"ReadAction\",\"target\":[\"https:\\\/\\\/lasentinelle.dz\\\/index.php\\\/2025\\\/12\\\/13\\\/lunesco-consacre-la-primaute-algerienne-sur-le-caftan-une-victoire-diplomatique-majeure\\\/\"]}]},{\"@type\":\"ImageObject\",\"inLanguage\":\"fr-FR\",\"@id\":\"https:\\\/\\\/lasentinelle.dz\\\/index.php\\\/2025\\\/12\\\/13\\\/lunesco-consacre-la-primaute-algerienne-sur-le-caftan-une-victoire-diplomatique-majeure\\\/#primaryimage\",\"url\":\"https:\\\/\\\/lasentinelle.dz\\\/wp-content\\\/uploads\\\/2025\\\/08\\\/caftan.jpg\",\"contentUrl\":\"https:\\\/\\\/lasentinelle.dz\\\/wp-content\\\/uploads\\\/2025\\\/08\\\/caftan.jpg\",\"width\":580,\"height\":350},{\"@type\":\"BreadcrumbList\",\"@id\":\"https:\\\/\\\/lasentinelle.dz\\\/index.php\\\/2025\\\/12\\\/13\\\/lunesco-consacre-la-primaute-algerienne-sur-le-caftan-une-victoire-diplomatique-majeure\\\/#breadcrumb\",\"itemListElement\":[{\"@type\":\"ListItem\",\"position\":1,\"name\":\"Accueil\",\"item\":\"https:\\\/\\\/lasentinelle.dz\\\/\"},{\"@type\":\"ListItem\",\"position\":2,\"name\":\"L&rsquo;UNESCO consacre la primaut\u00e9 alg\u00e9rienne sur le Caftan\u00a0: Une victoire diplomatique\u00a0majeure\"}]},{\"@type\":\"WebSite\",\"@id\":\"https:\\\/\\\/lasentinelle.dz\\\/#website\",\"url\":\"https:\\\/\\\/lasentinelle.dz\\\/\",\"name\":\"La Sentinelle\",\"description\":\"Quotidien national d&#039;information\",\"publisher\":{\"@id\":\"https:\\\/\\\/lasentinelle.dz\\\/#organization\"},\"potentialAction\":[{\"@type\":\"SearchAction\",\"target\":{\"@type\":\"EntryPoint\",\"urlTemplate\":\"https:\\\/\\\/lasentinelle.dz\\\/?s={search_term_string}\"},\"query-input\":{\"@type\":\"PropertyValueSpecification\",\"valueRequired\":true,\"valueName\":\"search_term_string\"}}],\"inLanguage\":\"fr-FR\"},{\"@type\":\"Organization\",\"@id\":\"https:\\\/\\\/lasentinelle.dz\\\/#organization\",\"name\":\"Quotidien La Sentinelle\",\"url\":\"https:\\\/\\\/lasentinelle.dz\\\/\",\"logo\":{\"@type\":\"ImageObject\",\"inLanguage\":\"fr-FR\",\"@id\":\"https:\\\/\\\/lasentinelle.dz\\\/#\\\/schema\\\/logo\\\/image\\\/\",\"url\":\"https:\\\/\\\/lasentinelle.dz\\\/wp-content\\\/uploads\\\/2021\\\/09\\\/logo-sentinelleSLOGAN-1.png\",\"contentUrl\":\"https:\\\/\\\/lasentinelle.dz\\\/wp-content\\\/uploads\\\/2021\\\/09\\\/logo-sentinelleSLOGAN-1.png\",\"width\":615,\"height\":142,\"caption\":\"Quotidien La Sentinelle\"},\"image\":{\"@id\":\"https:\\\/\\\/lasentinelle.dz\\\/#\\\/schema\\\/logo\\\/image\\\/\"},\"sameAs\":[\"https:\\\/\\\/www.facebook.com\\\/La-Sentinelle-104059864394773\"]},{\"@type\":\"Person\",\"@id\":\"https:\\\/\\\/lasentinelle.dz\\\/#\\\/schema\\\/person\\\/729ee0024f24e0b8c5ec17232f8e8b41\",\"name\":\"admin\",\"image\":{\"@type\":\"ImageObject\",\"inLanguage\":\"fr-FR\",\"@id\":\"https:\\\/\\\/secure.gravatar.com\\\/avatar\\\/4c81fed838786e9b53f540bf46533e750f5d292099ae3b66cfc6fb1982e29df7?s=96&d=mm&r=g\",\"url\":\"https:\\\/\\\/secure.gravatar.com\\\/avatar\\\/4c81fed838786e9b53f540bf46533e750f5d292099ae3b66cfc6fb1982e29df7?s=96&d=mm&r=g\",\"contentUrl\":\"https:\\\/\\\/secure.gravatar.com\\\/avatar\\\/4c81fed838786e9b53f540bf46533e750f5d292099ae3b66cfc6fb1982e29df7?s=96&d=mm&r=g\",\"caption\":\"admin\"},\"description\":\"admin\",\"url\":\"https:\\\/\\\/lasentinelle.dz\\\/author\\\/admin\\\/\"}]}<\/script>\n<!-- \/ Yoast SEO plugin. -->","yoast_head_json":{"title":"L&rsquo;UNESCO consacre la primaut\u00e9 alg\u00e9rienne sur le Caftan\u00a0: Une victoire diplomatique\u00a0majeure - La Sentinelle","robots":{"index":"index","follow":"follow","max-snippet":"max-snippet:-1","max-image-preview":"max-image-preview:large","max-video-preview":"max-video-preview:-1"},"canonical":"https:\/\/lasentinelle.dz\/index.php\/2025\/12\/13\/lunesco-consacre-la-primaute-algerienne-sur-le-caftan-une-victoire-diplomatique-majeure\/","og_locale":"fr_FR","og_type":"article","og_title":"L&rsquo;UNESCO consacre la primaut\u00e9 alg\u00e9rienne sur le Caftan\u00a0: Une victoire diplomatique\u00a0majeure - La Sentinelle","og_description":"La 20e session du Comit\u00e9 intergouvernemental de sauvegarde du patrimoine culturel immat\u00e9riel de l&rsquo;UNESCO, r\u00e9unie jeudi \u00e0 New Delhi, a","og_url":"https:\/\/lasentinelle.dz\/index.php\/2025\/12\/13\/lunesco-consacre-la-primaute-algerienne-sur-le-caftan-une-victoire-diplomatique-majeure\/","og_site_name":"La Sentinelle","article_publisher":"https:\/\/www.facebook.com\/La-Sentinelle-104059864394773","article_published_time":"2025-12-13T18:17:59+00:00","article_modified_time":"2025-12-13T18:18:00+00:00","og_image":[{"width":580,"height":350,"url":"https:\/\/lasentinelle.dz\/wp-content\/uploads\/2025\/08\/caftan.jpg","type":"image\/jpeg"}],"author":"admin","twitter_card":"summary_large_image","twitter_misc":{"\u00c9crit par":"admin","Dur\u00e9e de lecture estim\u00e9e":"3 minutes"},"schema":{"@context":"https:\/\/schema.org","@graph":[{"@type":"Article","@id":"https:\/\/lasentinelle.dz\/index.php\/2025\/12\/13\/lunesco-consacre-la-primaute-algerienne-sur-le-caftan-une-victoire-diplomatique-majeure\/#article","isPartOf":{"@id":"https:\/\/lasentinelle.dz\/index.php\/2025\/12\/13\/lunesco-consacre-la-primaute-algerienne-sur-le-caftan-une-victoire-diplomatique-majeure\/"},"author":{"name":"admin","@id":"https:\/\/lasentinelle.dz\/#\/schema\/person\/729ee0024f24e0b8c5ec17232f8e8b41"},"headline":"L&rsquo;UNESCO consacre la primaut\u00e9 alg\u00e9rienne sur le Caftan\u00a0: Une victoire diplomatique\u00a0majeure","datePublished":"2025-12-13T18:17:59+00:00","dateModified":"2025-12-13T18:18:00+00:00","mainEntityOfPage":{"@id":"https:\/\/lasentinelle.dz\/index.php\/2025\/12\/13\/lunesco-consacre-la-primaute-algerienne-sur-le-caftan-une-victoire-diplomatique-majeure\/"},"wordCount":599,"commentCount":0,"publisher":{"@id":"https:\/\/lasentinelle.dz\/#organization"},"image":{"@id":"https:\/\/lasentinelle.dz\/index.php\/2025\/12\/13\/lunesco-consacre-la-primaute-algerienne-sur-le-caftan-une-victoire-diplomatique-majeure\/#primaryimage"},"thumbnailUrl":"https:\/\/lasentinelle.dz\/wp-content\/uploads\/2025\/08\/caftan.jpg","articleSection":["Culture"],"inLanguage":"fr-FR","potentialAction":[{"@type":"CommentAction","name":"Comment","target":["https:\/\/lasentinelle.dz\/index.php\/2025\/12\/13\/lunesco-consacre-la-primaute-algerienne-sur-le-caftan-une-victoire-diplomatique-majeure\/#respond"]}]},{"@type":"WebPage","@id":"https:\/\/lasentinelle.dz\/index.php\/2025\/12\/13\/lunesco-consacre-la-primaute-algerienne-sur-le-caftan-une-victoire-diplomatique-majeure\/","url":"https:\/\/lasentinelle.dz\/index.php\/2025\/12\/13\/lunesco-consacre-la-primaute-algerienne-sur-le-caftan-une-victoire-diplomatique-majeure\/","name":"L&rsquo;UNESCO consacre la primaut\u00e9 alg\u00e9rienne sur le Caftan\u00a0: Une victoire diplomatique\u00a0majeure - La Sentinelle","isPartOf":{"@id":"https:\/\/lasentinelle.dz\/#website"},"primaryImageOfPage":{"@id":"https:\/\/lasentinelle.dz\/index.php\/2025\/12\/13\/lunesco-consacre-la-primaute-algerienne-sur-le-caftan-une-victoire-diplomatique-majeure\/#primaryimage"},"image":{"@id":"https:\/\/lasentinelle.dz\/index.php\/2025\/12\/13\/lunesco-consacre-la-primaute-algerienne-sur-le-caftan-une-victoire-diplomatique-majeure\/#primaryimage"},"thumbnailUrl":"https:\/\/lasentinelle.dz\/wp-content\/uploads\/2025\/08\/caftan.jpg","datePublished":"2025-12-13T18:17:59+00:00","dateModified":"2025-12-13T18:18:00+00:00","breadcrumb":{"@id":"https:\/\/lasentinelle.dz\/index.php\/2025\/12\/13\/lunesco-consacre-la-primaute-algerienne-sur-le-caftan-une-victoire-diplomatique-majeure\/#breadcrumb"},"inLanguage":"fr-FR","potentialAction":[{"@type":"ReadAction","target":["https:\/\/lasentinelle.dz\/index.php\/2025\/12\/13\/lunesco-consacre-la-primaute-algerienne-sur-le-caftan-une-victoire-diplomatique-majeure\/"]}]},{"@type":"ImageObject","inLanguage":"fr-FR","@id":"https:\/\/lasentinelle.dz\/index.php\/2025\/12\/13\/lunesco-consacre-la-primaute-algerienne-sur-le-caftan-une-victoire-diplomatique-majeure\/#primaryimage","url":"https:\/\/lasentinelle.dz\/wp-content\/uploads\/2025\/08\/caftan.jpg","contentUrl":"https:\/\/lasentinelle.dz\/wp-content\/uploads\/2025\/08\/caftan.jpg","width":580,"height":350},{"@type":"BreadcrumbList","@id":"https:\/\/lasentinelle.dz\/index.php\/2025\/12\/13\/lunesco-consacre-la-primaute-algerienne-sur-le-caftan-une-victoire-diplomatique-majeure\/#breadcrumb","itemListElement":[{"@type":"ListItem","position":1,"name":"Accueil","item":"https:\/\/lasentinelle.dz\/"},{"@type":"ListItem","position":2,"name":"L&rsquo;UNESCO consacre la primaut\u00e9 alg\u00e9rienne sur le Caftan\u00a0: Une victoire diplomatique\u00a0majeure"}]},{"@type":"WebSite","@id":"https:\/\/lasentinelle.dz\/#website","url":"https:\/\/lasentinelle.dz\/","name":"La Sentinelle","description":"Quotidien national d&#039;information","publisher":{"@id":"https:\/\/lasentinelle.dz\/#organization"},"potentialAction":[{"@type":"SearchAction","target":{"@type":"EntryPoint","urlTemplate":"https:\/\/lasentinelle.dz\/?s={search_term_string}"},"query-input":{"@type":"PropertyValueSpecification","valueRequired":true,"valueName":"search_term_string"}}],"inLanguage":"fr-FR"},{"@type":"Organization","@id":"https:\/\/lasentinelle.dz\/#organization","name":"Quotidien La Sentinelle","url":"https:\/\/lasentinelle.dz\/","logo":{"@type":"ImageObject","inLanguage":"fr-FR","@id":"https:\/\/lasentinelle.dz\/#\/schema\/logo\/image\/","url":"https:\/\/lasentinelle.dz\/wp-content\/uploads\/2021\/09\/logo-sentinelleSLOGAN-1.png","contentUrl":"https:\/\/lasentinelle.dz\/wp-content\/uploads\/2021\/09\/logo-sentinelleSLOGAN-1.png","width":615,"height":142,"caption":"Quotidien La Sentinelle"},"image":{"@id":"https:\/\/lasentinelle.dz\/#\/schema\/logo\/image\/"},"sameAs":["https:\/\/www.facebook.com\/La-Sentinelle-104059864394773"]},{"@type":"Person","@id":"https:\/\/lasentinelle.dz\/#\/schema\/person\/729ee0024f24e0b8c5ec17232f8e8b41","name":"admin","image":{"@type":"ImageObject","inLanguage":"fr-FR","@id":"https:\/\/secure.gravatar.com\/avatar\/4c81fed838786e9b53f540bf46533e750f5d292099ae3b66cfc6fb1982e29df7?s=96&d=mm&r=g","url":"https:\/\/secure.gravatar.com\/avatar\/4c81fed838786e9b53f540bf46533e750f5d292099ae3b66cfc6fb1982e29df7?s=96&d=mm&r=g","contentUrl":"https:\/\/secure.gravatar.com\/avatar\/4c81fed838786e9b53f540bf46533e750f5d292099ae3b66cfc6fb1982e29df7?s=96&d=mm&r=g","caption":"admin"},"description":"admin","url":"https:\/\/lasentinelle.dz\/author\/admin\/"}]}},"_links":{"self":[{"href":"https:\/\/lasentinelle.dz\/index.php\/wp-json\/wp\/v2\/posts\/77685","targetHints":{"allow":["GET"]}}],"collection":[{"href":"https:\/\/lasentinelle.dz\/index.php\/wp-json\/wp\/v2\/posts"}],"about":[{"href":"https:\/\/lasentinelle.dz\/index.php\/wp-json\/wp\/v2\/types\/post"}],"author":[{"embeddable":true,"href":"https:\/\/lasentinelle.dz\/index.php\/wp-json\/wp\/v2\/users\/6"}],"replies":[{"embeddable":true,"href":"https:\/\/lasentinelle.dz\/index.php\/wp-json\/wp\/v2\/comments?post=77685"}],"version-history":[{"count":2,"href":"https:\/\/lasentinelle.dz\/index.php\/wp-json\/wp\/v2\/posts\/77685\/revisions"}],"predecessor-version":[{"id":77687,"href":"https:\/\/lasentinelle.dz\/index.php\/wp-json\/wp\/v2\/posts\/77685\/revisions\/77687"}],"wp:featuredmedia":[{"embeddable":true,"href":"https:\/\/lasentinelle.dz\/index.php\/wp-json\/wp\/v2\/media\/72553"}],"wp:attachment":[{"href":"https:\/\/lasentinelle.dz\/index.php\/wp-json\/wp\/v2\/media?parent=77685"}],"wp:term":[{"taxonomy":"category","embeddable":true,"href":"https:\/\/lasentinelle.dz\/index.php\/wp-json\/wp\/v2\/categories?post=77685"},{"taxonomy":"post_tag","embeddable":true,"href":"https:\/\/lasentinelle.dz\/index.php\/wp-json\/wp\/v2\/tags?post=77685"}],"curies":[{"name":"wp","href":"https:\/\/api.w.org\/{rel}","templated":true}]}}