{"id":77692,"date":"2025-12-13T19:19:43","date_gmt":"2025-12-13T18:19:43","guid":{"rendered":"https:\/\/lasentinelle.dz\/?p=77692"},"modified":"2025-12-13T19:19:44","modified_gmt":"2025-12-13T18:19:44","slug":"apres-lelimination-cruelle-des-fennecs-en-coupe-arabe-madjid-bougherra-demissionne","status":"publish","type":"post","link":"https:\/\/lasentinelle.dz\/index.php\/2025\/12\/13\/apres-lelimination-cruelle-des-fennecs-en-coupe-arabe-madjid-bougherra-demissionne\/","title":{"rendered":"Apr\u00e8s l&rsquo;\u00e9limination cruelle des Fennecs\u00a0en\u00a0Coupe arabe\u00a0:\u00a0Madjid Bougherra d\u00e9missionne\u00a0"},"content":{"rendered":"\n<p>Le s\u00e9lectionneur de l&rsquo;\u00e9quipe nationale A&rsquo; a annonc\u00e9 vendredi soir sa d\u00e9mission apr\u00e8s l&rsquo;\u00e9limination de l&rsquo;Alg\u00e9rie en quarts de finale de la Coupe arabe FIFA Qatar-2025. Les Fennecs, champions en titre, ont \u00e9t\u00e9 \u00e9limin\u00e9s aux tirs au but (7-6) par les \u00c9mirats arabes unis, apr\u00e8s un match nul (1-1) au terme des prolongations au stade Al-Bayt d&rsquo;Al-Khor.<\/p>\n\n\n\n<p>La d\u00e9sillusion est immense pour l&rsquo;Alg\u00e9rie. Vendredi soir, l&rsquo;\u00e9quipe nationale A&rsquo; a vu son parcours dans la Coupe arabe s&rsquo;achever de la mani\u00e8re la plus cruelle qui soit. Face aux \u00c9mirats arabes unis, les Fennecs ont domin\u00e9 les d\u00e9bats pendant de longues phases du match, contr\u00f4lant 57% de la possession et multipliant les occasions, sans parvenir \u00e0 faire la diff\u00e9rence. Apr\u00e8s un temps r\u00e9glementaire et une prolongation acharn\u00e9e sold\u00e9s par un score de parit\u00e9 (1-1), c&rsquo;est la loterie des tirs au but qui a d\u00e9sign\u00e9 les \u00c9mirats comme vainqueurs, le d\u00e9fenseur alg\u00e9rien Naoufel Khacef manquant le penalty d\u00e9cisif tandis que Richard Akonnor transformait le sien.&nbsp;Cette \u00e9limination met fin aux ambitions de l&rsquo;Alg\u00e9rie de d\u00e9fendre son titre conquis lors de la pr\u00e9c\u00e9dente \u00e9dition. Une sortie pr\u00e9matur\u00e9e qui a pouss\u00e9 Madjid Bougherra \u00e0 prendre une d\u00e9cision radicale : quitter ses fonctions de s\u00e9lectionneur des A&rsquo;. Dans l&rsquo;\u00e9motion de l&rsquo;apr\u00e8s-match, le technicien alg\u00e9rien n&rsquo;a pas cach\u00e9 sa d\u00e9ception. \u00ab\u00a0C&rsquo;est une grosse d\u00e9ception dans notre camp, car il y avait de la place pour une bien meilleure performance\u00a0\u00bb, a-t-il confi\u00e9. \u00ab\u00a0Au regard de la physionomie globale de la partie, nous \u00e9tions meilleurs que notre adversaire. Dans la s\u00e9rie des penalties, on n&rsquo;est jamais s\u00fbrs de rien. La qualification a choisi les Emiratis. C&rsquo;est celle-l\u00e0 la loi du football.\u00a0\u00bb<\/p>\n\n\n\n<p><strong>Un match \u00e0 sens unique qui bascule sur un d\u00e9tail<\/strong><\/p>\n\n\n\n<p>La rencontre avait pourtant bien commenc\u00e9 pour les co\u00e9quipiers du capitaine Yacine Brahimi. Dominateurs en premi\u00e8re p\u00e9riode, les Alg\u00e9riens ont but\u00e9 sur une d\u00e9fense \u00e9miratie bien organis\u00e9e qui misait sur les contres. L&rsquo;attaque des Verts s&rsquo;est heurt\u00e9e \u00e0 deux reprises au pi\u00e8ge du hors-jeu, frustrant les nombreux supporters alg\u00e9riens pr\u00e9sents dans l&rsquo;enceinte d&rsquo;Al-Khor. Mais d\u00e8s la reprise, l&rsquo;Alg\u00e9rie a trouv\u00e9 la faille. \u00c0 peine une minute apr\u00e8s le coup d&rsquo;envoi de la seconde p\u00e9riode, Adil Boulbina a ouvert le score en profitant d&rsquo;une balle mal d\u00e9gag\u00e9e par le gardien \u00e9mirati Al-Meqeba\u00e2li. Un troisi\u00e8me but dans le tournoi pour le joueur d&rsquo;Al-Duha\u00efl.L&rsquo;avantage alg\u00e9rien n&rsquo;aura dur\u00e9 qu&rsquo;une vingtaine de minutes. \u00c0 la 64e minute, Bruno a remis les deux \u00e9quipes \u00e0 \u00e9galit\u00e9, relan\u00e7ant totalement la partie. La prolongation n&rsquo;a pas permis de d\u00e9partager les deux formations, malgr\u00e9 une frappe puissante de Draoui dans les derniers instants (120e+1) repouss\u00e9e par le portier adverse. Place alors \u00e0 la s\u00e9ance de tirs au but, ce moment redout\u00e9 o\u00f9 le talent laisse place au destin.<\/p>\n\n\n\n<p>En conf\u00e9rence de presse, Bougherra est revenu sur cette issue fatale avec philosophie et lucidit\u00e9. \u00ab\u00a0Les penalties, c&rsquo;est la loterie. Il y avait le facteur fatigue. Quand on perd sur penalty, il y a toujours des choses \u00e0 dire. C&rsquo;est le Mektoub\u00a0\u00bb, a-t-il expliqu\u00e9, \u00e9voquant \u00e9galement les difficult\u00e9s physiques de son groupe. \u00ab\u00a0Nous avions beaucoup de joueurs bless\u00e9s et fatigu\u00e9s, mais c&rsquo;est le football. Nous aurions pu faire mieux.\u00a0\u00bb&nbsp;L&rsquo;ancien d\u00e9fenseur international a \u00e9galement tenu \u00e0 s&rsquo;excuser aupr\u00e8s des supporters venus en masse soutenir les Fennecs. \u00ab\u00a0Je suis tr\u00e8s d\u00e9\u00e7u pour nos supporters qui sont venus de loin. Nous voulions leur offrir du bonheur, mais c&rsquo;est le football. Je m&rsquo;excuse aupr\u00e8s du peuple, qui est venu nombreux. Quand on joue, notre seul objectif est de les rendre fiers.\u00a0\u00bb<\/p>\n\n\n\n<p>Lors d&rsquo;une intervention particuli\u00e8rement \u00e9motive, Bougherra a dress\u00e9 le bilan de son mandat \u00e0 la t\u00eate de l&rsquo;\u00e9quipe A&rsquo;. \u00ab\u00a0M\u00eame si mon objectif n&rsquo;\u00e9tait pas inscrit sur mon contrat, c&rsquo;\u00e9tait de d\u00e9fendre notre titre en Coupe Arabe. C&rsquo;\u00e9tait un honneur d&rsquo;\u00eatre entra\u00eeneur de l&rsquo;\u00e9quipe A&rsquo;. J&rsquo;ai v\u00e9cu des moments extraordinaires. Dans toutes les comp\u00e9titions officielles, nous avons perdu aucun match, sauf aux penalties. C&rsquo;est la fin d&rsquo;une \u00e8re.\u00a0\u00bb Le s\u00e9lectionneur a ajout\u00e9 : \u00ab\u00a0Je remercie le staff et les supporters pour cette exp\u00e9rience. L&rsquo;Alg\u00e9rie m&rsquo;a donn\u00e9 un nom et m&rsquo;a fait grandir en tant que joueur et entra\u00eeneur.\u00a0\u00bb&nbsp;Interrog\u00e9 sur son avenir et une \u00e9ventuelle collaboration avec Vladimir Petkovic, le s\u00e9lectionneur de l&rsquo;\u00e9quipe A, Bougherra a \u00e9t\u00e9 cat\u00e9gorique : \u00ab\u00a0Non, je suis entra\u00eeneur principal, je ne peux pas rejoindre le staff de Petkovic.\u00a0\u00bb Malgr\u00e9 la d\u00e9ception, il a tenu \u00e0 souligner un aspect positif de cette campagne : \u00ab\u00a0Il y a des choses positives dans cette comp\u00e9tition, on a trouv\u00e9 des joueurs d&rsquo;avenir.\u00a0\u00bb<\/p>\n\n\n\n<p>Moncef D.<\/p>\n","protected":false},"excerpt":{"rendered":"<p>Le s\u00e9lectionneur de l&rsquo;\u00e9quipe nationale A&rsquo; a annonc\u00e9 vendredi soir sa d\u00e9mission apr\u00e8s l&rsquo;\u00e9limination de l&rsquo;Alg\u00e9rie en quarts de finale<\/p>\n","protected":false},"author":6,"featured_media":72169,"comment_status":"open","ping_status":"closed","sticky":false,"template":"","format":"standard","meta":{"colormag_page_container_layout":"default_layout","colormag_page_sidebar_layout":"default_layout","om_disable_all_campaigns":false,"_monsterinsights_skip_tracking":false,"_monsterinsights_sitenote_active":false,"_monsterinsights_sitenote_note":"","_monsterinsights_sitenote_category":0,"footnotes":"","_wpscppro_dont_share_socialmedia":false,"_wpscppro_custom_social_share_image":0,"_facebook_share_type":"default","_twitter_share_type":"default","_linkedin_share_type":"default","_pinterest_share_type":"default","_linkedin_share_type_page":"","_instagram_share_type":"default","_medium_share_type":"default","_threads_share_type":"default","_google_business_share_type":"default","_selected_social_profile":[],"_wpsp_enable_custom_social_template":false,"_wpsp_social_scheduling":{"enabled":false,"datetime":null,"platforms":[],"status":"template_only","dateOption":"today","timeOption":"now","customDays":"","customHours":"","customDate":"","customTime":"","schedulingType":"absolute"},"_wpsp_active_default_template":true},"categories":[33],"tags":[],"class_list":["post-77692","post","type-post","status-publish","format-standard","has-post-thumbnail","hentry","category-sports"],"aioseo_notices":[],"yoast_head":"<!-- This site is optimized with the Yoast SEO plugin v27.5 - https:\/\/yoast.com\/product\/yoast-seo-wordpress\/ -->\n<title>Apr\u00e8s l&rsquo;\u00e9limination cruelle des Fennecs\u00a0en\u00a0Coupe arabe\u00a0:\u00a0Madjid Bougherra d\u00e9missionne\u00a0 - La Sentinelle<\/title>\n<meta name=\"robots\" content=\"index, follow, max-snippet:-1, max-image-preview:large, max-video-preview:-1\" \/>\n<link rel=\"canonical\" href=\"https:\/\/lasentinelle.dz\/index.php\/2025\/12\/13\/apres-lelimination-cruelle-des-fennecs-en-coupe-arabe-madjid-bougherra-demissionne\/\" \/>\n<meta property=\"og:locale\" content=\"fr_FR\" \/>\n<meta property=\"og:type\" content=\"article\" \/>\n<meta property=\"og:title\" content=\"Apr\u00e8s l&rsquo;\u00e9limination cruelle des Fennecs\u00a0en\u00a0Coupe arabe\u00a0:\u00a0Madjid Bougherra d\u00e9missionne\u00a0 - La Sentinelle\" \/>\n<meta property=\"og:description\" content=\"Le s\u00e9lectionneur de l&rsquo;\u00e9quipe nationale A&rsquo; a annonc\u00e9 vendredi soir sa d\u00e9mission apr\u00e8s l&rsquo;\u00e9limination de l&rsquo;Alg\u00e9rie en quarts de finale\" \/>\n<meta property=\"og:url\" content=\"https:\/\/lasentinelle.dz\/index.php\/2025\/12\/13\/apres-lelimination-cruelle-des-fennecs-en-coupe-arabe-madjid-bougherra-demissionne\/\" \/>\n<meta property=\"og:site_name\" content=\"La Sentinelle\" \/>\n<meta property=\"article:publisher\" content=\"https:\/\/www.facebook.com\/La-Sentinelle-104059864394773\" \/>\n<meta property=\"article:published_time\" content=\"2025-12-13T18:19:43+00:00\" \/>\n<meta property=\"article:modified_time\" content=\"2025-12-13T18:19:44+00:00\" \/>\n<meta property=\"og:image\" content=\"https:\/\/lasentinelle.dz\/wp-content\/uploads\/2025\/08\/bougherra.jpeg\" \/>\n\t<meta property=\"og:image:width\" content=\"1320\" \/>\n\t<meta property=\"og:image:height\" content=\"833\" \/>\n\t<meta property=\"og:image:type\" content=\"image\/jpeg\" \/>\n<meta name=\"author\" content=\"admin\" \/>\n<meta name=\"twitter:card\" content=\"summary_large_image\" \/>\n<meta name=\"twitter:label1\" content=\"\u00c9crit par\" \/>\n\t<meta name=\"twitter:data1\" content=\"admin\" \/>\n\t<meta name=\"twitter:label2\" content=\"Dur\u00e9e de lecture estim\u00e9e\" \/>\n\t<meta name=\"twitter:data2\" content=\"4 minutes\" \/>\n<script type=\"application\/ld+json\" class=\"yoast-schema-graph\">{\"@context\":\"https:\\\/\\\/schema.org\",\"@graph\":[{\"@type\":\"Article\",\"@id\":\"https:\\\/\\\/lasentinelle.dz\\\/index.php\\\/2025\\\/12\\\/13\\\/apres-lelimination-cruelle-des-fennecs-en-coupe-arabe-madjid-bougherra-demissionne\\\/#article\",\"isPartOf\":{\"@id\":\"https:\\\/\\\/lasentinelle.dz\\\/index.php\\\/2025\\\/12\\\/13\\\/apres-lelimination-cruelle-des-fennecs-en-coupe-arabe-madjid-bougherra-demissionne\\\/\"},\"author\":{\"name\":\"admin\",\"@id\":\"https:\\\/\\\/lasentinelle.dz\\\/#\\\/schema\\\/person\\\/729ee0024f24e0b8c5ec17232f8e8b41\"},\"headline\":\"Apr\u00e8s l&rsquo;\u00e9limination cruelle des Fennecs\u00a0en\u00a0Coupe arabe\u00a0:\u00a0Madjid Bougherra d\u00e9missionne\u00a0\",\"datePublished\":\"2025-12-13T18:19:43+00:00\",\"dateModified\":\"2025-12-13T18:19:44+00:00\",\"mainEntityOfPage\":{\"@id\":\"https:\\\/\\\/lasentinelle.dz\\\/index.php\\\/2025\\\/12\\\/13\\\/apres-lelimination-cruelle-des-fennecs-en-coupe-arabe-madjid-bougherra-demissionne\\\/\"},\"wordCount\":879,\"commentCount\":0,\"publisher\":{\"@id\":\"https:\\\/\\\/lasentinelle.dz\\\/#organization\"},\"image\":{\"@id\":\"https:\\\/\\\/lasentinelle.dz\\\/index.php\\\/2025\\\/12\\\/13\\\/apres-lelimination-cruelle-des-fennecs-en-coupe-arabe-madjid-bougherra-demissionne\\\/#primaryimage\"},\"thumbnailUrl\":\"https:\\\/\\\/lasentinelle.dz\\\/wp-content\\\/uploads\\\/2025\\\/08\\\/bougherra.jpeg\",\"articleSection\":[\"Sports\"],\"inLanguage\":\"fr-FR\",\"potentialAction\":[{\"@type\":\"CommentAction\",\"name\":\"Comment\",\"target\":[\"https:\\\/\\\/lasentinelle.dz\\\/index.php\\\/2025\\\/12\\\/13\\\/apres-lelimination-cruelle-des-fennecs-en-coupe-arabe-madjid-bougherra-demissionne\\\/#respond\"]}]},{\"@type\":\"WebPage\",\"@id\":\"https:\\\/\\\/lasentinelle.dz\\\/index.php\\\/2025\\\/12\\\/13\\\/apres-lelimination-cruelle-des-fennecs-en-coupe-arabe-madjid-bougherra-demissionne\\\/\",\"url\":\"https:\\\/\\\/lasentinelle.dz\\\/index.php\\\/2025\\\/12\\\/13\\\/apres-lelimination-cruelle-des-fennecs-en-coupe-arabe-madjid-bougherra-demissionne\\\/\",\"name\":\"Apr\u00e8s l&rsquo;\u00e9limination cruelle des Fennecs\u00a0en\u00a0Coupe arabe\u00a0:\u00a0Madjid Bougherra d\u00e9missionne\u00a0 - La Sentinelle\",\"isPartOf\":{\"@id\":\"https:\\\/\\\/lasentinelle.dz\\\/#website\"},\"primaryImageOfPage\":{\"@id\":\"https:\\\/\\\/lasentinelle.dz\\\/index.php\\\/2025\\\/12\\\/13\\\/apres-lelimination-cruelle-des-fennecs-en-coupe-arabe-madjid-bougherra-demissionne\\\/#primaryimage\"},\"image\":{\"@id\":\"https:\\\/\\\/lasentinelle.dz\\\/index.php\\\/2025\\\/12\\\/13\\\/apres-lelimination-cruelle-des-fennecs-en-coupe-arabe-madjid-bougherra-demissionne\\\/#primaryimage\"},\"thumbnailUrl\":\"https:\\\/\\\/lasentinelle.dz\\\/wp-content\\\/uploads\\\/2025\\\/08\\\/bougherra.jpeg\",\"datePublished\":\"2025-12-13T18:19:43+00:00\",\"dateModified\":\"2025-12-13T18:19:44+00:00\",\"breadcrumb\":{\"@id\":\"https:\\\/\\\/lasentinelle.dz\\\/index.php\\\/2025\\\/12\\\/13\\\/apres-lelimination-cruelle-des-fennecs-en-coupe-arabe-madjid-bougherra-demissionne\\\/#breadcrumb\"},\"inLanguage\":\"fr-FR\",\"potentialAction\":[{\"@type\":\"ReadAction\",\"target\":[\"https:\\\/\\\/lasentinelle.dz\\\/index.php\\\/2025\\\/12\\\/13\\\/apres-lelimination-cruelle-des-fennecs-en-coupe-arabe-madjid-bougherra-demissionne\\\/\"]}]},{\"@type\":\"ImageObject\",\"inLanguage\":\"fr-FR\",\"@id\":\"https:\\\/\\\/lasentinelle.dz\\\/index.php\\\/2025\\\/12\\\/13\\\/apres-lelimination-cruelle-des-fennecs-en-coupe-arabe-madjid-bougherra-demissionne\\\/#primaryimage\",\"url\":\"https:\\\/\\\/lasentinelle.dz\\\/wp-content\\\/uploads\\\/2025\\\/08\\\/bougherra.jpeg\",\"contentUrl\":\"https:\\\/\\\/lasentinelle.dz\\\/wp-content\\\/uploads\\\/2025\\\/08\\\/bougherra.jpeg\",\"width\":1320,\"height\":833,\"caption\":\"250818F_ANC_AlgNig_DL\"},{\"@type\":\"BreadcrumbList\",\"@id\":\"https:\\\/\\\/lasentinelle.dz\\\/index.php\\\/2025\\\/12\\\/13\\\/apres-lelimination-cruelle-des-fennecs-en-coupe-arabe-madjid-bougherra-demissionne\\\/#breadcrumb\",\"itemListElement\":[{\"@type\":\"ListItem\",\"position\":1,\"name\":\"Accueil\",\"item\":\"https:\\\/\\\/lasentinelle.dz\\\/\"},{\"@type\":\"ListItem\",\"position\":2,\"name\":\"Apr\u00e8s l&rsquo;\u00e9limination cruelle des Fennecs\u00a0en\u00a0Coupe arabe\u00a0:\u00a0Madjid Bougherra d\u00e9missionne\u00a0\"}]},{\"@type\":\"WebSite\",\"@id\":\"https:\\\/\\\/lasentinelle.dz\\\/#website\",\"url\":\"https:\\\/\\\/lasentinelle.dz\\\/\",\"name\":\"La Sentinelle\",\"description\":\"Quotidien national d&#039;information\",\"publisher\":{\"@id\":\"https:\\\/\\\/lasentinelle.dz\\\/#organization\"},\"potentialAction\":[{\"@type\":\"SearchAction\",\"target\":{\"@type\":\"EntryPoint\",\"urlTemplate\":\"https:\\\/\\\/lasentinelle.dz\\\/?s={search_term_string}\"},\"query-input\":{\"@type\":\"PropertyValueSpecification\",\"valueRequired\":true,\"valueName\":\"search_term_string\"}}],\"inLanguage\":\"fr-FR\"},{\"@type\":\"Organization\",\"@id\":\"https:\\\/\\\/lasentinelle.dz\\\/#organization\",\"name\":\"Quotidien La Sentinelle\",\"url\":\"https:\\\/\\\/lasentinelle.dz\\\/\",\"logo\":{\"@type\":\"ImageObject\",\"inLanguage\":\"fr-FR\",\"@id\":\"https:\\\/\\\/lasentinelle.dz\\\/#\\\/schema\\\/logo\\\/image\\\/\",\"url\":\"https:\\\/\\\/lasentinelle.dz\\\/wp-content\\\/uploads\\\/2021\\\/09\\\/logo-sentinelleSLOGAN-1.png\",\"contentUrl\":\"https:\\\/\\\/lasentinelle.dz\\\/wp-content\\\/uploads\\\/2021\\\/09\\\/logo-sentinelleSLOGAN-1.png\",\"width\":615,\"height\":142,\"caption\":\"Quotidien La Sentinelle\"},\"image\":{\"@id\":\"https:\\\/\\\/lasentinelle.dz\\\/#\\\/schema\\\/logo\\\/image\\\/\"},\"sameAs\":[\"https:\\\/\\\/www.facebook.com\\\/La-Sentinelle-104059864394773\"]},{\"@type\":\"Person\",\"@id\":\"https:\\\/\\\/lasentinelle.dz\\\/#\\\/schema\\\/person\\\/729ee0024f24e0b8c5ec17232f8e8b41\",\"name\":\"admin\",\"image\":{\"@type\":\"ImageObject\",\"inLanguage\":\"fr-FR\",\"@id\":\"https:\\\/\\\/secure.gravatar.com\\\/avatar\\\/4c81fed838786e9b53f540bf46533e750f5d292099ae3b66cfc6fb1982e29df7?s=96&d=mm&r=g\",\"url\":\"https:\\\/\\\/secure.gravatar.com\\\/avatar\\\/4c81fed838786e9b53f540bf46533e750f5d292099ae3b66cfc6fb1982e29df7?s=96&d=mm&r=g\",\"contentUrl\":\"https:\\\/\\\/secure.gravatar.com\\\/avatar\\\/4c81fed838786e9b53f540bf46533e750f5d292099ae3b66cfc6fb1982e29df7?s=96&d=mm&r=g\",\"caption\":\"admin\"},\"description\":\"admin\",\"url\":\"https:\\\/\\\/lasentinelle.dz\\\/author\\\/admin\\\/\"}]}<\/script>\n<!-- \/ Yoast SEO plugin. -->","yoast_head_json":{"title":"Apr\u00e8s l&rsquo;\u00e9limination cruelle des Fennecs\u00a0en\u00a0Coupe arabe\u00a0:\u00a0Madjid Bougherra d\u00e9missionne\u00a0 - La Sentinelle","robots":{"index":"index","follow":"follow","max-snippet":"max-snippet:-1","max-image-preview":"max-image-preview:large","max-video-preview":"max-video-preview:-1"},"canonical":"https:\/\/lasentinelle.dz\/index.php\/2025\/12\/13\/apres-lelimination-cruelle-des-fennecs-en-coupe-arabe-madjid-bougherra-demissionne\/","og_locale":"fr_FR","og_type":"article","og_title":"Apr\u00e8s l&rsquo;\u00e9limination cruelle des Fennecs\u00a0en\u00a0Coupe arabe\u00a0:\u00a0Madjid Bougherra d\u00e9missionne\u00a0 - La Sentinelle","og_description":"Le s\u00e9lectionneur de l&rsquo;\u00e9quipe nationale A&rsquo; a annonc\u00e9 vendredi soir sa d\u00e9mission apr\u00e8s l&rsquo;\u00e9limination de l&rsquo;Alg\u00e9rie en quarts de finale","og_url":"https:\/\/lasentinelle.dz\/index.php\/2025\/12\/13\/apres-lelimination-cruelle-des-fennecs-en-coupe-arabe-madjid-bougherra-demissionne\/","og_site_name":"La Sentinelle","article_publisher":"https:\/\/www.facebook.com\/La-Sentinelle-104059864394773","article_published_time":"2025-12-13T18:19:43+00:00","article_modified_time":"2025-12-13T18:19:44+00:00","og_image":[{"width":1320,"height":833,"url":"https:\/\/lasentinelle.dz\/wp-content\/uploads\/2025\/08\/bougherra.jpeg","type":"image\/jpeg"}],"author":"admin","twitter_card":"summary_large_image","twitter_misc":{"\u00c9crit par":"admin","Dur\u00e9e de lecture estim\u00e9e":"4 minutes"},"schema":{"@context":"https:\/\/schema.org","@graph":[{"@type":"Article","@id":"https:\/\/lasentinelle.dz\/index.php\/2025\/12\/13\/apres-lelimination-cruelle-des-fennecs-en-coupe-arabe-madjid-bougherra-demissionne\/#article","isPartOf":{"@id":"https:\/\/lasentinelle.dz\/index.php\/2025\/12\/13\/apres-lelimination-cruelle-des-fennecs-en-coupe-arabe-madjid-bougherra-demissionne\/"},"author":{"name":"admin","@id":"https:\/\/lasentinelle.dz\/#\/schema\/person\/729ee0024f24e0b8c5ec17232f8e8b41"},"headline":"Apr\u00e8s l&rsquo;\u00e9limination cruelle des Fennecs\u00a0en\u00a0Coupe arabe\u00a0:\u00a0Madjid Bougherra d\u00e9missionne\u00a0","datePublished":"2025-12-13T18:19:43+00:00","dateModified":"2025-12-13T18:19:44+00:00","mainEntityOfPage":{"@id":"https:\/\/lasentinelle.dz\/index.php\/2025\/12\/13\/apres-lelimination-cruelle-des-fennecs-en-coupe-arabe-madjid-bougherra-demissionne\/"},"wordCount":879,"commentCount":0,"publisher":{"@id":"https:\/\/lasentinelle.dz\/#organization"},"image":{"@id":"https:\/\/lasentinelle.dz\/index.php\/2025\/12\/13\/apres-lelimination-cruelle-des-fennecs-en-coupe-arabe-madjid-bougherra-demissionne\/#primaryimage"},"thumbnailUrl":"https:\/\/lasentinelle.dz\/wp-content\/uploads\/2025\/08\/bougherra.jpeg","articleSection":["Sports"],"inLanguage":"fr-FR","potentialAction":[{"@type":"CommentAction","name":"Comment","target":["https:\/\/lasentinelle.dz\/index.php\/2025\/12\/13\/apres-lelimination-cruelle-des-fennecs-en-coupe-arabe-madjid-bougherra-demissionne\/#respond"]}]},{"@type":"WebPage","@id":"https:\/\/lasentinelle.dz\/index.php\/2025\/12\/13\/apres-lelimination-cruelle-des-fennecs-en-coupe-arabe-madjid-bougherra-demissionne\/","url":"https:\/\/lasentinelle.dz\/index.php\/2025\/12\/13\/apres-lelimination-cruelle-des-fennecs-en-coupe-arabe-madjid-bougherra-demissionne\/","name":"Apr\u00e8s l&rsquo;\u00e9limination cruelle des Fennecs\u00a0en\u00a0Coupe arabe\u00a0:\u00a0Madjid Bougherra d\u00e9missionne\u00a0 - La Sentinelle","isPartOf":{"@id":"https:\/\/lasentinelle.dz\/#website"},"primaryImageOfPage":{"@id":"https:\/\/lasentinelle.dz\/index.php\/2025\/12\/13\/apres-lelimination-cruelle-des-fennecs-en-coupe-arabe-madjid-bougherra-demissionne\/#primaryimage"},"image":{"@id":"https:\/\/lasentinelle.dz\/index.php\/2025\/12\/13\/apres-lelimination-cruelle-des-fennecs-en-coupe-arabe-madjid-bougherra-demissionne\/#primaryimage"},"thumbnailUrl":"https:\/\/lasentinelle.dz\/wp-content\/uploads\/2025\/08\/bougherra.jpeg","datePublished":"2025-12-13T18:19:43+00:00","dateModified":"2025-12-13T18:19:44+00:00","breadcrumb":{"@id":"https:\/\/lasentinelle.dz\/index.php\/2025\/12\/13\/apres-lelimination-cruelle-des-fennecs-en-coupe-arabe-madjid-bougherra-demissionne\/#breadcrumb"},"inLanguage":"fr-FR","potentialAction":[{"@type":"ReadAction","target":["https:\/\/lasentinelle.dz\/index.php\/2025\/12\/13\/apres-lelimination-cruelle-des-fennecs-en-coupe-arabe-madjid-bougherra-demissionne\/"]}]},{"@type":"ImageObject","inLanguage":"fr-FR","@id":"https:\/\/lasentinelle.dz\/index.php\/2025\/12\/13\/apres-lelimination-cruelle-des-fennecs-en-coupe-arabe-madjid-bougherra-demissionne\/#primaryimage","url":"https:\/\/lasentinelle.dz\/wp-content\/uploads\/2025\/08\/bougherra.jpeg","contentUrl":"https:\/\/lasentinelle.dz\/wp-content\/uploads\/2025\/08\/bougherra.jpeg","width":1320,"height":833,"caption":"250818F_ANC_AlgNig_DL"},{"@type":"BreadcrumbList","@id":"https:\/\/lasentinelle.dz\/index.php\/2025\/12\/13\/apres-lelimination-cruelle-des-fennecs-en-coupe-arabe-madjid-bougherra-demissionne\/#breadcrumb","itemListElement":[{"@type":"ListItem","position":1,"name":"Accueil","item":"https:\/\/lasentinelle.dz\/"},{"@type":"ListItem","position":2,"name":"Apr\u00e8s l&rsquo;\u00e9limination cruelle des Fennecs\u00a0en\u00a0Coupe arabe\u00a0:\u00a0Madjid Bougherra d\u00e9missionne\u00a0"}]},{"@type":"WebSite","@id":"https:\/\/lasentinelle.dz\/#website","url":"https:\/\/lasentinelle.dz\/","name":"La Sentinelle","description":"Quotidien national d&#039;information","publisher":{"@id":"https:\/\/lasentinelle.dz\/#organization"},"potentialAction":[{"@type":"SearchAction","target":{"@type":"EntryPoint","urlTemplate":"https:\/\/lasentinelle.dz\/?s={search_term_string}"},"query-input":{"@type":"PropertyValueSpecification","valueRequired":true,"valueName":"search_term_string"}}],"inLanguage":"fr-FR"},{"@type":"Organization","@id":"https:\/\/lasentinelle.dz\/#organization","name":"Quotidien La Sentinelle","url":"https:\/\/lasentinelle.dz\/","logo":{"@type":"ImageObject","inLanguage":"fr-FR","@id":"https:\/\/lasentinelle.dz\/#\/schema\/logo\/image\/","url":"https:\/\/lasentinelle.dz\/wp-content\/uploads\/2021\/09\/logo-sentinelleSLOGAN-1.png","contentUrl":"https:\/\/lasentinelle.dz\/wp-content\/uploads\/2021\/09\/logo-sentinelleSLOGAN-1.png","width":615,"height":142,"caption":"Quotidien La Sentinelle"},"image":{"@id":"https:\/\/lasentinelle.dz\/#\/schema\/logo\/image\/"},"sameAs":["https:\/\/www.facebook.com\/La-Sentinelle-104059864394773"]},{"@type":"Person","@id":"https:\/\/lasentinelle.dz\/#\/schema\/person\/729ee0024f24e0b8c5ec17232f8e8b41","name":"admin","image":{"@type":"ImageObject","inLanguage":"fr-FR","@id":"https:\/\/secure.gravatar.com\/avatar\/4c81fed838786e9b53f540bf46533e750f5d292099ae3b66cfc6fb1982e29df7?s=96&d=mm&r=g","url":"https:\/\/secure.gravatar.com\/avatar\/4c81fed838786e9b53f540bf46533e750f5d292099ae3b66cfc6fb1982e29df7?s=96&d=mm&r=g","contentUrl":"https:\/\/secure.gravatar.com\/avatar\/4c81fed838786e9b53f540bf46533e750f5d292099ae3b66cfc6fb1982e29df7?s=96&d=mm&r=g","caption":"admin"},"description":"admin","url":"https:\/\/lasentinelle.dz\/author\/admin\/"}]}},"_links":{"self":[{"href":"https:\/\/lasentinelle.dz\/index.php\/wp-json\/wp\/v2\/posts\/77692","targetHints":{"allow":["GET"]}}],"collection":[{"href":"https:\/\/lasentinelle.dz\/index.php\/wp-json\/wp\/v2\/posts"}],"about":[{"href":"https:\/\/lasentinelle.dz\/index.php\/wp-json\/wp\/v2\/types\/post"}],"author":[{"embeddable":true,"href":"https:\/\/lasentinelle.dz\/index.php\/wp-json\/wp\/v2\/users\/6"}],"replies":[{"embeddable":true,"href":"https:\/\/lasentinelle.dz\/index.php\/wp-json\/wp\/v2\/comments?post=77692"}],"version-history":[{"count":2,"href":"https:\/\/lasentinelle.dz\/index.php\/wp-json\/wp\/v2\/posts\/77692\/revisions"}],"predecessor-version":[{"id":77694,"href":"https:\/\/lasentinelle.dz\/index.php\/wp-json\/wp\/v2\/posts\/77692\/revisions\/77694"}],"wp:featuredmedia":[{"embeddable":true,"href":"https:\/\/lasentinelle.dz\/index.php\/wp-json\/wp\/v2\/media\/72169"}],"wp:attachment":[{"href":"https:\/\/lasentinelle.dz\/index.php\/wp-json\/wp\/v2\/media?parent=77692"}],"wp:term":[{"taxonomy":"category","embeddable":true,"href":"https:\/\/lasentinelle.dz\/index.php\/wp-json\/wp\/v2\/categories?post=77692"},{"taxonomy":"post_tag","embeddable":true,"href":"https:\/\/lasentinelle.dz\/index.php\/wp-json\/wp\/v2\/tags?post=77692"}],"curies":[{"name":"wp","href":"https:\/\/api.w.org\/{rel}","templated":true}]}}