{"id":77695,"date":"2025-12-13T19:20:42","date_gmt":"2025-12-13T18:20:42","guid":{"rendered":"https:\/\/lasentinelle.dz\/?p=77695"},"modified":"2025-12-13T19:20:44","modified_gmt":"2025-12-13T18:20:44","slug":"can-2025-petkovic-devoile-sa-liste-et-fixe-ses-objectifs","status":"publish","type":"post","link":"https:\/\/lasentinelle.dz\/index.php\/2025\/12\/13\/can-2025-petkovic-devoile-sa-liste-et-fixe-ses-objectifs\/","title":{"rendered":"CAN-2025\u00a0:\u00a0Petkovic d\u00e9voile sa liste et fixe ses objectifs"},"content":{"rendered":"\n<p>Le s\u00e9lectionneur de l&rsquo;\u00e9quipe nationale de football, Vladimir Petkovic, a d\u00e9voil\u00e9 samedi une liste de 28 joueurs en vue de la CAN-2025 (21 d\u00e9cembre &#8211; 18 janvier 2026), marqu\u00e9e par l&rsquo;int\u00e9gration de deux nouveaux attaquants issus du championnat local et l&rsquo;absence notable du milieu de terrain Nabil Bentaleb.<\/p>\n\n\n\n<p>C&rsquo;est dans la salle de conf\u00e9rences Mohamed Sellah du stade Nelson-Mandela de Baraki que le technicien suisse a pr\u00e9sent\u00e9 sa s\u00e9lection pour la 21e participation de l&rsquo;Alg\u00e9rie \u00e0 la Coupe d&rsquo;Afrique des nations. Une convocation qui intervient quelques jours seulement avant le rassemblement des Verts au Centre technique national de Sidi Moussa, pr\u00e9vu pour lundi, avant leur d\u00e9part pour le Maroc vendredi prochain \u00e0 bord d&rsquo;un vol sp\u00e9cial.&nbsp;La grande nouveaut\u00e9 de cette liste r\u00e9side dans la premi\u00e8re convocation des attaquants Adil Boulbina, qui \u00e9volue \u00e0 Al-Duha\u00efl au Qatar, et Redouane Berkane d&rsquo;Al Wakrah. Ces deux joueurs se sont r\u00e9v\u00e9l\u00e9s lors de la Coupe arabe FIFA Qatar-2025 avec l&rsquo;\u00e9quipe nationale A&rsquo;. \u00ab\u00a0Adil Boulbina et Redouane Berkane ma\u00eetrisent le jeu offensif et poss\u00e8dent des talents que nous ne retrouvons peut-\u00eatre pas chez leurs co\u00e9quipiers en attaque de la s\u00e9lection A. Ils ont montr\u00e9 une partie de leur potentiel lors de la Coupe arabe\u00a0\u00bb, a soulign\u00e9 Petkovic lors de son intervention face \u00e0 la presse.&nbsp;Le s\u00e9lectionneur a d&rsquo;ailleurs tenu \u00e0 saluer le travail de son homologue de la s\u00e9lection locale. \u00ab\u00a0J&rsquo;ai convoqu\u00e9 les d\u00e9fenseurs Youcef Atal et Mohamed Amine Touga\u00ef en raison de leur exp\u00e9rience. Ils ont particip\u00e9 \u00e0 la Coupe arabe 2025 au Qatar apr\u00e8s avoir \u00e9t\u00e9 longtemps absents des comp\u00e9titions en raison de blessures. En d&rsquo;autres termes, ils ont particip\u00e9 \u00e0 la Coupe arabe comme une forme d&rsquo;entra\u00eenement pour la CAN. Je pr\u00e9sente ici mes remerciements \u00e0 l&rsquo;entra\u00eeneur de la s\u00e9lection locale, Madjid Bougherra\u00a0\u00bb, a-t-il d\u00e9clar\u00e9.&nbsp;L&rsquo;absence de Nabil Bentaleb, soci\u00e9taire de Lille, constitue l&rsquo;autre fait marquant de cette convocation. Le milieu de terrain, pourtant r\u00e9guli\u00e8rement appel\u00e9 par le pass\u00e9, ne figure pas sur la liste finale. \u00ab\u00a0L&rsquo;absence de Nabil Bentaleb est justifi\u00e9e par l&rsquo;abondance et la qualit\u00e9 des \u00e9l\u00e9ments du milieu de terrain, et il en va de m\u00eame pour Hamid Abdelli\u00a0\u00bb, a expliqu\u00e9 le technicien helv\u00e8te, qui a toutefois pr\u00e9cis\u00e9 ne pouvoir \u00ab\u00a0accepter l&rsquo;id\u00e9e de se passer d&rsquo;Ibrahim Maza et Houssem Aouar, contrairement \u00e0 la situation de Bentaleb et Abdelli\u00a0\u00bb.<\/p>\n\n\n\n<p>Sur&nbsp;des absences, le forfait du gardien de but du MC Alger, Alexis Guendouz, touch\u00e9 par une blessure, a contraint Petkovic \u00e0 faire appel \u00e0 Anthony Mandrea, portier du SM Caen, qui effectue ainsi son retour chez les Verts. \u00ab\u00a0Je regrette l&rsquo;absence du gardien Alexis Guendouz qui est bless\u00e9, son niveau ne fait aucun doute. Concernant le gardien de but titulaire, nous n&rsquo;avons pas encore pris de d\u00e9cision et nous laisserons la question au stage de pr\u00e9paration qui pr\u00e9c\u00e8de le tournoi continental\u00a0\u00bb, a indiqu\u00e9 le s\u00e9lectionneur.&nbsp;Petkovic a \u00e9galement r\u00e9v\u00e9l\u00e9 avoir scrut\u00e9 un large effectif avant d&rsquo;arr\u00eater son choix d\u00e9finitif. \u00ab\u00a0J&rsquo;ai observ\u00e9 55 joueurs et les ai int\u00e9gr\u00e9s dans une liste \u00e9largie, puis j&rsquo;ai s\u00e9lectionn\u00e9 28 joueurs dignes de participer aux phases finales de la CAN-2025, parmi lesquels figurent deux r\u00e9servistes. Je reconnais que la t\u00e2che n&rsquo;a pas \u00e9t\u00e9 facile, sans parler du probl\u00e8me des blessures\u00a0\u00bb, a-t-il confi\u00e9.<\/p>\n\n\n\n<p><strong>Prudence<\/strong><\/p>\n\n\n\n<p>Interrog\u00e9 sur les ambitions alg\u00e9riennes dans cette comp\u00e9tition qui se d\u00e9roulera au Maroc, le coach national s&rsquo;est montr\u00e9 prudent tout en affichant une certaine d\u00e9termination. \u00ab\u00a0Mon objectif est de gagner chaque comp\u00e9tition. Mais si je regarde mon \u00e9quipe, je me dis qu&rsquo;on doit aller pas apr\u00e8s pas pour nous am\u00e9liorer. Si on parle ambition, on veut passer le premier tour. J&rsquo;ai envie d&rsquo;aller le plus loin possible\u00a0\u00bb, a-t-il d\u00e9clar\u00e9, avant de pr\u00e9ciser que \u00ab\u00a0notre objectif dans la CAN-2025 est d&rsquo;atteindre les huiti\u00e8mes de finale, puis nous d\u00e9ciderons ensuite concernant les autres \u00e9tapes\u00a0\u00bb.&nbsp;Le technicien suisse n&rsquo;a pas \u00e9lud\u00e9 la question de l&rsquo;\u00e9ventuelle nomination de Madjid Bougherra comme entra\u00eeneur adjoint. \u00ab\u00a0Aucun responsable de la F\u00e9d\u00e9ration alg\u00e9rienne de football ne m&rsquo;a propos\u00e9 d&rsquo;engager le technicien Madjid Bougherra et de lui accorder le poste d&rsquo;entra\u00eeneur adjoint, aux c\u00f4t\u00e9s de Davide Morandi et Nabil Neghiz\u00a0\u00bb, a-t-il tranch\u00e9.<\/p>\n\n\n\n<p>Petkovic a par ailleurs \u00e9voqu\u00e9 les difficult\u00e9s climatiques que pourraient rencontrer les \u00e9quipes africaines au Maroc. \u00ab\u00a0Les s\u00e9lections africaines rencontreront des difficult\u00e9s au Maroc en raison du climat froid et pluvieux du nord de l&rsquo;Afrique en hiver. Ces \u00e9quipes s&rsquo;appuient sur un grand nombre de joueurs qui \u00e9voluent en Europe et ne seront absolument pas affect\u00e9es par les conditions m\u00e9t\u00e9orologiques\u00a0\u00bb, a-t-il estim\u00e9.<\/p>\n\n\n\n<p>Le voyage des Fennecs vers le&nbsp;Maroc&nbsp;est programm\u00e9 pour le 19 d\u00e9cembre, soit cinq jours avant leur premier match du groupe E face au Soudan le 24 d\u00e9cembre \u00e0 16 heures. Les co\u00e9quipiers d&rsquo;A\u00efssa Mandi affronteront ensuite le Burkina Faso le 28 d\u00e9cembre \u00e0 18h30, avant de clore la phase de groupes contre la Guin\u00e9e \u00e9quatoriale le 31 d\u00e9cembre \u00e0 17 heures. Les deux premiers de chaque groupe ainsi que les quatre meilleurs troisi\u00e8mes se qualifieront pour les huiti\u00e8mes de finale.<\/p>\n\n\n\n<p>Pour rappel, lors de sa derni\u00e8re participation \u00e0 la CAN-2024 en C\u00f4te d&rsquo;Ivoire, l&rsquo;\u00e9quipe nationale avait \u00e9t\u00e9 \u00e9limin\u00e9e d\u00e8s le premier tour, une d\u00e9sillusion que les Verts esp\u00e8rent effacer lors de cette nouvelle \u00e9dition continentale.<\/p>\n\n\n\n<p><strong>Moncef Dahleb<\/strong><\/p>\n\n\n\n<p><strong>La liste des 28 joueurs convoqu\u00e9s<\/strong><\/p>\n\n\n\n<p><strong>Gardiens de but :<\/strong>&nbsp;Luca Zidane (FC Grenade\/Espagne), Oussama Benbot (USM Alger), Anthony Mandrea (SM Caen\/France)<\/p>\n\n\n\n<p><strong>D\u00e9fenseurs :<\/strong>&nbsp;Youcef Atal (Al-Sadd\/Qatar), Ramy Benseba\u00efni (Borussia Dortmund\/Allemagne), Rayan A\u00eft-Nouri (Manchester City\/Angleterre), Samir Chergui (FC Paris\/France), Rafik Belghali (Hellas V\u00e9rone\/Italie), A\u00efssa Mandi (Lille OSC\/France), Jaouen Hadjam (BSC Young Boys\/Suisse), Mehdi Dorval (SSC Bari\/Italie), Zin\u00e9dine Bela\u00efd (JS Kabylie), Mohamed Amine Touga\u00ef (ES Tunis\/Tunisie)<\/p>\n\n\n\n<p><strong>Milieux de terrain :<\/strong>&nbsp;Isma\u00ebl Bennacer (Dinamo Zagreb\/Croatie), Ramiz Zerrouki (Twente FC\/Pays-Bas), Hicham Boudaoui (OGC Nice\/France), Adam Zorgane (Union Saint-Gilloise\/Belgique), Ibrahim Maza (Bayer Leverkusen\/Allemagne), Far\u00e8s Cha\u00efbi (Eintracht Francfort\/Allemagne), Houssem Aouar (Al-Ittihad Djeddah\/Arabie saoudite)<\/p>\n\n\n\n<p><strong>Attaquants :<\/strong>&nbsp;Mohamed Amine Amoura (VfL Wolfsburg\/Allemagne), Ilan Kebbal (Paris FC\/France), Riyad Mahrez (Al-Ahli SC\/Arabie saoudite), Anis Hadj Moussa (Feyenoord\/Pays-Bas), Adil Boulbina (Al-Duha\u00efl\/Qatar), Baghdad Bounedjah (Al-Shamal SC\/Qatar), Moncef Bakrar (Dinamo Zagreb\/Croatie), Redouane Berkane (Al Wakrah\/Qatar)<\/p>\n","protected":false},"excerpt":{"rendered":"<p>Le s\u00e9lectionneur de l&rsquo;\u00e9quipe nationale de football, Vladimir Petkovic, a d\u00e9voil\u00e9 samedi une liste de 28 joueurs en vue de<\/p>\n","protected":false},"author":6,"featured_media":68065,"comment_status":"open","ping_status":"closed","sticky":false,"template":"","format":"standard","meta":{"colormag_page_container_layout":"default_layout","colormag_page_sidebar_layout":"default_layout","om_disable_all_campaigns":false,"_monsterinsights_skip_tracking":false,"_monsterinsights_sitenote_active":false,"_monsterinsights_sitenote_note":"","_monsterinsights_sitenote_category":0,"footnotes":"","_wpscppro_dont_share_socialmedia":false,"_wpscppro_custom_social_share_image":0,"_facebook_share_type":"default","_twitter_share_type":"default","_linkedin_share_type":"default","_pinterest_share_type":"default","_linkedin_share_type_page":"","_instagram_share_type":"default","_medium_share_type":"default","_threads_share_type":"default","_google_business_share_type":"default","_selected_social_profile":[],"_wpsp_enable_custom_social_template":false,"_wpsp_social_scheduling":{"enabled":false,"datetime":null,"platforms":[],"status":"template_only","dateOption":"today","timeOption":"now","customDays":"","customHours":"","customDate":"","customTime":"","schedulingType":"absolute"},"_wpsp_active_default_template":true},"categories":[52,33],"tags":[],"class_list":["post-77695","post","type-post","status-publish","format-standard","has-post-thumbnail","hentry","category-a-la-une","category-sports"],"aioseo_notices":[],"yoast_head":"<!-- This site is optimized with the Yoast SEO plugin v27.5 - https:\/\/yoast.com\/product\/yoast-seo-wordpress\/ -->\n<title>CAN-2025\u00a0:\u00a0Petkovic d\u00e9voile sa liste et fixe ses objectifs - La Sentinelle<\/title>\n<meta name=\"robots\" content=\"index, follow, max-snippet:-1, max-image-preview:large, max-video-preview:-1\" \/>\n<link rel=\"canonical\" href=\"https:\/\/lasentinelle.dz\/index.php\/2025\/12\/13\/can-2025-petkovic-devoile-sa-liste-et-fixe-ses-objectifs\/\" \/>\n<meta property=\"og:locale\" content=\"fr_FR\" \/>\n<meta property=\"og:type\" content=\"article\" \/>\n<meta property=\"og:title\" content=\"CAN-2025\u00a0:\u00a0Petkovic d\u00e9voile sa liste et fixe ses objectifs - La Sentinelle\" \/>\n<meta property=\"og:description\" content=\"Le s\u00e9lectionneur de l&rsquo;\u00e9quipe nationale de football, Vladimir Petkovic, a d\u00e9voil\u00e9 samedi une liste de 28 joueurs en vue de\" \/>\n<meta property=\"og:url\" content=\"https:\/\/lasentinelle.dz\/index.php\/2025\/12\/13\/can-2025-petkovic-devoile-sa-liste-et-fixe-ses-objectifs\/\" \/>\n<meta property=\"og:site_name\" content=\"La Sentinelle\" \/>\n<meta property=\"article:publisher\" content=\"https:\/\/www.facebook.com\/La-Sentinelle-104059864394773\" \/>\n<meta property=\"article:published_time\" content=\"2025-12-13T18:20:42+00:00\" \/>\n<meta property=\"article:modified_time\" content=\"2025-12-13T18:20:44+00:00\" \/>\n<meta property=\"og:image\" content=\"https:\/\/lasentinelle.dz\/wp-content\/uploads\/2025\/05\/Petkovic.jpg\" \/>\n\t<meta property=\"og:image:width\" content=\"1440\" \/>\n\t<meta property=\"og:image:height\" content=\"958\" \/>\n\t<meta property=\"og:image:type\" content=\"image\/jpeg\" \/>\n<meta name=\"author\" content=\"admin\" \/>\n<meta name=\"twitter:card\" content=\"summary_large_image\" \/>\n<meta name=\"twitter:label1\" content=\"\u00c9crit par\" \/>\n\t<meta name=\"twitter:data1\" content=\"admin\" \/>\n\t<meta name=\"twitter:label2\" content=\"Dur\u00e9e de lecture estim\u00e9e\" \/>\n\t<meta name=\"twitter:data2\" content=\"6 minutes\" \/>\n<script type=\"application\/ld+json\" class=\"yoast-schema-graph\">{\"@context\":\"https:\\\/\\\/schema.org\",\"@graph\":[{\"@type\":\"Article\",\"@id\":\"https:\\\/\\\/lasentinelle.dz\\\/index.php\\\/2025\\\/12\\\/13\\\/can-2025-petkovic-devoile-sa-liste-et-fixe-ses-objectifs\\\/#article\",\"isPartOf\":{\"@id\":\"https:\\\/\\\/lasentinelle.dz\\\/index.php\\\/2025\\\/12\\\/13\\\/can-2025-petkovic-devoile-sa-liste-et-fixe-ses-objectifs\\\/\"},\"author\":{\"name\":\"admin\",\"@id\":\"https:\\\/\\\/lasentinelle.dz\\\/#\\\/schema\\\/person\\\/729ee0024f24e0b8c5ec17232f8e8b41\"},\"headline\":\"CAN-2025\u00a0:\u00a0Petkovic d\u00e9voile sa liste et fixe ses objectifs\",\"datePublished\":\"2025-12-13T18:20:42+00:00\",\"dateModified\":\"2025-12-13T18:20:44+00:00\",\"mainEntityOfPage\":{\"@id\":\"https:\\\/\\\/lasentinelle.dz\\\/index.php\\\/2025\\\/12\\\/13\\\/can-2025-petkovic-devoile-sa-liste-et-fixe-ses-objectifs\\\/\"},\"wordCount\":1152,\"commentCount\":0,\"publisher\":{\"@id\":\"https:\\\/\\\/lasentinelle.dz\\\/#organization\"},\"image\":{\"@id\":\"https:\\\/\\\/lasentinelle.dz\\\/index.php\\\/2025\\\/12\\\/13\\\/can-2025-petkovic-devoile-sa-liste-et-fixe-ses-objectifs\\\/#primaryimage\"},\"thumbnailUrl\":\"https:\\\/\\\/lasentinelle.dz\\\/wp-content\\\/uploads\\\/2025\\\/05\\\/Petkovic.jpg\",\"articleSection\":[\"\u00c0 la Une\",\"Sports\"],\"inLanguage\":\"fr-FR\",\"potentialAction\":[{\"@type\":\"CommentAction\",\"name\":\"Comment\",\"target\":[\"https:\\\/\\\/lasentinelle.dz\\\/index.php\\\/2025\\\/12\\\/13\\\/can-2025-petkovic-devoile-sa-liste-et-fixe-ses-objectifs\\\/#respond\"]}]},{\"@type\":\"WebPage\",\"@id\":\"https:\\\/\\\/lasentinelle.dz\\\/index.php\\\/2025\\\/12\\\/13\\\/can-2025-petkovic-devoile-sa-liste-et-fixe-ses-objectifs\\\/\",\"url\":\"https:\\\/\\\/lasentinelle.dz\\\/index.php\\\/2025\\\/12\\\/13\\\/can-2025-petkovic-devoile-sa-liste-et-fixe-ses-objectifs\\\/\",\"name\":\"CAN-2025\u00a0:\u00a0Petkovic d\u00e9voile sa liste et fixe ses objectifs - La Sentinelle\",\"isPartOf\":{\"@id\":\"https:\\\/\\\/lasentinelle.dz\\\/#website\"},\"primaryImageOfPage\":{\"@id\":\"https:\\\/\\\/lasentinelle.dz\\\/index.php\\\/2025\\\/12\\\/13\\\/can-2025-petkovic-devoile-sa-liste-et-fixe-ses-objectifs\\\/#primaryimage\"},\"image\":{\"@id\":\"https:\\\/\\\/lasentinelle.dz\\\/index.php\\\/2025\\\/12\\\/13\\\/can-2025-petkovic-devoile-sa-liste-et-fixe-ses-objectifs\\\/#primaryimage\"},\"thumbnailUrl\":\"https:\\\/\\\/lasentinelle.dz\\\/wp-content\\\/uploads\\\/2025\\\/05\\\/Petkovic.jpg\",\"datePublished\":\"2025-12-13T18:20:42+00:00\",\"dateModified\":\"2025-12-13T18:20:44+00:00\",\"breadcrumb\":{\"@id\":\"https:\\\/\\\/lasentinelle.dz\\\/index.php\\\/2025\\\/12\\\/13\\\/can-2025-petkovic-devoile-sa-liste-et-fixe-ses-objectifs\\\/#breadcrumb\"},\"inLanguage\":\"fr-FR\",\"potentialAction\":[{\"@type\":\"ReadAction\",\"target\":[\"https:\\\/\\\/lasentinelle.dz\\\/index.php\\\/2025\\\/12\\\/13\\\/can-2025-petkovic-devoile-sa-liste-et-fixe-ses-objectifs\\\/\"]}]},{\"@type\":\"ImageObject\",\"inLanguage\":\"fr-FR\",\"@id\":\"https:\\\/\\\/lasentinelle.dz\\\/index.php\\\/2025\\\/12\\\/13\\\/can-2025-petkovic-devoile-sa-liste-et-fixe-ses-objectifs\\\/#primaryimage\",\"url\":\"https:\\\/\\\/lasentinelle.dz\\\/wp-content\\\/uploads\\\/2025\\\/05\\\/Petkovic.jpg\",\"contentUrl\":\"https:\\\/\\\/lasentinelle.dz\\\/wp-content\\\/uploads\\\/2025\\\/05\\\/Petkovic.jpg\",\"width\":1440,\"height\":958},{\"@type\":\"BreadcrumbList\",\"@id\":\"https:\\\/\\\/lasentinelle.dz\\\/index.php\\\/2025\\\/12\\\/13\\\/can-2025-petkovic-devoile-sa-liste-et-fixe-ses-objectifs\\\/#breadcrumb\",\"itemListElement\":[{\"@type\":\"ListItem\",\"position\":1,\"name\":\"Accueil\",\"item\":\"https:\\\/\\\/lasentinelle.dz\\\/\"},{\"@type\":\"ListItem\",\"position\":2,\"name\":\"CAN-2025\u00a0:\u00a0Petkovic d\u00e9voile sa liste et fixe ses objectifs\"}]},{\"@type\":\"WebSite\",\"@id\":\"https:\\\/\\\/lasentinelle.dz\\\/#website\",\"url\":\"https:\\\/\\\/lasentinelle.dz\\\/\",\"name\":\"La Sentinelle\",\"description\":\"Quotidien national d&#039;information\",\"publisher\":{\"@id\":\"https:\\\/\\\/lasentinelle.dz\\\/#organization\"},\"potentialAction\":[{\"@type\":\"SearchAction\",\"target\":{\"@type\":\"EntryPoint\",\"urlTemplate\":\"https:\\\/\\\/lasentinelle.dz\\\/?s={search_term_string}\"},\"query-input\":{\"@type\":\"PropertyValueSpecification\",\"valueRequired\":true,\"valueName\":\"search_term_string\"}}],\"inLanguage\":\"fr-FR\"},{\"@type\":\"Organization\",\"@id\":\"https:\\\/\\\/lasentinelle.dz\\\/#organization\",\"name\":\"Quotidien La Sentinelle\",\"url\":\"https:\\\/\\\/lasentinelle.dz\\\/\",\"logo\":{\"@type\":\"ImageObject\",\"inLanguage\":\"fr-FR\",\"@id\":\"https:\\\/\\\/lasentinelle.dz\\\/#\\\/schema\\\/logo\\\/image\\\/\",\"url\":\"https:\\\/\\\/lasentinelle.dz\\\/wp-content\\\/uploads\\\/2021\\\/09\\\/logo-sentinelleSLOGAN-1.png\",\"contentUrl\":\"https:\\\/\\\/lasentinelle.dz\\\/wp-content\\\/uploads\\\/2021\\\/09\\\/logo-sentinelleSLOGAN-1.png\",\"width\":615,\"height\":142,\"caption\":\"Quotidien La Sentinelle\"},\"image\":{\"@id\":\"https:\\\/\\\/lasentinelle.dz\\\/#\\\/schema\\\/logo\\\/image\\\/\"},\"sameAs\":[\"https:\\\/\\\/www.facebook.com\\\/La-Sentinelle-104059864394773\"]},{\"@type\":\"Person\",\"@id\":\"https:\\\/\\\/lasentinelle.dz\\\/#\\\/schema\\\/person\\\/729ee0024f24e0b8c5ec17232f8e8b41\",\"name\":\"admin\",\"image\":{\"@type\":\"ImageObject\",\"inLanguage\":\"fr-FR\",\"@id\":\"https:\\\/\\\/secure.gravatar.com\\\/avatar\\\/4c81fed838786e9b53f540bf46533e750f5d292099ae3b66cfc6fb1982e29df7?s=96&d=mm&r=g\",\"url\":\"https:\\\/\\\/secure.gravatar.com\\\/avatar\\\/4c81fed838786e9b53f540bf46533e750f5d292099ae3b66cfc6fb1982e29df7?s=96&d=mm&r=g\",\"contentUrl\":\"https:\\\/\\\/secure.gravatar.com\\\/avatar\\\/4c81fed838786e9b53f540bf46533e750f5d292099ae3b66cfc6fb1982e29df7?s=96&d=mm&r=g\",\"caption\":\"admin\"},\"description\":\"admin\",\"url\":\"https:\\\/\\\/lasentinelle.dz\\\/author\\\/admin\\\/\"}]}<\/script>\n<!-- \/ Yoast SEO plugin. -->","yoast_head_json":{"title":"CAN-2025\u00a0:\u00a0Petkovic d\u00e9voile sa liste et fixe ses objectifs - La Sentinelle","robots":{"index":"index","follow":"follow","max-snippet":"max-snippet:-1","max-image-preview":"max-image-preview:large","max-video-preview":"max-video-preview:-1"},"canonical":"https:\/\/lasentinelle.dz\/index.php\/2025\/12\/13\/can-2025-petkovic-devoile-sa-liste-et-fixe-ses-objectifs\/","og_locale":"fr_FR","og_type":"article","og_title":"CAN-2025\u00a0:\u00a0Petkovic d\u00e9voile sa liste et fixe ses objectifs - La Sentinelle","og_description":"Le s\u00e9lectionneur de l&rsquo;\u00e9quipe nationale de football, Vladimir Petkovic, a d\u00e9voil\u00e9 samedi une liste de 28 joueurs en vue de","og_url":"https:\/\/lasentinelle.dz\/index.php\/2025\/12\/13\/can-2025-petkovic-devoile-sa-liste-et-fixe-ses-objectifs\/","og_site_name":"La Sentinelle","article_publisher":"https:\/\/www.facebook.com\/La-Sentinelle-104059864394773","article_published_time":"2025-12-13T18:20:42+00:00","article_modified_time":"2025-12-13T18:20:44+00:00","og_image":[{"width":1440,"height":958,"url":"https:\/\/lasentinelle.dz\/wp-content\/uploads\/2025\/05\/Petkovic.jpg","type":"image\/jpeg"}],"author":"admin","twitter_card":"summary_large_image","twitter_misc":{"\u00c9crit par":"admin","Dur\u00e9e de lecture estim\u00e9e":"6 minutes"},"schema":{"@context":"https:\/\/schema.org","@graph":[{"@type":"Article","@id":"https:\/\/lasentinelle.dz\/index.php\/2025\/12\/13\/can-2025-petkovic-devoile-sa-liste-et-fixe-ses-objectifs\/#article","isPartOf":{"@id":"https:\/\/lasentinelle.dz\/index.php\/2025\/12\/13\/can-2025-petkovic-devoile-sa-liste-et-fixe-ses-objectifs\/"},"author":{"name":"admin","@id":"https:\/\/lasentinelle.dz\/#\/schema\/person\/729ee0024f24e0b8c5ec17232f8e8b41"},"headline":"CAN-2025\u00a0:\u00a0Petkovic d\u00e9voile sa liste et fixe ses objectifs","datePublished":"2025-12-13T18:20:42+00:00","dateModified":"2025-12-13T18:20:44+00:00","mainEntityOfPage":{"@id":"https:\/\/lasentinelle.dz\/index.php\/2025\/12\/13\/can-2025-petkovic-devoile-sa-liste-et-fixe-ses-objectifs\/"},"wordCount":1152,"commentCount":0,"publisher":{"@id":"https:\/\/lasentinelle.dz\/#organization"},"image":{"@id":"https:\/\/lasentinelle.dz\/index.php\/2025\/12\/13\/can-2025-petkovic-devoile-sa-liste-et-fixe-ses-objectifs\/#primaryimage"},"thumbnailUrl":"https:\/\/lasentinelle.dz\/wp-content\/uploads\/2025\/05\/Petkovic.jpg","articleSection":["\u00c0 la Une","Sports"],"inLanguage":"fr-FR","potentialAction":[{"@type":"CommentAction","name":"Comment","target":["https:\/\/lasentinelle.dz\/index.php\/2025\/12\/13\/can-2025-petkovic-devoile-sa-liste-et-fixe-ses-objectifs\/#respond"]}]},{"@type":"WebPage","@id":"https:\/\/lasentinelle.dz\/index.php\/2025\/12\/13\/can-2025-petkovic-devoile-sa-liste-et-fixe-ses-objectifs\/","url":"https:\/\/lasentinelle.dz\/index.php\/2025\/12\/13\/can-2025-petkovic-devoile-sa-liste-et-fixe-ses-objectifs\/","name":"CAN-2025\u00a0:\u00a0Petkovic d\u00e9voile sa liste et fixe ses objectifs - La Sentinelle","isPartOf":{"@id":"https:\/\/lasentinelle.dz\/#website"},"primaryImageOfPage":{"@id":"https:\/\/lasentinelle.dz\/index.php\/2025\/12\/13\/can-2025-petkovic-devoile-sa-liste-et-fixe-ses-objectifs\/#primaryimage"},"image":{"@id":"https:\/\/lasentinelle.dz\/index.php\/2025\/12\/13\/can-2025-petkovic-devoile-sa-liste-et-fixe-ses-objectifs\/#primaryimage"},"thumbnailUrl":"https:\/\/lasentinelle.dz\/wp-content\/uploads\/2025\/05\/Petkovic.jpg","datePublished":"2025-12-13T18:20:42+00:00","dateModified":"2025-12-13T18:20:44+00:00","breadcrumb":{"@id":"https:\/\/lasentinelle.dz\/index.php\/2025\/12\/13\/can-2025-petkovic-devoile-sa-liste-et-fixe-ses-objectifs\/#breadcrumb"},"inLanguage":"fr-FR","potentialAction":[{"@type":"ReadAction","target":["https:\/\/lasentinelle.dz\/index.php\/2025\/12\/13\/can-2025-petkovic-devoile-sa-liste-et-fixe-ses-objectifs\/"]}]},{"@type":"ImageObject","inLanguage":"fr-FR","@id":"https:\/\/lasentinelle.dz\/index.php\/2025\/12\/13\/can-2025-petkovic-devoile-sa-liste-et-fixe-ses-objectifs\/#primaryimage","url":"https:\/\/lasentinelle.dz\/wp-content\/uploads\/2025\/05\/Petkovic.jpg","contentUrl":"https:\/\/lasentinelle.dz\/wp-content\/uploads\/2025\/05\/Petkovic.jpg","width":1440,"height":958},{"@type":"BreadcrumbList","@id":"https:\/\/lasentinelle.dz\/index.php\/2025\/12\/13\/can-2025-petkovic-devoile-sa-liste-et-fixe-ses-objectifs\/#breadcrumb","itemListElement":[{"@type":"ListItem","position":1,"name":"Accueil","item":"https:\/\/lasentinelle.dz\/"},{"@type":"ListItem","position":2,"name":"CAN-2025\u00a0:\u00a0Petkovic d\u00e9voile sa liste et fixe ses objectifs"}]},{"@type":"WebSite","@id":"https:\/\/lasentinelle.dz\/#website","url":"https:\/\/lasentinelle.dz\/","name":"La Sentinelle","description":"Quotidien national d&#039;information","publisher":{"@id":"https:\/\/lasentinelle.dz\/#organization"},"potentialAction":[{"@type":"SearchAction","target":{"@type":"EntryPoint","urlTemplate":"https:\/\/lasentinelle.dz\/?s={search_term_string}"},"query-input":{"@type":"PropertyValueSpecification","valueRequired":true,"valueName":"search_term_string"}}],"inLanguage":"fr-FR"},{"@type":"Organization","@id":"https:\/\/lasentinelle.dz\/#organization","name":"Quotidien La Sentinelle","url":"https:\/\/lasentinelle.dz\/","logo":{"@type":"ImageObject","inLanguage":"fr-FR","@id":"https:\/\/lasentinelle.dz\/#\/schema\/logo\/image\/","url":"https:\/\/lasentinelle.dz\/wp-content\/uploads\/2021\/09\/logo-sentinelleSLOGAN-1.png","contentUrl":"https:\/\/lasentinelle.dz\/wp-content\/uploads\/2021\/09\/logo-sentinelleSLOGAN-1.png","width":615,"height":142,"caption":"Quotidien La Sentinelle"},"image":{"@id":"https:\/\/lasentinelle.dz\/#\/schema\/logo\/image\/"},"sameAs":["https:\/\/www.facebook.com\/La-Sentinelle-104059864394773"]},{"@type":"Person","@id":"https:\/\/lasentinelle.dz\/#\/schema\/person\/729ee0024f24e0b8c5ec17232f8e8b41","name":"admin","image":{"@type":"ImageObject","inLanguage":"fr-FR","@id":"https:\/\/secure.gravatar.com\/avatar\/4c81fed838786e9b53f540bf46533e750f5d292099ae3b66cfc6fb1982e29df7?s=96&d=mm&r=g","url":"https:\/\/secure.gravatar.com\/avatar\/4c81fed838786e9b53f540bf46533e750f5d292099ae3b66cfc6fb1982e29df7?s=96&d=mm&r=g","contentUrl":"https:\/\/secure.gravatar.com\/avatar\/4c81fed838786e9b53f540bf46533e750f5d292099ae3b66cfc6fb1982e29df7?s=96&d=mm&r=g","caption":"admin"},"description":"admin","url":"https:\/\/lasentinelle.dz\/author\/admin\/"}]}},"_links":{"self":[{"href":"https:\/\/lasentinelle.dz\/index.php\/wp-json\/wp\/v2\/posts\/77695","targetHints":{"allow":["GET"]}}],"collection":[{"href":"https:\/\/lasentinelle.dz\/index.php\/wp-json\/wp\/v2\/posts"}],"about":[{"href":"https:\/\/lasentinelle.dz\/index.php\/wp-json\/wp\/v2\/types\/post"}],"author":[{"embeddable":true,"href":"https:\/\/lasentinelle.dz\/index.php\/wp-json\/wp\/v2\/users\/6"}],"replies":[{"embeddable":true,"href":"https:\/\/lasentinelle.dz\/index.php\/wp-json\/wp\/v2\/comments?post=77695"}],"version-history":[{"count":1,"href":"https:\/\/lasentinelle.dz\/index.php\/wp-json\/wp\/v2\/posts\/77695\/revisions"}],"predecessor-version":[{"id":77696,"href":"https:\/\/lasentinelle.dz\/index.php\/wp-json\/wp\/v2\/posts\/77695\/revisions\/77696"}],"wp:featuredmedia":[{"embeddable":true,"href":"https:\/\/lasentinelle.dz\/index.php\/wp-json\/wp\/v2\/media\/68065"}],"wp:attachment":[{"href":"https:\/\/lasentinelle.dz\/index.php\/wp-json\/wp\/v2\/media?parent=77695"}],"wp:term":[{"taxonomy":"category","embeddable":true,"href":"https:\/\/lasentinelle.dz\/index.php\/wp-json\/wp\/v2\/categories?post=77695"},{"taxonomy":"post_tag","embeddable":true,"href":"https:\/\/lasentinelle.dz\/index.php\/wp-json\/wp\/v2\/tags?post=77695"}],"curies":[{"name":"wp","href":"https:\/\/api.w.org\/{rel}","templated":true}]}}