{"id":77702,"date":"2025-12-13T19:24:45","date_gmt":"2025-12-13T18:24:45","guid":{"rendered":"https:\/\/lasentinelle.dz\/?p=77702"},"modified":"2025-12-13T19:24:46","modified_gmt":"2025-12-13T18:24:46","slug":"les-conditions-de-labellisation-des-startups-et-projets-innovants-revisees-un-nouveau-label-scale-up-cree","status":"publish","type":"post","link":"https:\/\/lasentinelle.dz\/index.php\/2025\/12\/13\/les-conditions-de-labellisation-des-startups-et-projets-innovants-revisees-un-nouveau-label-scale-up-cree\/","title":{"rendered":"Les conditions de labellisation des startups et projets innovants r\u00e9vis\u00e9es\u00a0: Un nouveau label \u00ab\u00a0Scale-up\u00a0\u00bb\u00a0cr\u00e9\u00e9"},"content":{"rendered":"\n<p>Les autorit\u00e9s ont engag\u00e9 une restructuration de&nbsp;l\u2019\u00e9cosyst\u00e8me d&rsquo;innovation avec la publication du d\u00e9cret ex\u00e9cutif n\u00b0 25-311 du 1er d\u00e9cembre 2025, qui introduit un nouveau label \u00ab\u00a0Scale-up\u00a0\u00bb et r\u00e9vise en profondeur les conditions d&rsquo;attribution et de renouvellement des labels existants pour les start-up, incubateurs et projets innovants.&nbsp;Ce texte r\u00e9glementaire, publi\u00e9 au Journal officiel du 7 d\u00e9cembre 2025, modifie et compl\u00e8te le d\u00e9cret ex\u00e9cutif n\u00b0 20-254 du 15 septembre 2020, \u00e9largissant ainsi les pr\u00e9rogatives du comit\u00e9 national de lab\u00e9lisation pour y inclure d\u00e9sormais \u00ab\u00a0l&rsquo;attribution du label Scale-up\u00a0\u00bb. Cette nouvelle cat\u00e9gorie r\u00e9pond \u00e0 un besoin identifi\u00e9 dans l&rsquo;\u00e9cosyst\u00e8me entrepreneurial alg\u00e9rien : accompagner les entreprises en phase d&rsquo;hyper-croissance qui ont d\u00e9pass\u00e9 le stade de la start-up.&nbsp;Le d\u00e9cret d\u00e9finit avec pr\u00e9cision les contours de ce nouveau label. Selon l&rsquo;article 31 bis 2, est consid\u00e9r\u00e9e comme Scale-up \u00ab\u00a0toute soci\u00e9t\u00e9 de droit alg\u00e9rien\u00a0\u00bb dont \u00ab\u00a0le mod\u00e8le d&rsquo;affaires doit s&rsquo;appuyer sur des produits, services ou un business model innovant\u00a0\u00bb et qui affiche \u00ab\u00a0une augmentation du chiffre d&rsquo;affaires au taux de 20%, au moins, durant les trois derni\u00e8res ann\u00e9es\u00a0\u00bb. Le texte impose \u00e9galement \u00ab\u00a0l&rsquo;affectation d&rsquo;un taux de 3%, au moins, des revenus ou du capital de la soci\u00e9t\u00e9 \u00e0 l&rsquo;investissement dans la recherche et le d\u00e9veloppement\u00a0\u00bb, consacrant ainsi l&rsquo;innovation comme crit\u00e8re central.<\/p>\n\n\n\n<p>Les modalit\u00e9s d&rsquo;obtention du label Scale-up s&rsquo;inscrivent dans une d\u00e9marche de digitalisation administrative. Les candidats doivent pr\u00e9senter leur demande \u00ab\u00a0via le portail \u00e9lectronique national des start-up\u00a0\u00bb, accompagn\u00e9e d&rsquo;un dossier complet comprenant notamment \u00ab\u00a0une pr\u00e9sentation vid\u00e9o d\u00e9taill\u00e9e de la croissance de la soci\u00e9t\u00e9 d&rsquo;une dur\u00e9e de 3 minutes\u00a0\u00bb et \u00ab\u00a0tout document de propri\u00e9t\u00e9 intellectuelle\u00a0\u00bb attestant de leur trajectoire innovante. Le d\u00e9lai de traitement est fix\u00e9 \u00e0 \u00ab\u00a0trente jours, \u00e0 compter de la date du d\u00e9p\u00f4t de la demande\u00a0\u00bb, garantissant ainsi une r\u00e9activit\u00e9 administrative. Ce label est octroy\u00e9 \u00ab\u00a0pour une dur\u00e9e de quatre ans, renouvelable\u00a0\u00bb.<\/p>\n\n\n\n<p>Parall\u00e8lement \u00e0 cette cr\u00e9ation, le d\u00e9cret r\u00e9vise substantiellement les conditions applicables aux start-up. L&rsquo;article 14 maintient la dur\u00e9e du label \u00e0 \u00ab\u00a0quatre ans, renouvelable une fois\u00a0\u00bb, mais introduit de nouveaux crit\u00e8res de renouvellement. Le capital social doit \u00eatre \u00ab\u00a0d\u00e9tenu \u00e0 50%, au moins, par des personnes physiques, des fonds d&rsquo;investissement agr\u00e9\u00e9s ou d&rsquo;autres entreprises d\u00e9tentrices du label Start-up ou d\u00e9tentrices du label Incubateur\u00a0\u00bb. Les start-up candidates au renouvellement devront d\u00e9montrer leurs performances \u00e0 travers \u00ab\u00a0les revenus des trois derni\u00e8res ann\u00e9es\u00a0\u00bb, \u00ab\u00a0l&rsquo;\u00e9volution du nombre de clients ou d&rsquo;utilisateurs\u00a0\u00bb, \u00ab\u00a0le bilan des lev\u00e9es de fonds r\u00e9alis\u00e9es\u00a0\u00bb et \u00ab\u00a0le nombre de brevets ou de logiciels enregistr\u00e9s obtenus\u00a0\u00bb.<\/p>\n\n\n\n<p>Pour les incubateurs, le texte porte la dur\u00e9e du label \u00e0 \u00ab\u00a0cinq ans, renouvelable\u00a0\u00bb et conditionne le renouvellement \u00e0 la pr\u00e9sentation de r\u00e9sultats concrets, notamment \u00ab\u00a0la liste des projets incub\u00e9s ayant obtenu le label Projet innovant\u00a0\u00bb, \u00ab\u00a0la liste des projets incub\u00e9s ayant obtenu le label Start-up\u00a0\u00bb et d\u00e9sormais \u00ab\u00a0la liste des projets incub\u00e9s ayant obtenu le label Scale-up\u00a0\u00bb, cr\u00e9ant ainsi un continuum vertueux dans l&rsquo;accompagnement entrepreneurial.&nbsp;Le d\u00e9cret introduit \u00e9galement une modernisation notable des modalit\u00e9s de fonctionnement du comit\u00e9 national, pr\u00e9cisant qu&rsquo;est \u00ab\u00a0r\u00e9put\u00e9 pr\u00e9sent, tout membre qui participe aux r\u00e9unions du comit\u00e9 national par visioconf\u00e9rence ou par tout autre moyen de t\u00e9l\u00e9communication permettant son identification\u00a0\u00bb, adaptation bienvenue aux pratiques contemporaines de gouvernance.<\/p>\n\n\n\n<p>Cette r\u00e9forme d&rsquo;envergure t\u00e9moigne de la volont\u00e9 des autorit\u00e9s alg\u00e9riennes de structurer un \u00e9cosyst\u00e8me entrepreneurial complet, capable d&rsquo;accompagner les entreprises innovantes de leur \u00e9mergence jusqu&rsquo;\u00e0 leur phase de croissance acc\u00e9l\u00e9r\u00e9e, tout en renfor\u00e7ant les exigences de performance et de transparence.<\/p>\n\n\n\n<p>Amar Malki<\/p>\n","protected":false},"excerpt":{"rendered":"<p>Les autorit\u00e9s ont engag\u00e9 une restructuration de&nbsp;l\u2019\u00e9cosyst\u00e8me d&rsquo;innovation avec la publication du d\u00e9cret ex\u00e9cutif n\u00b0 25-311 du 1er d\u00e9cembre 2025,<\/p>\n","protected":false},"author":6,"featured_media":10678,"comment_status":"open","ping_status":"closed","sticky":false,"template":"","format":"standard","meta":{"colormag_page_container_layout":"default_layout","colormag_page_sidebar_layout":"default_layout","om_disable_all_campaigns":false,"_monsterinsights_skip_tracking":false,"_monsterinsights_sitenote_active":false,"_monsterinsights_sitenote_note":"","_monsterinsights_sitenote_category":0,"footnotes":"","_wpscppro_dont_share_socialmedia":false,"_wpscppro_custom_social_share_image":0,"_facebook_share_type":"default","_twitter_share_type":"default","_linkedin_share_type":"default","_pinterest_share_type":"default","_linkedin_share_type_page":"","_instagram_share_type":"default","_medium_share_type":"default","_threads_share_type":"default","_google_business_share_type":"default","_selected_social_profile":[],"_wpsp_enable_custom_social_template":false,"_wpsp_social_scheduling":{"enabled":false,"datetime":null,"platforms":[],"status":"template_only","dateOption":"today","timeOption":"now","customDays":"","customHours":"","customDate":"","customTime":"","schedulingType":"absolute"},"_wpsp_active_default_template":true},"categories":[29],"tags":[],"class_list":["post-77702","post","type-post","status-publish","format-standard","has-post-thumbnail","hentry","category-economie"],"aioseo_notices":[],"yoast_head":"<!-- This site is optimized with the Yoast SEO plugin v27.5 - https:\/\/yoast.com\/product\/yoast-seo-wordpress\/ -->\n<title>Les conditions de labellisation des startups et projets innovants r\u00e9vis\u00e9es\u00a0: Un nouveau label \u00ab\u00a0Scale-up\u00a0\u00bb\u00a0cr\u00e9\u00e9 - La Sentinelle<\/title>\n<meta name=\"robots\" content=\"index, follow, max-snippet:-1, max-image-preview:large, max-video-preview:-1\" \/>\n<link rel=\"canonical\" href=\"https:\/\/lasentinelle.dz\/index.php\/2025\/12\/13\/les-conditions-de-labellisation-des-startups-et-projets-innovants-revisees-un-nouveau-label-scale-up-cree\/\" \/>\n<meta property=\"og:locale\" content=\"fr_FR\" \/>\n<meta property=\"og:type\" content=\"article\" \/>\n<meta property=\"og:title\" content=\"Les conditions de labellisation des startups et projets innovants r\u00e9vis\u00e9es\u00a0: Un nouveau label \u00ab\u00a0Scale-up\u00a0\u00bb\u00a0cr\u00e9\u00e9 - La Sentinelle\" \/>\n<meta property=\"og:description\" content=\"Les autorit\u00e9s ont engag\u00e9 une restructuration de&nbsp;l\u2019\u00e9cosyst\u00e8me d&rsquo;innovation avec la publication du d\u00e9cret ex\u00e9cutif n\u00b0 25-311 du 1er d\u00e9cembre 2025,\" \/>\n<meta property=\"og:url\" content=\"https:\/\/lasentinelle.dz\/index.php\/2025\/12\/13\/les-conditions-de-labellisation-des-startups-et-projets-innovants-revisees-un-nouveau-label-scale-up-cree\/\" \/>\n<meta property=\"og:site_name\" content=\"La Sentinelle\" \/>\n<meta property=\"article:publisher\" content=\"https:\/\/www.facebook.com\/La-Sentinelle-104059864394773\" \/>\n<meta property=\"article:published_time\" content=\"2025-12-13T18:24:45+00:00\" \/>\n<meta property=\"article:modified_time\" content=\"2025-12-13T18:24:46+00:00\" \/>\n<meta property=\"og:image\" content=\"https:\/\/lasentinelle.dz\/wp-content\/uploads\/2021\/10\/startups.jpeg\" \/>\n\t<meta property=\"og:image:width\" content=\"512\" \/>\n\t<meta property=\"og:image:height\" content=\"341\" \/>\n\t<meta property=\"og:image:type\" content=\"image\/jpeg\" \/>\n<meta name=\"author\" content=\"admin\" \/>\n<meta name=\"twitter:card\" content=\"summary_large_image\" \/>\n<meta name=\"twitter:label1\" content=\"\u00c9crit par\" \/>\n\t<meta name=\"twitter:data1\" content=\"admin\" \/>\n\t<meta name=\"twitter:label2\" content=\"Dur\u00e9e de lecture estim\u00e9e\" \/>\n\t<meta name=\"twitter:data2\" content=\"4 minutes\" \/>\n<script type=\"application\/ld+json\" class=\"yoast-schema-graph\">{\"@context\":\"https:\\\/\\\/schema.org\",\"@graph\":[{\"@type\":\"Article\",\"@id\":\"https:\\\/\\\/lasentinelle.dz\\\/index.php\\\/2025\\\/12\\\/13\\\/les-conditions-de-labellisation-des-startups-et-projets-innovants-revisees-un-nouveau-label-scale-up-cree\\\/#article\",\"isPartOf\":{\"@id\":\"https:\\\/\\\/lasentinelle.dz\\\/index.php\\\/2025\\\/12\\\/13\\\/les-conditions-de-labellisation-des-startups-et-projets-innovants-revisees-un-nouveau-label-scale-up-cree\\\/\"},\"author\":{\"name\":\"admin\",\"@id\":\"https:\\\/\\\/lasentinelle.dz\\\/#\\\/schema\\\/person\\\/729ee0024f24e0b8c5ec17232f8e8b41\"},\"headline\":\"Les conditions de labellisation des startups et projets innovants r\u00e9vis\u00e9es\u00a0: Un nouveau label \u00ab\u00a0Scale-up\u00a0\u00bb\u00a0cr\u00e9\u00e9\",\"datePublished\":\"2025-12-13T18:24:45+00:00\",\"dateModified\":\"2025-12-13T18:24:46+00:00\",\"mainEntityOfPage\":{\"@id\":\"https:\\\/\\\/lasentinelle.dz\\\/index.php\\\/2025\\\/12\\\/13\\\/les-conditions-de-labellisation-des-startups-et-projets-innovants-revisees-un-nouveau-label-scale-up-cree\\\/\"},\"wordCount\":673,\"commentCount\":0,\"publisher\":{\"@id\":\"https:\\\/\\\/lasentinelle.dz\\\/#organization\"},\"image\":{\"@id\":\"https:\\\/\\\/lasentinelle.dz\\\/index.php\\\/2025\\\/12\\\/13\\\/les-conditions-de-labellisation-des-startups-et-projets-innovants-revisees-un-nouveau-label-scale-up-cree\\\/#primaryimage\"},\"thumbnailUrl\":\"https:\\\/\\\/lasentinelle.dz\\\/wp-content\\\/uploads\\\/2021\\\/10\\\/startups.jpeg\",\"articleSection\":[\"\u00c9conomie\"],\"inLanguage\":\"fr-FR\",\"potentialAction\":[{\"@type\":\"CommentAction\",\"name\":\"Comment\",\"target\":[\"https:\\\/\\\/lasentinelle.dz\\\/index.php\\\/2025\\\/12\\\/13\\\/les-conditions-de-labellisation-des-startups-et-projets-innovants-revisees-un-nouveau-label-scale-up-cree\\\/#respond\"]}]},{\"@type\":\"WebPage\",\"@id\":\"https:\\\/\\\/lasentinelle.dz\\\/index.php\\\/2025\\\/12\\\/13\\\/les-conditions-de-labellisation-des-startups-et-projets-innovants-revisees-un-nouveau-label-scale-up-cree\\\/\",\"url\":\"https:\\\/\\\/lasentinelle.dz\\\/index.php\\\/2025\\\/12\\\/13\\\/les-conditions-de-labellisation-des-startups-et-projets-innovants-revisees-un-nouveau-label-scale-up-cree\\\/\",\"name\":\"Les conditions de labellisation des startups et projets innovants r\u00e9vis\u00e9es\u00a0: Un nouveau label \u00ab\u00a0Scale-up\u00a0\u00bb\u00a0cr\u00e9\u00e9 - La Sentinelle\",\"isPartOf\":{\"@id\":\"https:\\\/\\\/lasentinelle.dz\\\/#website\"},\"primaryImageOfPage\":{\"@id\":\"https:\\\/\\\/lasentinelle.dz\\\/index.php\\\/2025\\\/12\\\/13\\\/les-conditions-de-labellisation-des-startups-et-projets-innovants-revisees-un-nouveau-label-scale-up-cree\\\/#primaryimage\"},\"image\":{\"@id\":\"https:\\\/\\\/lasentinelle.dz\\\/index.php\\\/2025\\\/12\\\/13\\\/les-conditions-de-labellisation-des-startups-et-projets-innovants-revisees-un-nouveau-label-scale-up-cree\\\/#primaryimage\"},\"thumbnailUrl\":\"https:\\\/\\\/lasentinelle.dz\\\/wp-content\\\/uploads\\\/2021\\\/10\\\/startups.jpeg\",\"datePublished\":\"2025-12-13T18:24:45+00:00\",\"dateModified\":\"2025-12-13T18:24:46+00:00\",\"breadcrumb\":{\"@id\":\"https:\\\/\\\/lasentinelle.dz\\\/index.php\\\/2025\\\/12\\\/13\\\/les-conditions-de-labellisation-des-startups-et-projets-innovants-revisees-un-nouveau-label-scale-up-cree\\\/#breadcrumb\"},\"inLanguage\":\"fr-FR\",\"potentialAction\":[{\"@type\":\"ReadAction\",\"target\":[\"https:\\\/\\\/lasentinelle.dz\\\/index.php\\\/2025\\\/12\\\/13\\\/les-conditions-de-labellisation-des-startups-et-projets-innovants-revisees-un-nouveau-label-scale-up-cree\\\/\"]}]},{\"@type\":\"ImageObject\",\"inLanguage\":\"fr-FR\",\"@id\":\"https:\\\/\\\/lasentinelle.dz\\\/index.php\\\/2025\\\/12\\\/13\\\/les-conditions-de-labellisation-des-startups-et-projets-innovants-revisees-un-nouveau-label-scale-up-cree\\\/#primaryimage\",\"url\":\"https:\\\/\\\/lasentinelle.dz\\\/wp-content\\\/uploads\\\/2021\\\/10\\\/startups.jpeg\",\"contentUrl\":\"https:\\\/\\\/lasentinelle.dz\\\/wp-content\\\/uploads\\\/2021\\\/10\\\/startups.jpeg\",\"width\":512,\"height\":341},{\"@type\":\"BreadcrumbList\",\"@id\":\"https:\\\/\\\/lasentinelle.dz\\\/index.php\\\/2025\\\/12\\\/13\\\/les-conditions-de-labellisation-des-startups-et-projets-innovants-revisees-un-nouveau-label-scale-up-cree\\\/#breadcrumb\",\"itemListElement\":[{\"@type\":\"ListItem\",\"position\":1,\"name\":\"Accueil\",\"item\":\"https:\\\/\\\/lasentinelle.dz\\\/\"},{\"@type\":\"ListItem\",\"position\":2,\"name\":\"Les conditions de labellisation des startups et projets innovants r\u00e9vis\u00e9es\u00a0: Un nouveau label \u00ab\u00a0Scale-up\u00a0\u00bb\u00a0cr\u00e9\u00e9\"}]},{\"@type\":\"WebSite\",\"@id\":\"https:\\\/\\\/lasentinelle.dz\\\/#website\",\"url\":\"https:\\\/\\\/lasentinelle.dz\\\/\",\"name\":\"La Sentinelle\",\"description\":\"Quotidien national d&#039;information\",\"publisher\":{\"@id\":\"https:\\\/\\\/lasentinelle.dz\\\/#organization\"},\"potentialAction\":[{\"@type\":\"SearchAction\",\"target\":{\"@type\":\"EntryPoint\",\"urlTemplate\":\"https:\\\/\\\/lasentinelle.dz\\\/?s={search_term_string}\"},\"query-input\":{\"@type\":\"PropertyValueSpecification\",\"valueRequired\":true,\"valueName\":\"search_term_string\"}}],\"inLanguage\":\"fr-FR\"},{\"@type\":\"Organization\",\"@id\":\"https:\\\/\\\/lasentinelle.dz\\\/#organization\",\"name\":\"Quotidien La Sentinelle\",\"url\":\"https:\\\/\\\/lasentinelle.dz\\\/\",\"logo\":{\"@type\":\"ImageObject\",\"inLanguage\":\"fr-FR\",\"@id\":\"https:\\\/\\\/lasentinelle.dz\\\/#\\\/schema\\\/logo\\\/image\\\/\",\"url\":\"https:\\\/\\\/lasentinelle.dz\\\/wp-content\\\/uploads\\\/2021\\\/09\\\/logo-sentinelleSLOGAN-1.png\",\"contentUrl\":\"https:\\\/\\\/lasentinelle.dz\\\/wp-content\\\/uploads\\\/2021\\\/09\\\/logo-sentinelleSLOGAN-1.png\",\"width\":615,\"height\":142,\"caption\":\"Quotidien La Sentinelle\"},\"image\":{\"@id\":\"https:\\\/\\\/lasentinelle.dz\\\/#\\\/schema\\\/logo\\\/image\\\/\"},\"sameAs\":[\"https:\\\/\\\/www.facebook.com\\\/La-Sentinelle-104059864394773\"]},{\"@type\":\"Person\",\"@id\":\"https:\\\/\\\/lasentinelle.dz\\\/#\\\/schema\\\/person\\\/729ee0024f24e0b8c5ec17232f8e8b41\",\"name\":\"admin\",\"image\":{\"@type\":\"ImageObject\",\"inLanguage\":\"fr-FR\",\"@id\":\"https:\\\/\\\/secure.gravatar.com\\\/avatar\\\/4c81fed838786e9b53f540bf46533e750f5d292099ae3b66cfc6fb1982e29df7?s=96&d=mm&r=g\",\"url\":\"https:\\\/\\\/secure.gravatar.com\\\/avatar\\\/4c81fed838786e9b53f540bf46533e750f5d292099ae3b66cfc6fb1982e29df7?s=96&d=mm&r=g\",\"contentUrl\":\"https:\\\/\\\/secure.gravatar.com\\\/avatar\\\/4c81fed838786e9b53f540bf46533e750f5d292099ae3b66cfc6fb1982e29df7?s=96&d=mm&r=g\",\"caption\":\"admin\"},\"description\":\"admin\",\"url\":\"https:\\\/\\\/lasentinelle.dz\\\/author\\\/admin\\\/\"}]}<\/script>\n<!-- \/ Yoast SEO plugin. -->","yoast_head_json":{"title":"Les conditions de labellisation des startups et projets innovants r\u00e9vis\u00e9es\u00a0: Un nouveau label \u00ab\u00a0Scale-up\u00a0\u00bb\u00a0cr\u00e9\u00e9 - La Sentinelle","robots":{"index":"index","follow":"follow","max-snippet":"max-snippet:-1","max-image-preview":"max-image-preview:large","max-video-preview":"max-video-preview:-1"},"canonical":"https:\/\/lasentinelle.dz\/index.php\/2025\/12\/13\/les-conditions-de-labellisation-des-startups-et-projets-innovants-revisees-un-nouveau-label-scale-up-cree\/","og_locale":"fr_FR","og_type":"article","og_title":"Les conditions de labellisation des startups et projets innovants r\u00e9vis\u00e9es\u00a0: Un nouveau label \u00ab\u00a0Scale-up\u00a0\u00bb\u00a0cr\u00e9\u00e9 - La Sentinelle","og_description":"Les autorit\u00e9s ont engag\u00e9 une restructuration de&nbsp;l\u2019\u00e9cosyst\u00e8me d&rsquo;innovation avec la publication du d\u00e9cret ex\u00e9cutif n\u00b0 25-311 du 1er d\u00e9cembre 2025,","og_url":"https:\/\/lasentinelle.dz\/index.php\/2025\/12\/13\/les-conditions-de-labellisation-des-startups-et-projets-innovants-revisees-un-nouveau-label-scale-up-cree\/","og_site_name":"La Sentinelle","article_publisher":"https:\/\/www.facebook.com\/La-Sentinelle-104059864394773","article_published_time":"2025-12-13T18:24:45+00:00","article_modified_time":"2025-12-13T18:24:46+00:00","og_image":[{"width":512,"height":341,"url":"https:\/\/lasentinelle.dz\/wp-content\/uploads\/2021\/10\/startups.jpeg","type":"image\/jpeg"}],"author":"admin","twitter_card":"summary_large_image","twitter_misc":{"\u00c9crit par":"admin","Dur\u00e9e de lecture estim\u00e9e":"4 minutes"},"schema":{"@context":"https:\/\/schema.org","@graph":[{"@type":"Article","@id":"https:\/\/lasentinelle.dz\/index.php\/2025\/12\/13\/les-conditions-de-labellisation-des-startups-et-projets-innovants-revisees-un-nouveau-label-scale-up-cree\/#article","isPartOf":{"@id":"https:\/\/lasentinelle.dz\/index.php\/2025\/12\/13\/les-conditions-de-labellisation-des-startups-et-projets-innovants-revisees-un-nouveau-label-scale-up-cree\/"},"author":{"name":"admin","@id":"https:\/\/lasentinelle.dz\/#\/schema\/person\/729ee0024f24e0b8c5ec17232f8e8b41"},"headline":"Les conditions de labellisation des startups et projets innovants r\u00e9vis\u00e9es\u00a0: Un nouveau label \u00ab\u00a0Scale-up\u00a0\u00bb\u00a0cr\u00e9\u00e9","datePublished":"2025-12-13T18:24:45+00:00","dateModified":"2025-12-13T18:24:46+00:00","mainEntityOfPage":{"@id":"https:\/\/lasentinelle.dz\/index.php\/2025\/12\/13\/les-conditions-de-labellisation-des-startups-et-projets-innovants-revisees-un-nouveau-label-scale-up-cree\/"},"wordCount":673,"commentCount":0,"publisher":{"@id":"https:\/\/lasentinelle.dz\/#organization"},"image":{"@id":"https:\/\/lasentinelle.dz\/index.php\/2025\/12\/13\/les-conditions-de-labellisation-des-startups-et-projets-innovants-revisees-un-nouveau-label-scale-up-cree\/#primaryimage"},"thumbnailUrl":"https:\/\/lasentinelle.dz\/wp-content\/uploads\/2021\/10\/startups.jpeg","articleSection":["\u00c9conomie"],"inLanguage":"fr-FR","potentialAction":[{"@type":"CommentAction","name":"Comment","target":["https:\/\/lasentinelle.dz\/index.php\/2025\/12\/13\/les-conditions-de-labellisation-des-startups-et-projets-innovants-revisees-un-nouveau-label-scale-up-cree\/#respond"]}]},{"@type":"WebPage","@id":"https:\/\/lasentinelle.dz\/index.php\/2025\/12\/13\/les-conditions-de-labellisation-des-startups-et-projets-innovants-revisees-un-nouveau-label-scale-up-cree\/","url":"https:\/\/lasentinelle.dz\/index.php\/2025\/12\/13\/les-conditions-de-labellisation-des-startups-et-projets-innovants-revisees-un-nouveau-label-scale-up-cree\/","name":"Les conditions de labellisation des startups et projets innovants r\u00e9vis\u00e9es\u00a0: Un nouveau label \u00ab\u00a0Scale-up\u00a0\u00bb\u00a0cr\u00e9\u00e9 - La Sentinelle","isPartOf":{"@id":"https:\/\/lasentinelle.dz\/#website"},"primaryImageOfPage":{"@id":"https:\/\/lasentinelle.dz\/index.php\/2025\/12\/13\/les-conditions-de-labellisation-des-startups-et-projets-innovants-revisees-un-nouveau-label-scale-up-cree\/#primaryimage"},"image":{"@id":"https:\/\/lasentinelle.dz\/index.php\/2025\/12\/13\/les-conditions-de-labellisation-des-startups-et-projets-innovants-revisees-un-nouveau-label-scale-up-cree\/#primaryimage"},"thumbnailUrl":"https:\/\/lasentinelle.dz\/wp-content\/uploads\/2021\/10\/startups.jpeg","datePublished":"2025-12-13T18:24:45+00:00","dateModified":"2025-12-13T18:24:46+00:00","breadcrumb":{"@id":"https:\/\/lasentinelle.dz\/index.php\/2025\/12\/13\/les-conditions-de-labellisation-des-startups-et-projets-innovants-revisees-un-nouveau-label-scale-up-cree\/#breadcrumb"},"inLanguage":"fr-FR","potentialAction":[{"@type":"ReadAction","target":["https:\/\/lasentinelle.dz\/index.php\/2025\/12\/13\/les-conditions-de-labellisation-des-startups-et-projets-innovants-revisees-un-nouveau-label-scale-up-cree\/"]}]},{"@type":"ImageObject","inLanguage":"fr-FR","@id":"https:\/\/lasentinelle.dz\/index.php\/2025\/12\/13\/les-conditions-de-labellisation-des-startups-et-projets-innovants-revisees-un-nouveau-label-scale-up-cree\/#primaryimage","url":"https:\/\/lasentinelle.dz\/wp-content\/uploads\/2021\/10\/startups.jpeg","contentUrl":"https:\/\/lasentinelle.dz\/wp-content\/uploads\/2021\/10\/startups.jpeg","width":512,"height":341},{"@type":"BreadcrumbList","@id":"https:\/\/lasentinelle.dz\/index.php\/2025\/12\/13\/les-conditions-de-labellisation-des-startups-et-projets-innovants-revisees-un-nouveau-label-scale-up-cree\/#breadcrumb","itemListElement":[{"@type":"ListItem","position":1,"name":"Accueil","item":"https:\/\/lasentinelle.dz\/"},{"@type":"ListItem","position":2,"name":"Les conditions de labellisation des startups et projets innovants r\u00e9vis\u00e9es\u00a0: Un nouveau label \u00ab\u00a0Scale-up\u00a0\u00bb\u00a0cr\u00e9\u00e9"}]},{"@type":"WebSite","@id":"https:\/\/lasentinelle.dz\/#website","url":"https:\/\/lasentinelle.dz\/","name":"La Sentinelle","description":"Quotidien national d&#039;information","publisher":{"@id":"https:\/\/lasentinelle.dz\/#organization"},"potentialAction":[{"@type":"SearchAction","target":{"@type":"EntryPoint","urlTemplate":"https:\/\/lasentinelle.dz\/?s={search_term_string}"},"query-input":{"@type":"PropertyValueSpecification","valueRequired":true,"valueName":"search_term_string"}}],"inLanguage":"fr-FR"},{"@type":"Organization","@id":"https:\/\/lasentinelle.dz\/#organization","name":"Quotidien La Sentinelle","url":"https:\/\/lasentinelle.dz\/","logo":{"@type":"ImageObject","inLanguage":"fr-FR","@id":"https:\/\/lasentinelle.dz\/#\/schema\/logo\/image\/","url":"https:\/\/lasentinelle.dz\/wp-content\/uploads\/2021\/09\/logo-sentinelleSLOGAN-1.png","contentUrl":"https:\/\/lasentinelle.dz\/wp-content\/uploads\/2021\/09\/logo-sentinelleSLOGAN-1.png","width":615,"height":142,"caption":"Quotidien La Sentinelle"},"image":{"@id":"https:\/\/lasentinelle.dz\/#\/schema\/logo\/image\/"},"sameAs":["https:\/\/www.facebook.com\/La-Sentinelle-104059864394773"]},{"@type":"Person","@id":"https:\/\/lasentinelle.dz\/#\/schema\/person\/729ee0024f24e0b8c5ec17232f8e8b41","name":"admin","image":{"@type":"ImageObject","inLanguage":"fr-FR","@id":"https:\/\/secure.gravatar.com\/avatar\/4c81fed838786e9b53f540bf46533e750f5d292099ae3b66cfc6fb1982e29df7?s=96&d=mm&r=g","url":"https:\/\/secure.gravatar.com\/avatar\/4c81fed838786e9b53f540bf46533e750f5d292099ae3b66cfc6fb1982e29df7?s=96&d=mm&r=g","contentUrl":"https:\/\/secure.gravatar.com\/avatar\/4c81fed838786e9b53f540bf46533e750f5d292099ae3b66cfc6fb1982e29df7?s=96&d=mm&r=g","caption":"admin"},"description":"admin","url":"https:\/\/lasentinelle.dz\/author\/admin\/"}]}},"_links":{"self":[{"href":"https:\/\/lasentinelle.dz\/index.php\/wp-json\/wp\/v2\/posts\/77702","targetHints":{"allow":["GET"]}}],"collection":[{"href":"https:\/\/lasentinelle.dz\/index.php\/wp-json\/wp\/v2\/posts"}],"about":[{"href":"https:\/\/lasentinelle.dz\/index.php\/wp-json\/wp\/v2\/types\/post"}],"author":[{"embeddable":true,"href":"https:\/\/lasentinelle.dz\/index.php\/wp-json\/wp\/v2\/users\/6"}],"replies":[{"embeddable":true,"href":"https:\/\/lasentinelle.dz\/index.php\/wp-json\/wp\/v2\/comments?post=77702"}],"version-history":[{"count":2,"href":"https:\/\/lasentinelle.dz\/index.php\/wp-json\/wp\/v2\/posts\/77702\/revisions"}],"predecessor-version":[{"id":77704,"href":"https:\/\/lasentinelle.dz\/index.php\/wp-json\/wp\/v2\/posts\/77702\/revisions\/77704"}],"wp:featuredmedia":[{"embeddable":true,"href":"https:\/\/lasentinelle.dz\/index.php\/wp-json\/wp\/v2\/media\/10678"}],"wp:attachment":[{"href":"https:\/\/lasentinelle.dz\/index.php\/wp-json\/wp\/v2\/media?parent=77702"}],"wp:term":[{"taxonomy":"category","embeddable":true,"href":"https:\/\/lasentinelle.dz\/index.php\/wp-json\/wp\/v2\/categories?post=77702"},{"taxonomy":"post_tag","embeddable":true,"href":"https:\/\/lasentinelle.dz\/index.php\/wp-json\/wp\/v2\/tags?post=77702"}],"curies":[{"name":"wp","href":"https:\/\/api.w.org\/{rel}","templated":true}]}}