{"id":77707,"date":"2025-12-13T19:26:35","date_gmt":"2025-12-13T18:26:35","guid":{"rendered":"https:\/\/lasentinelle.dz\/?p=77707"},"modified":"2025-12-13T19:26:37","modified_gmt":"2025-12-13T18:26:37","slug":"avec-un-taux-de-17-en-octobre-net-recul-de-linflation-en-2025","status":"publish","type":"post","link":"https:\/\/lasentinelle.dz\/index.php\/2025\/12\/13\/avec-un-taux-de-17-en-octobre-net-recul-de-linflation-en-2025\/","title":{"rendered":"Avec un taux de 1,7% en octobre\u00a0: Net recul de l\u2019inflation en 2025"},"content":{"rendered":"\n<p>L&rsquo;Alg\u00e9rie enregistre un net ralentissement de son inflation qui s&rsquo;\u00e9tablit \u00e0 1,7% en glissement annuel \u00e0 fin octobre 2025, contre 2,2% le mois pr\u00e9c\u00e9dent, selon l&rsquo;Office national des statistiques. Cette d\u00e9c\u00e9l\u00e9ration intervient dans un contexte de baisse annuelle des prix de 1,2% par rapport \u00e0 octobre 2024, malgr\u00e9 une hausse mensuelle de 0,8% essentiellement port\u00e9e par les produits alimentaires.<\/p>\n\n\n\n<p>L&rsquo;\u00e9conomie&nbsp;nationale&nbsp;affiche une ma\u00eetrise accrue de l&rsquo;inflation avec un taux annuel qui continue sa trajectoire descendante. Les derniers chiffres publi\u00e9s par l&rsquo;Office national des statistiques t\u00e9moignent d&rsquo;une situation particuli\u00e8rement favorable sur le front&nbsp;de la ma\u00eetrise&nbsp;des prix \u00e0 la consommation. Le rythme d&rsquo;inflation en glissement annuel, qui mesure l&rsquo;\u00e9volution de l&rsquo;indice des prix sur la p\u00e9riode allant de novembre 2024 \u00e0 octobre 2025 compar\u00e9e \u00e0 celle de novembre 2023 \u00e0 octobre 2024, se situe d\u00e9sormais \u00e0 1,7%, soit une baisse notable de 0,5 point par rapport au niveau observ\u00e9 en septembre dernier.&nbsp;Cette performance s&rsquo;inscrit dans une dynamique plus large de stabilisation des prix qui se manifeste particuli\u00e8rement dans la variation annuelle. En comparant les prix d&rsquo;octobre 2025 \u00e0 ceux d&rsquo;octobre 2024, l&rsquo;ONS constate m\u00eame une baisse significative de 1,2%, r\u00e9v\u00e9lant ainsi une r\u00e9elle d\u00e9tente du niveau g\u00e9n\u00e9ral des prix sur une ann\u00e9e. Ce recul annuel contraste toutefois avec l&rsquo;\u00e9volution mensuelle qui affiche une progression de 0,8% entre septembre et octobre 2025, alors que la m\u00eame p\u00e9riode de 2024 avait connu une l\u00e9g\u00e8re contraction de 0,1%.<\/p>\n\n\n\n<p>L&rsquo;analyse d\u00e9taill\u00e9e des composantes de cette inflation mensuelle r\u00e9v\u00e8le que les produits alimentaires constituent le principal moteur de cette hausse avec une progression de 1,6%. Cette augmentation fait suite \u00e0 une baisse de 0,7% enregistr\u00e9e en septembre et s&rsquo;explique principalement par les fluctuations des prix des produits agricoles frais. Ces derniers ont connu une augmentation substantielle de 3,3% sur le mois, touchant plusieurs cat\u00e9gories de produits essentiels dans le panier de consommation des m\u00e9nages alg\u00e9riens.&nbsp;Les l\u00e9gumes figurent parmi les produits ayant le plus contribu\u00e9 \u00e0 cette hausse avec une envol\u00e9e spectaculaire de 11,4% en un mois. Le secteur de la p\u00eache n&rsquo;est pas en reste avec une progression marqu\u00e9e des prix des poissons qui atteignent 24,2%, tandis que les \u0153ufs subissent une augmentation comparable de 22,3%. La viande et les abats de b\u0153uf suivent cette tendance haussi\u00e8re avec une progression plus mod\u00e9r\u00e9e de 2,2%. Cette flamb\u00e9e des prix agricoles frais s&rsquo;explique g\u00e9n\u00e9ralement par des facteurs saisonniers et des tensions ponctuelles sur l&rsquo;approvisionnement qui caract\u00e9risent traditionnellement cette p\u00e9riode de l&rsquo;ann\u00e9e.<\/p>\n\n\n\n<p>N\u00e9anmoins, tous les produits alimentaires ne suivent pas cette tendance haussi\u00e8re. Certaines denr\u00e9es affichent au contraire des baisses de prix appr\u00e9ciables pour les consommateurs. La viande de poulet enregistre ainsi un recul de 2,3%, tandis que la pomme de terre, produit de base dans l&rsquo;alimentation alg\u00e9rienne, voit son prix diminuer de 7,5%. Ces baisses permettent d&rsquo;att\u00e9nuer partiellement l&rsquo;impact de la hausse des autres produits agricoles sur le pouvoir d&rsquo;achat des m\u00e9nages.<\/p>\n\n\n\n<p>Du c\u00f4t\u00e9 des produits alimentaires industriels, la tendance est \u00e0 la stabilit\u00e9 voire \u00e0 la l\u00e9g\u00e8re baisse avec un recul de 0,3% sur le mois. Cette diminution s&rsquo;explique essentiellement par la baisse notable des prix des l\u00e9gumes secs qui affichent un recul de 3%.&nbsp;<\/p>\n\n\n\n<p>Les produits manufactur\u00e9s et les services se distinguent par une remarquable stabilit\u00e9 des prix en octobre. L&rsquo;ONS rel\u00e8ve des \u00e9volutions quasi nulles avec une progression de seulement 0,11% pour les produits manufactur\u00e9s et une variation n\u00e9gligeable de moins 0,01% pour les services. Cette stabilit\u00e9 t\u00e9moigne d&rsquo;un \u00e9quilibre entre l&rsquo;offre et la demande dans ces secteurs ainsi que d&rsquo;une ma\u00eetrise des co\u00fbts de production et de distribution.<\/p>\n\n\n\n<p>Pour affiner son analyse et \u00e9liminer les effets des variations saisonni\u00e8res qui peuvent fausser l&rsquo;interpr\u00e9tation des tendances de fond, l&rsquo;ONS calcule \u00e9galement un indice corrig\u00e9 des variations saisonni\u00e8res. Cet indicateur technique, qui lisse les fluctuations li\u00e9es aux cycles naturels de production et de consommation, r\u00e9v\u00e8le une hausse plus mod\u00e9r\u00e9e de 0,3% entre septembre et octobre 2025. Cette mesure confirme que la hausse mensuelle observ\u00e9e est en partie li\u00e9e \u00e0 des facteurs saisonniers temporaires plut\u00f4t qu&rsquo;\u00e0 une acc\u00e9l\u00e9ration structurelle de l&rsquo;inflation.<\/p>\n\n\n\n<p>L&rsquo;analyse comparative avec octobre 2024 permet de mesurer l&rsquo;ampleur de la d\u00e9sinflation en cours. La variation annuelle de moins 1,2% t\u00e9moigne d&rsquo;un environnement de prix particuli\u00e8rement favorable, largement inf\u00e9rieur aux objectifs de stabilit\u00e9 des prix g\u00e9n\u00e9ralement vis\u00e9s par les autorit\u00e9s mon\u00e9taires. Les produits alimentaires contribuent significativement \u00e0 cette performance avec une baisse annuelle impressionnante de 7,5%. Les produits agricoles frais accusent m\u00eame un recul de 11,2%, notamment sous l&rsquo;effet d&rsquo;une chute de 14,7% des prix de la viande et des abats de mouton. Les produits alimentaires industriels participent \u00e9galement \u00e0 cette tendance d\u00e9flationniste avec une diminution de 2,9%, marqu\u00e9e particuli\u00e8rement par l&rsquo;effondrement des prix du caf\u00e9, du th\u00e9 et des infusions qui chutent de 21,4%.<\/p>\n\n\n\n<p>Ces \u00e9volutions des prix \u00e0 la consommation s&rsquo;inscrivent dans un contexte \u00e9conomique national caract\u00e9ris\u00e9 par des efforts soutenus pour&nbsp;soutenir le pouvoir d\u2019achat des m\u00e9nages. L&rsquo;indice national des prix \u00e0 la consommation, \u00e9tabli sur la base d&rsquo;observations effectu\u00e9es dans un \u00e9chantillon de&nbsp;17&nbsp;villes et villages repr\u00e9sentatifs des diff\u00e9rentes r\u00e9gions du pays, permet aux autorit\u00e9s et aux analystes de disposer d&rsquo;une vision exhaustive de l&rsquo;\u00e9volution des prix sur l&rsquo;ensemble du territoire national.&nbsp;<\/p>\n\n\n\n<p>Sabrina Aziouez<\/p>\n","protected":false},"excerpt":{"rendered":"<p>L&rsquo;Alg\u00e9rie enregistre un net ralentissement de son inflation qui s&rsquo;\u00e9tablit \u00e0 1,7% en glissement annuel \u00e0 fin octobre 2025, contre<\/p>\n","protected":false},"author":6,"featured_media":62032,"comment_status":"open","ping_status":"closed","sticky":false,"template":"","format":"standard","meta":{"colormag_page_container_layout":"default_layout","colormag_page_sidebar_layout":"default_layout","om_disable_all_campaigns":false,"_monsterinsights_skip_tracking":false,"_monsterinsights_sitenote_active":false,"_monsterinsights_sitenote_note":"","_monsterinsights_sitenote_category":0,"footnotes":"","_wpscppro_dont_share_socialmedia":false,"_wpscppro_custom_social_share_image":0,"_facebook_share_type":"default","_twitter_share_type":"default","_linkedin_share_type":"default","_pinterest_share_type":"default","_linkedin_share_type_page":"","_instagram_share_type":"default","_medium_share_type":"default","_threads_share_type":"default","_google_business_share_type":"default","_selected_social_profile":[],"_wpsp_enable_custom_social_template":false,"_wpsp_social_scheduling":{"enabled":false,"datetime":null,"platforms":[],"status":"template_only","dateOption":"today","timeOption":"now","customDays":"","customHours":"","customDate":"","customTime":"","schedulingType":"absolute"},"_wpsp_active_default_template":true},"categories":[52,29],"tags":[],"class_list":["post-77707","post","type-post","status-publish","format-standard","has-post-thumbnail","hentry","category-a-la-une","category-economie"],"aioseo_notices":[],"yoast_head":"<!-- This site is optimized with the Yoast SEO plugin v27.5 - https:\/\/yoast.com\/product\/yoast-seo-wordpress\/ -->\n<title>Avec un taux de 1,7% en octobre\u00a0: Net recul de l\u2019inflation en 2025 - La Sentinelle<\/title>\n<meta name=\"robots\" content=\"index, follow, max-snippet:-1, max-image-preview:large, max-video-preview:-1\" \/>\n<link rel=\"canonical\" href=\"https:\/\/lasentinelle.dz\/index.php\/2025\/12\/13\/avec-un-taux-de-17-en-octobre-net-recul-de-linflation-en-2025\/\" \/>\n<meta property=\"og:locale\" content=\"fr_FR\" \/>\n<meta property=\"og:type\" content=\"article\" \/>\n<meta property=\"og:title\" content=\"Avec un taux de 1,7% en octobre\u00a0: Net recul de l\u2019inflation en 2025 - La Sentinelle\" \/>\n<meta property=\"og:description\" content=\"L&rsquo;Alg\u00e9rie enregistre un net ralentissement de son inflation qui s&rsquo;\u00e9tablit \u00e0 1,7% en glissement annuel \u00e0 fin octobre 2025, contre\" \/>\n<meta property=\"og:url\" content=\"https:\/\/lasentinelle.dz\/index.php\/2025\/12\/13\/avec-un-taux-de-17-en-octobre-net-recul-de-linflation-en-2025\/\" \/>\n<meta property=\"og:site_name\" content=\"La Sentinelle\" \/>\n<meta property=\"article:publisher\" content=\"https:\/\/www.facebook.com\/La-Sentinelle-104059864394773\" \/>\n<meta property=\"article:published_time\" content=\"2025-12-13T18:26:35+00:00\" \/>\n<meta property=\"article:modified_time\" content=\"2025-12-13T18:26:37+00:00\" \/>\n<meta property=\"og:image\" content=\"https:\/\/lasentinelle.dz\/wp-content\/uploads\/2025\/01\/marche-algerie.jpeg\" \/>\n\t<meta property=\"og:image:width\" content=\"800\" \/>\n\t<meta property=\"og:image:height\" content=\"534\" \/>\n\t<meta property=\"og:image:type\" content=\"image\/jpeg\" \/>\n<meta name=\"author\" content=\"admin\" \/>\n<meta name=\"twitter:card\" content=\"summary_large_image\" \/>\n<meta name=\"twitter:label1\" content=\"\u00c9crit par\" \/>\n\t<meta name=\"twitter:data1\" content=\"admin\" \/>\n\t<meta name=\"twitter:label2\" content=\"Dur\u00e9e de lecture estim\u00e9e\" \/>\n\t<meta name=\"twitter:data2\" content=\"5 minutes\" \/>\n<script type=\"application\/ld+json\" class=\"yoast-schema-graph\">{\"@context\":\"https:\\\/\\\/schema.org\",\"@graph\":[{\"@type\":\"Article\",\"@id\":\"https:\\\/\\\/lasentinelle.dz\\\/index.php\\\/2025\\\/12\\\/13\\\/avec-un-taux-de-17-en-octobre-net-recul-de-linflation-en-2025\\\/#article\",\"isPartOf\":{\"@id\":\"https:\\\/\\\/lasentinelle.dz\\\/index.php\\\/2025\\\/12\\\/13\\\/avec-un-taux-de-17-en-octobre-net-recul-de-linflation-en-2025\\\/\"},\"author\":{\"name\":\"admin\",\"@id\":\"https:\\\/\\\/lasentinelle.dz\\\/#\\\/schema\\\/person\\\/729ee0024f24e0b8c5ec17232f8e8b41\"},\"headline\":\"Avec un taux de 1,7% en octobre\u00a0: Net recul de l\u2019inflation en 2025\",\"datePublished\":\"2025-12-13T18:26:35+00:00\",\"dateModified\":\"2025-12-13T18:26:37+00:00\",\"mainEntityOfPage\":{\"@id\":\"https:\\\/\\\/lasentinelle.dz\\\/index.php\\\/2025\\\/12\\\/13\\\/avec-un-taux-de-17-en-octobre-net-recul-de-linflation-en-2025\\\/\"},\"wordCount\":967,\"commentCount\":0,\"publisher\":{\"@id\":\"https:\\\/\\\/lasentinelle.dz\\\/#organization\"},\"image\":{\"@id\":\"https:\\\/\\\/lasentinelle.dz\\\/index.php\\\/2025\\\/12\\\/13\\\/avec-un-taux-de-17-en-octobre-net-recul-de-linflation-en-2025\\\/#primaryimage\"},\"thumbnailUrl\":\"https:\\\/\\\/lasentinelle.dz\\\/wp-content\\\/uploads\\\/2025\\\/01\\\/marche-algerie.jpeg\",\"articleSection\":[\"\u00c0 la Une\",\"\u00c9conomie\"],\"inLanguage\":\"fr-FR\",\"potentialAction\":[{\"@type\":\"CommentAction\",\"name\":\"Comment\",\"target\":[\"https:\\\/\\\/lasentinelle.dz\\\/index.php\\\/2025\\\/12\\\/13\\\/avec-un-taux-de-17-en-octobre-net-recul-de-linflation-en-2025\\\/#respond\"]}]},{\"@type\":\"WebPage\",\"@id\":\"https:\\\/\\\/lasentinelle.dz\\\/index.php\\\/2025\\\/12\\\/13\\\/avec-un-taux-de-17-en-octobre-net-recul-de-linflation-en-2025\\\/\",\"url\":\"https:\\\/\\\/lasentinelle.dz\\\/index.php\\\/2025\\\/12\\\/13\\\/avec-un-taux-de-17-en-octobre-net-recul-de-linflation-en-2025\\\/\",\"name\":\"Avec un taux de 1,7% en octobre\u00a0: Net recul de l\u2019inflation en 2025 - La Sentinelle\",\"isPartOf\":{\"@id\":\"https:\\\/\\\/lasentinelle.dz\\\/#website\"},\"primaryImageOfPage\":{\"@id\":\"https:\\\/\\\/lasentinelle.dz\\\/index.php\\\/2025\\\/12\\\/13\\\/avec-un-taux-de-17-en-octobre-net-recul-de-linflation-en-2025\\\/#primaryimage\"},\"image\":{\"@id\":\"https:\\\/\\\/lasentinelle.dz\\\/index.php\\\/2025\\\/12\\\/13\\\/avec-un-taux-de-17-en-octobre-net-recul-de-linflation-en-2025\\\/#primaryimage\"},\"thumbnailUrl\":\"https:\\\/\\\/lasentinelle.dz\\\/wp-content\\\/uploads\\\/2025\\\/01\\\/marche-algerie.jpeg\",\"datePublished\":\"2025-12-13T18:26:35+00:00\",\"dateModified\":\"2025-12-13T18:26:37+00:00\",\"breadcrumb\":{\"@id\":\"https:\\\/\\\/lasentinelle.dz\\\/index.php\\\/2025\\\/12\\\/13\\\/avec-un-taux-de-17-en-octobre-net-recul-de-linflation-en-2025\\\/#breadcrumb\"},\"inLanguage\":\"fr-FR\",\"potentialAction\":[{\"@type\":\"ReadAction\",\"target\":[\"https:\\\/\\\/lasentinelle.dz\\\/index.php\\\/2025\\\/12\\\/13\\\/avec-un-taux-de-17-en-octobre-net-recul-de-linflation-en-2025\\\/\"]}]},{\"@type\":\"ImageObject\",\"inLanguage\":\"fr-FR\",\"@id\":\"https:\\\/\\\/lasentinelle.dz\\\/index.php\\\/2025\\\/12\\\/13\\\/avec-un-taux-de-17-en-octobre-net-recul-de-linflation-en-2025\\\/#primaryimage\",\"url\":\"https:\\\/\\\/lasentinelle.dz\\\/wp-content\\\/uploads\\\/2025\\\/01\\\/marche-algerie.jpeg\",\"contentUrl\":\"https:\\\/\\\/lasentinelle.dz\\\/wp-content\\\/uploads\\\/2025\\\/01\\\/marche-algerie.jpeg\",\"width\":800,\"height\":534,\"caption\":\"CREATOR: gd-jpeg v1.0 (using IJG JPEG v80), quality = 90\"},{\"@type\":\"BreadcrumbList\",\"@id\":\"https:\\\/\\\/lasentinelle.dz\\\/index.php\\\/2025\\\/12\\\/13\\\/avec-un-taux-de-17-en-octobre-net-recul-de-linflation-en-2025\\\/#breadcrumb\",\"itemListElement\":[{\"@type\":\"ListItem\",\"position\":1,\"name\":\"Accueil\",\"item\":\"https:\\\/\\\/lasentinelle.dz\\\/\"},{\"@type\":\"ListItem\",\"position\":2,\"name\":\"Avec un taux de 1,7% en octobre\u00a0: Net recul de l\u2019inflation en 2025\"}]},{\"@type\":\"WebSite\",\"@id\":\"https:\\\/\\\/lasentinelle.dz\\\/#website\",\"url\":\"https:\\\/\\\/lasentinelle.dz\\\/\",\"name\":\"La Sentinelle\",\"description\":\"Quotidien national d&#039;information\",\"publisher\":{\"@id\":\"https:\\\/\\\/lasentinelle.dz\\\/#organization\"},\"potentialAction\":[{\"@type\":\"SearchAction\",\"target\":{\"@type\":\"EntryPoint\",\"urlTemplate\":\"https:\\\/\\\/lasentinelle.dz\\\/?s={search_term_string}\"},\"query-input\":{\"@type\":\"PropertyValueSpecification\",\"valueRequired\":true,\"valueName\":\"search_term_string\"}}],\"inLanguage\":\"fr-FR\"},{\"@type\":\"Organization\",\"@id\":\"https:\\\/\\\/lasentinelle.dz\\\/#organization\",\"name\":\"Quotidien La Sentinelle\",\"url\":\"https:\\\/\\\/lasentinelle.dz\\\/\",\"logo\":{\"@type\":\"ImageObject\",\"inLanguage\":\"fr-FR\",\"@id\":\"https:\\\/\\\/lasentinelle.dz\\\/#\\\/schema\\\/logo\\\/image\\\/\",\"url\":\"https:\\\/\\\/lasentinelle.dz\\\/wp-content\\\/uploads\\\/2021\\\/09\\\/logo-sentinelleSLOGAN-1.png\",\"contentUrl\":\"https:\\\/\\\/lasentinelle.dz\\\/wp-content\\\/uploads\\\/2021\\\/09\\\/logo-sentinelleSLOGAN-1.png\",\"width\":615,\"height\":142,\"caption\":\"Quotidien La Sentinelle\"},\"image\":{\"@id\":\"https:\\\/\\\/lasentinelle.dz\\\/#\\\/schema\\\/logo\\\/image\\\/\"},\"sameAs\":[\"https:\\\/\\\/www.facebook.com\\\/La-Sentinelle-104059864394773\"]},{\"@type\":\"Person\",\"@id\":\"https:\\\/\\\/lasentinelle.dz\\\/#\\\/schema\\\/person\\\/729ee0024f24e0b8c5ec17232f8e8b41\",\"name\":\"admin\",\"image\":{\"@type\":\"ImageObject\",\"inLanguage\":\"fr-FR\",\"@id\":\"https:\\\/\\\/secure.gravatar.com\\\/avatar\\\/4c81fed838786e9b53f540bf46533e750f5d292099ae3b66cfc6fb1982e29df7?s=96&d=mm&r=g\",\"url\":\"https:\\\/\\\/secure.gravatar.com\\\/avatar\\\/4c81fed838786e9b53f540bf46533e750f5d292099ae3b66cfc6fb1982e29df7?s=96&d=mm&r=g\",\"contentUrl\":\"https:\\\/\\\/secure.gravatar.com\\\/avatar\\\/4c81fed838786e9b53f540bf46533e750f5d292099ae3b66cfc6fb1982e29df7?s=96&d=mm&r=g\",\"caption\":\"admin\"},\"description\":\"admin\",\"url\":\"https:\\\/\\\/lasentinelle.dz\\\/author\\\/admin\\\/\"}]}<\/script>\n<!-- \/ Yoast SEO plugin. -->","yoast_head_json":{"title":"Avec un taux de 1,7% en octobre\u00a0: Net recul de l\u2019inflation en 2025 - La Sentinelle","robots":{"index":"index","follow":"follow","max-snippet":"max-snippet:-1","max-image-preview":"max-image-preview:large","max-video-preview":"max-video-preview:-1"},"canonical":"https:\/\/lasentinelle.dz\/index.php\/2025\/12\/13\/avec-un-taux-de-17-en-octobre-net-recul-de-linflation-en-2025\/","og_locale":"fr_FR","og_type":"article","og_title":"Avec un taux de 1,7% en octobre\u00a0: Net recul de l\u2019inflation en 2025 - La Sentinelle","og_description":"L&rsquo;Alg\u00e9rie enregistre un net ralentissement de son inflation qui s&rsquo;\u00e9tablit \u00e0 1,7% en glissement annuel \u00e0 fin octobre 2025, contre","og_url":"https:\/\/lasentinelle.dz\/index.php\/2025\/12\/13\/avec-un-taux-de-17-en-octobre-net-recul-de-linflation-en-2025\/","og_site_name":"La Sentinelle","article_publisher":"https:\/\/www.facebook.com\/La-Sentinelle-104059864394773","article_published_time":"2025-12-13T18:26:35+00:00","article_modified_time":"2025-12-13T18:26:37+00:00","og_image":[{"width":800,"height":534,"url":"https:\/\/lasentinelle.dz\/wp-content\/uploads\/2025\/01\/marche-algerie.jpeg","type":"image\/jpeg"}],"author":"admin","twitter_card":"summary_large_image","twitter_misc":{"\u00c9crit par":"admin","Dur\u00e9e de lecture estim\u00e9e":"5 minutes"},"schema":{"@context":"https:\/\/schema.org","@graph":[{"@type":"Article","@id":"https:\/\/lasentinelle.dz\/index.php\/2025\/12\/13\/avec-un-taux-de-17-en-octobre-net-recul-de-linflation-en-2025\/#article","isPartOf":{"@id":"https:\/\/lasentinelle.dz\/index.php\/2025\/12\/13\/avec-un-taux-de-17-en-octobre-net-recul-de-linflation-en-2025\/"},"author":{"name":"admin","@id":"https:\/\/lasentinelle.dz\/#\/schema\/person\/729ee0024f24e0b8c5ec17232f8e8b41"},"headline":"Avec un taux de 1,7% en octobre\u00a0: Net recul de l\u2019inflation en 2025","datePublished":"2025-12-13T18:26:35+00:00","dateModified":"2025-12-13T18:26:37+00:00","mainEntityOfPage":{"@id":"https:\/\/lasentinelle.dz\/index.php\/2025\/12\/13\/avec-un-taux-de-17-en-octobre-net-recul-de-linflation-en-2025\/"},"wordCount":967,"commentCount":0,"publisher":{"@id":"https:\/\/lasentinelle.dz\/#organization"},"image":{"@id":"https:\/\/lasentinelle.dz\/index.php\/2025\/12\/13\/avec-un-taux-de-17-en-octobre-net-recul-de-linflation-en-2025\/#primaryimage"},"thumbnailUrl":"https:\/\/lasentinelle.dz\/wp-content\/uploads\/2025\/01\/marche-algerie.jpeg","articleSection":["\u00c0 la Une","\u00c9conomie"],"inLanguage":"fr-FR","potentialAction":[{"@type":"CommentAction","name":"Comment","target":["https:\/\/lasentinelle.dz\/index.php\/2025\/12\/13\/avec-un-taux-de-17-en-octobre-net-recul-de-linflation-en-2025\/#respond"]}]},{"@type":"WebPage","@id":"https:\/\/lasentinelle.dz\/index.php\/2025\/12\/13\/avec-un-taux-de-17-en-octobre-net-recul-de-linflation-en-2025\/","url":"https:\/\/lasentinelle.dz\/index.php\/2025\/12\/13\/avec-un-taux-de-17-en-octobre-net-recul-de-linflation-en-2025\/","name":"Avec un taux de 1,7% en octobre\u00a0: Net recul de l\u2019inflation en 2025 - La Sentinelle","isPartOf":{"@id":"https:\/\/lasentinelle.dz\/#website"},"primaryImageOfPage":{"@id":"https:\/\/lasentinelle.dz\/index.php\/2025\/12\/13\/avec-un-taux-de-17-en-octobre-net-recul-de-linflation-en-2025\/#primaryimage"},"image":{"@id":"https:\/\/lasentinelle.dz\/index.php\/2025\/12\/13\/avec-un-taux-de-17-en-octobre-net-recul-de-linflation-en-2025\/#primaryimage"},"thumbnailUrl":"https:\/\/lasentinelle.dz\/wp-content\/uploads\/2025\/01\/marche-algerie.jpeg","datePublished":"2025-12-13T18:26:35+00:00","dateModified":"2025-12-13T18:26:37+00:00","breadcrumb":{"@id":"https:\/\/lasentinelle.dz\/index.php\/2025\/12\/13\/avec-un-taux-de-17-en-octobre-net-recul-de-linflation-en-2025\/#breadcrumb"},"inLanguage":"fr-FR","potentialAction":[{"@type":"ReadAction","target":["https:\/\/lasentinelle.dz\/index.php\/2025\/12\/13\/avec-un-taux-de-17-en-octobre-net-recul-de-linflation-en-2025\/"]}]},{"@type":"ImageObject","inLanguage":"fr-FR","@id":"https:\/\/lasentinelle.dz\/index.php\/2025\/12\/13\/avec-un-taux-de-17-en-octobre-net-recul-de-linflation-en-2025\/#primaryimage","url":"https:\/\/lasentinelle.dz\/wp-content\/uploads\/2025\/01\/marche-algerie.jpeg","contentUrl":"https:\/\/lasentinelle.dz\/wp-content\/uploads\/2025\/01\/marche-algerie.jpeg","width":800,"height":534,"caption":"CREATOR: gd-jpeg v1.0 (using IJG JPEG v80), quality = 90"},{"@type":"BreadcrumbList","@id":"https:\/\/lasentinelle.dz\/index.php\/2025\/12\/13\/avec-un-taux-de-17-en-octobre-net-recul-de-linflation-en-2025\/#breadcrumb","itemListElement":[{"@type":"ListItem","position":1,"name":"Accueil","item":"https:\/\/lasentinelle.dz\/"},{"@type":"ListItem","position":2,"name":"Avec un taux de 1,7% en octobre\u00a0: Net recul de l\u2019inflation en 2025"}]},{"@type":"WebSite","@id":"https:\/\/lasentinelle.dz\/#website","url":"https:\/\/lasentinelle.dz\/","name":"La Sentinelle","description":"Quotidien national d&#039;information","publisher":{"@id":"https:\/\/lasentinelle.dz\/#organization"},"potentialAction":[{"@type":"SearchAction","target":{"@type":"EntryPoint","urlTemplate":"https:\/\/lasentinelle.dz\/?s={search_term_string}"},"query-input":{"@type":"PropertyValueSpecification","valueRequired":true,"valueName":"search_term_string"}}],"inLanguage":"fr-FR"},{"@type":"Organization","@id":"https:\/\/lasentinelle.dz\/#organization","name":"Quotidien La Sentinelle","url":"https:\/\/lasentinelle.dz\/","logo":{"@type":"ImageObject","inLanguage":"fr-FR","@id":"https:\/\/lasentinelle.dz\/#\/schema\/logo\/image\/","url":"https:\/\/lasentinelle.dz\/wp-content\/uploads\/2021\/09\/logo-sentinelleSLOGAN-1.png","contentUrl":"https:\/\/lasentinelle.dz\/wp-content\/uploads\/2021\/09\/logo-sentinelleSLOGAN-1.png","width":615,"height":142,"caption":"Quotidien La Sentinelle"},"image":{"@id":"https:\/\/lasentinelle.dz\/#\/schema\/logo\/image\/"},"sameAs":["https:\/\/www.facebook.com\/La-Sentinelle-104059864394773"]},{"@type":"Person","@id":"https:\/\/lasentinelle.dz\/#\/schema\/person\/729ee0024f24e0b8c5ec17232f8e8b41","name":"admin","image":{"@type":"ImageObject","inLanguage":"fr-FR","@id":"https:\/\/secure.gravatar.com\/avatar\/4c81fed838786e9b53f540bf46533e750f5d292099ae3b66cfc6fb1982e29df7?s=96&d=mm&r=g","url":"https:\/\/secure.gravatar.com\/avatar\/4c81fed838786e9b53f540bf46533e750f5d292099ae3b66cfc6fb1982e29df7?s=96&d=mm&r=g","contentUrl":"https:\/\/secure.gravatar.com\/avatar\/4c81fed838786e9b53f540bf46533e750f5d292099ae3b66cfc6fb1982e29df7?s=96&d=mm&r=g","caption":"admin"},"description":"admin","url":"https:\/\/lasentinelle.dz\/author\/admin\/"}]}},"_links":{"self":[{"href":"https:\/\/lasentinelle.dz\/index.php\/wp-json\/wp\/v2\/posts\/77707","targetHints":{"allow":["GET"]}}],"collection":[{"href":"https:\/\/lasentinelle.dz\/index.php\/wp-json\/wp\/v2\/posts"}],"about":[{"href":"https:\/\/lasentinelle.dz\/index.php\/wp-json\/wp\/v2\/types\/post"}],"author":[{"embeddable":true,"href":"https:\/\/lasentinelle.dz\/index.php\/wp-json\/wp\/v2\/users\/6"}],"replies":[{"embeddable":true,"href":"https:\/\/lasentinelle.dz\/index.php\/wp-json\/wp\/v2\/comments?post=77707"}],"version-history":[{"count":1,"href":"https:\/\/lasentinelle.dz\/index.php\/wp-json\/wp\/v2\/posts\/77707\/revisions"}],"predecessor-version":[{"id":77708,"href":"https:\/\/lasentinelle.dz\/index.php\/wp-json\/wp\/v2\/posts\/77707\/revisions\/77708"}],"wp:featuredmedia":[{"embeddable":true,"href":"https:\/\/lasentinelle.dz\/index.php\/wp-json\/wp\/v2\/media\/62032"}],"wp:attachment":[{"href":"https:\/\/lasentinelle.dz\/index.php\/wp-json\/wp\/v2\/media?parent=77707"}],"wp:term":[{"taxonomy":"category","embeddable":true,"href":"https:\/\/lasentinelle.dz\/index.php\/wp-json\/wp\/v2\/categories?post=77707"},{"taxonomy":"post_tag","embeddable":true,"href":"https:\/\/lasentinelle.dz\/index.php\/wp-json\/wp\/v2\/tags?post=77707"}],"curies":[{"name":"wp","href":"https:\/\/api.w.org\/{rel}","templated":true}]}}