{"id":77709,"date":"2025-12-13T19:27:52","date_gmt":"2025-12-13T18:27:52","guid":{"rendered":"https:\/\/lasentinelle.dz\/?p=77709"},"modified":"2025-12-13T19:27:54","modified_gmt":"2025-12-13T18:27:54","slug":"dessalement-deau-de-mer-lancement-des-travaux-dune-usine-de-destinee-a-chlef","status":"publish","type":"post","link":"https:\/\/lasentinelle.dz\/index.php\/2025\/12\/13\/dessalement-deau-de-mer-lancement-des-travaux-dune-usine-de-destinee-a-chlef\/","title":{"rendered":"Dessalement d&rsquo;eau de mer\u00a0: Lancement des travaux d&rsquo;une usine de destin\u00e9e \u00e0\u00a0Chlef"},"content":{"rendered":"\n<p>Le PDG du groupe Sonatrach, Noureddine Daoudi, accompagn\u00e9 du PDG de&nbsp;l\u2019Algerian desalination company, Lahcene Badda, et des autorit\u00e9s locales, a donn\u00e9 samedi \u00e0 Chlef le coup d&rsquo;envoi des travaux de construction d&rsquo;une usine de dessalement d&rsquo;eau de mer dans la commune d&rsquo;El Marsa, au nord-ouest de la wilaya. Cette infrastructure strat\u00e9gique alimentera en eau potable quatre wilayas et s&rsquo;inscrit dans le programme compl\u00e9mentaire d\u00e9cid\u00e9 par le pr\u00e9sident de la R\u00e9publique.&nbsp;L&rsquo;usine d&rsquo;El Marsa fait partie d&rsquo;un vaste programme de d\u00e9veloppement des capacit\u00e9s de dessalement annonc\u00e9 r\u00e9cemment par les autorit\u00e9s pour r\u00e9pondre aux d\u00e9fis hydriques du pays et aux impacts des changements climatiques sur les ressources en eau conventionnelles.&nbsp;Lors de la c\u00e9r\u00e9monie de lancement des travaux, Noureddine Daoudi a soulign\u00e9 que \u00ab\u00a0ce projet s&rsquo;inscrit dans le cadre du programme compl\u00e9mentaire approuv\u00e9 par le pr\u00e9sident de la R\u00e9publique, Monsieur Abdelmadjid Tebboune, en octobre dernier pour concr\u00e9tiser la r\u00e9alisation de trois grandes stations de dessalement d&rsquo;eau de mer dans les wilayas de Tlemcen, Mostaganem et Chlef, avec une capacit\u00e9 de production quotidienne atteignant 300.000 m\u00e8tres cubes pour chacune d&rsquo;entre elles\u00a0\u00bb.&nbsp;&nbsp;Le PDG de Sonatrach a pr\u00e9cis\u00e9 que \u00ab\u00a0les d\u00e9lais de r\u00e9alisation de ce projet sont estim\u00e9s \u00e0 22 mois pour la livraison de la premi\u00e8re phase qui permettra de produire 150.000 m\u00e8tres cubes, les travaux se poursuivant progressivement pour atteindre 300.000 m\u00e8tres cubes par jour\u00a0\u00bb.&nbsp;&nbsp;Noureddine Daoudi a particuli\u00e8rement insist\u00e9 sur la dimension nationale du projet en affirmant que \u00ab\u00a0la r\u00e9alisation de ce projet se fera avec une main-d&rsquo;\u0153uvre alg\u00e9rienne \u00e0&nbsp;100%&nbsp;et contribuera \u00e0 cr\u00e9er des emplois directs et indirects\u00a0\u00bb. Il a \u00e9galement \u00e9voqu\u00e9 les discussions engag\u00e9es \u00ab\u00a0avec les autorit\u00e9s de la wilaya concernant la possibilit\u00e9 de lancer un projet de formation d&rsquo;une main-d&rsquo;\u0153uvre qualifi\u00e9e dans le domaine du dessalement d&rsquo;eau de mer et de la maintenance, ce qui contribuera \u00e0 la relance \u00e9conomique de la r\u00e9gion\u00a0\u00bb.&nbsp;&nbsp;S&rsquo;\u00e9tendant sur une superficie de douze hectares, le projet vise selon les explications fournies sur place \u00e0 garantir un approvisionnement durable et s\u00e9curis\u00e9 en eau potable, \u00e0 renforcer la capacit\u00e9 du pays \u00e0 faire face aux changements climatiques, \u00e0 r\u00e9duire la d\u00e9pendance aux ressources traditionnelles et \u00e0 orienter ces derni\u00e8res vers le soutien \u00e0 l&rsquo;agriculture. Cette r\u00e9orientation des ressources hydriques conventionnelles vers le secteur agricole constitue un enjeu majeur pour le d\u00e9veloppement de la production alimentaire nationale.<\/p>\n\n\n\n<p>Cette infrastructure vitale devrait couvrir les besoins de trois millions d&rsquo;habitants dans les wilayas de Chlef, M\u00e9d\u00e9a, Tissemsilt et A\u00efn Defla. Elle contribuera \u00e0 porter les capacit\u00e9s nationales de production d&rsquo;eau de mer dessal\u00e9e \u00e0 5,6 millions de m\u00e8tres cubes par jour \u00e0 l&rsquo;horizon 2030, tout en cr\u00e9ant plus de 1.500 emplois directs et indirects. Ces chiffres illustrent l&rsquo;ampleur de l&rsquo;effort consenti par l&rsquo;\u00c9tat pour d\u00e9velopper les capacit\u00e9s de dessalement et r\u00e9pondre \u00e0 la demande croissante en eau potable d&rsquo;une population en expansion.&nbsp;Il convient de rappeler que la wilaya de Chlef dispose d\u00e9j\u00e0 d&rsquo;une station de dessalement d&rsquo;eau de mer dans la commune de T\u00e9n\u00e8s, d&rsquo;une capacit\u00e9 de production atteignant 200.000 m\u00e8tres cubes par jour, qui contribue \u00e0 alimenter&nbsp;27communes en eau potable. S&rsquo;ajoutent \u00e0 cette infrastructure une station monobloc dans la commune de Beni Haoua d&rsquo;une capacit\u00e9 de production de 5.000 m\u00e8tres cubes, ainsi qu&rsquo;une autre station en cours de r\u00e9alisation, \u00e9galement monobloc avec une capacit\u00e9 de 5.000 m\u00e8tres cubes, dans la commune d&rsquo;Oued Goussine.&nbsp;<\/p>\n\n\n\n<p>Samir Benisid<\/p>\n","protected":false},"excerpt":{"rendered":"<p>Le PDG du groupe Sonatrach, Noureddine Daoudi, accompagn\u00e9 du PDG de&nbsp;l\u2019Algerian desalination company, Lahcene Badda, et des autorit\u00e9s locales, a<\/p>\n","protected":false},"author":6,"featured_media":77110,"comment_status":"open","ping_status":"closed","sticky":false,"template":"","format":"standard","meta":{"colormag_page_container_layout":"default_layout","colormag_page_sidebar_layout":"default_layout","om_disable_all_campaigns":false,"_monsterinsights_skip_tracking":false,"_monsterinsights_sitenote_active":false,"_monsterinsights_sitenote_note":"","_monsterinsights_sitenote_category":0,"footnotes":"","_wpscppro_dont_share_socialmedia":false,"_wpscppro_custom_social_share_image":0,"_facebook_share_type":"default","_twitter_share_type":"default","_linkedin_share_type":"default","_pinterest_share_type":"default","_linkedin_share_type_page":"","_instagram_share_type":"default","_medium_share_type":"default","_threads_share_type":"default","_google_business_share_type":"default","_selected_social_profile":[],"_wpsp_enable_custom_social_template":false,"_wpsp_social_scheduling":{"enabled":false,"datetime":null,"platforms":[],"status":"template_only","dateOption":"today","timeOption":"now","customDays":"","customHours":"","customDate":"","customTime":"","schedulingType":"absolute"},"_wpsp_active_default_template":true},"categories":[27],"tags":[],"class_list":["post-77709","post","type-post","status-publish","format-standard","has-post-thumbnail","hentry","category-actualite"],"aioseo_notices":[],"yoast_head":"<!-- This site is optimized with the Yoast SEO plugin v27.5 - https:\/\/yoast.com\/product\/yoast-seo-wordpress\/ -->\n<title>Dessalement d&rsquo;eau de mer\u00a0: Lancement des travaux d&rsquo;une usine de destin\u00e9e \u00e0\u00a0Chlef - La Sentinelle<\/title>\n<meta name=\"robots\" content=\"index, follow, max-snippet:-1, max-image-preview:large, max-video-preview:-1\" \/>\n<link rel=\"canonical\" href=\"https:\/\/lasentinelle.dz\/index.php\/2025\/12\/13\/dessalement-deau-de-mer-lancement-des-travaux-dune-usine-de-destinee-a-chlef\/\" \/>\n<meta property=\"og:locale\" content=\"fr_FR\" \/>\n<meta property=\"og:type\" content=\"article\" \/>\n<meta property=\"og:title\" content=\"Dessalement d&rsquo;eau de mer\u00a0: Lancement des travaux d&rsquo;une usine de destin\u00e9e \u00e0\u00a0Chlef - La Sentinelle\" \/>\n<meta property=\"og:description\" content=\"Le PDG du groupe Sonatrach, Noureddine Daoudi, accompagn\u00e9 du PDG de&nbsp;l\u2019Algerian desalination company, Lahcene Badda, et des autorit\u00e9s locales, a\" \/>\n<meta property=\"og:url\" content=\"https:\/\/lasentinelle.dz\/index.php\/2025\/12\/13\/dessalement-deau-de-mer-lancement-des-travaux-dune-usine-de-destinee-a-chlef\/\" \/>\n<meta property=\"og:site_name\" content=\"La Sentinelle\" \/>\n<meta property=\"article:publisher\" content=\"https:\/\/www.facebook.com\/La-Sentinelle-104059864394773\" \/>\n<meta property=\"article:published_time\" content=\"2025-12-13T18:27:52+00:00\" \/>\n<meta property=\"article:modified_time\" content=\"2025-12-13T18:27:54+00:00\" \/>\n<meta property=\"og:image\" content=\"https:\/\/lasentinelle.dz\/wp-content\/uploads\/2025\/12\/station-Tighremt.jpeg\" \/>\n\t<meta property=\"og:image:width\" content=\"850\" \/>\n\t<meta property=\"og:image:height\" content=\"480\" \/>\n\t<meta property=\"og:image:type\" content=\"image\/jpeg\" \/>\n<meta name=\"author\" content=\"admin\" \/>\n<meta name=\"twitter:card\" content=\"summary_large_image\" \/>\n<meta name=\"twitter:label1\" content=\"\u00c9crit par\" \/>\n\t<meta name=\"twitter:data1\" content=\"admin\" \/>\n\t<meta name=\"twitter:label2\" content=\"Dur\u00e9e de lecture estim\u00e9e\" \/>\n\t<meta name=\"twitter:data2\" content=\"4 minutes\" \/>\n<script type=\"application\/ld+json\" class=\"yoast-schema-graph\">{\"@context\":\"https:\\\/\\\/schema.org\",\"@graph\":[{\"@type\":\"Article\",\"@id\":\"https:\\\/\\\/lasentinelle.dz\\\/index.php\\\/2025\\\/12\\\/13\\\/dessalement-deau-de-mer-lancement-des-travaux-dune-usine-de-destinee-a-chlef\\\/#article\",\"isPartOf\":{\"@id\":\"https:\\\/\\\/lasentinelle.dz\\\/index.php\\\/2025\\\/12\\\/13\\\/dessalement-deau-de-mer-lancement-des-travaux-dune-usine-de-destinee-a-chlef\\\/\"},\"author\":{\"name\":\"admin\",\"@id\":\"https:\\\/\\\/lasentinelle.dz\\\/#\\\/schema\\\/person\\\/729ee0024f24e0b8c5ec17232f8e8b41\"},\"headline\":\"Dessalement d&rsquo;eau de mer\u00a0: Lancement des travaux d&rsquo;une usine de destin\u00e9e \u00e0\u00a0Chlef\",\"datePublished\":\"2025-12-13T18:27:52+00:00\",\"dateModified\":\"2025-12-13T18:27:54+00:00\",\"mainEntityOfPage\":{\"@id\":\"https:\\\/\\\/lasentinelle.dz\\\/index.php\\\/2025\\\/12\\\/13\\\/dessalement-deau-de-mer-lancement-des-travaux-dune-usine-de-destinee-a-chlef\\\/\"},\"wordCount\":646,\"commentCount\":0,\"publisher\":{\"@id\":\"https:\\\/\\\/lasentinelle.dz\\\/#organization\"},\"image\":{\"@id\":\"https:\\\/\\\/lasentinelle.dz\\\/index.php\\\/2025\\\/12\\\/13\\\/dessalement-deau-de-mer-lancement-des-travaux-dune-usine-de-destinee-a-chlef\\\/#primaryimage\"},\"thumbnailUrl\":\"https:\\\/\\\/lasentinelle.dz\\\/wp-content\\\/uploads\\\/2025\\\/12\\\/station-Tighremt.jpeg\",\"articleSection\":[\"Actualit\u00e9\"],\"inLanguage\":\"fr-FR\",\"potentialAction\":[{\"@type\":\"CommentAction\",\"name\":\"Comment\",\"target\":[\"https:\\\/\\\/lasentinelle.dz\\\/index.php\\\/2025\\\/12\\\/13\\\/dessalement-deau-de-mer-lancement-des-travaux-dune-usine-de-destinee-a-chlef\\\/#respond\"]}]},{\"@type\":\"WebPage\",\"@id\":\"https:\\\/\\\/lasentinelle.dz\\\/index.php\\\/2025\\\/12\\\/13\\\/dessalement-deau-de-mer-lancement-des-travaux-dune-usine-de-destinee-a-chlef\\\/\",\"url\":\"https:\\\/\\\/lasentinelle.dz\\\/index.php\\\/2025\\\/12\\\/13\\\/dessalement-deau-de-mer-lancement-des-travaux-dune-usine-de-destinee-a-chlef\\\/\",\"name\":\"Dessalement d&rsquo;eau de mer\u00a0: Lancement des travaux d&rsquo;une usine de destin\u00e9e \u00e0\u00a0Chlef - La Sentinelle\",\"isPartOf\":{\"@id\":\"https:\\\/\\\/lasentinelle.dz\\\/#website\"},\"primaryImageOfPage\":{\"@id\":\"https:\\\/\\\/lasentinelle.dz\\\/index.php\\\/2025\\\/12\\\/13\\\/dessalement-deau-de-mer-lancement-des-travaux-dune-usine-de-destinee-a-chlef\\\/#primaryimage\"},\"image\":{\"@id\":\"https:\\\/\\\/lasentinelle.dz\\\/index.php\\\/2025\\\/12\\\/13\\\/dessalement-deau-de-mer-lancement-des-travaux-dune-usine-de-destinee-a-chlef\\\/#primaryimage\"},\"thumbnailUrl\":\"https:\\\/\\\/lasentinelle.dz\\\/wp-content\\\/uploads\\\/2025\\\/12\\\/station-Tighremt.jpeg\",\"datePublished\":\"2025-12-13T18:27:52+00:00\",\"dateModified\":\"2025-12-13T18:27:54+00:00\",\"breadcrumb\":{\"@id\":\"https:\\\/\\\/lasentinelle.dz\\\/index.php\\\/2025\\\/12\\\/13\\\/dessalement-deau-de-mer-lancement-des-travaux-dune-usine-de-destinee-a-chlef\\\/#breadcrumb\"},\"inLanguage\":\"fr-FR\",\"potentialAction\":[{\"@type\":\"ReadAction\",\"target\":[\"https:\\\/\\\/lasentinelle.dz\\\/index.php\\\/2025\\\/12\\\/13\\\/dessalement-deau-de-mer-lancement-des-travaux-dune-usine-de-destinee-a-chlef\\\/\"]}]},{\"@type\":\"ImageObject\",\"inLanguage\":\"fr-FR\",\"@id\":\"https:\\\/\\\/lasentinelle.dz\\\/index.php\\\/2025\\\/12\\\/13\\\/dessalement-deau-de-mer-lancement-des-travaux-dune-usine-de-destinee-a-chlef\\\/#primaryimage\",\"url\":\"https:\\\/\\\/lasentinelle.dz\\\/wp-content\\\/uploads\\\/2025\\\/12\\\/station-Tighremt.jpeg\",\"contentUrl\":\"https:\\\/\\\/lasentinelle.dz\\\/wp-content\\\/uploads\\\/2025\\\/12\\\/station-Tighremt.jpeg\",\"width\":850,\"height\":480},{\"@type\":\"BreadcrumbList\",\"@id\":\"https:\\\/\\\/lasentinelle.dz\\\/index.php\\\/2025\\\/12\\\/13\\\/dessalement-deau-de-mer-lancement-des-travaux-dune-usine-de-destinee-a-chlef\\\/#breadcrumb\",\"itemListElement\":[{\"@type\":\"ListItem\",\"position\":1,\"name\":\"Accueil\",\"item\":\"https:\\\/\\\/lasentinelle.dz\\\/\"},{\"@type\":\"ListItem\",\"position\":2,\"name\":\"Dessalement d&rsquo;eau de mer\u00a0: Lancement des travaux d&rsquo;une usine de destin\u00e9e \u00e0\u00a0Chlef\"}]},{\"@type\":\"WebSite\",\"@id\":\"https:\\\/\\\/lasentinelle.dz\\\/#website\",\"url\":\"https:\\\/\\\/lasentinelle.dz\\\/\",\"name\":\"La Sentinelle\",\"description\":\"Quotidien national d&#039;information\",\"publisher\":{\"@id\":\"https:\\\/\\\/lasentinelle.dz\\\/#organization\"},\"potentialAction\":[{\"@type\":\"SearchAction\",\"target\":{\"@type\":\"EntryPoint\",\"urlTemplate\":\"https:\\\/\\\/lasentinelle.dz\\\/?s={search_term_string}\"},\"query-input\":{\"@type\":\"PropertyValueSpecification\",\"valueRequired\":true,\"valueName\":\"search_term_string\"}}],\"inLanguage\":\"fr-FR\"},{\"@type\":\"Organization\",\"@id\":\"https:\\\/\\\/lasentinelle.dz\\\/#organization\",\"name\":\"Quotidien La Sentinelle\",\"url\":\"https:\\\/\\\/lasentinelle.dz\\\/\",\"logo\":{\"@type\":\"ImageObject\",\"inLanguage\":\"fr-FR\",\"@id\":\"https:\\\/\\\/lasentinelle.dz\\\/#\\\/schema\\\/logo\\\/image\\\/\",\"url\":\"https:\\\/\\\/lasentinelle.dz\\\/wp-content\\\/uploads\\\/2021\\\/09\\\/logo-sentinelleSLOGAN-1.png\",\"contentUrl\":\"https:\\\/\\\/lasentinelle.dz\\\/wp-content\\\/uploads\\\/2021\\\/09\\\/logo-sentinelleSLOGAN-1.png\",\"width\":615,\"height\":142,\"caption\":\"Quotidien La Sentinelle\"},\"image\":{\"@id\":\"https:\\\/\\\/lasentinelle.dz\\\/#\\\/schema\\\/logo\\\/image\\\/\"},\"sameAs\":[\"https:\\\/\\\/www.facebook.com\\\/La-Sentinelle-104059864394773\"]},{\"@type\":\"Person\",\"@id\":\"https:\\\/\\\/lasentinelle.dz\\\/#\\\/schema\\\/person\\\/729ee0024f24e0b8c5ec17232f8e8b41\",\"name\":\"admin\",\"image\":{\"@type\":\"ImageObject\",\"inLanguage\":\"fr-FR\",\"@id\":\"https:\\\/\\\/secure.gravatar.com\\\/avatar\\\/4c81fed838786e9b53f540bf46533e750f5d292099ae3b66cfc6fb1982e29df7?s=96&d=mm&r=g\",\"url\":\"https:\\\/\\\/secure.gravatar.com\\\/avatar\\\/4c81fed838786e9b53f540bf46533e750f5d292099ae3b66cfc6fb1982e29df7?s=96&d=mm&r=g\",\"contentUrl\":\"https:\\\/\\\/secure.gravatar.com\\\/avatar\\\/4c81fed838786e9b53f540bf46533e750f5d292099ae3b66cfc6fb1982e29df7?s=96&d=mm&r=g\",\"caption\":\"admin\"},\"description\":\"admin\",\"url\":\"https:\\\/\\\/lasentinelle.dz\\\/author\\\/admin\\\/\"}]}<\/script>\n<!-- \/ Yoast SEO plugin. -->","yoast_head_json":{"title":"Dessalement d&rsquo;eau de mer\u00a0: Lancement des travaux d&rsquo;une usine de destin\u00e9e \u00e0\u00a0Chlef - La Sentinelle","robots":{"index":"index","follow":"follow","max-snippet":"max-snippet:-1","max-image-preview":"max-image-preview:large","max-video-preview":"max-video-preview:-1"},"canonical":"https:\/\/lasentinelle.dz\/index.php\/2025\/12\/13\/dessalement-deau-de-mer-lancement-des-travaux-dune-usine-de-destinee-a-chlef\/","og_locale":"fr_FR","og_type":"article","og_title":"Dessalement d&rsquo;eau de mer\u00a0: Lancement des travaux d&rsquo;une usine de destin\u00e9e \u00e0\u00a0Chlef - La Sentinelle","og_description":"Le PDG du groupe Sonatrach, Noureddine Daoudi, accompagn\u00e9 du PDG de&nbsp;l\u2019Algerian desalination company, Lahcene Badda, et des autorit\u00e9s locales, a","og_url":"https:\/\/lasentinelle.dz\/index.php\/2025\/12\/13\/dessalement-deau-de-mer-lancement-des-travaux-dune-usine-de-destinee-a-chlef\/","og_site_name":"La Sentinelle","article_publisher":"https:\/\/www.facebook.com\/La-Sentinelle-104059864394773","article_published_time":"2025-12-13T18:27:52+00:00","article_modified_time":"2025-12-13T18:27:54+00:00","og_image":[{"width":850,"height":480,"url":"https:\/\/lasentinelle.dz\/wp-content\/uploads\/2025\/12\/station-Tighremt.jpeg","type":"image\/jpeg"}],"author":"admin","twitter_card":"summary_large_image","twitter_misc":{"\u00c9crit par":"admin","Dur\u00e9e de lecture estim\u00e9e":"4 minutes"},"schema":{"@context":"https:\/\/schema.org","@graph":[{"@type":"Article","@id":"https:\/\/lasentinelle.dz\/index.php\/2025\/12\/13\/dessalement-deau-de-mer-lancement-des-travaux-dune-usine-de-destinee-a-chlef\/#article","isPartOf":{"@id":"https:\/\/lasentinelle.dz\/index.php\/2025\/12\/13\/dessalement-deau-de-mer-lancement-des-travaux-dune-usine-de-destinee-a-chlef\/"},"author":{"name":"admin","@id":"https:\/\/lasentinelle.dz\/#\/schema\/person\/729ee0024f24e0b8c5ec17232f8e8b41"},"headline":"Dessalement d&rsquo;eau de mer\u00a0: Lancement des travaux d&rsquo;une usine de destin\u00e9e \u00e0\u00a0Chlef","datePublished":"2025-12-13T18:27:52+00:00","dateModified":"2025-12-13T18:27:54+00:00","mainEntityOfPage":{"@id":"https:\/\/lasentinelle.dz\/index.php\/2025\/12\/13\/dessalement-deau-de-mer-lancement-des-travaux-dune-usine-de-destinee-a-chlef\/"},"wordCount":646,"commentCount":0,"publisher":{"@id":"https:\/\/lasentinelle.dz\/#organization"},"image":{"@id":"https:\/\/lasentinelle.dz\/index.php\/2025\/12\/13\/dessalement-deau-de-mer-lancement-des-travaux-dune-usine-de-destinee-a-chlef\/#primaryimage"},"thumbnailUrl":"https:\/\/lasentinelle.dz\/wp-content\/uploads\/2025\/12\/station-Tighremt.jpeg","articleSection":["Actualit\u00e9"],"inLanguage":"fr-FR","potentialAction":[{"@type":"CommentAction","name":"Comment","target":["https:\/\/lasentinelle.dz\/index.php\/2025\/12\/13\/dessalement-deau-de-mer-lancement-des-travaux-dune-usine-de-destinee-a-chlef\/#respond"]}]},{"@type":"WebPage","@id":"https:\/\/lasentinelle.dz\/index.php\/2025\/12\/13\/dessalement-deau-de-mer-lancement-des-travaux-dune-usine-de-destinee-a-chlef\/","url":"https:\/\/lasentinelle.dz\/index.php\/2025\/12\/13\/dessalement-deau-de-mer-lancement-des-travaux-dune-usine-de-destinee-a-chlef\/","name":"Dessalement d&rsquo;eau de mer\u00a0: Lancement des travaux d&rsquo;une usine de destin\u00e9e \u00e0\u00a0Chlef - La Sentinelle","isPartOf":{"@id":"https:\/\/lasentinelle.dz\/#website"},"primaryImageOfPage":{"@id":"https:\/\/lasentinelle.dz\/index.php\/2025\/12\/13\/dessalement-deau-de-mer-lancement-des-travaux-dune-usine-de-destinee-a-chlef\/#primaryimage"},"image":{"@id":"https:\/\/lasentinelle.dz\/index.php\/2025\/12\/13\/dessalement-deau-de-mer-lancement-des-travaux-dune-usine-de-destinee-a-chlef\/#primaryimage"},"thumbnailUrl":"https:\/\/lasentinelle.dz\/wp-content\/uploads\/2025\/12\/station-Tighremt.jpeg","datePublished":"2025-12-13T18:27:52+00:00","dateModified":"2025-12-13T18:27:54+00:00","breadcrumb":{"@id":"https:\/\/lasentinelle.dz\/index.php\/2025\/12\/13\/dessalement-deau-de-mer-lancement-des-travaux-dune-usine-de-destinee-a-chlef\/#breadcrumb"},"inLanguage":"fr-FR","potentialAction":[{"@type":"ReadAction","target":["https:\/\/lasentinelle.dz\/index.php\/2025\/12\/13\/dessalement-deau-de-mer-lancement-des-travaux-dune-usine-de-destinee-a-chlef\/"]}]},{"@type":"ImageObject","inLanguage":"fr-FR","@id":"https:\/\/lasentinelle.dz\/index.php\/2025\/12\/13\/dessalement-deau-de-mer-lancement-des-travaux-dune-usine-de-destinee-a-chlef\/#primaryimage","url":"https:\/\/lasentinelle.dz\/wp-content\/uploads\/2025\/12\/station-Tighremt.jpeg","contentUrl":"https:\/\/lasentinelle.dz\/wp-content\/uploads\/2025\/12\/station-Tighremt.jpeg","width":850,"height":480},{"@type":"BreadcrumbList","@id":"https:\/\/lasentinelle.dz\/index.php\/2025\/12\/13\/dessalement-deau-de-mer-lancement-des-travaux-dune-usine-de-destinee-a-chlef\/#breadcrumb","itemListElement":[{"@type":"ListItem","position":1,"name":"Accueil","item":"https:\/\/lasentinelle.dz\/"},{"@type":"ListItem","position":2,"name":"Dessalement d&rsquo;eau de mer\u00a0: Lancement des travaux d&rsquo;une usine de destin\u00e9e \u00e0\u00a0Chlef"}]},{"@type":"WebSite","@id":"https:\/\/lasentinelle.dz\/#website","url":"https:\/\/lasentinelle.dz\/","name":"La Sentinelle","description":"Quotidien national d&#039;information","publisher":{"@id":"https:\/\/lasentinelle.dz\/#organization"},"potentialAction":[{"@type":"SearchAction","target":{"@type":"EntryPoint","urlTemplate":"https:\/\/lasentinelle.dz\/?s={search_term_string}"},"query-input":{"@type":"PropertyValueSpecification","valueRequired":true,"valueName":"search_term_string"}}],"inLanguage":"fr-FR"},{"@type":"Organization","@id":"https:\/\/lasentinelle.dz\/#organization","name":"Quotidien La Sentinelle","url":"https:\/\/lasentinelle.dz\/","logo":{"@type":"ImageObject","inLanguage":"fr-FR","@id":"https:\/\/lasentinelle.dz\/#\/schema\/logo\/image\/","url":"https:\/\/lasentinelle.dz\/wp-content\/uploads\/2021\/09\/logo-sentinelleSLOGAN-1.png","contentUrl":"https:\/\/lasentinelle.dz\/wp-content\/uploads\/2021\/09\/logo-sentinelleSLOGAN-1.png","width":615,"height":142,"caption":"Quotidien La Sentinelle"},"image":{"@id":"https:\/\/lasentinelle.dz\/#\/schema\/logo\/image\/"},"sameAs":["https:\/\/www.facebook.com\/La-Sentinelle-104059864394773"]},{"@type":"Person","@id":"https:\/\/lasentinelle.dz\/#\/schema\/person\/729ee0024f24e0b8c5ec17232f8e8b41","name":"admin","image":{"@type":"ImageObject","inLanguage":"fr-FR","@id":"https:\/\/secure.gravatar.com\/avatar\/4c81fed838786e9b53f540bf46533e750f5d292099ae3b66cfc6fb1982e29df7?s=96&d=mm&r=g","url":"https:\/\/secure.gravatar.com\/avatar\/4c81fed838786e9b53f540bf46533e750f5d292099ae3b66cfc6fb1982e29df7?s=96&d=mm&r=g","contentUrl":"https:\/\/secure.gravatar.com\/avatar\/4c81fed838786e9b53f540bf46533e750f5d292099ae3b66cfc6fb1982e29df7?s=96&d=mm&r=g","caption":"admin"},"description":"admin","url":"https:\/\/lasentinelle.dz\/author\/admin\/"}]}},"_links":{"self":[{"href":"https:\/\/lasentinelle.dz\/index.php\/wp-json\/wp\/v2\/posts\/77709","targetHints":{"allow":["GET"]}}],"collection":[{"href":"https:\/\/lasentinelle.dz\/index.php\/wp-json\/wp\/v2\/posts"}],"about":[{"href":"https:\/\/lasentinelle.dz\/index.php\/wp-json\/wp\/v2\/types\/post"}],"author":[{"embeddable":true,"href":"https:\/\/lasentinelle.dz\/index.php\/wp-json\/wp\/v2\/users\/6"}],"replies":[{"embeddable":true,"href":"https:\/\/lasentinelle.dz\/index.php\/wp-json\/wp\/v2\/comments?post=77709"}],"version-history":[{"count":2,"href":"https:\/\/lasentinelle.dz\/index.php\/wp-json\/wp\/v2\/posts\/77709\/revisions"}],"predecessor-version":[{"id":77711,"href":"https:\/\/lasentinelle.dz\/index.php\/wp-json\/wp\/v2\/posts\/77709\/revisions\/77711"}],"wp:featuredmedia":[{"embeddable":true,"href":"https:\/\/lasentinelle.dz\/index.php\/wp-json\/wp\/v2\/media\/77110"}],"wp:attachment":[{"href":"https:\/\/lasentinelle.dz\/index.php\/wp-json\/wp\/v2\/media?parent=77709"}],"wp:term":[{"taxonomy":"category","embeddable":true,"href":"https:\/\/lasentinelle.dz\/index.php\/wp-json\/wp\/v2\/categories?post=77709"},{"taxonomy":"post_tag","embeddable":true,"href":"https:\/\/lasentinelle.dz\/index.php\/wp-json\/wp\/v2\/tags?post=77709"}],"curies":[{"name":"wp","href":"https:\/\/api.w.org\/{rel}","templated":true}]}}