{"id":77712,"date":"2025-12-13T19:28:28","date_gmt":"2025-12-13T18:28:28","guid":{"rendered":"https:\/\/lasentinelle.dz\/?p=77712"},"modified":"2025-12-13T19:28:29","modified_gmt":"2025-12-13T18:28:29","slug":"numerisation-linstitut-national-du-travail-au-coeur-appele-a-devenir-un-etablissement-de-formation-de-reference","status":"publish","type":"post","link":"https:\/\/lasentinelle.dz\/index.php\/2025\/12\/13\/numerisation-linstitut-national-du-travail-au-coeur-appele-a-devenir-un-etablissement-de-formation-de-reference\/","title":{"rendered":"Num\u00e9risation\u00a0:\u00a0L&rsquo;Institut national du travail au c\u0153ur\u00a0appel\u00e9 \u00e0 devenir un \u00e9tablissement de formation de r\u00e9f\u00e9rence"},"content":{"rendered":"\n<p>Le ministre du Travail, de l&rsquo;Emploi et de la S\u00e9curit\u00e9 sociale, Abdelhak Saihi, a instruit samedi la transformation de l&rsquo;Institut national du travail en \u00e9tablissement de r\u00e9f\u00e9rence pour la formation sp\u00e9cialis\u00e9e, pla\u00e7ant la num\u00e9risation au centre de cette mutation strat\u00e9gique destin\u00e9e \u00e0 moderniser le syst\u00e8me national de travail et \u00e0 am\u00e9liorer la qualit\u00e9 des services de formation publique.&nbsp;Cette orientation a \u00e9t\u00e9 \u00e9nonc\u00e9e lors d&rsquo;une r\u00e9union d&rsquo;\u00e9valuation consacr\u00e9e au bilan d&rsquo;activit\u00e9s de l&rsquo;Institut national du travail, o\u00f9 le ministre a trac\u00e9 une feuille de route ambitieuse visant \u00e0 adapter cet \u00e9tablissement aux exigences de l&rsquo;\u00e8re num\u00e9rique. Abdelhak Saihi a donn\u00e9 \u00ab\u00a0une s\u00e9rie d&rsquo;instructions visant \u00e0 renforcer l&rsquo;efficacit\u00e9 de l&rsquo;Institut et \u00e0 l&rsquo;adapter aux transformations num\u00e9riques, notamment par l&rsquo;octroi d&rsquo;une place particuli\u00e8re aux programmes de formation \u00e0 distance et aux plateformes num\u00e9riques interactives, afin de soutenir une flexibilit\u00e9 dans l&rsquo;apprentissage\u00a0\u00bb, selon le communiqu\u00e9 du minist\u00e8re publi\u00e9 samedi.&nbsp;La strat\u00e9gie d\u00e9ploy\u00e9e par le ministre s&rsquo;articule autour de plusieurs axes prioritaires, dont l&rsquo;\u00e9largissement substantiel de l&rsquo;offre de formation. M. Saihi a ordonn\u00e9 \u00ab\u00a0l&rsquo;\u00e9largissement du programme des formations pour inclure les diff\u00e9rentes cat\u00e9gories de travailleurs et cadres dirigeants \u00e0 travers les diff\u00e9rentes wilayas, ainsi que le renforcement de la formation sp\u00e9cialis\u00e9e r\u00e9pondant aux besoins du secteur, tout en tenant compte des sp\u00e9cificit\u00e9s de chaque \u00e9tablissement\u00a0\u00bb.&nbsp;&nbsp;Au c\u0153ur de cette transformation figure la modernisation des outils de gestion et d&rsquo;administration. Le ministre a insist\u00e9 sur \u00ab\u00a0la transition vers des modes de gestion modernes bas\u00e9s sur des syst\u00e8mes informatiques avanc\u00e9s et le d\u00e9veloppement de plateformes num\u00e9riques d&rsquo;inscription, garantissant la transparence et l&rsquo;am\u00e9lioration de la qualit\u00e9 des services\u00a0\u00bb. Cette digitalisation concerne \u00e9galement la num\u00e9risation des archives et des donn\u00e9es relatives aux \u00e9tudes et aux banques de donn\u00e9es sur le march\u00e9 du travail, cr\u00e9ant ainsi un \u00e9cosyst\u00e8me informationnel coh\u00e9rent et accessible.&nbsp;Abdelhak Saihi a mis en lumi\u00e8re le r\u00f4le central de l&rsquo;Institut dans l&rsquo;\u00e9laboration et la mise en \u0153uvre de programmes de formation sp\u00e9cialis\u00e9e, insistant sur la r\u00e9habilitation du si\u00e8ge de l&rsquo;\u00e9tablissement et la modernisation de ses \u00e9quipements p\u00e9dagogiques, incluant les salles num\u00e9riques, le mat\u00e9riel audiovisuel et les espaces de formation interactifs r\u00e9pondant aux exigences de la transformation num\u00e9rique. Cette modernisation mat\u00e9rielle accompagne la g\u00e9n\u00e9ralisation de l&rsquo;utilisation des solutions num\u00e9riques intelligentes dans les programmes p\u00e9dagogiques.&nbsp;Le ministre a \u00e9galement assign\u00e9 \u00e0 l&rsquo;Institut national du travail une mission intellectuelle et strat\u00e9gique en l&rsquo;appelant \u00e0 assumer \u00ab\u00a0un r\u00f4le de r\u00e9f\u00e9rence dans le domaine des \u00e9tudes et des recherches li\u00e9es au monde du travail, \u00e0 travers l&rsquo;\u00e9laboration de rapports analytiques et d&rsquo;\u00e9tudes sectorielles qui contribuent \u00e0 l&rsquo;appui \u00e0 la prise de d\u00e9cision\u00a0\u00bb.&nbsp;<\/p>\n\n\n\n<p>Concluant la r\u00e9union, M. Saihi a insist\u00e9 sur la n\u00e9cessit\u00e9 de renforcer la coordination entre l&rsquo;Institut et les cadres du minist\u00e8re pour assurer un accompagnement efficace dans l&rsquo;ex\u00e9cution de ses missions strat\u00e9giques, tout en appelant \u00e0 l&rsquo;acc\u00e9l\u00e9ration du rythme des r\u00e9alisations et \u00e0 l&rsquo;orientation des efforts vers l&rsquo;\u00e9largissement des partenariats avec les acteurs \u00e9conomiques afin de lier la formation aux besoins concrets du march\u00e9 du travail. Cette r\u00e9forme globale s&rsquo;inscrit dans le programme de travail pour 2026, pr\u00e9sent\u00e9 par le directeur g\u00e9n\u00e9ral de l&rsquo;Institut, qui place l&rsquo;int\u00e9gration des technologies modernes et l&rsquo;expansion de la formation \u00e0 distance au premier plan des priorit\u00e9s institutionnelles.<\/p>\n\n\n\n<p>R.N.<\/p>\n","protected":false},"excerpt":{"rendered":"<p>Le ministre du Travail, de l&rsquo;Emploi et de la S\u00e9curit\u00e9 sociale, Abdelhak Saihi, a instruit samedi la transformation de l&rsquo;Institut<\/p>\n","protected":false},"author":2,"featured_media":0,"comment_status":"open","ping_status":"closed","sticky":false,"template":"","format":"standard","meta":{"colormag_page_container_layout":"default_layout","colormag_page_sidebar_layout":"default_layout","om_disable_all_campaigns":false,"_monsterinsights_skip_tracking":false,"_monsterinsights_sitenote_active":false,"_monsterinsights_sitenote_note":"","_monsterinsights_sitenote_category":0,"footnotes":"","_wpscppro_dont_share_socialmedia":false,"_wpscppro_custom_social_share_image":0,"_facebook_share_type":"default","_twitter_share_type":"default","_linkedin_share_type":"default","_pinterest_share_type":"default","_linkedin_share_type_page":"","_instagram_share_type":"default","_medium_share_type":"default","_threads_share_type":"default","_google_business_share_type":"default","_selected_social_profile":[],"_wpsp_enable_custom_social_template":false,"_wpsp_social_scheduling":{"enabled":false,"datetime":null,"platforms":[],"status":"template_only","dateOption":"today","timeOption":"now","customDays":"","customHours":"","customDate":"","customTime":"","schedulingType":"absolute"},"_wpsp_active_default_template":true},"categories":[27],"tags":[],"class_list":["post-77712","post","type-post","status-publish","format-standard","hentry","category-actualite"],"aioseo_notices":[],"yoast_head":"<!-- This site is optimized with the Yoast SEO plugin v27.5 - https:\/\/yoast.com\/product\/yoast-seo-wordpress\/ -->\n<title>Num\u00e9risation\u00a0:\u00a0L&rsquo;Institut national du travail au c\u0153ur\u00a0appel\u00e9 \u00e0 devenir un \u00e9tablissement de formation de r\u00e9f\u00e9rence - La Sentinelle<\/title>\n<meta name=\"robots\" content=\"index, follow, max-snippet:-1, max-image-preview:large, max-video-preview:-1\" \/>\n<link rel=\"canonical\" href=\"https:\/\/lasentinelle.dz\/index.php\/2025\/12\/13\/numerisation-linstitut-national-du-travail-au-coeur-appele-a-devenir-un-etablissement-de-formation-de-reference\/\" \/>\n<meta property=\"og:locale\" content=\"fr_FR\" \/>\n<meta property=\"og:type\" content=\"article\" \/>\n<meta property=\"og:title\" content=\"Num\u00e9risation\u00a0:\u00a0L&rsquo;Institut national du travail au c\u0153ur\u00a0appel\u00e9 \u00e0 devenir un \u00e9tablissement de formation de r\u00e9f\u00e9rence - La Sentinelle\" \/>\n<meta property=\"og:description\" content=\"Le ministre du Travail, de l&rsquo;Emploi et de la S\u00e9curit\u00e9 sociale, Abdelhak Saihi, a instruit samedi la transformation de l&rsquo;Institut\" \/>\n<meta property=\"og:url\" content=\"https:\/\/lasentinelle.dz\/index.php\/2025\/12\/13\/numerisation-linstitut-national-du-travail-au-coeur-appele-a-devenir-un-etablissement-de-formation-de-reference\/\" \/>\n<meta property=\"og:site_name\" content=\"La Sentinelle\" \/>\n<meta property=\"article:publisher\" content=\"https:\/\/www.facebook.com\/La-Sentinelle-104059864394773\" \/>\n<meta property=\"article:published_time\" content=\"2025-12-13T18:28:28+00:00\" \/>\n<meta property=\"article:modified_time\" content=\"2025-12-13T18:28:29+00:00\" \/>\n<meta name=\"author\" content=\"Azzedine Belferag\" \/>\n<meta name=\"twitter:card\" content=\"summary_large_image\" \/>\n<meta name=\"twitter:label1\" content=\"\u00c9crit par\" \/>\n\t<meta name=\"twitter:data1\" content=\"Azzedine Belferag\" \/>\n\t<meta name=\"twitter:label2\" content=\"Dur\u00e9e de lecture estim\u00e9e\" \/>\n\t<meta name=\"twitter:data2\" content=\"3 minutes\" \/>\n<script type=\"application\/ld+json\" class=\"yoast-schema-graph\">{\"@context\":\"https:\\\/\\\/schema.org\",\"@graph\":[{\"@type\":\"Article\",\"@id\":\"https:\\\/\\\/lasentinelle.dz\\\/index.php\\\/2025\\\/12\\\/13\\\/numerisation-linstitut-national-du-travail-au-coeur-appele-a-devenir-un-etablissement-de-formation-de-reference\\\/#article\",\"isPartOf\":{\"@id\":\"https:\\\/\\\/lasentinelle.dz\\\/index.php\\\/2025\\\/12\\\/13\\\/numerisation-linstitut-national-du-travail-au-coeur-appele-a-devenir-un-etablissement-de-formation-de-reference\\\/\"},\"author\":{\"name\":\"Azzedine Belferag\",\"@id\":\"https:\\\/\\\/lasentinelle.dz\\\/#\\\/schema\\\/person\\\/e22c868643946ece5f328ac9d185b29f\"},\"headline\":\"Num\u00e9risation\u00a0:\u00a0L&rsquo;Institut national du travail au c\u0153ur\u00a0appel\u00e9 \u00e0 devenir un \u00e9tablissement de formation de r\u00e9f\u00e9rence\",\"datePublished\":\"2025-12-13T18:28:28+00:00\",\"dateModified\":\"2025-12-13T18:28:29+00:00\",\"mainEntityOfPage\":{\"@id\":\"https:\\\/\\\/lasentinelle.dz\\\/index.php\\\/2025\\\/12\\\/13\\\/numerisation-linstitut-national-du-travail-au-coeur-appele-a-devenir-un-etablissement-de-formation-de-reference\\\/\"},\"wordCount\":658,\"commentCount\":0,\"publisher\":{\"@id\":\"https:\\\/\\\/lasentinelle.dz\\\/#organization\"},\"articleSection\":[\"Actualit\u00e9\"],\"inLanguage\":\"fr-FR\",\"potentialAction\":[{\"@type\":\"CommentAction\",\"name\":\"Comment\",\"target\":[\"https:\\\/\\\/lasentinelle.dz\\\/index.php\\\/2025\\\/12\\\/13\\\/numerisation-linstitut-national-du-travail-au-coeur-appele-a-devenir-un-etablissement-de-formation-de-reference\\\/#respond\"]}]},{\"@type\":\"WebPage\",\"@id\":\"https:\\\/\\\/lasentinelle.dz\\\/index.php\\\/2025\\\/12\\\/13\\\/numerisation-linstitut-national-du-travail-au-coeur-appele-a-devenir-un-etablissement-de-formation-de-reference\\\/\",\"url\":\"https:\\\/\\\/lasentinelle.dz\\\/index.php\\\/2025\\\/12\\\/13\\\/numerisation-linstitut-national-du-travail-au-coeur-appele-a-devenir-un-etablissement-de-formation-de-reference\\\/\",\"name\":\"Num\u00e9risation\u00a0:\u00a0L&rsquo;Institut national du travail au c\u0153ur\u00a0appel\u00e9 \u00e0 devenir un \u00e9tablissement de formation de r\u00e9f\u00e9rence - La Sentinelle\",\"isPartOf\":{\"@id\":\"https:\\\/\\\/lasentinelle.dz\\\/#website\"},\"datePublished\":\"2025-12-13T18:28:28+00:00\",\"dateModified\":\"2025-12-13T18:28:29+00:00\",\"breadcrumb\":{\"@id\":\"https:\\\/\\\/lasentinelle.dz\\\/index.php\\\/2025\\\/12\\\/13\\\/numerisation-linstitut-national-du-travail-au-coeur-appele-a-devenir-un-etablissement-de-formation-de-reference\\\/#breadcrumb\"},\"inLanguage\":\"fr-FR\",\"potentialAction\":[{\"@type\":\"ReadAction\",\"target\":[\"https:\\\/\\\/lasentinelle.dz\\\/index.php\\\/2025\\\/12\\\/13\\\/numerisation-linstitut-national-du-travail-au-coeur-appele-a-devenir-un-etablissement-de-formation-de-reference\\\/\"]}]},{\"@type\":\"BreadcrumbList\",\"@id\":\"https:\\\/\\\/lasentinelle.dz\\\/index.php\\\/2025\\\/12\\\/13\\\/numerisation-linstitut-national-du-travail-au-coeur-appele-a-devenir-un-etablissement-de-formation-de-reference\\\/#breadcrumb\",\"itemListElement\":[{\"@type\":\"ListItem\",\"position\":1,\"name\":\"Accueil\",\"item\":\"https:\\\/\\\/lasentinelle.dz\\\/\"},{\"@type\":\"ListItem\",\"position\":2,\"name\":\"Num\u00e9risation\u00a0:\u00a0L&rsquo;Institut national du travail au c\u0153ur\u00a0appel\u00e9 \u00e0 devenir un \u00e9tablissement de formation de r\u00e9f\u00e9rence\"}]},{\"@type\":\"WebSite\",\"@id\":\"https:\\\/\\\/lasentinelle.dz\\\/#website\",\"url\":\"https:\\\/\\\/lasentinelle.dz\\\/\",\"name\":\"La Sentinelle\",\"description\":\"Quotidien national d&#039;information\",\"publisher\":{\"@id\":\"https:\\\/\\\/lasentinelle.dz\\\/#organization\"},\"potentialAction\":[{\"@type\":\"SearchAction\",\"target\":{\"@type\":\"EntryPoint\",\"urlTemplate\":\"https:\\\/\\\/lasentinelle.dz\\\/?s={search_term_string}\"},\"query-input\":{\"@type\":\"PropertyValueSpecification\",\"valueRequired\":true,\"valueName\":\"search_term_string\"}}],\"inLanguage\":\"fr-FR\"},{\"@type\":\"Organization\",\"@id\":\"https:\\\/\\\/lasentinelle.dz\\\/#organization\",\"name\":\"Quotidien La Sentinelle\",\"url\":\"https:\\\/\\\/lasentinelle.dz\\\/\",\"logo\":{\"@type\":\"ImageObject\",\"inLanguage\":\"fr-FR\",\"@id\":\"https:\\\/\\\/lasentinelle.dz\\\/#\\\/schema\\\/logo\\\/image\\\/\",\"url\":\"https:\\\/\\\/lasentinelle.dz\\\/wp-content\\\/uploads\\\/2021\\\/09\\\/logo-sentinelleSLOGAN-1.png\",\"contentUrl\":\"https:\\\/\\\/lasentinelle.dz\\\/wp-content\\\/uploads\\\/2021\\\/09\\\/logo-sentinelleSLOGAN-1.png\",\"width\":615,\"height\":142,\"caption\":\"Quotidien La Sentinelle\"},\"image\":{\"@id\":\"https:\\\/\\\/lasentinelle.dz\\\/#\\\/schema\\\/logo\\\/image\\\/\"},\"sameAs\":[\"https:\\\/\\\/www.facebook.com\\\/La-Sentinelle-104059864394773\"]},{\"@type\":\"Person\",\"@id\":\"https:\\\/\\\/lasentinelle.dz\\\/#\\\/schema\\\/person\\\/e22c868643946ece5f328ac9d185b29f\",\"name\":\"Azzedine Belferag\",\"image\":{\"@type\":\"ImageObject\",\"inLanguage\":\"fr-FR\",\"@id\":\"https:\\\/\\\/secure.gravatar.com\\\/avatar\\\/767ecc3bfcf23cd6d0dae1705f124feb13a88fded1daa56498e4fb3aa3fc36a1?s=96&d=mm&r=g\",\"url\":\"https:\\\/\\\/secure.gravatar.com\\\/avatar\\\/767ecc3bfcf23cd6d0dae1705f124feb13a88fded1daa56498e4fb3aa3fc36a1?s=96&d=mm&r=g\",\"contentUrl\":\"https:\\\/\\\/secure.gravatar.com\\\/avatar\\\/767ecc3bfcf23cd6d0dae1705f124feb13a88fded1daa56498e4fb3aa3fc36a1?s=96&d=mm&r=g\",\"caption\":\"Azzedine Belferag\"},\"sameAs\":[\"http:\\\/\\\/www.lasentinelle.dz\"],\"url\":\"https:\\\/\\\/lasentinelle.dz\\\/author\\\/belferag\\\/\"}]}<\/script>\n<!-- \/ Yoast SEO plugin. -->","yoast_head_json":{"title":"Num\u00e9risation\u00a0:\u00a0L&rsquo;Institut national du travail au c\u0153ur\u00a0appel\u00e9 \u00e0 devenir un \u00e9tablissement de formation de r\u00e9f\u00e9rence - La Sentinelle","robots":{"index":"index","follow":"follow","max-snippet":"max-snippet:-1","max-image-preview":"max-image-preview:large","max-video-preview":"max-video-preview:-1"},"canonical":"https:\/\/lasentinelle.dz\/index.php\/2025\/12\/13\/numerisation-linstitut-national-du-travail-au-coeur-appele-a-devenir-un-etablissement-de-formation-de-reference\/","og_locale":"fr_FR","og_type":"article","og_title":"Num\u00e9risation\u00a0:\u00a0L&rsquo;Institut national du travail au c\u0153ur\u00a0appel\u00e9 \u00e0 devenir un \u00e9tablissement de formation de r\u00e9f\u00e9rence - La Sentinelle","og_description":"Le ministre du Travail, de l&rsquo;Emploi et de la S\u00e9curit\u00e9 sociale, Abdelhak Saihi, a instruit samedi la transformation de l&rsquo;Institut","og_url":"https:\/\/lasentinelle.dz\/index.php\/2025\/12\/13\/numerisation-linstitut-national-du-travail-au-coeur-appele-a-devenir-un-etablissement-de-formation-de-reference\/","og_site_name":"La Sentinelle","article_publisher":"https:\/\/www.facebook.com\/La-Sentinelle-104059864394773","article_published_time":"2025-12-13T18:28:28+00:00","article_modified_time":"2025-12-13T18:28:29+00:00","author":"Azzedine Belferag","twitter_card":"summary_large_image","twitter_misc":{"\u00c9crit par":"Azzedine Belferag","Dur\u00e9e de lecture estim\u00e9e":"3 minutes"},"schema":{"@context":"https:\/\/schema.org","@graph":[{"@type":"Article","@id":"https:\/\/lasentinelle.dz\/index.php\/2025\/12\/13\/numerisation-linstitut-national-du-travail-au-coeur-appele-a-devenir-un-etablissement-de-formation-de-reference\/#article","isPartOf":{"@id":"https:\/\/lasentinelle.dz\/index.php\/2025\/12\/13\/numerisation-linstitut-national-du-travail-au-coeur-appele-a-devenir-un-etablissement-de-formation-de-reference\/"},"author":{"name":"Azzedine Belferag","@id":"https:\/\/lasentinelle.dz\/#\/schema\/person\/e22c868643946ece5f328ac9d185b29f"},"headline":"Num\u00e9risation\u00a0:\u00a0L&rsquo;Institut national du travail au c\u0153ur\u00a0appel\u00e9 \u00e0 devenir un \u00e9tablissement de formation de r\u00e9f\u00e9rence","datePublished":"2025-12-13T18:28:28+00:00","dateModified":"2025-12-13T18:28:29+00:00","mainEntityOfPage":{"@id":"https:\/\/lasentinelle.dz\/index.php\/2025\/12\/13\/numerisation-linstitut-national-du-travail-au-coeur-appele-a-devenir-un-etablissement-de-formation-de-reference\/"},"wordCount":658,"commentCount":0,"publisher":{"@id":"https:\/\/lasentinelle.dz\/#organization"},"articleSection":["Actualit\u00e9"],"inLanguage":"fr-FR","potentialAction":[{"@type":"CommentAction","name":"Comment","target":["https:\/\/lasentinelle.dz\/index.php\/2025\/12\/13\/numerisation-linstitut-national-du-travail-au-coeur-appele-a-devenir-un-etablissement-de-formation-de-reference\/#respond"]}]},{"@type":"WebPage","@id":"https:\/\/lasentinelle.dz\/index.php\/2025\/12\/13\/numerisation-linstitut-national-du-travail-au-coeur-appele-a-devenir-un-etablissement-de-formation-de-reference\/","url":"https:\/\/lasentinelle.dz\/index.php\/2025\/12\/13\/numerisation-linstitut-national-du-travail-au-coeur-appele-a-devenir-un-etablissement-de-formation-de-reference\/","name":"Num\u00e9risation\u00a0:\u00a0L&rsquo;Institut national du travail au c\u0153ur\u00a0appel\u00e9 \u00e0 devenir un \u00e9tablissement de formation de r\u00e9f\u00e9rence - La Sentinelle","isPartOf":{"@id":"https:\/\/lasentinelle.dz\/#website"},"datePublished":"2025-12-13T18:28:28+00:00","dateModified":"2025-12-13T18:28:29+00:00","breadcrumb":{"@id":"https:\/\/lasentinelle.dz\/index.php\/2025\/12\/13\/numerisation-linstitut-national-du-travail-au-coeur-appele-a-devenir-un-etablissement-de-formation-de-reference\/#breadcrumb"},"inLanguage":"fr-FR","potentialAction":[{"@type":"ReadAction","target":["https:\/\/lasentinelle.dz\/index.php\/2025\/12\/13\/numerisation-linstitut-national-du-travail-au-coeur-appele-a-devenir-un-etablissement-de-formation-de-reference\/"]}]},{"@type":"BreadcrumbList","@id":"https:\/\/lasentinelle.dz\/index.php\/2025\/12\/13\/numerisation-linstitut-national-du-travail-au-coeur-appele-a-devenir-un-etablissement-de-formation-de-reference\/#breadcrumb","itemListElement":[{"@type":"ListItem","position":1,"name":"Accueil","item":"https:\/\/lasentinelle.dz\/"},{"@type":"ListItem","position":2,"name":"Num\u00e9risation\u00a0:\u00a0L&rsquo;Institut national du travail au c\u0153ur\u00a0appel\u00e9 \u00e0 devenir un \u00e9tablissement de formation de r\u00e9f\u00e9rence"}]},{"@type":"WebSite","@id":"https:\/\/lasentinelle.dz\/#website","url":"https:\/\/lasentinelle.dz\/","name":"La Sentinelle","description":"Quotidien national d&#039;information","publisher":{"@id":"https:\/\/lasentinelle.dz\/#organization"},"potentialAction":[{"@type":"SearchAction","target":{"@type":"EntryPoint","urlTemplate":"https:\/\/lasentinelle.dz\/?s={search_term_string}"},"query-input":{"@type":"PropertyValueSpecification","valueRequired":true,"valueName":"search_term_string"}}],"inLanguage":"fr-FR"},{"@type":"Organization","@id":"https:\/\/lasentinelle.dz\/#organization","name":"Quotidien La Sentinelle","url":"https:\/\/lasentinelle.dz\/","logo":{"@type":"ImageObject","inLanguage":"fr-FR","@id":"https:\/\/lasentinelle.dz\/#\/schema\/logo\/image\/","url":"https:\/\/lasentinelle.dz\/wp-content\/uploads\/2021\/09\/logo-sentinelleSLOGAN-1.png","contentUrl":"https:\/\/lasentinelle.dz\/wp-content\/uploads\/2021\/09\/logo-sentinelleSLOGAN-1.png","width":615,"height":142,"caption":"Quotidien La Sentinelle"},"image":{"@id":"https:\/\/lasentinelle.dz\/#\/schema\/logo\/image\/"},"sameAs":["https:\/\/www.facebook.com\/La-Sentinelle-104059864394773"]},{"@type":"Person","@id":"https:\/\/lasentinelle.dz\/#\/schema\/person\/e22c868643946ece5f328ac9d185b29f","name":"Azzedine Belferag","image":{"@type":"ImageObject","inLanguage":"fr-FR","@id":"https:\/\/secure.gravatar.com\/avatar\/767ecc3bfcf23cd6d0dae1705f124feb13a88fded1daa56498e4fb3aa3fc36a1?s=96&d=mm&r=g","url":"https:\/\/secure.gravatar.com\/avatar\/767ecc3bfcf23cd6d0dae1705f124feb13a88fded1daa56498e4fb3aa3fc36a1?s=96&d=mm&r=g","contentUrl":"https:\/\/secure.gravatar.com\/avatar\/767ecc3bfcf23cd6d0dae1705f124feb13a88fded1daa56498e4fb3aa3fc36a1?s=96&d=mm&r=g","caption":"Azzedine Belferag"},"sameAs":["http:\/\/www.lasentinelle.dz"],"url":"https:\/\/lasentinelle.dz\/author\/belferag\/"}]}},"_links":{"self":[{"href":"https:\/\/lasentinelle.dz\/index.php\/wp-json\/wp\/v2\/posts\/77712","targetHints":{"allow":["GET"]}}],"collection":[{"href":"https:\/\/lasentinelle.dz\/index.php\/wp-json\/wp\/v2\/posts"}],"about":[{"href":"https:\/\/lasentinelle.dz\/index.php\/wp-json\/wp\/v2\/types\/post"}],"author":[{"embeddable":true,"href":"https:\/\/lasentinelle.dz\/index.php\/wp-json\/wp\/v2\/users\/2"}],"replies":[{"embeddable":true,"href":"https:\/\/lasentinelle.dz\/index.php\/wp-json\/wp\/v2\/comments?post=77712"}],"version-history":[{"count":2,"href":"https:\/\/lasentinelle.dz\/index.php\/wp-json\/wp\/v2\/posts\/77712\/revisions"}],"predecessor-version":[{"id":77714,"href":"https:\/\/lasentinelle.dz\/index.php\/wp-json\/wp\/v2\/posts\/77712\/revisions\/77714"}],"wp:attachment":[{"href":"https:\/\/lasentinelle.dz\/index.php\/wp-json\/wp\/v2\/media?parent=77712"}],"wp:term":[{"taxonomy":"category","embeddable":true,"href":"https:\/\/lasentinelle.dz\/index.php\/wp-json\/wp\/v2\/categories?post=77712"},{"taxonomy":"post_tag","embeddable":true,"href":"https:\/\/lasentinelle.dz\/index.php\/wp-json\/wp\/v2\/tags?post=77712"}],"curies":[{"name":"wp","href":"https:\/\/api.w.org\/{rel}","templated":true}]}}