{"id":77715,"date":"2025-12-13T19:29:14","date_gmt":"2025-12-13T18:29:14","guid":{"rendered":"https:\/\/lasentinelle.dz\/?p=77715"},"modified":"2025-12-13T19:29:16","modified_gmt":"2025-12-13T18:29:16","slug":"retraite-anticipee-des-enseignants-le-texte-dapplication-en-phase-finale-de-publication","status":"publish","type":"post","link":"https:\/\/lasentinelle.dz\/index.php\/2025\/12\/13\/retraite-anticipee-des-enseignants-le-texte-dapplication-en-phase-finale-de-publication\/","title":{"rendered":"Retraite anticip\u00e9e des enseignants\u00a0: Le texte d&rsquo;application en phase finale de publication"},"content":{"rendered":"\n<p>Le ministre du Travail, de l&rsquo;Emploi et de la S\u00e9curit\u00e9 sociale, Abdelhak Sa\u00efhi, a annonc\u00e9 que le texte r\u00e9glementaire d&rsquo;application de l&rsquo;article 2 de la loi 25-09 relative \u00e0 la retraite des enseignants a \u00e9t\u00e9 d\u00e9pos\u00e9 aupr\u00e8s des services du Secr\u00e9tariat g\u00e9n\u00e9ral du gouvernement et est en cours de finalisation pour sa publication officielle.<\/p>\n\n\n\n<p>Dans une r\u00e9ponse \u00e9crite \u00e0 une question du d\u00e9put\u00e9 de l&rsquo;Assembl\u00e9e populaire nationale, Tahar Benali, publi\u00e9e vendredi, le ministre du Travail a lev\u00e9 le voile sur l&rsquo;\u00e9tat d&rsquo;avancement du dispositif r\u00e9glementaire tant attendu par les enseignants. Ce texte, qui concr\u00e9tise l&rsquo;engagement pr\u00e9sidentiel en faveur du corps enseignant, d\u00e9finira pr\u00e9cis\u00e9ment les conditions et modalit\u00e9s permettant aux personnels de l&rsquo;\u00e9ducation de b\u00e9n\u00e9ficier d&rsquo;une retraite anticip\u00e9e avant l&rsquo;\u00e2ge l\u00e9gal.&nbsp;Abdelhak Sa\u00efhi a pr\u00e9cis\u00e9 que le projet de texte r\u00e9glementaire fait actuellement l&rsquo;objet de r\u00e9unions de coordination destin\u00e9es \u00e0 finaliser sa formulation d\u00e9finitive avant sa publication. \u00ab\u00a0Le projet a \u00e9t\u00e9 soumis \u00e0 des \u00e9tapes d&rsquo;\u00e9tude, d&rsquo;enrichissement et de consultation en coordination avec les secteurs concern\u00e9s\u00a0\u00bb, a-t-il expliqu\u00e9, soulignant le caract\u00e8re interminist\u00e9riel de cette r\u00e9forme qui touche plusieurs d\u00e9partements gouvernementaux.&nbsp;<\/p>\n\n\n\n<p>Le ministre a rappel\u00e9 que l&rsquo;amendement de l&rsquo;article 2 de la loi 25-09 du 19 juillet 2025, qui compl\u00e8te et modifie la loi 83-12 du 2 juin 1983 relative \u00e0 la retraite, \u00ab\u00a0est venu concr\u00e9tiser l&rsquo;engagement du pr\u00e9sident de la R\u00e9publique envers les enseignants du secteur de l&rsquo;\u00e9ducation \u00e0 tous ses paliers\u00a0\u00bb.&nbsp;&nbsp;\u00ab\u00a0Des dispositions particuli\u00e8res ont \u00e9t\u00e9 adopt\u00e9es tenant compte de la sp\u00e9cificit\u00e9 de cette noble profession et des difficult\u00e9s de son exercice, \u00e0 travers la r\u00e9duction de l&rsquo;\u00e2ge de la retraite de trois ans, en reconnaissance de leurs efforts dans la pr\u00e9paration des g\u00e9n\u00e9rations de demain, et ce selon une approche \u00e9quitable et durable\u00a0\u00bb, a soulign\u00e9 Abdelhak Sa\u00efhi.&nbsp;<\/p>\n\n\n\n<p>Le ministre a \u00e9galement inscrit cet amendement dans une perspective plus large de modernisation du syst\u00e8me de protection sociale alg\u00e9rien. \u00ab\u00a0Cette modification s&rsquo;inscrit dans le cadre d&rsquo;une approche qui r\u00e9pond aux exigences du d\u00e9veloppement continu des syst\u00e8mes de protection sociale et tient compte des \u00e9volutions \u00e9conomiques et sociales\u00a0\u00bb, a-t-il indiqu\u00e9.&nbsp;Suite \u00e0 l&rsquo;adoption de l&rsquo;amendement par les deux chambres du Parlement et sa publication au Journal officiel, les services du minist\u00e8re ont \u00e9labor\u00e9 le projet de texte r\u00e9glementaire qui d\u00e9finira concr\u00e8tement les b\u00e9n\u00e9ficiaires et les proc\u00e9dures \u00e0 suivre. Selon les dispositions de la loi amend\u00e9e, peuvent b\u00e9n\u00e9ficier sur leur demande d&rsquo;une pension de retraite avant l&rsquo;\u00e2ge l\u00e9gal les fonctionnaires appartenant aux corps des enseignants et professeurs, des surveillants g\u00e9n\u00e9raux et directeurs d&rsquo;\u00e9tablissements d&rsquo;\u00e9ducation et d&rsquo;enseignement, ainsi que les inspecteurs relevant des corps sp\u00e9cifiques \u00e0 l&rsquo;\u00c9ducation nationale.<\/p>\n\n\n\n<p>La dur\u00e9e de r\u00e9duction de l&rsquo;\u00e2ge l\u00e9gal de d\u00e9part \u00e0 la retraite est fix\u00e9e \u00e0 trois ans pour l&rsquo;ensemble de ces cat\u00e9gories. Les femmes fonctionnaires appartenant \u00e0 l&rsquo;un de ces corps peuvent \u00e9galement b\u00e9n\u00e9ficier, sur leur demande, de la m\u00eame dur\u00e9e de r\u00e9duction avant l&rsquo;\u00e2ge de&nbsp;55&nbsp;ans. Toutefois, la loi pr\u00e9cise qu&rsquo;une femme fonctionnaire ne peut cumuler la r\u00e9duction de l&rsquo;\u00e2ge de d\u00e9part \u00e0 la retraite pr\u00e9vue par cet amendement avec celle mentionn\u00e9e dans l&rsquo;article 8 de la m\u00eame loi relative \u00e0 l&rsquo;\u00e9ducation des enfants, \u00e9vitant ainsi les doubles avantages.<\/p>\n\n\n\n<p>Cette r\u00e9forme majeure du syst\u00e8me de retraite des enseignants s&rsquo;inscrit dans une politique globale de revalorisation du secteur de l&rsquo;\u00e9ducation&nbsp;nationale, consid\u00e9r\u00e9 comme prioritaire par les pouvoirs publics. Elle devrait concerner plusieurs dizaines de milliers d&rsquo;enseignants \u00e0 travers le territoire national qui pourront, une fois le texte r\u00e9glementaire publi\u00e9, entamer les d\u00e9marches pour b\u00e9n\u00e9ficier de ce dispositif de d\u00e9part anticip\u00e9 \u00e0 la retraite.<\/p>\n\n\n\n<p>Lyna Larbi<\/p>\n","protected":false},"excerpt":{"rendered":"<p>Le ministre du Travail, de l&rsquo;Emploi et de la S\u00e9curit\u00e9 sociale, Abdelhak Sa\u00efhi, a annonc\u00e9 que le texte r\u00e9glementaire d&rsquo;application<\/p>\n","protected":false},"author":6,"featured_media":64834,"comment_status":"open","ping_status":"closed","sticky":false,"template":"","format":"standard","meta":{"colormag_page_container_layout":"default_layout","colormag_page_sidebar_layout":"default_layout","om_disable_all_campaigns":false,"_monsterinsights_skip_tracking":false,"_monsterinsights_sitenote_active":false,"_monsterinsights_sitenote_note":"","_monsterinsights_sitenote_category":0,"footnotes":"","_wpscppro_dont_share_socialmedia":false,"_wpscppro_custom_social_share_image":0,"_facebook_share_type":"default","_twitter_share_type":"default","_linkedin_share_type":"default","_pinterest_share_type":"default","_linkedin_share_type_page":"","_instagram_share_type":"default","_medium_share_type":"default","_threads_share_type":"default","_google_business_share_type":"default","_selected_social_profile":[],"_wpsp_enable_custom_social_template":false,"_wpsp_social_scheduling":{"enabled":false,"datetime":null,"platforms":[],"status":"template_only","dateOption":"today","timeOption":"now","customDays":"","customHours":"","customDate":"","customTime":"","schedulingType":"absolute"},"_wpsp_active_default_template":true},"categories":[52,27],"tags":[],"class_list":["post-77715","post","type-post","status-publish","format-standard","has-post-thumbnail","hentry","category-a-la-une","category-actualite"],"aioseo_notices":[],"yoast_head":"<!-- This site is optimized with the Yoast SEO plugin v27.5 - https:\/\/yoast.com\/product\/yoast-seo-wordpress\/ -->\n<title>Retraite anticip\u00e9e des enseignants\u00a0: Le texte d&rsquo;application en phase finale de publication - La Sentinelle<\/title>\n<meta name=\"robots\" content=\"index, follow, max-snippet:-1, max-image-preview:large, max-video-preview:-1\" \/>\n<link rel=\"canonical\" href=\"https:\/\/lasentinelle.dz\/index.php\/2025\/12\/13\/retraite-anticipee-des-enseignants-le-texte-dapplication-en-phase-finale-de-publication\/\" \/>\n<meta property=\"og:locale\" content=\"fr_FR\" \/>\n<meta property=\"og:type\" content=\"article\" \/>\n<meta property=\"og:title\" content=\"Retraite anticip\u00e9e des enseignants\u00a0: Le texte d&rsquo;application en phase finale de publication - La Sentinelle\" \/>\n<meta property=\"og:description\" content=\"Le ministre du Travail, de l&rsquo;Emploi et de la S\u00e9curit\u00e9 sociale, Abdelhak Sa\u00efhi, a annonc\u00e9 que le texte r\u00e9glementaire d&rsquo;application\" \/>\n<meta property=\"og:url\" content=\"https:\/\/lasentinelle.dz\/index.php\/2025\/12\/13\/retraite-anticipee-des-enseignants-le-texte-dapplication-en-phase-finale-de-publication\/\" \/>\n<meta property=\"og:site_name\" content=\"La Sentinelle\" \/>\n<meta property=\"article:publisher\" content=\"https:\/\/www.facebook.com\/La-Sentinelle-104059864394773\" \/>\n<meta property=\"article:published_time\" content=\"2025-12-13T18:29:14+00:00\" \/>\n<meta property=\"article:modified_time\" content=\"2025-12-13T18:29:16+00:00\" \/>\n<meta property=\"og:image\" content=\"https:\/\/lasentinelle.dz\/wp-content\/uploads\/2025\/03\/enseignants.jpg\" \/>\n\t<meta property=\"og:image:width\" content=\"730\" \/>\n\t<meta property=\"og:image:height\" content=\"460\" \/>\n\t<meta property=\"og:image:type\" content=\"image\/jpeg\" \/>\n<meta name=\"author\" content=\"admin\" \/>\n<meta name=\"twitter:card\" content=\"summary_large_image\" \/>\n<meta name=\"twitter:label1\" content=\"\u00c9crit par\" \/>\n\t<meta name=\"twitter:data1\" content=\"admin\" \/>\n\t<meta name=\"twitter:label2\" content=\"Dur\u00e9e de lecture estim\u00e9e\" \/>\n\t<meta name=\"twitter:data2\" content=\"4 minutes\" \/>\n<script type=\"application\/ld+json\" class=\"yoast-schema-graph\">{\"@context\":\"https:\\\/\\\/schema.org\",\"@graph\":[{\"@type\":\"Article\",\"@id\":\"https:\\\/\\\/lasentinelle.dz\\\/index.php\\\/2025\\\/12\\\/13\\\/retraite-anticipee-des-enseignants-le-texte-dapplication-en-phase-finale-de-publication\\\/#article\",\"isPartOf\":{\"@id\":\"https:\\\/\\\/lasentinelle.dz\\\/index.php\\\/2025\\\/12\\\/13\\\/retraite-anticipee-des-enseignants-le-texte-dapplication-en-phase-finale-de-publication\\\/\"},\"author\":{\"name\":\"admin\",\"@id\":\"https:\\\/\\\/lasentinelle.dz\\\/#\\\/schema\\\/person\\\/729ee0024f24e0b8c5ec17232f8e8b41\"},\"headline\":\"Retraite anticip\u00e9e des enseignants\u00a0: Le texte d&rsquo;application en phase finale de publication\",\"datePublished\":\"2025-12-13T18:29:14+00:00\",\"dateModified\":\"2025-12-13T18:29:16+00:00\",\"mainEntityOfPage\":{\"@id\":\"https:\\\/\\\/lasentinelle.dz\\\/index.php\\\/2025\\\/12\\\/13\\\/retraite-anticipee-des-enseignants-le-texte-dapplication-en-phase-finale-de-publication\\\/\"},\"wordCount\":709,\"commentCount\":0,\"publisher\":{\"@id\":\"https:\\\/\\\/lasentinelle.dz\\\/#organization\"},\"image\":{\"@id\":\"https:\\\/\\\/lasentinelle.dz\\\/index.php\\\/2025\\\/12\\\/13\\\/retraite-anticipee-des-enseignants-le-texte-dapplication-en-phase-finale-de-publication\\\/#primaryimage\"},\"thumbnailUrl\":\"https:\\\/\\\/lasentinelle.dz\\\/wp-content\\\/uploads\\\/2025\\\/03\\\/enseignants.jpg\",\"articleSection\":[\"\u00c0 la Une\",\"Actualit\u00e9\"],\"inLanguage\":\"fr-FR\",\"potentialAction\":[{\"@type\":\"CommentAction\",\"name\":\"Comment\",\"target\":[\"https:\\\/\\\/lasentinelle.dz\\\/index.php\\\/2025\\\/12\\\/13\\\/retraite-anticipee-des-enseignants-le-texte-dapplication-en-phase-finale-de-publication\\\/#respond\"]}]},{\"@type\":\"WebPage\",\"@id\":\"https:\\\/\\\/lasentinelle.dz\\\/index.php\\\/2025\\\/12\\\/13\\\/retraite-anticipee-des-enseignants-le-texte-dapplication-en-phase-finale-de-publication\\\/\",\"url\":\"https:\\\/\\\/lasentinelle.dz\\\/index.php\\\/2025\\\/12\\\/13\\\/retraite-anticipee-des-enseignants-le-texte-dapplication-en-phase-finale-de-publication\\\/\",\"name\":\"Retraite anticip\u00e9e des enseignants\u00a0: Le texte d&rsquo;application en phase finale de publication - La Sentinelle\",\"isPartOf\":{\"@id\":\"https:\\\/\\\/lasentinelle.dz\\\/#website\"},\"primaryImageOfPage\":{\"@id\":\"https:\\\/\\\/lasentinelle.dz\\\/index.php\\\/2025\\\/12\\\/13\\\/retraite-anticipee-des-enseignants-le-texte-dapplication-en-phase-finale-de-publication\\\/#primaryimage\"},\"image\":{\"@id\":\"https:\\\/\\\/lasentinelle.dz\\\/index.php\\\/2025\\\/12\\\/13\\\/retraite-anticipee-des-enseignants-le-texte-dapplication-en-phase-finale-de-publication\\\/#primaryimage\"},\"thumbnailUrl\":\"https:\\\/\\\/lasentinelle.dz\\\/wp-content\\\/uploads\\\/2025\\\/03\\\/enseignants.jpg\",\"datePublished\":\"2025-12-13T18:29:14+00:00\",\"dateModified\":\"2025-12-13T18:29:16+00:00\",\"breadcrumb\":{\"@id\":\"https:\\\/\\\/lasentinelle.dz\\\/index.php\\\/2025\\\/12\\\/13\\\/retraite-anticipee-des-enseignants-le-texte-dapplication-en-phase-finale-de-publication\\\/#breadcrumb\"},\"inLanguage\":\"fr-FR\",\"potentialAction\":[{\"@type\":\"ReadAction\",\"target\":[\"https:\\\/\\\/lasentinelle.dz\\\/index.php\\\/2025\\\/12\\\/13\\\/retraite-anticipee-des-enseignants-le-texte-dapplication-en-phase-finale-de-publication\\\/\"]}]},{\"@type\":\"ImageObject\",\"inLanguage\":\"fr-FR\",\"@id\":\"https:\\\/\\\/lasentinelle.dz\\\/index.php\\\/2025\\\/12\\\/13\\\/retraite-anticipee-des-enseignants-le-texte-dapplication-en-phase-finale-de-publication\\\/#primaryimage\",\"url\":\"https:\\\/\\\/lasentinelle.dz\\\/wp-content\\\/uploads\\\/2025\\\/03\\\/enseignants.jpg\",\"contentUrl\":\"https:\\\/\\\/lasentinelle.dz\\\/wp-content\\\/uploads\\\/2025\\\/03\\\/enseignants.jpg\",\"width\":730,\"height\":460},{\"@type\":\"BreadcrumbList\",\"@id\":\"https:\\\/\\\/lasentinelle.dz\\\/index.php\\\/2025\\\/12\\\/13\\\/retraite-anticipee-des-enseignants-le-texte-dapplication-en-phase-finale-de-publication\\\/#breadcrumb\",\"itemListElement\":[{\"@type\":\"ListItem\",\"position\":1,\"name\":\"Accueil\",\"item\":\"https:\\\/\\\/lasentinelle.dz\\\/\"},{\"@type\":\"ListItem\",\"position\":2,\"name\":\"Retraite anticip\u00e9e des enseignants\u00a0: Le texte d&rsquo;application en phase finale de publication\"}]},{\"@type\":\"WebSite\",\"@id\":\"https:\\\/\\\/lasentinelle.dz\\\/#website\",\"url\":\"https:\\\/\\\/lasentinelle.dz\\\/\",\"name\":\"La Sentinelle\",\"description\":\"Quotidien national d&#039;information\",\"publisher\":{\"@id\":\"https:\\\/\\\/lasentinelle.dz\\\/#organization\"},\"potentialAction\":[{\"@type\":\"SearchAction\",\"target\":{\"@type\":\"EntryPoint\",\"urlTemplate\":\"https:\\\/\\\/lasentinelle.dz\\\/?s={search_term_string}\"},\"query-input\":{\"@type\":\"PropertyValueSpecification\",\"valueRequired\":true,\"valueName\":\"search_term_string\"}}],\"inLanguage\":\"fr-FR\"},{\"@type\":\"Organization\",\"@id\":\"https:\\\/\\\/lasentinelle.dz\\\/#organization\",\"name\":\"Quotidien La Sentinelle\",\"url\":\"https:\\\/\\\/lasentinelle.dz\\\/\",\"logo\":{\"@type\":\"ImageObject\",\"inLanguage\":\"fr-FR\",\"@id\":\"https:\\\/\\\/lasentinelle.dz\\\/#\\\/schema\\\/logo\\\/image\\\/\",\"url\":\"https:\\\/\\\/lasentinelle.dz\\\/wp-content\\\/uploads\\\/2021\\\/09\\\/logo-sentinelleSLOGAN-1.png\",\"contentUrl\":\"https:\\\/\\\/lasentinelle.dz\\\/wp-content\\\/uploads\\\/2021\\\/09\\\/logo-sentinelleSLOGAN-1.png\",\"width\":615,\"height\":142,\"caption\":\"Quotidien La Sentinelle\"},\"image\":{\"@id\":\"https:\\\/\\\/lasentinelle.dz\\\/#\\\/schema\\\/logo\\\/image\\\/\"},\"sameAs\":[\"https:\\\/\\\/www.facebook.com\\\/La-Sentinelle-104059864394773\"]},{\"@type\":\"Person\",\"@id\":\"https:\\\/\\\/lasentinelle.dz\\\/#\\\/schema\\\/person\\\/729ee0024f24e0b8c5ec17232f8e8b41\",\"name\":\"admin\",\"image\":{\"@type\":\"ImageObject\",\"inLanguage\":\"fr-FR\",\"@id\":\"https:\\\/\\\/secure.gravatar.com\\\/avatar\\\/4c81fed838786e9b53f540bf46533e750f5d292099ae3b66cfc6fb1982e29df7?s=96&d=mm&r=g\",\"url\":\"https:\\\/\\\/secure.gravatar.com\\\/avatar\\\/4c81fed838786e9b53f540bf46533e750f5d292099ae3b66cfc6fb1982e29df7?s=96&d=mm&r=g\",\"contentUrl\":\"https:\\\/\\\/secure.gravatar.com\\\/avatar\\\/4c81fed838786e9b53f540bf46533e750f5d292099ae3b66cfc6fb1982e29df7?s=96&d=mm&r=g\",\"caption\":\"admin\"},\"description\":\"admin\",\"url\":\"https:\\\/\\\/lasentinelle.dz\\\/author\\\/admin\\\/\"}]}<\/script>\n<!-- \/ Yoast SEO plugin. -->","yoast_head_json":{"title":"Retraite anticip\u00e9e des enseignants\u00a0: Le texte d&rsquo;application en phase finale de publication - La Sentinelle","robots":{"index":"index","follow":"follow","max-snippet":"max-snippet:-1","max-image-preview":"max-image-preview:large","max-video-preview":"max-video-preview:-1"},"canonical":"https:\/\/lasentinelle.dz\/index.php\/2025\/12\/13\/retraite-anticipee-des-enseignants-le-texte-dapplication-en-phase-finale-de-publication\/","og_locale":"fr_FR","og_type":"article","og_title":"Retraite anticip\u00e9e des enseignants\u00a0: Le texte d&rsquo;application en phase finale de publication - La Sentinelle","og_description":"Le ministre du Travail, de l&rsquo;Emploi et de la S\u00e9curit\u00e9 sociale, Abdelhak Sa\u00efhi, a annonc\u00e9 que le texte r\u00e9glementaire d&rsquo;application","og_url":"https:\/\/lasentinelle.dz\/index.php\/2025\/12\/13\/retraite-anticipee-des-enseignants-le-texte-dapplication-en-phase-finale-de-publication\/","og_site_name":"La Sentinelle","article_publisher":"https:\/\/www.facebook.com\/La-Sentinelle-104059864394773","article_published_time":"2025-12-13T18:29:14+00:00","article_modified_time":"2025-12-13T18:29:16+00:00","og_image":[{"width":730,"height":460,"url":"https:\/\/lasentinelle.dz\/wp-content\/uploads\/2025\/03\/enseignants.jpg","type":"image\/jpeg"}],"author":"admin","twitter_card":"summary_large_image","twitter_misc":{"\u00c9crit par":"admin","Dur\u00e9e de lecture estim\u00e9e":"4 minutes"},"schema":{"@context":"https:\/\/schema.org","@graph":[{"@type":"Article","@id":"https:\/\/lasentinelle.dz\/index.php\/2025\/12\/13\/retraite-anticipee-des-enseignants-le-texte-dapplication-en-phase-finale-de-publication\/#article","isPartOf":{"@id":"https:\/\/lasentinelle.dz\/index.php\/2025\/12\/13\/retraite-anticipee-des-enseignants-le-texte-dapplication-en-phase-finale-de-publication\/"},"author":{"name":"admin","@id":"https:\/\/lasentinelle.dz\/#\/schema\/person\/729ee0024f24e0b8c5ec17232f8e8b41"},"headline":"Retraite anticip\u00e9e des enseignants\u00a0: Le texte d&rsquo;application en phase finale de publication","datePublished":"2025-12-13T18:29:14+00:00","dateModified":"2025-12-13T18:29:16+00:00","mainEntityOfPage":{"@id":"https:\/\/lasentinelle.dz\/index.php\/2025\/12\/13\/retraite-anticipee-des-enseignants-le-texte-dapplication-en-phase-finale-de-publication\/"},"wordCount":709,"commentCount":0,"publisher":{"@id":"https:\/\/lasentinelle.dz\/#organization"},"image":{"@id":"https:\/\/lasentinelle.dz\/index.php\/2025\/12\/13\/retraite-anticipee-des-enseignants-le-texte-dapplication-en-phase-finale-de-publication\/#primaryimage"},"thumbnailUrl":"https:\/\/lasentinelle.dz\/wp-content\/uploads\/2025\/03\/enseignants.jpg","articleSection":["\u00c0 la Une","Actualit\u00e9"],"inLanguage":"fr-FR","potentialAction":[{"@type":"CommentAction","name":"Comment","target":["https:\/\/lasentinelle.dz\/index.php\/2025\/12\/13\/retraite-anticipee-des-enseignants-le-texte-dapplication-en-phase-finale-de-publication\/#respond"]}]},{"@type":"WebPage","@id":"https:\/\/lasentinelle.dz\/index.php\/2025\/12\/13\/retraite-anticipee-des-enseignants-le-texte-dapplication-en-phase-finale-de-publication\/","url":"https:\/\/lasentinelle.dz\/index.php\/2025\/12\/13\/retraite-anticipee-des-enseignants-le-texte-dapplication-en-phase-finale-de-publication\/","name":"Retraite anticip\u00e9e des enseignants\u00a0: Le texte d&rsquo;application en phase finale de publication - La Sentinelle","isPartOf":{"@id":"https:\/\/lasentinelle.dz\/#website"},"primaryImageOfPage":{"@id":"https:\/\/lasentinelle.dz\/index.php\/2025\/12\/13\/retraite-anticipee-des-enseignants-le-texte-dapplication-en-phase-finale-de-publication\/#primaryimage"},"image":{"@id":"https:\/\/lasentinelle.dz\/index.php\/2025\/12\/13\/retraite-anticipee-des-enseignants-le-texte-dapplication-en-phase-finale-de-publication\/#primaryimage"},"thumbnailUrl":"https:\/\/lasentinelle.dz\/wp-content\/uploads\/2025\/03\/enseignants.jpg","datePublished":"2025-12-13T18:29:14+00:00","dateModified":"2025-12-13T18:29:16+00:00","breadcrumb":{"@id":"https:\/\/lasentinelle.dz\/index.php\/2025\/12\/13\/retraite-anticipee-des-enseignants-le-texte-dapplication-en-phase-finale-de-publication\/#breadcrumb"},"inLanguage":"fr-FR","potentialAction":[{"@type":"ReadAction","target":["https:\/\/lasentinelle.dz\/index.php\/2025\/12\/13\/retraite-anticipee-des-enseignants-le-texte-dapplication-en-phase-finale-de-publication\/"]}]},{"@type":"ImageObject","inLanguage":"fr-FR","@id":"https:\/\/lasentinelle.dz\/index.php\/2025\/12\/13\/retraite-anticipee-des-enseignants-le-texte-dapplication-en-phase-finale-de-publication\/#primaryimage","url":"https:\/\/lasentinelle.dz\/wp-content\/uploads\/2025\/03\/enseignants.jpg","contentUrl":"https:\/\/lasentinelle.dz\/wp-content\/uploads\/2025\/03\/enseignants.jpg","width":730,"height":460},{"@type":"BreadcrumbList","@id":"https:\/\/lasentinelle.dz\/index.php\/2025\/12\/13\/retraite-anticipee-des-enseignants-le-texte-dapplication-en-phase-finale-de-publication\/#breadcrumb","itemListElement":[{"@type":"ListItem","position":1,"name":"Accueil","item":"https:\/\/lasentinelle.dz\/"},{"@type":"ListItem","position":2,"name":"Retraite anticip\u00e9e des enseignants\u00a0: Le texte d&rsquo;application en phase finale de publication"}]},{"@type":"WebSite","@id":"https:\/\/lasentinelle.dz\/#website","url":"https:\/\/lasentinelle.dz\/","name":"La Sentinelle","description":"Quotidien national d&#039;information","publisher":{"@id":"https:\/\/lasentinelle.dz\/#organization"},"potentialAction":[{"@type":"SearchAction","target":{"@type":"EntryPoint","urlTemplate":"https:\/\/lasentinelle.dz\/?s={search_term_string}"},"query-input":{"@type":"PropertyValueSpecification","valueRequired":true,"valueName":"search_term_string"}}],"inLanguage":"fr-FR"},{"@type":"Organization","@id":"https:\/\/lasentinelle.dz\/#organization","name":"Quotidien La Sentinelle","url":"https:\/\/lasentinelle.dz\/","logo":{"@type":"ImageObject","inLanguage":"fr-FR","@id":"https:\/\/lasentinelle.dz\/#\/schema\/logo\/image\/","url":"https:\/\/lasentinelle.dz\/wp-content\/uploads\/2021\/09\/logo-sentinelleSLOGAN-1.png","contentUrl":"https:\/\/lasentinelle.dz\/wp-content\/uploads\/2021\/09\/logo-sentinelleSLOGAN-1.png","width":615,"height":142,"caption":"Quotidien La Sentinelle"},"image":{"@id":"https:\/\/lasentinelle.dz\/#\/schema\/logo\/image\/"},"sameAs":["https:\/\/www.facebook.com\/La-Sentinelle-104059864394773"]},{"@type":"Person","@id":"https:\/\/lasentinelle.dz\/#\/schema\/person\/729ee0024f24e0b8c5ec17232f8e8b41","name":"admin","image":{"@type":"ImageObject","inLanguage":"fr-FR","@id":"https:\/\/secure.gravatar.com\/avatar\/4c81fed838786e9b53f540bf46533e750f5d292099ae3b66cfc6fb1982e29df7?s=96&d=mm&r=g","url":"https:\/\/secure.gravatar.com\/avatar\/4c81fed838786e9b53f540bf46533e750f5d292099ae3b66cfc6fb1982e29df7?s=96&d=mm&r=g","contentUrl":"https:\/\/secure.gravatar.com\/avatar\/4c81fed838786e9b53f540bf46533e750f5d292099ae3b66cfc6fb1982e29df7?s=96&d=mm&r=g","caption":"admin"},"description":"admin","url":"https:\/\/lasentinelle.dz\/author\/admin\/"}]}},"_links":{"self":[{"href":"https:\/\/lasentinelle.dz\/index.php\/wp-json\/wp\/v2\/posts\/77715","targetHints":{"allow":["GET"]}}],"collection":[{"href":"https:\/\/lasentinelle.dz\/index.php\/wp-json\/wp\/v2\/posts"}],"about":[{"href":"https:\/\/lasentinelle.dz\/index.php\/wp-json\/wp\/v2\/types\/post"}],"author":[{"embeddable":true,"href":"https:\/\/lasentinelle.dz\/index.php\/wp-json\/wp\/v2\/users\/6"}],"replies":[{"embeddable":true,"href":"https:\/\/lasentinelle.dz\/index.php\/wp-json\/wp\/v2\/comments?post=77715"}],"version-history":[{"count":2,"href":"https:\/\/lasentinelle.dz\/index.php\/wp-json\/wp\/v2\/posts\/77715\/revisions"}],"predecessor-version":[{"id":77717,"href":"https:\/\/lasentinelle.dz\/index.php\/wp-json\/wp\/v2\/posts\/77715\/revisions\/77717"}],"wp:featuredmedia":[{"embeddable":true,"href":"https:\/\/lasentinelle.dz\/index.php\/wp-json\/wp\/v2\/media\/64834"}],"wp:attachment":[{"href":"https:\/\/lasentinelle.dz\/index.php\/wp-json\/wp\/v2\/media?parent=77715"}],"wp:term":[{"taxonomy":"category","embeddable":true,"href":"https:\/\/lasentinelle.dz\/index.php\/wp-json\/wp\/v2\/categories?post=77715"},{"taxonomy":"post_tag","embeddable":true,"href":"https:\/\/lasentinelle.dz\/index.php\/wp-json\/wp\/v2\/tags?post=77715"}],"curies":[{"name":"wp","href":"https:\/\/api.w.org\/{rel}","templated":true}]}}