{"id":77718,"date":"2025-12-13T19:31:50","date_gmt":"2025-12-13T18:31:50","guid":{"rendered":"https:\/\/lasentinelle.dz\/?p=77718"},"modified":"2025-12-13T19:31:51","modified_gmt":"2025-12-13T18:31:51","slug":"23e-session-de-la-grande-commission-mixte-algero-tunisienne-25-accords-pour-sceller-un-partenariat-strategique-renforce","status":"publish","type":"post","link":"https:\/\/lasentinelle.dz\/index.php\/2025\/12\/13\/23e-session-de-la-grande-commission-mixte-algero-tunisienne-25-accords-pour-sceller-un-partenariat-strategique-renforce\/","title":{"rendered":"23e session de la Grande commission mixte alg\u00e9ro-tunisienne\u00a0: 25 accords pour sceller un\u00a0partenariat strat\u00e9gique renforc\u00e9"},"content":{"rendered":"\n<p>Le Premier ministre, Sifi Ghrieb, a achev\u00e9 vendredi soir sa visite officielle en Tunisie, marqu\u00e9e par la tenue de la 23e session de la Grande commission mixte alg\u00e9ro-tunisienne qui a donn\u00e9 lieu \u00e0 la signature de&nbsp;25&nbsp;accords et m\u00e9morandums d&rsquo;entente couvrant plusieurs secteurs strat\u00e9giques. Cette session, copr\u00e9sid\u00e9e avec son homologue tunisienne Sarra Zaafrani, a r\u00e9affirm\u00e9 la volont\u00e9 des deux pays de hisser leurs relations au rang d&rsquo;un partenariat strat\u00e9gique solidaire et int\u00e9gr\u00e9, conform\u00e9ment aux instructions des pr\u00e9sidents Abdelmadjid Tebboune et Ka\u00efs Sa\u00efed.&nbsp;La visite du&nbsp;premier ministre&nbsp;en Tunisie, accompagn\u00e9 d&rsquo;une importante d\u00e9l\u00e9gation minist\u00e9rielle depuis jeudi, a constitu\u00e9 un tournant majeur dans les relations bilat\u00e9rales entre les deux pays fr\u00e8res. Les travaux de la Grande commission mixte, qui se sont d\u00e9roul\u00e9s dans la capitale tunisienne, ont pos\u00e9 un nouveau jalon dans le processus de coop\u00e9ration alg\u00e9ro-tunisienne et t\u00e9moign\u00e9 d&rsquo;une convergence de vues remarquable sur de nombreuses questions d&rsquo;int\u00e9r\u00eat commun, tant sur le plan bilat\u00e9ral que r\u00e9gional et international.&nbsp;D\u00e8s son arriv\u00e9e jeudi, Sifi Ghrieb a \u00e9t\u00e9 re\u00e7u au Palais de Carthage par le pr\u00e9sident tunisien Ka\u00efs Sa\u00efed, \u00e0 qui il a transmis les salutations fraternelles du pr\u00e9sident Abdelmadjid Tebboune ainsi que sa volont\u00e9 constante de renforcer les liens de fraternit\u00e9 unissant les deux peuples fr\u00e8res et d&rsquo;approfondir la coop\u00e9ration bilat\u00e9rale dans tous les domaines. Cette rencontre au sommet a donn\u00e9 le ton d&rsquo;une visite plac\u00e9e sous le signe du renforcement du partenariat strat\u00e9gique entre Alger et Tunis.<\/p>\n\n\n\n<p>Les travaux de la session ont d\u00e9but\u00e9 par des entretiens bilat\u00e9raux entre le Premier ministre et la cheffe du gouvernement tunisien, avant leur \u00e9largissement aux d\u00e9l\u00e9gations des deux pays. Ces discussions ont permis d&rsquo;examiner l&rsquo;ensemble des dossiers de coop\u00e9ration et de tracer les perspectives d&rsquo;avenir pour les relations bilat\u00e9rales. Le ministre d&rsquo;\u00c9tat, ministre des Affaires \u00e9trang\u00e8res, de la Communaut\u00e9 nationale \u00e0 l&rsquo;\u00e9tranger et des Affaires africaines, Ahmed Attaf, et son homologue tunisien Mohamed Ali Nafti, ont copr\u00e9sid\u00e9 jeudi les travaux du Comit\u00e9 de suivi dont le rapport a \u00e9t\u00e9 pr\u00e9sent\u00e9 lors de la s\u00e9ance pl\u00e9ni\u00e8re.&nbsp;Lors de cette s\u00e9ance \u00e9largie, Sifi Ghrieb a soulign\u00e9 que \u00ab\u00a0la tenue de cette session s&rsquo;inscrit dans le cadre de la concr\u00e9tisation des hautes instructions des dirigeants des deux pays, le pr\u00e9sident de la R\u00e9publique, Monsieur Abdelmadjid Tebboune et son fr\u00e8re le Pr\u00e9sident Ka\u00efs Sa\u00efed, en vue de hisser les relations entre les deux pays au rang d&rsquo;un partenariat strat\u00e9gique solidaire et int\u00e9gr\u00e9\u00a0\u00bb. Cette d\u00e9claration traduit l&rsquo;ambition des deux nations de d\u00e9passer le cadre traditionnel de la coop\u00e9ration pour construire une architecture institutionnelle p\u00e9renne et approfondie.Le Premier ministre a \u00e9galement mis l&rsquo;accent sur la dimension s\u00e9curitaire de la coop\u00e9ration bilat\u00e9rale en saluant \u00ab\u00a0la coordination continue et intensive entre les deux pays pour faire face aux diff\u00e9rentes menaces s\u00e9curitaires, notamment dans le domaine de la s\u00e9curisation des fronti\u00e8res communes, afin de r\u00e9duire les risques li\u00e9s au terrorisme, \u00e0 la criminalit\u00e9 transnationale organis\u00e9e, \u00e0 l&rsquo;\u00e9migration clandestine, \u00e0 la contrebande sous toutes ses formes et au trafic de drogue\u00a0\u00bb. Cette convergence s\u00e9curitaire constitue un pilier essentiel de la coop\u00e9ration bilat\u00e9rale dans un contexte r\u00e9gional marqu\u00e9 par de multiples d\u00e9fis.&nbsp;Sur le volet \u00e9conomique, le&nbsp;Premier ministre&nbsp;a affirm\u00e9 que \u00ab\u00a0les deux pays disposent de nombreuses compl\u00e9mentarit\u00e9s \u00e9conomiques, leur permettant de nouer des partenariats bilat\u00e9raux productifs et rentables dans plusieurs domaines\u00a0\u00bb. Il a insist\u00e9 sur la n\u00e9cessit\u00e9 d&rsquo;adopter une feuille de route clairement d\u00e9finie et de mettre en place des m\u00e9canismes concrets selon un calendrier pr\u00e9cis, en vue de concr\u00e9tiser les projets de coop\u00e9ration dans les secteurs vitaux et prioritaires.<\/p>\n\n\n\n<p>Le Forum \u00e9conomique mixte alg\u00e9ro-tunisien, organis\u00e9 jeudi sous la supervision des deux chefs de gouvernement, a marqu\u00e9 une \u00e9tape historique avec la signature, pour la premi\u00e8re fois, de sept accords entre op\u00e9rateurs \u00e9conomiques des deux pays. Cette rencontre, qui a rassembl\u00e9 pr\u00e8s de&nbsp;210&nbsp;entreprises, a illustr\u00e9 la volont\u00e9 commune de renforcer les voies de partenariat et de soutenir le secteur priv\u00e9, conform\u00e9ment aux aspirations des dirigeants des deux pays soucieux de diversifier et d&rsquo;intensifier les domaines de coop\u00e9ration.<\/p>\n\n\n\n<p>De son c\u00f4t\u00e9, la cheffe du gouvernement tunisien s&rsquo;est d\u00e9clar\u00e9e \u00ab\u00a0tr\u00e8s satisfaite du niveau de la coop\u00e9ration bilat\u00e9rale\u00a0\u00bb, saluant particuli\u00e8rement \u00ab\u00a0la contribution de l&rsquo;Alg\u00e9rie \u00e0 garantir l&rsquo;approvisionnement de la Tunisie en produits \u00e9nerg\u00e9tiques\u00a0\u00bb. Sarra Zaafrani s&rsquo;est \u00e9galement f\u00e9licit\u00e9e de \u00ab\u00a0la dynamique caract\u00e9risant les \u00e9changes \u00e9conomiques bilat\u00e9raux dans les domaines commerciaux et d&rsquo;investissement\u00a0\u00bb, tout en soulignant qu&rsquo;ils \u00ab\u00a0doivent \u00eatre relanc\u00e9s pour augmenter leur volume\u00a0\u00bb. Ces d\u00e9clarations t\u00e9moignent de la reconnaissance tunisienne du r\u00f4le de l&rsquo;Alg\u00e9rie comme partenaire \u00e9conomique privil\u00e9gi\u00e9, notamment dans le secteur \u00e9nerg\u00e9tique crucial pour l&rsquo;\u00e9conomie tunisienne.&nbsp;Au-del\u00e0 des questions bilat\u00e9rales, les deux parties ont r\u00e9affirm\u00e9 leur convergence de vues concernant plusieurs questions r\u00e9gionales et internationales d&rsquo;int\u00e9r\u00eat commun, notamment la cause palestinienne et le dossier libyen. Cette unit\u00e9 de position sur les grands dossiers r\u00e9gionaux renforce la coordination diplomatique entre Alger et Tunis et leur permet de peser davantage dans les \u00e9quilibres r\u00e9gionaux.<\/p>\n\n\n\n<p>Samir Benisid<\/p>\n","protected":false},"excerpt":{"rendered":"<p>Le Premier ministre, Sifi Ghrieb, a achev\u00e9 vendredi soir sa visite officielle en Tunisie, marqu\u00e9e par la tenue de la<\/p>\n","protected":false},"author":6,"featured_media":77719,"comment_status":"open","ping_status":"closed","sticky":false,"template":"","format":"standard","meta":{"colormag_page_container_layout":"default_layout","colormag_page_sidebar_layout":"default_layout","om_disable_all_campaigns":false,"_monsterinsights_skip_tracking":false,"_monsterinsights_sitenote_active":false,"_monsterinsights_sitenote_note":"","_monsterinsights_sitenote_category":0,"footnotes":"","_wpscppro_dont_share_socialmedia":false,"_wpscppro_custom_social_share_image":0,"_facebook_share_type":"default","_twitter_share_type":"default","_linkedin_share_type":"default","_pinterest_share_type":"default","_linkedin_share_type_page":"","_instagram_share_type":"default","_medium_share_type":"default","_threads_share_type":"default","_google_business_share_type":"default","_selected_social_profile":[],"_wpsp_enable_custom_social_template":false,"_wpsp_social_scheduling":{"enabled":false,"datetime":null,"platforms":[],"status":"template_only","dateOption":"today","timeOption":"now","customDays":"","customHours":"","customDate":"","customTime":"","schedulingType":"absolute"},"_wpsp_active_default_template":true},"categories":[27],"tags":[],"class_list":["post-77718","post","type-post","status-publish","format-standard","has-post-thumbnail","hentry","category-actualite"],"aioseo_notices":[],"yoast_head":"<!-- This site is optimized with the Yoast SEO plugin v27.5 - https:\/\/yoast.com\/product\/yoast-seo-wordpress\/ -->\n<title>23e session de la Grande commission mixte alg\u00e9ro-tunisienne\u00a0: 25 accords pour sceller un\u00a0partenariat strat\u00e9gique renforc\u00e9 - La Sentinelle<\/title>\n<meta name=\"robots\" content=\"index, follow, max-snippet:-1, max-image-preview:large, max-video-preview:-1\" \/>\n<link rel=\"canonical\" href=\"https:\/\/lasentinelle.dz\/index.php\/2025\/12\/13\/23e-session-de-la-grande-commission-mixte-algero-tunisienne-25-accords-pour-sceller-un-partenariat-strategique-renforce\/\" \/>\n<meta property=\"og:locale\" content=\"fr_FR\" \/>\n<meta property=\"og:type\" content=\"article\" \/>\n<meta property=\"og:title\" content=\"23e session de la Grande commission mixte alg\u00e9ro-tunisienne\u00a0: 25 accords pour sceller un\u00a0partenariat strat\u00e9gique renforc\u00e9 - La Sentinelle\" \/>\n<meta property=\"og:description\" content=\"Le Premier ministre, Sifi Ghrieb, a achev\u00e9 vendredi soir sa visite officielle en Tunisie, marqu\u00e9e par la tenue de la\" \/>\n<meta property=\"og:url\" content=\"https:\/\/lasentinelle.dz\/index.php\/2025\/12\/13\/23e-session-de-la-grande-commission-mixte-algero-tunisienne-25-accords-pour-sceller-un-partenariat-strategique-renforce\/\" \/>\n<meta property=\"og:site_name\" content=\"La Sentinelle\" \/>\n<meta property=\"article:publisher\" content=\"https:\/\/www.facebook.com\/La-Sentinelle-104059864394773\" \/>\n<meta property=\"article:published_time\" content=\"2025-12-13T18:31:50+00:00\" \/>\n<meta property=\"article:modified_time\" content=\"2025-12-13T18:31:51+00:00\" \/>\n<meta property=\"og:image\" content=\"https:\/\/lasentinelle.dz\/wp-content\/uploads\/2025\/12\/commission-mixte.jpeg\" \/>\n\t<meta property=\"og:image:width\" content=\"1440\" \/>\n\t<meta property=\"og:image:height\" content=\"1022\" \/>\n\t<meta property=\"og:image:type\" content=\"image\/jpeg\" \/>\n<meta name=\"author\" content=\"admin\" \/>\n<meta name=\"twitter:card\" content=\"summary_large_image\" \/>\n<meta name=\"twitter:label1\" content=\"\u00c9crit par\" \/>\n\t<meta name=\"twitter:data1\" content=\"admin\" \/>\n\t<meta name=\"twitter:label2\" content=\"Dur\u00e9e de lecture estim\u00e9e\" \/>\n\t<meta name=\"twitter:data2\" content=\"5 minutes\" \/>\n<script type=\"application\/ld+json\" class=\"yoast-schema-graph\">{\"@context\":\"https:\\\/\\\/schema.org\",\"@graph\":[{\"@type\":\"Article\",\"@id\":\"https:\\\/\\\/lasentinelle.dz\\\/index.php\\\/2025\\\/12\\\/13\\\/23e-session-de-la-grande-commission-mixte-algero-tunisienne-25-accords-pour-sceller-un-partenariat-strategique-renforce\\\/#article\",\"isPartOf\":{\"@id\":\"https:\\\/\\\/lasentinelle.dz\\\/index.php\\\/2025\\\/12\\\/13\\\/23e-session-de-la-grande-commission-mixte-algero-tunisienne-25-accords-pour-sceller-un-partenariat-strategique-renforce\\\/\"},\"author\":{\"name\":\"admin\",\"@id\":\"https:\\\/\\\/lasentinelle.dz\\\/#\\\/schema\\\/person\\\/729ee0024f24e0b8c5ec17232f8e8b41\"},\"headline\":\"23e session de la Grande commission mixte alg\u00e9ro-tunisienne\u00a0: 25 accords pour sceller un\u00a0partenariat strat\u00e9gique renforc\u00e9\",\"datePublished\":\"2025-12-13T18:31:50+00:00\",\"dateModified\":\"2025-12-13T18:31:51+00:00\",\"mainEntityOfPage\":{\"@id\":\"https:\\\/\\\/lasentinelle.dz\\\/index.php\\\/2025\\\/12\\\/13\\\/23e-session-de-la-grande-commission-mixte-algero-tunisienne-25-accords-pour-sceller-un-partenariat-strategique-renforce\\\/\"},\"wordCount\":975,\"commentCount\":0,\"publisher\":{\"@id\":\"https:\\\/\\\/lasentinelle.dz\\\/#organization\"},\"image\":{\"@id\":\"https:\\\/\\\/lasentinelle.dz\\\/index.php\\\/2025\\\/12\\\/13\\\/23e-session-de-la-grande-commission-mixte-algero-tunisienne-25-accords-pour-sceller-un-partenariat-strategique-renforce\\\/#primaryimage\"},\"thumbnailUrl\":\"https:\\\/\\\/lasentinelle.dz\\\/wp-content\\\/uploads\\\/2025\\\/12\\\/commission-mixte.jpeg\",\"articleSection\":[\"Actualit\u00e9\"],\"inLanguage\":\"fr-FR\",\"potentialAction\":[{\"@type\":\"CommentAction\",\"name\":\"Comment\",\"target\":[\"https:\\\/\\\/lasentinelle.dz\\\/index.php\\\/2025\\\/12\\\/13\\\/23e-session-de-la-grande-commission-mixte-algero-tunisienne-25-accords-pour-sceller-un-partenariat-strategique-renforce\\\/#respond\"]}]},{\"@type\":\"WebPage\",\"@id\":\"https:\\\/\\\/lasentinelle.dz\\\/index.php\\\/2025\\\/12\\\/13\\\/23e-session-de-la-grande-commission-mixte-algero-tunisienne-25-accords-pour-sceller-un-partenariat-strategique-renforce\\\/\",\"url\":\"https:\\\/\\\/lasentinelle.dz\\\/index.php\\\/2025\\\/12\\\/13\\\/23e-session-de-la-grande-commission-mixte-algero-tunisienne-25-accords-pour-sceller-un-partenariat-strategique-renforce\\\/\",\"name\":\"23e session de la Grande commission mixte alg\u00e9ro-tunisienne\u00a0: 25 accords pour sceller un\u00a0partenariat strat\u00e9gique renforc\u00e9 - La Sentinelle\",\"isPartOf\":{\"@id\":\"https:\\\/\\\/lasentinelle.dz\\\/#website\"},\"primaryImageOfPage\":{\"@id\":\"https:\\\/\\\/lasentinelle.dz\\\/index.php\\\/2025\\\/12\\\/13\\\/23e-session-de-la-grande-commission-mixte-algero-tunisienne-25-accords-pour-sceller-un-partenariat-strategique-renforce\\\/#primaryimage\"},\"image\":{\"@id\":\"https:\\\/\\\/lasentinelle.dz\\\/index.php\\\/2025\\\/12\\\/13\\\/23e-session-de-la-grande-commission-mixte-algero-tunisienne-25-accords-pour-sceller-un-partenariat-strategique-renforce\\\/#primaryimage\"},\"thumbnailUrl\":\"https:\\\/\\\/lasentinelle.dz\\\/wp-content\\\/uploads\\\/2025\\\/12\\\/commission-mixte.jpeg\",\"datePublished\":\"2025-12-13T18:31:50+00:00\",\"dateModified\":\"2025-12-13T18:31:51+00:00\",\"breadcrumb\":{\"@id\":\"https:\\\/\\\/lasentinelle.dz\\\/index.php\\\/2025\\\/12\\\/13\\\/23e-session-de-la-grande-commission-mixte-algero-tunisienne-25-accords-pour-sceller-un-partenariat-strategique-renforce\\\/#breadcrumb\"},\"inLanguage\":\"fr-FR\",\"potentialAction\":[{\"@type\":\"ReadAction\",\"target\":[\"https:\\\/\\\/lasentinelle.dz\\\/index.php\\\/2025\\\/12\\\/13\\\/23e-session-de-la-grande-commission-mixte-algero-tunisienne-25-accords-pour-sceller-un-partenariat-strategique-renforce\\\/\"]}]},{\"@type\":\"ImageObject\",\"inLanguage\":\"fr-FR\",\"@id\":\"https:\\\/\\\/lasentinelle.dz\\\/index.php\\\/2025\\\/12\\\/13\\\/23e-session-de-la-grande-commission-mixte-algero-tunisienne-25-accords-pour-sceller-un-partenariat-strategique-renforce\\\/#primaryimage\",\"url\":\"https:\\\/\\\/lasentinelle.dz\\\/wp-content\\\/uploads\\\/2025\\\/12\\\/commission-mixte.jpeg\",\"contentUrl\":\"https:\\\/\\\/lasentinelle.dz\\\/wp-content\\\/uploads\\\/2025\\\/12\\\/commission-mixte.jpeg\",\"width\":1440,\"height\":1022},{\"@type\":\"BreadcrumbList\",\"@id\":\"https:\\\/\\\/lasentinelle.dz\\\/index.php\\\/2025\\\/12\\\/13\\\/23e-session-de-la-grande-commission-mixte-algero-tunisienne-25-accords-pour-sceller-un-partenariat-strategique-renforce\\\/#breadcrumb\",\"itemListElement\":[{\"@type\":\"ListItem\",\"position\":1,\"name\":\"Accueil\",\"item\":\"https:\\\/\\\/lasentinelle.dz\\\/\"},{\"@type\":\"ListItem\",\"position\":2,\"name\":\"23e session de la Grande commission mixte alg\u00e9ro-tunisienne\u00a0: 25 accords pour sceller un\u00a0partenariat strat\u00e9gique renforc\u00e9\"}]},{\"@type\":\"WebSite\",\"@id\":\"https:\\\/\\\/lasentinelle.dz\\\/#website\",\"url\":\"https:\\\/\\\/lasentinelle.dz\\\/\",\"name\":\"La Sentinelle\",\"description\":\"Quotidien national d&#039;information\",\"publisher\":{\"@id\":\"https:\\\/\\\/lasentinelle.dz\\\/#organization\"},\"potentialAction\":[{\"@type\":\"SearchAction\",\"target\":{\"@type\":\"EntryPoint\",\"urlTemplate\":\"https:\\\/\\\/lasentinelle.dz\\\/?s={search_term_string}\"},\"query-input\":{\"@type\":\"PropertyValueSpecification\",\"valueRequired\":true,\"valueName\":\"search_term_string\"}}],\"inLanguage\":\"fr-FR\"},{\"@type\":\"Organization\",\"@id\":\"https:\\\/\\\/lasentinelle.dz\\\/#organization\",\"name\":\"Quotidien La Sentinelle\",\"url\":\"https:\\\/\\\/lasentinelle.dz\\\/\",\"logo\":{\"@type\":\"ImageObject\",\"inLanguage\":\"fr-FR\",\"@id\":\"https:\\\/\\\/lasentinelle.dz\\\/#\\\/schema\\\/logo\\\/image\\\/\",\"url\":\"https:\\\/\\\/lasentinelle.dz\\\/wp-content\\\/uploads\\\/2021\\\/09\\\/logo-sentinelleSLOGAN-1.png\",\"contentUrl\":\"https:\\\/\\\/lasentinelle.dz\\\/wp-content\\\/uploads\\\/2021\\\/09\\\/logo-sentinelleSLOGAN-1.png\",\"width\":615,\"height\":142,\"caption\":\"Quotidien La Sentinelle\"},\"image\":{\"@id\":\"https:\\\/\\\/lasentinelle.dz\\\/#\\\/schema\\\/logo\\\/image\\\/\"},\"sameAs\":[\"https:\\\/\\\/www.facebook.com\\\/La-Sentinelle-104059864394773\"]},{\"@type\":\"Person\",\"@id\":\"https:\\\/\\\/lasentinelle.dz\\\/#\\\/schema\\\/person\\\/729ee0024f24e0b8c5ec17232f8e8b41\",\"name\":\"admin\",\"image\":{\"@type\":\"ImageObject\",\"inLanguage\":\"fr-FR\",\"@id\":\"https:\\\/\\\/secure.gravatar.com\\\/avatar\\\/4c81fed838786e9b53f540bf46533e750f5d292099ae3b66cfc6fb1982e29df7?s=96&d=mm&r=g\",\"url\":\"https:\\\/\\\/secure.gravatar.com\\\/avatar\\\/4c81fed838786e9b53f540bf46533e750f5d292099ae3b66cfc6fb1982e29df7?s=96&d=mm&r=g\",\"contentUrl\":\"https:\\\/\\\/secure.gravatar.com\\\/avatar\\\/4c81fed838786e9b53f540bf46533e750f5d292099ae3b66cfc6fb1982e29df7?s=96&d=mm&r=g\",\"caption\":\"admin\"},\"description\":\"admin\",\"url\":\"https:\\\/\\\/lasentinelle.dz\\\/author\\\/admin\\\/\"}]}<\/script>\n<!-- \/ Yoast SEO plugin. -->","yoast_head_json":{"title":"23e session de la Grande commission mixte alg\u00e9ro-tunisienne\u00a0: 25 accords pour sceller un\u00a0partenariat strat\u00e9gique renforc\u00e9 - La Sentinelle","robots":{"index":"index","follow":"follow","max-snippet":"max-snippet:-1","max-image-preview":"max-image-preview:large","max-video-preview":"max-video-preview:-1"},"canonical":"https:\/\/lasentinelle.dz\/index.php\/2025\/12\/13\/23e-session-de-la-grande-commission-mixte-algero-tunisienne-25-accords-pour-sceller-un-partenariat-strategique-renforce\/","og_locale":"fr_FR","og_type":"article","og_title":"23e session de la Grande commission mixte alg\u00e9ro-tunisienne\u00a0: 25 accords pour sceller un\u00a0partenariat strat\u00e9gique renforc\u00e9 - La Sentinelle","og_description":"Le Premier ministre, Sifi Ghrieb, a achev\u00e9 vendredi soir sa visite officielle en Tunisie, marqu\u00e9e par la tenue de la","og_url":"https:\/\/lasentinelle.dz\/index.php\/2025\/12\/13\/23e-session-de-la-grande-commission-mixte-algero-tunisienne-25-accords-pour-sceller-un-partenariat-strategique-renforce\/","og_site_name":"La Sentinelle","article_publisher":"https:\/\/www.facebook.com\/La-Sentinelle-104059864394773","article_published_time":"2025-12-13T18:31:50+00:00","article_modified_time":"2025-12-13T18:31:51+00:00","og_image":[{"width":1440,"height":1022,"url":"https:\/\/lasentinelle.dz\/wp-content\/uploads\/2025\/12\/commission-mixte.jpeg","type":"image\/jpeg"}],"author":"admin","twitter_card":"summary_large_image","twitter_misc":{"\u00c9crit par":"admin","Dur\u00e9e de lecture estim\u00e9e":"5 minutes"},"schema":{"@context":"https:\/\/schema.org","@graph":[{"@type":"Article","@id":"https:\/\/lasentinelle.dz\/index.php\/2025\/12\/13\/23e-session-de-la-grande-commission-mixte-algero-tunisienne-25-accords-pour-sceller-un-partenariat-strategique-renforce\/#article","isPartOf":{"@id":"https:\/\/lasentinelle.dz\/index.php\/2025\/12\/13\/23e-session-de-la-grande-commission-mixte-algero-tunisienne-25-accords-pour-sceller-un-partenariat-strategique-renforce\/"},"author":{"name":"admin","@id":"https:\/\/lasentinelle.dz\/#\/schema\/person\/729ee0024f24e0b8c5ec17232f8e8b41"},"headline":"23e session de la Grande commission mixte alg\u00e9ro-tunisienne\u00a0: 25 accords pour sceller un\u00a0partenariat strat\u00e9gique renforc\u00e9","datePublished":"2025-12-13T18:31:50+00:00","dateModified":"2025-12-13T18:31:51+00:00","mainEntityOfPage":{"@id":"https:\/\/lasentinelle.dz\/index.php\/2025\/12\/13\/23e-session-de-la-grande-commission-mixte-algero-tunisienne-25-accords-pour-sceller-un-partenariat-strategique-renforce\/"},"wordCount":975,"commentCount":0,"publisher":{"@id":"https:\/\/lasentinelle.dz\/#organization"},"image":{"@id":"https:\/\/lasentinelle.dz\/index.php\/2025\/12\/13\/23e-session-de-la-grande-commission-mixte-algero-tunisienne-25-accords-pour-sceller-un-partenariat-strategique-renforce\/#primaryimage"},"thumbnailUrl":"https:\/\/lasentinelle.dz\/wp-content\/uploads\/2025\/12\/commission-mixte.jpeg","articleSection":["Actualit\u00e9"],"inLanguage":"fr-FR","potentialAction":[{"@type":"CommentAction","name":"Comment","target":["https:\/\/lasentinelle.dz\/index.php\/2025\/12\/13\/23e-session-de-la-grande-commission-mixte-algero-tunisienne-25-accords-pour-sceller-un-partenariat-strategique-renforce\/#respond"]}]},{"@type":"WebPage","@id":"https:\/\/lasentinelle.dz\/index.php\/2025\/12\/13\/23e-session-de-la-grande-commission-mixte-algero-tunisienne-25-accords-pour-sceller-un-partenariat-strategique-renforce\/","url":"https:\/\/lasentinelle.dz\/index.php\/2025\/12\/13\/23e-session-de-la-grande-commission-mixte-algero-tunisienne-25-accords-pour-sceller-un-partenariat-strategique-renforce\/","name":"23e session de la Grande commission mixte alg\u00e9ro-tunisienne\u00a0: 25 accords pour sceller un\u00a0partenariat strat\u00e9gique renforc\u00e9 - La Sentinelle","isPartOf":{"@id":"https:\/\/lasentinelle.dz\/#website"},"primaryImageOfPage":{"@id":"https:\/\/lasentinelle.dz\/index.php\/2025\/12\/13\/23e-session-de-la-grande-commission-mixte-algero-tunisienne-25-accords-pour-sceller-un-partenariat-strategique-renforce\/#primaryimage"},"image":{"@id":"https:\/\/lasentinelle.dz\/index.php\/2025\/12\/13\/23e-session-de-la-grande-commission-mixte-algero-tunisienne-25-accords-pour-sceller-un-partenariat-strategique-renforce\/#primaryimage"},"thumbnailUrl":"https:\/\/lasentinelle.dz\/wp-content\/uploads\/2025\/12\/commission-mixte.jpeg","datePublished":"2025-12-13T18:31:50+00:00","dateModified":"2025-12-13T18:31:51+00:00","breadcrumb":{"@id":"https:\/\/lasentinelle.dz\/index.php\/2025\/12\/13\/23e-session-de-la-grande-commission-mixte-algero-tunisienne-25-accords-pour-sceller-un-partenariat-strategique-renforce\/#breadcrumb"},"inLanguage":"fr-FR","potentialAction":[{"@type":"ReadAction","target":["https:\/\/lasentinelle.dz\/index.php\/2025\/12\/13\/23e-session-de-la-grande-commission-mixte-algero-tunisienne-25-accords-pour-sceller-un-partenariat-strategique-renforce\/"]}]},{"@type":"ImageObject","inLanguage":"fr-FR","@id":"https:\/\/lasentinelle.dz\/index.php\/2025\/12\/13\/23e-session-de-la-grande-commission-mixte-algero-tunisienne-25-accords-pour-sceller-un-partenariat-strategique-renforce\/#primaryimage","url":"https:\/\/lasentinelle.dz\/wp-content\/uploads\/2025\/12\/commission-mixte.jpeg","contentUrl":"https:\/\/lasentinelle.dz\/wp-content\/uploads\/2025\/12\/commission-mixte.jpeg","width":1440,"height":1022},{"@type":"BreadcrumbList","@id":"https:\/\/lasentinelle.dz\/index.php\/2025\/12\/13\/23e-session-de-la-grande-commission-mixte-algero-tunisienne-25-accords-pour-sceller-un-partenariat-strategique-renforce\/#breadcrumb","itemListElement":[{"@type":"ListItem","position":1,"name":"Accueil","item":"https:\/\/lasentinelle.dz\/"},{"@type":"ListItem","position":2,"name":"23e session de la Grande commission mixte alg\u00e9ro-tunisienne\u00a0: 25 accords pour sceller un\u00a0partenariat strat\u00e9gique renforc\u00e9"}]},{"@type":"WebSite","@id":"https:\/\/lasentinelle.dz\/#website","url":"https:\/\/lasentinelle.dz\/","name":"La Sentinelle","description":"Quotidien national d&#039;information","publisher":{"@id":"https:\/\/lasentinelle.dz\/#organization"},"potentialAction":[{"@type":"SearchAction","target":{"@type":"EntryPoint","urlTemplate":"https:\/\/lasentinelle.dz\/?s={search_term_string}"},"query-input":{"@type":"PropertyValueSpecification","valueRequired":true,"valueName":"search_term_string"}}],"inLanguage":"fr-FR"},{"@type":"Organization","@id":"https:\/\/lasentinelle.dz\/#organization","name":"Quotidien La Sentinelle","url":"https:\/\/lasentinelle.dz\/","logo":{"@type":"ImageObject","inLanguage":"fr-FR","@id":"https:\/\/lasentinelle.dz\/#\/schema\/logo\/image\/","url":"https:\/\/lasentinelle.dz\/wp-content\/uploads\/2021\/09\/logo-sentinelleSLOGAN-1.png","contentUrl":"https:\/\/lasentinelle.dz\/wp-content\/uploads\/2021\/09\/logo-sentinelleSLOGAN-1.png","width":615,"height":142,"caption":"Quotidien La Sentinelle"},"image":{"@id":"https:\/\/lasentinelle.dz\/#\/schema\/logo\/image\/"},"sameAs":["https:\/\/www.facebook.com\/La-Sentinelle-104059864394773"]},{"@type":"Person","@id":"https:\/\/lasentinelle.dz\/#\/schema\/person\/729ee0024f24e0b8c5ec17232f8e8b41","name":"admin","image":{"@type":"ImageObject","inLanguage":"fr-FR","@id":"https:\/\/secure.gravatar.com\/avatar\/4c81fed838786e9b53f540bf46533e750f5d292099ae3b66cfc6fb1982e29df7?s=96&d=mm&r=g","url":"https:\/\/secure.gravatar.com\/avatar\/4c81fed838786e9b53f540bf46533e750f5d292099ae3b66cfc6fb1982e29df7?s=96&d=mm&r=g","contentUrl":"https:\/\/secure.gravatar.com\/avatar\/4c81fed838786e9b53f540bf46533e750f5d292099ae3b66cfc6fb1982e29df7?s=96&d=mm&r=g","caption":"admin"},"description":"admin","url":"https:\/\/lasentinelle.dz\/author\/admin\/"}]}},"_links":{"self":[{"href":"https:\/\/lasentinelle.dz\/index.php\/wp-json\/wp\/v2\/posts\/77718","targetHints":{"allow":["GET"]}}],"collection":[{"href":"https:\/\/lasentinelle.dz\/index.php\/wp-json\/wp\/v2\/posts"}],"about":[{"href":"https:\/\/lasentinelle.dz\/index.php\/wp-json\/wp\/v2\/types\/post"}],"author":[{"embeddable":true,"href":"https:\/\/lasentinelle.dz\/index.php\/wp-json\/wp\/v2\/users\/6"}],"replies":[{"embeddable":true,"href":"https:\/\/lasentinelle.dz\/index.php\/wp-json\/wp\/v2\/comments?post=77718"}],"version-history":[{"count":1,"href":"https:\/\/lasentinelle.dz\/index.php\/wp-json\/wp\/v2\/posts\/77718\/revisions"}],"predecessor-version":[{"id":77720,"href":"https:\/\/lasentinelle.dz\/index.php\/wp-json\/wp\/v2\/posts\/77718\/revisions\/77720"}],"wp:featuredmedia":[{"embeddable":true,"href":"https:\/\/lasentinelle.dz\/index.php\/wp-json\/wp\/v2\/media\/77719"}],"wp:attachment":[{"href":"https:\/\/lasentinelle.dz\/index.php\/wp-json\/wp\/v2\/media?parent=77718"}],"wp:term":[{"taxonomy":"category","embeddable":true,"href":"https:\/\/lasentinelle.dz\/index.php\/wp-json\/wp\/v2\/categories?post=77718"},{"taxonomy":"post_tag","embeddable":true,"href":"https:\/\/lasentinelle.dz\/index.php\/wp-json\/wp\/v2\/tags?post=77718"}],"curies":[{"name":"wp","href":"https:\/\/api.w.org\/{rel}","templated":true}]}}