{"id":77725,"date":"2025-12-13T19:34:23","date_gmt":"2025-12-13T18:34:23","guid":{"rendered":"https:\/\/lasentinelle.dz\/?p=77725"},"modified":"2025-12-13T19:34:24","modified_gmt":"2025-12-13T18:34:24","slug":"le-mdn-dements-les-allegations-mensongeres-concernant-la-creation-pretendue-dunites-de-mercenaires","status":"publish","type":"post","link":"https:\/\/lasentinelle.dz\/index.php\/2025\/12\/13\/le-mdn-dements-les-allegations-mensongeres-concernant-la-creation-pretendue-dunites-de-mercenaires\/","title":{"rendered":"Le MDN\u00a0d\u00e9ments les all\u00e9gations mensong\u00e8res concernant\u00a0\u00a0la\u00a0cr\u00e9ation\u00a0pr\u00e9tendue\u00a0d&rsquo;unit\u00e9s de mercenaires\u00a0"},"content":{"rendered":"\n<p><strong>Une campagne calomnieuse visant l&rsquo;Alg\u00e9rie<\/strong><\/p>\n\n\n\n<p>Le minist\u00e8re de la D\u00e9fense nationale a d\u00e9menti, samedi dans un communiqu\u00e9 ferme, les all\u00e9gations infond\u00e9es propag\u00e9es par certains m\u00e9dias et sites \u00e9lectroniques concernant une suppos\u00e9e cr\u00e9ation par l&rsquo;Alg\u00e9rie d&rsquo;unit\u00e9s de mercenaires qui activeraient dans la r\u00e9gion du Sahel pour ex\u00e9cuter des op\u00e9rations secr\u00e8tes, qualifiant ces accusations de campagne calomnieuse orchestr\u00e9e par des entit\u00e9s hostiles au pays.<\/p>\n\n\n\n<p>Le communiqu\u00e9 du MDN ne laisse place \u00e0 aucune ambigu\u00eft\u00e9 quant \u00e0 la nature de cette&nbsp;campagne de diffamation. \u00ab\u00a0Dans une campagne calomnieuse et flagrante et \u00e0 travers une \u00e9ni\u00e8me tentative d\u00e9sesp\u00e9r\u00e9e pour porter atteinte \u00e0 la r\u00e9putation de l&rsquo;Arm\u00e9e nationale populaire et \u00e0 l&rsquo;image immacul\u00e9e de l&rsquo;Alg\u00e9rie sur les sc\u00e8nes r\u00e9gionale et internationale, certains m\u00e9dias et sites \u00e9lectroniques, dont l&rsquo;appartenance et l&rsquo;orientation n&rsquo;est plus \u00e0 d\u00e9masquer, n&rsquo;ont trouv\u00e9 mieux que de colporter des r\u00e9cits et des sc\u00e9narios de fiction, fruits de leur imagination et celle de leurs ma\u00eetres, portant sur une suppos\u00e9e cr\u00e9ation d&rsquo;unit\u00e9s de mercenaires par l&rsquo;Alg\u00e9rie, qui activeraient dans la r\u00e9gion du Sahel pour ex\u00e9cuter des op\u00e9rations secr\u00e8tes\u00a0\u00bb, pr\u00e9cise le minist\u00e8re, ajoutant qu&rsquo;il s&rsquo;agit de \u00ab\u00a0propos d\u00e9nu\u00e9s de v\u00e9rit\u00e9 et fabriqu\u00e9s de toutes pi\u00e8ces par des m\u00e9dias qui ne portent de cette profession que le nom\u00a0\u00bb.&nbsp;Face \u00e0 cette campagne de d\u00e9sinformation, le minist\u00e8re de la D\u00e9fense nationale a tenu \u00e0 r\u00e9affirmer avec force sa position. \u00ab\u00a0Le MDN d\u00e9ment formellement les all\u00e9gations et les accusations infond\u00e9es propag\u00e9es par ces sites mercenaires, qui ex\u00e9cutent les agendas sournois trac\u00e9s par des entit\u00e9s hostiles \u00e0 l&rsquo;Alg\u00e9rie portant une haine visc\u00e9rale \u00e0 l&rsquo;\u00e9gard de notre pays, dans l&rsquo;espoir d&rsquo;en \u00e9branler la stabilit\u00e9, de ternir l&rsquo;image des institutions de l&rsquo;Etat alg\u00e9rien et de manipuler l&rsquo;opinion publique qui est, d\u00e9sormais, parfaitement consciente de la fourberie de ces sources, et ne peut \u00eatre bern\u00e9e par ces mensonges invraisemblables\u00a0\u00bb, souligne le communiqu\u00e9 avec vigueur.<\/p>\n\n\n\n<p>Le MDN a saisi cette occasion pour rappeler les principes fondamentaux qui r\u00e9gissent l&rsquo;action de l&rsquo;Arm\u00e9e nationale populaire et la politique \u00e9trang\u00e8re de l&rsquo;Alg\u00e9rie. \u00ab\u00a0L&rsquo;Arm\u00e9e nationale populaire, digne h\u00e9riti\u00e8re de l&rsquo;Arm\u00e9e de lib\u00e9ration nationale, accomplit ses missions dans le strict respect de la Constitution et des lois de la R\u00e9publique alg\u00e9rienne et agit conform\u00e9ment \u00e0 sa politique et \u00e0 ses principes immuables, fond\u00e9s sur le bon voisinage, le respect de la souverainet\u00e9 des Etats et la non ing\u00e9rence dans leurs affaires internes, privil\u00e9giant le dialogue et les n\u00e9gociations\u00a0\u00bb, pr\u00e9cise le minist\u00e8re, mettant en avant l&rsquo;attachement de l&rsquo;institution militaire aux valeurs qui ont forg\u00e9 l&rsquo;identit\u00e9 de l&rsquo;Alg\u00e9rie ind\u00e9pendante.&nbsp;Le communiqu\u00e9 souligne par ailleurs le r\u00f4le constructif que joue l&rsquo;Alg\u00e9rie dans la r\u00e9gion du Sahel, en d\u00e9pit des tentatives de d\u00e9stabilisation. \u00ab\u00a0L&rsquo;Alg\u00e9rie qui plaide sans cesse, via les fora internationaux et r\u00e9gionaux pour l&rsquo;\u00e9tablissement de la paix et de la s\u00e9curit\u00e9 \u00e0 travers le monde et dans la r\u00e9gion du Sahel particuli\u00e8rement, et appelle en permanence \u00e0 l&rsquo;application du droit international, n&rsquo;avait jamais m\u00e9nag\u00e9 d&rsquo;effort et continue d&rsquo;\u0153uvrer diplomatiquement pour r\u00e9tablir la stabilit\u00e9 dans le Sahel, pr\u00f4nant les solutions pacifiques dans la r\u00e9solution des crises et des conflits, loin de la logique des armes\u00a0\u00bb, indique le MDN, mettant en exergue l&rsquo;engagement constant du pays en faveur de la paix et de la stabilit\u00e9 r\u00e9gionales.<\/p>\n\n\n\n<p>Le minist\u00e8re a tenu \u00e0 dissiper toute confusion quant aux liens ind\u00e9fectibles qui unissent l&rsquo;Alg\u00e9rie \u00e0 la r\u00e9gion sah\u00e9lienne. \u00ab\u00a0L&rsquo;Alg\u00e9rie, faisant partie indissociable du Sahel, dont le destin et les int\u00e9r\u00eats convergent in\u00e9vitablement, ne peut, invraisemblablement, \u00eatre la cause de son instabilit\u00e9. Bien au contraire, notre pays \u0153uvre inlassablement \u00e0 contribuer au d\u00e9veloppement \u00e9conomique et social des populations locales, pr\u00f4nant les valeurs de solidarit\u00e9 et honorant les relations historiques et humaines privil\u00e9gi\u00e9es qui l&rsquo;attachent aux peuples de la r\u00e9gion du Sahel\u00a0\u00bb, affirme le communiqu\u00e9, rappelant l&rsquo;ancrage g\u00e9ographique, historique et humain de l&rsquo;Alg\u00e9rie dans cet espace vital.<\/p>\n\n\n\n<p>Sur le plan de la lutte antiterroriste, domaine dans lequel l&rsquo;Alg\u00e9rie a acquis une expertise reconnue au prix de lourds sacrifices, le MDN a tenu \u00e0 mettre les points sur les i. \u00ab\u00a0L&rsquo;Alg\u00e9rie n&rsquo;acceptera aucune surench\u00e8re sur sa lutte contre le terrorisme, \u00e9tant la premi\u00e8re \u00e0 en subir les affres et la pionni\u00e8re dans son \u00e9radication. Elle avait d\u00e9clar\u00e9 une guerre sans merci au terrorisme \u00e0 un moment o\u00f9 le doute, l&rsquo;h\u00e9sitation et la complicit\u00e9 r\u00e9gnaient dans les sph\u00e8res politiques et m\u00e9diatiques et aussi dans les forums r\u00e9gionaux et internationaux\u00a0\u00bb, rappelle le communiqu\u00e9, soulignant le leadership et le courage dont a fait preuve l&rsquo;Alg\u00e9rie dans ce combat existentiel alors que d&rsquo;autres h\u00e9sitaient encore \u00e0 nommer l&rsquo;ennemi.<\/p>\n\n\n\n<p>Cette mise au point intervient dans un contexte r\u00e9gional marqu\u00e9 par des tensions et des tentatives de d\u00e9stabilisation visant \u00e0 ternir l&rsquo;image de l&rsquo;Alg\u00e9rie et \u00e0 remettre en cause son r\u00f4le stabilisateur dans la r\u00e9gion. Les autorit\u00e9s&nbsp;d\u00e9noncent d\u2019ailleurs&nbsp;des campagnes m\u00e9diatiques&nbsp;r\u00e9guli\u00e8res,&nbsp;des man\u0153uvres orchestr\u00e9es par des parties bien identifi\u00e9es qui cherchent \u00e0 affaiblir la position de l&rsquo;Alg\u00e9rie dans la r\u00e9gion du Sahel&nbsp;et \u00e0 la d\u00e9stabiliser en vain.<\/p>\n\n\n\n<p>Le minist\u00e8re de la D\u00e9fense nationale a conclu son communiqu\u00e9 sur une note de fermet\u00e9 et de confiance. \u00ab\u00a0Ces campagnes m\u00e9diatiques m\u00e9prisables, aliment\u00e9es par des rumeurs et des fake-news ne pourront aucunement atteindre leurs desseins abjects et ne r\u00e9ussiront jamais \u00e0 perturber le r\u00f4le pivot de notre pays dans la r\u00e9gion en tant qu&rsquo;acteur efficace dans la promotion de la paix et de la stabilit\u00e9\u00a0\u00bb, affirme le MDN, exprimant ainsi la d\u00e9termination des institutions alg\u00e9riennes \u00e0 poursuivre leur action au service de la stabilit\u00e9 r\u00e9gionale, quelles que soient les tentatives de d\u00e9sinformation.<\/p>\n\n\n\n<p>Cette prise de position ferme du MDN t\u00e9moigne de la volont\u00e9 de l&rsquo;Alg\u00e9rie de ne pas laisser passer sans r\u00e9ponse les campagnes de d\u00e9nigrement qui visent \u00e0 porter atteinte \u00e0 sa cr\u00e9dibilit\u00e9 et \u00e0 son image sur les sc\u00e8nes r\u00e9gionale et internationale, r\u00e9affirmant son attachement aux principes qui fondent sa politique \u00e9trang\u00e8re et son engagement en faveur de la paix et de la stabilit\u00e9 dans la r\u00e9gion du Sahel.<\/p>\n\n\n\n<p>Salim Amokrane<\/p>\n","protected":false},"excerpt":{"rendered":"<p>Une campagne calomnieuse visant l&rsquo;Alg\u00e9rie Le minist\u00e8re de la D\u00e9fense nationale a d\u00e9menti, samedi dans un communiqu\u00e9 ferme, les all\u00e9gations<\/p>\n","protected":false},"author":6,"featured_media":31868,"comment_status":"open","ping_status":"closed","sticky":false,"template":"","format":"standard","meta":{"colormag_page_container_layout":"default_layout","colormag_page_sidebar_layout":"default_layout","om_disable_all_campaigns":false,"_monsterinsights_skip_tracking":false,"_monsterinsights_sitenote_active":false,"_monsterinsights_sitenote_note":"","_monsterinsights_sitenote_category":0,"footnotes":"","_wpscppro_dont_share_socialmedia":false,"_wpscppro_custom_social_share_image":0,"_facebook_share_type":"default","_twitter_share_type":"default","_linkedin_share_type":"default","_pinterest_share_type":"default","_linkedin_share_type_page":"","_instagram_share_type":"default","_medium_share_type":"default","_threads_share_type":"default","_google_business_share_type":"default","_selected_social_profile":[],"_wpsp_enable_custom_social_template":false,"_wpsp_social_scheduling":{"enabled":false,"datetime":null,"platforms":[],"status":"template_only","dateOption":"today","timeOption":"now","customDays":"","customHours":"","customDate":"","customTime":"","schedulingType":"absolute"},"_wpsp_active_default_template":true},"categories":[27],"tags":[],"class_list":["post-77725","post","type-post","status-publish","format-standard","has-post-thumbnail","hentry","category-actualite"],"aioseo_notices":[],"yoast_head":"<!-- This site is optimized with the Yoast SEO plugin v27.5 - https:\/\/yoast.com\/product\/yoast-seo-wordpress\/ -->\n<title>Le MDN\u00a0d\u00e9ments les all\u00e9gations mensong\u00e8res concernant\u00a0\u00a0la\u00a0cr\u00e9ation\u00a0pr\u00e9tendue\u00a0d&rsquo;unit\u00e9s de mercenaires\u00a0 - La Sentinelle<\/title>\n<meta name=\"robots\" content=\"index, follow, max-snippet:-1, max-image-preview:large, max-video-preview:-1\" \/>\n<link rel=\"canonical\" href=\"https:\/\/lasentinelle.dz\/index.php\/2025\/12\/13\/le-mdn-dements-les-allegations-mensongeres-concernant-la-creation-pretendue-dunites-de-mercenaires\/\" \/>\n<meta property=\"og:locale\" content=\"fr_FR\" \/>\n<meta property=\"og:type\" content=\"article\" \/>\n<meta property=\"og:title\" content=\"Le MDN\u00a0d\u00e9ments les all\u00e9gations mensong\u00e8res concernant\u00a0\u00a0la\u00a0cr\u00e9ation\u00a0pr\u00e9tendue\u00a0d&rsquo;unit\u00e9s de mercenaires\u00a0 - La Sentinelle\" \/>\n<meta property=\"og:description\" content=\"Une campagne calomnieuse visant l&rsquo;Alg\u00e9rie Le minist\u00e8re de la D\u00e9fense nationale a d\u00e9menti, samedi dans un communiqu\u00e9 ferme, les all\u00e9gations\" \/>\n<meta property=\"og:url\" content=\"https:\/\/lasentinelle.dz\/index.php\/2025\/12\/13\/le-mdn-dements-les-allegations-mensongeres-concernant-la-creation-pretendue-dunites-de-mercenaires\/\" \/>\n<meta property=\"og:site_name\" content=\"La Sentinelle\" \/>\n<meta property=\"article:publisher\" content=\"https:\/\/www.facebook.com\/La-Sentinelle-104059864394773\" \/>\n<meta property=\"article:published_time\" content=\"2025-12-13T18:34:23+00:00\" \/>\n<meta property=\"article:modified_time\" content=\"2025-12-13T18:34:24+00:00\" \/>\n<meta property=\"og:image\" content=\"https:\/\/lasentinelle.dz\/wp-content\/uploads\/2022\/11\/MDN.png\" \/>\n\t<meta property=\"og:image:width\" content=\"1350\" \/>\n\t<meta property=\"og:image:height\" content=\"900\" \/>\n\t<meta property=\"og:image:type\" content=\"image\/png\" \/>\n<meta name=\"author\" content=\"admin\" \/>\n<meta name=\"twitter:card\" content=\"summary_large_image\" \/>\n<meta name=\"twitter:label1\" content=\"\u00c9crit par\" \/>\n\t<meta name=\"twitter:data1\" content=\"admin\" \/>\n\t<meta name=\"twitter:label2\" content=\"Dur\u00e9e de lecture estim\u00e9e\" \/>\n\t<meta name=\"twitter:data2\" content=\"6 minutes\" \/>\n<script type=\"application\/ld+json\" class=\"yoast-schema-graph\">{\"@context\":\"https:\\\/\\\/schema.org\",\"@graph\":[{\"@type\":\"Article\",\"@id\":\"https:\\\/\\\/lasentinelle.dz\\\/index.php\\\/2025\\\/12\\\/13\\\/le-mdn-dements-les-allegations-mensongeres-concernant-la-creation-pretendue-dunites-de-mercenaires\\\/#article\",\"isPartOf\":{\"@id\":\"https:\\\/\\\/lasentinelle.dz\\\/index.php\\\/2025\\\/12\\\/13\\\/le-mdn-dements-les-allegations-mensongeres-concernant-la-creation-pretendue-dunites-de-mercenaires\\\/\"},\"author\":{\"name\":\"admin\",\"@id\":\"https:\\\/\\\/lasentinelle.dz\\\/#\\\/schema\\\/person\\\/729ee0024f24e0b8c5ec17232f8e8b41\"},\"headline\":\"Le MDN\u00a0d\u00e9ments les all\u00e9gations mensong\u00e8res concernant\u00a0\u00a0la\u00a0cr\u00e9ation\u00a0pr\u00e9tendue\u00a0d&rsquo;unit\u00e9s de mercenaires\u00a0\",\"datePublished\":\"2025-12-13T18:34:23+00:00\",\"dateModified\":\"2025-12-13T18:34:24+00:00\",\"mainEntityOfPage\":{\"@id\":\"https:\\\/\\\/lasentinelle.dz\\\/index.php\\\/2025\\\/12\\\/13\\\/le-mdn-dements-les-allegations-mensongeres-concernant-la-creation-pretendue-dunites-de-mercenaires\\\/\"},\"wordCount\":1191,\"commentCount\":0,\"publisher\":{\"@id\":\"https:\\\/\\\/lasentinelle.dz\\\/#organization\"},\"image\":{\"@id\":\"https:\\\/\\\/lasentinelle.dz\\\/index.php\\\/2025\\\/12\\\/13\\\/le-mdn-dements-les-allegations-mensongeres-concernant-la-creation-pretendue-dunites-de-mercenaires\\\/#primaryimage\"},\"thumbnailUrl\":\"https:\\\/\\\/lasentinelle.dz\\\/wp-content\\\/uploads\\\/2022\\\/11\\\/MDN.png\",\"articleSection\":[\"Actualit\u00e9\"],\"inLanguage\":\"fr-FR\",\"potentialAction\":[{\"@type\":\"CommentAction\",\"name\":\"Comment\",\"target\":[\"https:\\\/\\\/lasentinelle.dz\\\/index.php\\\/2025\\\/12\\\/13\\\/le-mdn-dements-les-allegations-mensongeres-concernant-la-creation-pretendue-dunites-de-mercenaires\\\/#respond\"]}]},{\"@type\":\"WebPage\",\"@id\":\"https:\\\/\\\/lasentinelle.dz\\\/index.php\\\/2025\\\/12\\\/13\\\/le-mdn-dements-les-allegations-mensongeres-concernant-la-creation-pretendue-dunites-de-mercenaires\\\/\",\"url\":\"https:\\\/\\\/lasentinelle.dz\\\/index.php\\\/2025\\\/12\\\/13\\\/le-mdn-dements-les-allegations-mensongeres-concernant-la-creation-pretendue-dunites-de-mercenaires\\\/\",\"name\":\"Le MDN\u00a0d\u00e9ments les all\u00e9gations mensong\u00e8res concernant\u00a0\u00a0la\u00a0cr\u00e9ation\u00a0pr\u00e9tendue\u00a0d&rsquo;unit\u00e9s de mercenaires\u00a0 - La Sentinelle\",\"isPartOf\":{\"@id\":\"https:\\\/\\\/lasentinelle.dz\\\/#website\"},\"primaryImageOfPage\":{\"@id\":\"https:\\\/\\\/lasentinelle.dz\\\/index.php\\\/2025\\\/12\\\/13\\\/le-mdn-dements-les-allegations-mensongeres-concernant-la-creation-pretendue-dunites-de-mercenaires\\\/#primaryimage\"},\"image\":{\"@id\":\"https:\\\/\\\/lasentinelle.dz\\\/index.php\\\/2025\\\/12\\\/13\\\/le-mdn-dements-les-allegations-mensongeres-concernant-la-creation-pretendue-dunites-de-mercenaires\\\/#primaryimage\"},\"thumbnailUrl\":\"https:\\\/\\\/lasentinelle.dz\\\/wp-content\\\/uploads\\\/2022\\\/11\\\/MDN.png\",\"datePublished\":\"2025-12-13T18:34:23+00:00\",\"dateModified\":\"2025-12-13T18:34:24+00:00\",\"breadcrumb\":{\"@id\":\"https:\\\/\\\/lasentinelle.dz\\\/index.php\\\/2025\\\/12\\\/13\\\/le-mdn-dements-les-allegations-mensongeres-concernant-la-creation-pretendue-dunites-de-mercenaires\\\/#breadcrumb\"},\"inLanguage\":\"fr-FR\",\"potentialAction\":[{\"@type\":\"ReadAction\",\"target\":[\"https:\\\/\\\/lasentinelle.dz\\\/index.php\\\/2025\\\/12\\\/13\\\/le-mdn-dements-les-allegations-mensongeres-concernant-la-creation-pretendue-dunites-de-mercenaires\\\/\"]}]},{\"@type\":\"ImageObject\",\"inLanguage\":\"fr-FR\",\"@id\":\"https:\\\/\\\/lasentinelle.dz\\\/index.php\\\/2025\\\/12\\\/13\\\/le-mdn-dements-les-allegations-mensongeres-concernant-la-creation-pretendue-dunites-de-mercenaires\\\/#primaryimage\",\"url\":\"https:\\\/\\\/lasentinelle.dz\\\/wp-content\\\/uploads\\\/2022\\\/11\\\/MDN.png\",\"contentUrl\":\"https:\\\/\\\/lasentinelle.dz\\\/wp-content\\\/uploads\\\/2022\\\/11\\\/MDN.png\",\"width\":1350,\"height\":900},{\"@type\":\"BreadcrumbList\",\"@id\":\"https:\\\/\\\/lasentinelle.dz\\\/index.php\\\/2025\\\/12\\\/13\\\/le-mdn-dements-les-allegations-mensongeres-concernant-la-creation-pretendue-dunites-de-mercenaires\\\/#breadcrumb\",\"itemListElement\":[{\"@type\":\"ListItem\",\"position\":1,\"name\":\"Accueil\",\"item\":\"https:\\\/\\\/lasentinelle.dz\\\/\"},{\"@type\":\"ListItem\",\"position\":2,\"name\":\"Le MDN\u00a0d\u00e9ments les all\u00e9gations mensong\u00e8res concernant\u00a0\u00a0la\u00a0cr\u00e9ation\u00a0pr\u00e9tendue\u00a0d&rsquo;unit\u00e9s de mercenaires\u00a0\"}]},{\"@type\":\"WebSite\",\"@id\":\"https:\\\/\\\/lasentinelle.dz\\\/#website\",\"url\":\"https:\\\/\\\/lasentinelle.dz\\\/\",\"name\":\"La Sentinelle\",\"description\":\"Quotidien national d&#039;information\",\"publisher\":{\"@id\":\"https:\\\/\\\/lasentinelle.dz\\\/#organization\"},\"potentialAction\":[{\"@type\":\"SearchAction\",\"target\":{\"@type\":\"EntryPoint\",\"urlTemplate\":\"https:\\\/\\\/lasentinelle.dz\\\/?s={search_term_string}\"},\"query-input\":{\"@type\":\"PropertyValueSpecification\",\"valueRequired\":true,\"valueName\":\"search_term_string\"}}],\"inLanguage\":\"fr-FR\"},{\"@type\":\"Organization\",\"@id\":\"https:\\\/\\\/lasentinelle.dz\\\/#organization\",\"name\":\"Quotidien La Sentinelle\",\"url\":\"https:\\\/\\\/lasentinelle.dz\\\/\",\"logo\":{\"@type\":\"ImageObject\",\"inLanguage\":\"fr-FR\",\"@id\":\"https:\\\/\\\/lasentinelle.dz\\\/#\\\/schema\\\/logo\\\/image\\\/\",\"url\":\"https:\\\/\\\/lasentinelle.dz\\\/wp-content\\\/uploads\\\/2021\\\/09\\\/logo-sentinelleSLOGAN-1.png\",\"contentUrl\":\"https:\\\/\\\/lasentinelle.dz\\\/wp-content\\\/uploads\\\/2021\\\/09\\\/logo-sentinelleSLOGAN-1.png\",\"width\":615,\"height\":142,\"caption\":\"Quotidien La Sentinelle\"},\"image\":{\"@id\":\"https:\\\/\\\/lasentinelle.dz\\\/#\\\/schema\\\/logo\\\/image\\\/\"},\"sameAs\":[\"https:\\\/\\\/www.facebook.com\\\/La-Sentinelle-104059864394773\"]},{\"@type\":\"Person\",\"@id\":\"https:\\\/\\\/lasentinelle.dz\\\/#\\\/schema\\\/person\\\/729ee0024f24e0b8c5ec17232f8e8b41\",\"name\":\"admin\",\"image\":{\"@type\":\"ImageObject\",\"inLanguage\":\"fr-FR\",\"@id\":\"https:\\\/\\\/secure.gravatar.com\\\/avatar\\\/4c81fed838786e9b53f540bf46533e750f5d292099ae3b66cfc6fb1982e29df7?s=96&d=mm&r=g\",\"url\":\"https:\\\/\\\/secure.gravatar.com\\\/avatar\\\/4c81fed838786e9b53f540bf46533e750f5d292099ae3b66cfc6fb1982e29df7?s=96&d=mm&r=g\",\"contentUrl\":\"https:\\\/\\\/secure.gravatar.com\\\/avatar\\\/4c81fed838786e9b53f540bf46533e750f5d292099ae3b66cfc6fb1982e29df7?s=96&d=mm&r=g\",\"caption\":\"admin\"},\"description\":\"admin\",\"url\":\"https:\\\/\\\/lasentinelle.dz\\\/author\\\/admin\\\/\"}]}<\/script>\n<!-- \/ Yoast SEO plugin. -->","yoast_head_json":{"title":"Le MDN\u00a0d\u00e9ments les all\u00e9gations mensong\u00e8res concernant\u00a0\u00a0la\u00a0cr\u00e9ation\u00a0pr\u00e9tendue\u00a0d&rsquo;unit\u00e9s de mercenaires\u00a0 - La Sentinelle","robots":{"index":"index","follow":"follow","max-snippet":"max-snippet:-1","max-image-preview":"max-image-preview:large","max-video-preview":"max-video-preview:-1"},"canonical":"https:\/\/lasentinelle.dz\/index.php\/2025\/12\/13\/le-mdn-dements-les-allegations-mensongeres-concernant-la-creation-pretendue-dunites-de-mercenaires\/","og_locale":"fr_FR","og_type":"article","og_title":"Le MDN\u00a0d\u00e9ments les all\u00e9gations mensong\u00e8res concernant\u00a0\u00a0la\u00a0cr\u00e9ation\u00a0pr\u00e9tendue\u00a0d&rsquo;unit\u00e9s de mercenaires\u00a0 - La Sentinelle","og_description":"Une campagne calomnieuse visant l&rsquo;Alg\u00e9rie Le minist\u00e8re de la D\u00e9fense nationale a d\u00e9menti, samedi dans un communiqu\u00e9 ferme, les all\u00e9gations","og_url":"https:\/\/lasentinelle.dz\/index.php\/2025\/12\/13\/le-mdn-dements-les-allegations-mensongeres-concernant-la-creation-pretendue-dunites-de-mercenaires\/","og_site_name":"La Sentinelle","article_publisher":"https:\/\/www.facebook.com\/La-Sentinelle-104059864394773","article_published_time":"2025-12-13T18:34:23+00:00","article_modified_time":"2025-12-13T18:34:24+00:00","og_image":[{"width":1350,"height":900,"url":"https:\/\/lasentinelle.dz\/wp-content\/uploads\/2022\/11\/MDN.png","type":"image\/png"}],"author":"admin","twitter_card":"summary_large_image","twitter_misc":{"\u00c9crit par":"admin","Dur\u00e9e de lecture estim\u00e9e":"6 minutes"},"schema":{"@context":"https:\/\/schema.org","@graph":[{"@type":"Article","@id":"https:\/\/lasentinelle.dz\/index.php\/2025\/12\/13\/le-mdn-dements-les-allegations-mensongeres-concernant-la-creation-pretendue-dunites-de-mercenaires\/#article","isPartOf":{"@id":"https:\/\/lasentinelle.dz\/index.php\/2025\/12\/13\/le-mdn-dements-les-allegations-mensongeres-concernant-la-creation-pretendue-dunites-de-mercenaires\/"},"author":{"name":"admin","@id":"https:\/\/lasentinelle.dz\/#\/schema\/person\/729ee0024f24e0b8c5ec17232f8e8b41"},"headline":"Le MDN\u00a0d\u00e9ments les all\u00e9gations mensong\u00e8res concernant\u00a0\u00a0la\u00a0cr\u00e9ation\u00a0pr\u00e9tendue\u00a0d&rsquo;unit\u00e9s de mercenaires\u00a0","datePublished":"2025-12-13T18:34:23+00:00","dateModified":"2025-12-13T18:34:24+00:00","mainEntityOfPage":{"@id":"https:\/\/lasentinelle.dz\/index.php\/2025\/12\/13\/le-mdn-dements-les-allegations-mensongeres-concernant-la-creation-pretendue-dunites-de-mercenaires\/"},"wordCount":1191,"commentCount":0,"publisher":{"@id":"https:\/\/lasentinelle.dz\/#organization"},"image":{"@id":"https:\/\/lasentinelle.dz\/index.php\/2025\/12\/13\/le-mdn-dements-les-allegations-mensongeres-concernant-la-creation-pretendue-dunites-de-mercenaires\/#primaryimage"},"thumbnailUrl":"https:\/\/lasentinelle.dz\/wp-content\/uploads\/2022\/11\/MDN.png","articleSection":["Actualit\u00e9"],"inLanguage":"fr-FR","potentialAction":[{"@type":"CommentAction","name":"Comment","target":["https:\/\/lasentinelle.dz\/index.php\/2025\/12\/13\/le-mdn-dements-les-allegations-mensongeres-concernant-la-creation-pretendue-dunites-de-mercenaires\/#respond"]}]},{"@type":"WebPage","@id":"https:\/\/lasentinelle.dz\/index.php\/2025\/12\/13\/le-mdn-dements-les-allegations-mensongeres-concernant-la-creation-pretendue-dunites-de-mercenaires\/","url":"https:\/\/lasentinelle.dz\/index.php\/2025\/12\/13\/le-mdn-dements-les-allegations-mensongeres-concernant-la-creation-pretendue-dunites-de-mercenaires\/","name":"Le MDN\u00a0d\u00e9ments les all\u00e9gations mensong\u00e8res concernant\u00a0\u00a0la\u00a0cr\u00e9ation\u00a0pr\u00e9tendue\u00a0d&rsquo;unit\u00e9s de mercenaires\u00a0 - La Sentinelle","isPartOf":{"@id":"https:\/\/lasentinelle.dz\/#website"},"primaryImageOfPage":{"@id":"https:\/\/lasentinelle.dz\/index.php\/2025\/12\/13\/le-mdn-dements-les-allegations-mensongeres-concernant-la-creation-pretendue-dunites-de-mercenaires\/#primaryimage"},"image":{"@id":"https:\/\/lasentinelle.dz\/index.php\/2025\/12\/13\/le-mdn-dements-les-allegations-mensongeres-concernant-la-creation-pretendue-dunites-de-mercenaires\/#primaryimage"},"thumbnailUrl":"https:\/\/lasentinelle.dz\/wp-content\/uploads\/2022\/11\/MDN.png","datePublished":"2025-12-13T18:34:23+00:00","dateModified":"2025-12-13T18:34:24+00:00","breadcrumb":{"@id":"https:\/\/lasentinelle.dz\/index.php\/2025\/12\/13\/le-mdn-dements-les-allegations-mensongeres-concernant-la-creation-pretendue-dunites-de-mercenaires\/#breadcrumb"},"inLanguage":"fr-FR","potentialAction":[{"@type":"ReadAction","target":["https:\/\/lasentinelle.dz\/index.php\/2025\/12\/13\/le-mdn-dements-les-allegations-mensongeres-concernant-la-creation-pretendue-dunites-de-mercenaires\/"]}]},{"@type":"ImageObject","inLanguage":"fr-FR","@id":"https:\/\/lasentinelle.dz\/index.php\/2025\/12\/13\/le-mdn-dements-les-allegations-mensongeres-concernant-la-creation-pretendue-dunites-de-mercenaires\/#primaryimage","url":"https:\/\/lasentinelle.dz\/wp-content\/uploads\/2022\/11\/MDN.png","contentUrl":"https:\/\/lasentinelle.dz\/wp-content\/uploads\/2022\/11\/MDN.png","width":1350,"height":900},{"@type":"BreadcrumbList","@id":"https:\/\/lasentinelle.dz\/index.php\/2025\/12\/13\/le-mdn-dements-les-allegations-mensongeres-concernant-la-creation-pretendue-dunites-de-mercenaires\/#breadcrumb","itemListElement":[{"@type":"ListItem","position":1,"name":"Accueil","item":"https:\/\/lasentinelle.dz\/"},{"@type":"ListItem","position":2,"name":"Le MDN\u00a0d\u00e9ments les all\u00e9gations mensong\u00e8res concernant\u00a0\u00a0la\u00a0cr\u00e9ation\u00a0pr\u00e9tendue\u00a0d&rsquo;unit\u00e9s de mercenaires\u00a0"}]},{"@type":"WebSite","@id":"https:\/\/lasentinelle.dz\/#website","url":"https:\/\/lasentinelle.dz\/","name":"La Sentinelle","description":"Quotidien national d&#039;information","publisher":{"@id":"https:\/\/lasentinelle.dz\/#organization"},"potentialAction":[{"@type":"SearchAction","target":{"@type":"EntryPoint","urlTemplate":"https:\/\/lasentinelle.dz\/?s={search_term_string}"},"query-input":{"@type":"PropertyValueSpecification","valueRequired":true,"valueName":"search_term_string"}}],"inLanguage":"fr-FR"},{"@type":"Organization","@id":"https:\/\/lasentinelle.dz\/#organization","name":"Quotidien La Sentinelle","url":"https:\/\/lasentinelle.dz\/","logo":{"@type":"ImageObject","inLanguage":"fr-FR","@id":"https:\/\/lasentinelle.dz\/#\/schema\/logo\/image\/","url":"https:\/\/lasentinelle.dz\/wp-content\/uploads\/2021\/09\/logo-sentinelleSLOGAN-1.png","contentUrl":"https:\/\/lasentinelle.dz\/wp-content\/uploads\/2021\/09\/logo-sentinelleSLOGAN-1.png","width":615,"height":142,"caption":"Quotidien La Sentinelle"},"image":{"@id":"https:\/\/lasentinelle.dz\/#\/schema\/logo\/image\/"},"sameAs":["https:\/\/www.facebook.com\/La-Sentinelle-104059864394773"]},{"@type":"Person","@id":"https:\/\/lasentinelle.dz\/#\/schema\/person\/729ee0024f24e0b8c5ec17232f8e8b41","name":"admin","image":{"@type":"ImageObject","inLanguage":"fr-FR","@id":"https:\/\/secure.gravatar.com\/avatar\/4c81fed838786e9b53f540bf46533e750f5d292099ae3b66cfc6fb1982e29df7?s=96&d=mm&r=g","url":"https:\/\/secure.gravatar.com\/avatar\/4c81fed838786e9b53f540bf46533e750f5d292099ae3b66cfc6fb1982e29df7?s=96&d=mm&r=g","contentUrl":"https:\/\/secure.gravatar.com\/avatar\/4c81fed838786e9b53f540bf46533e750f5d292099ae3b66cfc6fb1982e29df7?s=96&d=mm&r=g","caption":"admin"},"description":"admin","url":"https:\/\/lasentinelle.dz\/author\/admin\/"}]}},"_links":{"self":[{"href":"https:\/\/lasentinelle.dz\/index.php\/wp-json\/wp\/v2\/posts\/77725","targetHints":{"allow":["GET"]}}],"collection":[{"href":"https:\/\/lasentinelle.dz\/index.php\/wp-json\/wp\/v2\/posts"}],"about":[{"href":"https:\/\/lasentinelle.dz\/index.php\/wp-json\/wp\/v2\/types\/post"}],"author":[{"embeddable":true,"href":"https:\/\/lasentinelle.dz\/index.php\/wp-json\/wp\/v2\/users\/6"}],"replies":[{"embeddable":true,"href":"https:\/\/lasentinelle.dz\/index.php\/wp-json\/wp\/v2\/comments?post=77725"}],"version-history":[{"count":2,"href":"https:\/\/lasentinelle.dz\/index.php\/wp-json\/wp\/v2\/posts\/77725\/revisions"}],"predecessor-version":[{"id":77727,"href":"https:\/\/lasentinelle.dz\/index.php\/wp-json\/wp\/v2\/posts\/77725\/revisions\/77727"}],"wp:featuredmedia":[{"embeddable":true,"href":"https:\/\/lasentinelle.dz\/index.php\/wp-json\/wp\/v2\/media\/31868"}],"wp:attachment":[{"href":"https:\/\/lasentinelle.dz\/index.php\/wp-json\/wp\/v2\/media?parent=77725"}],"wp:term":[{"taxonomy":"category","embeddable":true,"href":"https:\/\/lasentinelle.dz\/index.php\/wp-json\/wp\/v2\/categories?post=77725"},{"taxonomy":"post_tag","embeddable":true,"href":"https:\/\/lasentinelle.dz\/index.php\/wp-json\/wp\/v2\/tags?post=77725"}],"curies":[{"name":"wp","href":"https:\/\/api.w.org\/{rel}","templated":true}]}}