{"id":77728,"date":"2025-12-13T19:32:00","date_gmt":"2025-12-13T18:32:00","guid":{"rendered":"https:\/\/lasentinelle.dz\/?p=77728"},"modified":"2025-12-13T19:35:03","modified_gmt":"2025-12-13T18:35:03","slug":"face-aux-manoeuvres-visant-a-diviser-le-pays-la-classe-politique-se-mobilise","status":"publish","type":"post","link":"https:\/\/lasentinelle.dz\/index.php\/2025\/12\/13\/face-aux-manoeuvres-visant-a-diviser-le-pays-la-classe-politique-se-mobilise\/","title":{"rendered":"Face aux man\u0153uvres\u00a0visant \u00e0 diviser le pays\u00a0:\u00a0La classe politique se mobilise\u00a0"},"content":{"rendered":"\n<p>Plusieurs responsables de partis politiques et repr\u00e9sentants de la soci\u00e9t\u00e9 civile ont r\u00e9affirm\u00e9, lors de rencontres organis\u00e9es ce week-end \u00e0 travers le pays, leur attachement ind\u00e9fectible \u00e0 l&rsquo;unit\u00e9 nationale et \u00e0 l&rsquo;int\u00e9grit\u00e9 territoriale de l&rsquo;Alg\u00e9rie, d\u00e9non\u00e7ant toute tentative visant \u00e0 diviser le pays.&nbsp;De Tizi-Ouzou \u00e0 Tamanrasset, en passant par Oran, S\u00e9tif, Mostaganem et Bejaia, la classe politique a multipli\u00e9 les rassemblements pour appeler au renforcement du front int\u00e9rieur et \u00e0 la vigilance.&nbsp;<\/p>\n\n\n\n<p>\u00c0 Alger, la Secr\u00e9taire g\u00e9n\u00e9rale du Parti des travailleurs, Louisa Hanoune, a consacr\u00e9 une partie de son allocution \u00e0 mettre en lumi\u00e8re le parcours historique de la femme alg\u00e9rienne et ses contributions \u00e0 la d\u00e9fense de l&rsquo;identit\u00e9 nationale. Elle a rappel\u00e9 les luttes men\u00e9es par les Alg\u00e9riennes durant les 132 ann\u00e9es d&rsquo;occupation fran\u00e7aise, leur participation \u00e0 la glorieuse R\u00e9volution de lib\u00e9ration, ainsi que leurs efforts durant la p\u00e9riode post-ind\u00e9pendance. Mme Hanoune a soulign\u00e9 les acquis arrach\u00e9s par la femme alg\u00e9rienne tr\u00e8s t\u00f4t comparativement \u00e0 de nombreux pays, notamment en mati\u00e8re de droit de vote et de droit au travail.&nbsp;La responsable du PT a \u00e9galement mis l&rsquo;accent sur le caract\u00e8re sacr\u00e9 de l&rsquo;unit\u00e9 nationale, affirmant que ceux qui tentent d&rsquo;y porter atteinte ne sont qu&rsquo;un groupuscule fabriqu\u00e9 de toutes pi\u00e8ces et \u00e9tranger au pays, dont les desseins sont connus de tous. Elle a appel\u00e9 \u00e0 pr\u00e9munir l&rsquo;Alg\u00e9rie en renfor\u00e7ant le front int\u00e9rieur, saluant la vigilance du peuple alg\u00e9rien face \u00e0 toute tentative de nuire \u00e0 l&rsquo;unit\u00e9 de sa patrie.<\/p>\n\n\n\n<p>\u00c0 Tizi-Ouzou, le Premier secr\u00e9taire national du Front des Forces Socialistes, Youcef Aouchiche, a r\u00e9affirm\u00e9vendredi&nbsp;la d\u00e9termination de son parti \u00e0 d\u00e9fendre la Nation et la souverainet\u00e9 nationale. Selon lui, d\u00e9fendre le pays consiste \u00e0 pr\u00e9server la m\u00e9moire collective, prot\u00e9ger la souverainet\u00e9 nationale contre les pressions et les tentatives d&rsquo;ing\u00e9rence \u00e9trang\u00e8res, et se dresser, avec constance et responsabilit\u00e9, contre toutes les entreprises de division visant l&rsquo;unit\u00e9 et la coh\u00e9sion nationales. Il a martel\u00e9 que l&rsquo;Alg\u00e9rie ne se n\u00e9gocie pas dans son int\u00e9grit\u00e9 pleine et enti\u00e8re, dans le moindre centim\u00e8tre carr\u00e9 arrach\u00e9 de haute lutte et arros\u00e9 du sang des martyrs. Le responsable du FFS a insist\u00e9 sur le fait que l&rsquo;Alg\u00e9rie est une, unie et indivisible, et qu&rsquo;elle le demeurera toujours, relevant qu&rsquo;aucune force ne pourra venir \u00e0 bout de cette r\u00e9alit\u00e9.&nbsp;Dans la m\u00eame ville, le secr\u00e9taire g\u00e9n\u00e9ral du Rassemblement national d\u00e9mocratique, Monder Bouden, a tenu&nbsp;samedi&nbsp;une r\u00e9union avec des cadres et militants de son parti. Il a rappel\u00e9 que l&rsquo;Alg\u00e9rie est unie et indivisible, \u00e9voquant la r\u00e9gion de la Kabylie comme le berceau de la Guerre de lib\u00e9ration nationale et citant des figures embl\u00e9matiques de la R\u00e9volution telles que le Colonel Amirouche Ait Hamouda, Krim Belkacem, Amar Ouamrane et Mohand Oulhadj.<\/p>\n\n\n\n<p>\u00c0 Mostaganem, le Secr\u00e9taire g\u00e9n\u00e9ral par int\u00e9rim de l&rsquo;Alliance nationale r\u00e9publicaine, Hamza Latreche, a appel\u00e9 les militants de son parti \u00e0 contribuer \u00e0 la construction d&rsquo;un \u00c9tat fort et uni. Il a affirm\u00e9 que l&rsquo;Alg\u00e9rie demeurera, en toutes circonstances, fi\u00e8re de son unit\u00e9 et r\u00e9siliente face aux complots ourdis contre elle, ouvertement ou en coulisses. M. Latreche a qualifi\u00e9 de tentatives d\u00e9sesp\u00e9r\u00e9es toutes les man\u0153uvres visant \u00e0 porter atteinte \u00e0 la coh\u00e9sion nationale, ajoutant que ces man\u0153uvres ont \u00e9chou\u00e9 par le pass\u00e9 et \u00e9choueront \u00e0 l&rsquo;avenir.&nbsp;\u00c0 Oran, le pr\u00e9sident du Mouvement de la soci\u00e9t\u00e9 pour la paix, Abdelaali Hassani Cherif, a supervis\u00e9 une rencontre r\u00e9gionale des jeunes militants du parti. Il a soulign\u00e9 que l&rsquo;Alg\u00e9rie mise sur sa jeunesse pour r\u00e9aliser l&rsquo;essor \u00e9conomique, la consid\u00e9rant comme la v\u00e9ritable force sur laquelle compte le pays. Il a insist\u00e9 sur la n\u00e9cessit\u00e9 de s&rsquo;attacher \u00e0 la patrie, de renforcer l&rsquo;unit\u00e9 et la coh\u00e9sion nationales, d&rsquo;adh\u00e9rer aux valeurs morales, \u00e9ducatives et religieuses, et d&rsquo;\u00e9lever le niveau de conscience pour faire face aux d\u00e9fis.&nbsp;\u00c0 Tamanrasset, le pr\u00e9sident du Front El-Moustakbal, Fateh Boutbig, a indiqu\u00e9 que la pr\u00e9servation du tissu national et de l&rsquo;esprit collectif de la nation alg\u00e9rienne doit se faire par l&rsquo;attachement \u00e0 l&rsquo;unit\u00e9 et le rejet des divergences entre les diff\u00e9rentes franges et composantes du peuple alg\u00e9rien. Il a appel\u00e9 \u00e0 se concentrer sur le renforcement de la bataille de la construction et de l&rsquo;\u00e9dification, et \u00e0 faire face \u00e0 tous ceux qui cherchent \u00e0 affaiblir la coh\u00e9sion nationale.<\/p>\n\n\n\n<p>\u00c0 Bejaia, des participants \u00e0 une rencontre de la soci\u00e9t\u00e9 civile ont r\u00e9affirm\u00e9&nbsp;samedi&nbsp;leur attachement visc\u00e9ral \u00e0 l&rsquo;unit\u00e9 nationale. Des \u00e9lus locaux, \u00e9crivains, artistes et acteurs associatifs ont insist\u00e9 sur le fait que l&rsquo;Alg\u00e9rie est un pays uni et indivisible et que la Kabylie en est partie int\u00e9grante. Le pr\u00e9sident de l&rsquo;APC de Darguina, Madjid Bektache, a soulign\u00e9 que le pays qui a v\u00e9cu toutes ces \u00e9preuves et pour lequel le sang des Chouhada a coul\u00e9 ne sera jamais \u00e0 vendre. L&rsquo;\u00e9crivain en langue amazighe Brahim Tazaghart a appel\u00e9 les Alg\u00e9riens des diff\u00e9rentes r\u00e9gions \u00e0 l&rsquo;unit\u00e9 et \u00e0 la coh\u00e9sion, rappelant que les Alg\u00e9riens se sont unis durant la Guerre de lib\u00e9ration nationale.<\/p>\n\n\n\n<p>Hocine Fadheli<\/p>\n","protected":false},"excerpt":{"rendered":"<p>Plusieurs responsables de partis politiques et repr\u00e9sentants de la soci\u00e9t\u00e9 civile ont r\u00e9affirm\u00e9, lors de rencontres organis\u00e9es ce week-end \u00e0<\/p>\n","protected":false},"author":6,"featured_media":0,"comment_status":"open","ping_status":"closed","sticky":false,"template":"","format":"standard","meta":{"colormag_page_container_layout":"default_layout","colormag_page_sidebar_layout":"default_layout","om_disable_all_campaigns":false,"_monsterinsights_skip_tracking":false,"_monsterinsights_sitenote_active":false,"_monsterinsights_sitenote_note":"","_monsterinsights_sitenote_category":0,"footnotes":"","_wpscppro_dont_share_socialmedia":false,"_wpscppro_custom_social_share_image":0,"_facebook_share_type":"default","_twitter_share_type":"default","_linkedin_share_type":"default","_pinterest_share_type":"default","_linkedin_share_type_page":"","_instagram_share_type":"default","_medium_share_type":"default","_threads_share_type":"default","_google_business_share_type":"default","_selected_social_profile":[],"_wpsp_enable_custom_social_template":false,"_wpsp_social_scheduling":{"enabled":false,"datetime":null,"platforms":[],"status":"template_only","dateOption":"today","timeOption":"now","customDays":"","customHours":"","customDate":"","customTime":"","schedulingType":"absolute"},"_wpsp_active_default_template":true},"categories":[27],"tags":[],"class_list":["post-77728","post","type-post","status-publish","format-standard","hentry","category-actualite"],"aioseo_notices":[],"yoast_head":"<!-- This site is optimized with the Yoast SEO plugin v27.5 - https:\/\/yoast.com\/product\/yoast-seo-wordpress\/ -->\n<title>Face aux man\u0153uvres\u00a0visant \u00e0 diviser le pays\u00a0:\u00a0La classe politique se mobilise\u00a0 - La Sentinelle<\/title>\n<meta name=\"robots\" content=\"index, follow, max-snippet:-1, max-image-preview:large, max-video-preview:-1\" \/>\n<link rel=\"canonical\" href=\"https:\/\/lasentinelle.dz\/index.php\/2025\/12\/13\/face-aux-manoeuvres-visant-a-diviser-le-pays-la-classe-politique-se-mobilise\/\" \/>\n<meta property=\"og:locale\" content=\"fr_FR\" \/>\n<meta property=\"og:type\" content=\"article\" \/>\n<meta property=\"og:title\" content=\"Face aux man\u0153uvres\u00a0visant \u00e0 diviser le pays\u00a0:\u00a0La classe politique se mobilise\u00a0 - La Sentinelle\" \/>\n<meta property=\"og:description\" content=\"Plusieurs responsables de partis politiques et repr\u00e9sentants de la soci\u00e9t\u00e9 civile ont r\u00e9affirm\u00e9, lors de rencontres organis\u00e9es ce week-end \u00e0\" \/>\n<meta property=\"og:url\" content=\"https:\/\/lasentinelle.dz\/index.php\/2025\/12\/13\/face-aux-manoeuvres-visant-a-diviser-le-pays-la-classe-politique-se-mobilise\/\" \/>\n<meta property=\"og:site_name\" content=\"La Sentinelle\" \/>\n<meta property=\"article:publisher\" content=\"https:\/\/www.facebook.com\/La-Sentinelle-104059864394773\" \/>\n<meta property=\"article:published_time\" content=\"2025-12-13T18:32:00+00:00\" \/>\n<meta property=\"article:modified_time\" content=\"2025-12-13T18:35:03+00:00\" \/>\n<meta name=\"author\" content=\"admin\" \/>\n<meta name=\"twitter:card\" content=\"summary_large_image\" \/>\n<meta name=\"twitter:label1\" content=\"\u00c9crit par\" \/>\n\t<meta name=\"twitter:data1\" content=\"admin\" \/>\n\t<meta name=\"twitter:label2\" content=\"Dur\u00e9e de lecture estim\u00e9e\" \/>\n\t<meta name=\"twitter:data2\" content=\"5 minutes\" \/>\n<script type=\"application\/ld+json\" class=\"yoast-schema-graph\">{\"@context\":\"https:\\\/\\\/schema.org\",\"@graph\":[{\"@type\":\"Article\",\"@id\":\"https:\\\/\\\/lasentinelle.dz\\\/index.php\\\/2025\\\/12\\\/13\\\/face-aux-manoeuvres-visant-a-diviser-le-pays-la-classe-politique-se-mobilise\\\/#article\",\"isPartOf\":{\"@id\":\"https:\\\/\\\/lasentinelle.dz\\\/index.php\\\/2025\\\/12\\\/13\\\/face-aux-manoeuvres-visant-a-diviser-le-pays-la-classe-politique-se-mobilise\\\/\"},\"author\":{\"name\":\"admin\",\"@id\":\"https:\\\/\\\/lasentinelle.dz\\\/#\\\/schema\\\/person\\\/729ee0024f24e0b8c5ec17232f8e8b41\"},\"headline\":\"Face aux man\u0153uvres\u00a0visant \u00e0 diviser le pays\u00a0:\u00a0La classe politique se mobilise\u00a0\",\"datePublished\":\"2025-12-13T18:32:00+00:00\",\"dateModified\":\"2025-12-13T18:35:03+00:00\",\"mainEntityOfPage\":{\"@id\":\"https:\\\/\\\/lasentinelle.dz\\\/index.php\\\/2025\\\/12\\\/13\\\/face-aux-manoeuvres-visant-a-diviser-le-pays-la-classe-politique-se-mobilise\\\/\"},\"wordCount\":944,\"commentCount\":0,\"publisher\":{\"@id\":\"https:\\\/\\\/lasentinelle.dz\\\/#organization\"},\"articleSection\":[\"Actualit\u00e9\"],\"inLanguage\":\"fr-FR\",\"potentialAction\":[{\"@type\":\"CommentAction\",\"name\":\"Comment\",\"target\":[\"https:\\\/\\\/lasentinelle.dz\\\/index.php\\\/2025\\\/12\\\/13\\\/face-aux-manoeuvres-visant-a-diviser-le-pays-la-classe-politique-se-mobilise\\\/#respond\"]}]},{\"@type\":\"WebPage\",\"@id\":\"https:\\\/\\\/lasentinelle.dz\\\/index.php\\\/2025\\\/12\\\/13\\\/face-aux-manoeuvres-visant-a-diviser-le-pays-la-classe-politique-se-mobilise\\\/\",\"url\":\"https:\\\/\\\/lasentinelle.dz\\\/index.php\\\/2025\\\/12\\\/13\\\/face-aux-manoeuvres-visant-a-diviser-le-pays-la-classe-politique-se-mobilise\\\/\",\"name\":\"Face aux man\u0153uvres\u00a0visant \u00e0 diviser le pays\u00a0:\u00a0La classe politique se mobilise\u00a0 - La Sentinelle\",\"isPartOf\":{\"@id\":\"https:\\\/\\\/lasentinelle.dz\\\/#website\"},\"datePublished\":\"2025-12-13T18:32:00+00:00\",\"dateModified\":\"2025-12-13T18:35:03+00:00\",\"breadcrumb\":{\"@id\":\"https:\\\/\\\/lasentinelle.dz\\\/index.php\\\/2025\\\/12\\\/13\\\/face-aux-manoeuvres-visant-a-diviser-le-pays-la-classe-politique-se-mobilise\\\/#breadcrumb\"},\"inLanguage\":\"fr-FR\",\"potentialAction\":[{\"@type\":\"ReadAction\",\"target\":[\"https:\\\/\\\/lasentinelle.dz\\\/index.php\\\/2025\\\/12\\\/13\\\/face-aux-manoeuvres-visant-a-diviser-le-pays-la-classe-politique-se-mobilise\\\/\"]}]},{\"@type\":\"BreadcrumbList\",\"@id\":\"https:\\\/\\\/lasentinelle.dz\\\/index.php\\\/2025\\\/12\\\/13\\\/face-aux-manoeuvres-visant-a-diviser-le-pays-la-classe-politique-se-mobilise\\\/#breadcrumb\",\"itemListElement\":[{\"@type\":\"ListItem\",\"position\":1,\"name\":\"Accueil\",\"item\":\"https:\\\/\\\/lasentinelle.dz\\\/\"},{\"@type\":\"ListItem\",\"position\":2,\"name\":\"Face aux man\u0153uvres\u00a0visant \u00e0 diviser le pays\u00a0:\u00a0La classe politique se mobilise\u00a0\"}]},{\"@type\":\"WebSite\",\"@id\":\"https:\\\/\\\/lasentinelle.dz\\\/#website\",\"url\":\"https:\\\/\\\/lasentinelle.dz\\\/\",\"name\":\"La Sentinelle\",\"description\":\"Quotidien national d&#039;information\",\"publisher\":{\"@id\":\"https:\\\/\\\/lasentinelle.dz\\\/#organization\"},\"potentialAction\":[{\"@type\":\"SearchAction\",\"target\":{\"@type\":\"EntryPoint\",\"urlTemplate\":\"https:\\\/\\\/lasentinelle.dz\\\/?s={search_term_string}\"},\"query-input\":{\"@type\":\"PropertyValueSpecification\",\"valueRequired\":true,\"valueName\":\"search_term_string\"}}],\"inLanguage\":\"fr-FR\"},{\"@type\":\"Organization\",\"@id\":\"https:\\\/\\\/lasentinelle.dz\\\/#organization\",\"name\":\"Quotidien La Sentinelle\",\"url\":\"https:\\\/\\\/lasentinelle.dz\\\/\",\"logo\":{\"@type\":\"ImageObject\",\"inLanguage\":\"fr-FR\",\"@id\":\"https:\\\/\\\/lasentinelle.dz\\\/#\\\/schema\\\/logo\\\/image\\\/\",\"url\":\"https:\\\/\\\/lasentinelle.dz\\\/wp-content\\\/uploads\\\/2021\\\/09\\\/logo-sentinelleSLOGAN-1.png\",\"contentUrl\":\"https:\\\/\\\/lasentinelle.dz\\\/wp-content\\\/uploads\\\/2021\\\/09\\\/logo-sentinelleSLOGAN-1.png\",\"width\":615,\"height\":142,\"caption\":\"Quotidien La Sentinelle\"},\"image\":{\"@id\":\"https:\\\/\\\/lasentinelle.dz\\\/#\\\/schema\\\/logo\\\/image\\\/\"},\"sameAs\":[\"https:\\\/\\\/www.facebook.com\\\/La-Sentinelle-104059864394773\"]},{\"@type\":\"Person\",\"@id\":\"https:\\\/\\\/lasentinelle.dz\\\/#\\\/schema\\\/person\\\/729ee0024f24e0b8c5ec17232f8e8b41\",\"name\":\"admin\",\"image\":{\"@type\":\"ImageObject\",\"inLanguage\":\"fr-FR\",\"@id\":\"https:\\\/\\\/secure.gravatar.com\\\/avatar\\\/4c81fed838786e9b53f540bf46533e750f5d292099ae3b66cfc6fb1982e29df7?s=96&d=mm&r=g\",\"url\":\"https:\\\/\\\/secure.gravatar.com\\\/avatar\\\/4c81fed838786e9b53f540bf46533e750f5d292099ae3b66cfc6fb1982e29df7?s=96&d=mm&r=g\",\"contentUrl\":\"https:\\\/\\\/secure.gravatar.com\\\/avatar\\\/4c81fed838786e9b53f540bf46533e750f5d292099ae3b66cfc6fb1982e29df7?s=96&d=mm&r=g\",\"caption\":\"admin\"},\"description\":\"admin\",\"url\":\"https:\\\/\\\/lasentinelle.dz\\\/author\\\/admin\\\/\"}]}<\/script>\n<!-- \/ Yoast SEO plugin. -->","yoast_head_json":{"title":"Face aux man\u0153uvres\u00a0visant \u00e0 diviser le pays\u00a0:\u00a0La classe politique se mobilise\u00a0 - La Sentinelle","robots":{"index":"index","follow":"follow","max-snippet":"max-snippet:-1","max-image-preview":"max-image-preview:large","max-video-preview":"max-video-preview:-1"},"canonical":"https:\/\/lasentinelle.dz\/index.php\/2025\/12\/13\/face-aux-manoeuvres-visant-a-diviser-le-pays-la-classe-politique-se-mobilise\/","og_locale":"fr_FR","og_type":"article","og_title":"Face aux man\u0153uvres\u00a0visant \u00e0 diviser le pays\u00a0:\u00a0La classe politique se mobilise\u00a0 - La Sentinelle","og_description":"Plusieurs responsables de partis politiques et repr\u00e9sentants de la soci\u00e9t\u00e9 civile ont r\u00e9affirm\u00e9, lors de rencontres organis\u00e9es ce week-end \u00e0","og_url":"https:\/\/lasentinelle.dz\/index.php\/2025\/12\/13\/face-aux-manoeuvres-visant-a-diviser-le-pays-la-classe-politique-se-mobilise\/","og_site_name":"La Sentinelle","article_publisher":"https:\/\/www.facebook.com\/La-Sentinelle-104059864394773","article_published_time":"2025-12-13T18:32:00+00:00","article_modified_time":"2025-12-13T18:35:03+00:00","author":"admin","twitter_card":"summary_large_image","twitter_misc":{"\u00c9crit par":"admin","Dur\u00e9e de lecture estim\u00e9e":"5 minutes"},"schema":{"@context":"https:\/\/schema.org","@graph":[{"@type":"Article","@id":"https:\/\/lasentinelle.dz\/index.php\/2025\/12\/13\/face-aux-manoeuvres-visant-a-diviser-le-pays-la-classe-politique-se-mobilise\/#article","isPartOf":{"@id":"https:\/\/lasentinelle.dz\/index.php\/2025\/12\/13\/face-aux-manoeuvres-visant-a-diviser-le-pays-la-classe-politique-se-mobilise\/"},"author":{"name":"admin","@id":"https:\/\/lasentinelle.dz\/#\/schema\/person\/729ee0024f24e0b8c5ec17232f8e8b41"},"headline":"Face aux man\u0153uvres\u00a0visant \u00e0 diviser le pays\u00a0:\u00a0La classe politique se mobilise\u00a0","datePublished":"2025-12-13T18:32:00+00:00","dateModified":"2025-12-13T18:35:03+00:00","mainEntityOfPage":{"@id":"https:\/\/lasentinelle.dz\/index.php\/2025\/12\/13\/face-aux-manoeuvres-visant-a-diviser-le-pays-la-classe-politique-se-mobilise\/"},"wordCount":944,"commentCount":0,"publisher":{"@id":"https:\/\/lasentinelle.dz\/#organization"},"articleSection":["Actualit\u00e9"],"inLanguage":"fr-FR","potentialAction":[{"@type":"CommentAction","name":"Comment","target":["https:\/\/lasentinelle.dz\/index.php\/2025\/12\/13\/face-aux-manoeuvres-visant-a-diviser-le-pays-la-classe-politique-se-mobilise\/#respond"]}]},{"@type":"WebPage","@id":"https:\/\/lasentinelle.dz\/index.php\/2025\/12\/13\/face-aux-manoeuvres-visant-a-diviser-le-pays-la-classe-politique-se-mobilise\/","url":"https:\/\/lasentinelle.dz\/index.php\/2025\/12\/13\/face-aux-manoeuvres-visant-a-diviser-le-pays-la-classe-politique-se-mobilise\/","name":"Face aux man\u0153uvres\u00a0visant \u00e0 diviser le pays\u00a0:\u00a0La classe politique se mobilise\u00a0 - La Sentinelle","isPartOf":{"@id":"https:\/\/lasentinelle.dz\/#website"},"datePublished":"2025-12-13T18:32:00+00:00","dateModified":"2025-12-13T18:35:03+00:00","breadcrumb":{"@id":"https:\/\/lasentinelle.dz\/index.php\/2025\/12\/13\/face-aux-manoeuvres-visant-a-diviser-le-pays-la-classe-politique-se-mobilise\/#breadcrumb"},"inLanguage":"fr-FR","potentialAction":[{"@type":"ReadAction","target":["https:\/\/lasentinelle.dz\/index.php\/2025\/12\/13\/face-aux-manoeuvres-visant-a-diviser-le-pays-la-classe-politique-se-mobilise\/"]}]},{"@type":"BreadcrumbList","@id":"https:\/\/lasentinelle.dz\/index.php\/2025\/12\/13\/face-aux-manoeuvres-visant-a-diviser-le-pays-la-classe-politique-se-mobilise\/#breadcrumb","itemListElement":[{"@type":"ListItem","position":1,"name":"Accueil","item":"https:\/\/lasentinelle.dz\/"},{"@type":"ListItem","position":2,"name":"Face aux man\u0153uvres\u00a0visant \u00e0 diviser le pays\u00a0:\u00a0La classe politique se mobilise\u00a0"}]},{"@type":"WebSite","@id":"https:\/\/lasentinelle.dz\/#website","url":"https:\/\/lasentinelle.dz\/","name":"La Sentinelle","description":"Quotidien national d&#039;information","publisher":{"@id":"https:\/\/lasentinelle.dz\/#organization"},"potentialAction":[{"@type":"SearchAction","target":{"@type":"EntryPoint","urlTemplate":"https:\/\/lasentinelle.dz\/?s={search_term_string}"},"query-input":{"@type":"PropertyValueSpecification","valueRequired":true,"valueName":"search_term_string"}}],"inLanguage":"fr-FR"},{"@type":"Organization","@id":"https:\/\/lasentinelle.dz\/#organization","name":"Quotidien La Sentinelle","url":"https:\/\/lasentinelle.dz\/","logo":{"@type":"ImageObject","inLanguage":"fr-FR","@id":"https:\/\/lasentinelle.dz\/#\/schema\/logo\/image\/","url":"https:\/\/lasentinelle.dz\/wp-content\/uploads\/2021\/09\/logo-sentinelleSLOGAN-1.png","contentUrl":"https:\/\/lasentinelle.dz\/wp-content\/uploads\/2021\/09\/logo-sentinelleSLOGAN-1.png","width":615,"height":142,"caption":"Quotidien La Sentinelle"},"image":{"@id":"https:\/\/lasentinelle.dz\/#\/schema\/logo\/image\/"},"sameAs":["https:\/\/www.facebook.com\/La-Sentinelle-104059864394773"]},{"@type":"Person","@id":"https:\/\/lasentinelle.dz\/#\/schema\/person\/729ee0024f24e0b8c5ec17232f8e8b41","name":"admin","image":{"@type":"ImageObject","inLanguage":"fr-FR","@id":"https:\/\/secure.gravatar.com\/avatar\/4c81fed838786e9b53f540bf46533e750f5d292099ae3b66cfc6fb1982e29df7?s=96&d=mm&r=g","url":"https:\/\/secure.gravatar.com\/avatar\/4c81fed838786e9b53f540bf46533e750f5d292099ae3b66cfc6fb1982e29df7?s=96&d=mm&r=g","contentUrl":"https:\/\/secure.gravatar.com\/avatar\/4c81fed838786e9b53f540bf46533e750f5d292099ae3b66cfc6fb1982e29df7?s=96&d=mm&r=g","caption":"admin"},"description":"admin","url":"https:\/\/lasentinelle.dz\/author\/admin\/"}]}},"_links":{"self":[{"href":"https:\/\/lasentinelle.dz\/index.php\/wp-json\/wp\/v2\/posts\/77728","targetHints":{"allow":["GET"]}}],"collection":[{"href":"https:\/\/lasentinelle.dz\/index.php\/wp-json\/wp\/v2\/posts"}],"about":[{"href":"https:\/\/lasentinelle.dz\/index.php\/wp-json\/wp\/v2\/types\/post"}],"author":[{"embeddable":true,"href":"https:\/\/lasentinelle.dz\/index.php\/wp-json\/wp\/v2\/users\/6"}],"replies":[{"embeddable":true,"href":"https:\/\/lasentinelle.dz\/index.php\/wp-json\/wp\/v2\/comments?post=77728"}],"version-history":[{"count":1,"href":"https:\/\/lasentinelle.dz\/index.php\/wp-json\/wp\/v2\/posts\/77728\/revisions"}],"predecessor-version":[{"id":77729,"href":"https:\/\/lasentinelle.dz\/index.php\/wp-json\/wp\/v2\/posts\/77728\/revisions\/77729"}],"wp:attachment":[{"href":"https:\/\/lasentinelle.dz\/index.php\/wp-json\/wp\/v2\/media?parent=77728"}],"wp:term":[{"taxonomy":"category","embeddable":true,"href":"https:\/\/lasentinelle.dz\/index.php\/wp-json\/wp\/v2\/categories?post=77728"},{"taxonomy":"post_tag","embeddable":true,"href":"https:\/\/lasentinelle.dz\/index.php\/wp-json\/wp\/v2\/tags?post=77728"}],"curies":[{"name":"wp","href":"https:\/\/api.w.org\/{rel}","templated":true}]}}