{"id":77730,"date":"2025-12-13T19:36:03","date_gmt":"2025-12-13T18:36:03","guid":{"rendered":"https:\/\/lasentinelle.dz\/?p=77730"},"modified":"2025-12-13T19:36:05","modified_gmt":"2025-12-13T18:36:05","slug":"lutte-contre-le-blanchiment-dargent-les-associations-sous-la-loupe","status":"publish","type":"post","link":"https:\/\/lasentinelle.dz\/index.php\/2025\/12\/13\/lutte-contre-le-blanchiment-dargent-les-associations-sous-la-loupe\/","title":{"rendered":"Lutte contre le blanchiment d&rsquo;argent\u00a0:\u00a0Les associations sous la loupe !"},"content":{"rendered":"\n<p>Le minist\u00e8re de l&rsquo;Int\u00e9rieur, des Collectivit\u00e9s locales et des Transports a ordonn\u00e9, en coordination avec l&rsquo;Observatoire national de la soci\u00e9t\u00e9 civile, aux responsables d&rsquo;associations de d\u00e9clarer en urgence les b\u00e9n\u00e9ficiaires effectifs de leurs structures avant le 15 d\u00e9cembre 2025, dans le cadre de l&rsquo;application des recommandations du Groupe d&rsquo;action financi\u00e8re (GAFI) visant \u00e0 renforcer la transparence et \u00e0 sortir l&rsquo;Alg\u00e9rie de&nbsp;sa liste grise.<\/p>\n\n\n\n<p>L&rsquo;Observatoire national de la soci\u00e9t\u00e9 civile a pr\u00e9cis\u00e9, dans un communiqu\u00e9 adress\u00e9 \u00e0 l&rsquo;ensemble des associations nationales actives dans un cadre l\u00e9gal, que cette proc\u00e9dure fait partie int\u00e9grante de la strat\u00e9gie nationale de lutte contre le blanchiment d&rsquo;argent et le financement du terrorisme.&nbsp;Selon le communiqu\u00e9, les associations sont tenues, en vertu des dispositions de la loi num\u00e9ro 05-01 du 6 f\u00e9vrier 2005 relative \u00e0 la pr\u00e9vention et \u00e0 la lutte contre le blanchiment d&rsquo;argent et le financement du terrorisme, modifi\u00e9e et compl\u00e9t\u00e9e, de proc\u00e9der \u00e0 la d\u00e9claration de leurs b\u00e9n\u00e9ficiaires effectifs.&nbsp;<\/p>\n\n\n\n<p>Les responsables d&rsquo;associations de toutes cat\u00e9gories ont \u00e9t\u00e9 appel\u00e9s \u00e0 se rapprocher en urgence du point le plus proche relevant des antennes locales du Centre national du registre du commerce \u00e0 travers les wilayas, afin de d\u00e9poser les d\u00e9clarations de b\u00e9n\u00e9ficiaires effectifs de leurs associations avant la date limite fix\u00e9e au 15 d\u00e9cembre 2025. Cette d\u00e9marche administrative&nbsp;\u00e9tant&nbsp;un passage oblig\u00e9 pour assainir le secteur associatif et le mettre en conformit\u00e9 avec les standards internationaux, souligne l\u2019observatoire.<\/p>\n\n\n\n<p>Il convient de souligner que cette d\u00e9marche concernant les associations s&rsquo;inscrit en parall\u00e8le avec la cr\u00e9ation d&rsquo;un registre des b\u00e9n\u00e9ficiaires effectifs pour les op\u00e9rateurs \u00e9conomiques&nbsp;au niveau du CNRC, mise en \u0153uvre dans une premi\u00e8re phase conform\u00e9ment au d\u00e9cret ex\u00e9cutif 23-429 publi\u00e9 au Journal officiel du 29 novembre 2023. Ce registre public, institu\u00e9 aupr\u00e8s du Centre national du registre du commerce, oblige les entreprises \u00e0 d\u00e9clarer l&rsquo;identit\u00e9 de leurs b\u00e9n\u00e9ficiaires effectifs lors de leur cr\u00e9ation, une mesure qui s&rsquo;\u00e9tend d\u00e9sormais au secteur associatif.<\/p>\n\n\n\n<p>Cette mesure intervient \u00e9galement en parall\u00e8le avec l&rsquo;envoi par le minist\u00e8re de l&rsquo;Int\u00e9rieur et des Collectivit\u00e9s locales de correspondances aux communes du pays, dans lesquelles il appelle \u00e0 acc\u00e9l\u00e9rer le processus d&rsquo;enregistrement des associations au niveau des registres nationaux et locaux. Cette initiative vise \u00e0 renforcer le contr\u00f4le financier et \u00e0 promouvoir la transparence dans les transactions financi\u00e8res li\u00e9es au travail associatif dans le pays, en application des dispositions du d\u00e9cret ex\u00e9cutif num\u00e9ro 25-101 du 12 mars 2025, relatif aux proc\u00e9dures de gel ou de saisie des fonds dans le cadre de la pr\u00e9vention et de la lutte contre le&nbsp;blanchiment d\u2019argent&nbsp;financement&nbsp;du terrorisme.<\/p>\n\n\n\n<p>Ces dispositions s&rsquo;inscrivent dans un contexte marqu\u00e9 par l&rsquo;insistance sur la n\u00e9cessit\u00e9 pour les associations agr\u00e9\u00e9es de finaliser les proc\u00e9dures de mise \u00e0 jour et d&rsquo;enregistrement, afin de combler toute faille susceptible d&rsquo;\u00eatre exploit\u00e9e pour faire transiter des fonds d&rsquo;origine inconnue ou soutenir des activit\u00e9s suspectes sous couvert de travail caritatif ou culturel. L&rsquo;objectif affich\u00e9 est de renforcer la gouvernance de ce secteur sensible qui compte des milliers d&rsquo;organisations actives sur l&rsquo;ensemble du territoire national.&nbsp;Le minist\u00e8re de l&rsquo;Int\u00e9rieur, des Collectivit\u00e9s locales et de l&rsquo;Am\u00e9nagement du territoire avait pr\u00e9c\u00e9demment adopt\u00e9 un plan structur\u00e9 en cinq axes, s&rsquo;\u00e9tendant jusqu&rsquo;au premier trimestre de l&rsquo;ann\u00e9e 2026, dans le but de prot\u00e9ger les associations et organisations \u00e0 but non lucratif des risques de blanchiment d&rsquo;argent et de financement du terrorisme, en r\u00e9ponse aux recommandations du GAFI et en conformit\u00e9 avec les normes internationales de transparence.&nbsp;Ce plan, dont les d\u00e9tails ont \u00e9t\u00e9 r\u00e9v\u00e9l\u00e9s par la presse, repose sur cinq axes fondamentaux. Le premier, qui s&rsquo;\u00e9tend jusqu&rsquo;\u00e0 la fin du mois de d\u00e9cembre en cours, est intitul\u00e9 renforcement des capacit\u00e9s des associations et organisations \u00e0 but non lucratif. Cet axe se concentre sur l&rsquo;ach\u00e8vement des programmes de sensibilisation destin\u00e9s aux associations class\u00e9es dans la cat\u00e9gorie la plus expos\u00e9e aux risques, avec un suivi rigoureux de leurs activit\u00e9s et de leurs financements, ainsi que la pr\u00e9paration et la diffusion \u00e0 grande \u00e9chelle des r\u00e9glementations et instructions connexes, garantissant l&rsquo;application effective des lignes directrices relatives \u00e0 la pr\u00e9vention et \u00e0 la lutte contre le financement du terrorisme.<\/p>\n\n\n\n<p>Pour rappel, l&rsquo;Alg\u00e9rie cherche, \u00e0 travers ces mesures, \u00e0 acc\u00e9l\u00e9rer sa sortie de la liste grise du GAFI, dans laquelle elle a \u00e9t\u00e9 inscrite en octobre 2024, suite \u00e0 l&rsquo;identification de lacunes dans le syst\u00e8me de lutte contre le blanchiment d&rsquo;argent et \u00e0 la faiblesse du contr\u00f4le sur les institutions financi\u00e8res non bancaires. Cette situation a pouss\u00e9 les autorit\u00e9s \u00e0 adopter des proc\u00e9dures et des modifications l\u00e9gislatives de grande envergure, visant \u00e0 \u00e9lever le niveau de conformit\u00e9 et \u00e0 renforcer le contr\u00f4le sur la circulation des fonds au sein des secteurs lucratif et non lucratif, avec l&rsquo;objectif de sortir de cette liste dans les plus brefs d\u00e9lais.<\/p>\n\n\n\n<p>Le ministre des Finances, Abdelkrim Bouzerd, avait confirm\u00e9 dans des d\u00e9clarations&nbsp;r\u00e9centes&nbsp;que l&rsquo;Alg\u00e9rie \u00e9tait entr\u00e9e dans la phase finale de pr\u00e9paration d&rsquo;un rapport exhaustif d&rsquo;\u00e9valuation des risques li\u00e9s au blanchiment d&rsquo;argent et au financement du terrorisme, dans le cadre de ses engagements envers le GAFI.<\/p>\n\n\n\n<p>Chokri Hafed<\/p>\n","protected":false},"excerpt":{"rendered":"<p>Le minist\u00e8re de l&rsquo;Int\u00e9rieur, des Collectivit\u00e9s locales et des Transports a ordonn\u00e9, en coordination avec l&rsquo;Observatoire national de la soci\u00e9t\u00e9<\/p>\n","protected":false},"author":6,"featured_media":77731,"comment_status":"open","ping_status":"closed","sticky":false,"template":"","format":"standard","meta":{"colormag_page_container_layout":"default_layout","colormag_page_sidebar_layout":"default_layout","om_disable_all_campaigns":false,"_monsterinsights_skip_tracking":false,"_monsterinsights_sitenote_active":false,"_monsterinsights_sitenote_note":"","_monsterinsights_sitenote_category":0,"footnotes":"","_wpscppro_dont_share_socialmedia":false,"_wpscppro_custom_social_share_image":0,"_facebook_share_type":"default","_twitter_share_type":"default","_linkedin_share_type":"default","_pinterest_share_type":"default","_linkedin_share_type_page":"","_instagram_share_type":"default","_medium_share_type":"default","_threads_share_type":"default","_google_business_share_type":"default","_selected_social_profile":[],"_wpsp_enable_custom_social_template":false,"_wpsp_social_scheduling":{"enabled":false,"datetime":null,"platforms":[],"status":"template_only","dateOption":"today","timeOption":"now","customDays":"","customHours":"","customDate":"","customTime":"","schedulingType":"absolute"},"_wpsp_active_default_template":true},"categories":[52,27],"tags":[],"class_list":["post-77730","post","type-post","status-publish","format-standard","has-post-thumbnail","hentry","category-a-la-une","category-actualite"],"aioseo_notices":[],"yoast_head":"<!-- This site is optimized with the Yoast SEO plugin v27.5 - https:\/\/yoast.com\/product\/yoast-seo-wordpress\/ -->\n<title>Lutte contre le blanchiment d&rsquo;argent\u00a0:\u00a0Les associations sous la loupe ! - La Sentinelle<\/title>\n<meta name=\"robots\" content=\"index, follow, max-snippet:-1, max-image-preview:large, max-video-preview:-1\" \/>\n<link rel=\"canonical\" href=\"https:\/\/lasentinelle.dz\/index.php\/2025\/12\/13\/lutte-contre-le-blanchiment-dargent-les-associations-sous-la-loupe\/\" \/>\n<meta property=\"og:locale\" content=\"fr_FR\" \/>\n<meta property=\"og:type\" content=\"article\" \/>\n<meta property=\"og:title\" content=\"Lutte contre le blanchiment d&rsquo;argent\u00a0:\u00a0Les associations sous la loupe ! - La Sentinelle\" \/>\n<meta property=\"og:description\" content=\"Le minist\u00e8re de l&rsquo;Int\u00e9rieur, des Collectivit\u00e9s locales et des Transports a ordonn\u00e9, en coordination avec l&rsquo;Observatoire national de la soci\u00e9t\u00e9\" \/>\n<meta property=\"og:url\" content=\"https:\/\/lasentinelle.dz\/index.php\/2025\/12\/13\/lutte-contre-le-blanchiment-dargent-les-associations-sous-la-loupe\/\" \/>\n<meta property=\"og:site_name\" content=\"La Sentinelle\" \/>\n<meta property=\"article:publisher\" content=\"https:\/\/www.facebook.com\/La-Sentinelle-104059864394773\" \/>\n<meta property=\"article:published_time\" content=\"2025-12-13T18:36:03+00:00\" \/>\n<meta property=\"article:modified_time\" content=\"2025-12-13T18:36:05+00:00\" \/>\n<meta property=\"og:image\" content=\"https:\/\/lasentinelle.dz\/wp-content\/uploads\/2025\/12\/Blanchiment-dargent.jpeg\" \/>\n\t<meta property=\"og:image:width\" content=\"2048\" \/>\n\t<meta property=\"og:image:height\" content=\"1311\" \/>\n\t<meta property=\"og:image:type\" content=\"image\/jpeg\" \/>\n<meta name=\"author\" content=\"admin\" \/>\n<meta name=\"twitter:card\" content=\"summary_large_image\" \/>\n<meta name=\"twitter:label1\" content=\"\u00c9crit par\" \/>\n\t<meta name=\"twitter:data1\" content=\"admin\" \/>\n\t<meta name=\"twitter:label2\" content=\"Dur\u00e9e de lecture estim\u00e9e\" \/>\n\t<meta name=\"twitter:data2\" content=\"5 minutes\" \/>\n<script type=\"application\/ld+json\" class=\"yoast-schema-graph\">{\"@context\":\"https:\\\/\\\/schema.org\",\"@graph\":[{\"@type\":\"Article\",\"@id\":\"https:\\\/\\\/lasentinelle.dz\\\/index.php\\\/2025\\\/12\\\/13\\\/lutte-contre-le-blanchiment-dargent-les-associations-sous-la-loupe\\\/#article\",\"isPartOf\":{\"@id\":\"https:\\\/\\\/lasentinelle.dz\\\/index.php\\\/2025\\\/12\\\/13\\\/lutte-contre-le-blanchiment-dargent-les-associations-sous-la-loupe\\\/\"},\"author\":{\"name\":\"admin\",\"@id\":\"https:\\\/\\\/lasentinelle.dz\\\/#\\\/schema\\\/person\\\/729ee0024f24e0b8c5ec17232f8e8b41\"},\"headline\":\"Lutte contre le blanchiment d&rsquo;argent\u00a0:\u00a0Les associations sous la loupe !\",\"datePublished\":\"2025-12-13T18:36:03+00:00\",\"dateModified\":\"2025-12-13T18:36:05+00:00\",\"mainEntityOfPage\":{\"@id\":\"https:\\\/\\\/lasentinelle.dz\\\/index.php\\\/2025\\\/12\\\/13\\\/lutte-contre-le-blanchiment-dargent-les-associations-sous-la-loupe\\\/\"},\"wordCount\":970,\"commentCount\":0,\"publisher\":{\"@id\":\"https:\\\/\\\/lasentinelle.dz\\\/#organization\"},\"image\":{\"@id\":\"https:\\\/\\\/lasentinelle.dz\\\/index.php\\\/2025\\\/12\\\/13\\\/lutte-contre-le-blanchiment-dargent-les-associations-sous-la-loupe\\\/#primaryimage\"},\"thumbnailUrl\":\"https:\\\/\\\/lasentinelle.dz\\\/wp-content\\\/uploads\\\/2025\\\/12\\\/Blanchiment-dargent.jpeg\",\"articleSection\":[\"\u00c0 la Une\",\"Actualit\u00e9\"],\"inLanguage\":\"fr-FR\",\"potentialAction\":[{\"@type\":\"CommentAction\",\"name\":\"Comment\",\"target\":[\"https:\\\/\\\/lasentinelle.dz\\\/index.php\\\/2025\\\/12\\\/13\\\/lutte-contre-le-blanchiment-dargent-les-associations-sous-la-loupe\\\/#respond\"]}]},{\"@type\":\"WebPage\",\"@id\":\"https:\\\/\\\/lasentinelle.dz\\\/index.php\\\/2025\\\/12\\\/13\\\/lutte-contre-le-blanchiment-dargent-les-associations-sous-la-loupe\\\/\",\"url\":\"https:\\\/\\\/lasentinelle.dz\\\/index.php\\\/2025\\\/12\\\/13\\\/lutte-contre-le-blanchiment-dargent-les-associations-sous-la-loupe\\\/\",\"name\":\"Lutte contre le blanchiment d&rsquo;argent\u00a0:\u00a0Les associations sous la loupe ! - La Sentinelle\",\"isPartOf\":{\"@id\":\"https:\\\/\\\/lasentinelle.dz\\\/#website\"},\"primaryImageOfPage\":{\"@id\":\"https:\\\/\\\/lasentinelle.dz\\\/index.php\\\/2025\\\/12\\\/13\\\/lutte-contre-le-blanchiment-dargent-les-associations-sous-la-loupe\\\/#primaryimage\"},\"image\":{\"@id\":\"https:\\\/\\\/lasentinelle.dz\\\/index.php\\\/2025\\\/12\\\/13\\\/lutte-contre-le-blanchiment-dargent-les-associations-sous-la-loupe\\\/#primaryimage\"},\"thumbnailUrl\":\"https:\\\/\\\/lasentinelle.dz\\\/wp-content\\\/uploads\\\/2025\\\/12\\\/Blanchiment-dargent.jpeg\",\"datePublished\":\"2025-12-13T18:36:03+00:00\",\"dateModified\":\"2025-12-13T18:36:05+00:00\",\"breadcrumb\":{\"@id\":\"https:\\\/\\\/lasentinelle.dz\\\/index.php\\\/2025\\\/12\\\/13\\\/lutte-contre-le-blanchiment-dargent-les-associations-sous-la-loupe\\\/#breadcrumb\"},\"inLanguage\":\"fr-FR\",\"potentialAction\":[{\"@type\":\"ReadAction\",\"target\":[\"https:\\\/\\\/lasentinelle.dz\\\/index.php\\\/2025\\\/12\\\/13\\\/lutte-contre-le-blanchiment-dargent-les-associations-sous-la-loupe\\\/\"]}]},{\"@type\":\"ImageObject\",\"inLanguage\":\"fr-FR\",\"@id\":\"https:\\\/\\\/lasentinelle.dz\\\/index.php\\\/2025\\\/12\\\/13\\\/lutte-contre-le-blanchiment-dargent-les-associations-sous-la-loupe\\\/#primaryimage\",\"url\":\"https:\\\/\\\/lasentinelle.dz\\\/wp-content\\\/uploads\\\/2025\\\/12\\\/Blanchiment-dargent.jpeg\",\"contentUrl\":\"https:\\\/\\\/lasentinelle.dz\\\/wp-content\\\/uploads\\\/2025\\\/12\\\/Blanchiment-dargent.jpeg\",\"width\":2048,\"height\":1311},{\"@type\":\"BreadcrumbList\",\"@id\":\"https:\\\/\\\/lasentinelle.dz\\\/index.php\\\/2025\\\/12\\\/13\\\/lutte-contre-le-blanchiment-dargent-les-associations-sous-la-loupe\\\/#breadcrumb\",\"itemListElement\":[{\"@type\":\"ListItem\",\"position\":1,\"name\":\"Accueil\",\"item\":\"https:\\\/\\\/lasentinelle.dz\\\/\"},{\"@type\":\"ListItem\",\"position\":2,\"name\":\"Lutte contre le blanchiment d&rsquo;argent\u00a0:\u00a0Les associations sous la loupe !\"}]},{\"@type\":\"WebSite\",\"@id\":\"https:\\\/\\\/lasentinelle.dz\\\/#website\",\"url\":\"https:\\\/\\\/lasentinelle.dz\\\/\",\"name\":\"La Sentinelle\",\"description\":\"Quotidien national d&#039;information\",\"publisher\":{\"@id\":\"https:\\\/\\\/lasentinelle.dz\\\/#organization\"},\"potentialAction\":[{\"@type\":\"SearchAction\",\"target\":{\"@type\":\"EntryPoint\",\"urlTemplate\":\"https:\\\/\\\/lasentinelle.dz\\\/?s={search_term_string}\"},\"query-input\":{\"@type\":\"PropertyValueSpecification\",\"valueRequired\":true,\"valueName\":\"search_term_string\"}}],\"inLanguage\":\"fr-FR\"},{\"@type\":\"Organization\",\"@id\":\"https:\\\/\\\/lasentinelle.dz\\\/#organization\",\"name\":\"Quotidien La Sentinelle\",\"url\":\"https:\\\/\\\/lasentinelle.dz\\\/\",\"logo\":{\"@type\":\"ImageObject\",\"inLanguage\":\"fr-FR\",\"@id\":\"https:\\\/\\\/lasentinelle.dz\\\/#\\\/schema\\\/logo\\\/image\\\/\",\"url\":\"https:\\\/\\\/lasentinelle.dz\\\/wp-content\\\/uploads\\\/2021\\\/09\\\/logo-sentinelleSLOGAN-1.png\",\"contentUrl\":\"https:\\\/\\\/lasentinelle.dz\\\/wp-content\\\/uploads\\\/2021\\\/09\\\/logo-sentinelleSLOGAN-1.png\",\"width\":615,\"height\":142,\"caption\":\"Quotidien La Sentinelle\"},\"image\":{\"@id\":\"https:\\\/\\\/lasentinelle.dz\\\/#\\\/schema\\\/logo\\\/image\\\/\"},\"sameAs\":[\"https:\\\/\\\/www.facebook.com\\\/La-Sentinelle-104059864394773\"]},{\"@type\":\"Person\",\"@id\":\"https:\\\/\\\/lasentinelle.dz\\\/#\\\/schema\\\/person\\\/729ee0024f24e0b8c5ec17232f8e8b41\",\"name\":\"admin\",\"image\":{\"@type\":\"ImageObject\",\"inLanguage\":\"fr-FR\",\"@id\":\"https:\\\/\\\/secure.gravatar.com\\\/avatar\\\/4c81fed838786e9b53f540bf46533e750f5d292099ae3b66cfc6fb1982e29df7?s=96&d=mm&r=g\",\"url\":\"https:\\\/\\\/secure.gravatar.com\\\/avatar\\\/4c81fed838786e9b53f540bf46533e750f5d292099ae3b66cfc6fb1982e29df7?s=96&d=mm&r=g\",\"contentUrl\":\"https:\\\/\\\/secure.gravatar.com\\\/avatar\\\/4c81fed838786e9b53f540bf46533e750f5d292099ae3b66cfc6fb1982e29df7?s=96&d=mm&r=g\",\"caption\":\"admin\"},\"description\":\"admin\",\"url\":\"https:\\\/\\\/lasentinelle.dz\\\/author\\\/admin\\\/\"}]}<\/script>\n<!-- \/ Yoast SEO plugin. -->","yoast_head_json":{"title":"Lutte contre le blanchiment d&rsquo;argent\u00a0:\u00a0Les associations sous la loupe ! - La Sentinelle","robots":{"index":"index","follow":"follow","max-snippet":"max-snippet:-1","max-image-preview":"max-image-preview:large","max-video-preview":"max-video-preview:-1"},"canonical":"https:\/\/lasentinelle.dz\/index.php\/2025\/12\/13\/lutte-contre-le-blanchiment-dargent-les-associations-sous-la-loupe\/","og_locale":"fr_FR","og_type":"article","og_title":"Lutte contre le blanchiment d&rsquo;argent\u00a0:\u00a0Les associations sous la loupe ! - La Sentinelle","og_description":"Le minist\u00e8re de l&rsquo;Int\u00e9rieur, des Collectivit\u00e9s locales et des Transports a ordonn\u00e9, en coordination avec l&rsquo;Observatoire national de la soci\u00e9t\u00e9","og_url":"https:\/\/lasentinelle.dz\/index.php\/2025\/12\/13\/lutte-contre-le-blanchiment-dargent-les-associations-sous-la-loupe\/","og_site_name":"La Sentinelle","article_publisher":"https:\/\/www.facebook.com\/La-Sentinelle-104059864394773","article_published_time":"2025-12-13T18:36:03+00:00","article_modified_time":"2025-12-13T18:36:05+00:00","og_image":[{"width":2048,"height":1311,"url":"https:\/\/lasentinelle.dz\/wp-content\/uploads\/2025\/12\/Blanchiment-dargent.jpeg","type":"image\/jpeg"}],"author":"admin","twitter_card":"summary_large_image","twitter_misc":{"\u00c9crit par":"admin","Dur\u00e9e de lecture estim\u00e9e":"5 minutes"},"schema":{"@context":"https:\/\/schema.org","@graph":[{"@type":"Article","@id":"https:\/\/lasentinelle.dz\/index.php\/2025\/12\/13\/lutte-contre-le-blanchiment-dargent-les-associations-sous-la-loupe\/#article","isPartOf":{"@id":"https:\/\/lasentinelle.dz\/index.php\/2025\/12\/13\/lutte-contre-le-blanchiment-dargent-les-associations-sous-la-loupe\/"},"author":{"name":"admin","@id":"https:\/\/lasentinelle.dz\/#\/schema\/person\/729ee0024f24e0b8c5ec17232f8e8b41"},"headline":"Lutte contre le blanchiment d&rsquo;argent\u00a0:\u00a0Les associations sous la loupe !","datePublished":"2025-12-13T18:36:03+00:00","dateModified":"2025-12-13T18:36:05+00:00","mainEntityOfPage":{"@id":"https:\/\/lasentinelle.dz\/index.php\/2025\/12\/13\/lutte-contre-le-blanchiment-dargent-les-associations-sous-la-loupe\/"},"wordCount":970,"commentCount":0,"publisher":{"@id":"https:\/\/lasentinelle.dz\/#organization"},"image":{"@id":"https:\/\/lasentinelle.dz\/index.php\/2025\/12\/13\/lutte-contre-le-blanchiment-dargent-les-associations-sous-la-loupe\/#primaryimage"},"thumbnailUrl":"https:\/\/lasentinelle.dz\/wp-content\/uploads\/2025\/12\/Blanchiment-dargent.jpeg","articleSection":["\u00c0 la Une","Actualit\u00e9"],"inLanguage":"fr-FR","potentialAction":[{"@type":"CommentAction","name":"Comment","target":["https:\/\/lasentinelle.dz\/index.php\/2025\/12\/13\/lutte-contre-le-blanchiment-dargent-les-associations-sous-la-loupe\/#respond"]}]},{"@type":"WebPage","@id":"https:\/\/lasentinelle.dz\/index.php\/2025\/12\/13\/lutte-contre-le-blanchiment-dargent-les-associations-sous-la-loupe\/","url":"https:\/\/lasentinelle.dz\/index.php\/2025\/12\/13\/lutte-contre-le-blanchiment-dargent-les-associations-sous-la-loupe\/","name":"Lutte contre le blanchiment d&rsquo;argent\u00a0:\u00a0Les associations sous la loupe ! - La Sentinelle","isPartOf":{"@id":"https:\/\/lasentinelle.dz\/#website"},"primaryImageOfPage":{"@id":"https:\/\/lasentinelle.dz\/index.php\/2025\/12\/13\/lutte-contre-le-blanchiment-dargent-les-associations-sous-la-loupe\/#primaryimage"},"image":{"@id":"https:\/\/lasentinelle.dz\/index.php\/2025\/12\/13\/lutte-contre-le-blanchiment-dargent-les-associations-sous-la-loupe\/#primaryimage"},"thumbnailUrl":"https:\/\/lasentinelle.dz\/wp-content\/uploads\/2025\/12\/Blanchiment-dargent.jpeg","datePublished":"2025-12-13T18:36:03+00:00","dateModified":"2025-12-13T18:36:05+00:00","breadcrumb":{"@id":"https:\/\/lasentinelle.dz\/index.php\/2025\/12\/13\/lutte-contre-le-blanchiment-dargent-les-associations-sous-la-loupe\/#breadcrumb"},"inLanguage":"fr-FR","potentialAction":[{"@type":"ReadAction","target":["https:\/\/lasentinelle.dz\/index.php\/2025\/12\/13\/lutte-contre-le-blanchiment-dargent-les-associations-sous-la-loupe\/"]}]},{"@type":"ImageObject","inLanguage":"fr-FR","@id":"https:\/\/lasentinelle.dz\/index.php\/2025\/12\/13\/lutte-contre-le-blanchiment-dargent-les-associations-sous-la-loupe\/#primaryimage","url":"https:\/\/lasentinelle.dz\/wp-content\/uploads\/2025\/12\/Blanchiment-dargent.jpeg","contentUrl":"https:\/\/lasentinelle.dz\/wp-content\/uploads\/2025\/12\/Blanchiment-dargent.jpeg","width":2048,"height":1311},{"@type":"BreadcrumbList","@id":"https:\/\/lasentinelle.dz\/index.php\/2025\/12\/13\/lutte-contre-le-blanchiment-dargent-les-associations-sous-la-loupe\/#breadcrumb","itemListElement":[{"@type":"ListItem","position":1,"name":"Accueil","item":"https:\/\/lasentinelle.dz\/"},{"@type":"ListItem","position":2,"name":"Lutte contre le blanchiment d&rsquo;argent\u00a0:\u00a0Les associations sous la loupe !"}]},{"@type":"WebSite","@id":"https:\/\/lasentinelle.dz\/#website","url":"https:\/\/lasentinelle.dz\/","name":"La Sentinelle","description":"Quotidien national d&#039;information","publisher":{"@id":"https:\/\/lasentinelle.dz\/#organization"},"potentialAction":[{"@type":"SearchAction","target":{"@type":"EntryPoint","urlTemplate":"https:\/\/lasentinelle.dz\/?s={search_term_string}"},"query-input":{"@type":"PropertyValueSpecification","valueRequired":true,"valueName":"search_term_string"}}],"inLanguage":"fr-FR"},{"@type":"Organization","@id":"https:\/\/lasentinelle.dz\/#organization","name":"Quotidien La Sentinelle","url":"https:\/\/lasentinelle.dz\/","logo":{"@type":"ImageObject","inLanguage":"fr-FR","@id":"https:\/\/lasentinelle.dz\/#\/schema\/logo\/image\/","url":"https:\/\/lasentinelle.dz\/wp-content\/uploads\/2021\/09\/logo-sentinelleSLOGAN-1.png","contentUrl":"https:\/\/lasentinelle.dz\/wp-content\/uploads\/2021\/09\/logo-sentinelleSLOGAN-1.png","width":615,"height":142,"caption":"Quotidien La Sentinelle"},"image":{"@id":"https:\/\/lasentinelle.dz\/#\/schema\/logo\/image\/"},"sameAs":["https:\/\/www.facebook.com\/La-Sentinelle-104059864394773"]},{"@type":"Person","@id":"https:\/\/lasentinelle.dz\/#\/schema\/person\/729ee0024f24e0b8c5ec17232f8e8b41","name":"admin","image":{"@type":"ImageObject","inLanguage":"fr-FR","@id":"https:\/\/secure.gravatar.com\/avatar\/4c81fed838786e9b53f540bf46533e750f5d292099ae3b66cfc6fb1982e29df7?s=96&d=mm&r=g","url":"https:\/\/secure.gravatar.com\/avatar\/4c81fed838786e9b53f540bf46533e750f5d292099ae3b66cfc6fb1982e29df7?s=96&d=mm&r=g","contentUrl":"https:\/\/secure.gravatar.com\/avatar\/4c81fed838786e9b53f540bf46533e750f5d292099ae3b66cfc6fb1982e29df7?s=96&d=mm&r=g","caption":"admin"},"description":"admin","url":"https:\/\/lasentinelle.dz\/author\/admin\/"}]}},"_links":{"self":[{"href":"https:\/\/lasentinelle.dz\/index.php\/wp-json\/wp\/v2\/posts\/77730","targetHints":{"allow":["GET"]}}],"collection":[{"href":"https:\/\/lasentinelle.dz\/index.php\/wp-json\/wp\/v2\/posts"}],"about":[{"href":"https:\/\/lasentinelle.dz\/index.php\/wp-json\/wp\/v2\/types\/post"}],"author":[{"embeddable":true,"href":"https:\/\/lasentinelle.dz\/index.php\/wp-json\/wp\/v2\/users\/6"}],"replies":[{"embeddable":true,"href":"https:\/\/lasentinelle.dz\/index.php\/wp-json\/wp\/v2\/comments?post=77730"}],"version-history":[{"count":2,"href":"https:\/\/lasentinelle.dz\/index.php\/wp-json\/wp\/v2\/posts\/77730\/revisions"}],"predecessor-version":[{"id":77733,"href":"https:\/\/lasentinelle.dz\/index.php\/wp-json\/wp\/v2\/posts\/77730\/revisions\/77733"}],"wp:featuredmedia":[{"embeddable":true,"href":"https:\/\/lasentinelle.dz\/index.php\/wp-json\/wp\/v2\/media\/77731"}],"wp:attachment":[{"href":"https:\/\/lasentinelle.dz\/index.php\/wp-json\/wp\/v2\/media?parent=77730"}],"wp:term":[{"taxonomy":"category","embeddable":true,"href":"https:\/\/lasentinelle.dz\/index.php\/wp-json\/wp\/v2\/categories?post=77730"},{"taxonomy":"post_tag","embeddable":true,"href":"https:\/\/lasentinelle.dz\/index.php\/wp-json\/wp\/v2\/tags?post=77730"}],"curies":[{"name":"wp","href":"https:\/\/api.w.org\/{rel}","templated":true}]}}